{"id":225331,"date":"2026-09-03T23:39:29","date_gmt":"2026-09-04T03:39:29","guid":{"rendered":"https:\/\/potenciaradiofonicadominicana.com\/portal\/?p=225331"},"modified":"2026-09-03T23:39:29","modified_gmt":"2026-09-04T03:39:29","slug":"victor-atallah-juramenta-43-comites-para-prevenir-infecciones-asociadas-a-la-atencion-de-salud-en-rd","status":"publish","type":"post","link":"https:\/\/potenciaradiofonicadominicana.com\/portal\/victor-atallah-juramenta-43-comites-para-prevenir-infecciones-asociadas-a-la-atencion-de-salud-en-rd\/","title":{"rendered":"V\u00edctor Atallah juramenta 43 comit\u00e9s para prevenir infecciones asociadas a la atenci\u00f3n de salud en RD"},"content":{"rendered":"<p><a href=\"https:\/\/potenciaradiofonicadominicana.com\/portal\/wp-content\/uploads\/2026\/09\/Victor-Atallah-juramenta-43-comites-para-prevenir-infecciones-asociadas-a-la-atencion-de-salud-2-1-800x453-1.jpeg\"><img loading=\"lazy\" decoding=\"async\" class=\"alignnone size-full wp-image-225332\" src=\"https:\/\/potenciaradiofonicadominicana.com\/portal\/wp-content\/uploads\/2026\/09\/Victor-Atallah-juramenta-43-comites-para-prevenir-infecciones-asociadas-a-la-atencion-de-salud-2-1-800x453-1.jpeg\" alt=\"\" width=\"800\" height=\"453\" srcset=\"https:\/\/potenciaradiofonicadominicana.com\/portal\/wp-content\/uploads\/2026\/09\/Victor-Atallah-juramenta-43-comites-para-prevenir-infecciones-asociadas-a-la-atencion-de-salud-2-1-800x453-1.jpeg 800w, https:\/\/potenciaradiofonicadominicana.com\/portal\/wp-content\/uploads\/2026\/09\/Victor-Atallah-juramenta-43-comites-para-prevenir-infecciones-asociadas-a-la-atencion-de-salud-2-1-800x453-1-300x170.jpeg 300w, https:\/\/potenciaradiofonicadominicana.com\/portal\/wp-content\/uploads\/2026\/09\/Victor-Atallah-juramenta-43-comites-para-prevenir-infecciones-asociadas-a-la-atencion-de-salud-2-1-800x453-1-768x435.jpeg 768w\" sizes=\"auto, (max-width: 800px) 100vw, 800px\" \/><\/a><\/p>\n<p class=\"wp-block-paragraph\">El\u00a0<strong>Ministerio de Salud P\u00fablica (MSP)<\/strong>\u00a0jurament\u00f3 a los integrantes de\u00a0<strong>43 Comit\u00e9s para la Prevenci\u00f3n y Control de las<a href=\"https:\/\/eldia.com.do\/exceso-de-cesareas-y-deficiente-control-prenatal-elevan-infecciones-neonatales-advierte-exministra-de-salud\/\">\u00a0Infecciones<\/a>\u00a0Asociadas a la Atenci\u00f3n de Salud (IAAS)<\/strong>, con el objetivo de reforzar la seguridad de los pacientes y mejorar la calidad de los servicios m\u00e9dicos en hospitales y centros de salud p\u00fablicos y privados de Rep\u00fablica Dominicana.<\/p>\n<p class=\"wp-block-paragraph\">La iniciativa fue desarrollada a trav\u00e9s del Viceministerio de Garant\u00eda de la Calidad, con el acompa\u00f1amiento del<strong>\u00a0Servicio Nacional de Salud (SNS)<\/strong>, e involucra a establecimientos del Distrito Nacional y distintas provincias del pa\u00eds.<\/p>\n<p class=\"wp-block-paragraph\">Durante el acto, los integrantes de los comit\u00e9s recibieron sus certificados de acreditaci\u00f3n tras cumplir con los requisitos t\u00e9cnicos y est\u00e1ndares establecidos para su conformaci\u00f3n.<\/p>\n<div class=\"puede-leer-module\">\n<div class=\"puede-leer-content\">\n<h3 class=\"puede-leer-title\">Salud P\u00fablica interviene 8 hospitales tras muertes neonatales y detecci\u00f3n de bacterias en maternidad<\/h3>\n<\/div>\n<\/div>\n<p class=\"wp-block-paragraph\">Asimismo, asumieron el compromiso de fortalecer el cumplimiento de las disposiciones nacionales para la\u00a0<strong>prevenci\u00f3n y control de las infecciones asociadas a la atenci\u00f3n sanitaria<\/strong>.<\/p>\n<p class=\"wp-block-paragraph\">El ministro de Salud P\u00fablica,\u00a0<strong>V\u00edctor Atallah<\/strong>, afirm\u00f3 que el fortalecimiento de estos comit\u00e9s representa un compromiso con la\u00a0<strong>seguridad del paciente y la mejora continua de la atenci\u00f3n m\u00e9dica<\/strong>.<\/p>\n<p class=\"wp-block-paragraph\">Seg\u00fan explic\u00f3, la aplicaci\u00f3n rigurosa de los protocolos y la vigilancia permanente permitir\u00e1n contribuir a reducir la mortalidad y morbilidad relacionadas con infecciones adquiridas durante la atenci\u00f3n sanitaria.<\/p>\n<p class=\"wp-block-paragraph\">\u201cHoy no solo juramentamos comit\u00e9s; fortalecemos una cultura institucional basada en la prevenci\u00f3n, la vigilancia, la responsabilidad compartida y la mejora continua. Cada comit\u00e9 se constituye en una estructura de liderazgo con la misi\u00f3n de proteger vidas, prevenir riesgos y promover entornos asistenciales seguros\u201d, afirm\u00f3 Atallah.<\/p>\n<h2 class=\"wp-block-heading\">SNS dar\u00e1 seguimiento a los comit\u00e9s de control de infecciones<\/h2>\n<p class=\"wp-block-paragraph\">El director ejecutivo del Servicio Nacional de Salud, doctor Julio Landr\u00f3n, reafirm\u00f3 el compromiso de la instituci\u00f3n con el fortalecimiento de la red hospitalaria mediante la aplicaci\u00f3n de las gu\u00edas nacionales e internacionales para el\u00a0<strong>control de infecciones<\/strong>.<\/p>\n<p class=\"wp-block-paragraph\">Landr\u00f3n explic\u00f3 que los comit\u00e9s recibir\u00e1n seguimiento continuo para verificar el cumplimiento de los protocolos y promover una cultura permanente de seguridad del paciente.<\/p>\n<p class=\"wp-block-paragraph\">Tambi\u00e9n destac\u00f3 que la prevenci\u00f3n de las infecciones asociadas a la atenci\u00f3n de salud constituye una responsabilidad compartida entre el personal sanitario, los pacientes y sus familiares.<\/p>\n<p class=\"wp-block-paragraph\">Por su parte, el viceministro de Salud Colectiva, doctor Jos\u00e9 Antonio Matos, resalt\u00f3 la importancia de que las instituciones trabajen de manera articulada como un solo sistema de salud y reconoci\u00f3 el compromiso de los profesionales que integran los nuevos comit\u00e9s.<\/p>\n<p class=\"wp-block-paragraph\">Durante la actividad, la coordinadora nacional del Programa Nacional para el Control de las IAAS, doctora Lucina Llaugel, present\u00f3 los resultados de la evaluaci\u00f3n del impacto de estos comit\u00e9s en los centros de salud.<\/p>\n<p class=\"wp-block-paragraph\">Llaugel destac\u00f3 los avances alcanzados en la conformaci\u00f3n de equipos multidisciplinarios y en la capacitaci\u00f3n del personal sanitario para fortalecer las medidas de prevenci\u00f3n y control de infecciones.<\/p>\n<h3 class=\"wp-block-heading\">\u00bfQu\u00e9 hospitales y centros de salud integran la iniciativa?<\/h3>\n<p class=\"wp-block-paragraph\">Entre los establecimientos cuyos comit\u00e9s fueron juramentados figuran el\u00a0<strong>Centro M\u00e9dico Luper\u00f3n, Centro de Especialidades M\u00e9dicas del Pac\u00edfico, Unidad de Quemados Pearl F. Ort, Cl\u00ednica Dr. Ure\u00f1a Arias, Cl\u00ednica Cruz Jimini\u00e1n, Centro M\u00e9dico Alc\u00e1ntara y Gonz\u00e1lez y CECANOT<\/strong>.<\/p>\n<p class=\"wp-block-paragraph\">Tambi\u00e9n fueron incluidos hospitales y centros m\u00e9dicos de distintas provincias, entre ellos los hospitales\u00a0<strong>Engombe, Jacinto Ignacio Ma\u00f1\u00f3n, Gregorio Luper\u00f3n, Taiw\u00e1n 19 de Marzo, Provincial San Jos\u00e9 y General y Especialidades Dr. Mario Tolentino Dipp<\/strong>.<\/p>\n<p class=\"wp-block-paragraph\">La iniciativa alcanza adem\u00e1s a centros p\u00fablicos y privados de\u00a0<strong>Monte Plata, Saman\u00e1, Valverde, La Vega, Santiago, Nagua, Ban\u00ed y Espaillat<\/strong>, entre otras demarcaciones.<\/p>\n<p class=\"wp-block-paragraph\">En la actividad tambi\u00e9n participaron el director del Programa Nacional de Control de las Infecciones del Ministerio de Salud, doctor Francisco Torres; la directora de Planificaci\u00f3n, Rosanna Arias, y otras autoridades del sector.<\/p>\n","protected":false},"excerpt":{"rendered":"<p>El\u00a0Ministerio de Salud P\u00fablica (MSP)\u00a0jurament\u00f3 a los integrantes de\u00a043 Comit\u00e9s para la Prevenci\u00f3n y Control de las\u00a0Infecciones\u00a0Asociadas a la Atenci\u00f3n &#8230;<\/p>\n","protected":false},"author":2,"featured_media":225332,"comment_status":"closed","ping_status":"closed","sticky":false,"template":"","format":"standard","meta":{"footnotes":""},"categories":[25],"tags":[],"class_list":["post-225331","post","type-post","status-publish","format-standard","has-post-thumbnail","hentry","category-noticias"],"yoast_head":"<!-- This site is optimized with the Yoast SEO plugin v24.8.1 - https:\/\/yoast.com\/wordpress\/plugins\/seo\/ -->\n<title>V\u00edctor Atallah juramenta 43 comit\u00e9s para prevenir infecciones asociadas a la atenci\u00f3n de salud en RD - PotenciaRadiofonicaDominicana.com<\/title>\n<meta name=\"robots\" content=\"index, follow, max-snippet:-1, max-image-preview:large, max-video-preview:-1\" \/>\n<link rel=\"canonical\" href=\"https:\/\/potenciaradiofonicadominicana.com\/portal\/victor-atallah-juramenta-43-comites-para-prevenir-infecciones-asociadas-a-la-atencion-de-salud-en-rd\/\" \/>\n<meta property=\"og:locale\" content=\"es_ES\" \/>\n<meta property=\"og:type\" content=\"article\" \/>\n<meta property=\"og:title\" content=\"V\u00edctor Atallah juramenta 43 comit\u00e9s para prevenir infecciones asociadas a la atenci\u00f3n de salud en RD - PotenciaRadiofonicaDominicana.com\" \/>\n<meta property=\"og:description\" content=\"El\u00a0Ministerio de Salud P\u00fablica (MSP)\u00a0jurament\u00f3 a los integrantes de\u00a043 Comit\u00e9s para la Prevenci\u00f3n y Control de las\u00a0Infecciones\u00a0Asociadas a la Atenci\u00f3n ...\" \/>\n<meta property=\"og:url\" content=\"https:\/\/potenciaradiofonicadominicana.com\/portal\/victor-atallah-juramenta-43-comites-para-prevenir-infecciones-asociadas-a-la-atencion-de-salud-en-rd\/\" \/>\n<meta property=\"og:site_name\" content=\"PotenciaRadiofonicaDominicana.com\" \/>\n<meta property=\"article:publisher\" content=\"https:\/\/web.facebook.com\/PotenciaRadiofonicaD\" \/>\n<meta property=\"article:published_time\" content=\"2026-09-04T03:39:29+00:00\" \/>\n<meta property=\"og:image\" content=\"https:\/\/potenciaradiofonicadominicana.com\/portal\/wp-content\/uploads\/2026\/09\/Victor-Atallah-juramenta-43-comites-para-prevenir-infecciones-asociadas-a-la-atencion-de-salud-2-1-800x453-1.jpeg\" \/>\n\t<meta property=\"og:image:width\" content=\"800\" \/>\n\t<meta property=\"og:image:height\" content=\"453\" \/>\n\t<meta property=\"og:image:type\" content=\"image\/jpeg\" \/>\n<meta name=\"author\" content=\"Potencia Radiof\u00f3nica Dominicana\" \/>\n<meta name=\"twitter:card\" content=\"summary_large_image\" \/>\n<meta name=\"twitter:label1\" content=\"Escrito por\" \/>\n\t<meta name=\"twitter:data1\" content=\"Potencia Radiof\u00f3nica Dominicana\" \/>\n\t<meta name=\"twitter:label2\" content=\"Tiempo de lectura\" \/>\n\t<meta name=\"twitter:data2\" content=\"4 minutos\" \/>\n<script type=\"application\/ld+json\" class=\"yoast-schema-graph\">{\"@context\":\"https:\/\/schema.org\",\"@graph\":[{\"@type\":\"Article\",\"@id\":\"https:\/\/potenciaradiofonicadominicana.com\/portal\/victor-atallah-juramenta-43-comites-para-prevenir-infecciones-asociadas-a-la-atencion-de-salud-en-rd\/#article\",\"isPartOf\":{\"@id\":\"https:\/\/potenciaradiofonicadominicana.com\/portal\/victor-atallah-juramenta-43-comites-para-prevenir-infecciones-asociadas-a-la-atencion-de-salud-en-rd\/\"},\"author\":{\"name\":\"Potencia Radiof\u00f3nica Dominicana\",\"@id\":\"https:\/\/potenciaradiofonicadominicana.com\/portal\/#\/schema\/person\/a5cf1fea13877803ee0573ac18b03490\"},\"headline\":\"V\u00edctor Atallah juramenta 43 comit\u00e9s para prevenir infecciones asociadas a la atenci\u00f3n de salud en RD\",\"datePublished\":\"2026-09-04T03:39:29+00:00\",\"mainEntityOfPage\":{\"@id\":\"https:\/\/potenciaradiofonicadominicana.com\/portal\/victor-atallah-juramenta-43-comites-para-prevenir-infecciones-asociadas-a-la-atencion-de-salud-en-rd\/\"},\"wordCount\":686,\"publisher\":{\"@id\":\"https:\/\/potenciaradiofonicadominicana.com\/portal\/#organization\"},\"image\":{\"@id\":\"https:\/\/potenciaradiofonicadominicana.com\/portal\/victor-atallah-juramenta-43-comites-para-prevenir-infecciones-asociadas-a-la-atencion-de-salud-en-rd\/#primaryimage\"},\"thumbnailUrl\":\"https:\/\/potenciaradiofonicadominicana.com\/portal\/wp-content\/uploads\/2026\/09\/Victor-Atallah-juramenta-43-comites-para-prevenir-infecciones-asociadas-a-la-atencion-de-salud-2-1-800x453-1.jpeg\",\"articleSection\":[\"Noticias\"],\"inLanguage\":\"es\"},{\"@type\":\"WebPage\",\"@id\":\"https:\/\/potenciaradiofonicadominicana.com\/portal\/victor-atallah-juramenta-43-comites-para-prevenir-infecciones-asociadas-a-la-atencion-de-salud-en-rd\/\",\"url\":\"https:\/\/potenciaradiofonicadominicana.com\/portal\/victor-atallah-juramenta-43-comites-para-prevenir-infecciones-asociadas-a-la-atencion-de-salud-en-rd\/\",\"name\":\"V\u00edctor Atallah juramenta 43 comit\u00e9s para prevenir infecciones asociadas a la atenci\u00f3n de salud en RD - PotenciaRadiofonicaDominicana.com\",\"isPartOf\":{\"@id\":\"https:\/\/potenciaradiofonicadominicana.com\/portal\/#website\"},\"primaryImageOfPage\":{\"@id\":\"https:\/\/potenciaradiofonicadominicana.com\/portal\/victor-atallah-juramenta-43-comites-para-prevenir-infecciones-asociadas-a-la-atencion-de-salud-en-rd\/#primaryimage\"},\"image\":{\"@id\":\"https:\/\/potenciaradiofonicadominicana.com\/portal\/victor-atallah-juramenta-43-comites-para-prevenir-infecciones-asociadas-a-la-atencion-de-salud-en-rd\/#primaryimage\"},\"thumbnailUrl\":\"https:\/\/potenciaradiofonicadominicana.com\/portal\/wp-content\/uploads\/2026\/09\/Victor-Atallah-juramenta-43-comites-para-prevenir-infecciones-asociadas-a-la-atencion-de-salud-2-1-800x453-1.jpeg\",\"datePublished\":\"2026-09-04T03:39:29+00:00\",\"breadcrumb\":{\"@id\":\"https:\/\/potenciaradiofonicadominicana.com\/portal\/victor-atallah-juramenta-43-comites-para-prevenir-infecciones-asociadas-a-la-atencion-de-salud-en-rd\/#breadcrumb\"},\"inLanguage\":\"es\",\"potentialAction\":[{\"@type\":\"ReadAction\",\"target\":[\"https:\/\/potenciaradiofonicadominicana.com\/portal\/victor-atallah-juramenta-43-comites-para-prevenir-infecciones-asociadas-a-la-atencion-de-salud-en-rd\/\"]}]},{\"@type\":\"ImageObject\",\"inLanguage\":\"es\",\"@id\":\"https:\/\/potenciaradiofonicadominicana.com\/portal\/victor-atallah-juramenta-43-comites-para-prevenir-infecciones-asociadas-a-la-atencion-de-salud-en-rd\/#primaryimage\",\"url\":\"https:\/\/potenciaradiofonicadominicana.com\/portal\/wp-content\/uploads\/2026\/09\/Victor-Atallah-juramenta-43-comites-para-prevenir-infecciones-asociadas-a-la-atencion-de-salud-2-1-800x453-1.jpeg\",\"contentUrl\":\"https:\/\/potenciaradiofonicadominicana.com\/portal\/wp-content\/uploads\/2026\/09\/Victor-Atallah-juramenta-43-comites-para-prevenir-infecciones-asociadas-a-la-atencion-de-salud-2-1-800x453-1.jpeg\",\"width\":800,\"height\":453},{\"@type\":\"BreadcrumbList\",\"@id\":\"https:\/\/potenciaradiofonicadominicana.com\/portal\/victor-atallah-juramenta-43-comites-para-prevenir-infecciones-asociadas-a-la-atencion-de-salud-en-rd\/#breadcrumb\",\"itemListElement\":[{\"@type\":\"ListItem\",\"position\":1,\"name\":\"Portada\",\"item\":\"https:\/\/potenciaradiofonicadominicana.com\/portal\/\"},{\"@type\":\"ListItem\",\"position\":2,\"name\":\"V\u00edctor Atallah juramenta 43 comit\u00e9s para prevenir infecciones asociadas a la atenci\u00f3n de salud en RD\"}]},{\"@type\":\"WebSite\",\"@id\":\"https:\/\/potenciaradiofonicadominicana.com\/portal\/#website\",\"url\":\"https:\/\/potenciaradiofonicadominicana.com\/portal\/\",\"name\":\"PotenciaRadiofonicaDominicana.com\",\"description\":\"Peri\u00f3dico Digital\",\"publisher\":{\"@id\":\"https:\/\/potenciaradiofonicadominicana.com\/portal\/#organization\"},\"potentialAction\":[{\"@type\":\"SearchAction\",\"target\":{\"@type\":\"EntryPoint\",\"urlTemplate\":\"https:\/\/potenciaradiofonicadominicana.com\/portal\/?s={search_term_string}\"},\"query-input\":{\"@type\":\"PropertyValueSpecification\",\"valueRequired\":true,\"valueName\":\"search_term_string\"}}],\"inLanguage\":\"es\"},{\"@type\":\"Organization\",\"@id\":\"https:\/\/potenciaradiofonicadominicana.com\/portal\/#organization\",\"name\":\"PotenciaRadiofonicaDominicana.com\",\"url\":\"https:\/\/potenciaradiofonicadominicana.com\/portal\/\",\"logo\":{\"@type\":\"ImageObject\",\"inLanguage\":\"es\",\"@id\":\"https:\/\/potenciaradiofonicadominicana.com\/portal\/#\/schema\/logo\/image\/\",\"url\":\"https:\/\/potenciaradiofonicadominicana.com\/portal\/wp-content\/uploads\/2022\/01\/descarga.png\",\"contentUrl\":\"https:\/\/potenciaradiofonicadominicana.com\/portal\/wp-content\/uploads\/2022\/01\/descarga.png\",\"width\":300,\"height\":100,\"caption\":\"PotenciaRadiofonicaDominicana.com\"},\"image\":{\"@id\":\"https:\/\/potenciaradiofonicadominicana.com\/portal\/#\/schema\/logo\/image\/\"},\"sameAs\":[\"https:\/\/web.facebook.com\/PotenciaRadiofonicaD\"]},{\"@type\":\"Person\",\"@id\":\"https:\/\/potenciaradiofonicadominicana.com\/portal\/#\/schema\/person\/a5cf1fea13877803ee0573ac18b03490\",\"name\":\"Potencia Radiof\u00f3nica Dominicana\",\"image\":{\"@type\":\"ImageObject\",\"inLanguage\":\"es\",\"@id\":\"https:\/\/potenciaradiofonicadominicana.com\/portal\/#\/schema\/person\/image\/\",\"url\":\"https:\/\/secure.gravatar.com\/avatar\/42a55ab9e8ccc656ba34cd791990602a?s=96&d=mm&r=g\",\"contentUrl\":\"https:\/\/secure.gravatar.com\/avatar\/42a55ab9e8ccc656ba34cd791990602a?s=96&d=mm&r=g\",\"caption\":\"Potencia Radiof\u00f3nica Dominicana\"},\"url\":\"https:\/\/potenciaradiofonicadominicana.com\/portal\/author\/johannyalmanzar\/\"}]}<\/script>\n<!-- \/ Yoast SEO plugin. -->","yoast_head_json":{"title":"V\u00edctor Atallah juramenta 43 comit\u00e9s para prevenir infecciones asociadas a la atenci\u00f3n de salud en RD - PotenciaRadiofonicaDominicana.com","robots":{"index":"index","follow":"follow","max-snippet":"max-snippet:-1","max-image-preview":"max-image-preview:large","max-video-preview":"max-video-preview:-1"},"canonical":"https:\/\/potenciaradiofonicadominicana.com\/portal\/victor-atallah-juramenta-43-comites-para-prevenir-infecciones-asociadas-a-la-atencion-de-salud-en-rd\/","og_locale":"es_ES","og_type":"article","og_title":"V\u00edctor Atallah juramenta 43 comit\u00e9s para prevenir infecciones asociadas a la atenci\u00f3n de salud en RD - PotenciaRadiofonicaDominicana.com","og_description":"El\u00a0Ministerio de Salud P\u00fablica (MSP)\u00a0jurament\u00f3 a los integrantes de\u00a043 Comit\u00e9s para la Prevenci\u00f3n y Control de las\u00a0Infecciones\u00a0Asociadas a la Atenci\u00f3n ...","og_url":"https:\/\/potenciaradiofonicadominicana.com\/portal\/victor-atallah-juramenta-43-comites-para-prevenir-infecciones-asociadas-a-la-atencion-de-salud-en-rd\/","og_site_name":"PotenciaRadiofonicaDominicana.com","article_publisher":"https:\/\/web.facebook.com\/PotenciaRadiofonicaD","article_published_time":"2026-09-04T03:39:29+00:00","og_image":[{"width":800,"height":453,"url":"https:\/\/potenciaradiofonicadominicana.com\/portal\/wp-content\/uploads\/2026\/09\/Victor-Atallah-juramenta-43-comites-para-prevenir-infecciones-asociadas-a-la-atencion-de-salud-2-1-800x453-1.jpeg","type":"image\/jpeg"}],"author":"Potencia Radiof\u00f3nica Dominicana","twitter_card":"summary_large_image","twitter_misc":{"Escrito por":"Potencia Radiof\u00f3nica Dominicana","Tiempo de lectura":"4 minutos"},"schema":{"@context":"https:\/\/schema.org","@graph":[{"@type":"Article","@id":"https:\/\/potenciaradiofonicadominicana.com\/portal\/victor-atallah-juramenta-43-comites-para-prevenir-infecciones-asociadas-a-la-atencion-de-salud-en-rd\/#article","isPartOf":{"@id":"https:\/\/potenciaradiofonicadominicana.com\/portal\/victor-atallah-juramenta-43-comites-para-prevenir-infecciones-asociadas-a-la-atencion-de-salud-en-rd\/"},"author":{"name":"Potencia Radiof\u00f3nica Dominicana","@id":"https:\/\/potenciaradiofonicadominicana.com\/portal\/#\/schema\/person\/a5cf1fea13877803ee0573ac18b03490"},"headline":"V\u00edctor Atallah juramenta 43 comit\u00e9s para prevenir infecciones asociadas a la atenci\u00f3n de salud en RD","datePublished":"2026-09-04T03:39:29+00:00","mainEntityOfPage":{"@id":"https:\/\/potenciaradiofonicadominicana.com\/portal\/victor-atallah-juramenta-43-comites-para-prevenir-infecciones-asociadas-a-la-atencion-de-salud-en-rd\/"},"wordCount":686,"publisher":{"@id":"https:\/\/potenciaradiofonicadominicana.com\/portal\/#organization"},"image":{"@id":"https:\/\/potenciaradiofonicadominicana.com\/portal\/victor-atallah-juramenta-43-comites-para-prevenir-infecciones-asociadas-a-la-atencion-de-salud-en-rd\/#primaryimage"},"thumbnailUrl":"https:\/\/potenciaradiofonicadominicana.com\/portal\/wp-content\/uploads\/2026\/09\/Victor-Atallah-juramenta-43-comites-para-prevenir-infecciones-asociadas-a-la-atencion-de-salud-2-1-800x453-1.jpeg","articleSection":["Noticias"],"inLanguage":"es"},{"@type":"WebPage","@id":"https:\/\/potenciaradiofonicadominicana.com\/portal\/victor-atallah-juramenta-43-comites-para-prevenir-infecciones-asociadas-a-la-atencion-de-salud-en-rd\/","url":"https:\/\/potenciaradiofonicadominicana.com\/portal\/victor-atallah-juramenta-43-comites-para-prevenir-infecciones-asociadas-a-la-atencion-de-salud-en-rd\/","name":"V\u00edctor Atallah juramenta 43 comit\u00e9s para prevenir infecciones asociadas a la atenci\u00f3n de salud en RD - PotenciaRadiofonicaDominicana.com","isPartOf":{"@id":"https:\/\/potenciaradiofonicadominicana.com\/portal\/#website"},"primaryImageOfPage":{"@id":"https:\/\/potenciaradiofonicadominicana.com\/portal\/victor-atallah-juramenta-43-comites-para-prevenir-infecciones-asociadas-a-la-atencion-de-salud-en-rd\/#primaryimage"},"image":{"@id":"https:\/\/potenciaradiofonicadominicana.com\/portal\/victor-atallah-juramenta-43-comites-para-prevenir-infecciones-asociadas-a-la-atencion-de-salud-en-rd\/#primaryimage"},"thumbnailUrl":"https:\/\/potenciaradiofonicadominicana.com\/portal\/wp-content\/uploads\/2026\/09\/Victor-Atallah-juramenta-43-comites-para-prevenir-infecciones-asociadas-a-la-atencion-de-salud-2-1-800x453-1.jpeg","datePublished":"2026-09-04T03:39:29+00:00","breadcrumb":{"@id":"https:\/\/potenciaradiofonicadominicana.com\/portal\/victor-atallah-juramenta-43-comites-para-prevenir-infecciones-asociadas-a-la-atencion-de-salud-en-rd\/#breadcrumb"},"inLanguage":"es","potentialAction":[{"@type":"ReadAction","target":["https:\/\/potenciaradiofonicadominicana.com\/portal\/victor-atallah-juramenta-43-comites-para-prevenir-infecciones-asociadas-a-la-atencion-de-salud-en-rd\/"]}]},{"@type":"ImageObject","inLanguage":"es","@id":"https:\/\/potenciaradiofonicadominicana.com\/portal\/victor-atallah-juramenta-43-comites-para-prevenir-infecciones-asociadas-a-la-atencion-de-salud-en-rd\/#primaryimage","url":"https:\/\/potenciaradiofonicadominicana.com\/portal\/wp-content\/uploads\/2026\/09\/Victor-Atallah-juramenta-43-comites-para-prevenir-infecciones-asociadas-a-la-atencion-de-salud-2-1-800x453-1.jpeg","contentUrl":"https:\/\/potenciaradiofonicadominicana.com\/portal\/wp-content\/uploads\/2026\/09\/Victor-Atallah-juramenta-43-comites-para-prevenir-infecciones-asociadas-a-la-atencion-de-salud-2-1-800x453-1.jpeg","width":800,"height":453},{"@type":"BreadcrumbList","@id":"https:\/\/potenciaradiofonicadominicana.com\/portal\/victor-atallah-juramenta-43-comites-para-prevenir-infecciones-asociadas-a-la-atencion-de-salud-en-rd\/#breadcrumb","itemListElement":[{"@type":"ListItem","position":1,"name":"Portada","item":"https:\/\/potenciaradiofonicadominicana.com\/portal\/"},{"@type":"ListItem","position":2,"name":"V\u00edctor Atallah juramenta 43 comit\u00e9s para prevenir infecciones asociadas a la atenci\u00f3n de salud en RD"}]},{"@type":"WebSite","@id":"https:\/\/potenciaradiofonicadominicana.com\/portal\/#website","url":"https:\/\/potenciaradiofonicadominicana.com\/portal\/","name":"PotenciaRadiofonicaDominicana.com","description":"Peri\u00f3dico Digital","publisher":{"@id":"https:\/\/potenciaradiofonicadominicana.com\/portal\/#organization"},"potentialAction":[{"@type":"SearchAction","target":{"@type":"EntryPoint","urlTemplate":"https:\/\/potenciaradiofonicadominicana.com\/portal\/?s={search_term_string}"},"query-input":{"@type":"PropertyValueSpecification","valueRequired":true,"valueName":"search_term_string"}}],"inLanguage":"es"},{"@type":"Organization","@id":"https:\/\/potenciaradiofonicadominicana.com\/portal\/#organization","name":"PotenciaRadiofonicaDominicana.com","url":"https:\/\/potenciaradiofonicadominicana.com\/portal\/","logo":{"@type":"ImageObject","inLanguage":"es","@id":"https:\/\/potenciaradiofonicadominicana.com\/portal\/#\/schema\/logo\/image\/","url":"https:\/\/potenciaradiofonicadominicana.com\/portal\/wp-content\/uploads\/2022\/01\/descarga.png","contentUrl":"https:\/\/potenciaradiofonicadominicana.com\/portal\/wp-content\/uploads\/2022\/01\/descarga.png","width":300,"height":100,"caption":"PotenciaRadiofonicaDominicana.com"},"image":{"@id":"https:\/\/potenciaradiofonicadominicana.com\/portal\/#\/schema\/logo\/image\/"},"sameAs":["https:\/\/web.facebook.com\/PotenciaRadiofonicaD"]},{"@type":"Person","@id":"https:\/\/potenciaradiofonicadominicana.com\/portal\/#\/schema\/person\/a5cf1fea13877803ee0573ac18b03490","name":"Potencia Radiof\u00f3nica Dominicana","image":{"@type":"ImageObject","inLanguage":"es","@id":"https:\/\/potenciaradiofonicadominicana.com\/portal\/#\/schema\/person\/image\/","url":"https:\/\/secure.gravatar.com\/avatar\/42a55ab9e8ccc656ba34cd791990602a?s=96&d=mm&r=g","contentUrl":"https:\/\/secure.gravatar.com\/avatar\/42a55ab9e8ccc656ba34cd791990602a?s=96&d=mm&r=g","caption":"Potencia Radiof\u00f3nica Dominicana"},"url":"https:\/\/potenciaradiofonicadominicana.com\/portal\/author\/johannyalmanzar\/"}]}},"_links":{"self":[{"href":"https:\/\/potenciaradiofonicadominicana.com\/portal\/wp-json\/wp\/v2\/posts\/225331","targetHints":{"allow":["GET"]}}],"collection":[{"href":"https:\/\/potenciaradiofonicadominicana.com\/portal\/wp-json\/wp\/v2\/posts"}],"about":[{"href":"https:\/\/potenciaradiofonicadominicana.com\/portal\/wp-json\/wp\/v2\/types\/post"}],"author":[{"embeddable":true,"href":"https:\/\/potenciaradiofonicadominicana.com\/portal\/wp-json\/wp\/v2\/users\/2"}],"replies":[{"embeddable":true,"href":"https:\/\/potenciaradiofonicadominicana.com\/portal\/wp-json\/wp\/v2\/comments?post=225331"}],"version-history":[{"count":1,"href":"https:\/\/potenciaradiofonicadominicana.com\/portal\/wp-json\/wp\/v2\/posts\/225331\/revisions"}],"predecessor-version":[{"id":225333,"href":"https:\/\/potenciaradiofonicadominicana.com\/portal\/wp-json\/wp\/v2\/posts\/225331\/revisions\/225333"}],"wp:featuredmedia":[{"embeddable":true,"href":"https:\/\/potenciaradiofonicadominicana.com\/portal\/wp-json\/wp\/v2\/media\/225332"}],"wp:attachment":[{"href":"https:\/\/potenciaradiofonicadominicana.com\/portal\/wp-json\/wp\/v2\/media?parent=225331"}],"wp:term":[{"taxonomy":"category","embeddable":true,"href":"https:\/\/potenciaradiofonicadominicana.com\/portal\/wp-json\/wp\/v2\/categories?post=225331"},{"taxonomy":"post_tag","embeddable":true,"href":"https:\/\/potenciaradiofonicadominicana.com\/portal\/wp-json\/wp\/v2\/tags?post=225331"}],"curies":[{"name":"wp","href":"https:\/\/api.w.org\/{rel}","templated":true}]}}