{"id":225319,"date":"2026-09-03T23:34:03","date_gmt":"2026-09-04T03:34:03","guid":{"rendered":"https:\/\/potenciaradiofonicadominicana.com\/portal\/?p=225319"},"modified":"2026-09-03T23:34:03","modified_gmt":"2026-09-04T03:34:03","slug":"uasd-y-jad-fortalecen-cooperacion-para-impulsar-el-capital-humano-del-sector-agropecuario","status":"publish","type":"post","link":"https:\/\/potenciaradiofonicadominicana.com\/portal\/uasd-y-jad-fortalecen-cooperacion-para-impulsar-el-capital-humano-del-sector-agropecuario\/","title":{"rendered":"UASD y JAD fortalecen cooperaci\u00f3n para impulsar el capital humano del sector agropecuario"},"content":{"rendered":"<p><a href=\"https:\/\/potenciaradiofonicadominicana.com\/portal\/wp-content\/uploads\/2026\/09\/WhatsApp-Image-2026-09-03-at-8.10.48-PM-1.webp\"><img loading=\"lazy\" decoding=\"async\" class=\"alignnone size-full wp-image-225320\" src=\"https:\/\/potenciaradiofonicadominicana.com\/portal\/wp-content\/uploads\/2026\/09\/WhatsApp-Image-2026-09-03-at-8.10.48-PM-1.webp\" alt=\"\" width=\"1600\" height=\"1200\" srcset=\"https:\/\/potenciaradiofonicadominicana.com\/portal\/wp-content\/uploads\/2026\/09\/WhatsApp-Image-2026-09-03-at-8.10.48-PM-1.webp 1600w, https:\/\/potenciaradiofonicadominicana.com\/portal\/wp-content\/uploads\/2026\/09\/WhatsApp-Image-2026-09-03-at-8.10.48-PM-1-300x225.webp 300w, https:\/\/potenciaradiofonicadominicana.com\/portal\/wp-content\/uploads\/2026\/09\/WhatsApp-Image-2026-09-03-at-8.10.48-PM-1-1024x768.webp 1024w, https:\/\/potenciaradiofonicadominicana.com\/portal\/wp-content\/uploads\/2026\/09\/WhatsApp-Image-2026-09-03-at-8.10.48-PM-1-768x576.webp 768w, https:\/\/potenciaradiofonicadominicana.com\/portal\/wp-content\/uploads\/2026\/09\/WhatsApp-Image-2026-09-03-at-8.10.48-PM-1-1536x1152.webp 1536w\" sizes=\"auto, (max-width: 1600px) 100vw, 1600px\" \/><\/a><\/p>\n<p>El rector de la Universidad Aut\u00f3noma de Santo Domingo (UASD), Jorge Asjana David, destac\u00f3 la importancia de fortalecer la formaci\u00f3n, la investigaci\u00f3n y la innovaci\u00f3n para impulsar la transformaci\u00f3n competitiva y sostenible de la agropecuaria y la agroindustria dominicana.<\/p>\n<p>Asjana David hizo el planteamiento durante su participaci\u00f3n en el XXVIII Encuentro Nacional de L\u00edderes del Sector Agropecuario, organizado por la Junta Agroempresarial Dominicana (JAD), donde present\u00f3 la conferencia\u00a0<strong>\u201cLa visi\u00f3n del rector de la UASD sobre la formaci\u00f3n de capital humano para la transformaci\u00f3n competitiva de la agropecuaria y la agroindustria dominicana\u201d<\/strong>.<\/p>\n<p>Durante su intervenci\u00f3n, el rector resalt\u00f3 el compromiso de la UASD con la sociedad y con la formaci\u00f3n de profesionales capaces de responder a las necesidades y desaf\u00edos que enfrenta el sector agropecuario nacional.<\/p>\n<p>Asimismo, destac\u00f3 que la capacitaci\u00f3n, la investigaci\u00f3n y la innovaci\u00f3n constituyen herramientas fundamentales para elevar la productividad y fortalecer la competitividad de la agropecuaria y la agroindustria.<\/p>\n<p>Como parte de este prop\u00f3sito, la UASD y la JAD suscribieron un acuerdo de cooperaci\u00f3n dirigido a fortalecer la formaci\u00f3n acad\u00e9mica, la investigaci\u00f3n, la innovaci\u00f3n, la transferencia tecnol\u00f3gica y la capacitaci\u00f3n continua, con el objetivo de estrechar la relaci\u00f3n entre la academia y los sectores productivos.<\/p>\n<p>El acuerdo busca adem\u00e1s promover una mayor articulaci\u00f3n interinstitucional y contribuir a la preparaci\u00f3n del talento humano que requiere el desarrollo del sector agropecuario dominicano.<\/p>\n<p>En el encuentro participaron el ministro de la Presidencia, Jos\u00e9 Ignacio Paliza, y el ministro de Agricultura, Francisco Oliverio Espaillat.<\/p>\n<p>El rector estuvo acompa\u00f1ado por el vicerrector Administrativo de la UASD, Antonio Ciriaco Cruz, y el decano de la Facultad de Ciencias Agron\u00f3micas y Veterinarias, Luis Matos, adem\u00e1s de otras autoridades universitarias.<\/p>\n","protected":false},"excerpt":{"rendered":"<p>El rector de la Universidad Aut\u00f3noma de Santo Domingo (UASD), Jorge Asjana David, destac\u00f3 la importancia de fortalecer la formaci\u00f3n, &#8230;<\/p>\n","protected":false},"author":2,"featured_media":225320,"comment_status":"closed","ping_status":"closed","sticky":false,"template":"","format":"standard","meta":{"footnotes":""},"categories":[25],"tags":[],"class_list":["post-225319","post","type-post","status-publish","format-standard","has-post-thumbnail","hentry","category-noticias"],"yoast_head":"<!-- This site is optimized with the Yoast SEO plugin v24.8.1 - https:\/\/yoast.com\/wordpress\/plugins\/seo\/ -->\n<title>UASD y JAD fortalecen cooperaci\u00f3n para impulsar el capital humano del sector agropecuario - PotenciaRadiofonicaDominicana.com<\/title>\n<meta name=\"robots\" content=\"index, follow, max-snippet:-1, max-image-preview:large, max-video-preview:-1\" \/>\n<link rel=\"canonical\" href=\"https:\/\/potenciaradiofonicadominicana.com\/portal\/uasd-y-jad-fortalecen-cooperacion-para-impulsar-el-capital-humano-del-sector-agropecuario\/\" \/>\n<meta property=\"og:locale\" content=\"es_ES\" \/>\n<meta property=\"og:type\" content=\"article\" \/>\n<meta property=\"og:title\" content=\"UASD y JAD fortalecen cooperaci\u00f3n para impulsar el capital humano del sector agropecuario - PotenciaRadiofonicaDominicana.com\" \/>\n<meta property=\"og:description\" content=\"El rector de la Universidad Aut\u00f3noma de Santo Domingo (UASD), Jorge Asjana David, destac\u00f3 la importancia de fortalecer la formaci\u00f3n, ...\" \/>\n<meta property=\"og:url\" content=\"https:\/\/potenciaradiofonicadominicana.com\/portal\/uasd-y-jad-fortalecen-cooperacion-para-impulsar-el-capital-humano-del-sector-agropecuario\/\" \/>\n<meta property=\"og:site_name\" content=\"PotenciaRadiofonicaDominicana.com\" \/>\n<meta property=\"article:publisher\" content=\"https:\/\/web.facebook.com\/PotenciaRadiofonicaD\" \/>\n<meta property=\"article:published_time\" content=\"2026-09-04T03:34:03+00:00\" \/>\n<meta property=\"og:image\" content=\"https:\/\/potenciaradiofonicadominicana.com\/portal\/wp-content\/uploads\/2026\/09\/WhatsApp-Image-2026-09-03-at-8.10.48-PM-1.webp\" \/>\n\t<meta property=\"og:image:width\" content=\"1600\" \/>\n\t<meta property=\"og:image:height\" content=\"1200\" \/>\n\t<meta property=\"og:image:type\" content=\"image\/webp\" \/>\n<meta name=\"author\" content=\"Potencia Radiof\u00f3nica Dominicana\" \/>\n<meta name=\"twitter:card\" content=\"summary_large_image\" \/>\n<meta name=\"twitter:label1\" content=\"Escrito por\" \/>\n\t<meta name=\"twitter:data1\" content=\"Potencia Radiof\u00f3nica Dominicana\" \/>\n\t<meta name=\"twitter:label2\" content=\"Tiempo de lectura\" \/>\n\t<meta name=\"twitter:data2\" content=\"2 minutos\" \/>\n<script type=\"application\/ld+json\" class=\"yoast-schema-graph\">{\"@context\":\"https:\/\/schema.org\",\"@graph\":[{\"@type\":\"Article\",\"@id\":\"https:\/\/potenciaradiofonicadominicana.com\/portal\/uasd-y-jad-fortalecen-cooperacion-para-impulsar-el-capital-humano-del-sector-agropecuario\/#article\",\"isPartOf\":{\"@id\":\"https:\/\/potenciaradiofonicadominicana.com\/portal\/uasd-y-jad-fortalecen-cooperacion-para-impulsar-el-capital-humano-del-sector-agropecuario\/\"},\"author\":{\"name\":\"Potencia Radiof\u00f3nica Dominicana\",\"@id\":\"https:\/\/potenciaradiofonicadominicana.com\/portal\/#\/schema\/person\/a5cf1fea13877803ee0573ac18b03490\"},\"headline\":\"UASD y JAD fortalecen cooperaci\u00f3n para impulsar el capital humano del sector agropecuario\",\"datePublished\":\"2026-09-04T03:34:03+00:00\",\"mainEntityOfPage\":{\"@id\":\"https:\/\/potenciaradiofonicadominicana.com\/portal\/uasd-y-jad-fortalecen-cooperacion-para-impulsar-el-capital-humano-del-sector-agropecuario\/\"},\"wordCount\":321,\"publisher\":{\"@id\":\"https:\/\/potenciaradiofonicadominicana.com\/portal\/#organization\"},\"image\":{\"@id\":\"https:\/\/potenciaradiofonicadominicana.com\/portal\/uasd-y-jad-fortalecen-cooperacion-para-impulsar-el-capital-humano-del-sector-agropecuario\/#primaryimage\"},\"thumbnailUrl\":\"https:\/\/potenciaradiofonicadominicana.com\/portal\/wp-content\/uploads\/2026\/09\/WhatsApp-Image-2026-09-03-at-8.10.48-PM-1.webp\",\"articleSection\":[\"Noticias\"],\"inLanguage\":\"es\"},{\"@type\":\"WebPage\",\"@id\":\"https:\/\/potenciaradiofonicadominicana.com\/portal\/uasd-y-jad-fortalecen-cooperacion-para-impulsar-el-capital-humano-del-sector-agropecuario\/\",\"url\":\"https:\/\/potenciaradiofonicadominicana.com\/portal\/uasd-y-jad-fortalecen-cooperacion-para-impulsar-el-capital-humano-del-sector-agropecuario\/\",\"name\":\"UASD y JAD fortalecen cooperaci\u00f3n para impulsar el capital humano del sector agropecuario - PotenciaRadiofonicaDominicana.com\",\"isPartOf\":{\"@id\":\"https:\/\/potenciaradiofonicadominicana.com\/portal\/#website\"},\"primaryImageOfPage\":{\"@id\":\"https:\/\/potenciaradiofonicadominicana.com\/portal\/uasd-y-jad-fortalecen-cooperacion-para-impulsar-el-capital-humano-del-sector-agropecuario\/#primaryimage\"},\"image\":{\"@id\":\"https:\/\/potenciaradiofonicadominicana.com\/portal\/uasd-y-jad-fortalecen-cooperacion-para-impulsar-el-capital-humano-del-sector-agropecuario\/#primaryimage\"},\"thumbnailUrl\":\"https:\/\/potenciaradiofonicadominicana.com\/portal\/wp-content\/uploads\/2026\/09\/WhatsApp-Image-2026-09-03-at-8.10.48-PM-1.webp\",\"datePublished\":\"2026-09-04T03:34:03+00:00\",\"breadcrumb\":{\"@id\":\"https:\/\/potenciaradiofonicadominicana.com\/portal\/uasd-y-jad-fortalecen-cooperacion-para-impulsar-el-capital-humano-del-sector-agropecuario\/#breadcrumb\"},\"inLanguage\":\"es\",\"potentialAction\":[{\"@type\":\"ReadAction\",\"target\":[\"https:\/\/potenciaradiofonicadominicana.com\/portal\/uasd-y-jad-fortalecen-cooperacion-para-impulsar-el-capital-humano-del-sector-agropecuario\/\"]}]},{\"@type\":\"ImageObject\",\"inLanguage\":\"es\",\"@id\":\"https:\/\/potenciaradiofonicadominicana.com\/portal\/uasd-y-jad-fortalecen-cooperacion-para-impulsar-el-capital-humano-del-sector-agropecuario\/#primaryimage\",\"url\":\"https:\/\/potenciaradiofonicadominicana.com\/portal\/wp-content\/uploads\/2026\/09\/WhatsApp-Image-2026-09-03-at-8.10.48-PM-1.webp\",\"contentUrl\":\"https:\/\/potenciaradiofonicadominicana.com\/portal\/wp-content\/uploads\/2026\/09\/WhatsApp-Image-2026-09-03-at-8.10.48-PM-1.webp\",\"width\":1600,\"height\":1200},{\"@type\":\"BreadcrumbList\",\"@id\":\"https:\/\/potenciaradiofonicadominicana.com\/portal\/uasd-y-jad-fortalecen-cooperacion-para-impulsar-el-capital-humano-del-sector-agropecuario\/#breadcrumb\",\"itemListElement\":[{\"@type\":\"ListItem\",\"position\":1,\"name\":\"Portada\",\"item\":\"https:\/\/potenciaradiofonicadominicana.com\/portal\/\"},{\"@type\":\"ListItem\",\"position\":2,\"name\":\"UASD y JAD fortalecen cooperaci\u00f3n para impulsar el capital humano del sector agropecuario\"}]},{\"@type\":\"WebSite\",\"@id\":\"https:\/\/potenciaradiofonicadominicana.com\/portal\/#website\",\"url\":\"https:\/\/potenciaradiofonicadominicana.com\/portal\/\",\"name\":\"PotenciaRadiofonicaDominicana.com\",\"description\":\"Peri\u00f3dico Digital\",\"publisher\":{\"@id\":\"https:\/\/potenciaradiofonicadominicana.com\/portal\/#organization\"},\"potentialAction\":[{\"@type\":\"SearchAction\",\"target\":{\"@type\":\"EntryPoint\",\"urlTemplate\":\"https:\/\/potenciaradiofonicadominicana.com\/portal\/?s={search_term_string}\"},\"query-input\":{\"@type\":\"PropertyValueSpecification\",\"valueRequired\":true,\"valueName\":\"search_term_string\"}}],\"inLanguage\":\"es\"},{\"@type\":\"Organization\",\"@id\":\"https:\/\/potenciaradiofonicadominicana.com\/portal\/#organization\",\"name\":\"PotenciaRadiofonicaDominicana.com\",\"url\":\"https:\/\/potenciaradiofonicadominicana.com\/portal\/\",\"logo\":{\"@type\":\"ImageObject\",\"inLanguage\":\"es\",\"@id\":\"https:\/\/potenciaradiofonicadominicana.com\/portal\/#\/schema\/logo\/image\/\",\"url\":\"https:\/\/potenciaradiofonicadominicana.com\/portal\/wp-content\/uploads\/2022\/01\/descarga.png\",\"contentUrl\":\"https:\/\/potenciaradiofonicadominicana.com\/portal\/wp-content\/uploads\/2022\/01\/descarga.png\",\"width\":300,\"height\":100,\"caption\":\"PotenciaRadiofonicaDominicana.com\"},\"image\":{\"@id\":\"https:\/\/potenciaradiofonicadominicana.com\/portal\/#\/schema\/logo\/image\/\"},\"sameAs\":[\"https:\/\/web.facebook.com\/PotenciaRadiofonicaD\"]},{\"@type\":\"Person\",\"@id\":\"https:\/\/potenciaradiofonicadominicana.com\/portal\/#\/schema\/person\/a5cf1fea13877803ee0573ac18b03490\",\"name\":\"Potencia Radiof\u00f3nica Dominicana\",\"image\":{\"@type\":\"ImageObject\",\"inLanguage\":\"es\",\"@id\":\"https:\/\/potenciaradiofonicadominicana.com\/portal\/#\/schema\/person\/image\/\",\"url\":\"https:\/\/secure.gravatar.com\/avatar\/42a55ab9e8ccc656ba34cd791990602a?s=96&d=mm&r=g\",\"contentUrl\":\"https:\/\/secure.gravatar.com\/avatar\/42a55ab9e8ccc656ba34cd791990602a?s=96&d=mm&r=g\",\"caption\":\"Potencia Radiof\u00f3nica Dominicana\"},\"url\":\"https:\/\/potenciaradiofonicadominicana.com\/portal\/author\/johannyalmanzar\/\"}]}<\/script>\n<!-- \/ Yoast SEO plugin. -->","yoast_head_json":{"title":"UASD y JAD fortalecen cooperaci\u00f3n para impulsar el capital humano del sector agropecuario - PotenciaRadiofonicaDominicana.com","robots":{"index":"index","follow":"follow","max-snippet":"max-snippet:-1","max-image-preview":"max-image-preview:large","max-video-preview":"max-video-preview:-1"},"canonical":"https:\/\/potenciaradiofonicadominicana.com\/portal\/uasd-y-jad-fortalecen-cooperacion-para-impulsar-el-capital-humano-del-sector-agropecuario\/","og_locale":"es_ES","og_type":"article","og_title":"UASD y JAD fortalecen cooperaci\u00f3n para impulsar el capital humano del sector agropecuario - PotenciaRadiofonicaDominicana.com","og_description":"El rector de la Universidad Aut\u00f3noma de Santo Domingo (UASD), Jorge Asjana David, destac\u00f3 la importancia de fortalecer la formaci\u00f3n, ...","og_url":"https:\/\/potenciaradiofonicadominicana.com\/portal\/uasd-y-jad-fortalecen-cooperacion-para-impulsar-el-capital-humano-del-sector-agropecuario\/","og_site_name":"PotenciaRadiofonicaDominicana.com","article_publisher":"https:\/\/web.facebook.com\/PotenciaRadiofonicaD","article_published_time":"2026-09-04T03:34:03+00:00","og_image":[{"width":1600,"height":1200,"url":"https:\/\/potenciaradiofonicadominicana.com\/portal\/wp-content\/uploads\/2026\/09\/WhatsApp-Image-2026-09-03-at-8.10.48-PM-1.webp","type":"image\/webp"}],"author":"Potencia Radiof\u00f3nica Dominicana","twitter_card":"summary_large_image","twitter_misc":{"Escrito por":"Potencia Radiof\u00f3nica Dominicana","Tiempo de lectura":"2 minutos"},"schema":{"@context":"https:\/\/schema.org","@graph":[{"@type":"Article","@id":"https:\/\/potenciaradiofonicadominicana.com\/portal\/uasd-y-jad-fortalecen-cooperacion-para-impulsar-el-capital-humano-del-sector-agropecuario\/#article","isPartOf":{"@id":"https:\/\/potenciaradiofonicadominicana.com\/portal\/uasd-y-jad-fortalecen-cooperacion-para-impulsar-el-capital-humano-del-sector-agropecuario\/"},"author":{"name":"Potencia Radiof\u00f3nica Dominicana","@id":"https:\/\/potenciaradiofonicadominicana.com\/portal\/#\/schema\/person\/a5cf1fea13877803ee0573ac18b03490"},"headline":"UASD y JAD fortalecen cooperaci\u00f3n para impulsar el capital humano del sector agropecuario","datePublished":"2026-09-04T03:34:03+00:00","mainEntityOfPage":{"@id":"https:\/\/potenciaradiofonicadominicana.com\/portal\/uasd-y-jad-fortalecen-cooperacion-para-impulsar-el-capital-humano-del-sector-agropecuario\/"},"wordCount":321,"publisher":{"@id":"https:\/\/potenciaradiofonicadominicana.com\/portal\/#organization"},"image":{"@id":"https:\/\/potenciaradiofonicadominicana.com\/portal\/uasd-y-jad-fortalecen-cooperacion-para-impulsar-el-capital-humano-del-sector-agropecuario\/#primaryimage"},"thumbnailUrl":"https:\/\/potenciaradiofonicadominicana.com\/portal\/wp-content\/uploads\/2026\/09\/WhatsApp-Image-2026-09-03-at-8.10.48-PM-1.webp","articleSection":["Noticias"],"inLanguage":"es"},{"@type":"WebPage","@id":"https:\/\/potenciaradiofonicadominicana.com\/portal\/uasd-y-jad-fortalecen-cooperacion-para-impulsar-el-capital-humano-del-sector-agropecuario\/","url":"https:\/\/potenciaradiofonicadominicana.com\/portal\/uasd-y-jad-fortalecen-cooperacion-para-impulsar-el-capital-humano-del-sector-agropecuario\/","name":"UASD y JAD fortalecen cooperaci\u00f3n para impulsar el capital humano del sector agropecuario - PotenciaRadiofonicaDominicana.com","isPartOf":{"@id":"https:\/\/potenciaradiofonicadominicana.com\/portal\/#website"},"primaryImageOfPage":{"@id":"https:\/\/potenciaradiofonicadominicana.com\/portal\/uasd-y-jad-fortalecen-cooperacion-para-impulsar-el-capital-humano-del-sector-agropecuario\/#primaryimage"},"image":{"@id":"https:\/\/potenciaradiofonicadominicana.com\/portal\/uasd-y-jad-fortalecen-cooperacion-para-impulsar-el-capital-humano-del-sector-agropecuario\/#primaryimage"},"thumbnailUrl":"https:\/\/potenciaradiofonicadominicana.com\/portal\/wp-content\/uploads\/2026\/09\/WhatsApp-Image-2026-09-03-at-8.10.48-PM-1.webp","datePublished":"2026-09-04T03:34:03+00:00","breadcrumb":{"@id":"https:\/\/potenciaradiofonicadominicana.com\/portal\/uasd-y-jad-fortalecen-cooperacion-para-impulsar-el-capital-humano-del-sector-agropecuario\/#breadcrumb"},"inLanguage":"es","potentialAction":[{"@type":"ReadAction","target":["https:\/\/potenciaradiofonicadominicana.com\/portal\/uasd-y-jad-fortalecen-cooperacion-para-impulsar-el-capital-humano-del-sector-agropecuario\/"]}]},{"@type":"ImageObject","inLanguage":"es","@id":"https:\/\/potenciaradiofonicadominicana.com\/portal\/uasd-y-jad-fortalecen-cooperacion-para-impulsar-el-capital-humano-del-sector-agropecuario\/#primaryimage","url":"https:\/\/potenciaradiofonicadominicana.com\/portal\/wp-content\/uploads\/2026\/09\/WhatsApp-Image-2026-09-03-at-8.10.48-PM-1.webp","contentUrl":"https:\/\/potenciaradiofonicadominicana.com\/portal\/wp-content\/uploads\/2026\/09\/WhatsApp-Image-2026-09-03-at-8.10.48-PM-1.webp","width":1600,"height":1200},{"@type":"BreadcrumbList","@id":"https:\/\/potenciaradiofonicadominicana.com\/portal\/uasd-y-jad-fortalecen-cooperacion-para-impulsar-el-capital-humano-del-sector-agropecuario\/#breadcrumb","itemListElement":[{"@type":"ListItem","position":1,"name":"Portada","item":"https:\/\/potenciaradiofonicadominicana.com\/portal\/"},{"@type":"ListItem","position":2,"name":"UASD y JAD fortalecen cooperaci\u00f3n para impulsar el capital humano del sector agropecuario"}]},{"@type":"WebSite","@id":"https:\/\/potenciaradiofonicadominicana.com\/portal\/#website","url":"https:\/\/potenciaradiofonicadominicana.com\/portal\/","name":"PotenciaRadiofonicaDominicana.com","description":"Peri\u00f3dico Digital","publisher":{"@id":"https:\/\/potenciaradiofonicadominicana.com\/portal\/#organization"},"potentialAction":[{"@type":"SearchAction","target":{"@type":"EntryPoint","urlTemplate":"https:\/\/potenciaradiofonicadominicana.com\/portal\/?s={search_term_string}"},"query-input":{"@type":"PropertyValueSpecification","valueRequired":true,"valueName":"search_term_string"}}],"inLanguage":"es"},{"@type":"Organization","@id":"https:\/\/potenciaradiofonicadominicana.com\/portal\/#organization","name":"PotenciaRadiofonicaDominicana.com","url":"https:\/\/potenciaradiofonicadominicana.com\/portal\/","logo":{"@type":"ImageObject","inLanguage":"es","@id":"https:\/\/potenciaradiofonicadominicana.com\/portal\/#\/schema\/logo\/image\/","url":"https:\/\/potenciaradiofonicadominicana.com\/portal\/wp-content\/uploads\/2022\/01\/descarga.png","contentUrl":"https:\/\/potenciaradiofonicadominicana.com\/portal\/wp-content\/uploads\/2022\/01\/descarga.png","width":300,"height":100,"caption":"PotenciaRadiofonicaDominicana.com"},"image":{"@id":"https:\/\/potenciaradiofonicadominicana.com\/portal\/#\/schema\/logo\/image\/"},"sameAs":["https:\/\/web.facebook.com\/PotenciaRadiofonicaD"]},{"@type":"Person","@id":"https:\/\/potenciaradiofonicadominicana.com\/portal\/#\/schema\/person\/a5cf1fea13877803ee0573ac18b03490","name":"Potencia Radiof\u00f3nica Dominicana","image":{"@type":"ImageObject","inLanguage":"es","@id":"https:\/\/potenciaradiofonicadominicana.com\/portal\/#\/schema\/person\/image\/","url":"https:\/\/secure.gravatar.com\/avatar\/42a55ab9e8ccc656ba34cd791990602a?s=96&d=mm&r=g","contentUrl":"https:\/\/secure.gravatar.com\/avatar\/42a55ab9e8ccc656ba34cd791990602a?s=96&d=mm&r=g","caption":"Potencia Radiof\u00f3nica Dominicana"},"url":"https:\/\/potenciaradiofonicadominicana.com\/portal\/author\/johannyalmanzar\/"}]}},"_links":{"self":[{"href":"https:\/\/potenciaradiofonicadominicana.com\/portal\/wp-json\/wp\/v2\/posts\/225319","targetHints":{"allow":["GET"]}}],"collection":[{"href":"https:\/\/potenciaradiofonicadominicana.com\/portal\/wp-json\/wp\/v2\/posts"}],"about":[{"href":"https:\/\/potenciaradiofonicadominicana.com\/portal\/wp-json\/wp\/v2\/types\/post"}],"author":[{"embeddable":true,"href":"https:\/\/potenciaradiofonicadominicana.com\/portal\/wp-json\/wp\/v2\/users\/2"}],"replies":[{"embeddable":true,"href":"https:\/\/potenciaradiofonicadominicana.com\/portal\/wp-json\/wp\/v2\/comments?post=225319"}],"version-history":[{"count":1,"href":"https:\/\/potenciaradiofonicadominicana.com\/portal\/wp-json\/wp\/v2\/posts\/225319\/revisions"}],"predecessor-version":[{"id":225321,"href":"https:\/\/potenciaradiofonicadominicana.com\/portal\/wp-json\/wp\/v2\/posts\/225319\/revisions\/225321"}],"wp:featuredmedia":[{"embeddable":true,"href":"https:\/\/potenciaradiofonicadominicana.com\/portal\/wp-json\/wp\/v2\/media\/225320"}],"wp:attachment":[{"href":"https:\/\/potenciaradiofonicadominicana.com\/portal\/wp-json\/wp\/v2\/media?parent=225319"}],"wp:term":[{"taxonomy":"category","embeddable":true,"href":"https:\/\/potenciaradiofonicadominicana.com\/portal\/wp-json\/wp\/v2\/categories?post=225319"},{"taxonomy":"post_tag","embeddable":true,"href":"https:\/\/potenciaradiofonicadominicana.com\/portal\/wp-json\/wp\/v2\/tags?post=225319"}],"curies":[{"name":"wp","href":"https:\/\/api.w.org\/{rel}","templated":true}]}}