{"id":225304,"date":"2026-09-03T23:27:24","date_gmt":"2026-09-04T03:27:24","guid":{"rendered":"https:\/\/potenciaradiofonicadominicana.com\/portal\/?p=225304"},"modified":"2026-09-03T23:27:24","modified_gmt":"2026-09-04T03:27:24","slug":"oea-advierte-que-haiti-enfrenta-una-crisis-de-seguridad-aguda-y-pide-estados-miembros-acelerar-aportes","status":"publish","type":"post","link":"https:\/\/potenciaradiofonicadominicana.com\/portal\/oea-advierte-que-haiti-enfrenta-una-crisis-de-seguridad-aguda-y-pide-estados-miembros-acelerar-aportes\/","title":{"rendered":"OEA advierte que Hait\u00ed enfrenta una crisis de seguridad aguda y pide estados miembros acelerar aportes"},"content":{"rendered":"<p><a href=\"https:\/\/potenciaradiofonicadominicana.com\/portal\/wp-content\/uploads\/2026\/09\/HAITI.jpg\"><img loading=\"lazy\" decoding=\"async\" class=\"alignnone size-full wp-image-225305\" src=\"https:\/\/potenciaradiofonicadominicana.com\/portal\/wp-content\/uploads\/2026\/09\/HAITI.jpg\" alt=\"\" width=\"1280\" height=\"960\" srcset=\"https:\/\/potenciaradiofonicadominicana.com\/portal\/wp-content\/uploads\/2026\/09\/HAITI.jpg 1280w, https:\/\/potenciaradiofonicadominicana.com\/portal\/wp-content\/uploads\/2026\/09\/HAITI-300x225.jpg 300w, https:\/\/potenciaradiofonicadominicana.com\/portal\/wp-content\/uploads\/2026\/09\/HAITI-1024x768.jpg 1024w, https:\/\/potenciaradiofonicadominicana.com\/portal\/wp-content\/uploads\/2026\/09\/HAITI-768x576.jpg 768w\" sizes=\"auto, (max-width: 1280px) 100vw, 1280px\" \/><\/a><\/p>\n<p>El secretario general de la Organizaci\u00f3n de los Estados Americanos (OEA), Albert Ramdin, inform\u00f3 este jueves que Hait\u00ed sigue enfrentando una crisis de seguridad aguda e hizo un llamado a los estados miembros y a los socios internacionales que han comprometido personal, equipos y recursos financieros a que aceleren sus contribuciones.<\/p>\n<p>Durante una reuni\u00f3n ordinaria del Consejo Permanente de la OEA, donde rindi\u00f3 un informe sobre la visita oficial que realiz\u00f3 a Hait\u00ed del 16 al 19 de agosto de 2026, Ramdin manifest\u00f3 que al final de la misi\u00f3n hay una conclusi\u00f3n muy clara, y es que \u00abla seguridad y las elecciones son las dos prioridades m\u00e1s inmediatas\u00bb.<\/p>\n<p>Precis\u00f3 que estas dos prioridades est\u00e1n interconectadas, deben avanzar a un ritmo m\u00e1s acelerado y que el ambiente pol\u00edtico y la estabilidad del Gobierno son la base sobre la cual dependen ambos.<\/p>\n<p>Fuerza de Supresi\u00f3n de Pandillas inicia nueva fase de despliegue en Puerto Pr\u00edncipe<br \/>\nCancilleres de Rep\u00fablica Dominicana y Hait\u00ed se re\u00fanen en Dajab\u00f3n para tratar temas bilaterales<br \/>\nNacional<br \/>\nCancilleres de Rep\u00fablica Dominicana y Hait\u00ed se re\u00fanen en Dajab\u00f3n para tratar temas bilaterales<br \/>\nUna crisis que se agrava<br \/>\nManifest\u00f3 que la OEA mantiene un di\u00e1logo continuo con el primer ministro de Hait\u00ed, Alix Didier Fils-Aim\u00e9, revisando los avances y los desaf\u00edos que persisten. \u00abEl Gobierno de Hait\u00ed exige apoyo nacional e internacional para poder cumplir con el objetivo de restaurar un gobierno electo democr\u00e1ticamente, a trav\u00e9s de un proceso electoral con credibilidad, lo que exige que todos los actores act\u00faen en comunidad, apoyando a las autoridades y que saquen al pa\u00eds de la crisis\u00bb, extern\u00f3.<\/p>\n<p>Tras su visita, el secretario general de la OEA sostuvo que el pa\u00eds contin\u00faa enfrentando una crisis aguda de seguridad, bajo el control de las pandillas y bandas armadas de m\u00e1s del 80 % del territorio de Puerto Pr\u00edncipe y su expansi\u00f3n a otras partes, socavando la autoridad estatal y la seguridad p\u00fablica. As\u00ed como el aumento notable de secuestros y otros cr\u00edmenes violentos, de acuerdo con informaciones de la Polic\u00eda de Hait\u00ed.<\/p>\n<p>\u00abLa brutalidad del ataque en Kenskoff nos recuerda la gravedad de la crisis, las consecuencias humanitarias con millares de muertes debidas a las actividades estas bandas\u00bb, consider\u00f3.<\/p>\n<p>El secretario general de la Organizaci\u00f3n de los Estados Americanos (OEA), Albert Ramdin, durante su intervenci\u00f3n en la reuni\u00f3n ordinaria este jueves 9 de septiembre del 2026. (CAPTURA DE TRANSMISI\u00d3N DE LA OEA)<br \/>\nRecord\u00f3 que 1.5 millones de personas est\u00e1n desplazadas, 6.4 millones precisan de asistencia humanitaria y m\u00e1s de 5.8 millones enfrentar\u00e1n inseguridad alimentaria aguda en 2026.<\/p>\n<p>Objetivos inmediatos para reforzar la seguridad<br \/>\nAnte este panorama, asegur\u00f3 que una fuerza de presi\u00f3n contra las bandas es esencial para restablecer servicios p\u00fablicos, seguridad y crear las condiciones para que el proceso electoral pueda realizarse.<\/p>\n<p>Resumi\u00f3 los objetivos inmediatos en cuanto a seguridad en cuatro pilares: reducir el control territorial de estas bandas, asegurar la ruta al aeropuerto internacional, acceso sostenido al puerto y aeropuerto y restaurar el acceso con seguridad al sur y norte del pa\u00eds, \u00e1reas que han sido atacadas por las bandas armadas.<\/p>\n<p>\u00abNuestros di\u00e1logos nos convencen de que es necesario ofrecer apoyo log\u00edstico, financiero y capacidades operacionales para conseguir resultados con tropas y persona\u00bb, asegur\u00f3, al tiempo que pidi\u00f3 a los estados miembros y los socios internacionales que \u00abaceleren sus compromisos\u00bb.<\/p>\n<p>Acciones<br \/>\nAdelant\u00f3 que est\u00e1n evaluando cooperar con el Colegio Interamericano de Defensa (CID) y la junta en Hait\u00ed en \u00e1reas donde puedan complementar el trabajo de la Fuerza de Supresi\u00f3n de Pandillas (GSF, siglas en ingl\u00e9s) y ejecutar.<\/p>\n<p>Precis\u00f3 que un punto clave es la renovaci\u00f3n del mandato de la GSF, aspecto que va a ser discutido en el Consejo Ciudadano de la ONU en octubre.<\/p>\n<p>Indic\u00f3 que durante su visita a Hait\u00ed convers\u00f3 con el ministro de Justicia y Seguridad P\u00fablica, el ministro de Defensa y el director general de la Polic\u00eda Nacional y subray\u00f3 la necesidad de apoyar la reconstrucci\u00f3n de la arquitectura de seguridad de Hait\u00ed.<\/p>\n<p>Aclar\u00f3 que la GSF es para imperativos urgentes, enfrentar bandas, pandillas y la autoridad del Estado que ahora est\u00e1 en su control, por lo que es necesario trabajar para fortalecer a largo plazo las instituciones que asumir\u00e1n en \u00faltima instancia la responsabilidad por la seguridad interna.<\/p>\n<p>En este sentido, indic\u00f3 que la reconstrucci\u00f3n de Hait\u00ed debe colocar a la polic\u00eda en el centro de los esfuerzos, creando condiciones para que haya un servicio policial profesional y un sistema de justicia efectivo para que las instituciones puedan apoyar la ganancia de seguridad y asumir la responsabilidad una vez que la misi\u00f3n de la fuerza concluya.<\/p>\n","protected":false},"excerpt":{"rendered":"<p>El secretario general de la Organizaci\u00f3n de los Estados Americanos (OEA), Albert Ramdin, inform\u00f3 este jueves que Hait\u00ed sigue enfrentando &#8230;<\/p>\n","protected":false},"author":2,"featured_media":225305,"comment_status":"closed","ping_status":"closed","sticky":false,"template":"","format":"standard","meta":{"footnotes":""},"categories":[30],"tags":[],"class_list":["post-225304","post","type-post","status-publish","format-standard","has-post-thumbnail","hentry","category-internacional"],"yoast_head":"<!-- This site is optimized with the Yoast SEO plugin v24.8.1 - https:\/\/yoast.com\/wordpress\/plugins\/seo\/ -->\n<title>OEA advierte que Hait\u00ed enfrenta una crisis de seguridad aguda y pide estados miembros acelerar aportes - PotenciaRadiofonicaDominicana.com<\/title>\n<meta name=\"robots\" content=\"index, follow, max-snippet:-1, max-image-preview:large, max-video-preview:-1\" \/>\n<link rel=\"canonical\" href=\"https:\/\/potenciaradiofonicadominicana.com\/portal\/oea-advierte-que-haiti-enfrenta-una-crisis-de-seguridad-aguda-y-pide-estados-miembros-acelerar-aportes\/\" \/>\n<meta property=\"og:locale\" content=\"es_ES\" \/>\n<meta property=\"og:type\" content=\"article\" \/>\n<meta property=\"og:title\" content=\"OEA advierte que Hait\u00ed enfrenta una crisis de seguridad aguda y pide estados miembros acelerar aportes - PotenciaRadiofonicaDominicana.com\" \/>\n<meta property=\"og:description\" content=\"El secretario general de la Organizaci\u00f3n de los Estados Americanos (OEA), Albert Ramdin, inform\u00f3 este jueves que Hait\u00ed sigue enfrentando ...\" \/>\n<meta property=\"og:url\" content=\"https:\/\/potenciaradiofonicadominicana.com\/portal\/oea-advierte-que-haiti-enfrenta-una-crisis-de-seguridad-aguda-y-pide-estados-miembros-acelerar-aportes\/\" \/>\n<meta property=\"og:site_name\" content=\"PotenciaRadiofonicaDominicana.com\" \/>\n<meta property=\"article:publisher\" content=\"https:\/\/web.facebook.com\/PotenciaRadiofonicaD\" \/>\n<meta property=\"article:published_time\" content=\"2026-09-04T03:27:24+00:00\" \/>\n<meta property=\"og:image\" content=\"https:\/\/potenciaradiofonicadominicana.com\/portal\/wp-content\/uploads\/2026\/09\/HAITI.jpg\" \/>\n\t<meta property=\"og:image:width\" content=\"1280\" \/>\n\t<meta property=\"og:image:height\" content=\"960\" \/>\n\t<meta property=\"og:image:type\" content=\"image\/jpeg\" \/>\n<meta name=\"author\" content=\"Potencia Radiof\u00f3nica Dominicana\" \/>\n<meta name=\"twitter:card\" content=\"summary_large_image\" \/>\n<meta name=\"twitter:label1\" content=\"Escrito por\" \/>\n\t<meta name=\"twitter:data1\" content=\"Potencia Radiof\u00f3nica Dominicana\" \/>\n\t<meta name=\"twitter:label2\" content=\"Tiempo de lectura\" \/>\n\t<meta name=\"twitter:data2\" content=\"4 minutos\" \/>\n<script type=\"application\/ld+json\" class=\"yoast-schema-graph\">{\"@context\":\"https:\/\/schema.org\",\"@graph\":[{\"@type\":\"Article\",\"@id\":\"https:\/\/potenciaradiofonicadominicana.com\/portal\/oea-advierte-que-haiti-enfrenta-una-crisis-de-seguridad-aguda-y-pide-estados-miembros-acelerar-aportes\/#article\",\"isPartOf\":{\"@id\":\"https:\/\/potenciaradiofonicadominicana.com\/portal\/oea-advierte-que-haiti-enfrenta-una-crisis-de-seguridad-aguda-y-pide-estados-miembros-acelerar-aportes\/\"},\"author\":{\"name\":\"Potencia Radiof\u00f3nica Dominicana\",\"@id\":\"https:\/\/potenciaradiofonicadominicana.com\/portal\/#\/schema\/person\/a5cf1fea13877803ee0573ac18b03490\"},\"headline\":\"OEA advierte que Hait\u00ed enfrenta una crisis de seguridad aguda y pide estados miembros acelerar aportes\",\"datePublished\":\"2026-09-04T03:27:24+00:00\",\"mainEntityOfPage\":{\"@id\":\"https:\/\/potenciaradiofonicadominicana.com\/portal\/oea-advierte-que-haiti-enfrenta-una-crisis-de-seguridad-aguda-y-pide-estados-miembros-acelerar-aportes\/\"},\"wordCount\":819,\"publisher\":{\"@id\":\"https:\/\/potenciaradiofonicadominicana.com\/portal\/#organization\"},\"image\":{\"@id\":\"https:\/\/potenciaradiofonicadominicana.com\/portal\/oea-advierte-que-haiti-enfrenta-una-crisis-de-seguridad-aguda-y-pide-estados-miembros-acelerar-aportes\/#primaryimage\"},\"thumbnailUrl\":\"https:\/\/potenciaradiofonicadominicana.com\/portal\/wp-content\/uploads\/2026\/09\/HAITI.jpg\",\"articleSection\":[\"Internacional\"],\"inLanguage\":\"es\"},{\"@type\":\"WebPage\",\"@id\":\"https:\/\/potenciaradiofonicadominicana.com\/portal\/oea-advierte-que-haiti-enfrenta-una-crisis-de-seguridad-aguda-y-pide-estados-miembros-acelerar-aportes\/\",\"url\":\"https:\/\/potenciaradiofonicadominicana.com\/portal\/oea-advierte-que-haiti-enfrenta-una-crisis-de-seguridad-aguda-y-pide-estados-miembros-acelerar-aportes\/\",\"name\":\"OEA advierte que Hait\u00ed enfrenta una crisis de seguridad aguda y pide estados miembros acelerar aportes - PotenciaRadiofonicaDominicana.com\",\"isPartOf\":{\"@id\":\"https:\/\/potenciaradiofonicadominicana.com\/portal\/#website\"},\"primaryImageOfPage\":{\"@id\":\"https:\/\/potenciaradiofonicadominicana.com\/portal\/oea-advierte-que-haiti-enfrenta-una-crisis-de-seguridad-aguda-y-pide-estados-miembros-acelerar-aportes\/#primaryimage\"},\"image\":{\"@id\":\"https:\/\/potenciaradiofonicadominicana.com\/portal\/oea-advierte-que-haiti-enfrenta-una-crisis-de-seguridad-aguda-y-pide-estados-miembros-acelerar-aportes\/#primaryimage\"},\"thumbnailUrl\":\"https:\/\/potenciaradiofonicadominicana.com\/portal\/wp-content\/uploads\/2026\/09\/HAITI.jpg\",\"datePublished\":\"2026-09-04T03:27:24+00:00\",\"breadcrumb\":{\"@id\":\"https:\/\/potenciaradiofonicadominicana.com\/portal\/oea-advierte-que-haiti-enfrenta-una-crisis-de-seguridad-aguda-y-pide-estados-miembros-acelerar-aportes\/#breadcrumb\"},\"inLanguage\":\"es\",\"potentialAction\":[{\"@type\":\"ReadAction\",\"target\":[\"https:\/\/potenciaradiofonicadominicana.com\/portal\/oea-advierte-que-haiti-enfrenta-una-crisis-de-seguridad-aguda-y-pide-estados-miembros-acelerar-aportes\/\"]}]},{\"@type\":\"ImageObject\",\"inLanguage\":\"es\",\"@id\":\"https:\/\/potenciaradiofonicadominicana.com\/portal\/oea-advierte-que-haiti-enfrenta-una-crisis-de-seguridad-aguda-y-pide-estados-miembros-acelerar-aportes\/#primaryimage\",\"url\":\"https:\/\/potenciaradiofonicadominicana.com\/portal\/wp-content\/uploads\/2026\/09\/HAITI.jpg\",\"contentUrl\":\"https:\/\/potenciaradiofonicadominicana.com\/portal\/wp-content\/uploads\/2026\/09\/HAITI.jpg\",\"width\":1280,\"height\":960},{\"@type\":\"BreadcrumbList\",\"@id\":\"https:\/\/potenciaradiofonicadominicana.com\/portal\/oea-advierte-que-haiti-enfrenta-una-crisis-de-seguridad-aguda-y-pide-estados-miembros-acelerar-aportes\/#breadcrumb\",\"itemListElement\":[{\"@type\":\"ListItem\",\"position\":1,\"name\":\"Portada\",\"item\":\"https:\/\/potenciaradiofonicadominicana.com\/portal\/\"},{\"@type\":\"ListItem\",\"position\":2,\"name\":\"OEA advierte que Hait\u00ed enfrenta una crisis de seguridad aguda y pide estados miembros acelerar aportes\"}]},{\"@type\":\"WebSite\",\"@id\":\"https:\/\/potenciaradiofonicadominicana.com\/portal\/#website\",\"url\":\"https:\/\/potenciaradiofonicadominicana.com\/portal\/\",\"name\":\"PotenciaRadiofonicaDominicana.com\",\"description\":\"Peri\u00f3dico Digital\",\"publisher\":{\"@id\":\"https:\/\/potenciaradiofonicadominicana.com\/portal\/#organization\"},\"potentialAction\":[{\"@type\":\"SearchAction\",\"target\":{\"@type\":\"EntryPoint\",\"urlTemplate\":\"https:\/\/potenciaradiofonicadominicana.com\/portal\/?s={search_term_string}\"},\"query-input\":{\"@type\":\"PropertyValueSpecification\",\"valueRequired\":true,\"valueName\":\"search_term_string\"}}],\"inLanguage\":\"es\"},{\"@type\":\"Organization\",\"@id\":\"https:\/\/potenciaradiofonicadominicana.com\/portal\/#organization\",\"name\":\"PotenciaRadiofonicaDominicana.com\",\"url\":\"https:\/\/potenciaradiofonicadominicana.com\/portal\/\",\"logo\":{\"@type\":\"ImageObject\",\"inLanguage\":\"es\",\"@id\":\"https:\/\/potenciaradiofonicadominicana.com\/portal\/#\/schema\/logo\/image\/\",\"url\":\"https:\/\/potenciaradiofonicadominicana.com\/portal\/wp-content\/uploads\/2022\/01\/descarga.png\",\"contentUrl\":\"https:\/\/potenciaradiofonicadominicana.com\/portal\/wp-content\/uploads\/2022\/01\/descarga.png\",\"width\":300,\"height\":100,\"caption\":\"PotenciaRadiofonicaDominicana.com\"},\"image\":{\"@id\":\"https:\/\/potenciaradiofonicadominicana.com\/portal\/#\/schema\/logo\/image\/\"},\"sameAs\":[\"https:\/\/web.facebook.com\/PotenciaRadiofonicaD\"]},{\"@type\":\"Person\",\"@id\":\"https:\/\/potenciaradiofonicadominicana.com\/portal\/#\/schema\/person\/a5cf1fea13877803ee0573ac18b03490\",\"name\":\"Potencia Radiof\u00f3nica Dominicana\",\"image\":{\"@type\":\"ImageObject\",\"inLanguage\":\"es\",\"@id\":\"https:\/\/potenciaradiofonicadominicana.com\/portal\/#\/schema\/person\/image\/\",\"url\":\"https:\/\/secure.gravatar.com\/avatar\/42a55ab9e8ccc656ba34cd791990602a?s=96&d=mm&r=g\",\"contentUrl\":\"https:\/\/secure.gravatar.com\/avatar\/42a55ab9e8ccc656ba34cd791990602a?s=96&d=mm&r=g\",\"caption\":\"Potencia Radiof\u00f3nica Dominicana\"},\"url\":\"https:\/\/potenciaradiofonicadominicana.com\/portal\/author\/johannyalmanzar\/\"}]}<\/script>\n<!-- \/ Yoast SEO plugin. -->","yoast_head_json":{"title":"OEA advierte que Hait\u00ed enfrenta una crisis de seguridad aguda y pide estados miembros acelerar aportes - PotenciaRadiofonicaDominicana.com","robots":{"index":"index","follow":"follow","max-snippet":"max-snippet:-1","max-image-preview":"max-image-preview:large","max-video-preview":"max-video-preview:-1"},"canonical":"https:\/\/potenciaradiofonicadominicana.com\/portal\/oea-advierte-que-haiti-enfrenta-una-crisis-de-seguridad-aguda-y-pide-estados-miembros-acelerar-aportes\/","og_locale":"es_ES","og_type":"article","og_title":"OEA advierte que Hait\u00ed enfrenta una crisis de seguridad aguda y pide estados miembros acelerar aportes - PotenciaRadiofonicaDominicana.com","og_description":"El secretario general de la Organizaci\u00f3n de los Estados Americanos (OEA), Albert Ramdin, inform\u00f3 este jueves que Hait\u00ed sigue enfrentando ...","og_url":"https:\/\/potenciaradiofonicadominicana.com\/portal\/oea-advierte-que-haiti-enfrenta-una-crisis-de-seguridad-aguda-y-pide-estados-miembros-acelerar-aportes\/","og_site_name":"PotenciaRadiofonicaDominicana.com","article_publisher":"https:\/\/web.facebook.com\/PotenciaRadiofonicaD","article_published_time":"2026-09-04T03:27:24+00:00","og_image":[{"width":1280,"height":960,"url":"https:\/\/potenciaradiofonicadominicana.com\/portal\/wp-content\/uploads\/2026\/09\/HAITI.jpg","type":"image\/jpeg"}],"author":"Potencia Radiof\u00f3nica Dominicana","twitter_card":"summary_large_image","twitter_misc":{"Escrito por":"Potencia Radiof\u00f3nica Dominicana","Tiempo de lectura":"4 minutos"},"schema":{"@context":"https:\/\/schema.org","@graph":[{"@type":"Article","@id":"https:\/\/potenciaradiofonicadominicana.com\/portal\/oea-advierte-que-haiti-enfrenta-una-crisis-de-seguridad-aguda-y-pide-estados-miembros-acelerar-aportes\/#article","isPartOf":{"@id":"https:\/\/potenciaradiofonicadominicana.com\/portal\/oea-advierte-que-haiti-enfrenta-una-crisis-de-seguridad-aguda-y-pide-estados-miembros-acelerar-aportes\/"},"author":{"name":"Potencia Radiof\u00f3nica Dominicana","@id":"https:\/\/potenciaradiofonicadominicana.com\/portal\/#\/schema\/person\/a5cf1fea13877803ee0573ac18b03490"},"headline":"OEA advierte que Hait\u00ed enfrenta una crisis de seguridad aguda y pide estados miembros acelerar aportes","datePublished":"2026-09-04T03:27:24+00:00","mainEntityOfPage":{"@id":"https:\/\/potenciaradiofonicadominicana.com\/portal\/oea-advierte-que-haiti-enfrenta-una-crisis-de-seguridad-aguda-y-pide-estados-miembros-acelerar-aportes\/"},"wordCount":819,"publisher":{"@id":"https:\/\/potenciaradiofonicadominicana.com\/portal\/#organization"},"image":{"@id":"https:\/\/potenciaradiofonicadominicana.com\/portal\/oea-advierte-que-haiti-enfrenta-una-crisis-de-seguridad-aguda-y-pide-estados-miembros-acelerar-aportes\/#primaryimage"},"thumbnailUrl":"https:\/\/potenciaradiofonicadominicana.com\/portal\/wp-content\/uploads\/2026\/09\/HAITI.jpg","articleSection":["Internacional"],"inLanguage":"es"},{"@type":"WebPage","@id":"https:\/\/potenciaradiofonicadominicana.com\/portal\/oea-advierte-que-haiti-enfrenta-una-crisis-de-seguridad-aguda-y-pide-estados-miembros-acelerar-aportes\/","url":"https:\/\/potenciaradiofonicadominicana.com\/portal\/oea-advierte-que-haiti-enfrenta-una-crisis-de-seguridad-aguda-y-pide-estados-miembros-acelerar-aportes\/","name":"OEA advierte que Hait\u00ed enfrenta una crisis de seguridad aguda y pide estados miembros acelerar aportes - PotenciaRadiofonicaDominicana.com","isPartOf":{"@id":"https:\/\/potenciaradiofonicadominicana.com\/portal\/#website"},"primaryImageOfPage":{"@id":"https:\/\/potenciaradiofonicadominicana.com\/portal\/oea-advierte-que-haiti-enfrenta-una-crisis-de-seguridad-aguda-y-pide-estados-miembros-acelerar-aportes\/#primaryimage"},"image":{"@id":"https:\/\/potenciaradiofonicadominicana.com\/portal\/oea-advierte-que-haiti-enfrenta-una-crisis-de-seguridad-aguda-y-pide-estados-miembros-acelerar-aportes\/#primaryimage"},"thumbnailUrl":"https:\/\/potenciaradiofonicadominicana.com\/portal\/wp-content\/uploads\/2026\/09\/HAITI.jpg","datePublished":"2026-09-04T03:27:24+00:00","breadcrumb":{"@id":"https:\/\/potenciaradiofonicadominicana.com\/portal\/oea-advierte-que-haiti-enfrenta-una-crisis-de-seguridad-aguda-y-pide-estados-miembros-acelerar-aportes\/#breadcrumb"},"inLanguage":"es","potentialAction":[{"@type":"ReadAction","target":["https:\/\/potenciaradiofonicadominicana.com\/portal\/oea-advierte-que-haiti-enfrenta-una-crisis-de-seguridad-aguda-y-pide-estados-miembros-acelerar-aportes\/"]}]},{"@type":"ImageObject","inLanguage":"es","@id":"https:\/\/potenciaradiofonicadominicana.com\/portal\/oea-advierte-que-haiti-enfrenta-una-crisis-de-seguridad-aguda-y-pide-estados-miembros-acelerar-aportes\/#primaryimage","url":"https:\/\/potenciaradiofonicadominicana.com\/portal\/wp-content\/uploads\/2026\/09\/HAITI.jpg","contentUrl":"https:\/\/potenciaradiofonicadominicana.com\/portal\/wp-content\/uploads\/2026\/09\/HAITI.jpg","width":1280,"height":960},{"@type":"BreadcrumbList","@id":"https:\/\/potenciaradiofonicadominicana.com\/portal\/oea-advierte-que-haiti-enfrenta-una-crisis-de-seguridad-aguda-y-pide-estados-miembros-acelerar-aportes\/#breadcrumb","itemListElement":[{"@type":"ListItem","position":1,"name":"Portada","item":"https:\/\/potenciaradiofonicadominicana.com\/portal\/"},{"@type":"ListItem","position":2,"name":"OEA advierte que Hait\u00ed enfrenta una crisis de seguridad aguda y pide estados miembros acelerar aportes"}]},{"@type":"WebSite","@id":"https:\/\/potenciaradiofonicadominicana.com\/portal\/#website","url":"https:\/\/potenciaradiofonicadominicana.com\/portal\/","name":"PotenciaRadiofonicaDominicana.com","description":"Peri\u00f3dico Digital","publisher":{"@id":"https:\/\/potenciaradiofonicadominicana.com\/portal\/#organization"},"potentialAction":[{"@type":"SearchAction","target":{"@type":"EntryPoint","urlTemplate":"https:\/\/potenciaradiofonicadominicana.com\/portal\/?s={search_term_string}"},"query-input":{"@type":"PropertyValueSpecification","valueRequired":true,"valueName":"search_term_string"}}],"inLanguage":"es"},{"@type":"Organization","@id":"https:\/\/potenciaradiofonicadominicana.com\/portal\/#organization","name":"PotenciaRadiofonicaDominicana.com","url":"https:\/\/potenciaradiofonicadominicana.com\/portal\/","logo":{"@type":"ImageObject","inLanguage":"es","@id":"https:\/\/potenciaradiofonicadominicana.com\/portal\/#\/schema\/logo\/image\/","url":"https:\/\/potenciaradiofonicadominicana.com\/portal\/wp-content\/uploads\/2022\/01\/descarga.png","contentUrl":"https:\/\/potenciaradiofonicadominicana.com\/portal\/wp-content\/uploads\/2022\/01\/descarga.png","width":300,"height":100,"caption":"PotenciaRadiofonicaDominicana.com"},"image":{"@id":"https:\/\/potenciaradiofonicadominicana.com\/portal\/#\/schema\/logo\/image\/"},"sameAs":["https:\/\/web.facebook.com\/PotenciaRadiofonicaD"]},{"@type":"Person","@id":"https:\/\/potenciaradiofonicadominicana.com\/portal\/#\/schema\/person\/a5cf1fea13877803ee0573ac18b03490","name":"Potencia Radiof\u00f3nica Dominicana","image":{"@type":"ImageObject","inLanguage":"es","@id":"https:\/\/potenciaradiofonicadominicana.com\/portal\/#\/schema\/person\/image\/","url":"https:\/\/secure.gravatar.com\/avatar\/42a55ab9e8ccc656ba34cd791990602a?s=96&d=mm&r=g","contentUrl":"https:\/\/secure.gravatar.com\/avatar\/42a55ab9e8ccc656ba34cd791990602a?s=96&d=mm&r=g","caption":"Potencia Radiof\u00f3nica Dominicana"},"url":"https:\/\/potenciaradiofonicadominicana.com\/portal\/author\/johannyalmanzar\/"}]}},"_links":{"self":[{"href":"https:\/\/potenciaradiofonicadominicana.com\/portal\/wp-json\/wp\/v2\/posts\/225304","targetHints":{"allow":["GET"]}}],"collection":[{"href":"https:\/\/potenciaradiofonicadominicana.com\/portal\/wp-json\/wp\/v2\/posts"}],"about":[{"href":"https:\/\/potenciaradiofonicadominicana.com\/portal\/wp-json\/wp\/v2\/types\/post"}],"author":[{"embeddable":true,"href":"https:\/\/potenciaradiofonicadominicana.com\/portal\/wp-json\/wp\/v2\/users\/2"}],"replies":[{"embeddable":true,"href":"https:\/\/potenciaradiofonicadominicana.com\/portal\/wp-json\/wp\/v2\/comments?post=225304"}],"version-history":[{"count":1,"href":"https:\/\/potenciaradiofonicadominicana.com\/portal\/wp-json\/wp\/v2\/posts\/225304\/revisions"}],"predecessor-version":[{"id":225306,"href":"https:\/\/potenciaradiofonicadominicana.com\/portal\/wp-json\/wp\/v2\/posts\/225304\/revisions\/225306"}],"wp:featuredmedia":[{"embeddable":true,"href":"https:\/\/potenciaradiofonicadominicana.com\/portal\/wp-json\/wp\/v2\/media\/225305"}],"wp:attachment":[{"href":"https:\/\/potenciaradiofonicadominicana.com\/portal\/wp-json\/wp\/v2\/media?parent=225304"}],"wp:term":[{"taxonomy":"category","embeddable":true,"href":"https:\/\/potenciaradiofonicadominicana.com\/portal\/wp-json\/wp\/v2\/categories?post=225304"},{"taxonomy":"post_tag","embeddable":true,"href":"https:\/\/potenciaradiofonicadominicana.com\/portal\/wp-json\/wp\/v2\/tags?post=225304"}],"curies":[{"name":"wp","href":"https:\/\/api.w.org\/{rel}","templated":true}]}}