{"id":225291,"date":"2026-09-03T23:21:20","date_gmt":"2026-09-04T03:21:20","guid":{"rendered":"https:\/\/potenciaradiofonicadominicana.com\/portal\/?p=225291"},"modified":"2026-09-03T23:21:20","modified_gmt":"2026-09-04T03:21:20","slug":"inmigracion-detiene-en-ny-a-2100-personas-y-afirma-son-delincuentes-entre-ellas-figuran-dominicanos","status":"publish","type":"post","link":"https:\/\/potenciaradiofonicadominicana.com\/portal\/inmigracion-detiene-en-ny-a-2100-personas-y-afirma-son-delincuentes-entre-ellas-figuran-dominicanos\/","title":{"rendered":"Inmigraci\u00f3n detiene en NY a 2,100 personas y afirma son delincuentes; entre ellas figuran dominicanos"},"content":{"rendered":"<p><a href=\"https:\/\/potenciaradiofonicadominicana.com\/portal\/wp-content\/uploads\/2026\/09\/WhatsApp-Image-2026-08-17-at-11.27.26-AM-2.jpeg.webp\"><img loading=\"lazy\" decoding=\"async\" class=\"alignnone size-full wp-image-225292\" src=\"https:\/\/potenciaradiofonicadominicana.com\/portal\/wp-content\/uploads\/2026\/09\/WhatsApp-Image-2026-08-17-at-11.27.26-AM-2.jpeg.webp\" alt=\"\" width=\"649\" height=\"413\" srcset=\"https:\/\/potenciaradiofonicadominicana.com\/portal\/wp-content\/uploads\/2026\/09\/WhatsApp-Image-2026-08-17-at-11.27.26-AM-2.jpeg.webp 649w, https:\/\/potenciaradiofonicadominicana.com\/portal\/wp-content\/uploads\/2026\/09\/WhatsApp-Image-2026-08-17-at-11.27.26-AM-2.jpeg-300x191.webp 300w\" sizes=\"auto, (max-width: 649px) 100vw, 649px\" \/><\/a><\/p>\n<p>NUEVA YORK.- El Departamento de Seguridad Nacional (DHS) inform\u00f3 que, durante un mes, del 27 de julio al 29 de agosto, detuvo en el estado de Nueva York a 2,100 personas, a quienes califica como delincuentes. Entre los arrestados figuran dominicanos y ciudadanos de otras nacionalidades.<\/p>\n<p>La gobernadora de NY, Kathy Hochul, reaccion\u00f3 a la informaci\u00f3n y afirm\u00f3: \u201ces imposible que esa cifra represente a personas que cometieron delitos, seg\u00fan la definici\u00f3n que tenemos en el estado.\u201d All\u00ed consideran delincuente a cualquiera que haya cruzado la frontera\u201d, dijo Hochul. \u201cAs\u00ed que no se dejen enga\u00f1ar.\u201d<\/p>\n<p>Aumentan las deportaciones en New York y Nueva Jersey<br \/>\nLa operaci\u00f3n se llev\u00f3 a cabo en Long Island y el valle del Hudson. En ocasiones anteriores, diversos jueces del estado han emitido fallos en contra de acciones de ICE, permitiendo la liberaci\u00f3n de personas detenidas que contaban con estatus de protecci\u00f3n o ten\u00edan solicitudes de asilo en tr\u00e1mite.<\/p>\n<p>Los propios datos de ICE indican que solo alrededor del 31% de las personas detenidas por esa agencia han sido condenadas por alg\u00fan delito.<\/p>\n<p>Un muerto y un herido grave a pu\u00f1aladas en Alto Manhattan<br \/>\nEl DHS tambi\u00e9n expres\u00f3 su frustraci\u00f3n por las nuevas leyes del estado de NY que restringen los acuerdos formales de cooperaci\u00f3n con ICE. Cuando dichas disposiciones entraron en vigor, el llamado \u2018zar de la frontera\u2019, Tom Homan, amenaz\u00f3 con desplegar un mayor n\u00famero de agentes de ICE en NYC.<\/p>\n<p>Se estima que cerca de 600,000 personas han sido detenidas por ICE en territorio estadounidense durante el segundo periodo presidencial de Donald Trump.<\/p>\n<p>NYIC denuncia ICE est\u00e1 intensificando redadas en sectores espec\u00edficos; Alto Manhattan incluido<br \/>\nPuede leer<br \/>\nNYIC denuncia ICE est\u00e1 intensificando redadas en sectores espec\u00edficos; Alto Manhattan incluido<br \/>\nEn el estado de NY, entre el 20 de enero de 2025 y el 10 de marzo de 2026, aproximadamente 13,440 detenciones, de las cuales poco m\u00e1s de 9,000 ocurrieron en la Gran Manzana.<\/p>\n","protected":false},"excerpt":{"rendered":"<p>NUEVA YORK.- El Departamento de Seguridad Nacional (DHS) inform\u00f3 que, durante un mes, del 27 de julio al 29 de &#8230;<\/p>\n","protected":false},"author":2,"featured_media":225292,"comment_status":"closed","ping_status":"closed","sticky":false,"template":"","format":"standard","meta":{"footnotes":""},"categories":[30],"tags":[],"class_list":["post-225291","post","type-post","status-publish","format-standard","has-post-thumbnail","hentry","category-internacional"],"yoast_head":"<!-- This site is optimized with the Yoast SEO plugin v24.8.1 - https:\/\/yoast.com\/wordpress\/plugins\/seo\/ -->\n<title>Inmigraci\u00f3n detiene en NY a 2,100 personas y afirma son delincuentes; entre ellas figuran dominicanos - PotenciaRadiofonicaDominicana.com<\/title>\n<meta name=\"robots\" content=\"index, follow, max-snippet:-1, max-image-preview:large, max-video-preview:-1\" \/>\n<link rel=\"canonical\" href=\"https:\/\/potenciaradiofonicadominicana.com\/portal\/inmigracion-detiene-en-ny-a-2100-personas-y-afirma-son-delincuentes-entre-ellas-figuran-dominicanos\/\" \/>\n<meta property=\"og:locale\" content=\"es_ES\" \/>\n<meta property=\"og:type\" content=\"article\" \/>\n<meta property=\"og:title\" content=\"Inmigraci\u00f3n detiene en NY a 2,100 personas y afirma son delincuentes; entre ellas figuran dominicanos - PotenciaRadiofonicaDominicana.com\" \/>\n<meta property=\"og:description\" content=\"NUEVA YORK.- El Departamento de Seguridad Nacional (DHS) inform\u00f3 que, durante un mes, del 27 de julio al 29 de ...\" \/>\n<meta property=\"og:url\" content=\"https:\/\/potenciaradiofonicadominicana.com\/portal\/inmigracion-detiene-en-ny-a-2100-personas-y-afirma-son-delincuentes-entre-ellas-figuran-dominicanos\/\" \/>\n<meta property=\"og:site_name\" content=\"PotenciaRadiofonicaDominicana.com\" \/>\n<meta property=\"article:publisher\" content=\"https:\/\/web.facebook.com\/PotenciaRadiofonicaD\" \/>\n<meta property=\"article:published_time\" content=\"2026-09-04T03:21:20+00:00\" \/>\n<meta property=\"og:image\" content=\"https:\/\/potenciaradiofonicadominicana.com\/portal\/wp-content\/uploads\/2026\/09\/WhatsApp-Image-2026-08-17-at-11.27.26-AM-2.jpeg.webp\" \/>\n\t<meta property=\"og:image:width\" content=\"649\" \/>\n\t<meta property=\"og:image:height\" content=\"413\" \/>\n\t<meta property=\"og:image:type\" content=\"image\/webp\" \/>\n<meta name=\"author\" content=\"Potencia Radiof\u00f3nica Dominicana\" \/>\n<meta name=\"twitter:card\" content=\"summary_large_image\" \/>\n<meta name=\"twitter:label1\" content=\"Escrito por\" \/>\n\t<meta name=\"twitter:data1\" content=\"Potencia Radiof\u00f3nica Dominicana\" \/>\n\t<meta name=\"twitter:label2\" content=\"Tiempo de lectura\" \/>\n\t<meta name=\"twitter:data2\" content=\"2 minutos\" \/>\n<script type=\"application\/ld+json\" class=\"yoast-schema-graph\">{\"@context\":\"https:\/\/schema.org\",\"@graph\":[{\"@type\":\"Article\",\"@id\":\"https:\/\/potenciaradiofonicadominicana.com\/portal\/inmigracion-detiene-en-ny-a-2100-personas-y-afirma-son-delincuentes-entre-ellas-figuran-dominicanos\/#article\",\"isPartOf\":{\"@id\":\"https:\/\/potenciaradiofonicadominicana.com\/portal\/inmigracion-detiene-en-ny-a-2100-personas-y-afirma-son-delincuentes-entre-ellas-figuran-dominicanos\/\"},\"author\":{\"name\":\"Potencia Radiof\u00f3nica Dominicana\",\"@id\":\"https:\/\/potenciaradiofonicadominicana.com\/portal\/#\/schema\/person\/a5cf1fea13877803ee0573ac18b03490\"},\"headline\":\"Inmigraci\u00f3n detiene en NY a 2,100 personas y afirma son delincuentes; entre ellas figuran dominicanos\",\"datePublished\":\"2026-09-04T03:21:20+00:00\",\"mainEntityOfPage\":{\"@id\":\"https:\/\/potenciaradiofonicadominicana.com\/portal\/inmigracion-detiene-en-ny-a-2100-personas-y-afirma-son-delincuentes-entre-ellas-figuran-dominicanos\/\"},\"wordCount\":343,\"publisher\":{\"@id\":\"https:\/\/potenciaradiofonicadominicana.com\/portal\/#organization\"},\"image\":{\"@id\":\"https:\/\/potenciaradiofonicadominicana.com\/portal\/inmigracion-detiene-en-ny-a-2100-personas-y-afirma-son-delincuentes-entre-ellas-figuran-dominicanos\/#primaryimage\"},\"thumbnailUrl\":\"https:\/\/potenciaradiofonicadominicana.com\/portal\/wp-content\/uploads\/2026\/09\/WhatsApp-Image-2026-08-17-at-11.27.26-AM-2.jpeg.webp\",\"articleSection\":[\"Internacional\"],\"inLanguage\":\"es\"},{\"@type\":\"WebPage\",\"@id\":\"https:\/\/potenciaradiofonicadominicana.com\/portal\/inmigracion-detiene-en-ny-a-2100-personas-y-afirma-son-delincuentes-entre-ellas-figuran-dominicanos\/\",\"url\":\"https:\/\/potenciaradiofonicadominicana.com\/portal\/inmigracion-detiene-en-ny-a-2100-personas-y-afirma-son-delincuentes-entre-ellas-figuran-dominicanos\/\",\"name\":\"Inmigraci\u00f3n detiene en NY a 2,100 personas y afirma son delincuentes; entre ellas figuran dominicanos - PotenciaRadiofonicaDominicana.com\",\"isPartOf\":{\"@id\":\"https:\/\/potenciaradiofonicadominicana.com\/portal\/#website\"},\"primaryImageOfPage\":{\"@id\":\"https:\/\/potenciaradiofonicadominicana.com\/portal\/inmigracion-detiene-en-ny-a-2100-personas-y-afirma-son-delincuentes-entre-ellas-figuran-dominicanos\/#primaryimage\"},\"image\":{\"@id\":\"https:\/\/potenciaradiofonicadominicana.com\/portal\/inmigracion-detiene-en-ny-a-2100-personas-y-afirma-son-delincuentes-entre-ellas-figuran-dominicanos\/#primaryimage\"},\"thumbnailUrl\":\"https:\/\/potenciaradiofonicadominicana.com\/portal\/wp-content\/uploads\/2026\/09\/WhatsApp-Image-2026-08-17-at-11.27.26-AM-2.jpeg.webp\",\"datePublished\":\"2026-09-04T03:21:20+00:00\",\"breadcrumb\":{\"@id\":\"https:\/\/potenciaradiofonicadominicana.com\/portal\/inmigracion-detiene-en-ny-a-2100-personas-y-afirma-son-delincuentes-entre-ellas-figuran-dominicanos\/#breadcrumb\"},\"inLanguage\":\"es\",\"potentialAction\":[{\"@type\":\"ReadAction\",\"target\":[\"https:\/\/potenciaradiofonicadominicana.com\/portal\/inmigracion-detiene-en-ny-a-2100-personas-y-afirma-son-delincuentes-entre-ellas-figuran-dominicanos\/\"]}]},{\"@type\":\"ImageObject\",\"inLanguage\":\"es\",\"@id\":\"https:\/\/potenciaradiofonicadominicana.com\/portal\/inmigracion-detiene-en-ny-a-2100-personas-y-afirma-son-delincuentes-entre-ellas-figuran-dominicanos\/#primaryimage\",\"url\":\"https:\/\/potenciaradiofonicadominicana.com\/portal\/wp-content\/uploads\/2026\/09\/WhatsApp-Image-2026-08-17-at-11.27.26-AM-2.jpeg.webp\",\"contentUrl\":\"https:\/\/potenciaradiofonicadominicana.com\/portal\/wp-content\/uploads\/2026\/09\/WhatsApp-Image-2026-08-17-at-11.27.26-AM-2.jpeg.webp\",\"width\":649,\"height\":413},{\"@type\":\"BreadcrumbList\",\"@id\":\"https:\/\/potenciaradiofonicadominicana.com\/portal\/inmigracion-detiene-en-ny-a-2100-personas-y-afirma-son-delincuentes-entre-ellas-figuran-dominicanos\/#breadcrumb\",\"itemListElement\":[{\"@type\":\"ListItem\",\"position\":1,\"name\":\"Portada\",\"item\":\"https:\/\/potenciaradiofonicadominicana.com\/portal\/\"},{\"@type\":\"ListItem\",\"position\":2,\"name\":\"Inmigraci\u00f3n detiene en NY a 2,100 personas y afirma son delincuentes; entre ellas figuran dominicanos\"}]},{\"@type\":\"WebSite\",\"@id\":\"https:\/\/potenciaradiofonicadominicana.com\/portal\/#website\",\"url\":\"https:\/\/potenciaradiofonicadominicana.com\/portal\/\",\"name\":\"PotenciaRadiofonicaDominicana.com\",\"description\":\"Peri\u00f3dico Digital\",\"publisher\":{\"@id\":\"https:\/\/potenciaradiofonicadominicana.com\/portal\/#organization\"},\"potentialAction\":[{\"@type\":\"SearchAction\",\"target\":{\"@type\":\"EntryPoint\",\"urlTemplate\":\"https:\/\/potenciaradiofonicadominicana.com\/portal\/?s={search_term_string}\"},\"query-input\":{\"@type\":\"PropertyValueSpecification\",\"valueRequired\":true,\"valueName\":\"search_term_string\"}}],\"inLanguage\":\"es\"},{\"@type\":\"Organization\",\"@id\":\"https:\/\/potenciaradiofonicadominicana.com\/portal\/#organization\",\"name\":\"PotenciaRadiofonicaDominicana.com\",\"url\":\"https:\/\/potenciaradiofonicadominicana.com\/portal\/\",\"logo\":{\"@type\":\"ImageObject\",\"inLanguage\":\"es\",\"@id\":\"https:\/\/potenciaradiofonicadominicana.com\/portal\/#\/schema\/logo\/image\/\",\"url\":\"https:\/\/potenciaradiofonicadominicana.com\/portal\/wp-content\/uploads\/2022\/01\/descarga.png\",\"contentUrl\":\"https:\/\/potenciaradiofonicadominicana.com\/portal\/wp-content\/uploads\/2022\/01\/descarga.png\",\"width\":300,\"height\":100,\"caption\":\"PotenciaRadiofonicaDominicana.com\"},\"image\":{\"@id\":\"https:\/\/potenciaradiofonicadominicana.com\/portal\/#\/schema\/logo\/image\/\"},\"sameAs\":[\"https:\/\/web.facebook.com\/PotenciaRadiofonicaD\"]},{\"@type\":\"Person\",\"@id\":\"https:\/\/potenciaradiofonicadominicana.com\/portal\/#\/schema\/person\/a5cf1fea13877803ee0573ac18b03490\",\"name\":\"Potencia Radiof\u00f3nica Dominicana\",\"image\":{\"@type\":\"ImageObject\",\"inLanguage\":\"es\",\"@id\":\"https:\/\/potenciaradiofonicadominicana.com\/portal\/#\/schema\/person\/image\/\",\"url\":\"https:\/\/secure.gravatar.com\/avatar\/42a55ab9e8ccc656ba34cd791990602a?s=96&d=mm&r=g\",\"contentUrl\":\"https:\/\/secure.gravatar.com\/avatar\/42a55ab9e8ccc656ba34cd791990602a?s=96&d=mm&r=g\",\"caption\":\"Potencia Radiof\u00f3nica Dominicana\"},\"url\":\"https:\/\/potenciaradiofonicadominicana.com\/portal\/author\/johannyalmanzar\/\"}]}<\/script>\n<!-- \/ Yoast SEO plugin. -->","yoast_head_json":{"title":"Inmigraci\u00f3n detiene en NY a 2,100 personas y afirma son delincuentes; entre ellas figuran dominicanos - PotenciaRadiofonicaDominicana.com","robots":{"index":"index","follow":"follow","max-snippet":"max-snippet:-1","max-image-preview":"max-image-preview:large","max-video-preview":"max-video-preview:-1"},"canonical":"https:\/\/potenciaradiofonicadominicana.com\/portal\/inmigracion-detiene-en-ny-a-2100-personas-y-afirma-son-delincuentes-entre-ellas-figuran-dominicanos\/","og_locale":"es_ES","og_type":"article","og_title":"Inmigraci\u00f3n detiene en NY a 2,100 personas y afirma son delincuentes; entre ellas figuran dominicanos - PotenciaRadiofonicaDominicana.com","og_description":"NUEVA YORK.- El Departamento de Seguridad Nacional (DHS) inform\u00f3 que, durante un mes, del 27 de julio al 29 de ...","og_url":"https:\/\/potenciaradiofonicadominicana.com\/portal\/inmigracion-detiene-en-ny-a-2100-personas-y-afirma-son-delincuentes-entre-ellas-figuran-dominicanos\/","og_site_name":"PotenciaRadiofonicaDominicana.com","article_publisher":"https:\/\/web.facebook.com\/PotenciaRadiofonicaD","article_published_time":"2026-09-04T03:21:20+00:00","og_image":[{"width":649,"height":413,"url":"https:\/\/potenciaradiofonicadominicana.com\/portal\/wp-content\/uploads\/2026\/09\/WhatsApp-Image-2026-08-17-at-11.27.26-AM-2.jpeg.webp","type":"image\/webp"}],"author":"Potencia Radiof\u00f3nica Dominicana","twitter_card":"summary_large_image","twitter_misc":{"Escrito por":"Potencia Radiof\u00f3nica Dominicana","Tiempo de lectura":"2 minutos"},"schema":{"@context":"https:\/\/schema.org","@graph":[{"@type":"Article","@id":"https:\/\/potenciaradiofonicadominicana.com\/portal\/inmigracion-detiene-en-ny-a-2100-personas-y-afirma-son-delincuentes-entre-ellas-figuran-dominicanos\/#article","isPartOf":{"@id":"https:\/\/potenciaradiofonicadominicana.com\/portal\/inmigracion-detiene-en-ny-a-2100-personas-y-afirma-son-delincuentes-entre-ellas-figuran-dominicanos\/"},"author":{"name":"Potencia Radiof\u00f3nica Dominicana","@id":"https:\/\/potenciaradiofonicadominicana.com\/portal\/#\/schema\/person\/a5cf1fea13877803ee0573ac18b03490"},"headline":"Inmigraci\u00f3n detiene en NY a 2,100 personas y afirma son delincuentes; entre ellas figuran dominicanos","datePublished":"2026-09-04T03:21:20+00:00","mainEntityOfPage":{"@id":"https:\/\/potenciaradiofonicadominicana.com\/portal\/inmigracion-detiene-en-ny-a-2100-personas-y-afirma-son-delincuentes-entre-ellas-figuran-dominicanos\/"},"wordCount":343,"publisher":{"@id":"https:\/\/potenciaradiofonicadominicana.com\/portal\/#organization"},"image":{"@id":"https:\/\/potenciaradiofonicadominicana.com\/portal\/inmigracion-detiene-en-ny-a-2100-personas-y-afirma-son-delincuentes-entre-ellas-figuran-dominicanos\/#primaryimage"},"thumbnailUrl":"https:\/\/potenciaradiofonicadominicana.com\/portal\/wp-content\/uploads\/2026\/09\/WhatsApp-Image-2026-08-17-at-11.27.26-AM-2.jpeg.webp","articleSection":["Internacional"],"inLanguage":"es"},{"@type":"WebPage","@id":"https:\/\/potenciaradiofonicadominicana.com\/portal\/inmigracion-detiene-en-ny-a-2100-personas-y-afirma-son-delincuentes-entre-ellas-figuran-dominicanos\/","url":"https:\/\/potenciaradiofonicadominicana.com\/portal\/inmigracion-detiene-en-ny-a-2100-personas-y-afirma-son-delincuentes-entre-ellas-figuran-dominicanos\/","name":"Inmigraci\u00f3n detiene en NY a 2,100 personas y afirma son delincuentes; entre ellas figuran dominicanos - PotenciaRadiofonicaDominicana.com","isPartOf":{"@id":"https:\/\/potenciaradiofonicadominicana.com\/portal\/#website"},"primaryImageOfPage":{"@id":"https:\/\/potenciaradiofonicadominicana.com\/portal\/inmigracion-detiene-en-ny-a-2100-personas-y-afirma-son-delincuentes-entre-ellas-figuran-dominicanos\/#primaryimage"},"image":{"@id":"https:\/\/potenciaradiofonicadominicana.com\/portal\/inmigracion-detiene-en-ny-a-2100-personas-y-afirma-son-delincuentes-entre-ellas-figuran-dominicanos\/#primaryimage"},"thumbnailUrl":"https:\/\/potenciaradiofonicadominicana.com\/portal\/wp-content\/uploads\/2026\/09\/WhatsApp-Image-2026-08-17-at-11.27.26-AM-2.jpeg.webp","datePublished":"2026-09-04T03:21:20+00:00","breadcrumb":{"@id":"https:\/\/potenciaradiofonicadominicana.com\/portal\/inmigracion-detiene-en-ny-a-2100-personas-y-afirma-son-delincuentes-entre-ellas-figuran-dominicanos\/#breadcrumb"},"inLanguage":"es","potentialAction":[{"@type":"ReadAction","target":["https:\/\/potenciaradiofonicadominicana.com\/portal\/inmigracion-detiene-en-ny-a-2100-personas-y-afirma-son-delincuentes-entre-ellas-figuran-dominicanos\/"]}]},{"@type":"ImageObject","inLanguage":"es","@id":"https:\/\/potenciaradiofonicadominicana.com\/portal\/inmigracion-detiene-en-ny-a-2100-personas-y-afirma-son-delincuentes-entre-ellas-figuran-dominicanos\/#primaryimage","url":"https:\/\/potenciaradiofonicadominicana.com\/portal\/wp-content\/uploads\/2026\/09\/WhatsApp-Image-2026-08-17-at-11.27.26-AM-2.jpeg.webp","contentUrl":"https:\/\/potenciaradiofonicadominicana.com\/portal\/wp-content\/uploads\/2026\/09\/WhatsApp-Image-2026-08-17-at-11.27.26-AM-2.jpeg.webp","width":649,"height":413},{"@type":"BreadcrumbList","@id":"https:\/\/potenciaradiofonicadominicana.com\/portal\/inmigracion-detiene-en-ny-a-2100-personas-y-afirma-son-delincuentes-entre-ellas-figuran-dominicanos\/#breadcrumb","itemListElement":[{"@type":"ListItem","position":1,"name":"Portada","item":"https:\/\/potenciaradiofonicadominicana.com\/portal\/"},{"@type":"ListItem","position":2,"name":"Inmigraci\u00f3n detiene en NY a 2,100 personas y afirma son delincuentes; entre ellas figuran dominicanos"}]},{"@type":"WebSite","@id":"https:\/\/potenciaradiofonicadominicana.com\/portal\/#website","url":"https:\/\/potenciaradiofonicadominicana.com\/portal\/","name":"PotenciaRadiofonicaDominicana.com","description":"Peri\u00f3dico Digital","publisher":{"@id":"https:\/\/potenciaradiofonicadominicana.com\/portal\/#organization"},"potentialAction":[{"@type":"SearchAction","target":{"@type":"EntryPoint","urlTemplate":"https:\/\/potenciaradiofonicadominicana.com\/portal\/?s={search_term_string}"},"query-input":{"@type":"PropertyValueSpecification","valueRequired":true,"valueName":"search_term_string"}}],"inLanguage":"es"},{"@type":"Organization","@id":"https:\/\/potenciaradiofonicadominicana.com\/portal\/#organization","name":"PotenciaRadiofonicaDominicana.com","url":"https:\/\/potenciaradiofonicadominicana.com\/portal\/","logo":{"@type":"ImageObject","inLanguage":"es","@id":"https:\/\/potenciaradiofonicadominicana.com\/portal\/#\/schema\/logo\/image\/","url":"https:\/\/potenciaradiofonicadominicana.com\/portal\/wp-content\/uploads\/2022\/01\/descarga.png","contentUrl":"https:\/\/potenciaradiofonicadominicana.com\/portal\/wp-content\/uploads\/2022\/01\/descarga.png","width":300,"height":100,"caption":"PotenciaRadiofonicaDominicana.com"},"image":{"@id":"https:\/\/potenciaradiofonicadominicana.com\/portal\/#\/schema\/logo\/image\/"},"sameAs":["https:\/\/web.facebook.com\/PotenciaRadiofonicaD"]},{"@type":"Person","@id":"https:\/\/potenciaradiofonicadominicana.com\/portal\/#\/schema\/person\/a5cf1fea13877803ee0573ac18b03490","name":"Potencia Radiof\u00f3nica Dominicana","image":{"@type":"ImageObject","inLanguage":"es","@id":"https:\/\/potenciaradiofonicadominicana.com\/portal\/#\/schema\/person\/image\/","url":"https:\/\/secure.gravatar.com\/avatar\/42a55ab9e8ccc656ba34cd791990602a?s=96&d=mm&r=g","contentUrl":"https:\/\/secure.gravatar.com\/avatar\/42a55ab9e8ccc656ba34cd791990602a?s=96&d=mm&r=g","caption":"Potencia Radiof\u00f3nica Dominicana"},"url":"https:\/\/potenciaradiofonicadominicana.com\/portal\/author\/johannyalmanzar\/"}]}},"_links":{"self":[{"href":"https:\/\/potenciaradiofonicadominicana.com\/portal\/wp-json\/wp\/v2\/posts\/225291","targetHints":{"allow":["GET"]}}],"collection":[{"href":"https:\/\/potenciaradiofonicadominicana.com\/portal\/wp-json\/wp\/v2\/posts"}],"about":[{"href":"https:\/\/potenciaradiofonicadominicana.com\/portal\/wp-json\/wp\/v2\/types\/post"}],"author":[{"embeddable":true,"href":"https:\/\/potenciaradiofonicadominicana.com\/portal\/wp-json\/wp\/v2\/users\/2"}],"replies":[{"embeddable":true,"href":"https:\/\/potenciaradiofonicadominicana.com\/portal\/wp-json\/wp\/v2\/comments?post=225291"}],"version-history":[{"count":1,"href":"https:\/\/potenciaradiofonicadominicana.com\/portal\/wp-json\/wp\/v2\/posts\/225291\/revisions"}],"predecessor-version":[{"id":225293,"href":"https:\/\/potenciaradiofonicadominicana.com\/portal\/wp-json\/wp\/v2\/posts\/225291\/revisions\/225293"}],"wp:featuredmedia":[{"embeddable":true,"href":"https:\/\/potenciaradiofonicadominicana.com\/portal\/wp-json\/wp\/v2\/media\/225292"}],"wp:attachment":[{"href":"https:\/\/potenciaradiofonicadominicana.com\/portal\/wp-json\/wp\/v2\/media?parent=225291"}],"wp:term":[{"taxonomy":"category","embeddable":true,"href":"https:\/\/potenciaradiofonicadominicana.com\/portal\/wp-json\/wp\/v2\/categories?post=225291"},{"taxonomy":"post_tag","embeddable":true,"href":"https:\/\/potenciaradiofonicadominicana.com\/portal\/wp-json\/wp\/v2\/tags?post=225291"}],"curies":[{"name":"wp","href":"https:\/\/api.w.org\/{rel}","templated":true}]}}