{"id":225288,"date":"2026-09-03T23:19:32","date_gmt":"2026-09-04T03:19:32","guid":{"rendered":"https:\/\/potenciaradiofonicadominicana.com\/portal\/?p=225288"},"modified":"2026-09-03T23:19:32","modified_gmt":"2026-09-04T03:19:32","slug":"milei-pide-unidad-en-la-derecha-y-quitar-el-cancer-de-la-izquierda-en-el-foro-madrid","status":"publish","type":"post","link":"https:\/\/potenciaradiofonicadominicana.com\/portal\/milei-pide-unidad-en-la-derecha-y-quitar-el-cancer-de-la-izquierda-en-el-foro-madrid\/","title":{"rendered":"Milei pide unidad en la derecha y \u00abquitar el c\u00e1ncer de la izquierda\u00bb en el Foro Madrid"},"content":{"rendered":"<p><a href=\"https:\/\/potenciaradiofonicadominicana.com\/portal\/wp-content\/uploads\/2026\/09\/foro-madrid-1-scaled-e1788449847248.jpg\"><img loading=\"lazy\" decoding=\"async\" class=\"size-full wp-image-225289\" src=\"https:\/\/potenciaradiofonicadominicana.com\/portal\/wp-content\/uploads\/2026\/09\/foro-madrid-1-scaled-e1788449847248.jpg\" alt=\"\" width=\"2272\" height=\"1337\" srcset=\"https:\/\/potenciaradiofonicadominicana.com\/portal\/wp-content\/uploads\/2026\/09\/foro-madrid-1-scaled-e1788449847248.jpg 2272w, https:\/\/potenciaradiofonicadominicana.com\/portal\/wp-content\/uploads\/2026\/09\/foro-madrid-1-scaled-e1788449847248-300x177.jpg 300w, https:\/\/potenciaradiofonicadominicana.com\/portal\/wp-content\/uploads\/2026\/09\/foro-madrid-1-scaled-e1788449847248-1024x603.jpg 1024w, https:\/\/potenciaradiofonicadominicana.com\/portal\/wp-content\/uploads\/2026\/09\/foro-madrid-1-scaled-e1788449847248-768x452.jpg 768w, https:\/\/potenciaradiofonicadominicana.com\/portal\/wp-content\/uploads\/2026\/09\/foro-madrid-1-scaled-e1788449847248-1536x904.jpg 1536w, https:\/\/potenciaradiofonicadominicana.com\/portal\/wp-content\/uploads\/2026\/09\/foro-madrid-1-scaled-e1788449847248-2048x1205.jpg 2048w, https:\/\/potenciaradiofonicadominicana.com\/portal\/wp-content\/uploads\/2026\/09\/foro-madrid-1-scaled-e1788449847248-848x500.jpg 848w\" sizes=\"auto, (max-width: 2272px) 100vw, 2272px\" \/><\/a><\/p>\n<p class=\"wp-block-paragraph\">El presidente de Argentina,\u00a0<strong>Javier Milei,<\/strong>\u00a0llam\u00f3 este jueves a la unidad de la derecha regional y global y a\u00a0<strong>\u00abquitar el c\u00e1ncer de la izquierda de sus instituciones\u00bb<\/strong>, durante su intervenci\u00f3n en Santiago en el Foro Madrid, la alianza internacional de dirigentes impulsada por la fundaci\u00f3n espa\u00f1ola de extrema derecha Disenso.<\/p>\n<p class=\"wp-block-paragraph\">\u00abLa derecha tambi\u00e9n se tiene que organizar, si ellos tuvieron su Internacional Socialista, nosotros tenemos que profundizar nuestros lazos de amistad en nuestra propia red internacional tanto en la regi\u00f3n como en el mundo\u00bb, asegur\u00f3 Milei en el discurso de apertura del V Encuentro Regional, realizado en el centro de eventos San Carlos de Apoquindo de la capital.<\/p>\n<p class=\"wp-block-paragraph\">El mandatario argentino advirti\u00f3 que se trata de \u00abuna batalla a nivel global en la que cada una de nuestras naciones debe contribuir orden\u00e1ndose puertas adentro, quitando el c\u00e1ncer de la izquierda de sus propias instituciones para convertirse en un miembro fuerte de la alianza internacional de las ideas de la libertad\u00bb.<\/p>\n<h2 id=\"h-el-llamado-de-milei-a-la-union-de-la-derecha\" class=\"wp-block-heading\">El llamado de Milei a la uni\u00f3n de la derecha<\/h2>\n<p class=\"wp-block-paragraph\">Milei ahond\u00f3 en la idea de un frente com\u00fan y asegur\u00f3 que \u00abcuando el deber llama todo est\u00e1 permitido, excepto no acudir a \u00e9l, pero es necesario identificar a qu\u00e9 nos enfrentamos porque si no identificamos a nuestro adversario estamos destinados a perder frente a \u00e9l\u00bb.<\/p>\n<p class=\"wp-block-paragraph\">El l\u00edder ultraliberal acus\u00f3 que la izquierda \u00absiguen buscando la manera de volver (al poder), desestabilizan, generan p\u00e1nico, mandan a sus milicias infundir temor en la poblaci\u00f3n y utilizan los medios de comunicaci\u00f3n para mentir y sobre todo avanzan sobre cada una de las instituciones para usarlas como plataformas de sus ideas, se aprovechan de la pluralidad para entrar y cerrar la puerta bajo llave cuando tienen el control\u00bb.<\/p>\n<p class=\"wp-block-paragraph\">Por ello, Milei argument\u00f3 que \u00abno podemos permanecer separados porque podemos ignorar el problema, pero el problema no nos va a ignorar a nosotros. Tenemos que dejar de lado nuestras diferencias y concentrarnos en lo que nos une, somos los que ponemos la libertad del ser humano en el centro de nuestro modelo\u00bb, dijo.<\/p>\n<p class=\"wp-block-paragraph\">En su discurso ante pol\u00edticos de la derecha y\u00a0la extrema derecha americanas, dijo que en el sector \u00absomos los que saben que hay que castigar a los delincuentes con mano dura y somos los que le hacen frente a los graves problemas de seguridad de nuestro continente como el narcotr\u00e1fico\u00bb.<\/p>\n<h2 id=\"h-sin-olvidar-de-espana\" class=\"wp-block-heading\">Sin olvidar de Espa\u00f1a<\/h2>\n<p class=\"wp-block-paragraph\">Milei, quien envi\u00f3 un saludo al presidente del partido espa\u00f1ol Vox y de Disenso, Santiago Abascal, que no viaj\u00f3 al foro, arremeti\u00f3 contra la izquierda en Europa y, especialmente, contra el Presidente del Gobierno de Espa\u00f1a, Pedro S\u00e1nchez.<\/p>\n<p class=\"wp-block-paragraph\">\u00abLamentablemente Europa, la cuna de nuestra civilizaci\u00f3n, est\u00e1 siendo gobernada en el plano nacional y supranacional por bur\u00f3cratas empecinados en destruir todo lo que somos. Una izquierda radical se ha hecho con el control institucional a lo largo y ancho del continente\u00bb, se\u00f1al\u00f3.<\/p>\n<p class=\"wp-block-paragraph\">Y luego a\u00f1adi\u00f3: \u00abEspa\u00f1a es un ejemplo claro, Pedro S\u00e1nchez y el Psoe est\u00e1n facilitando la inmigraci\u00f3n descontrolada por un lado y degradando la identidad espa\u00f1ola por el otro, les ense\u00f1an a los espa\u00f1oles a odiarse y tener verg\u00fcenza de s\u00ed mismos allanando el camino para las hordas extranjeras que terminar\u00e1n reemplaz\u00e1ndolos\u00bb.<\/p>\n<h2 id=\"h-antidoto-contra-los-zurdos-0\" class=\"wp-block-heading\">\u00abAnt\u00eddoto contra los zurdos\u00bb<\/h2>\n<p class=\"wp-block-paragraph\">Milei hizo un repaso por su gesti\u00f3n mediante la exposici\u00f3n de cifras con las que asegur\u00f3 encamina a \u00abla Argentina a ser grande nuevamente\u00bb, y en ese sentido dijo que \u00abel mejor ant\u00eddoto contra estos zurdos mugrosos, negadores de la realidad, son los datos\u00bb.<\/p>\n<p class=\"wp-block-paragraph\">\u00abA ellos no les interesa solucionar nada, solo les interesa esparcir su ideolog\u00eda para volver a conquistar el poder sobre las arcas p\u00fablicas para usarlas como bot\u00edn de guerra mientras mantienen a la poblaci\u00f3n esclavizada tributariamente, si no vean lo que hace Pedrito en Espa\u00f1a \u00bfno?, digo le est\u00e1n encontrando (\u2026) est\u00e1 m\u00e1s sucio que una papa, y bien que se ofendi\u00f3 cuando \u00e9l y toda la gentuza que lo rodea, cuando le dije que eran un gobierno de ladrones y parece que los hechos lo confirman\u00bb.<\/p>\n<p class=\"wp-block-paragraph\">Finalmente, Milei se refiri\u00f3 al contexto de cambio pol\u00edtico, tras los triunfos electorales del sector, lo cual considera un s\u00edntoma de avance.<\/p>\n<p class=\"wp-block-paragraph\">\u00abHoy el continente entero se est\u00e1 orientando hacia los valores que hicieron un grande a Occidente, incluso luego de d\u00e9cadas de adoctrinamiento socialista, poco a poco le hemos demostrado que no les tenemos miedo y que estamos dispuestos a salvar nuestra civilizaci\u00f3n y nuestro modo de vida\u00bb.<\/p>\n","protected":false},"excerpt":{"rendered":"<p>El presidente de Argentina,\u00a0Javier Milei,\u00a0llam\u00f3 este jueves a la unidad de la derecha regional y global y a\u00a0\u00abquitar el c\u00e1ncer &#8230;<\/p>\n","protected":false},"author":2,"featured_media":225289,"comment_status":"closed","ping_status":"closed","sticky":false,"template":"","format":"standard","meta":{"footnotes":""},"categories":[30],"tags":[],"class_list":["post-225288","post","type-post","status-publish","format-standard","has-post-thumbnail","hentry","category-internacional"],"yoast_head":"<!-- This site is optimized with the Yoast SEO plugin v24.8.1 - https:\/\/yoast.com\/wordpress\/plugins\/seo\/ -->\n<title>Milei pide unidad en la derecha y \u00abquitar el c\u00e1ncer de la izquierda\u00bb en el Foro Madrid - PotenciaRadiofonicaDominicana.com<\/title>\n<meta name=\"robots\" content=\"index, follow, max-snippet:-1, max-image-preview:large, max-video-preview:-1\" \/>\n<link rel=\"canonical\" href=\"https:\/\/potenciaradiofonicadominicana.com\/portal\/milei-pide-unidad-en-la-derecha-y-quitar-el-cancer-de-la-izquierda-en-el-foro-madrid\/\" \/>\n<meta property=\"og:locale\" content=\"es_ES\" \/>\n<meta property=\"og:type\" content=\"article\" \/>\n<meta property=\"og:title\" content=\"Milei pide unidad en la derecha y \u00abquitar el c\u00e1ncer de la izquierda\u00bb en el Foro Madrid - PotenciaRadiofonicaDominicana.com\" \/>\n<meta property=\"og:description\" content=\"El presidente de Argentina,\u00a0Javier Milei,\u00a0llam\u00f3 este jueves a la unidad de la derecha regional y global y a\u00a0\u00abquitar el c\u00e1ncer ...\" \/>\n<meta property=\"og:url\" content=\"https:\/\/potenciaradiofonicadominicana.com\/portal\/milei-pide-unidad-en-la-derecha-y-quitar-el-cancer-de-la-izquierda-en-el-foro-madrid\/\" \/>\n<meta property=\"og:site_name\" content=\"PotenciaRadiofonicaDominicana.com\" \/>\n<meta property=\"article:publisher\" content=\"https:\/\/web.facebook.com\/PotenciaRadiofonicaD\" \/>\n<meta property=\"article:published_time\" content=\"2026-09-04T03:19:32+00:00\" \/>\n<meta property=\"og:image\" content=\"https:\/\/potenciaradiofonicadominicana.com\/portal\/wp-content\/uploads\/2026\/09\/foro-madrid-1-scaled-e1788449847248.jpg\" \/>\n\t<meta property=\"og:image:width\" content=\"2272\" \/>\n\t<meta property=\"og:image:height\" content=\"1337\" \/>\n\t<meta property=\"og:image:type\" content=\"image\/jpeg\" \/>\n<meta name=\"author\" content=\"Potencia Radiof\u00f3nica Dominicana\" \/>\n<meta name=\"twitter:card\" content=\"summary_large_image\" \/>\n<meta name=\"twitter:label1\" content=\"Escrito por\" \/>\n\t<meta name=\"twitter:data1\" content=\"Potencia Radiof\u00f3nica Dominicana\" \/>\n\t<meta name=\"twitter:label2\" content=\"Tiempo de lectura\" \/>\n\t<meta name=\"twitter:data2\" content=\"4 minutos\" \/>\n<script type=\"application\/ld+json\" class=\"yoast-schema-graph\">{\"@context\":\"https:\/\/schema.org\",\"@graph\":[{\"@type\":\"Article\",\"@id\":\"https:\/\/potenciaradiofonicadominicana.com\/portal\/milei-pide-unidad-en-la-derecha-y-quitar-el-cancer-de-la-izquierda-en-el-foro-madrid\/#article\",\"isPartOf\":{\"@id\":\"https:\/\/potenciaradiofonicadominicana.com\/portal\/milei-pide-unidad-en-la-derecha-y-quitar-el-cancer-de-la-izquierda-en-el-foro-madrid\/\"},\"author\":{\"name\":\"Potencia Radiof\u00f3nica Dominicana\",\"@id\":\"https:\/\/potenciaradiofonicadominicana.com\/portal\/#\/schema\/person\/a5cf1fea13877803ee0573ac18b03490\"},\"headline\":\"Milei pide unidad en la derecha y \u00abquitar el c\u00e1ncer de la izquierda\u00bb en el Foro Madrid\",\"datePublished\":\"2026-09-04T03:19:32+00:00\",\"mainEntityOfPage\":{\"@id\":\"https:\/\/potenciaradiofonicadominicana.com\/portal\/milei-pide-unidad-en-la-derecha-y-quitar-el-cancer-de-la-izquierda-en-el-foro-madrid\/\"},\"wordCount\":799,\"publisher\":{\"@id\":\"https:\/\/potenciaradiofonicadominicana.com\/portal\/#organization\"},\"image\":{\"@id\":\"https:\/\/potenciaradiofonicadominicana.com\/portal\/milei-pide-unidad-en-la-derecha-y-quitar-el-cancer-de-la-izquierda-en-el-foro-madrid\/#primaryimage\"},\"thumbnailUrl\":\"https:\/\/potenciaradiofonicadominicana.com\/portal\/wp-content\/uploads\/2026\/09\/foro-madrid-1-scaled-e1788449847248.jpg\",\"articleSection\":[\"Internacional\"],\"inLanguage\":\"es\"},{\"@type\":\"WebPage\",\"@id\":\"https:\/\/potenciaradiofonicadominicana.com\/portal\/milei-pide-unidad-en-la-derecha-y-quitar-el-cancer-de-la-izquierda-en-el-foro-madrid\/\",\"url\":\"https:\/\/potenciaradiofonicadominicana.com\/portal\/milei-pide-unidad-en-la-derecha-y-quitar-el-cancer-de-la-izquierda-en-el-foro-madrid\/\",\"name\":\"Milei pide unidad en la derecha y \u00abquitar el c\u00e1ncer de la izquierda\u00bb en el Foro Madrid - PotenciaRadiofonicaDominicana.com\",\"isPartOf\":{\"@id\":\"https:\/\/potenciaradiofonicadominicana.com\/portal\/#website\"},\"primaryImageOfPage\":{\"@id\":\"https:\/\/potenciaradiofonicadominicana.com\/portal\/milei-pide-unidad-en-la-derecha-y-quitar-el-cancer-de-la-izquierda-en-el-foro-madrid\/#primaryimage\"},\"image\":{\"@id\":\"https:\/\/potenciaradiofonicadominicana.com\/portal\/milei-pide-unidad-en-la-derecha-y-quitar-el-cancer-de-la-izquierda-en-el-foro-madrid\/#primaryimage\"},\"thumbnailUrl\":\"https:\/\/potenciaradiofonicadominicana.com\/portal\/wp-content\/uploads\/2026\/09\/foro-madrid-1-scaled-e1788449847248.jpg\",\"datePublished\":\"2026-09-04T03:19:32+00:00\",\"breadcrumb\":{\"@id\":\"https:\/\/potenciaradiofonicadominicana.com\/portal\/milei-pide-unidad-en-la-derecha-y-quitar-el-cancer-de-la-izquierda-en-el-foro-madrid\/#breadcrumb\"},\"inLanguage\":\"es\",\"potentialAction\":[{\"@type\":\"ReadAction\",\"target\":[\"https:\/\/potenciaradiofonicadominicana.com\/portal\/milei-pide-unidad-en-la-derecha-y-quitar-el-cancer-de-la-izquierda-en-el-foro-madrid\/\"]}]},{\"@type\":\"ImageObject\",\"inLanguage\":\"es\",\"@id\":\"https:\/\/potenciaradiofonicadominicana.com\/portal\/milei-pide-unidad-en-la-derecha-y-quitar-el-cancer-de-la-izquierda-en-el-foro-madrid\/#primaryimage\",\"url\":\"https:\/\/potenciaradiofonicadominicana.com\/portal\/wp-content\/uploads\/2026\/09\/foro-madrid-1-scaled-e1788449847248.jpg\",\"contentUrl\":\"https:\/\/potenciaradiofonicadominicana.com\/portal\/wp-content\/uploads\/2026\/09\/foro-madrid-1-scaled-e1788449847248.jpg\",\"width\":2272,\"height\":1337,\"caption\":\"3 de septiembre de 2026 \/ SANTIAGO El Presidente de Argentina, Javier Milei, habla en el Foro de Madris que se realiza en el Centro de evento Casa Piedra en la comuna de Las Condes. FOTO: SEBASTI\u00c1N BELTR\u00c1N GAETE \/AGENCIAUNO\"},{\"@type\":\"BreadcrumbList\",\"@id\":\"https:\/\/potenciaradiofonicadominicana.com\/portal\/milei-pide-unidad-en-la-derecha-y-quitar-el-cancer-de-la-izquierda-en-el-foro-madrid\/#breadcrumb\",\"itemListElement\":[{\"@type\":\"ListItem\",\"position\":1,\"name\":\"Portada\",\"item\":\"https:\/\/potenciaradiofonicadominicana.com\/portal\/\"},{\"@type\":\"ListItem\",\"position\":2,\"name\":\"Milei pide unidad en la derecha y \u00abquitar el c\u00e1ncer de la izquierda\u00bb en el Foro Madrid\"}]},{\"@type\":\"WebSite\",\"@id\":\"https:\/\/potenciaradiofonicadominicana.com\/portal\/#website\",\"url\":\"https:\/\/potenciaradiofonicadominicana.com\/portal\/\",\"name\":\"PotenciaRadiofonicaDominicana.com\",\"description\":\"Peri\u00f3dico Digital\",\"publisher\":{\"@id\":\"https:\/\/potenciaradiofonicadominicana.com\/portal\/#organization\"},\"potentialAction\":[{\"@type\":\"SearchAction\",\"target\":{\"@type\":\"EntryPoint\",\"urlTemplate\":\"https:\/\/potenciaradiofonicadominicana.com\/portal\/?s={search_term_string}\"},\"query-input\":{\"@type\":\"PropertyValueSpecification\",\"valueRequired\":true,\"valueName\":\"search_term_string\"}}],\"inLanguage\":\"es\"},{\"@type\":\"Organization\",\"@id\":\"https:\/\/potenciaradiofonicadominicana.com\/portal\/#organization\",\"name\":\"PotenciaRadiofonicaDominicana.com\",\"url\":\"https:\/\/potenciaradiofonicadominicana.com\/portal\/\",\"logo\":{\"@type\":\"ImageObject\",\"inLanguage\":\"es\",\"@id\":\"https:\/\/potenciaradiofonicadominicana.com\/portal\/#\/schema\/logo\/image\/\",\"url\":\"https:\/\/potenciaradiofonicadominicana.com\/portal\/wp-content\/uploads\/2022\/01\/descarga.png\",\"contentUrl\":\"https:\/\/potenciaradiofonicadominicana.com\/portal\/wp-content\/uploads\/2022\/01\/descarga.png\",\"width\":300,\"height\":100,\"caption\":\"PotenciaRadiofonicaDominicana.com\"},\"image\":{\"@id\":\"https:\/\/potenciaradiofonicadominicana.com\/portal\/#\/schema\/logo\/image\/\"},\"sameAs\":[\"https:\/\/web.facebook.com\/PotenciaRadiofonicaD\"]},{\"@type\":\"Person\",\"@id\":\"https:\/\/potenciaradiofonicadominicana.com\/portal\/#\/schema\/person\/a5cf1fea13877803ee0573ac18b03490\",\"name\":\"Potencia Radiof\u00f3nica Dominicana\",\"image\":{\"@type\":\"ImageObject\",\"inLanguage\":\"es\",\"@id\":\"https:\/\/potenciaradiofonicadominicana.com\/portal\/#\/schema\/person\/image\/\",\"url\":\"https:\/\/secure.gravatar.com\/avatar\/42a55ab9e8ccc656ba34cd791990602a?s=96&d=mm&r=g\",\"contentUrl\":\"https:\/\/secure.gravatar.com\/avatar\/42a55ab9e8ccc656ba34cd791990602a?s=96&d=mm&r=g\",\"caption\":\"Potencia Radiof\u00f3nica Dominicana\"},\"url\":\"https:\/\/potenciaradiofonicadominicana.com\/portal\/author\/johannyalmanzar\/\"}]}<\/script>\n<!-- \/ Yoast SEO plugin. -->","yoast_head_json":{"title":"Milei pide unidad en la derecha y \u00abquitar el c\u00e1ncer de la izquierda\u00bb en el Foro Madrid - PotenciaRadiofonicaDominicana.com","robots":{"index":"index","follow":"follow","max-snippet":"max-snippet:-1","max-image-preview":"max-image-preview:large","max-video-preview":"max-video-preview:-1"},"canonical":"https:\/\/potenciaradiofonicadominicana.com\/portal\/milei-pide-unidad-en-la-derecha-y-quitar-el-cancer-de-la-izquierda-en-el-foro-madrid\/","og_locale":"es_ES","og_type":"article","og_title":"Milei pide unidad en la derecha y \u00abquitar el c\u00e1ncer de la izquierda\u00bb en el Foro Madrid - PotenciaRadiofonicaDominicana.com","og_description":"El presidente de Argentina,\u00a0Javier Milei,\u00a0llam\u00f3 este jueves a la unidad de la derecha regional y global y a\u00a0\u00abquitar el c\u00e1ncer ...","og_url":"https:\/\/potenciaradiofonicadominicana.com\/portal\/milei-pide-unidad-en-la-derecha-y-quitar-el-cancer-de-la-izquierda-en-el-foro-madrid\/","og_site_name":"PotenciaRadiofonicaDominicana.com","article_publisher":"https:\/\/web.facebook.com\/PotenciaRadiofonicaD","article_published_time":"2026-09-04T03:19:32+00:00","og_image":[{"width":2272,"height":1337,"url":"https:\/\/potenciaradiofonicadominicana.com\/portal\/wp-content\/uploads\/2026\/09\/foro-madrid-1-scaled-e1788449847248.jpg","type":"image\/jpeg"}],"author":"Potencia Radiof\u00f3nica Dominicana","twitter_card":"summary_large_image","twitter_misc":{"Escrito por":"Potencia Radiof\u00f3nica Dominicana","Tiempo de lectura":"4 minutos"},"schema":{"@context":"https:\/\/schema.org","@graph":[{"@type":"Article","@id":"https:\/\/potenciaradiofonicadominicana.com\/portal\/milei-pide-unidad-en-la-derecha-y-quitar-el-cancer-de-la-izquierda-en-el-foro-madrid\/#article","isPartOf":{"@id":"https:\/\/potenciaradiofonicadominicana.com\/portal\/milei-pide-unidad-en-la-derecha-y-quitar-el-cancer-de-la-izquierda-en-el-foro-madrid\/"},"author":{"name":"Potencia Radiof\u00f3nica Dominicana","@id":"https:\/\/potenciaradiofonicadominicana.com\/portal\/#\/schema\/person\/a5cf1fea13877803ee0573ac18b03490"},"headline":"Milei pide unidad en la derecha y \u00abquitar el c\u00e1ncer de la izquierda\u00bb en el Foro Madrid","datePublished":"2026-09-04T03:19:32+00:00","mainEntityOfPage":{"@id":"https:\/\/potenciaradiofonicadominicana.com\/portal\/milei-pide-unidad-en-la-derecha-y-quitar-el-cancer-de-la-izquierda-en-el-foro-madrid\/"},"wordCount":799,"publisher":{"@id":"https:\/\/potenciaradiofonicadominicana.com\/portal\/#organization"},"image":{"@id":"https:\/\/potenciaradiofonicadominicana.com\/portal\/milei-pide-unidad-en-la-derecha-y-quitar-el-cancer-de-la-izquierda-en-el-foro-madrid\/#primaryimage"},"thumbnailUrl":"https:\/\/potenciaradiofonicadominicana.com\/portal\/wp-content\/uploads\/2026\/09\/foro-madrid-1-scaled-e1788449847248.jpg","articleSection":["Internacional"],"inLanguage":"es"},{"@type":"WebPage","@id":"https:\/\/potenciaradiofonicadominicana.com\/portal\/milei-pide-unidad-en-la-derecha-y-quitar-el-cancer-de-la-izquierda-en-el-foro-madrid\/","url":"https:\/\/potenciaradiofonicadominicana.com\/portal\/milei-pide-unidad-en-la-derecha-y-quitar-el-cancer-de-la-izquierda-en-el-foro-madrid\/","name":"Milei pide unidad en la derecha y \u00abquitar el c\u00e1ncer de la izquierda\u00bb en el Foro Madrid - PotenciaRadiofonicaDominicana.com","isPartOf":{"@id":"https:\/\/potenciaradiofonicadominicana.com\/portal\/#website"},"primaryImageOfPage":{"@id":"https:\/\/potenciaradiofonicadominicana.com\/portal\/milei-pide-unidad-en-la-derecha-y-quitar-el-cancer-de-la-izquierda-en-el-foro-madrid\/#primaryimage"},"image":{"@id":"https:\/\/potenciaradiofonicadominicana.com\/portal\/milei-pide-unidad-en-la-derecha-y-quitar-el-cancer-de-la-izquierda-en-el-foro-madrid\/#primaryimage"},"thumbnailUrl":"https:\/\/potenciaradiofonicadominicana.com\/portal\/wp-content\/uploads\/2026\/09\/foro-madrid-1-scaled-e1788449847248.jpg","datePublished":"2026-09-04T03:19:32+00:00","breadcrumb":{"@id":"https:\/\/potenciaradiofonicadominicana.com\/portal\/milei-pide-unidad-en-la-derecha-y-quitar-el-cancer-de-la-izquierda-en-el-foro-madrid\/#breadcrumb"},"inLanguage":"es","potentialAction":[{"@type":"ReadAction","target":["https:\/\/potenciaradiofonicadominicana.com\/portal\/milei-pide-unidad-en-la-derecha-y-quitar-el-cancer-de-la-izquierda-en-el-foro-madrid\/"]}]},{"@type":"ImageObject","inLanguage":"es","@id":"https:\/\/potenciaradiofonicadominicana.com\/portal\/milei-pide-unidad-en-la-derecha-y-quitar-el-cancer-de-la-izquierda-en-el-foro-madrid\/#primaryimage","url":"https:\/\/potenciaradiofonicadominicana.com\/portal\/wp-content\/uploads\/2026\/09\/foro-madrid-1-scaled-e1788449847248.jpg","contentUrl":"https:\/\/potenciaradiofonicadominicana.com\/portal\/wp-content\/uploads\/2026\/09\/foro-madrid-1-scaled-e1788449847248.jpg","width":2272,"height":1337,"caption":"3 de septiembre de 2026 \/ SANTIAGO El Presidente de Argentina, Javier Milei, habla en el Foro de Madris que se realiza en el Centro de evento Casa Piedra en la comuna de Las Condes. FOTO: SEBASTI\u00c1N BELTR\u00c1N GAETE \/AGENCIAUNO"},{"@type":"BreadcrumbList","@id":"https:\/\/potenciaradiofonicadominicana.com\/portal\/milei-pide-unidad-en-la-derecha-y-quitar-el-cancer-de-la-izquierda-en-el-foro-madrid\/#breadcrumb","itemListElement":[{"@type":"ListItem","position":1,"name":"Portada","item":"https:\/\/potenciaradiofonicadominicana.com\/portal\/"},{"@type":"ListItem","position":2,"name":"Milei pide unidad en la derecha y \u00abquitar el c\u00e1ncer de la izquierda\u00bb en el Foro Madrid"}]},{"@type":"WebSite","@id":"https:\/\/potenciaradiofonicadominicana.com\/portal\/#website","url":"https:\/\/potenciaradiofonicadominicana.com\/portal\/","name":"PotenciaRadiofonicaDominicana.com","description":"Peri\u00f3dico Digital","publisher":{"@id":"https:\/\/potenciaradiofonicadominicana.com\/portal\/#organization"},"potentialAction":[{"@type":"SearchAction","target":{"@type":"EntryPoint","urlTemplate":"https:\/\/potenciaradiofonicadominicana.com\/portal\/?s={search_term_string}"},"query-input":{"@type":"PropertyValueSpecification","valueRequired":true,"valueName":"search_term_string"}}],"inLanguage":"es"},{"@type":"Organization","@id":"https:\/\/potenciaradiofonicadominicana.com\/portal\/#organization","name":"PotenciaRadiofonicaDominicana.com","url":"https:\/\/potenciaradiofonicadominicana.com\/portal\/","logo":{"@type":"ImageObject","inLanguage":"es","@id":"https:\/\/potenciaradiofonicadominicana.com\/portal\/#\/schema\/logo\/image\/","url":"https:\/\/potenciaradiofonicadominicana.com\/portal\/wp-content\/uploads\/2022\/01\/descarga.png","contentUrl":"https:\/\/potenciaradiofonicadominicana.com\/portal\/wp-content\/uploads\/2022\/01\/descarga.png","width":300,"height":100,"caption":"PotenciaRadiofonicaDominicana.com"},"image":{"@id":"https:\/\/potenciaradiofonicadominicana.com\/portal\/#\/schema\/logo\/image\/"},"sameAs":["https:\/\/web.facebook.com\/PotenciaRadiofonicaD"]},{"@type":"Person","@id":"https:\/\/potenciaradiofonicadominicana.com\/portal\/#\/schema\/person\/a5cf1fea13877803ee0573ac18b03490","name":"Potencia Radiof\u00f3nica Dominicana","image":{"@type":"ImageObject","inLanguage":"es","@id":"https:\/\/potenciaradiofonicadominicana.com\/portal\/#\/schema\/person\/image\/","url":"https:\/\/secure.gravatar.com\/avatar\/42a55ab9e8ccc656ba34cd791990602a?s=96&d=mm&r=g","contentUrl":"https:\/\/secure.gravatar.com\/avatar\/42a55ab9e8ccc656ba34cd791990602a?s=96&d=mm&r=g","caption":"Potencia Radiof\u00f3nica Dominicana"},"url":"https:\/\/potenciaradiofonicadominicana.com\/portal\/author\/johannyalmanzar\/"}]}},"_links":{"self":[{"href":"https:\/\/potenciaradiofonicadominicana.com\/portal\/wp-json\/wp\/v2\/posts\/225288","targetHints":{"allow":["GET"]}}],"collection":[{"href":"https:\/\/potenciaradiofonicadominicana.com\/portal\/wp-json\/wp\/v2\/posts"}],"about":[{"href":"https:\/\/potenciaradiofonicadominicana.com\/portal\/wp-json\/wp\/v2\/types\/post"}],"author":[{"embeddable":true,"href":"https:\/\/potenciaradiofonicadominicana.com\/portal\/wp-json\/wp\/v2\/users\/2"}],"replies":[{"embeddable":true,"href":"https:\/\/potenciaradiofonicadominicana.com\/portal\/wp-json\/wp\/v2\/comments?post=225288"}],"version-history":[{"count":1,"href":"https:\/\/potenciaradiofonicadominicana.com\/portal\/wp-json\/wp\/v2\/posts\/225288\/revisions"}],"predecessor-version":[{"id":225290,"href":"https:\/\/potenciaradiofonicadominicana.com\/portal\/wp-json\/wp\/v2\/posts\/225288\/revisions\/225290"}],"wp:featuredmedia":[{"embeddable":true,"href":"https:\/\/potenciaradiofonicadominicana.com\/portal\/wp-json\/wp\/v2\/media\/225289"}],"wp:attachment":[{"href":"https:\/\/potenciaradiofonicadominicana.com\/portal\/wp-json\/wp\/v2\/media?parent=225288"}],"wp:term":[{"taxonomy":"category","embeddable":true,"href":"https:\/\/potenciaradiofonicadominicana.com\/portal\/wp-json\/wp\/v2\/categories?post=225288"},{"taxonomy":"post_tag","embeddable":true,"href":"https:\/\/potenciaradiofonicadominicana.com\/portal\/wp-json\/wp\/v2\/tags?post=225288"}],"curies":[{"name":"wp","href":"https:\/\/api.w.org\/{rel}","templated":true}]}}