{"id":225285,"date":"2026-09-03T23:18:17","date_gmt":"2026-09-04T03:18:17","guid":{"rendered":"https:\/\/potenciaradiofonicadominicana.com\/portal\/?p=225285"},"modified":"2026-09-03T23:18:17","modified_gmt":"2026-09-04T03:18:17","slug":"el-primer-ministro-de-san-cristobal-y-nieves-sufre-un-derrame-cerebral-es-atendido-en-martinica","status":"publish","type":"post","link":"https:\/\/potenciaradiofonicadominicana.com\/portal\/el-primer-ministro-de-san-cristobal-y-nieves-sufre-un-derrame-cerebral-es-atendido-en-martinica\/","title":{"rendered":"El primer ministro de San Crist\u00f3bal y Nieves sufre un derrame cerebral; es atendido en Martinica"},"content":{"rendered":"<p><a href=\"https:\/\/potenciaradiofonicadominicana.com\/portal\/wp-content\/uploads\/2026\/09\/Honourable-Dr.-Terrance-M.-Drew-Featured-Image.jpg\"><img loading=\"lazy\" decoding=\"async\" class=\"alignnone size-full wp-image-225286\" src=\"https:\/\/potenciaradiofonicadominicana.com\/portal\/wp-content\/uploads\/2026\/09\/Honourable-Dr.-Terrance-M.-Drew-Featured-Image.jpg\" alt=\"\" width=\"800\" height=\"445\" srcset=\"https:\/\/potenciaradiofonicadominicana.com\/portal\/wp-content\/uploads\/2026\/09\/Honourable-Dr.-Terrance-M.-Drew-Featured-Image.jpg 800w, https:\/\/potenciaradiofonicadominicana.com\/portal\/wp-content\/uploads\/2026\/09\/Honourable-Dr.-Terrance-M.-Drew-Featured-Image-300x167.jpg 300w, https:\/\/potenciaradiofonicadominicana.com\/portal\/wp-content\/uploads\/2026\/09\/Honourable-Dr.-Terrance-M.-Drew-Featured-Image-768x427.jpg 768w\" sizes=\"auto, (max-width: 800px) 100vw, 800px\" \/><\/a><\/p>\n<p class=\"wp-block-paragraph\">El primer ministro de la isla caribe\u00f1a de San Crist\u00f3bal y Nieves, Terrance Drew, sufri\u00f3 un derrame cerebral y fue atendido en el Hospital Universitario de Martinica, seg\u00fan publican este jueves medios caribe\u00f1os, aunque fuentes oficiales a\u00fan no confirman el hecho.<\/p>\n<p class=\"wp-block-paragraph\">De acuerdo con el diario local Martinique La Premi\u00e8re, Drew, de 49 a\u00f1os, ingres\u00f3 en la unidad de cuidados intensivos del hospital el pasado lunes por la noche despu\u00e9s de experimentar dolores de cabeza y n\u00e1useas.<\/p>\n<p class=\"wp-block-paragraph\">La publicaci\u00f3n indic\u00f3 que Drew qued\u00f3 bajo observaci\u00f3n y fue tratado por un equipo de cuidados intensivos, dirigido por Dabor Resi\u00e8re.<\/p>\n<p class=\"wp-block-paragraph\">El galeno asegur\u00f3 que el estado de salud de Drew se estabiliz\u00f3 tras el tratamiento y que no se espera que sufra\u00a0secuelas permanentes.<\/p>\n<p class=\"wp-block-paragraph\">El peri\u00f3dico tambi\u00e9n inform\u00f3 que Drew expres\u00f3 su gratitud por la atenci\u00f3n brindada por los profesionales de la salud en Martinica y tiene la intenci\u00f3n de conversar sobre la calidad y disponibilidad de la atenci\u00f3n m\u00e9dica all\u00ed con otros l\u00edderes de la Comunidad del Caribe.<\/p>\n<h2 id=\"h-escasa-informacion-oficial-sobre-el-primer-ministro\" class=\"wp-block-heading\">Escasa informaci\u00f3n oficial sobre el primer ministro<\/h2>\n<p class=\"wp-block-paragraph\">El diagn\u00f3stico de derrame cerebral informado no ha sido confirmado p\u00fablicamente por el Gobierno de San Crist\u00f3bal y Nieves ni por el equipo m\u00e9dico de Drew.<\/p>\n<p class=\"wp-block-paragraph\">En su actualizaci\u00f3n oficial m\u00e1s reciente, emitida el lunes, la Secretar\u00eda del Gabinete dijo que Drew hab\u00eda llegado a un centro m\u00e9dico no revelado en el extranjero y estaba sometiendo a pruebas diagn\u00f3sticas programadas y evaluaciones por especialistas.<\/p>\n<p class=\"wp-block-paragraph\">El Gobierno dijo que Drew permanec\u00eda en condici\u00f3n estable, plenamente alerta y de buen \u00e1nimo, y que los especialistas del centro en el extranjero hab\u00edan consultado directamente con el equipo cl\u00ednico del Hospital General Joseph N. France en Basseterre para revisar sus registros m\u00e9dicos y coordinar su plan de atenci\u00f3n.<\/p>\n<p class=\"wp-block-paragraph\">El Gobierno de San Crist\u00f3bal y Nieves hab\u00eda dicho anteriormente que Drew acudi\u00f3 a dicho hospital el domingo por la noche despu\u00e9s de experimentar una leve molestia, n\u00e1useas y dolor de cabeza.<\/p>\n<p class=\"wp-block-paragraph\">Fue ingresado para observaci\u00f3n y se someti\u00f3 a una evaluaci\u00f3n cl\u00ednica y revisiones diagn\u00f3sticas.<\/p>\n<p class=\"wp-block-paragraph\">La Secretar\u00eda del Gabinete dijo que sus m\u00e9dicos lo encontraron despierto, alerta y en condici\u00f3n estable, y recomendaron que fuera trasladado al extranjero para observaci\u00f3n especializada y monitoreo preventivo.<\/p>\n","protected":false},"excerpt":{"rendered":"<p>El primer ministro de la isla caribe\u00f1a de San Crist\u00f3bal y Nieves, Terrance Drew, sufri\u00f3 un derrame cerebral y fue &#8230;<\/p>\n","protected":false},"author":2,"featured_media":225286,"comment_status":"closed","ping_status":"closed","sticky":false,"template":"","format":"standard","meta":{"footnotes":""},"categories":[30],"tags":[],"class_list":["post-225285","post","type-post","status-publish","format-standard","has-post-thumbnail","hentry","category-internacional"],"yoast_head":"<!-- This site is optimized with the Yoast SEO plugin v24.8.1 - https:\/\/yoast.com\/wordpress\/plugins\/seo\/ -->\n<title>El primer ministro de San Crist\u00f3bal y Nieves sufre un derrame cerebral; es atendido en Martinica - PotenciaRadiofonicaDominicana.com<\/title>\n<meta name=\"robots\" content=\"index, follow, max-snippet:-1, max-image-preview:large, max-video-preview:-1\" \/>\n<link rel=\"canonical\" href=\"https:\/\/potenciaradiofonicadominicana.com\/portal\/el-primer-ministro-de-san-cristobal-y-nieves-sufre-un-derrame-cerebral-es-atendido-en-martinica\/\" \/>\n<meta property=\"og:locale\" content=\"es_ES\" \/>\n<meta property=\"og:type\" content=\"article\" \/>\n<meta property=\"og:title\" content=\"El primer ministro de San Crist\u00f3bal y Nieves sufre un derrame cerebral; es atendido en Martinica - PotenciaRadiofonicaDominicana.com\" \/>\n<meta property=\"og:description\" content=\"El primer ministro de la isla caribe\u00f1a de San Crist\u00f3bal y Nieves, Terrance Drew, sufri\u00f3 un derrame cerebral y fue ...\" \/>\n<meta property=\"og:url\" content=\"https:\/\/potenciaradiofonicadominicana.com\/portal\/el-primer-ministro-de-san-cristobal-y-nieves-sufre-un-derrame-cerebral-es-atendido-en-martinica\/\" \/>\n<meta property=\"og:site_name\" content=\"PotenciaRadiofonicaDominicana.com\" \/>\n<meta property=\"article:publisher\" content=\"https:\/\/web.facebook.com\/PotenciaRadiofonicaD\" \/>\n<meta property=\"article:published_time\" content=\"2026-09-04T03:18:17+00:00\" \/>\n<meta property=\"og:image\" content=\"https:\/\/potenciaradiofonicadominicana.com\/portal\/wp-content\/uploads\/2026\/09\/Honourable-Dr.-Terrance-M.-Drew-Featured-Image.jpg\" \/>\n\t<meta property=\"og:image:width\" content=\"800\" \/>\n\t<meta property=\"og:image:height\" content=\"445\" \/>\n\t<meta property=\"og:image:type\" content=\"image\/jpeg\" \/>\n<meta name=\"author\" content=\"Potencia Radiof\u00f3nica Dominicana\" \/>\n<meta name=\"twitter:card\" content=\"summary_large_image\" \/>\n<meta name=\"twitter:label1\" content=\"Escrito por\" \/>\n\t<meta name=\"twitter:data1\" content=\"Potencia Radiof\u00f3nica Dominicana\" \/>\n\t<meta name=\"twitter:label2\" content=\"Tiempo de lectura\" \/>\n\t<meta name=\"twitter:data2\" content=\"3 minutos\" \/>\n<script type=\"application\/ld+json\" class=\"yoast-schema-graph\">{\"@context\":\"https:\/\/schema.org\",\"@graph\":[{\"@type\":\"Article\",\"@id\":\"https:\/\/potenciaradiofonicadominicana.com\/portal\/el-primer-ministro-de-san-cristobal-y-nieves-sufre-un-derrame-cerebral-es-atendido-en-martinica\/#article\",\"isPartOf\":{\"@id\":\"https:\/\/potenciaradiofonicadominicana.com\/portal\/el-primer-ministro-de-san-cristobal-y-nieves-sufre-un-derrame-cerebral-es-atendido-en-martinica\/\"},\"author\":{\"name\":\"Potencia Radiof\u00f3nica Dominicana\",\"@id\":\"https:\/\/potenciaradiofonicadominicana.com\/portal\/#\/schema\/person\/a5cf1fea13877803ee0573ac18b03490\"},\"headline\":\"El primer ministro de San Crist\u00f3bal y Nieves sufre un derrame cerebral; es atendido en Martinica\",\"datePublished\":\"2026-09-04T03:18:17+00:00\",\"mainEntityOfPage\":{\"@id\":\"https:\/\/potenciaradiofonicadominicana.com\/portal\/el-primer-ministro-de-san-cristobal-y-nieves-sufre-un-derrame-cerebral-es-atendido-en-martinica\/\"},\"wordCount\":427,\"publisher\":{\"@id\":\"https:\/\/potenciaradiofonicadominicana.com\/portal\/#organization\"},\"image\":{\"@id\":\"https:\/\/potenciaradiofonicadominicana.com\/portal\/el-primer-ministro-de-san-cristobal-y-nieves-sufre-un-derrame-cerebral-es-atendido-en-martinica\/#primaryimage\"},\"thumbnailUrl\":\"https:\/\/potenciaradiofonicadominicana.com\/portal\/wp-content\/uploads\/2026\/09\/Honourable-Dr.-Terrance-M.-Drew-Featured-Image.jpg\",\"articleSection\":[\"Internacional\"],\"inLanguage\":\"es\"},{\"@type\":\"WebPage\",\"@id\":\"https:\/\/potenciaradiofonicadominicana.com\/portal\/el-primer-ministro-de-san-cristobal-y-nieves-sufre-un-derrame-cerebral-es-atendido-en-martinica\/\",\"url\":\"https:\/\/potenciaradiofonicadominicana.com\/portal\/el-primer-ministro-de-san-cristobal-y-nieves-sufre-un-derrame-cerebral-es-atendido-en-martinica\/\",\"name\":\"El primer ministro de San Crist\u00f3bal y Nieves sufre un derrame cerebral; es atendido en Martinica - PotenciaRadiofonicaDominicana.com\",\"isPartOf\":{\"@id\":\"https:\/\/potenciaradiofonicadominicana.com\/portal\/#website\"},\"primaryImageOfPage\":{\"@id\":\"https:\/\/potenciaradiofonicadominicana.com\/portal\/el-primer-ministro-de-san-cristobal-y-nieves-sufre-un-derrame-cerebral-es-atendido-en-martinica\/#primaryimage\"},\"image\":{\"@id\":\"https:\/\/potenciaradiofonicadominicana.com\/portal\/el-primer-ministro-de-san-cristobal-y-nieves-sufre-un-derrame-cerebral-es-atendido-en-martinica\/#primaryimage\"},\"thumbnailUrl\":\"https:\/\/potenciaradiofonicadominicana.com\/portal\/wp-content\/uploads\/2026\/09\/Honourable-Dr.-Terrance-M.-Drew-Featured-Image.jpg\",\"datePublished\":\"2026-09-04T03:18:17+00:00\",\"breadcrumb\":{\"@id\":\"https:\/\/potenciaradiofonicadominicana.com\/portal\/el-primer-ministro-de-san-cristobal-y-nieves-sufre-un-derrame-cerebral-es-atendido-en-martinica\/#breadcrumb\"},\"inLanguage\":\"es\",\"potentialAction\":[{\"@type\":\"ReadAction\",\"target\":[\"https:\/\/potenciaradiofonicadominicana.com\/portal\/el-primer-ministro-de-san-cristobal-y-nieves-sufre-un-derrame-cerebral-es-atendido-en-martinica\/\"]}]},{\"@type\":\"ImageObject\",\"inLanguage\":\"es\",\"@id\":\"https:\/\/potenciaradiofonicadominicana.com\/portal\/el-primer-ministro-de-san-cristobal-y-nieves-sufre-un-derrame-cerebral-es-atendido-en-martinica\/#primaryimage\",\"url\":\"https:\/\/potenciaradiofonicadominicana.com\/portal\/wp-content\/uploads\/2026\/09\/Honourable-Dr.-Terrance-M.-Drew-Featured-Image.jpg\",\"contentUrl\":\"https:\/\/potenciaradiofonicadominicana.com\/portal\/wp-content\/uploads\/2026\/09\/Honourable-Dr.-Terrance-M.-Drew-Featured-Image.jpg\",\"width\":800,\"height\":445},{\"@type\":\"BreadcrumbList\",\"@id\":\"https:\/\/potenciaradiofonicadominicana.com\/portal\/el-primer-ministro-de-san-cristobal-y-nieves-sufre-un-derrame-cerebral-es-atendido-en-martinica\/#breadcrumb\",\"itemListElement\":[{\"@type\":\"ListItem\",\"position\":1,\"name\":\"Portada\",\"item\":\"https:\/\/potenciaradiofonicadominicana.com\/portal\/\"},{\"@type\":\"ListItem\",\"position\":2,\"name\":\"El primer ministro de San Crist\u00f3bal y Nieves sufre un derrame cerebral; es atendido en Martinica\"}]},{\"@type\":\"WebSite\",\"@id\":\"https:\/\/potenciaradiofonicadominicana.com\/portal\/#website\",\"url\":\"https:\/\/potenciaradiofonicadominicana.com\/portal\/\",\"name\":\"PotenciaRadiofonicaDominicana.com\",\"description\":\"Peri\u00f3dico Digital\",\"publisher\":{\"@id\":\"https:\/\/potenciaradiofonicadominicana.com\/portal\/#organization\"},\"potentialAction\":[{\"@type\":\"SearchAction\",\"target\":{\"@type\":\"EntryPoint\",\"urlTemplate\":\"https:\/\/potenciaradiofonicadominicana.com\/portal\/?s={search_term_string}\"},\"query-input\":{\"@type\":\"PropertyValueSpecification\",\"valueRequired\":true,\"valueName\":\"search_term_string\"}}],\"inLanguage\":\"es\"},{\"@type\":\"Organization\",\"@id\":\"https:\/\/potenciaradiofonicadominicana.com\/portal\/#organization\",\"name\":\"PotenciaRadiofonicaDominicana.com\",\"url\":\"https:\/\/potenciaradiofonicadominicana.com\/portal\/\",\"logo\":{\"@type\":\"ImageObject\",\"inLanguage\":\"es\",\"@id\":\"https:\/\/potenciaradiofonicadominicana.com\/portal\/#\/schema\/logo\/image\/\",\"url\":\"https:\/\/potenciaradiofonicadominicana.com\/portal\/wp-content\/uploads\/2022\/01\/descarga.png\",\"contentUrl\":\"https:\/\/potenciaradiofonicadominicana.com\/portal\/wp-content\/uploads\/2022\/01\/descarga.png\",\"width\":300,\"height\":100,\"caption\":\"PotenciaRadiofonicaDominicana.com\"},\"image\":{\"@id\":\"https:\/\/potenciaradiofonicadominicana.com\/portal\/#\/schema\/logo\/image\/\"},\"sameAs\":[\"https:\/\/web.facebook.com\/PotenciaRadiofonicaD\"]},{\"@type\":\"Person\",\"@id\":\"https:\/\/potenciaradiofonicadominicana.com\/portal\/#\/schema\/person\/a5cf1fea13877803ee0573ac18b03490\",\"name\":\"Potencia Radiof\u00f3nica Dominicana\",\"image\":{\"@type\":\"ImageObject\",\"inLanguage\":\"es\",\"@id\":\"https:\/\/potenciaradiofonicadominicana.com\/portal\/#\/schema\/person\/image\/\",\"url\":\"https:\/\/secure.gravatar.com\/avatar\/42a55ab9e8ccc656ba34cd791990602a?s=96&d=mm&r=g\",\"contentUrl\":\"https:\/\/secure.gravatar.com\/avatar\/42a55ab9e8ccc656ba34cd791990602a?s=96&d=mm&r=g\",\"caption\":\"Potencia Radiof\u00f3nica Dominicana\"},\"url\":\"https:\/\/potenciaradiofonicadominicana.com\/portal\/author\/johannyalmanzar\/\"}]}<\/script>\n<!-- \/ Yoast SEO plugin. -->","yoast_head_json":{"title":"El primer ministro de San Crist\u00f3bal y Nieves sufre un derrame cerebral; es atendido en Martinica - PotenciaRadiofonicaDominicana.com","robots":{"index":"index","follow":"follow","max-snippet":"max-snippet:-1","max-image-preview":"max-image-preview:large","max-video-preview":"max-video-preview:-1"},"canonical":"https:\/\/potenciaradiofonicadominicana.com\/portal\/el-primer-ministro-de-san-cristobal-y-nieves-sufre-un-derrame-cerebral-es-atendido-en-martinica\/","og_locale":"es_ES","og_type":"article","og_title":"El primer ministro de San Crist\u00f3bal y Nieves sufre un derrame cerebral; es atendido en Martinica - PotenciaRadiofonicaDominicana.com","og_description":"El primer ministro de la isla caribe\u00f1a de San Crist\u00f3bal y Nieves, Terrance Drew, sufri\u00f3 un derrame cerebral y fue ...","og_url":"https:\/\/potenciaradiofonicadominicana.com\/portal\/el-primer-ministro-de-san-cristobal-y-nieves-sufre-un-derrame-cerebral-es-atendido-en-martinica\/","og_site_name":"PotenciaRadiofonicaDominicana.com","article_publisher":"https:\/\/web.facebook.com\/PotenciaRadiofonicaD","article_published_time":"2026-09-04T03:18:17+00:00","og_image":[{"width":800,"height":445,"url":"https:\/\/potenciaradiofonicadominicana.com\/portal\/wp-content\/uploads\/2026\/09\/Honourable-Dr.-Terrance-M.-Drew-Featured-Image.jpg","type":"image\/jpeg"}],"author":"Potencia Radiof\u00f3nica Dominicana","twitter_card":"summary_large_image","twitter_misc":{"Escrito por":"Potencia Radiof\u00f3nica Dominicana","Tiempo de lectura":"3 minutos"},"schema":{"@context":"https:\/\/schema.org","@graph":[{"@type":"Article","@id":"https:\/\/potenciaradiofonicadominicana.com\/portal\/el-primer-ministro-de-san-cristobal-y-nieves-sufre-un-derrame-cerebral-es-atendido-en-martinica\/#article","isPartOf":{"@id":"https:\/\/potenciaradiofonicadominicana.com\/portal\/el-primer-ministro-de-san-cristobal-y-nieves-sufre-un-derrame-cerebral-es-atendido-en-martinica\/"},"author":{"name":"Potencia Radiof\u00f3nica Dominicana","@id":"https:\/\/potenciaradiofonicadominicana.com\/portal\/#\/schema\/person\/a5cf1fea13877803ee0573ac18b03490"},"headline":"El primer ministro de San Crist\u00f3bal y Nieves sufre un derrame cerebral; es atendido en Martinica","datePublished":"2026-09-04T03:18:17+00:00","mainEntityOfPage":{"@id":"https:\/\/potenciaradiofonicadominicana.com\/portal\/el-primer-ministro-de-san-cristobal-y-nieves-sufre-un-derrame-cerebral-es-atendido-en-martinica\/"},"wordCount":427,"publisher":{"@id":"https:\/\/potenciaradiofonicadominicana.com\/portal\/#organization"},"image":{"@id":"https:\/\/potenciaradiofonicadominicana.com\/portal\/el-primer-ministro-de-san-cristobal-y-nieves-sufre-un-derrame-cerebral-es-atendido-en-martinica\/#primaryimage"},"thumbnailUrl":"https:\/\/potenciaradiofonicadominicana.com\/portal\/wp-content\/uploads\/2026\/09\/Honourable-Dr.-Terrance-M.-Drew-Featured-Image.jpg","articleSection":["Internacional"],"inLanguage":"es"},{"@type":"WebPage","@id":"https:\/\/potenciaradiofonicadominicana.com\/portal\/el-primer-ministro-de-san-cristobal-y-nieves-sufre-un-derrame-cerebral-es-atendido-en-martinica\/","url":"https:\/\/potenciaradiofonicadominicana.com\/portal\/el-primer-ministro-de-san-cristobal-y-nieves-sufre-un-derrame-cerebral-es-atendido-en-martinica\/","name":"El primer ministro de San Crist\u00f3bal y Nieves sufre un derrame cerebral; es atendido en Martinica - PotenciaRadiofonicaDominicana.com","isPartOf":{"@id":"https:\/\/potenciaradiofonicadominicana.com\/portal\/#website"},"primaryImageOfPage":{"@id":"https:\/\/potenciaradiofonicadominicana.com\/portal\/el-primer-ministro-de-san-cristobal-y-nieves-sufre-un-derrame-cerebral-es-atendido-en-martinica\/#primaryimage"},"image":{"@id":"https:\/\/potenciaradiofonicadominicana.com\/portal\/el-primer-ministro-de-san-cristobal-y-nieves-sufre-un-derrame-cerebral-es-atendido-en-martinica\/#primaryimage"},"thumbnailUrl":"https:\/\/potenciaradiofonicadominicana.com\/portal\/wp-content\/uploads\/2026\/09\/Honourable-Dr.-Terrance-M.-Drew-Featured-Image.jpg","datePublished":"2026-09-04T03:18:17+00:00","breadcrumb":{"@id":"https:\/\/potenciaradiofonicadominicana.com\/portal\/el-primer-ministro-de-san-cristobal-y-nieves-sufre-un-derrame-cerebral-es-atendido-en-martinica\/#breadcrumb"},"inLanguage":"es","potentialAction":[{"@type":"ReadAction","target":["https:\/\/potenciaradiofonicadominicana.com\/portal\/el-primer-ministro-de-san-cristobal-y-nieves-sufre-un-derrame-cerebral-es-atendido-en-martinica\/"]}]},{"@type":"ImageObject","inLanguage":"es","@id":"https:\/\/potenciaradiofonicadominicana.com\/portal\/el-primer-ministro-de-san-cristobal-y-nieves-sufre-un-derrame-cerebral-es-atendido-en-martinica\/#primaryimage","url":"https:\/\/potenciaradiofonicadominicana.com\/portal\/wp-content\/uploads\/2026\/09\/Honourable-Dr.-Terrance-M.-Drew-Featured-Image.jpg","contentUrl":"https:\/\/potenciaradiofonicadominicana.com\/portal\/wp-content\/uploads\/2026\/09\/Honourable-Dr.-Terrance-M.-Drew-Featured-Image.jpg","width":800,"height":445},{"@type":"BreadcrumbList","@id":"https:\/\/potenciaradiofonicadominicana.com\/portal\/el-primer-ministro-de-san-cristobal-y-nieves-sufre-un-derrame-cerebral-es-atendido-en-martinica\/#breadcrumb","itemListElement":[{"@type":"ListItem","position":1,"name":"Portada","item":"https:\/\/potenciaradiofonicadominicana.com\/portal\/"},{"@type":"ListItem","position":2,"name":"El primer ministro de San Crist\u00f3bal y Nieves sufre un derrame cerebral; es atendido en Martinica"}]},{"@type":"WebSite","@id":"https:\/\/potenciaradiofonicadominicana.com\/portal\/#website","url":"https:\/\/potenciaradiofonicadominicana.com\/portal\/","name":"PotenciaRadiofonicaDominicana.com","description":"Peri\u00f3dico Digital","publisher":{"@id":"https:\/\/potenciaradiofonicadominicana.com\/portal\/#organization"},"potentialAction":[{"@type":"SearchAction","target":{"@type":"EntryPoint","urlTemplate":"https:\/\/potenciaradiofonicadominicana.com\/portal\/?s={search_term_string}"},"query-input":{"@type":"PropertyValueSpecification","valueRequired":true,"valueName":"search_term_string"}}],"inLanguage":"es"},{"@type":"Organization","@id":"https:\/\/potenciaradiofonicadominicana.com\/portal\/#organization","name":"PotenciaRadiofonicaDominicana.com","url":"https:\/\/potenciaradiofonicadominicana.com\/portal\/","logo":{"@type":"ImageObject","inLanguage":"es","@id":"https:\/\/potenciaradiofonicadominicana.com\/portal\/#\/schema\/logo\/image\/","url":"https:\/\/potenciaradiofonicadominicana.com\/portal\/wp-content\/uploads\/2022\/01\/descarga.png","contentUrl":"https:\/\/potenciaradiofonicadominicana.com\/portal\/wp-content\/uploads\/2022\/01\/descarga.png","width":300,"height":100,"caption":"PotenciaRadiofonicaDominicana.com"},"image":{"@id":"https:\/\/potenciaradiofonicadominicana.com\/portal\/#\/schema\/logo\/image\/"},"sameAs":["https:\/\/web.facebook.com\/PotenciaRadiofonicaD"]},{"@type":"Person","@id":"https:\/\/potenciaradiofonicadominicana.com\/portal\/#\/schema\/person\/a5cf1fea13877803ee0573ac18b03490","name":"Potencia Radiof\u00f3nica Dominicana","image":{"@type":"ImageObject","inLanguage":"es","@id":"https:\/\/potenciaradiofonicadominicana.com\/portal\/#\/schema\/person\/image\/","url":"https:\/\/secure.gravatar.com\/avatar\/42a55ab9e8ccc656ba34cd791990602a?s=96&d=mm&r=g","contentUrl":"https:\/\/secure.gravatar.com\/avatar\/42a55ab9e8ccc656ba34cd791990602a?s=96&d=mm&r=g","caption":"Potencia Radiof\u00f3nica Dominicana"},"url":"https:\/\/potenciaradiofonicadominicana.com\/portal\/author\/johannyalmanzar\/"}]}},"_links":{"self":[{"href":"https:\/\/potenciaradiofonicadominicana.com\/portal\/wp-json\/wp\/v2\/posts\/225285","targetHints":{"allow":["GET"]}}],"collection":[{"href":"https:\/\/potenciaradiofonicadominicana.com\/portal\/wp-json\/wp\/v2\/posts"}],"about":[{"href":"https:\/\/potenciaradiofonicadominicana.com\/portal\/wp-json\/wp\/v2\/types\/post"}],"author":[{"embeddable":true,"href":"https:\/\/potenciaradiofonicadominicana.com\/portal\/wp-json\/wp\/v2\/users\/2"}],"replies":[{"embeddable":true,"href":"https:\/\/potenciaradiofonicadominicana.com\/portal\/wp-json\/wp\/v2\/comments?post=225285"}],"version-history":[{"count":1,"href":"https:\/\/potenciaradiofonicadominicana.com\/portal\/wp-json\/wp\/v2\/posts\/225285\/revisions"}],"predecessor-version":[{"id":225287,"href":"https:\/\/potenciaradiofonicadominicana.com\/portal\/wp-json\/wp\/v2\/posts\/225285\/revisions\/225287"}],"wp:featuredmedia":[{"embeddable":true,"href":"https:\/\/potenciaradiofonicadominicana.com\/portal\/wp-json\/wp\/v2\/media\/225286"}],"wp:attachment":[{"href":"https:\/\/potenciaradiofonicadominicana.com\/portal\/wp-json\/wp\/v2\/media?parent=225285"}],"wp:term":[{"taxonomy":"category","embeddable":true,"href":"https:\/\/potenciaradiofonicadominicana.com\/portal\/wp-json\/wp\/v2\/categories?post=225285"},{"taxonomy":"post_tag","embeddable":true,"href":"https:\/\/potenciaradiofonicadominicana.com\/portal\/wp-json\/wp\/v2\/tags?post=225285"}],"curies":[{"name":"wp","href":"https:\/\/api.w.org\/{rel}","templated":true}]}}