{"id":225236,"date":"2026-09-03T22:49:58","date_gmt":"2026-09-04T02:49:58","guid":{"rendered":"https:\/\/potenciaradiofonicadominicana.com\/portal\/?p=225236"},"modified":"2026-09-03T22:49:58","modified_gmt":"2026-09-04T02:49:58","slug":"paliza-plantea-que-el-agro-debe-crecer-con-tecnologia-y-productividad-no-con-mas-tierras","status":"publish","type":"post","link":"https:\/\/potenciaradiofonicadominicana.com\/portal\/paliza-plantea-que-el-agro-debe-crecer-con-tecnologia-y-productividad-no-con-mas-tierras\/","title":{"rendered":"Paliza plantea que el agro debe crecer con tecnolog\u00eda y productividad, no con m\u00e1s tierras"},"content":{"rendered":"<p><a href=\"https:\/\/potenciaradiofonicadominicana.com\/portal\/wp-content\/uploads\/2026\/09\/productividad-agricola-y-tecnologia-agropecuaria-como-retos-a5b4250d-focus-0-0-896-504.jpg\"><img loading=\"lazy\" decoding=\"async\" class=\"alignnone size-full wp-image-225237\" src=\"https:\/\/potenciaradiofonicadominicana.com\/portal\/wp-content\/uploads\/2026\/09\/productividad-agricola-y-tecnologia-agropecuaria-como-retos-a5b4250d-focus-0-0-896-504.jpg\" alt=\"\" width=\"895\" height=\"504\" srcset=\"https:\/\/potenciaradiofonicadominicana.com\/portal\/wp-content\/uploads\/2026\/09\/productividad-agricola-y-tecnologia-agropecuaria-como-retos-a5b4250d-focus-0-0-896-504.jpg 895w, https:\/\/potenciaradiofonicadominicana.com\/portal\/wp-content\/uploads\/2026\/09\/productividad-agricola-y-tecnologia-agropecuaria-como-retos-a5b4250d-focus-0-0-896-504-300x169.jpg 300w, https:\/\/potenciaradiofonicadominicana.com\/portal\/wp-content\/uploads\/2026\/09\/productividad-agricola-y-tecnologia-agropecuaria-como-retos-a5b4250d-focus-0-0-896-504-768x432.jpg 768w\" sizes=\"auto, (max-width: 895px) 100vw, 895px\" \/><\/a><\/p>\n<p>Una de las principales diferencias entre la\u00a0<strong>agropecuaria del pasado<\/strong>\u00a0y la\u00a0<strong>industria moderna<\/strong>\u00a0es que el\u00a0<strong>crecimiento<\/strong>\u00a0del\u00a0<strong>sector<\/strong>\u00a0debe sustentarse cada vez m\u00e1s en la\u00a0<strong>especializaci\u00f3n<\/strong>, el\u00a0<strong>conocimiento<\/strong>\u00a0y la productividad, en lugar de depender de la expansi\u00f3n de las superficies cultivadas.<\/p>\n<p>Bajo esta premisa, el\u00a0<strong>ministro de la Presidencia<\/strong>,\u00a0<strong>Jos\u00e9 Ignacio Paliza<\/strong>, ponder\u00f3 que el aumento de la productividad y la aplicaci\u00f3n de\u00a0<strong>nuevas tecnolog\u00edas<\/strong>\u00a0constituyen retos del presente para la agroindustria, considerando que los terrenos disponibles para continuar expandiendo las \u00e1reas destinadas a la producci\u00f3n son limitados.<\/p>\n<p>\u00abUna tarea de tierra seguir\u00e1 siendo siempre\u00a0<strong>629 metros cuadrados<\/strong>, no podr\u00e1 ampliarse. Por tanto, la\u00a0<strong>producci\u00f3n basada en superficie<\/strong> tiene l\u00edmites\u00bb, manifest\u00f3.<\/p>\n<p>Paliza insisti\u00f3 en que el\u00a0<strong>modelo tradicional<\/strong>\u00a0de\u00a0<strong>crecimiento<\/strong>\u00a0agr\u00edcola, sustentado en incorporar m\u00e1s terrenos a la producci\u00f3n, enfrenta una realidad inevitable: la\u00a0<strong>extensi\u00f3n territorial<\/strong>\u00a0de\u00a0<strong>Rep\u00fablica Dominicana<\/strong>\u00a0es limitada.<\/p>\n<p>Durante su participaci\u00f3n en el\u00a0<strong>XXVIII Encuentro Nacional<\/strong>\u00a0de L\u00edderes del\u00a0<strong>Sector<\/strong>\u00a0Agropecuario, organizado por la\u00a0<strong>Junta Agroempresarial Dominicana<\/strong>\u00a0(<strong>JAD<\/strong>), el funcionario agreg\u00f3 que la transformaci\u00f3n tecnol\u00f3gica supone otro desaf\u00edo para\u00a0<strong>Rep\u00fablica Dominicana<\/strong>: atraer a los j\u00f3venes hacia las actividades agropecuarias.<\/p>\n<p>\u00abHoy el agro tambi\u00e9n es\u00a0<strong>computaci\u00f3n acelerada<\/strong>, que es base de datos, que es\u00a0<strong>data centers<\/strong>, que son semiconductores, que son\u00a0<strong>drones<\/strong>, que son un sinn\u00famero de otros aspectos que van m\u00e1s all\u00e1 de lo que ha sido las formas tradicionales\u00bb, expres\u00f3.<\/p>\n<p>El funcionario puntualiz\u00f3 que en\u00a0<strong>Rep\u00fablica Dominicana<\/strong>\u00a0ya existen ejemplos de c\u00f3mo las\u00a0<strong>tecnolog\u00edas<\/strong>\u00a0pueden beneficiar al\u00a0<strong>sector<\/strong>.<\/p>\n<p>En el\u00a0<strong>arroz<\/strong>, el\u00a0<strong>mejoramiento gen\u00e9tico<\/strong>\u00a0permiti\u00f3 que las variedades p\u00fablicas pasaran del 7 % del \u00e1rea sembrada en 2015 al\u00a0<strong>68 %<\/strong>\u00a0en 2021, contribuyendo a\u00a0<strong>elevar la productividad<\/strong> en un 17 %.<\/p>\n<p>\u00abEsta experiencia demuestra que el\u00a0<strong>conocimiento<\/strong>\u00a0y la\u00a0<strong>tecnolog\u00eda<\/strong>\u00a0pueden democratizar la productividad y permitir que tambi\u00e9n los\u00a0<strong>peque\u00f1os productores<\/strong>\u00a0produzcan m\u00e1s, reduzcan riesgos y accedan a mejores mercados\u00bb, enfatiz\u00f3 el funcionario.<\/p>\n<h2>El\u00a0<strong>reto de la formaci\u00f3n t\u00e9cnica<\/strong><\/h2>\n<p>Al explicar la l\u00ednea del Gobierno para impulsar la transformaci\u00f3n del\u00a0<strong>sector<\/strong>\u00a0agropecuario, el ministro destac\u00f3 la importancia de una\u00a0<strong>formaci\u00f3n t\u00e9cnica<\/strong>\u00a0especializada que responda a las\u00a0<strong>necesidades productivas<\/strong> de cada territorio.<\/p>\n<p>\u00abNecesitamos formar en\u00a0<strong>San Juan<\/strong>\u00a0<strong>agr\u00f3nomos<\/strong>, no abogados, necesitamos llevar a cada espacio territorial las capacidades y necesidades que se tienen en esos territorios\u00bb, expres\u00f3.<\/p>\n<p>En materia educativa, destac\u00f3 la expansi\u00f3n territorial de la\u00a0<strong>Universidad Aut\u00f3noma de Santo Domingo<\/strong>\u00a0(<strong>UASD<\/strong>) y del\u00a0<strong>Instituto Nacional de Formaci\u00f3n T\u00e9cnico Profesional<\/strong>\u00a0(<strong>Infotep<\/strong>), as\u00ed como los programas destinados a preparar recursos humanos en las provincias.<\/p>\n<p>Seg\u00fan Paliza, el\u00a0<strong>Infotep<\/strong>\u00a0cuenta actualmente con m\u00e1s de 60 planteles en el territorio nacional y desarrolla, junto al\u00a0<strong>Ministerio de Agricultura<\/strong>\u00a0y el proyecto\u00a0<strong>Prorural<\/strong>, un programa dirigido a formar a m\u00e1s de 13,000 j\u00f3venes en zonas rurales.<\/p>\n<p>El funcionario tambi\u00e9n abog\u00f3 por que la\u00a0<strong>oferta acad\u00e9mica<\/strong>\u00a0responda a las\u00a0<strong>necesidades productivas<\/strong>\u00a0particulares de cada territorio.<\/p>\n<h2><strong>Elevar la productividad<\/strong><\/h2>\n<p>Paliza sostuvo que el pa\u00eds debe profundizar la\u00a0<strong>colaboraci\u00f3n<\/strong>\u00a0entre los\u00a0<strong>sectores p\u00fablico y privado<\/strong>\u00a0para democratizar el acceso al\u00a0<strong>financiamiento<\/strong>, compartir conocimientos y facilitar la incorporaci\u00f3n de\u00a0<strong>nuevas tecnolog\u00edas<\/strong>\u00a0en las fincas.<\/p>\n<p>Asegur\u00f3 que estos elementos permitir\u00edan\u00a0<strong>elevar la productividad<\/strong>\u00a0del agro, tanto para garantizar el\u00a0<strong>abastecimiento interno<\/strong>\u00a0como para fortalecer las\u00a0<strong>exportaciones<\/strong>\u00a0hacia otros mercados.<\/p>\n<p>Una de las principales diferencias entre la\u00a0<strong>agropecuaria<\/strong>\u00a0del pasado y la\u00a0<strong>industria moderna<\/strong>, es que el\u00a0<strong>crecimiento<\/strong>\u00a0del\u00a0<strong>sector<\/strong>\u00a0debe sustentarse en una mayor\u00a0<strong>especializaci\u00f3n del conocimiento<\/strong>\u00a0a diferencia de su impacto en la extensi\u00f3n de terreno.<\/p>\n","protected":false},"excerpt":{"rendered":"<p>Una de las principales diferencias entre la\u00a0agropecuaria del pasado\u00a0y la\u00a0industria moderna\u00a0es que el\u00a0crecimiento\u00a0del\u00a0sector\u00a0debe sustentarse cada vez m\u00e1s en la\u00a0especializaci\u00f3n, el\u00a0conocimiento\u00a0y &#8230;<\/p>\n","protected":false},"author":2,"featured_media":225237,"comment_status":"closed","ping_status":"closed","sticky":false,"template":"","format":"standard","meta":{"footnotes":""},"categories":[26],"tags":[],"class_list":["post-225236","post","type-post","status-publish","format-standard","has-post-thumbnail","hentry","category-economia"],"yoast_head":"<!-- This site is optimized with the Yoast SEO plugin v24.8.1 - https:\/\/yoast.com\/wordpress\/plugins\/seo\/ -->\n<title>Paliza plantea que el agro debe crecer con tecnolog\u00eda y productividad, no con m\u00e1s tierras - PotenciaRadiofonicaDominicana.com<\/title>\n<meta name=\"robots\" content=\"index, follow, max-snippet:-1, max-image-preview:large, max-video-preview:-1\" \/>\n<link rel=\"canonical\" href=\"https:\/\/potenciaradiofonicadominicana.com\/portal\/paliza-plantea-que-el-agro-debe-crecer-con-tecnologia-y-productividad-no-con-mas-tierras\/\" \/>\n<meta property=\"og:locale\" content=\"es_ES\" \/>\n<meta property=\"og:type\" content=\"article\" \/>\n<meta property=\"og:title\" content=\"Paliza plantea que el agro debe crecer con tecnolog\u00eda y productividad, no con m\u00e1s tierras - PotenciaRadiofonicaDominicana.com\" \/>\n<meta property=\"og:description\" content=\"Una de las principales diferencias entre la\u00a0agropecuaria del pasado\u00a0y la\u00a0industria moderna\u00a0es que el\u00a0crecimiento\u00a0del\u00a0sector\u00a0debe sustentarse cada vez m\u00e1s en la\u00a0especializaci\u00f3n, el\u00a0conocimiento\u00a0y ...\" \/>\n<meta property=\"og:url\" content=\"https:\/\/potenciaradiofonicadominicana.com\/portal\/paliza-plantea-que-el-agro-debe-crecer-con-tecnologia-y-productividad-no-con-mas-tierras\/\" \/>\n<meta property=\"og:site_name\" content=\"PotenciaRadiofonicaDominicana.com\" \/>\n<meta property=\"article:publisher\" content=\"https:\/\/web.facebook.com\/PotenciaRadiofonicaD\" \/>\n<meta property=\"article:published_time\" content=\"2026-09-04T02:49:58+00:00\" \/>\n<meta property=\"og:image\" content=\"https:\/\/potenciaradiofonicadominicana.com\/portal\/wp-content\/uploads\/2026\/09\/productividad-agricola-y-tecnologia-agropecuaria-como-retos-a5b4250d-focus-0-0-896-504.jpg\" \/>\n\t<meta property=\"og:image:width\" content=\"895\" \/>\n\t<meta property=\"og:image:height\" content=\"504\" \/>\n\t<meta property=\"og:image:type\" content=\"image\/jpeg\" \/>\n<meta name=\"author\" content=\"Potencia Radiof\u00f3nica Dominicana\" \/>\n<meta name=\"twitter:card\" content=\"summary_large_image\" \/>\n<meta name=\"twitter:label1\" content=\"Escrito por\" \/>\n\t<meta name=\"twitter:data1\" content=\"Potencia Radiof\u00f3nica Dominicana\" \/>\n\t<meta name=\"twitter:label2\" content=\"Tiempo de lectura\" \/>\n\t<meta name=\"twitter:data2\" content=\"3 minutos\" \/>\n<script type=\"application\/ld+json\" class=\"yoast-schema-graph\">{\"@context\":\"https:\/\/schema.org\",\"@graph\":[{\"@type\":\"Article\",\"@id\":\"https:\/\/potenciaradiofonicadominicana.com\/portal\/paliza-plantea-que-el-agro-debe-crecer-con-tecnologia-y-productividad-no-con-mas-tierras\/#article\",\"isPartOf\":{\"@id\":\"https:\/\/potenciaradiofonicadominicana.com\/portal\/paliza-plantea-que-el-agro-debe-crecer-con-tecnologia-y-productividad-no-con-mas-tierras\/\"},\"author\":{\"name\":\"Potencia Radiof\u00f3nica Dominicana\",\"@id\":\"https:\/\/potenciaradiofonicadominicana.com\/portal\/#\/schema\/person\/a5cf1fea13877803ee0573ac18b03490\"},\"headline\":\"Paliza plantea que el agro debe crecer con tecnolog\u00eda y productividad, no con m\u00e1s tierras\",\"datePublished\":\"2026-09-04T02:49:58+00:00\",\"mainEntityOfPage\":{\"@id\":\"https:\/\/potenciaradiofonicadominicana.com\/portal\/paliza-plantea-que-el-agro-debe-crecer-con-tecnologia-y-productividad-no-con-mas-tierras\/\"},\"wordCount\":629,\"publisher\":{\"@id\":\"https:\/\/potenciaradiofonicadominicana.com\/portal\/#organization\"},\"image\":{\"@id\":\"https:\/\/potenciaradiofonicadominicana.com\/portal\/paliza-plantea-que-el-agro-debe-crecer-con-tecnologia-y-productividad-no-con-mas-tierras\/#primaryimage\"},\"thumbnailUrl\":\"https:\/\/potenciaradiofonicadominicana.com\/portal\/wp-content\/uploads\/2026\/09\/productividad-agricola-y-tecnologia-agropecuaria-como-retos-a5b4250d-focus-0-0-896-504.jpg\",\"articleSection\":[\"Econom\u00eda\"],\"inLanguage\":\"es\"},{\"@type\":\"WebPage\",\"@id\":\"https:\/\/potenciaradiofonicadominicana.com\/portal\/paliza-plantea-que-el-agro-debe-crecer-con-tecnologia-y-productividad-no-con-mas-tierras\/\",\"url\":\"https:\/\/potenciaradiofonicadominicana.com\/portal\/paliza-plantea-que-el-agro-debe-crecer-con-tecnologia-y-productividad-no-con-mas-tierras\/\",\"name\":\"Paliza plantea que el agro debe crecer con tecnolog\u00eda y productividad, no con m\u00e1s tierras - PotenciaRadiofonicaDominicana.com\",\"isPartOf\":{\"@id\":\"https:\/\/potenciaradiofonicadominicana.com\/portal\/#website\"},\"primaryImageOfPage\":{\"@id\":\"https:\/\/potenciaradiofonicadominicana.com\/portal\/paliza-plantea-que-el-agro-debe-crecer-con-tecnologia-y-productividad-no-con-mas-tierras\/#primaryimage\"},\"image\":{\"@id\":\"https:\/\/potenciaradiofonicadominicana.com\/portal\/paliza-plantea-que-el-agro-debe-crecer-con-tecnologia-y-productividad-no-con-mas-tierras\/#primaryimage\"},\"thumbnailUrl\":\"https:\/\/potenciaradiofonicadominicana.com\/portal\/wp-content\/uploads\/2026\/09\/productividad-agricola-y-tecnologia-agropecuaria-como-retos-a5b4250d-focus-0-0-896-504.jpg\",\"datePublished\":\"2026-09-04T02:49:58+00:00\",\"breadcrumb\":{\"@id\":\"https:\/\/potenciaradiofonicadominicana.com\/portal\/paliza-plantea-que-el-agro-debe-crecer-con-tecnologia-y-productividad-no-con-mas-tierras\/#breadcrumb\"},\"inLanguage\":\"es\",\"potentialAction\":[{\"@type\":\"ReadAction\",\"target\":[\"https:\/\/potenciaradiofonicadominicana.com\/portal\/paliza-plantea-que-el-agro-debe-crecer-con-tecnologia-y-productividad-no-con-mas-tierras\/\"]}]},{\"@type\":\"ImageObject\",\"inLanguage\":\"es\",\"@id\":\"https:\/\/potenciaradiofonicadominicana.com\/portal\/paliza-plantea-que-el-agro-debe-crecer-con-tecnologia-y-productividad-no-con-mas-tierras\/#primaryimage\",\"url\":\"https:\/\/potenciaradiofonicadominicana.com\/portal\/wp-content\/uploads\/2026\/09\/productividad-agricola-y-tecnologia-agropecuaria-como-retos-a5b4250d-focus-0-0-896-504.jpg\",\"contentUrl\":\"https:\/\/potenciaradiofonicadominicana.com\/portal\/wp-content\/uploads\/2026\/09\/productividad-agricola-y-tecnologia-agropecuaria-como-retos-a5b4250d-focus-0-0-896-504.jpg\",\"width\":895,\"height\":504},{\"@type\":\"BreadcrumbList\",\"@id\":\"https:\/\/potenciaradiofonicadominicana.com\/portal\/paliza-plantea-que-el-agro-debe-crecer-con-tecnologia-y-productividad-no-con-mas-tierras\/#breadcrumb\",\"itemListElement\":[{\"@type\":\"ListItem\",\"position\":1,\"name\":\"Portada\",\"item\":\"https:\/\/potenciaradiofonicadominicana.com\/portal\/\"},{\"@type\":\"ListItem\",\"position\":2,\"name\":\"Paliza plantea que el agro debe crecer con tecnolog\u00eda y productividad, no con m\u00e1s tierras\"}]},{\"@type\":\"WebSite\",\"@id\":\"https:\/\/potenciaradiofonicadominicana.com\/portal\/#website\",\"url\":\"https:\/\/potenciaradiofonicadominicana.com\/portal\/\",\"name\":\"PotenciaRadiofonicaDominicana.com\",\"description\":\"Peri\u00f3dico Digital\",\"publisher\":{\"@id\":\"https:\/\/potenciaradiofonicadominicana.com\/portal\/#organization\"},\"potentialAction\":[{\"@type\":\"SearchAction\",\"target\":{\"@type\":\"EntryPoint\",\"urlTemplate\":\"https:\/\/potenciaradiofonicadominicana.com\/portal\/?s={search_term_string}\"},\"query-input\":{\"@type\":\"PropertyValueSpecification\",\"valueRequired\":true,\"valueName\":\"search_term_string\"}}],\"inLanguage\":\"es\"},{\"@type\":\"Organization\",\"@id\":\"https:\/\/potenciaradiofonicadominicana.com\/portal\/#organization\",\"name\":\"PotenciaRadiofonicaDominicana.com\",\"url\":\"https:\/\/potenciaradiofonicadominicana.com\/portal\/\",\"logo\":{\"@type\":\"ImageObject\",\"inLanguage\":\"es\",\"@id\":\"https:\/\/potenciaradiofonicadominicana.com\/portal\/#\/schema\/logo\/image\/\",\"url\":\"https:\/\/potenciaradiofonicadominicana.com\/portal\/wp-content\/uploads\/2022\/01\/descarga.png\",\"contentUrl\":\"https:\/\/potenciaradiofonicadominicana.com\/portal\/wp-content\/uploads\/2022\/01\/descarga.png\",\"width\":300,\"height\":100,\"caption\":\"PotenciaRadiofonicaDominicana.com\"},\"image\":{\"@id\":\"https:\/\/potenciaradiofonicadominicana.com\/portal\/#\/schema\/logo\/image\/\"},\"sameAs\":[\"https:\/\/web.facebook.com\/PotenciaRadiofonicaD\"]},{\"@type\":\"Person\",\"@id\":\"https:\/\/potenciaradiofonicadominicana.com\/portal\/#\/schema\/person\/a5cf1fea13877803ee0573ac18b03490\",\"name\":\"Potencia Radiof\u00f3nica Dominicana\",\"image\":{\"@type\":\"ImageObject\",\"inLanguage\":\"es\",\"@id\":\"https:\/\/potenciaradiofonicadominicana.com\/portal\/#\/schema\/person\/image\/\",\"url\":\"https:\/\/secure.gravatar.com\/avatar\/42a55ab9e8ccc656ba34cd791990602a?s=96&d=mm&r=g\",\"contentUrl\":\"https:\/\/secure.gravatar.com\/avatar\/42a55ab9e8ccc656ba34cd791990602a?s=96&d=mm&r=g\",\"caption\":\"Potencia Radiof\u00f3nica Dominicana\"},\"url\":\"https:\/\/potenciaradiofonicadominicana.com\/portal\/author\/johannyalmanzar\/\"}]}<\/script>\n<!-- \/ Yoast SEO plugin. -->","yoast_head_json":{"title":"Paliza plantea que el agro debe crecer con tecnolog\u00eda y productividad, no con m\u00e1s tierras - PotenciaRadiofonicaDominicana.com","robots":{"index":"index","follow":"follow","max-snippet":"max-snippet:-1","max-image-preview":"max-image-preview:large","max-video-preview":"max-video-preview:-1"},"canonical":"https:\/\/potenciaradiofonicadominicana.com\/portal\/paliza-plantea-que-el-agro-debe-crecer-con-tecnologia-y-productividad-no-con-mas-tierras\/","og_locale":"es_ES","og_type":"article","og_title":"Paliza plantea que el agro debe crecer con tecnolog\u00eda y productividad, no con m\u00e1s tierras - PotenciaRadiofonicaDominicana.com","og_description":"Una de las principales diferencias entre la\u00a0agropecuaria del pasado\u00a0y la\u00a0industria moderna\u00a0es que el\u00a0crecimiento\u00a0del\u00a0sector\u00a0debe sustentarse cada vez m\u00e1s en la\u00a0especializaci\u00f3n, el\u00a0conocimiento\u00a0y ...","og_url":"https:\/\/potenciaradiofonicadominicana.com\/portal\/paliza-plantea-que-el-agro-debe-crecer-con-tecnologia-y-productividad-no-con-mas-tierras\/","og_site_name":"PotenciaRadiofonicaDominicana.com","article_publisher":"https:\/\/web.facebook.com\/PotenciaRadiofonicaD","article_published_time":"2026-09-04T02:49:58+00:00","og_image":[{"width":895,"height":504,"url":"https:\/\/potenciaradiofonicadominicana.com\/portal\/wp-content\/uploads\/2026\/09\/productividad-agricola-y-tecnologia-agropecuaria-como-retos-a5b4250d-focus-0-0-896-504.jpg","type":"image\/jpeg"}],"author":"Potencia Radiof\u00f3nica Dominicana","twitter_card":"summary_large_image","twitter_misc":{"Escrito por":"Potencia Radiof\u00f3nica Dominicana","Tiempo de lectura":"3 minutos"},"schema":{"@context":"https:\/\/schema.org","@graph":[{"@type":"Article","@id":"https:\/\/potenciaradiofonicadominicana.com\/portal\/paliza-plantea-que-el-agro-debe-crecer-con-tecnologia-y-productividad-no-con-mas-tierras\/#article","isPartOf":{"@id":"https:\/\/potenciaradiofonicadominicana.com\/portal\/paliza-plantea-que-el-agro-debe-crecer-con-tecnologia-y-productividad-no-con-mas-tierras\/"},"author":{"name":"Potencia Radiof\u00f3nica Dominicana","@id":"https:\/\/potenciaradiofonicadominicana.com\/portal\/#\/schema\/person\/a5cf1fea13877803ee0573ac18b03490"},"headline":"Paliza plantea que el agro debe crecer con tecnolog\u00eda y productividad, no con m\u00e1s tierras","datePublished":"2026-09-04T02:49:58+00:00","mainEntityOfPage":{"@id":"https:\/\/potenciaradiofonicadominicana.com\/portal\/paliza-plantea-que-el-agro-debe-crecer-con-tecnologia-y-productividad-no-con-mas-tierras\/"},"wordCount":629,"publisher":{"@id":"https:\/\/potenciaradiofonicadominicana.com\/portal\/#organization"},"image":{"@id":"https:\/\/potenciaradiofonicadominicana.com\/portal\/paliza-plantea-que-el-agro-debe-crecer-con-tecnologia-y-productividad-no-con-mas-tierras\/#primaryimage"},"thumbnailUrl":"https:\/\/potenciaradiofonicadominicana.com\/portal\/wp-content\/uploads\/2026\/09\/productividad-agricola-y-tecnologia-agropecuaria-como-retos-a5b4250d-focus-0-0-896-504.jpg","articleSection":["Econom\u00eda"],"inLanguage":"es"},{"@type":"WebPage","@id":"https:\/\/potenciaradiofonicadominicana.com\/portal\/paliza-plantea-que-el-agro-debe-crecer-con-tecnologia-y-productividad-no-con-mas-tierras\/","url":"https:\/\/potenciaradiofonicadominicana.com\/portal\/paliza-plantea-que-el-agro-debe-crecer-con-tecnologia-y-productividad-no-con-mas-tierras\/","name":"Paliza plantea que el agro debe crecer con tecnolog\u00eda y productividad, no con m\u00e1s tierras - PotenciaRadiofonicaDominicana.com","isPartOf":{"@id":"https:\/\/potenciaradiofonicadominicana.com\/portal\/#website"},"primaryImageOfPage":{"@id":"https:\/\/potenciaradiofonicadominicana.com\/portal\/paliza-plantea-que-el-agro-debe-crecer-con-tecnologia-y-productividad-no-con-mas-tierras\/#primaryimage"},"image":{"@id":"https:\/\/potenciaradiofonicadominicana.com\/portal\/paliza-plantea-que-el-agro-debe-crecer-con-tecnologia-y-productividad-no-con-mas-tierras\/#primaryimage"},"thumbnailUrl":"https:\/\/potenciaradiofonicadominicana.com\/portal\/wp-content\/uploads\/2026\/09\/productividad-agricola-y-tecnologia-agropecuaria-como-retos-a5b4250d-focus-0-0-896-504.jpg","datePublished":"2026-09-04T02:49:58+00:00","breadcrumb":{"@id":"https:\/\/potenciaradiofonicadominicana.com\/portal\/paliza-plantea-que-el-agro-debe-crecer-con-tecnologia-y-productividad-no-con-mas-tierras\/#breadcrumb"},"inLanguage":"es","potentialAction":[{"@type":"ReadAction","target":["https:\/\/potenciaradiofonicadominicana.com\/portal\/paliza-plantea-que-el-agro-debe-crecer-con-tecnologia-y-productividad-no-con-mas-tierras\/"]}]},{"@type":"ImageObject","inLanguage":"es","@id":"https:\/\/potenciaradiofonicadominicana.com\/portal\/paliza-plantea-que-el-agro-debe-crecer-con-tecnologia-y-productividad-no-con-mas-tierras\/#primaryimage","url":"https:\/\/potenciaradiofonicadominicana.com\/portal\/wp-content\/uploads\/2026\/09\/productividad-agricola-y-tecnologia-agropecuaria-como-retos-a5b4250d-focus-0-0-896-504.jpg","contentUrl":"https:\/\/potenciaradiofonicadominicana.com\/portal\/wp-content\/uploads\/2026\/09\/productividad-agricola-y-tecnologia-agropecuaria-como-retos-a5b4250d-focus-0-0-896-504.jpg","width":895,"height":504},{"@type":"BreadcrumbList","@id":"https:\/\/potenciaradiofonicadominicana.com\/portal\/paliza-plantea-que-el-agro-debe-crecer-con-tecnologia-y-productividad-no-con-mas-tierras\/#breadcrumb","itemListElement":[{"@type":"ListItem","position":1,"name":"Portada","item":"https:\/\/potenciaradiofonicadominicana.com\/portal\/"},{"@type":"ListItem","position":2,"name":"Paliza plantea que el agro debe crecer con tecnolog\u00eda y productividad, no con m\u00e1s tierras"}]},{"@type":"WebSite","@id":"https:\/\/potenciaradiofonicadominicana.com\/portal\/#website","url":"https:\/\/potenciaradiofonicadominicana.com\/portal\/","name":"PotenciaRadiofonicaDominicana.com","description":"Peri\u00f3dico Digital","publisher":{"@id":"https:\/\/potenciaradiofonicadominicana.com\/portal\/#organization"},"potentialAction":[{"@type":"SearchAction","target":{"@type":"EntryPoint","urlTemplate":"https:\/\/potenciaradiofonicadominicana.com\/portal\/?s={search_term_string}"},"query-input":{"@type":"PropertyValueSpecification","valueRequired":true,"valueName":"search_term_string"}}],"inLanguage":"es"},{"@type":"Organization","@id":"https:\/\/potenciaradiofonicadominicana.com\/portal\/#organization","name":"PotenciaRadiofonicaDominicana.com","url":"https:\/\/potenciaradiofonicadominicana.com\/portal\/","logo":{"@type":"ImageObject","inLanguage":"es","@id":"https:\/\/potenciaradiofonicadominicana.com\/portal\/#\/schema\/logo\/image\/","url":"https:\/\/potenciaradiofonicadominicana.com\/portal\/wp-content\/uploads\/2022\/01\/descarga.png","contentUrl":"https:\/\/potenciaradiofonicadominicana.com\/portal\/wp-content\/uploads\/2022\/01\/descarga.png","width":300,"height":100,"caption":"PotenciaRadiofonicaDominicana.com"},"image":{"@id":"https:\/\/potenciaradiofonicadominicana.com\/portal\/#\/schema\/logo\/image\/"},"sameAs":["https:\/\/web.facebook.com\/PotenciaRadiofonicaD"]},{"@type":"Person","@id":"https:\/\/potenciaradiofonicadominicana.com\/portal\/#\/schema\/person\/a5cf1fea13877803ee0573ac18b03490","name":"Potencia Radiof\u00f3nica Dominicana","image":{"@type":"ImageObject","inLanguage":"es","@id":"https:\/\/potenciaradiofonicadominicana.com\/portal\/#\/schema\/person\/image\/","url":"https:\/\/secure.gravatar.com\/avatar\/42a55ab9e8ccc656ba34cd791990602a?s=96&d=mm&r=g","contentUrl":"https:\/\/secure.gravatar.com\/avatar\/42a55ab9e8ccc656ba34cd791990602a?s=96&d=mm&r=g","caption":"Potencia Radiof\u00f3nica Dominicana"},"url":"https:\/\/potenciaradiofonicadominicana.com\/portal\/author\/johannyalmanzar\/"}]}},"_links":{"self":[{"href":"https:\/\/potenciaradiofonicadominicana.com\/portal\/wp-json\/wp\/v2\/posts\/225236","targetHints":{"allow":["GET"]}}],"collection":[{"href":"https:\/\/potenciaradiofonicadominicana.com\/portal\/wp-json\/wp\/v2\/posts"}],"about":[{"href":"https:\/\/potenciaradiofonicadominicana.com\/portal\/wp-json\/wp\/v2\/types\/post"}],"author":[{"embeddable":true,"href":"https:\/\/potenciaradiofonicadominicana.com\/portal\/wp-json\/wp\/v2\/users\/2"}],"replies":[{"embeddable":true,"href":"https:\/\/potenciaradiofonicadominicana.com\/portal\/wp-json\/wp\/v2\/comments?post=225236"}],"version-history":[{"count":1,"href":"https:\/\/potenciaradiofonicadominicana.com\/portal\/wp-json\/wp\/v2\/posts\/225236\/revisions"}],"predecessor-version":[{"id":225238,"href":"https:\/\/potenciaradiofonicadominicana.com\/portal\/wp-json\/wp\/v2\/posts\/225236\/revisions\/225238"}],"wp:featuredmedia":[{"embeddable":true,"href":"https:\/\/potenciaradiofonicadominicana.com\/portal\/wp-json\/wp\/v2\/media\/225237"}],"wp:attachment":[{"href":"https:\/\/potenciaradiofonicadominicana.com\/portal\/wp-json\/wp\/v2\/media?parent=225236"}],"wp:term":[{"taxonomy":"category","embeddable":true,"href":"https:\/\/potenciaradiofonicadominicana.com\/portal\/wp-json\/wp\/v2\/categories?post=225236"},{"taxonomy":"post_tag","embeddable":true,"href":"https:\/\/potenciaradiofonicadominicana.com\/portal\/wp-json\/wp\/v2\/tags?post=225236"}],"curies":[{"name":"wp","href":"https:\/\/api.w.org\/{rel}","templated":true}]}}