{"id":225229,"date":"2026-09-03T22:45:18","date_gmt":"2026-09-04T02:45:18","guid":{"rendered":"https:\/\/potenciaradiofonicadominicana.com\/portal\/?p=225229"},"modified":"2026-09-03T22:45:18","modified_gmt":"2026-09-04T02:45:18","slug":"afp-crecer-ya-administra-ahorro-dimension-nacional","status":"publish","type":"post","link":"https:\/\/potenciaradiofonicadominicana.com\/portal\/afp-crecer-ya-administra-ahorro-dimension-nacional\/","title":{"rendered":"AFP Crecer ya administra ahorro dimensi\u00f3n nacional"},"content":{"rendered":"<p><a href=\"https:\/\/potenciaradiofonicadominicana.com\/portal\/wp-content\/uploads\/2026\/09\/6a98af63037f3.jpeg\"><img loading=\"lazy\" decoding=\"async\" class=\"alignnone size-full wp-image-225230\" src=\"https:\/\/potenciaradiofonicadominicana.com\/portal\/wp-content\/uploads\/2026\/09\/6a98af63037f3.jpeg\" alt=\"\" width=\"1200\" height=\"675\" srcset=\"https:\/\/potenciaradiofonicadominicana.com\/portal\/wp-content\/uploads\/2026\/09\/6a98af63037f3.jpeg 1200w, https:\/\/potenciaradiofonicadominicana.com\/portal\/wp-content\/uploads\/2026\/09\/6a98af63037f3-300x169.jpeg 300w, https:\/\/potenciaradiofonicadominicana.com\/portal\/wp-content\/uploads\/2026\/09\/6a98af63037f3-1024x576.jpeg 1024w, https:\/\/potenciaradiofonicadominicana.com\/portal\/wp-content\/uploads\/2026\/09\/6a98af63037f3-768x432.jpeg 768w\" sizes=\"auto, (max-width: 1200px) 100vw, 1200px\" \/><\/a><\/p>\n<p class=\"paragraph\">Superar los\u00a0<b>RD$300,000 millones<\/b>, con un aumento de RD$40,000 millones en un solo a\u00f1o, significa que los fondos de pensiones se han convertido en una de las principales fuentes de capital de largo plazo de la econom\u00eda dominicana.<\/p>\n<p class=\"paragraph\">El dato, ofrecido por\u00a0<b>Rita Pl\u00e1<\/b>, gerente general de\u00a0<b>AFP Crecer<\/b>, adquiere mayor relevancia al considerar que esa administradora concentra el 26% del mercado.<\/p>\n<p class=\"paragraph\">El crecimiento, adem\u00e1s, no proviene \u00fanicamente de la rentabilidad de los fondos, sino tambi\u00e9n de la incorporaci\u00f3n de nuevos aportantes.<\/p>\n<p class=\"paragraph\">Los<b>\u00a046,000 nuevos cotizantes<\/b>\u00a0ampl\u00edan la base sobre la cual se acumular\u00e1n recursos durante d\u00e9cadas. El sistema crece, por tanto, por una doble v\u00eda: la entrada de nuevos trabajadores y la acumulaci\u00f3n de los fondos ya existentes.<\/p>\n<p class=\"paragraph\">Detr\u00e1s de estas cifras financieras hay, por supuesto, una dimensi\u00f3n social que no debe perderse de vista.<\/p>\n<p class=\"paragraph\">Los m\u00e1s de RD$15,563 millones entregados a 169,000 trabajadores y sus dependientes muestran que los fondos de pensiones no son simplemente un enorme patrimonio financiero, sino recursos destinados a responder a contingencias concretas y a sostener el bienestar futuro de millones de personas.<\/p>\n<p class=\"paragraph\">Pero es precisamente aqu\u00ed donde aparece el gran desaf\u00edo del sistema: transformar una creciente masa de ahorro en mejores pensiones.<\/p>\n<p class=\"paragraph\">As\u00ed lo plante\u00f3 el economista\u00a0<b>Ra\u00fal Hern\u00e1ndez B\u00e1ez<\/b>, director t\u00e9cnico de la Asociaci\u00f3n Dominicana de Administradoras de Fondos de Pensiones (ADAFP), al explicar que el crecimiento del patrimonio administrado, aunque positivo, no constituye por s\u00ed solo una garant\u00eda de pensiones suficientes. La cuesti\u00f3n fundamental es cu\u00e1nto rendimiento real pueden generar esos recursos durante el largo per\u00edodo de acumulaci\u00f3n y c\u00f3mo diversificar adecuadamente los riesgos.<\/p>\n<p class=\"paragraph\">El economista se\u00f1al\u00f3 que, si una parte importante del ahorro de dimensi\u00f3n nacional permanece concentrada en activos dom\u00e9sticos, existe un l\u00edmite natural para la diversificaci\u00f3n. Permitir inversiones internacionales ampliar\u00eda el universo de activos disponibles, reducir\u00eda la concentraci\u00f3n del riesgo asociado al mercado dominicano y abrir\u00eda el acceso a mercados y sectores que no existen localmente.<\/p>\n<p class=\"paragraph\">Pero esa apertura debe manejarse con criterio previsional, no especulativo.<\/p>\n<p class=\"paragraph\">La conocida expresi\u00f3n de que \u201ces bueno poner los huevos en varias canastas\u201d resume bien el argumento. El verdadero desaf\u00edo, sin embargo, consiste en diversificar sin comprometer la seguridad, la liquidez ni la rentabilidad de los fondos. No se trata simplemente de colocar recursos fuera del pa\u00eds, sino de ampliar, con prudencia y visi\u00f3n de largo plazo, las opciones de inversi\u00f3n en beneficio de los afiliados.<\/p>\n<p class=\"paragraph\">El impacto de los fondos de pensiones en la econom\u00eda dominicana es significativo:\u00a0<b>representan al 2025, el 15% del PIB.<\/b><\/p>\n","protected":false},"excerpt":{"rendered":"<p>Superar los\u00a0RD$300,000 millones, con un aumento de RD$40,000 millones en un solo a\u00f1o, significa que los fondos de pensiones se &#8230;<\/p>\n","protected":false},"author":2,"featured_media":225230,"comment_status":"closed","ping_status":"closed","sticky":false,"template":"","format":"standard","meta":{"footnotes":""},"categories":[26],"tags":[],"class_list":["post-225229","post","type-post","status-publish","format-standard","has-post-thumbnail","hentry","category-economia"],"yoast_head":"<!-- This site is optimized with the Yoast SEO plugin v24.8.1 - https:\/\/yoast.com\/wordpress\/plugins\/seo\/ -->\n<title>AFP Crecer ya administra ahorro dimensi\u00f3n nacional - PotenciaRadiofonicaDominicana.com<\/title>\n<meta name=\"robots\" content=\"index, follow, max-snippet:-1, max-image-preview:large, max-video-preview:-1\" \/>\n<link rel=\"canonical\" href=\"https:\/\/potenciaradiofonicadominicana.com\/portal\/afp-crecer-ya-administra-ahorro-dimension-nacional\/\" \/>\n<meta property=\"og:locale\" content=\"es_ES\" \/>\n<meta property=\"og:type\" content=\"article\" \/>\n<meta property=\"og:title\" content=\"AFP Crecer ya administra ahorro dimensi\u00f3n nacional - PotenciaRadiofonicaDominicana.com\" \/>\n<meta property=\"og:description\" content=\"Superar los\u00a0RD$300,000 millones, con un aumento de RD$40,000 millones en un solo a\u00f1o, significa que los fondos de pensiones se ...\" \/>\n<meta property=\"og:url\" content=\"https:\/\/potenciaradiofonicadominicana.com\/portal\/afp-crecer-ya-administra-ahorro-dimension-nacional\/\" \/>\n<meta property=\"og:site_name\" content=\"PotenciaRadiofonicaDominicana.com\" \/>\n<meta property=\"article:publisher\" content=\"https:\/\/web.facebook.com\/PotenciaRadiofonicaD\" \/>\n<meta property=\"article:published_time\" content=\"2026-09-04T02:45:18+00:00\" \/>\n<meta property=\"og:image\" content=\"https:\/\/potenciaradiofonicadominicana.com\/portal\/wp-content\/uploads\/2026\/09\/6a98af63037f3.jpeg\" \/>\n\t<meta property=\"og:image:width\" content=\"1200\" \/>\n\t<meta property=\"og:image:height\" content=\"675\" \/>\n\t<meta property=\"og:image:type\" content=\"image\/jpeg\" \/>\n<meta name=\"author\" content=\"Potencia Radiof\u00f3nica Dominicana\" \/>\n<meta name=\"twitter:card\" content=\"summary_large_image\" \/>\n<meta name=\"twitter:label1\" content=\"Escrito por\" \/>\n\t<meta name=\"twitter:data1\" content=\"Potencia Radiof\u00f3nica Dominicana\" \/>\n\t<meta name=\"twitter:label2\" content=\"Tiempo de lectura\" \/>\n\t<meta name=\"twitter:data2\" content=\"3 minutos\" \/>\n<script type=\"application\/ld+json\" class=\"yoast-schema-graph\">{\"@context\":\"https:\/\/schema.org\",\"@graph\":[{\"@type\":\"Article\",\"@id\":\"https:\/\/potenciaradiofonicadominicana.com\/portal\/afp-crecer-ya-administra-ahorro-dimension-nacional\/#article\",\"isPartOf\":{\"@id\":\"https:\/\/potenciaradiofonicadominicana.com\/portal\/afp-crecer-ya-administra-ahorro-dimension-nacional\/\"},\"author\":{\"name\":\"Potencia Radiof\u00f3nica Dominicana\",\"@id\":\"https:\/\/potenciaradiofonicadominicana.com\/portal\/#\/schema\/person\/a5cf1fea13877803ee0573ac18b03490\"},\"headline\":\"AFP Crecer ya administra ahorro dimensi\u00f3n nacional\",\"datePublished\":\"2026-09-04T02:45:18+00:00\",\"mainEntityOfPage\":{\"@id\":\"https:\/\/potenciaradiofonicadominicana.com\/portal\/afp-crecer-ya-administra-ahorro-dimension-nacional\/\"},\"wordCount\":457,\"publisher\":{\"@id\":\"https:\/\/potenciaradiofonicadominicana.com\/portal\/#organization\"},\"image\":{\"@id\":\"https:\/\/potenciaradiofonicadominicana.com\/portal\/afp-crecer-ya-administra-ahorro-dimension-nacional\/#primaryimage\"},\"thumbnailUrl\":\"https:\/\/potenciaradiofonicadominicana.com\/portal\/wp-content\/uploads\/2026\/09\/6a98af63037f3.jpeg\",\"articleSection\":[\"Econom\u00eda\"],\"inLanguage\":\"es\"},{\"@type\":\"WebPage\",\"@id\":\"https:\/\/potenciaradiofonicadominicana.com\/portal\/afp-crecer-ya-administra-ahorro-dimension-nacional\/\",\"url\":\"https:\/\/potenciaradiofonicadominicana.com\/portal\/afp-crecer-ya-administra-ahorro-dimension-nacional\/\",\"name\":\"AFP Crecer ya administra ahorro dimensi\u00f3n nacional - PotenciaRadiofonicaDominicana.com\",\"isPartOf\":{\"@id\":\"https:\/\/potenciaradiofonicadominicana.com\/portal\/#website\"},\"primaryImageOfPage\":{\"@id\":\"https:\/\/potenciaradiofonicadominicana.com\/portal\/afp-crecer-ya-administra-ahorro-dimension-nacional\/#primaryimage\"},\"image\":{\"@id\":\"https:\/\/potenciaradiofonicadominicana.com\/portal\/afp-crecer-ya-administra-ahorro-dimension-nacional\/#primaryimage\"},\"thumbnailUrl\":\"https:\/\/potenciaradiofonicadominicana.com\/portal\/wp-content\/uploads\/2026\/09\/6a98af63037f3.jpeg\",\"datePublished\":\"2026-09-04T02:45:18+00:00\",\"breadcrumb\":{\"@id\":\"https:\/\/potenciaradiofonicadominicana.com\/portal\/afp-crecer-ya-administra-ahorro-dimension-nacional\/#breadcrumb\"},\"inLanguage\":\"es\",\"potentialAction\":[{\"@type\":\"ReadAction\",\"target\":[\"https:\/\/potenciaradiofonicadominicana.com\/portal\/afp-crecer-ya-administra-ahorro-dimension-nacional\/\"]}]},{\"@type\":\"ImageObject\",\"inLanguage\":\"es\",\"@id\":\"https:\/\/potenciaradiofonicadominicana.com\/portal\/afp-crecer-ya-administra-ahorro-dimension-nacional\/#primaryimage\",\"url\":\"https:\/\/potenciaradiofonicadominicana.com\/portal\/wp-content\/uploads\/2026\/09\/6a98af63037f3.jpeg\",\"contentUrl\":\"https:\/\/potenciaradiofonicadominicana.com\/portal\/wp-content\/uploads\/2026\/09\/6a98af63037f3.jpeg\",\"width\":1200,\"height\":675},{\"@type\":\"BreadcrumbList\",\"@id\":\"https:\/\/potenciaradiofonicadominicana.com\/portal\/afp-crecer-ya-administra-ahorro-dimension-nacional\/#breadcrumb\",\"itemListElement\":[{\"@type\":\"ListItem\",\"position\":1,\"name\":\"Portada\",\"item\":\"https:\/\/potenciaradiofonicadominicana.com\/portal\/\"},{\"@type\":\"ListItem\",\"position\":2,\"name\":\"AFP Crecer ya administra ahorro dimensi\u00f3n nacional\"}]},{\"@type\":\"WebSite\",\"@id\":\"https:\/\/potenciaradiofonicadominicana.com\/portal\/#website\",\"url\":\"https:\/\/potenciaradiofonicadominicana.com\/portal\/\",\"name\":\"PotenciaRadiofonicaDominicana.com\",\"description\":\"Peri\u00f3dico Digital\",\"publisher\":{\"@id\":\"https:\/\/potenciaradiofonicadominicana.com\/portal\/#organization\"},\"potentialAction\":[{\"@type\":\"SearchAction\",\"target\":{\"@type\":\"EntryPoint\",\"urlTemplate\":\"https:\/\/potenciaradiofonicadominicana.com\/portal\/?s={search_term_string}\"},\"query-input\":{\"@type\":\"PropertyValueSpecification\",\"valueRequired\":true,\"valueName\":\"search_term_string\"}}],\"inLanguage\":\"es\"},{\"@type\":\"Organization\",\"@id\":\"https:\/\/potenciaradiofonicadominicana.com\/portal\/#organization\",\"name\":\"PotenciaRadiofonicaDominicana.com\",\"url\":\"https:\/\/potenciaradiofonicadominicana.com\/portal\/\",\"logo\":{\"@type\":\"ImageObject\",\"inLanguage\":\"es\",\"@id\":\"https:\/\/potenciaradiofonicadominicana.com\/portal\/#\/schema\/logo\/image\/\",\"url\":\"https:\/\/potenciaradiofonicadominicana.com\/portal\/wp-content\/uploads\/2022\/01\/descarga.png\",\"contentUrl\":\"https:\/\/potenciaradiofonicadominicana.com\/portal\/wp-content\/uploads\/2022\/01\/descarga.png\",\"width\":300,\"height\":100,\"caption\":\"PotenciaRadiofonicaDominicana.com\"},\"image\":{\"@id\":\"https:\/\/potenciaradiofonicadominicana.com\/portal\/#\/schema\/logo\/image\/\"},\"sameAs\":[\"https:\/\/web.facebook.com\/PotenciaRadiofonicaD\"]},{\"@type\":\"Person\",\"@id\":\"https:\/\/potenciaradiofonicadominicana.com\/portal\/#\/schema\/person\/a5cf1fea13877803ee0573ac18b03490\",\"name\":\"Potencia Radiof\u00f3nica Dominicana\",\"image\":{\"@type\":\"ImageObject\",\"inLanguage\":\"es\",\"@id\":\"https:\/\/potenciaradiofonicadominicana.com\/portal\/#\/schema\/person\/image\/\",\"url\":\"https:\/\/secure.gravatar.com\/avatar\/42a55ab9e8ccc656ba34cd791990602a?s=96&d=mm&r=g\",\"contentUrl\":\"https:\/\/secure.gravatar.com\/avatar\/42a55ab9e8ccc656ba34cd791990602a?s=96&d=mm&r=g\",\"caption\":\"Potencia Radiof\u00f3nica Dominicana\"},\"url\":\"https:\/\/potenciaradiofonicadominicana.com\/portal\/author\/johannyalmanzar\/\"}]}<\/script>\n<!-- \/ Yoast SEO plugin. -->","yoast_head_json":{"title":"AFP Crecer ya administra ahorro dimensi\u00f3n nacional - PotenciaRadiofonicaDominicana.com","robots":{"index":"index","follow":"follow","max-snippet":"max-snippet:-1","max-image-preview":"max-image-preview:large","max-video-preview":"max-video-preview:-1"},"canonical":"https:\/\/potenciaradiofonicadominicana.com\/portal\/afp-crecer-ya-administra-ahorro-dimension-nacional\/","og_locale":"es_ES","og_type":"article","og_title":"AFP Crecer ya administra ahorro dimensi\u00f3n nacional - PotenciaRadiofonicaDominicana.com","og_description":"Superar los\u00a0RD$300,000 millones, con un aumento de RD$40,000 millones en un solo a\u00f1o, significa que los fondos de pensiones se ...","og_url":"https:\/\/potenciaradiofonicadominicana.com\/portal\/afp-crecer-ya-administra-ahorro-dimension-nacional\/","og_site_name":"PotenciaRadiofonicaDominicana.com","article_publisher":"https:\/\/web.facebook.com\/PotenciaRadiofonicaD","article_published_time":"2026-09-04T02:45:18+00:00","og_image":[{"width":1200,"height":675,"url":"https:\/\/potenciaradiofonicadominicana.com\/portal\/wp-content\/uploads\/2026\/09\/6a98af63037f3.jpeg","type":"image\/jpeg"}],"author":"Potencia Radiof\u00f3nica Dominicana","twitter_card":"summary_large_image","twitter_misc":{"Escrito por":"Potencia Radiof\u00f3nica Dominicana","Tiempo de lectura":"3 minutos"},"schema":{"@context":"https:\/\/schema.org","@graph":[{"@type":"Article","@id":"https:\/\/potenciaradiofonicadominicana.com\/portal\/afp-crecer-ya-administra-ahorro-dimension-nacional\/#article","isPartOf":{"@id":"https:\/\/potenciaradiofonicadominicana.com\/portal\/afp-crecer-ya-administra-ahorro-dimension-nacional\/"},"author":{"name":"Potencia Radiof\u00f3nica Dominicana","@id":"https:\/\/potenciaradiofonicadominicana.com\/portal\/#\/schema\/person\/a5cf1fea13877803ee0573ac18b03490"},"headline":"AFP Crecer ya administra ahorro dimensi\u00f3n nacional","datePublished":"2026-09-04T02:45:18+00:00","mainEntityOfPage":{"@id":"https:\/\/potenciaradiofonicadominicana.com\/portal\/afp-crecer-ya-administra-ahorro-dimension-nacional\/"},"wordCount":457,"publisher":{"@id":"https:\/\/potenciaradiofonicadominicana.com\/portal\/#organization"},"image":{"@id":"https:\/\/potenciaradiofonicadominicana.com\/portal\/afp-crecer-ya-administra-ahorro-dimension-nacional\/#primaryimage"},"thumbnailUrl":"https:\/\/potenciaradiofonicadominicana.com\/portal\/wp-content\/uploads\/2026\/09\/6a98af63037f3.jpeg","articleSection":["Econom\u00eda"],"inLanguage":"es"},{"@type":"WebPage","@id":"https:\/\/potenciaradiofonicadominicana.com\/portal\/afp-crecer-ya-administra-ahorro-dimension-nacional\/","url":"https:\/\/potenciaradiofonicadominicana.com\/portal\/afp-crecer-ya-administra-ahorro-dimension-nacional\/","name":"AFP Crecer ya administra ahorro dimensi\u00f3n nacional - PotenciaRadiofonicaDominicana.com","isPartOf":{"@id":"https:\/\/potenciaradiofonicadominicana.com\/portal\/#website"},"primaryImageOfPage":{"@id":"https:\/\/potenciaradiofonicadominicana.com\/portal\/afp-crecer-ya-administra-ahorro-dimension-nacional\/#primaryimage"},"image":{"@id":"https:\/\/potenciaradiofonicadominicana.com\/portal\/afp-crecer-ya-administra-ahorro-dimension-nacional\/#primaryimage"},"thumbnailUrl":"https:\/\/potenciaradiofonicadominicana.com\/portal\/wp-content\/uploads\/2026\/09\/6a98af63037f3.jpeg","datePublished":"2026-09-04T02:45:18+00:00","breadcrumb":{"@id":"https:\/\/potenciaradiofonicadominicana.com\/portal\/afp-crecer-ya-administra-ahorro-dimension-nacional\/#breadcrumb"},"inLanguage":"es","potentialAction":[{"@type":"ReadAction","target":["https:\/\/potenciaradiofonicadominicana.com\/portal\/afp-crecer-ya-administra-ahorro-dimension-nacional\/"]}]},{"@type":"ImageObject","inLanguage":"es","@id":"https:\/\/potenciaradiofonicadominicana.com\/portal\/afp-crecer-ya-administra-ahorro-dimension-nacional\/#primaryimage","url":"https:\/\/potenciaradiofonicadominicana.com\/portal\/wp-content\/uploads\/2026\/09\/6a98af63037f3.jpeg","contentUrl":"https:\/\/potenciaradiofonicadominicana.com\/portal\/wp-content\/uploads\/2026\/09\/6a98af63037f3.jpeg","width":1200,"height":675},{"@type":"BreadcrumbList","@id":"https:\/\/potenciaradiofonicadominicana.com\/portal\/afp-crecer-ya-administra-ahorro-dimension-nacional\/#breadcrumb","itemListElement":[{"@type":"ListItem","position":1,"name":"Portada","item":"https:\/\/potenciaradiofonicadominicana.com\/portal\/"},{"@type":"ListItem","position":2,"name":"AFP Crecer ya administra ahorro dimensi\u00f3n nacional"}]},{"@type":"WebSite","@id":"https:\/\/potenciaradiofonicadominicana.com\/portal\/#website","url":"https:\/\/potenciaradiofonicadominicana.com\/portal\/","name":"PotenciaRadiofonicaDominicana.com","description":"Peri\u00f3dico Digital","publisher":{"@id":"https:\/\/potenciaradiofonicadominicana.com\/portal\/#organization"},"potentialAction":[{"@type":"SearchAction","target":{"@type":"EntryPoint","urlTemplate":"https:\/\/potenciaradiofonicadominicana.com\/portal\/?s={search_term_string}"},"query-input":{"@type":"PropertyValueSpecification","valueRequired":true,"valueName":"search_term_string"}}],"inLanguage":"es"},{"@type":"Organization","@id":"https:\/\/potenciaradiofonicadominicana.com\/portal\/#organization","name":"PotenciaRadiofonicaDominicana.com","url":"https:\/\/potenciaradiofonicadominicana.com\/portal\/","logo":{"@type":"ImageObject","inLanguage":"es","@id":"https:\/\/potenciaradiofonicadominicana.com\/portal\/#\/schema\/logo\/image\/","url":"https:\/\/potenciaradiofonicadominicana.com\/portal\/wp-content\/uploads\/2022\/01\/descarga.png","contentUrl":"https:\/\/potenciaradiofonicadominicana.com\/portal\/wp-content\/uploads\/2022\/01\/descarga.png","width":300,"height":100,"caption":"PotenciaRadiofonicaDominicana.com"},"image":{"@id":"https:\/\/potenciaradiofonicadominicana.com\/portal\/#\/schema\/logo\/image\/"},"sameAs":["https:\/\/web.facebook.com\/PotenciaRadiofonicaD"]},{"@type":"Person","@id":"https:\/\/potenciaradiofonicadominicana.com\/portal\/#\/schema\/person\/a5cf1fea13877803ee0573ac18b03490","name":"Potencia Radiof\u00f3nica Dominicana","image":{"@type":"ImageObject","inLanguage":"es","@id":"https:\/\/potenciaradiofonicadominicana.com\/portal\/#\/schema\/person\/image\/","url":"https:\/\/secure.gravatar.com\/avatar\/42a55ab9e8ccc656ba34cd791990602a?s=96&d=mm&r=g","contentUrl":"https:\/\/secure.gravatar.com\/avatar\/42a55ab9e8ccc656ba34cd791990602a?s=96&d=mm&r=g","caption":"Potencia Radiof\u00f3nica Dominicana"},"url":"https:\/\/potenciaradiofonicadominicana.com\/portal\/author\/johannyalmanzar\/"}]}},"_links":{"self":[{"href":"https:\/\/potenciaradiofonicadominicana.com\/portal\/wp-json\/wp\/v2\/posts\/225229","targetHints":{"allow":["GET"]}}],"collection":[{"href":"https:\/\/potenciaradiofonicadominicana.com\/portal\/wp-json\/wp\/v2\/posts"}],"about":[{"href":"https:\/\/potenciaradiofonicadominicana.com\/portal\/wp-json\/wp\/v2\/types\/post"}],"author":[{"embeddable":true,"href":"https:\/\/potenciaradiofonicadominicana.com\/portal\/wp-json\/wp\/v2\/users\/2"}],"replies":[{"embeddable":true,"href":"https:\/\/potenciaradiofonicadominicana.com\/portal\/wp-json\/wp\/v2\/comments?post=225229"}],"version-history":[{"count":1,"href":"https:\/\/potenciaradiofonicadominicana.com\/portal\/wp-json\/wp\/v2\/posts\/225229\/revisions"}],"predecessor-version":[{"id":225231,"href":"https:\/\/potenciaradiofonicadominicana.com\/portal\/wp-json\/wp\/v2\/posts\/225229\/revisions\/225231"}],"wp:featuredmedia":[{"embeddable":true,"href":"https:\/\/potenciaradiofonicadominicana.com\/portal\/wp-json\/wp\/v2\/media\/225230"}],"wp:attachment":[{"href":"https:\/\/potenciaradiofonicadominicana.com\/portal\/wp-json\/wp\/v2\/media?parent=225229"}],"wp:term":[{"taxonomy":"category","embeddable":true,"href":"https:\/\/potenciaradiofonicadominicana.com\/portal\/wp-json\/wp\/v2\/categories?post=225229"},{"taxonomy":"post_tag","embeddable":true,"href":"https:\/\/potenciaradiofonicadominicana.com\/portal\/wp-json\/wp\/v2\/tags?post=225229"}],"curies":[{"name":"wp","href":"https:\/\/api.w.org\/{rel}","templated":true}]}}