{"id":225226,"date":"2026-09-03T22:43:15","date_gmt":"2026-09-04T02:43:15","guid":{"rendered":"https:\/\/potenciaradiofonicadominicana.com\/portal\/?p=225226"},"modified":"2026-09-03T22:43:15","modified_gmt":"2026-09-04T02:43:15","slug":"de-persistir-la-sequia-los-platanos-podrian-costar-hasta-rd50","status":"publish","type":"post","link":"https:\/\/potenciaradiofonicadominicana.com\/portal\/de-persistir-la-sequia-los-platanos-podrian-costar-hasta-rd50\/","title":{"rendered":"De persistir la sequ\u00eda, los pl\u00e1tanos podr\u00edan costar hasta RD$50"},"content":{"rendered":"<p><a href=\"https:\/\/potenciaradiofonicadominicana.com\/portal\/wp-content\/uploads\/2026\/09\/exportacion-de-platanos.jpg\"><img loading=\"lazy\" decoding=\"async\" class=\"alignnone size-full wp-image-225227\" src=\"https:\/\/potenciaradiofonicadominicana.com\/portal\/wp-content\/uploads\/2026\/09\/exportacion-de-platanos.jpg\" alt=\"\" width=\"1200\" height=\"756\" srcset=\"https:\/\/potenciaradiofonicadominicana.com\/portal\/wp-content\/uploads\/2026\/09\/exportacion-de-platanos.jpg 1200w, https:\/\/potenciaradiofonicadominicana.com\/portal\/wp-content\/uploads\/2026\/09\/exportacion-de-platanos-300x189.jpg 300w, https:\/\/potenciaradiofonicadominicana.com\/portal\/wp-content\/uploads\/2026\/09\/exportacion-de-platanos-1024x645.jpg 1024w, https:\/\/potenciaradiofonicadominicana.com\/portal\/wp-content\/uploads\/2026\/09\/exportacion-de-platanos-768x484.jpg 768w\" sizes=\"auto, (max-width: 1200px) 100vw, 1200px\" \/><\/a><\/p>\n<p>Si no se atienden los efectos de la sequ\u00eda sobre el sector, el precio de los pl\u00e1tanos podr\u00eda registrar un aumento significativo en los pr\u00f3ximos meses. El presidente de la Asociaci\u00f3n Dominicana de Productores de Pl\u00e1tanos (Adopl\u00e1tano), Alex Cruz, advirti\u00f3 que el producto podr\u00eda alcanzar los 50 pesos por unidad si persiste la situaci\u00f3n.<\/p>\n<p>Seg\u00fan explic\u00f3, los precios ya han comenzado a subir y podr\u00edan mantener una tendencia al alza hasta abril de 2027. Cruz indic\u00f3 que actualmente el precio puede rondar los 25 pesos por unidad en algunos establecimientos.<\/p>\n<p>\u00abEl cultivo del pl\u00e1tano, como otros cultivos, est\u00e1 siendo gravemente afectado por la sequ\u00eda, y eso impactar\u00e1 en los precios que vamos a tener de oferta de los pl\u00e1tanos en los meses por venir\u00bb, dijo.<\/p>\n<p>El dirigente agropecuario se\u00f1al\u00f3 que, regularmente, el precio del pl\u00e1tano aumenta entre noviembre y febrero debido a factores estacionales. Sin embargo, indic\u00f3 que este a\u00f1o las alzas comenzaron a registrarse desde septiembre debido a la sequ\u00eda.<\/p>\n<p>Adopl\u00e1tano consider\u00f3 necesario incrementar el acceso de los productores a fuentes de agua e implementar sistemas de riego m\u00e1s eficientes.<\/p>\n<p>Entre las alternativas mencion\u00f3 la instalaci\u00f3n de paneles solares para operar bombas de agua y sustituir progresivamente el riego por inundaci\u00f3n por sistemas de goteo.<\/p>\n<p>Email icon<br \/>\nRecibe las principales noticias del d\u00eda en tu bandeja de correo con nuestro newsletter Lo que tienes que saber.<\/p>\n<p>Introduce tu email<\/p>\n<p>Para implementar estas tecnolog\u00edas, Cruz se\u00f1al\u00f3 que los productores necesitan acceso a financiamiento y dijo que Adopl\u00e1tano realiza gestiones para desarrollar un plan piloto junto al Banco Agr\u00edcola.<\/p>\n<p>El Ni\u00f1o se intensificar\u00e1 al menos hasta febrero de 2027 y aumenta el riesgo de sequ\u00eda en RD<br \/>\nLa iniciativa contempla facilitar financiamiento a 30 productores distribuidos en distintas provincias para instalar paneles solares, bombas y sistemas de distribuci\u00f3n de agua en sus fincas.<\/p>\n<p>Seg\u00fan Cruz, el objetivo es garantizar agua suficiente para las plantaciones y acelerar la disponibilidad del producto para reducir el riesgo de una eventual escasez en los pr\u00f3ximos meses.<\/p>\n<p>Ministerio espera mejoras en la situaci\u00f3n<br \/>\nEl ministro de Agricultura, Francisco Oliverio Espaillat, reconoci\u00f3 que la sequ\u00eda ha afectado diversos cultivos, pero indic\u00f3 que se espera una mejor\u00eda en las condiciones meteorol\u00f3gicas. \u00abTodav\u00eda necesitamos m\u00e1s lluvia, pero ya las condiciones van cambiando y eso es muy positivo\u00bb, manifest\u00f3.<\/p>\n<p>Entre las zonas m\u00e1s perjudicadas por la sequ\u00eda mencion\u00f3 las provincias del Cibao Central, mientras se\u00f1al\u00f3 que las recientes precipitaciones, producto de una vaguada, han beneficiado algunas \u00e1reas.<\/p>\n<p>\u00abEn muchos puntos, por lo menos, la situaci\u00f3n ya va tornando en mejor\u00eda para los agricultores y para los cultivos\u00bb, puntualiz\u00f3.<\/p>\n<p>Estas declaraciones fueron ofrecidas en B\u00e1varo durante el XXVIII Encuentro Nacional de L\u00edderes del Sector Agropecuario, organizado por la Junta Agroempresarial Dominicana (JAD).<\/p>\n","protected":false},"excerpt":{"rendered":"<p>Si no se atienden los efectos de la sequ\u00eda sobre el sector, el precio de los pl\u00e1tanos podr\u00eda registrar un &#8230;<\/p>\n","protected":false},"author":2,"featured_media":225227,"comment_status":"closed","ping_status":"closed","sticky":false,"template":"","format":"standard","meta":{"footnotes":""},"categories":[26],"tags":[],"class_list":["post-225226","post","type-post","status-publish","format-standard","has-post-thumbnail","hentry","category-economia"],"yoast_head":"<!-- This site is optimized with the Yoast SEO plugin v24.8.1 - https:\/\/yoast.com\/wordpress\/plugins\/seo\/ -->\n<title>De persistir la sequ\u00eda, los pl\u00e1tanos podr\u00edan costar hasta RD$50 - PotenciaRadiofonicaDominicana.com<\/title>\n<meta name=\"robots\" content=\"index, follow, max-snippet:-1, max-image-preview:large, max-video-preview:-1\" \/>\n<link rel=\"canonical\" href=\"https:\/\/potenciaradiofonicadominicana.com\/portal\/de-persistir-la-sequia-los-platanos-podrian-costar-hasta-rd50\/\" \/>\n<meta property=\"og:locale\" content=\"es_ES\" \/>\n<meta property=\"og:type\" content=\"article\" \/>\n<meta property=\"og:title\" content=\"De persistir la sequ\u00eda, los pl\u00e1tanos podr\u00edan costar hasta RD$50 - PotenciaRadiofonicaDominicana.com\" \/>\n<meta property=\"og:description\" content=\"Si no se atienden los efectos de la sequ\u00eda sobre el sector, el precio de los pl\u00e1tanos podr\u00eda registrar un ...\" \/>\n<meta property=\"og:url\" content=\"https:\/\/potenciaradiofonicadominicana.com\/portal\/de-persistir-la-sequia-los-platanos-podrian-costar-hasta-rd50\/\" \/>\n<meta property=\"og:site_name\" content=\"PotenciaRadiofonicaDominicana.com\" \/>\n<meta property=\"article:publisher\" content=\"https:\/\/web.facebook.com\/PotenciaRadiofonicaD\" \/>\n<meta property=\"article:published_time\" content=\"2026-09-04T02:43:15+00:00\" \/>\n<meta property=\"og:image\" content=\"https:\/\/potenciaradiofonicadominicana.com\/portal\/wp-content\/uploads\/2026\/09\/exportacion-de-platanos.jpg\" \/>\n\t<meta property=\"og:image:width\" content=\"1200\" \/>\n\t<meta property=\"og:image:height\" content=\"756\" \/>\n\t<meta property=\"og:image:type\" content=\"image\/jpeg\" \/>\n<meta name=\"author\" content=\"Potencia Radiof\u00f3nica Dominicana\" \/>\n<meta name=\"twitter:card\" content=\"summary_large_image\" \/>\n<meta name=\"twitter:label1\" content=\"Escrito por\" \/>\n\t<meta name=\"twitter:data1\" content=\"Potencia Radiof\u00f3nica Dominicana\" \/>\n\t<meta name=\"twitter:label2\" content=\"Tiempo de lectura\" \/>\n\t<meta name=\"twitter:data2\" content=\"3 minutos\" \/>\n<script type=\"application\/ld+json\" class=\"yoast-schema-graph\">{\"@context\":\"https:\/\/schema.org\",\"@graph\":[{\"@type\":\"Article\",\"@id\":\"https:\/\/potenciaradiofonicadominicana.com\/portal\/de-persistir-la-sequia-los-platanos-podrian-costar-hasta-rd50\/#article\",\"isPartOf\":{\"@id\":\"https:\/\/potenciaradiofonicadominicana.com\/portal\/de-persistir-la-sequia-los-platanos-podrian-costar-hasta-rd50\/\"},\"author\":{\"name\":\"Potencia Radiof\u00f3nica Dominicana\",\"@id\":\"https:\/\/potenciaradiofonicadominicana.com\/portal\/#\/schema\/person\/a5cf1fea13877803ee0573ac18b03490\"},\"headline\":\"De persistir la sequ\u00eda, los pl\u00e1tanos podr\u00edan costar hasta RD$50\",\"datePublished\":\"2026-09-04T02:43:15+00:00\",\"mainEntityOfPage\":{\"@id\":\"https:\/\/potenciaradiofonicadominicana.com\/portal\/de-persistir-la-sequia-los-platanos-podrian-costar-hasta-rd50\/\"},\"wordCount\":504,\"publisher\":{\"@id\":\"https:\/\/potenciaradiofonicadominicana.com\/portal\/#organization\"},\"image\":{\"@id\":\"https:\/\/potenciaradiofonicadominicana.com\/portal\/de-persistir-la-sequia-los-platanos-podrian-costar-hasta-rd50\/#primaryimage\"},\"thumbnailUrl\":\"https:\/\/potenciaradiofonicadominicana.com\/portal\/wp-content\/uploads\/2026\/09\/exportacion-de-platanos.jpg\",\"articleSection\":[\"Econom\u00eda\"],\"inLanguage\":\"es\"},{\"@type\":\"WebPage\",\"@id\":\"https:\/\/potenciaradiofonicadominicana.com\/portal\/de-persistir-la-sequia-los-platanos-podrian-costar-hasta-rd50\/\",\"url\":\"https:\/\/potenciaradiofonicadominicana.com\/portal\/de-persistir-la-sequia-los-platanos-podrian-costar-hasta-rd50\/\",\"name\":\"De persistir la sequ\u00eda, los pl\u00e1tanos podr\u00edan costar hasta RD$50 - PotenciaRadiofonicaDominicana.com\",\"isPartOf\":{\"@id\":\"https:\/\/potenciaradiofonicadominicana.com\/portal\/#website\"},\"primaryImageOfPage\":{\"@id\":\"https:\/\/potenciaradiofonicadominicana.com\/portal\/de-persistir-la-sequia-los-platanos-podrian-costar-hasta-rd50\/#primaryimage\"},\"image\":{\"@id\":\"https:\/\/potenciaradiofonicadominicana.com\/portal\/de-persistir-la-sequia-los-platanos-podrian-costar-hasta-rd50\/#primaryimage\"},\"thumbnailUrl\":\"https:\/\/potenciaradiofonicadominicana.com\/portal\/wp-content\/uploads\/2026\/09\/exportacion-de-platanos.jpg\",\"datePublished\":\"2026-09-04T02:43:15+00:00\",\"breadcrumb\":{\"@id\":\"https:\/\/potenciaradiofonicadominicana.com\/portal\/de-persistir-la-sequia-los-platanos-podrian-costar-hasta-rd50\/#breadcrumb\"},\"inLanguage\":\"es\",\"potentialAction\":[{\"@type\":\"ReadAction\",\"target\":[\"https:\/\/potenciaradiofonicadominicana.com\/portal\/de-persistir-la-sequia-los-platanos-podrian-costar-hasta-rd50\/\"]}]},{\"@type\":\"ImageObject\",\"inLanguage\":\"es\",\"@id\":\"https:\/\/potenciaradiofonicadominicana.com\/portal\/de-persistir-la-sequia-los-platanos-podrian-costar-hasta-rd50\/#primaryimage\",\"url\":\"https:\/\/potenciaradiofonicadominicana.com\/portal\/wp-content\/uploads\/2026\/09\/exportacion-de-platanos.jpg\",\"contentUrl\":\"https:\/\/potenciaradiofonicadominicana.com\/portal\/wp-content\/uploads\/2026\/09\/exportacion-de-platanos.jpg\",\"width\":1200,\"height\":756},{\"@type\":\"BreadcrumbList\",\"@id\":\"https:\/\/potenciaradiofonicadominicana.com\/portal\/de-persistir-la-sequia-los-platanos-podrian-costar-hasta-rd50\/#breadcrumb\",\"itemListElement\":[{\"@type\":\"ListItem\",\"position\":1,\"name\":\"Portada\",\"item\":\"https:\/\/potenciaradiofonicadominicana.com\/portal\/\"},{\"@type\":\"ListItem\",\"position\":2,\"name\":\"De persistir la sequ\u00eda, los pl\u00e1tanos podr\u00edan costar hasta RD$50\"}]},{\"@type\":\"WebSite\",\"@id\":\"https:\/\/potenciaradiofonicadominicana.com\/portal\/#website\",\"url\":\"https:\/\/potenciaradiofonicadominicana.com\/portal\/\",\"name\":\"PotenciaRadiofonicaDominicana.com\",\"description\":\"Peri\u00f3dico Digital\",\"publisher\":{\"@id\":\"https:\/\/potenciaradiofonicadominicana.com\/portal\/#organization\"},\"potentialAction\":[{\"@type\":\"SearchAction\",\"target\":{\"@type\":\"EntryPoint\",\"urlTemplate\":\"https:\/\/potenciaradiofonicadominicana.com\/portal\/?s={search_term_string}\"},\"query-input\":{\"@type\":\"PropertyValueSpecification\",\"valueRequired\":true,\"valueName\":\"search_term_string\"}}],\"inLanguage\":\"es\"},{\"@type\":\"Organization\",\"@id\":\"https:\/\/potenciaradiofonicadominicana.com\/portal\/#organization\",\"name\":\"PotenciaRadiofonicaDominicana.com\",\"url\":\"https:\/\/potenciaradiofonicadominicana.com\/portal\/\",\"logo\":{\"@type\":\"ImageObject\",\"inLanguage\":\"es\",\"@id\":\"https:\/\/potenciaradiofonicadominicana.com\/portal\/#\/schema\/logo\/image\/\",\"url\":\"https:\/\/potenciaradiofonicadominicana.com\/portal\/wp-content\/uploads\/2022\/01\/descarga.png\",\"contentUrl\":\"https:\/\/potenciaradiofonicadominicana.com\/portal\/wp-content\/uploads\/2022\/01\/descarga.png\",\"width\":300,\"height\":100,\"caption\":\"PotenciaRadiofonicaDominicana.com\"},\"image\":{\"@id\":\"https:\/\/potenciaradiofonicadominicana.com\/portal\/#\/schema\/logo\/image\/\"},\"sameAs\":[\"https:\/\/web.facebook.com\/PotenciaRadiofonicaD\"]},{\"@type\":\"Person\",\"@id\":\"https:\/\/potenciaradiofonicadominicana.com\/portal\/#\/schema\/person\/a5cf1fea13877803ee0573ac18b03490\",\"name\":\"Potencia Radiof\u00f3nica Dominicana\",\"image\":{\"@type\":\"ImageObject\",\"inLanguage\":\"es\",\"@id\":\"https:\/\/potenciaradiofonicadominicana.com\/portal\/#\/schema\/person\/image\/\",\"url\":\"https:\/\/secure.gravatar.com\/avatar\/42a55ab9e8ccc656ba34cd791990602a?s=96&d=mm&r=g\",\"contentUrl\":\"https:\/\/secure.gravatar.com\/avatar\/42a55ab9e8ccc656ba34cd791990602a?s=96&d=mm&r=g\",\"caption\":\"Potencia Radiof\u00f3nica Dominicana\"},\"url\":\"https:\/\/potenciaradiofonicadominicana.com\/portal\/author\/johannyalmanzar\/\"}]}<\/script>\n<!-- \/ Yoast SEO plugin. -->","yoast_head_json":{"title":"De persistir la sequ\u00eda, los pl\u00e1tanos podr\u00edan costar hasta RD$50 - PotenciaRadiofonicaDominicana.com","robots":{"index":"index","follow":"follow","max-snippet":"max-snippet:-1","max-image-preview":"max-image-preview:large","max-video-preview":"max-video-preview:-1"},"canonical":"https:\/\/potenciaradiofonicadominicana.com\/portal\/de-persistir-la-sequia-los-platanos-podrian-costar-hasta-rd50\/","og_locale":"es_ES","og_type":"article","og_title":"De persistir la sequ\u00eda, los pl\u00e1tanos podr\u00edan costar hasta RD$50 - PotenciaRadiofonicaDominicana.com","og_description":"Si no se atienden los efectos de la sequ\u00eda sobre el sector, el precio de los pl\u00e1tanos podr\u00eda registrar un ...","og_url":"https:\/\/potenciaradiofonicadominicana.com\/portal\/de-persistir-la-sequia-los-platanos-podrian-costar-hasta-rd50\/","og_site_name":"PotenciaRadiofonicaDominicana.com","article_publisher":"https:\/\/web.facebook.com\/PotenciaRadiofonicaD","article_published_time":"2026-09-04T02:43:15+00:00","og_image":[{"width":1200,"height":756,"url":"https:\/\/potenciaradiofonicadominicana.com\/portal\/wp-content\/uploads\/2026\/09\/exportacion-de-platanos.jpg","type":"image\/jpeg"}],"author":"Potencia Radiof\u00f3nica Dominicana","twitter_card":"summary_large_image","twitter_misc":{"Escrito por":"Potencia Radiof\u00f3nica Dominicana","Tiempo de lectura":"3 minutos"},"schema":{"@context":"https:\/\/schema.org","@graph":[{"@type":"Article","@id":"https:\/\/potenciaradiofonicadominicana.com\/portal\/de-persistir-la-sequia-los-platanos-podrian-costar-hasta-rd50\/#article","isPartOf":{"@id":"https:\/\/potenciaradiofonicadominicana.com\/portal\/de-persistir-la-sequia-los-platanos-podrian-costar-hasta-rd50\/"},"author":{"name":"Potencia Radiof\u00f3nica Dominicana","@id":"https:\/\/potenciaradiofonicadominicana.com\/portal\/#\/schema\/person\/a5cf1fea13877803ee0573ac18b03490"},"headline":"De persistir la sequ\u00eda, los pl\u00e1tanos podr\u00edan costar hasta RD$50","datePublished":"2026-09-04T02:43:15+00:00","mainEntityOfPage":{"@id":"https:\/\/potenciaradiofonicadominicana.com\/portal\/de-persistir-la-sequia-los-platanos-podrian-costar-hasta-rd50\/"},"wordCount":504,"publisher":{"@id":"https:\/\/potenciaradiofonicadominicana.com\/portal\/#organization"},"image":{"@id":"https:\/\/potenciaradiofonicadominicana.com\/portal\/de-persistir-la-sequia-los-platanos-podrian-costar-hasta-rd50\/#primaryimage"},"thumbnailUrl":"https:\/\/potenciaradiofonicadominicana.com\/portal\/wp-content\/uploads\/2026\/09\/exportacion-de-platanos.jpg","articleSection":["Econom\u00eda"],"inLanguage":"es"},{"@type":"WebPage","@id":"https:\/\/potenciaradiofonicadominicana.com\/portal\/de-persistir-la-sequia-los-platanos-podrian-costar-hasta-rd50\/","url":"https:\/\/potenciaradiofonicadominicana.com\/portal\/de-persistir-la-sequia-los-platanos-podrian-costar-hasta-rd50\/","name":"De persistir la sequ\u00eda, los pl\u00e1tanos podr\u00edan costar hasta RD$50 - PotenciaRadiofonicaDominicana.com","isPartOf":{"@id":"https:\/\/potenciaradiofonicadominicana.com\/portal\/#website"},"primaryImageOfPage":{"@id":"https:\/\/potenciaradiofonicadominicana.com\/portal\/de-persistir-la-sequia-los-platanos-podrian-costar-hasta-rd50\/#primaryimage"},"image":{"@id":"https:\/\/potenciaradiofonicadominicana.com\/portal\/de-persistir-la-sequia-los-platanos-podrian-costar-hasta-rd50\/#primaryimage"},"thumbnailUrl":"https:\/\/potenciaradiofonicadominicana.com\/portal\/wp-content\/uploads\/2026\/09\/exportacion-de-platanos.jpg","datePublished":"2026-09-04T02:43:15+00:00","breadcrumb":{"@id":"https:\/\/potenciaradiofonicadominicana.com\/portal\/de-persistir-la-sequia-los-platanos-podrian-costar-hasta-rd50\/#breadcrumb"},"inLanguage":"es","potentialAction":[{"@type":"ReadAction","target":["https:\/\/potenciaradiofonicadominicana.com\/portal\/de-persistir-la-sequia-los-platanos-podrian-costar-hasta-rd50\/"]}]},{"@type":"ImageObject","inLanguage":"es","@id":"https:\/\/potenciaradiofonicadominicana.com\/portal\/de-persistir-la-sequia-los-platanos-podrian-costar-hasta-rd50\/#primaryimage","url":"https:\/\/potenciaradiofonicadominicana.com\/portal\/wp-content\/uploads\/2026\/09\/exportacion-de-platanos.jpg","contentUrl":"https:\/\/potenciaradiofonicadominicana.com\/portal\/wp-content\/uploads\/2026\/09\/exportacion-de-platanos.jpg","width":1200,"height":756},{"@type":"BreadcrumbList","@id":"https:\/\/potenciaradiofonicadominicana.com\/portal\/de-persistir-la-sequia-los-platanos-podrian-costar-hasta-rd50\/#breadcrumb","itemListElement":[{"@type":"ListItem","position":1,"name":"Portada","item":"https:\/\/potenciaradiofonicadominicana.com\/portal\/"},{"@type":"ListItem","position":2,"name":"De persistir la sequ\u00eda, los pl\u00e1tanos podr\u00edan costar hasta RD$50"}]},{"@type":"WebSite","@id":"https:\/\/potenciaradiofonicadominicana.com\/portal\/#website","url":"https:\/\/potenciaradiofonicadominicana.com\/portal\/","name":"PotenciaRadiofonicaDominicana.com","description":"Peri\u00f3dico Digital","publisher":{"@id":"https:\/\/potenciaradiofonicadominicana.com\/portal\/#organization"},"potentialAction":[{"@type":"SearchAction","target":{"@type":"EntryPoint","urlTemplate":"https:\/\/potenciaradiofonicadominicana.com\/portal\/?s={search_term_string}"},"query-input":{"@type":"PropertyValueSpecification","valueRequired":true,"valueName":"search_term_string"}}],"inLanguage":"es"},{"@type":"Organization","@id":"https:\/\/potenciaradiofonicadominicana.com\/portal\/#organization","name":"PotenciaRadiofonicaDominicana.com","url":"https:\/\/potenciaradiofonicadominicana.com\/portal\/","logo":{"@type":"ImageObject","inLanguage":"es","@id":"https:\/\/potenciaradiofonicadominicana.com\/portal\/#\/schema\/logo\/image\/","url":"https:\/\/potenciaradiofonicadominicana.com\/portal\/wp-content\/uploads\/2022\/01\/descarga.png","contentUrl":"https:\/\/potenciaradiofonicadominicana.com\/portal\/wp-content\/uploads\/2022\/01\/descarga.png","width":300,"height":100,"caption":"PotenciaRadiofonicaDominicana.com"},"image":{"@id":"https:\/\/potenciaradiofonicadominicana.com\/portal\/#\/schema\/logo\/image\/"},"sameAs":["https:\/\/web.facebook.com\/PotenciaRadiofonicaD"]},{"@type":"Person","@id":"https:\/\/potenciaradiofonicadominicana.com\/portal\/#\/schema\/person\/a5cf1fea13877803ee0573ac18b03490","name":"Potencia Radiof\u00f3nica Dominicana","image":{"@type":"ImageObject","inLanguage":"es","@id":"https:\/\/potenciaradiofonicadominicana.com\/portal\/#\/schema\/person\/image\/","url":"https:\/\/secure.gravatar.com\/avatar\/42a55ab9e8ccc656ba34cd791990602a?s=96&d=mm&r=g","contentUrl":"https:\/\/secure.gravatar.com\/avatar\/42a55ab9e8ccc656ba34cd791990602a?s=96&d=mm&r=g","caption":"Potencia Radiof\u00f3nica Dominicana"},"url":"https:\/\/potenciaradiofonicadominicana.com\/portal\/author\/johannyalmanzar\/"}]}},"_links":{"self":[{"href":"https:\/\/potenciaradiofonicadominicana.com\/portal\/wp-json\/wp\/v2\/posts\/225226","targetHints":{"allow":["GET"]}}],"collection":[{"href":"https:\/\/potenciaradiofonicadominicana.com\/portal\/wp-json\/wp\/v2\/posts"}],"about":[{"href":"https:\/\/potenciaradiofonicadominicana.com\/portal\/wp-json\/wp\/v2\/types\/post"}],"author":[{"embeddable":true,"href":"https:\/\/potenciaradiofonicadominicana.com\/portal\/wp-json\/wp\/v2\/users\/2"}],"replies":[{"embeddable":true,"href":"https:\/\/potenciaradiofonicadominicana.com\/portal\/wp-json\/wp\/v2\/comments?post=225226"}],"version-history":[{"count":1,"href":"https:\/\/potenciaradiofonicadominicana.com\/portal\/wp-json\/wp\/v2\/posts\/225226\/revisions"}],"predecessor-version":[{"id":225228,"href":"https:\/\/potenciaradiofonicadominicana.com\/portal\/wp-json\/wp\/v2\/posts\/225226\/revisions\/225228"}],"wp:featuredmedia":[{"embeddable":true,"href":"https:\/\/potenciaradiofonicadominicana.com\/portal\/wp-json\/wp\/v2\/media\/225227"}],"wp:attachment":[{"href":"https:\/\/potenciaradiofonicadominicana.com\/portal\/wp-json\/wp\/v2\/media?parent=225226"}],"wp:term":[{"taxonomy":"category","embeddable":true,"href":"https:\/\/potenciaradiofonicadominicana.com\/portal\/wp-json\/wp\/v2\/categories?post=225226"},{"taxonomy":"post_tag","embeddable":true,"href":"https:\/\/potenciaradiofonicadominicana.com\/portal\/wp-json\/wp\/v2\/tags?post=225226"}],"curies":[{"name":"wp","href":"https:\/\/api.w.org\/{rel}","templated":true}]}}