{"id":225211,"date":"2026-09-03T22:31:49","date_gmt":"2026-09-04T02:31:49","guid":{"rendered":"https:\/\/potenciaradiofonicadominicana.com\/portal\/?p=225211"},"modified":"2026-09-03T22:31:49","modified_gmt":"2026-09-04T02:31:49","slug":"rd-gana-arbitraje-internacional-de-mas-de-us100-millones","status":"publish","type":"post","link":"https:\/\/potenciaradiofonicadominicana.com\/portal\/rd-gana-arbitraje-internacional-de-mas-de-us100-millones\/","title":{"rendered":"RD gana arbitraje internacional de m\u00e1s de US$100 millones"},"content":{"rendered":"<p><a href=\"https:\/\/potenciaradiofonicadominicana.com\/portal\/wp-content\/uploads\/2026\/09\/RD-gana-arbitraje-internacional-de-mas-de-US100-millones.jpg\"><img loading=\"lazy\" decoding=\"async\" class=\"alignnone size-full wp-image-225212\" src=\"https:\/\/potenciaradiofonicadominicana.com\/portal\/wp-content\/uploads\/2026\/09\/RD-gana-arbitraje-internacional-de-mas-de-US100-millones.jpg\" alt=\"\" width=\"1600\" height=\"1037\" srcset=\"https:\/\/potenciaradiofonicadominicana.com\/portal\/wp-content\/uploads\/2026\/09\/RD-gana-arbitraje-internacional-de-mas-de-US100-millones.jpg 1600w, https:\/\/potenciaradiofonicadominicana.com\/portal\/wp-content\/uploads\/2026\/09\/RD-gana-arbitraje-internacional-de-mas-de-US100-millones-300x194.jpg 300w, https:\/\/potenciaradiofonicadominicana.com\/portal\/wp-content\/uploads\/2026\/09\/RD-gana-arbitraje-internacional-de-mas-de-US100-millones-1024x664.jpg 1024w, https:\/\/potenciaradiofonicadominicana.com\/portal\/wp-content\/uploads\/2026\/09\/RD-gana-arbitraje-internacional-de-mas-de-US100-millones-768x498.jpg 768w, https:\/\/potenciaradiofonicadominicana.com\/portal\/wp-content\/uploads\/2026\/09\/RD-gana-arbitraje-internacional-de-mas-de-US100-millones-1536x996.jpg 1536w\" sizes=\"auto, (max-width: 1600px) 100vw, 1600px\" \/><\/a><\/p>\n<p>La Rep\u00fablica Dominicana obtuvo una decisi\u00f3n enteramente favorable en el arbitraje internacional iniciado en su contra por el se\u00f1or Yves Martine Garnier, al amparo del Acuerdo entre el Gobierno de la Rep\u00fablica Francesa y el Gobierno de la Rep\u00fablica Dominicana sobre Promoci\u00f3n y Protecci\u00f3n Rec\u00edproca de Inversiones, suscrito el 14 de enero de 1999.<\/p>\n<p>Mediante un laudo dictado el 19 de agosto de 2026, el Tribunal Arbitral desestim\u00f3 en su totalidad las pretensiones del demandante, que ascend\u00edan a m\u00e1s de US$100 millones, equivalentes a m\u00e1s de RD$5,882 millones de acuerdo con la tasa de cambio actual.<\/p>\n<p>Asimismo, estableci\u00f3 que los hechos alegados por el demandante no alcanzaban el est\u00e1ndar requerido para configurar una violaci\u00f3n de las obligaciones internacionales asumidas por el Estado dominicano en virtud del tratado.<\/p>\n<p>\u00abLa defensa del Estado no es \u00fanicamente la defensa del erario: es la defensa de la seriedad con la que este pa\u00eds honra sus compromisos. La Rep\u00fablica Dominicana cumple sus obligaciones frente a los inversionistas extranjeros y, precisamente por ello, sostiene con firmeza sus posiciones cuando una reclamaci\u00f3n carece de fundamento\u00bb, expres\u00f3 el ministro de Industria, Comercio y Mipymes, Yayo Sanz Lovat\u00f3n.<\/p>\n<p>La defensa de la Rep\u00fablica Dominicana fue coordinada originalmente por el Ministerio de Industria, Comercio y Mipymes (MICM), junto con el Gobierno de la Municipalidad de Santo Domingo Este.<\/p>\n<p>Posteriormente, se sum\u00f3 el Ministerio de Justicia, entidad que, en virtud de la Ley n\u00fam. 80-25, tendr\u00e1 la representaci\u00f3n del Estado en los arbitrajes de inversi\u00f3n.<\/p>\n<p>El Estado dominicano cont\u00f3 adem\u00e1s con la asistencia de la firma internacional Foley Hoag LLP, a trav\u00e9s de su oficina en Washington, D.C.<\/p>\n<p>Este resultado se inscribe en la pol\u00edtica de defensa activa del Estado dominicano en materia de arbitraje de inversi\u00f3n, orientada a proteger los recursos p\u00fablicos y preservar el clima de seguridad jur\u00eddica que sustenta la inversi\u00f3n extranjera en el pa\u00eds.<\/p>\n","protected":false},"excerpt":{"rendered":"<p>La Rep\u00fablica Dominicana obtuvo una decisi\u00f3n enteramente favorable en el arbitraje internacional iniciado en su contra por el se\u00f1or Yves &#8230;<\/p>\n","protected":false},"author":2,"featured_media":225212,"comment_status":"closed","ping_status":"closed","sticky":false,"template":"","format":"standard","meta":{"footnotes":""},"categories":[26],"tags":[],"class_list":["post-225211","post","type-post","status-publish","format-standard","has-post-thumbnail","hentry","category-economia"],"yoast_head":"<!-- This site is optimized with the Yoast SEO plugin v24.8.1 - https:\/\/yoast.com\/wordpress\/plugins\/seo\/ -->\n<title>RD gana arbitraje internacional de m\u00e1s de US$100 millones - PotenciaRadiofonicaDominicana.com<\/title>\n<meta name=\"robots\" content=\"index, follow, max-snippet:-1, max-image-preview:large, max-video-preview:-1\" \/>\n<link rel=\"canonical\" href=\"https:\/\/potenciaradiofonicadominicana.com\/portal\/rd-gana-arbitraje-internacional-de-mas-de-us100-millones\/\" \/>\n<meta property=\"og:locale\" content=\"es_ES\" \/>\n<meta property=\"og:type\" content=\"article\" \/>\n<meta property=\"og:title\" content=\"RD gana arbitraje internacional de m\u00e1s de US$100 millones - PotenciaRadiofonicaDominicana.com\" \/>\n<meta property=\"og:description\" content=\"La Rep\u00fablica Dominicana obtuvo una decisi\u00f3n enteramente favorable en el arbitraje internacional iniciado en su contra por el se\u00f1or Yves ...\" \/>\n<meta property=\"og:url\" content=\"https:\/\/potenciaradiofonicadominicana.com\/portal\/rd-gana-arbitraje-internacional-de-mas-de-us100-millones\/\" \/>\n<meta property=\"og:site_name\" content=\"PotenciaRadiofonicaDominicana.com\" \/>\n<meta property=\"article:publisher\" content=\"https:\/\/web.facebook.com\/PotenciaRadiofonicaD\" \/>\n<meta property=\"article:published_time\" content=\"2026-09-04T02:31:49+00:00\" \/>\n<meta property=\"og:image\" content=\"https:\/\/potenciaradiofonicadominicana.com\/portal\/wp-content\/uploads\/2026\/09\/RD-gana-arbitraje-internacional-de-mas-de-US100-millones.jpg\" \/>\n\t<meta property=\"og:image:width\" content=\"1600\" \/>\n\t<meta property=\"og:image:height\" content=\"1037\" \/>\n\t<meta property=\"og:image:type\" content=\"image\/jpeg\" \/>\n<meta name=\"author\" content=\"Potencia Radiof\u00f3nica Dominicana\" \/>\n<meta name=\"twitter:card\" content=\"summary_large_image\" \/>\n<meta name=\"twitter:label1\" content=\"Escrito por\" \/>\n\t<meta name=\"twitter:data1\" content=\"Potencia Radiof\u00f3nica Dominicana\" \/>\n\t<meta name=\"twitter:label2\" content=\"Tiempo de lectura\" \/>\n\t<meta name=\"twitter:data2\" content=\"2 minutos\" \/>\n<script type=\"application\/ld+json\" class=\"yoast-schema-graph\">{\"@context\":\"https:\/\/schema.org\",\"@graph\":[{\"@type\":\"Article\",\"@id\":\"https:\/\/potenciaradiofonicadominicana.com\/portal\/rd-gana-arbitraje-internacional-de-mas-de-us100-millones\/#article\",\"isPartOf\":{\"@id\":\"https:\/\/potenciaradiofonicadominicana.com\/portal\/rd-gana-arbitraje-internacional-de-mas-de-us100-millones\/\"},\"author\":{\"name\":\"Potencia Radiof\u00f3nica Dominicana\",\"@id\":\"https:\/\/potenciaradiofonicadominicana.com\/portal\/#\/schema\/person\/a5cf1fea13877803ee0573ac18b03490\"},\"headline\":\"RD gana arbitraje internacional de m\u00e1s de US$100 millones\",\"datePublished\":\"2026-09-04T02:31:49+00:00\",\"mainEntityOfPage\":{\"@id\":\"https:\/\/potenciaradiofonicadominicana.com\/portal\/rd-gana-arbitraje-internacional-de-mas-de-us100-millones\/\"},\"wordCount\":343,\"publisher\":{\"@id\":\"https:\/\/potenciaradiofonicadominicana.com\/portal\/#organization\"},\"image\":{\"@id\":\"https:\/\/potenciaradiofonicadominicana.com\/portal\/rd-gana-arbitraje-internacional-de-mas-de-us100-millones\/#primaryimage\"},\"thumbnailUrl\":\"https:\/\/potenciaradiofonicadominicana.com\/portal\/wp-content\/uploads\/2026\/09\/RD-gana-arbitraje-internacional-de-mas-de-US100-millones.jpg\",\"articleSection\":[\"Econom\u00eda\"],\"inLanguage\":\"es\"},{\"@type\":\"WebPage\",\"@id\":\"https:\/\/potenciaradiofonicadominicana.com\/portal\/rd-gana-arbitraje-internacional-de-mas-de-us100-millones\/\",\"url\":\"https:\/\/potenciaradiofonicadominicana.com\/portal\/rd-gana-arbitraje-internacional-de-mas-de-us100-millones\/\",\"name\":\"RD gana arbitraje internacional de m\u00e1s de US$100 millones - PotenciaRadiofonicaDominicana.com\",\"isPartOf\":{\"@id\":\"https:\/\/potenciaradiofonicadominicana.com\/portal\/#website\"},\"primaryImageOfPage\":{\"@id\":\"https:\/\/potenciaradiofonicadominicana.com\/portal\/rd-gana-arbitraje-internacional-de-mas-de-us100-millones\/#primaryimage\"},\"image\":{\"@id\":\"https:\/\/potenciaradiofonicadominicana.com\/portal\/rd-gana-arbitraje-internacional-de-mas-de-us100-millones\/#primaryimage\"},\"thumbnailUrl\":\"https:\/\/potenciaradiofonicadominicana.com\/portal\/wp-content\/uploads\/2026\/09\/RD-gana-arbitraje-internacional-de-mas-de-US100-millones.jpg\",\"datePublished\":\"2026-09-04T02:31:49+00:00\",\"breadcrumb\":{\"@id\":\"https:\/\/potenciaradiofonicadominicana.com\/portal\/rd-gana-arbitraje-internacional-de-mas-de-us100-millones\/#breadcrumb\"},\"inLanguage\":\"es\",\"potentialAction\":[{\"@type\":\"ReadAction\",\"target\":[\"https:\/\/potenciaradiofonicadominicana.com\/portal\/rd-gana-arbitraje-internacional-de-mas-de-us100-millones\/\"]}]},{\"@type\":\"ImageObject\",\"inLanguage\":\"es\",\"@id\":\"https:\/\/potenciaradiofonicadominicana.com\/portal\/rd-gana-arbitraje-internacional-de-mas-de-us100-millones\/#primaryimage\",\"url\":\"https:\/\/potenciaradiofonicadominicana.com\/portal\/wp-content\/uploads\/2026\/09\/RD-gana-arbitraje-internacional-de-mas-de-US100-millones.jpg\",\"contentUrl\":\"https:\/\/potenciaradiofonicadominicana.com\/portal\/wp-content\/uploads\/2026\/09\/RD-gana-arbitraje-internacional-de-mas-de-US100-millones.jpg\",\"width\":1600,\"height\":1037},{\"@type\":\"BreadcrumbList\",\"@id\":\"https:\/\/potenciaradiofonicadominicana.com\/portal\/rd-gana-arbitraje-internacional-de-mas-de-us100-millones\/#breadcrumb\",\"itemListElement\":[{\"@type\":\"ListItem\",\"position\":1,\"name\":\"Portada\",\"item\":\"https:\/\/potenciaradiofonicadominicana.com\/portal\/\"},{\"@type\":\"ListItem\",\"position\":2,\"name\":\"RD gana arbitraje internacional de m\u00e1s de US$100 millones\"}]},{\"@type\":\"WebSite\",\"@id\":\"https:\/\/potenciaradiofonicadominicana.com\/portal\/#website\",\"url\":\"https:\/\/potenciaradiofonicadominicana.com\/portal\/\",\"name\":\"PotenciaRadiofonicaDominicana.com\",\"description\":\"Peri\u00f3dico Digital\",\"publisher\":{\"@id\":\"https:\/\/potenciaradiofonicadominicana.com\/portal\/#organization\"},\"potentialAction\":[{\"@type\":\"SearchAction\",\"target\":{\"@type\":\"EntryPoint\",\"urlTemplate\":\"https:\/\/potenciaradiofonicadominicana.com\/portal\/?s={search_term_string}\"},\"query-input\":{\"@type\":\"PropertyValueSpecification\",\"valueRequired\":true,\"valueName\":\"search_term_string\"}}],\"inLanguage\":\"es\"},{\"@type\":\"Organization\",\"@id\":\"https:\/\/potenciaradiofonicadominicana.com\/portal\/#organization\",\"name\":\"PotenciaRadiofonicaDominicana.com\",\"url\":\"https:\/\/potenciaradiofonicadominicana.com\/portal\/\",\"logo\":{\"@type\":\"ImageObject\",\"inLanguage\":\"es\",\"@id\":\"https:\/\/potenciaradiofonicadominicana.com\/portal\/#\/schema\/logo\/image\/\",\"url\":\"https:\/\/potenciaradiofonicadominicana.com\/portal\/wp-content\/uploads\/2022\/01\/descarga.png\",\"contentUrl\":\"https:\/\/potenciaradiofonicadominicana.com\/portal\/wp-content\/uploads\/2022\/01\/descarga.png\",\"width\":300,\"height\":100,\"caption\":\"PotenciaRadiofonicaDominicana.com\"},\"image\":{\"@id\":\"https:\/\/potenciaradiofonicadominicana.com\/portal\/#\/schema\/logo\/image\/\"},\"sameAs\":[\"https:\/\/web.facebook.com\/PotenciaRadiofonicaD\"]},{\"@type\":\"Person\",\"@id\":\"https:\/\/potenciaradiofonicadominicana.com\/portal\/#\/schema\/person\/a5cf1fea13877803ee0573ac18b03490\",\"name\":\"Potencia Radiof\u00f3nica Dominicana\",\"image\":{\"@type\":\"ImageObject\",\"inLanguage\":\"es\",\"@id\":\"https:\/\/potenciaradiofonicadominicana.com\/portal\/#\/schema\/person\/image\/\",\"url\":\"https:\/\/secure.gravatar.com\/avatar\/42a55ab9e8ccc656ba34cd791990602a?s=96&d=mm&r=g\",\"contentUrl\":\"https:\/\/secure.gravatar.com\/avatar\/42a55ab9e8ccc656ba34cd791990602a?s=96&d=mm&r=g\",\"caption\":\"Potencia Radiof\u00f3nica Dominicana\"},\"url\":\"https:\/\/potenciaradiofonicadominicana.com\/portal\/author\/johannyalmanzar\/\"}]}<\/script>\n<!-- \/ Yoast SEO plugin. -->","yoast_head_json":{"title":"RD gana arbitraje internacional de m\u00e1s de US$100 millones - PotenciaRadiofonicaDominicana.com","robots":{"index":"index","follow":"follow","max-snippet":"max-snippet:-1","max-image-preview":"max-image-preview:large","max-video-preview":"max-video-preview:-1"},"canonical":"https:\/\/potenciaradiofonicadominicana.com\/portal\/rd-gana-arbitraje-internacional-de-mas-de-us100-millones\/","og_locale":"es_ES","og_type":"article","og_title":"RD gana arbitraje internacional de m\u00e1s de US$100 millones - PotenciaRadiofonicaDominicana.com","og_description":"La Rep\u00fablica Dominicana obtuvo una decisi\u00f3n enteramente favorable en el arbitraje internacional iniciado en su contra por el se\u00f1or Yves ...","og_url":"https:\/\/potenciaradiofonicadominicana.com\/portal\/rd-gana-arbitraje-internacional-de-mas-de-us100-millones\/","og_site_name":"PotenciaRadiofonicaDominicana.com","article_publisher":"https:\/\/web.facebook.com\/PotenciaRadiofonicaD","article_published_time":"2026-09-04T02:31:49+00:00","og_image":[{"width":1600,"height":1037,"url":"https:\/\/potenciaradiofonicadominicana.com\/portal\/wp-content\/uploads\/2026\/09\/RD-gana-arbitraje-internacional-de-mas-de-US100-millones.jpg","type":"image\/jpeg"}],"author":"Potencia Radiof\u00f3nica Dominicana","twitter_card":"summary_large_image","twitter_misc":{"Escrito por":"Potencia Radiof\u00f3nica Dominicana","Tiempo de lectura":"2 minutos"},"schema":{"@context":"https:\/\/schema.org","@graph":[{"@type":"Article","@id":"https:\/\/potenciaradiofonicadominicana.com\/portal\/rd-gana-arbitraje-internacional-de-mas-de-us100-millones\/#article","isPartOf":{"@id":"https:\/\/potenciaradiofonicadominicana.com\/portal\/rd-gana-arbitraje-internacional-de-mas-de-us100-millones\/"},"author":{"name":"Potencia Radiof\u00f3nica Dominicana","@id":"https:\/\/potenciaradiofonicadominicana.com\/portal\/#\/schema\/person\/a5cf1fea13877803ee0573ac18b03490"},"headline":"RD gana arbitraje internacional de m\u00e1s de US$100 millones","datePublished":"2026-09-04T02:31:49+00:00","mainEntityOfPage":{"@id":"https:\/\/potenciaradiofonicadominicana.com\/portal\/rd-gana-arbitraje-internacional-de-mas-de-us100-millones\/"},"wordCount":343,"publisher":{"@id":"https:\/\/potenciaradiofonicadominicana.com\/portal\/#organization"},"image":{"@id":"https:\/\/potenciaradiofonicadominicana.com\/portal\/rd-gana-arbitraje-internacional-de-mas-de-us100-millones\/#primaryimage"},"thumbnailUrl":"https:\/\/potenciaradiofonicadominicana.com\/portal\/wp-content\/uploads\/2026\/09\/RD-gana-arbitraje-internacional-de-mas-de-US100-millones.jpg","articleSection":["Econom\u00eda"],"inLanguage":"es"},{"@type":"WebPage","@id":"https:\/\/potenciaradiofonicadominicana.com\/portal\/rd-gana-arbitraje-internacional-de-mas-de-us100-millones\/","url":"https:\/\/potenciaradiofonicadominicana.com\/portal\/rd-gana-arbitraje-internacional-de-mas-de-us100-millones\/","name":"RD gana arbitraje internacional de m\u00e1s de US$100 millones - PotenciaRadiofonicaDominicana.com","isPartOf":{"@id":"https:\/\/potenciaradiofonicadominicana.com\/portal\/#website"},"primaryImageOfPage":{"@id":"https:\/\/potenciaradiofonicadominicana.com\/portal\/rd-gana-arbitraje-internacional-de-mas-de-us100-millones\/#primaryimage"},"image":{"@id":"https:\/\/potenciaradiofonicadominicana.com\/portal\/rd-gana-arbitraje-internacional-de-mas-de-us100-millones\/#primaryimage"},"thumbnailUrl":"https:\/\/potenciaradiofonicadominicana.com\/portal\/wp-content\/uploads\/2026\/09\/RD-gana-arbitraje-internacional-de-mas-de-US100-millones.jpg","datePublished":"2026-09-04T02:31:49+00:00","breadcrumb":{"@id":"https:\/\/potenciaradiofonicadominicana.com\/portal\/rd-gana-arbitraje-internacional-de-mas-de-us100-millones\/#breadcrumb"},"inLanguage":"es","potentialAction":[{"@type":"ReadAction","target":["https:\/\/potenciaradiofonicadominicana.com\/portal\/rd-gana-arbitraje-internacional-de-mas-de-us100-millones\/"]}]},{"@type":"ImageObject","inLanguage":"es","@id":"https:\/\/potenciaradiofonicadominicana.com\/portal\/rd-gana-arbitraje-internacional-de-mas-de-us100-millones\/#primaryimage","url":"https:\/\/potenciaradiofonicadominicana.com\/portal\/wp-content\/uploads\/2026\/09\/RD-gana-arbitraje-internacional-de-mas-de-US100-millones.jpg","contentUrl":"https:\/\/potenciaradiofonicadominicana.com\/portal\/wp-content\/uploads\/2026\/09\/RD-gana-arbitraje-internacional-de-mas-de-US100-millones.jpg","width":1600,"height":1037},{"@type":"BreadcrumbList","@id":"https:\/\/potenciaradiofonicadominicana.com\/portal\/rd-gana-arbitraje-internacional-de-mas-de-us100-millones\/#breadcrumb","itemListElement":[{"@type":"ListItem","position":1,"name":"Portada","item":"https:\/\/potenciaradiofonicadominicana.com\/portal\/"},{"@type":"ListItem","position":2,"name":"RD gana arbitraje internacional de m\u00e1s de US$100 millones"}]},{"@type":"WebSite","@id":"https:\/\/potenciaradiofonicadominicana.com\/portal\/#website","url":"https:\/\/potenciaradiofonicadominicana.com\/portal\/","name":"PotenciaRadiofonicaDominicana.com","description":"Peri\u00f3dico Digital","publisher":{"@id":"https:\/\/potenciaradiofonicadominicana.com\/portal\/#organization"},"potentialAction":[{"@type":"SearchAction","target":{"@type":"EntryPoint","urlTemplate":"https:\/\/potenciaradiofonicadominicana.com\/portal\/?s={search_term_string}"},"query-input":{"@type":"PropertyValueSpecification","valueRequired":true,"valueName":"search_term_string"}}],"inLanguage":"es"},{"@type":"Organization","@id":"https:\/\/potenciaradiofonicadominicana.com\/portal\/#organization","name":"PotenciaRadiofonicaDominicana.com","url":"https:\/\/potenciaradiofonicadominicana.com\/portal\/","logo":{"@type":"ImageObject","inLanguage":"es","@id":"https:\/\/potenciaradiofonicadominicana.com\/portal\/#\/schema\/logo\/image\/","url":"https:\/\/potenciaradiofonicadominicana.com\/portal\/wp-content\/uploads\/2022\/01\/descarga.png","contentUrl":"https:\/\/potenciaradiofonicadominicana.com\/portal\/wp-content\/uploads\/2022\/01\/descarga.png","width":300,"height":100,"caption":"PotenciaRadiofonicaDominicana.com"},"image":{"@id":"https:\/\/potenciaradiofonicadominicana.com\/portal\/#\/schema\/logo\/image\/"},"sameAs":["https:\/\/web.facebook.com\/PotenciaRadiofonicaD"]},{"@type":"Person","@id":"https:\/\/potenciaradiofonicadominicana.com\/portal\/#\/schema\/person\/a5cf1fea13877803ee0573ac18b03490","name":"Potencia Radiof\u00f3nica Dominicana","image":{"@type":"ImageObject","inLanguage":"es","@id":"https:\/\/potenciaradiofonicadominicana.com\/portal\/#\/schema\/person\/image\/","url":"https:\/\/secure.gravatar.com\/avatar\/42a55ab9e8ccc656ba34cd791990602a?s=96&d=mm&r=g","contentUrl":"https:\/\/secure.gravatar.com\/avatar\/42a55ab9e8ccc656ba34cd791990602a?s=96&d=mm&r=g","caption":"Potencia Radiof\u00f3nica Dominicana"},"url":"https:\/\/potenciaradiofonicadominicana.com\/portal\/author\/johannyalmanzar\/"}]}},"_links":{"self":[{"href":"https:\/\/potenciaradiofonicadominicana.com\/portal\/wp-json\/wp\/v2\/posts\/225211","targetHints":{"allow":["GET"]}}],"collection":[{"href":"https:\/\/potenciaradiofonicadominicana.com\/portal\/wp-json\/wp\/v2\/posts"}],"about":[{"href":"https:\/\/potenciaradiofonicadominicana.com\/portal\/wp-json\/wp\/v2\/types\/post"}],"author":[{"embeddable":true,"href":"https:\/\/potenciaradiofonicadominicana.com\/portal\/wp-json\/wp\/v2\/users\/2"}],"replies":[{"embeddable":true,"href":"https:\/\/potenciaradiofonicadominicana.com\/portal\/wp-json\/wp\/v2\/comments?post=225211"}],"version-history":[{"count":1,"href":"https:\/\/potenciaradiofonicadominicana.com\/portal\/wp-json\/wp\/v2\/posts\/225211\/revisions"}],"predecessor-version":[{"id":225213,"href":"https:\/\/potenciaradiofonicadominicana.com\/portal\/wp-json\/wp\/v2\/posts\/225211\/revisions\/225213"}],"wp:featuredmedia":[{"embeddable":true,"href":"https:\/\/potenciaradiofonicadominicana.com\/portal\/wp-json\/wp\/v2\/media\/225212"}],"wp:attachment":[{"href":"https:\/\/potenciaradiofonicadominicana.com\/portal\/wp-json\/wp\/v2\/media?parent=225211"}],"wp:term":[{"taxonomy":"category","embeddable":true,"href":"https:\/\/potenciaradiofonicadominicana.com\/portal\/wp-json\/wp\/v2\/categories?post=225211"},{"taxonomy":"post_tag","embeddable":true,"href":"https:\/\/potenciaradiofonicadominicana.com\/portal\/wp-json\/wp\/v2\/tags?post=225211"}],"curies":[{"name":"wp","href":"https:\/\/api.w.org\/{rel}","templated":true}]}}