{"id":225205,"date":"2026-09-03T22:28:05","date_gmt":"2026-09-04T02:28:05","guid":{"rendered":"https:\/\/potenciaradiofonicadominicana.com\/portal\/?p=225205"},"modified":"2026-09-03T22:28:05","modified_gmt":"2026-09-04T02:28:05","slug":"la-copa-macarrulla-2026-arranca-este-viernes","status":"publish","type":"post","link":"https:\/\/potenciaradiofonicadominicana.com\/portal\/la-copa-macarrulla-2026-arranca-este-viernes\/","title":{"rendered":"La Copa Macarrulla 2026 arranca este viernes"},"content":{"rendered":"<p><a href=\"https:\/\/potenciaradiofonicadominicana.com\/portal\/wp-content\/uploads\/2026\/09\/borrador-automatico-20260903-145759-SVO6.webp\"><img loading=\"lazy\" decoding=\"async\" class=\"alignnone size-full wp-image-225206\" src=\"https:\/\/potenciaradiofonicadominicana.com\/portal\/wp-content\/uploads\/2026\/09\/borrador-automatico-20260903-145759-SVO6.webp\" alt=\"\" width=\"1280\" height=\"852\" srcset=\"https:\/\/potenciaradiofonicadominicana.com\/portal\/wp-content\/uploads\/2026\/09\/borrador-automatico-20260903-145759-SVO6.webp 1280w, https:\/\/potenciaradiofonicadominicana.com\/portal\/wp-content\/uploads\/2026\/09\/borrador-automatico-20260903-145759-SVO6-300x200.webp 300w, https:\/\/potenciaradiofonicadominicana.com\/portal\/wp-content\/uploads\/2026\/09\/borrador-automatico-20260903-145759-SVO6-1024x682.webp 1024w, https:\/\/potenciaradiofonicadominicana.com\/portal\/wp-content\/uploads\/2026\/09\/borrador-automatico-20260903-145759-SVO6-768x511.webp 768w\" sizes=\"auto, (max-width: 1280px) 100vw, 1280px\" \/><\/a><\/p>\n<p class=\"wp-block-paragraph\">La Copa Macarrulla 2026, torneo infantil impulsado por la Fundaci\u00f3n Macarrulla, arrancar\u00e1 este viernes en la Ciudad Juan Bosch con un homenaje especial a figuras consagradas del b\u00e9isbol dominicano y un grupo de atletas que conquistaron medallas en los recientes Juegos Centroamericanos y del Caribe Santo Domingo 2026, en diversas disciplinas.<\/p>\n<p class=\"wp-block-paragraph\">Con este reconocimiento, el torneo procura acercar a los ni\u00f1os participantes a referentes del deporte que han puesto en alto la bandera nacional. En esta edici\u00f3n, la Copa Macarrulla reunir\u00e1 a ocho equipos en la categor\u00eda sub-12 durante tres fines de semana consecutivos bajo el lema \u201cSembrando valores en el terreno\u201d.<\/p>\n<p class=\"wp-block-paragraph\">La competencia contar\u00e1 con la participaci\u00f3n de Academia DJ Ozuna, Academia Amaurys Nina, Academia Manny Ledesma, Liga Quezada de Ciudad Juan Bosch, Academia La Javilla, Academia IBP, Los Vecinitos de Ciudad Juan Bosch y Academia Pimentel. Esta edici\u00f3n suma adem\u00e1s un componente femenino juvenil, como parte de la apuesta por la inclusi\u00f3n de la Fundaci\u00f3n Macarrulla.<\/p>\n<p class=\"wp-block-paragraph\">La expectativa entre jugadores, entrenadores y familias ha crecido en las \u00faltimas semanas, impulsada tanto por el nivel competitivo de los equipos confirmados como por la presencia de destacadas figuras del deporte, quienes compartir\u00e1n con los ni\u00f1os su experiencia y les dejar\u00e1n un mensaje de disciplina y superaci\u00f3n.<\/p>\n<p class=\"wp-block-paragraph\">Al referirse a los preparativos finales del torneo, Lisandro Macarrulla, de la Fundaci\u00f3n Macarrulla, expres\u00f3 su satisfacci\u00f3n por la respuesta de los equipos y la comunidad. \u201cTodo est\u00e1 listo para que este viernes inicie la Copa y sentimos gran ilusi\u00f3n. Este a\u00f1o se suma algo muy especial: que nuestros ni\u00f1os puedan ver y compartir con estrellas del b\u00e9isbol dominicano y con atletas que representaron al pa\u00eds en los Juegos Centroamericanos y obtuvieron una medalla. Queremos que ellos conozcan su ejemplo y entiendan que ellos tambi\u00e9n pueden lograrlo, si se mantienen disciplinados y siguen cultivando los valores que les ense\u00f1a el deporte\u201d, expres\u00f3 Macarrulla.<\/p>\n<p class=\"wp-block-paragraph\">La competencia se desarrollar\u00e1 del 4 al 20 de septiembre en tres fines de semana consecutivos, de viernes a domingo. La fase regular se jugar\u00e1 del 4 al 6 de septiembre, con todos los equipos enfrent\u00e1ndose entre s\u00ed. Del 11 al 13 de septiembre se disputar\u00e1 la s\u00faper ronda, fin de semana en el que tambi\u00e9n se desarrollar\u00e1 el torneo femenino juvenil. Finalmente, del 18 al 20 de septiembre se jugar\u00e1 la \u00faltima fase, se definir\u00e1n los ganadores, cerrando la edici\u00f3n 2026 con la premiaci\u00f3n y el acto de clausura.<\/p>\n<p class=\"wp-block-paragraph\">Al igual que en ediciones anteriores, la participaci\u00f3n de los equipos es totalmente gratuita gracias al patrocinio de la Fundaci\u00f3n Macarrulla. Este torneo forma parte del compromiso de esta organizaci\u00f3n con el deporte infantil, promoviendo actividades que impacten de manera positiva en las nuevas generaciones.<\/p>\n","protected":false},"excerpt":{"rendered":"<p>La Copa Macarrulla 2026, torneo infantil impulsado por la Fundaci\u00f3n Macarrulla, arrancar\u00e1 este viernes en la Ciudad Juan Bosch con &#8230;<\/p>\n","protected":false},"author":2,"featured_media":225206,"comment_status":"closed","ping_status":"closed","sticky":false,"template":"","format":"standard","meta":{"footnotes":""},"categories":[28],"tags":[],"class_list":["post-225205","post","type-post","status-publish","format-standard","has-post-thumbnail","hentry","category-deportes"],"yoast_head":"<!-- This site is optimized with the Yoast SEO plugin v24.8.1 - https:\/\/yoast.com\/wordpress\/plugins\/seo\/ -->\n<title>La Copa Macarrulla 2026 arranca este viernes - PotenciaRadiofonicaDominicana.com<\/title>\n<meta name=\"robots\" content=\"index, follow, max-snippet:-1, max-image-preview:large, max-video-preview:-1\" \/>\n<link rel=\"canonical\" href=\"https:\/\/potenciaradiofonicadominicana.com\/portal\/la-copa-macarrulla-2026-arranca-este-viernes\/\" \/>\n<meta property=\"og:locale\" content=\"es_ES\" \/>\n<meta property=\"og:type\" content=\"article\" \/>\n<meta property=\"og:title\" content=\"La Copa Macarrulla 2026 arranca este viernes - PotenciaRadiofonicaDominicana.com\" \/>\n<meta property=\"og:description\" content=\"La Copa Macarrulla 2026, torneo infantil impulsado por la Fundaci\u00f3n Macarrulla, arrancar\u00e1 este viernes en la Ciudad Juan Bosch con ...\" \/>\n<meta property=\"og:url\" content=\"https:\/\/potenciaradiofonicadominicana.com\/portal\/la-copa-macarrulla-2026-arranca-este-viernes\/\" \/>\n<meta property=\"og:site_name\" content=\"PotenciaRadiofonicaDominicana.com\" \/>\n<meta property=\"article:publisher\" content=\"https:\/\/web.facebook.com\/PotenciaRadiofonicaD\" \/>\n<meta property=\"article:published_time\" content=\"2026-09-04T02:28:05+00:00\" \/>\n<meta property=\"og:image\" content=\"https:\/\/potenciaradiofonicadominicana.com\/portal\/wp-content\/uploads\/2026\/09\/borrador-automatico-20260903-145759-SVO6.webp\" \/>\n\t<meta property=\"og:image:width\" content=\"1280\" \/>\n\t<meta property=\"og:image:height\" content=\"852\" \/>\n\t<meta property=\"og:image:type\" content=\"image\/webp\" \/>\n<meta name=\"author\" content=\"Potencia Radiof\u00f3nica Dominicana\" \/>\n<meta name=\"twitter:card\" content=\"summary_large_image\" \/>\n<meta name=\"twitter:label1\" content=\"Escrito por\" \/>\n\t<meta name=\"twitter:data1\" content=\"Potencia Radiof\u00f3nica Dominicana\" \/>\n\t<meta name=\"twitter:label2\" content=\"Tiempo de lectura\" \/>\n\t<meta name=\"twitter:data2\" content=\"3 minutos\" \/>\n<script type=\"application\/ld+json\" class=\"yoast-schema-graph\">{\"@context\":\"https:\/\/schema.org\",\"@graph\":[{\"@type\":\"Article\",\"@id\":\"https:\/\/potenciaradiofonicadominicana.com\/portal\/la-copa-macarrulla-2026-arranca-este-viernes\/#article\",\"isPartOf\":{\"@id\":\"https:\/\/potenciaradiofonicadominicana.com\/portal\/la-copa-macarrulla-2026-arranca-este-viernes\/\"},\"author\":{\"name\":\"Potencia Radiof\u00f3nica Dominicana\",\"@id\":\"https:\/\/potenciaradiofonicadominicana.com\/portal\/#\/schema\/person\/a5cf1fea13877803ee0573ac18b03490\"},\"headline\":\"La Copa Macarrulla 2026 arranca este viernes\",\"datePublished\":\"2026-09-04T02:28:05+00:00\",\"mainEntityOfPage\":{\"@id\":\"https:\/\/potenciaradiofonicadominicana.com\/portal\/la-copa-macarrulla-2026-arranca-este-viernes\/\"},\"wordCount\":471,\"publisher\":{\"@id\":\"https:\/\/potenciaradiofonicadominicana.com\/portal\/#organization\"},\"image\":{\"@id\":\"https:\/\/potenciaradiofonicadominicana.com\/portal\/la-copa-macarrulla-2026-arranca-este-viernes\/#primaryimage\"},\"thumbnailUrl\":\"https:\/\/potenciaradiofonicadominicana.com\/portal\/wp-content\/uploads\/2026\/09\/borrador-automatico-20260903-145759-SVO6.webp\",\"articleSection\":[\"Deportes\"],\"inLanguage\":\"es\"},{\"@type\":\"WebPage\",\"@id\":\"https:\/\/potenciaradiofonicadominicana.com\/portal\/la-copa-macarrulla-2026-arranca-este-viernes\/\",\"url\":\"https:\/\/potenciaradiofonicadominicana.com\/portal\/la-copa-macarrulla-2026-arranca-este-viernes\/\",\"name\":\"La Copa Macarrulla 2026 arranca este viernes - PotenciaRadiofonicaDominicana.com\",\"isPartOf\":{\"@id\":\"https:\/\/potenciaradiofonicadominicana.com\/portal\/#website\"},\"primaryImageOfPage\":{\"@id\":\"https:\/\/potenciaradiofonicadominicana.com\/portal\/la-copa-macarrulla-2026-arranca-este-viernes\/#primaryimage\"},\"image\":{\"@id\":\"https:\/\/potenciaradiofonicadominicana.com\/portal\/la-copa-macarrulla-2026-arranca-este-viernes\/#primaryimage\"},\"thumbnailUrl\":\"https:\/\/potenciaradiofonicadominicana.com\/portal\/wp-content\/uploads\/2026\/09\/borrador-automatico-20260903-145759-SVO6.webp\",\"datePublished\":\"2026-09-04T02:28:05+00:00\",\"breadcrumb\":{\"@id\":\"https:\/\/potenciaradiofonicadominicana.com\/portal\/la-copa-macarrulla-2026-arranca-este-viernes\/#breadcrumb\"},\"inLanguage\":\"es\",\"potentialAction\":[{\"@type\":\"ReadAction\",\"target\":[\"https:\/\/potenciaradiofonicadominicana.com\/portal\/la-copa-macarrulla-2026-arranca-este-viernes\/\"]}]},{\"@type\":\"ImageObject\",\"inLanguage\":\"es\",\"@id\":\"https:\/\/potenciaradiofonicadominicana.com\/portal\/la-copa-macarrulla-2026-arranca-este-viernes\/#primaryimage\",\"url\":\"https:\/\/potenciaradiofonicadominicana.com\/portal\/wp-content\/uploads\/2026\/09\/borrador-automatico-20260903-145759-SVO6.webp\",\"contentUrl\":\"https:\/\/potenciaradiofonicadominicana.com\/portal\/wp-content\/uploads\/2026\/09\/borrador-automatico-20260903-145759-SVO6.webp\",\"width\":1280,\"height\":852},{\"@type\":\"BreadcrumbList\",\"@id\":\"https:\/\/potenciaradiofonicadominicana.com\/portal\/la-copa-macarrulla-2026-arranca-este-viernes\/#breadcrumb\",\"itemListElement\":[{\"@type\":\"ListItem\",\"position\":1,\"name\":\"Portada\",\"item\":\"https:\/\/potenciaradiofonicadominicana.com\/portal\/\"},{\"@type\":\"ListItem\",\"position\":2,\"name\":\"La Copa Macarrulla 2026 arranca este viernes\"}]},{\"@type\":\"WebSite\",\"@id\":\"https:\/\/potenciaradiofonicadominicana.com\/portal\/#website\",\"url\":\"https:\/\/potenciaradiofonicadominicana.com\/portal\/\",\"name\":\"PotenciaRadiofonicaDominicana.com\",\"description\":\"Peri\u00f3dico Digital\",\"publisher\":{\"@id\":\"https:\/\/potenciaradiofonicadominicana.com\/portal\/#organization\"},\"potentialAction\":[{\"@type\":\"SearchAction\",\"target\":{\"@type\":\"EntryPoint\",\"urlTemplate\":\"https:\/\/potenciaradiofonicadominicana.com\/portal\/?s={search_term_string}\"},\"query-input\":{\"@type\":\"PropertyValueSpecification\",\"valueRequired\":true,\"valueName\":\"search_term_string\"}}],\"inLanguage\":\"es\"},{\"@type\":\"Organization\",\"@id\":\"https:\/\/potenciaradiofonicadominicana.com\/portal\/#organization\",\"name\":\"PotenciaRadiofonicaDominicana.com\",\"url\":\"https:\/\/potenciaradiofonicadominicana.com\/portal\/\",\"logo\":{\"@type\":\"ImageObject\",\"inLanguage\":\"es\",\"@id\":\"https:\/\/potenciaradiofonicadominicana.com\/portal\/#\/schema\/logo\/image\/\",\"url\":\"https:\/\/potenciaradiofonicadominicana.com\/portal\/wp-content\/uploads\/2022\/01\/descarga.png\",\"contentUrl\":\"https:\/\/potenciaradiofonicadominicana.com\/portal\/wp-content\/uploads\/2022\/01\/descarga.png\",\"width\":300,\"height\":100,\"caption\":\"PotenciaRadiofonicaDominicana.com\"},\"image\":{\"@id\":\"https:\/\/potenciaradiofonicadominicana.com\/portal\/#\/schema\/logo\/image\/\"},\"sameAs\":[\"https:\/\/web.facebook.com\/PotenciaRadiofonicaD\"]},{\"@type\":\"Person\",\"@id\":\"https:\/\/potenciaradiofonicadominicana.com\/portal\/#\/schema\/person\/a5cf1fea13877803ee0573ac18b03490\",\"name\":\"Potencia Radiof\u00f3nica Dominicana\",\"image\":{\"@type\":\"ImageObject\",\"inLanguage\":\"es\",\"@id\":\"https:\/\/potenciaradiofonicadominicana.com\/portal\/#\/schema\/person\/image\/\",\"url\":\"https:\/\/secure.gravatar.com\/avatar\/42a55ab9e8ccc656ba34cd791990602a?s=96&d=mm&r=g\",\"contentUrl\":\"https:\/\/secure.gravatar.com\/avatar\/42a55ab9e8ccc656ba34cd791990602a?s=96&d=mm&r=g\",\"caption\":\"Potencia Radiof\u00f3nica Dominicana\"},\"url\":\"https:\/\/potenciaradiofonicadominicana.com\/portal\/author\/johannyalmanzar\/\"}]}<\/script>\n<!-- \/ Yoast SEO plugin. -->","yoast_head_json":{"title":"La Copa Macarrulla 2026 arranca este viernes - PotenciaRadiofonicaDominicana.com","robots":{"index":"index","follow":"follow","max-snippet":"max-snippet:-1","max-image-preview":"max-image-preview:large","max-video-preview":"max-video-preview:-1"},"canonical":"https:\/\/potenciaradiofonicadominicana.com\/portal\/la-copa-macarrulla-2026-arranca-este-viernes\/","og_locale":"es_ES","og_type":"article","og_title":"La Copa Macarrulla 2026 arranca este viernes - PotenciaRadiofonicaDominicana.com","og_description":"La Copa Macarrulla 2026, torneo infantil impulsado por la Fundaci\u00f3n Macarrulla, arrancar\u00e1 este viernes en la Ciudad Juan Bosch con ...","og_url":"https:\/\/potenciaradiofonicadominicana.com\/portal\/la-copa-macarrulla-2026-arranca-este-viernes\/","og_site_name":"PotenciaRadiofonicaDominicana.com","article_publisher":"https:\/\/web.facebook.com\/PotenciaRadiofonicaD","article_published_time":"2026-09-04T02:28:05+00:00","og_image":[{"width":1280,"height":852,"url":"https:\/\/potenciaradiofonicadominicana.com\/portal\/wp-content\/uploads\/2026\/09\/borrador-automatico-20260903-145759-SVO6.webp","type":"image\/webp"}],"author":"Potencia Radiof\u00f3nica Dominicana","twitter_card":"summary_large_image","twitter_misc":{"Escrito por":"Potencia Radiof\u00f3nica Dominicana","Tiempo de lectura":"3 minutos"},"schema":{"@context":"https:\/\/schema.org","@graph":[{"@type":"Article","@id":"https:\/\/potenciaradiofonicadominicana.com\/portal\/la-copa-macarrulla-2026-arranca-este-viernes\/#article","isPartOf":{"@id":"https:\/\/potenciaradiofonicadominicana.com\/portal\/la-copa-macarrulla-2026-arranca-este-viernes\/"},"author":{"name":"Potencia Radiof\u00f3nica Dominicana","@id":"https:\/\/potenciaradiofonicadominicana.com\/portal\/#\/schema\/person\/a5cf1fea13877803ee0573ac18b03490"},"headline":"La Copa Macarrulla 2026 arranca este viernes","datePublished":"2026-09-04T02:28:05+00:00","mainEntityOfPage":{"@id":"https:\/\/potenciaradiofonicadominicana.com\/portal\/la-copa-macarrulla-2026-arranca-este-viernes\/"},"wordCount":471,"publisher":{"@id":"https:\/\/potenciaradiofonicadominicana.com\/portal\/#organization"},"image":{"@id":"https:\/\/potenciaradiofonicadominicana.com\/portal\/la-copa-macarrulla-2026-arranca-este-viernes\/#primaryimage"},"thumbnailUrl":"https:\/\/potenciaradiofonicadominicana.com\/portal\/wp-content\/uploads\/2026\/09\/borrador-automatico-20260903-145759-SVO6.webp","articleSection":["Deportes"],"inLanguage":"es"},{"@type":"WebPage","@id":"https:\/\/potenciaradiofonicadominicana.com\/portal\/la-copa-macarrulla-2026-arranca-este-viernes\/","url":"https:\/\/potenciaradiofonicadominicana.com\/portal\/la-copa-macarrulla-2026-arranca-este-viernes\/","name":"La Copa Macarrulla 2026 arranca este viernes - PotenciaRadiofonicaDominicana.com","isPartOf":{"@id":"https:\/\/potenciaradiofonicadominicana.com\/portal\/#website"},"primaryImageOfPage":{"@id":"https:\/\/potenciaradiofonicadominicana.com\/portal\/la-copa-macarrulla-2026-arranca-este-viernes\/#primaryimage"},"image":{"@id":"https:\/\/potenciaradiofonicadominicana.com\/portal\/la-copa-macarrulla-2026-arranca-este-viernes\/#primaryimage"},"thumbnailUrl":"https:\/\/potenciaradiofonicadominicana.com\/portal\/wp-content\/uploads\/2026\/09\/borrador-automatico-20260903-145759-SVO6.webp","datePublished":"2026-09-04T02:28:05+00:00","breadcrumb":{"@id":"https:\/\/potenciaradiofonicadominicana.com\/portal\/la-copa-macarrulla-2026-arranca-este-viernes\/#breadcrumb"},"inLanguage":"es","potentialAction":[{"@type":"ReadAction","target":["https:\/\/potenciaradiofonicadominicana.com\/portal\/la-copa-macarrulla-2026-arranca-este-viernes\/"]}]},{"@type":"ImageObject","inLanguage":"es","@id":"https:\/\/potenciaradiofonicadominicana.com\/portal\/la-copa-macarrulla-2026-arranca-este-viernes\/#primaryimage","url":"https:\/\/potenciaradiofonicadominicana.com\/portal\/wp-content\/uploads\/2026\/09\/borrador-automatico-20260903-145759-SVO6.webp","contentUrl":"https:\/\/potenciaradiofonicadominicana.com\/portal\/wp-content\/uploads\/2026\/09\/borrador-automatico-20260903-145759-SVO6.webp","width":1280,"height":852},{"@type":"BreadcrumbList","@id":"https:\/\/potenciaradiofonicadominicana.com\/portal\/la-copa-macarrulla-2026-arranca-este-viernes\/#breadcrumb","itemListElement":[{"@type":"ListItem","position":1,"name":"Portada","item":"https:\/\/potenciaradiofonicadominicana.com\/portal\/"},{"@type":"ListItem","position":2,"name":"La Copa Macarrulla 2026 arranca este viernes"}]},{"@type":"WebSite","@id":"https:\/\/potenciaradiofonicadominicana.com\/portal\/#website","url":"https:\/\/potenciaradiofonicadominicana.com\/portal\/","name":"PotenciaRadiofonicaDominicana.com","description":"Peri\u00f3dico Digital","publisher":{"@id":"https:\/\/potenciaradiofonicadominicana.com\/portal\/#organization"},"potentialAction":[{"@type":"SearchAction","target":{"@type":"EntryPoint","urlTemplate":"https:\/\/potenciaradiofonicadominicana.com\/portal\/?s={search_term_string}"},"query-input":{"@type":"PropertyValueSpecification","valueRequired":true,"valueName":"search_term_string"}}],"inLanguage":"es"},{"@type":"Organization","@id":"https:\/\/potenciaradiofonicadominicana.com\/portal\/#organization","name":"PotenciaRadiofonicaDominicana.com","url":"https:\/\/potenciaradiofonicadominicana.com\/portal\/","logo":{"@type":"ImageObject","inLanguage":"es","@id":"https:\/\/potenciaradiofonicadominicana.com\/portal\/#\/schema\/logo\/image\/","url":"https:\/\/potenciaradiofonicadominicana.com\/portal\/wp-content\/uploads\/2022\/01\/descarga.png","contentUrl":"https:\/\/potenciaradiofonicadominicana.com\/portal\/wp-content\/uploads\/2022\/01\/descarga.png","width":300,"height":100,"caption":"PotenciaRadiofonicaDominicana.com"},"image":{"@id":"https:\/\/potenciaradiofonicadominicana.com\/portal\/#\/schema\/logo\/image\/"},"sameAs":["https:\/\/web.facebook.com\/PotenciaRadiofonicaD"]},{"@type":"Person","@id":"https:\/\/potenciaradiofonicadominicana.com\/portal\/#\/schema\/person\/a5cf1fea13877803ee0573ac18b03490","name":"Potencia Radiof\u00f3nica Dominicana","image":{"@type":"ImageObject","inLanguage":"es","@id":"https:\/\/potenciaradiofonicadominicana.com\/portal\/#\/schema\/person\/image\/","url":"https:\/\/secure.gravatar.com\/avatar\/42a55ab9e8ccc656ba34cd791990602a?s=96&d=mm&r=g","contentUrl":"https:\/\/secure.gravatar.com\/avatar\/42a55ab9e8ccc656ba34cd791990602a?s=96&d=mm&r=g","caption":"Potencia Radiof\u00f3nica Dominicana"},"url":"https:\/\/potenciaradiofonicadominicana.com\/portal\/author\/johannyalmanzar\/"}]}},"_links":{"self":[{"href":"https:\/\/potenciaradiofonicadominicana.com\/portal\/wp-json\/wp\/v2\/posts\/225205","targetHints":{"allow":["GET"]}}],"collection":[{"href":"https:\/\/potenciaradiofonicadominicana.com\/portal\/wp-json\/wp\/v2\/posts"}],"about":[{"href":"https:\/\/potenciaradiofonicadominicana.com\/portal\/wp-json\/wp\/v2\/types\/post"}],"author":[{"embeddable":true,"href":"https:\/\/potenciaradiofonicadominicana.com\/portal\/wp-json\/wp\/v2\/users\/2"}],"replies":[{"embeddable":true,"href":"https:\/\/potenciaradiofonicadominicana.com\/portal\/wp-json\/wp\/v2\/comments?post=225205"}],"version-history":[{"count":1,"href":"https:\/\/potenciaradiofonicadominicana.com\/portal\/wp-json\/wp\/v2\/posts\/225205\/revisions"}],"predecessor-version":[{"id":225207,"href":"https:\/\/potenciaradiofonicadominicana.com\/portal\/wp-json\/wp\/v2\/posts\/225205\/revisions\/225207"}],"wp:featuredmedia":[{"embeddable":true,"href":"https:\/\/potenciaradiofonicadominicana.com\/portal\/wp-json\/wp\/v2\/media\/225206"}],"wp:attachment":[{"href":"https:\/\/potenciaradiofonicadominicana.com\/portal\/wp-json\/wp\/v2\/media?parent=225205"}],"wp:term":[{"taxonomy":"category","embeddable":true,"href":"https:\/\/potenciaradiofonicadominicana.com\/portal\/wp-json\/wp\/v2\/categories?post=225205"},{"taxonomy":"post_tag","embeddable":true,"href":"https:\/\/potenciaradiofonicadominicana.com\/portal\/wp-json\/wp\/v2\/tags?post=225205"}],"curies":[{"name":"wp","href":"https:\/\/api.w.org\/{rel}","templated":true}]}}