{"id":225202,"date":"2026-09-03T22:26:54","date_gmt":"2026-09-04T02:26:54","guid":{"rendered":"https:\/\/potenciaradiofonicadominicana.com\/portal\/?p=225202"},"modified":"2026-09-03T22:26:54","modified_gmt":"2026-09-04T02:26:54","slug":"le-prohiben-a-tiger-woods-conducir-por-5-anos","status":"publish","type":"post","link":"https:\/\/potenciaradiofonicadominicana.com\/portal\/le-prohiben-a-tiger-woods-conducir-por-5-anos\/","title":{"rendered":"Le proh\u00edben a Tiger Woods conducir por 5 a\u00f1os"},"content":{"rendered":"<p><a href=\"https:\/\/potenciaradiofonicadominicana.com\/portal\/wp-content\/uploads\/2026\/09\/https___media.zenfs_.com_es_the_mirror_us_en_espanol_199_8f8cf45a659273756638dfd01af19002.jpg\"><img loading=\"lazy\" decoding=\"async\" class=\"alignnone size-full wp-image-225203\" src=\"https:\/\/potenciaradiofonicadominicana.com\/portal\/wp-content\/uploads\/2026\/09\/https___media.zenfs_.com_es_the_mirror_us_en_espanol_199_8f8cf45a659273756638dfd01af19002.jpg\" alt=\"\" width=\"810\" height=\"540\" srcset=\"https:\/\/potenciaradiofonicadominicana.com\/portal\/wp-content\/uploads\/2026\/09\/https___media.zenfs_.com_es_the_mirror_us_en_espanol_199_8f8cf45a659273756638dfd01af19002.jpg 810w, https:\/\/potenciaradiofonicadominicana.com\/portal\/wp-content\/uploads\/2026\/09\/https___media.zenfs_.com_es_the_mirror_us_en_espanol_199_8f8cf45a659273756638dfd01af19002-300x200.jpg 300w, https:\/\/potenciaradiofonicadominicana.com\/portal\/wp-content\/uploads\/2026\/09\/https___media.zenfs_.com_es_the_mirror_us_en_espanol_199_8f8cf45a659273756638dfd01af19002-768x512.jpg 768w\" sizes=\"auto, (max-width: 810px) 100vw, 810px\" \/><\/a><\/p>\n<p class=\"wp-block-paragraph\"><strong>Miami, Florida.-<\/strong>A Tiger Woods le suspendieron la licencia de conducir por cinco a\u00f1os el mi\u00e9rcoles tras llegar a un acuerdo con la fiscal\u00eda en su caso por conducir bajo los efectos del alcohol.<\/p>\n<p class=\"wp-block-paragraph\">Woods se declar\u00f3 culpable de un cargo menor de conducci\u00f3n temeraria y de negarse a someterse a una prueba legal en el Tribunal de Circuito del Condado de Martin, Florida.<\/p>\n<p class=\"wp-block-paragraph\">Como parte del acuerdo, Woods tambi\u00e9n acept\u00f3 pagar una multa de $1,500.<\/p>\n<div id=\"div-gpt-ad-1519409790919-2\" class=\"gpt-ad-slot d-flex align-items-center justify-content-center my-2\" data-google-query-id=\"CJjR2ebv05YDFalgQgcdhOgxzg\">\n<div id=\"google_ads_iframe_\/1018679\/ElDia_Articulo\/ElDia_Articulo_300x250_3_0__container__\">Tiger Woods le dijo al agente que estaba \u00abhablando con el presidente\u00bb, seg\u00fan la c\u00e1mara<\/div>\n<\/div>\n<p class=\"wp-block-paragraph\">La leyenda del golf tambi\u00e9n fue declarado culpable de conducci\u00f3n negligente, una infracci\u00f3n de tr\u00e1nsito.<br \/>\nEl juez Darren Steele le dijo a Woods que la suspensi\u00f3n de la licencia \u00abes por la seguridad p\u00fablica\u00bb.<br \/>\n\u00abNo hay excepciones\u00bb, dijo Steele. \u00abSi maneja por cualquier causa, volver\u00eda inmediatamente a la c\u00e1rcel\u00bb.<\/p>\n","protected":false},"excerpt":{"rendered":"<p>Miami, Florida.-A Tiger Woods le suspendieron la licencia de conducir por cinco a\u00f1os el mi\u00e9rcoles tras llegar a un acuerdo &#8230;<\/p>\n","protected":false},"author":2,"featured_media":225203,"comment_status":"closed","ping_status":"closed","sticky":false,"template":"","format":"standard","meta":{"footnotes":""},"categories":[28],"tags":[],"class_list":["post-225202","post","type-post","status-publish","format-standard","has-post-thumbnail","hentry","category-deportes"],"yoast_head":"<!-- This site is optimized with the Yoast SEO plugin v24.8.1 - https:\/\/yoast.com\/wordpress\/plugins\/seo\/ -->\n<title>Le proh\u00edben a Tiger Woods conducir por 5 a\u00f1os - PotenciaRadiofonicaDominicana.com<\/title>\n<meta name=\"robots\" content=\"index, follow, max-snippet:-1, max-image-preview:large, max-video-preview:-1\" \/>\n<link rel=\"canonical\" href=\"https:\/\/potenciaradiofonicadominicana.com\/portal\/le-prohiben-a-tiger-woods-conducir-por-5-anos\/\" \/>\n<meta property=\"og:locale\" content=\"es_ES\" \/>\n<meta property=\"og:type\" content=\"article\" \/>\n<meta property=\"og:title\" content=\"Le proh\u00edben a Tiger Woods conducir por 5 a\u00f1os - PotenciaRadiofonicaDominicana.com\" \/>\n<meta property=\"og:description\" content=\"Miami, Florida.-A Tiger Woods le suspendieron la licencia de conducir por cinco a\u00f1os el mi\u00e9rcoles tras llegar a un acuerdo ...\" \/>\n<meta property=\"og:url\" content=\"https:\/\/potenciaradiofonicadominicana.com\/portal\/le-prohiben-a-tiger-woods-conducir-por-5-anos\/\" \/>\n<meta property=\"og:site_name\" content=\"PotenciaRadiofonicaDominicana.com\" \/>\n<meta property=\"article:publisher\" content=\"https:\/\/web.facebook.com\/PotenciaRadiofonicaD\" \/>\n<meta property=\"article:published_time\" content=\"2026-09-04T02:26:54+00:00\" \/>\n<meta property=\"og:image\" content=\"https:\/\/potenciaradiofonicadominicana.com\/portal\/wp-content\/uploads\/2026\/09\/https___media.zenfs_.com_es_the_mirror_us_en_espanol_199_8f8cf45a659273756638dfd01af19002.jpg\" \/>\n\t<meta property=\"og:image:width\" content=\"810\" \/>\n\t<meta property=\"og:image:height\" content=\"540\" \/>\n\t<meta property=\"og:image:type\" content=\"image\/jpeg\" \/>\n<meta name=\"author\" content=\"Potencia Radiof\u00f3nica Dominicana\" \/>\n<meta name=\"twitter:card\" content=\"summary_large_image\" \/>\n<meta name=\"twitter:label1\" content=\"Escrito por\" \/>\n\t<meta name=\"twitter:data1\" content=\"Potencia Radiof\u00f3nica Dominicana\" \/>\n\t<meta name=\"twitter:label2\" content=\"Tiempo de lectura\" \/>\n\t<meta name=\"twitter:data2\" content=\"2 minutos\" \/>\n<script type=\"application\/ld+json\" class=\"yoast-schema-graph\">{\"@context\":\"https:\/\/schema.org\",\"@graph\":[{\"@type\":\"Article\",\"@id\":\"https:\/\/potenciaradiofonicadominicana.com\/portal\/le-prohiben-a-tiger-woods-conducir-por-5-anos\/#article\",\"isPartOf\":{\"@id\":\"https:\/\/potenciaradiofonicadominicana.com\/portal\/le-prohiben-a-tiger-woods-conducir-por-5-anos\/\"},\"author\":{\"name\":\"Potencia Radiof\u00f3nica Dominicana\",\"@id\":\"https:\/\/potenciaradiofonicadominicana.com\/portal\/#\/schema\/person\/a5cf1fea13877803ee0573ac18b03490\"},\"headline\":\"Le proh\u00edben a Tiger Woods conducir por 5 a\u00f1os\",\"datePublished\":\"2026-09-04T02:26:54+00:00\",\"mainEntityOfPage\":{\"@id\":\"https:\/\/potenciaradiofonicadominicana.com\/portal\/le-prohiben-a-tiger-woods-conducir-por-5-anos\/\"},\"wordCount\":164,\"publisher\":{\"@id\":\"https:\/\/potenciaradiofonicadominicana.com\/portal\/#organization\"},\"image\":{\"@id\":\"https:\/\/potenciaradiofonicadominicana.com\/portal\/le-prohiben-a-tiger-woods-conducir-por-5-anos\/#primaryimage\"},\"thumbnailUrl\":\"https:\/\/potenciaradiofonicadominicana.com\/portal\/wp-content\/uploads\/2026\/09\/https___media.zenfs_.com_es_the_mirror_us_en_espanol_199_8f8cf45a659273756638dfd01af19002.jpg\",\"articleSection\":[\"Deportes\"],\"inLanguage\":\"es\"},{\"@type\":\"WebPage\",\"@id\":\"https:\/\/potenciaradiofonicadominicana.com\/portal\/le-prohiben-a-tiger-woods-conducir-por-5-anos\/\",\"url\":\"https:\/\/potenciaradiofonicadominicana.com\/portal\/le-prohiben-a-tiger-woods-conducir-por-5-anos\/\",\"name\":\"Le proh\u00edben a Tiger Woods conducir por 5 a\u00f1os - PotenciaRadiofonicaDominicana.com\",\"isPartOf\":{\"@id\":\"https:\/\/potenciaradiofonicadominicana.com\/portal\/#website\"},\"primaryImageOfPage\":{\"@id\":\"https:\/\/potenciaradiofonicadominicana.com\/portal\/le-prohiben-a-tiger-woods-conducir-por-5-anos\/#primaryimage\"},\"image\":{\"@id\":\"https:\/\/potenciaradiofonicadominicana.com\/portal\/le-prohiben-a-tiger-woods-conducir-por-5-anos\/#primaryimage\"},\"thumbnailUrl\":\"https:\/\/potenciaradiofonicadominicana.com\/portal\/wp-content\/uploads\/2026\/09\/https___media.zenfs_.com_es_the_mirror_us_en_espanol_199_8f8cf45a659273756638dfd01af19002.jpg\",\"datePublished\":\"2026-09-04T02:26:54+00:00\",\"breadcrumb\":{\"@id\":\"https:\/\/potenciaradiofonicadominicana.com\/portal\/le-prohiben-a-tiger-woods-conducir-por-5-anos\/#breadcrumb\"},\"inLanguage\":\"es\",\"potentialAction\":[{\"@type\":\"ReadAction\",\"target\":[\"https:\/\/potenciaradiofonicadominicana.com\/portal\/le-prohiben-a-tiger-woods-conducir-por-5-anos\/\"]}]},{\"@type\":\"ImageObject\",\"inLanguage\":\"es\",\"@id\":\"https:\/\/potenciaradiofonicadominicana.com\/portal\/le-prohiben-a-tiger-woods-conducir-por-5-anos\/#primaryimage\",\"url\":\"https:\/\/potenciaradiofonicadominicana.com\/portal\/wp-content\/uploads\/2026\/09\/https___media.zenfs_.com_es_the_mirror_us_en_espanol_199_8f8cf45a659273756638dfd01af19002.jpg\",\"contentUrl\":\"https:\/\/potenciaradiofonicadominicana.com\/portal\/wp-content\/uploads\/2026\/09\/https___media.zenfs_.com_es_the_mirror_us_en_espanol_199_8f8cf45a659273756638dfd01af19002.jpg\",\"width\":810,\"height\":540},{\"@type\":\"BreadcrumbList\",\"@id\":\"https:\/\/potenciaradiofonicadominicana.com\/portal\/le-prohiben-a-tiger-woods-conducir-por-5-anos\/#breadcrumb\",\"itemListElement\":[{\"@type\":\"ListItem\",\"position\":1,\"name\":\"Portada\",\"item\":\"https:\/\/potenciaradiofonicadominicana.com\/portal\/\"},{\"@type\":\"ListItem\",\"position\":2,\"name\":\"Le proh\u00edben a Tiger Woods conducir por 5 a\u00f1os\"}]},{\"@type\":\"WebSite\",\"@id\":\"https:\/\/potenciaradiofonicadominicana.com\/portal\/#website\",\"url\":\"https:\/\/potenciaradiofonicadominicana.com\/portal\/\",\"name\":\"PotenciaRadiofonicaDominicana.com\",\"description\":\"Peri\u00f3dico Digital\",\"publisher\":{\"@id\":\"https:\/\/potenciaradiofonicadominicana.com\/portal\/#organization\"},\"potentialAction\":[{\"@type\":\"SearchAction\",\"target\":{\"@type\":\"EntryPoint\",\"urlTemplate\":\"https:\/\/potenciaradiofonicadominicana.com\/portal\/?s={search_term_string}\"},\"query-input\":{\"@type\":\"PropertyValueSpecification\",\"valueRequired\":true,\"valueName\":\"search_term_string\"}}],\"inLanguage\":\"es\"},{\"@type\":\"Organization\",\"@id\":\"https:\/\/potenciaradiofonicadominicana.com\/portal\/#organization\",\"name\":\"PotenciaRadiofonicaDominicana.com\",\"url\":\"https:\/\/potenciaradiofonicadominicana.com\/portal\/\",\"logo\":{\"@type\":\"ImageObject\",\"inLanguage\":\"es\",\"@id\":\"https:\/\/potenciaradiofonicadominicana.com\/portal\/#\/schema\/logo\/image\/\",\"url\":\"https:\/\/potenciaradiofonicadominicana.com\/portal\/wp-content\/uploads\/2022\/01\/descarga.png\",\"contentUrl\":\"https:\/\/potenciaradiofonicadominicana.com\/portal\/wp-content\/uploads\/2022\/01\/descarga.png\",\"width\":300,\"height\":100,\"caption\":\"PotenciaRadiofonicaDominicana.com\"},\"image\":{\"@id\":\"https:\/\/potenciaradiofonicadominicana.com\/portal\/#\/schema\/logo\/image\/\"},\"sameAs\":[\"https:\/\/web.facebook.com\/PotenciaRadiofonicaD\"]},{\"@type\":\"Person\",\"@id\":\"https:\/\/potenciaradiofonicadominicana.com\/portal\/#\/schema\/person\/a5cf1fea13877803ee0573ac18b03490\",\"name\":\"Potencia Radiof\u00f3nica Dominicana\",\"image\":{\"@type\":\"ImageObject\",\"inLanguage\":\"es\",\"@id\":\"https:\/\/potenciaradiofonicadominicana.com\/portal\/#\/schema\/person\/image\/\",\"url\":\"https:\/\/secure.gravatar.com\/avatar\/42a55ab9e8ccc656ba34cd791990602a?s=96&d=mm&r=g\",\"contentUrl\":\"https:\/\/secure.gravatar.com\/avatar\/42a55ab9e8ccc656ba34cd791990602a?s=96&d=mm&r=g\",\"caption\":\"Potencia Radiof\u00f3nica Dominicana\"},\"url\":\"https:\/\/potenciaradiofonicadominicana.com\/portal\/author\/johannyalmanzar\/\"}]}<\/script>\n<!-- \/ Yoast SEO plugin. -->","yoast_head_json":{"title":"Le proh\u00edben a Tiger Woods conducir por 5 a\u00f1os - PotenciaRadiofonicaDominicana.com","robots":{"index":"index","follow":"follow","max-snippet":"max-snippet:-1","max-image-preview":"max-image-preview:large","max-video-preview":"max-video-preview:-1"},"canonical":"https:\/\/potenciaradiofonicadominicana.com\/portal\/le-prohiben-a-tiger-woods-conducir-por-5-anos\/","og_locale":"es_ES","og_type":"article","og_title":"Le proh\u00edben a Tiger Woods conducir por 5 a\u00f1os - PotenciaRadiofonicaDominicana.com","og_description":"Miami, Florida.-A Tiger Woods le suspendieron la licencia de conducir por cinco a\u00f1os el mi\u00e9rcoles tras llegar a un acuerdo ...","og_url":"https:\/\/potenciaradiofonicadominicana.com\/portal\/le-prohiben-a-tiger-woods-conducir-por-5-anos\/","og_site_name":"PotenciaRadiofonicaDominicana.com","article_publisher":"https:\/\/web.facebook.com\/PotenciaRadiofonicaD","article_published_time":"2026-09-04T02:26:54+00:00","og_image":[{"width":810,"height":540,"url":"https:\/\/potenciaradiofonicadominicana.com\/portal\/wp-content\/uploads\/2026\/09\/https___media.zenfs_.com_es_the_mirror_us_en_espanol_199_8f8cf45a659273756638dfd01af19002.jpg","type":"image\/jpeg"}],"author":"Potencia Radiof\u00f3nica Dominicana","twitter_card":"summary_large_image","twitter_misc":{"Escrito por":"Potencia Radiof\u00f3nica Dominicana","Tiempo de lectura":"2 minutos"},"schema":{"@context":"https:\/\/schema.org","@graph":[{"@type":"Article","@id":"https:\/\/potenciaradiofonicadominicana.com\/portal\/le-prohiben-a-tiger-woods-conducir-por-5-anos\/#article","isPartOf":{"@id":"https:\/\/potenciaradiofonicadominicana.com\/portal\/le-prohiben-a-tiger-woods-conducir-por-5-anos\/"},"author":{"name":"Potencia Radiof\u00f3nica Dominicana","@id":"https:\/\/potenciaradiofonicadominicana.com\/portal\/#\/schema\/person\/a5cf1fea13877803ee0573ac18b03490"},"headline":"Le proh\u00edben a Tiger Woods conducir por 5 a\u00f1os","datePublished":"2026-09-04T02:26:54+00:00","mainEntityOfPage":{"@id":"https:\/\/potenciaradiofonicadominicana.com\/portal\/le-prohiben-a-tiger-woods-conducir-por-5-anos\/"},"wordCount":164,"publisher":{"@id":"https:\/\/potenciaradiofonicadominicana.com\/portal\/#organization"},"image":{"@id":"https:\/\/potenciaradiofonicadominicana.com\/portal\/le-prohiben-a-tiger-woods-conducir-por-5-anos\/#primaryimage"},"thumbnailUrl":"https:\/\/potenciaradiofonicadominicana.com\/portal\/wp-content\/uploads\/2026\/09\/https___media.zenfs_.com_es_the_mirror_us_en_espanol_199_8f8cf45a659273756638dfd01af19002.jpg","articleSection":["Deportes"],"inLanguage":"es"},{"@type":"WebPage","@id":"https:\/\/potenciaradiofonicadominicana.com\/portal\/le-prohiben-a-tiger-woods-conducir-por-5-anos\/","url":"https:\/\/potenciaradiofonicadominicana.com\/portal\/le-prohiben-a-tiger-woods-conducir-por-5-anos\/","name":"Le proh\u00edben a Tiger Woods conducir por 5 a\u00f1os - PotenciaRadiofonicaDominicana.com","isPartOf":{"@id":"https:\/\/potenciaradiofonicadominicana.com\/portal\/#website"},"primaryImageOfPage":{"@id":"https:\/\/potenciaradiofonicadominicana.com\/portal\/le-prohiben-a-tiger-woods-conducir-por-5-anos\/#primaryimage"},"image":{"@id":"https:\/\/potenciaradiofonicadominicana.com\/portal\/le-prohiben-a-tiger-woods-conducir-por-5-anos\/#primaryimage"},"thumbnailUrl":"https:\/\/potenciaradiofonicadominicana.com\/portal\/wp-content\/uploads\/2026\/09\/https___media.zenfs_.com_es_the_mirror_us_en_espanol_199_8f8cf45a659273756638dfd01af19002.jpg","datePublished":"2026-09-04T02:26:54+00:00","breadcrumb":{"@id":"https:\/\/potenciaradiofonicadominicana.com\/portal\/le-prohiben-a-tiger-woods-conducir-por-5-anos\/#breadcrumb"},"inLanguage":"es","potentialAction":[{"@type":"ReadAction","target":["https:\/\/potenciaradiofonicadominicana.com\/portal\/le-prohiben-a-tiger-woods-conducir-por-5-anos\/"]}]},{"@type":"ImageObject","inLanguage":"es","@id":"https:\/\/potenciaradiofonicadominicana.com\/portal\/le-prohiben-a-tiger-woods-conducir-por-5-anos\/#primaryimage","url":"https:\/\/potenciaradiofonicadominicana.com\/portal\/wp-content\/uploads\/2026\/09\/https___media.zenfs_.com_es_the_mirror_us_en_espanol_199_8f8cf45a659273756638dfd01af19002.jpg","contentUrl":"https:\/\/potenciaradiofonicadominicana.com\/portal\/wp-content\/uploads\/2026\/09\/https___media.zenfs_.com_es_the_mirror_us_en_espanol_199_8f8cf45a659273756638dfd01af19002.jpg","width":810,"height":540},{"@type":"BreadcrumbList","@id":"https:\/\/potenciaradiofonicadominicana.com\/portal\/le-prohiben-a-tiger-woods-conducir-por-5-anos\/#breadcrumb","itemListElement":[{"@type":"ListItem","position":1,"name":"Portada","item":"https:\/\/potenciaradiofonicadominicana.com\/portal\/"},{"@type":"ListItem","position":2,"name":"Le proh\u00edben a Tiger Woods conducir por 5 a\u00f1os"}]},{"@type":"WebSite","@id":"https:\/\/potenciaradiofonicadominicana.com\/portal\/#website","url":"https:\/\/potenciaradiofonicadominicana.com\/portal\/","name":"PotenciaRadiofonicaDominicana.com","description":"Peri\u00f3dico Digital","publisher":{"@id":"https:\/\/potenciaradiofonicadominicana.com\/portal\/#organization"},"potentialAction":[{"@type":"SearchAction","target":{"@type":"EntryPoint","urlTemplate":"https:\/\/potenciaradiofonicadominicana.com\/portal\/?s={search_term_string}"},"query-input":{"@type":"PropertyValueSpecification","valueRequired":true,"valueName":"search_term_string"}}],"inLanguage":"es"},{"@type":"Organization","@id":"https:\/\/potenciaradiofonicadominicana.com\/portal\/#organization","name":"PotenciaRadiofonicaDominicana.com","url":"https:\/\/potenciaradiofonicadominicana.com\/portal\/","logo":{"@type":"ImageObject","inLanguage":"es","@id":"https:\/\/potenciaradiofonicadominicana.com\/portal\/#\/schema\/logo\/image\/","url":"https:\/\/potenciaradiofonicadominicana.com\/portal\/wp-content\/uploads\/2022\/01\/descarga.png","contentUrl":"https:\/\/potenciaradiofonicadominicana.com\/portal\/wp-content\/uploads\/2022\/01\/descarga.png","width":300,"height":100,"caption":"PotenciaRadiofonicaDominicana.com"},"image":{"@id":"https:\/\/potenciaradiofonicadominicana.com\/portal\/#\/schema\/logo\/image\/"},"sameAs":["https:\/\/web.facebook.com\/PotenciaRadiofonicaD"]},{"@type":"Person","@id":"https:\/\/potenciaradiofonicadominicana.com\/portal\/#\/schema\/person\/a5cf1fea13877803ee0573ac18b03490","name":"Potencia Radiof\u00f3nica Dominicana","image":{"@type":"ImageObject","inLanguage":"es","@id":"https:\/\/potenciaradiofonicadominicana.com\/portal\/#\/schema\/person\/image\/","url":"https:\/\/secure.gravatar.com\/avatar\/42a55ab9e8ccc656ba34cd791990602a?s=96&d=mm&r=g","contentUrl":"https:\/\/secure.gravatar.com\/avatar\/42a55ab9e8ccc656ba34cd791990602a?s=96&d=mm&r=g","caption":"Potencia Radiof\u00f3nica Dominicana"},"url":"https:\/\/potenciaradiofonicadominicana.com\/portal\/author\/johannyalmanzar\/"}]}},"_links":{"self":[{"href":"https:\/\/potenciaradiofonicadominicana.com\/portal\/wp-json\/wp\/v2\/posts\/225202","targetHints":{"allow":["GET"]}}],"collection":[{"href":"https:\/\/potenciaradiofonicadominicana.com\/portal\/wp-json\/wp\/v2\/posts"}],"about":[{"href":"https:\/\/potenciaradiofonicadominicana.com\/portal\/wp-json\/wp\/v2\/types\/post"}],"author":[{"embeddable":true,"href":"https:\/\/potenciaradiofonicadominicana.com\/portal\/wp-json\/wp\/v2\/users\/2"}],"replies":[{"embeddable":true,"href":"https:\/\/potenciaradiofonicadominicana.com\/portal\/wp-json\/wp\/v2\/comments?post=225202"}],"version-history":[{"count":1,"href":"https:\/\/potenciaradiofonicadominicana.com\/portal\/wp-json\/wp\/v2\/posts\/225202\/revisions"}],"predecessor-version":[{"id":225204,"href":"https:\/\/potenciaradiofonicadominicana.com\/portal\/wp-json\/wp\/v2\/posts\/225202\/revisions\/225204"}],"wp:featuredmedia":[{"embeddable":true,"href":"https:\/\/potenciaradiofonicadominicana.com\/portal\/wp-json\/wp\/v2\/media\/225203"}],"wp:attachment":[{"href":"https:\/\/potenciaradiofonicadominicana.com\/portal\/wp-json\/wp\/v2\/media?parent=225202"}],"wp:term":[{"taxonomy":"category","embeddable":true,"href":"https:\/\/potenciaradiofonicadominicana.com\/portal\/wp-json\/wp\/v2\/categories?post=225202"},{"taxonomy":"post_tag","embeddable":true,"href":"https:\/\/potenciaradiofonicadominicana.com\/portal\/wp-json\/wp\/v2\/tags?post=225202"}],"curies":[{"name":"wp","href":"https:\/\/api.w.org\/{rel}","templated":true}]}}