{"id":225199,"date":"2026-09-03T22:25:43","date_gmt":"2026-09-04T02:25:43","guid":{"rendered":"https:\/\/potenciaradiofonicadominicana.com\/portal\/?p=225199"},"modified":"2026-09-03T22:25:43","modified_gmt":"2026-09-04T02:25:43","slug":"republica-dominicana-escala-al-tercer-lugar-del-power-ranking-de-fiba-rumbo-al-mundial-2027","status":"publish","type":"post","link":"https:\/\/potenciaradiofonicadominicana.com\/portal\/republica-dominicana-escala-al-tercer-lugar-del-power-ranking-de-fiba-rumbo-al-mundial-2027\/","title":{"rendered":"Rep\u00fablica Dominicana escala al tercer lugar del Power Ranking de FIBA rumbo al Mundial 2027"},"content":{"rendered":"<p><a href=\"https:\/\/potenciaradiofonicadominicana.com\/portal\/wp-content\/uploads\/2026\/09\/3f3b6d54bc39f4f5c45c4b333a0ce02258099e50w.jpg\"><img loading=\"lazy\" decoding=\"async\" class=\"size-full wp-image-225200\" src=\"https:\/\/potenciaradiofonicadominicana.com\/portal\/wp-content\/uploads\/2026\/09\/3f3b6d54bc39f4f5c45c4b333a0ce02258099e50w.jpg\" alt=\"\" width=\"1920\" height=\"1351\" srcset=\"https:\/\/potenciaradiofonicadominicana.com\/portal\/wp-content\/uploads\/2026\/09\/3f3b6d54bc39f4f5c45c4b333a0ce02258099e50w.jpg 1920w, https:\/\/potenciaradiofonicadominicana.com\/portal\/wp-content\/uploads\/2026\/09\/3f3b6d54bc39f4f5c45c4b333a0ce02258099e50w-300x211.jpg 300w, https:\/\/potenciaradiofonicadominicana.com\/portal\/wp-content\/uploads\/2026\/09\/3f3b6d54bc39f4f5c45c4b333a0ce02258099e50w-1024x721.jpg 1024w, https:\/\/potenciaradiofonicadominicana.com\/portal\/wp-content\/uploads\/2026\/09\/3f3b6d54bc39f4f5c45c4b333a0ce02258099e50w-768x540.jpg 768w, https:\/\/potenciaradiofonicadominicana.com\/portal\/wp-content\/uploads\/2026\/09\/3f3b6d54bc39f4f5c45c4b333a0ce02258099e50w-1536x1081.jpg 1536w\" sizes=\"auto, (max-width: 1920px) 100vw, 1920px\" \/><\/a><\/p>\n<p>&nbsp;<\/p>\n<p class=\"wp-block-paragraph\"><strong>\u00a0<\/strong>La selecci\u00f3n de baloncesto de Rep\u00fablica Dominicana fue colocada en el tercer lugar del Power Ranking de FIBA para las eliminatorias de Am\u00e9rica rumbo a la Copa del Mundo de Baloncesto Qatar 2027.<\/p>\n<p class=\"wp-block-paragraph\">El conjunto dominicano avanz\u00f3 dos posiciones en la m\u00e1s reciente evaluaci\u00f3n, situ\u00e1ndose \u00fanicamente por detr\u00e1s de Canad\u00e1 y Estados Unidos, dos de las principales potencias del continente.<\/p>\n<div class=\"puede-leer-module\">\n<div class=\"puede-leer-content\">\n<h3 class=\"puede-leer-title\">Rep\u00fablica Dominicana acaricia de cerca su boleto al Mundial FIBA<\/h3>\n<\/div>\n<\/div>\n<p class=\"wp-block-paragraph\">El ascenso refleja el buen momento que atraviesa el equipo nacional, que viene de completar una ventana pr\u00e1cticamente perfecta con victorias sobre Brasil y Chile, resultados que fortalecieron considerablemente sus posibilidades de regresar a una Copa del Mundo.<\/p>\n<p class=\"wp-block-paragraph\">La Rep\u00fablica Dominicana ocupa el tercer puesto del Power Ranking, mientras Argentina aparece cuarta, tras subir dos lugares. Uruguay figura quinto pese a retroceder una posici\u00f3n y Brasil cay\u00f3 tres escalones hasta el sexto lugar.<\/p>\n<p class=\"wp-block-paragraph\">M\u00e9xico permanece s\u00e9ptimo, seguido por Bahamas, que avanz\u00f3 una posici\u00f3n. Puerto Rico retrocedi\u00f3 al noveno puesto, Panam\u00e1 se mantiene d\u00e9cimo, Colombia asciende al und\u00e9cimo y Chile completa la clasificaci\u00f3n.<\/p>\n<p class=\"wp-block-paragraph\">La valoraci\u00f3n de FIBA llega despu\u00e9s de que Rep\u00fablica Dominicana consiguiera uno de sus resultados m\u00e1s importantes de las eliminatorias al derrotar 94-90 a Brasil como visitante.<\/p>\n<div class=\"puede-leer-module\">\n<div class=\"puede-leer-content\">\n<h3 class=\"puede-leer-title\">\u00c1ngel Delgado: una lesi\u00f3n que llega en el momento menos oportuno para selecci\u00f3n basket RD<\/h3>\n<\/div>\n<\/div>\n<p class=\"wp-block-paragraph\">En ese encuentro, Andr\u00e9s F\u00e9liz y Jean Montero encabezaron la ofensiva dominicana y combinaron 51 puntos.<\/p>\n<p class=\"wp-block-paragraph\">Posteriormente, los quisqueyanos confirmaron su buen momento con una contundente victoria 101-66 sobre Chile, cerrando la ventana con dos triunfos que dejaron al equipo con registro de 6-2 en las eliminatorias.<\/p>\n<p class=\"wp-block-paragraph\">Esos resultados no solamente elevaron la percepci\u00f3n internacional sobre el conjunto dominicano, sino que mejoraron su posici\u00f3n en la carrera por uno de los boletos disponibles para Qatar 2027.<\/p>\n<p class=\"wp-block-paragraph\">El Power Ranking no constituye la clasificaci\u00f3n oficial de las eliminatorias ni equivale al ranking mundial de FIBA. Se trata de una evaluaci\u00f3n del desempe\u00f1o y momento competitivo de las selecciones participantes.<\/p>\n<p class=\"wp-block-paragraph\">Sin embargo, que Rep\u00fablica Dominicana aparezca tercera representa una se\u00f1al del crecimiento mostrado por el equipo durante la competici\u00f3n.<br \/>\nEn el ranking mundial oficial de FIBA, Rep\u00fablica Dominicana ocupa actualmente el puesto 21, mientras que el Power Ranking de las eliminatorias mide espec\u00edficamente el rendimiento de los equipos que permanecen en la lucha por los cupos mundialistas.<\/p>\n<div class=\"puede-leer-module\">\n<div class=\"puede-leer-content\">\n<h3 class=\"puede-leer-title\">Jugadores preselecci\u00f3n basket RD arman un `junte\u00b4 para empezar a trabajar con miras a Cuarta Ventana Clasificatoria a la Copa Mundial FIBA 2027<\/h3>\n<\/div>\n<\/div>\n<p class=\"wp-block-paragraph\">La clasificaci\u00f3n presentada coloca a los equipos en este orden: Canad\u00e1, Estados Unidos, Rep\u00fablica Dominicana, Argentina, Uruguay, Brasil, M\u00e9xico, Bahamas, Puerto Rico, Panam\u00e1, Colombia y Chile.<\/p>\n<p class=\"wp-block-paragraph\"><strong>Mundial cada vez m\u00e1s cerca<\/strong><\/p>\n<p class=\"wp-block-paragraph\">Rep\u00fablica Dominicana todav\u00eda tiene cuatro compromisos pendientes y deber\u00e1 completar el proceso para asegurar matem\u00e1ticamente su boleto a Qatar.<\/p>\n<p class=\"wp-block-paragraph\">El formato establece que los tres primeros equipos de cada grupo de la segunda ronda clasifican directamente al Mundial, mientras que el mejor cuarto lugar entre ambos grupos obtiene otro boleto.<\/p>\n<p class=\"wp-block-paragraph\">Con balance de 6-2 y despu\u00e9s de superar una exigente visita a Brasil, los dominicanos han dado un paso considerable hacia el objetivo.<\/p>\n<p class=\"wp-block-paragraph\">La selecci\u00f3n nacional busca adem\u00e1s mantener una etapa de presencia sostenida entre la \u00e9lite internacional. Rep\u00fablica Dominicana particip\u00f3 en las Copas del Mundo de Espa\u00f1a 2014, China 2019 y Filipinas-Jap\u00f3n-Indonesia 2023, por lo que una clasificaci\u00f3n a Qatar 2027 representar\u00eda su cuarta participaci\u00f3n consecutiva en el principal torneo mundial de selecciones.<\/p>\n<p class=\"wp-block-paragraph\">El tercer puesto otorgado ahora por FIBA constituye otra se\u00f1al de que, cuando restan cuatro partidos de las eliminatorias, Rep\u00fablica Dominicana ha pasado de perseguir la clasificaci\u00f3n a colocarse entre los equipos de mejor rendimiento de Am\u00e9rica rumbo al Mundial.<\/p>\n","protected":false},"excerpt":{"rendered":"<p>&nbsp; \u00a0La selecci\u00f3n de baloncesto de Rep\u00fablica Dominicana fue colocada en el tercer lugar del Power Ranking de FIBA para &#8230;<\/p>\n","protected":false},"author":2,"featured_media":225200,"comment_status":"closed","ping_status":"closed","sticky":false,"template":"","format":"standard","meta":{"footnotes":""},"categories":[28],"tags":[],"class_list":["post-225199","post","type-post","status-publish","format-standard","has-post-thumbnail","hentry","category-deportes"],"yoast_head":"<!-- This site is optimized with the Yoast SEO plugin v24.8.1 - https:\/\/yoast.com\/wordpress\/plugins\/seo\/ -->\n<title>Rep\u00fablica Dominicana escala al tercer lugar del Power Ranking de FIBA rumbo al Mundial 2027 - PotenciaRadiofonicaDominicana.com<\/title>\n<meta name=\"robots\" content=\"index, follow, max-snippet:-1, max-image-preview:large, max-video-preview:-1\" \/>\n<link rel=\"canonical\" href=\"https:\/\/potenciaradiofonicadominicana.com\/portal\/republica-dominicana-escala-al-tercer-lugar-del-power-ranking-de-fiba-rumbo-al-mundial-2027\/\" \/>\n<meta property=\"og:locale\" content=\"es_ES\" \/>\n<meta property=\"og:type\" content=\"article\" \/>\n<meta property=\"og:title\" content=\"Rep\u00fablica Dominicana escala al tercer lugar del Power Ranking de FIBA rumbo al Mundial 2027 - PotenciaRadiofonicaDominicana.com\" \/>\n<meta property=\"og:description\" content=\"&nbsp; \u00a0La selecci\u00f3n de baloncesto de Rep\u00fablica Dominicana fue colocada en el tercer lugar del Power Ranking de FIBA para ...\" \/>\n<meta property=\"og:url\" content=\"https:\/\/potenciaradiofonicadominicana.com\/portal\/republica-dominicana-escala-al-tercer-lugar-del-power-ranking-de-fiba-rumbo-al-mundial-2027\/\" \/>\n<meta property=\"og:site_name\" content=\"PotenciaRadiofonicaDominicana.com\" \/>\n<meta property=\"article:publisher\" content=\"https:\/\/web.facebook.com\/PotenciaRadiofonicaD\" \/>\n<meta property=\"article:published_time\" content=\"2026-09-04T02:25:43+00:00\" \/>\n<meta property=\"og:image\" content=\"https:\/\/potenciaradiofonicadominicana.com\/portal\/wp-content\/uploads\/2026\/09\/3f3b6d54bc39f4f5c45c4b333a0ce02258099e50w.jpg\" \/>\n\t<meta property=\"og:image:width\" content=\"1920\" \/>\n\t<meta property=\"og:image:height\" content=\"1351\" \/>\n\t<meta property=\"og:image:type\" content=\"image\/jpeg\" \/>\n<meta name=\"author\" content=\"Potencia Radiof\u00f3nica Dominicana\" \/>\n<meta name=\"twitter:card\" content=\"summary_large_image\" \/>\n<meta name=\"twitter:label1\" content=\"Escrito por\" \/>\n\t<meta name=\"twitter:data1\" content=\"Potencia Radiof\u00f3nica Dominicana\" \/>\n\t<meta name=\"twitter:label2\" content=\"Tiempo de lectura\" \/>\n\t<meta name=\"twitter:data2\" content=\"4 minutos\" \/>\n<script type=\"application\/ld+json\" class=\"yoast-schema-graph\">{\"@context\":\"https:\/\/schema.org\",\"@graph\":[{\"@type\":\"Article\",\"@id\":\"https:\/\/potenciaradiofonicadominicana.com\/portal\/republica-dominicana-escala-al-tercer-lugar-del-power-ranking-de-fiba-rumbo-al-mundial-2027\/#article\",\"isPartOf\":{\"@id\":\"https:\/\/potenciaradiofonicadominicana.com\/portal\/republica-dominicana-escala-al-tercer-lugar-del-power-ranking-de-fiba-rumbo-al-mundial-2027\/\"},\"author\":{\"name\":\"Potencia Radiof\u00f3nica Dominicana\",\"@id\":\"https:\/\/potenciaradiofonicadominicana.com\/portal\/#\/schema\/person\/a5cf1fea13877803ee0573ac18b03490\"},\"headline\":\"Rep\u00fablica Dominicana escala al tercer lugar del Power Ranking de FIBA rumbo al Mundial 2027\",\"datePublished\":\"2026-09-04T02:25:43+00:00\",\"mainEntityOfPage\":{\"@id\":\"https:\/\/potenciaradiofonicadominicana.com\/portal\/republica-dominicana-escala-al-tercer-lugar-del-power-ranking-de-fiba-rumbo-al-mundial-2027\/\"},\"wordCount\":660,\"publisher\":{\"@id\":\"https:\/\/potenciaradiofonicadominicana.com\/portal\/#organization\"},\"image\":{\"@id\":\"https:\/\/potenciaradiofonicadominicana.com\/portal\/republica-dominicana-escala-al-tercer-lugar-del-power-ranking-de-fiba-rumbo-al-mundial-2027\/#primaryimage\"},\"thumbnailUrl\":\"https:\/\/potenciaradiofonicadominicana.com\/portal\/wp-content\/uploads\/2026\/09\/3f3b6d54bc39f4f5c45c4b333a0ce02258099e50w.jpg\",\"articleSection\":[\"Deportes\"],\"inLanguage\":\"es\"},{\"@type\":\"WebPage\",\"@id\":\"https:\/\/potenciaradiofonicadominicana.com\/portal\/republica-dominicana-escala-al-tercer-lugar-del-power-ranking-de-fiba-rumbo-al-mundial-2027\/\",\"url\":\"https:\/\/potenciaradiofonicadominicana.com\/portal\/republica-dominicana-escala-al-tercer-lugar-del-power-ranking-de-fiba-rumbo-al-mundial-2027\/\",\"name\":\"Rep\u00fablica Dominicana escala al tercer lugar del Power Ranking de FIBA rumbo al Mundial 2027 - PotenciaRadiofonicaDominicana.com\",\"isPartOf\":{\"@id\":\"https:\/\/potenciaradiofonicadominicana.com\/portal\/#website\"},\"primaryImageOfPage\":{\"@id\":\"https:\/\/potenciaradiofonicadominicana.com\/portal\/republica-dominicana-escala-al-tercer-lugar-del-power-ranking-de-fiba-rumbo-al-mundial-2027\/#primaryimage\"},\"image\":{\"@id\":\"https:\/\/potenciaradiofonicadominicana.com\/portal\/republica-dominicana-escala-al-tercer-lugar-del-power-ranking-de-fiba-rumbo-al-mundial-2027\/#primaryimage\"},\"thumbnailUrl\":\"https:\/\/potenciaradiofonicadominicana.com\/portal\/wp-content\/uploads\/2026\/09\/3f3b6d54bc39f4f5c45c4b333a0ce02258099e50w.jpg\",\"datePublished\":\"2026-09-04T02:25:43+00:00\",\"breadcrumb\":{\"@id\":\"https:\/\/potenciaradiofonicadominicana.com\/portal\/republica-dominicana-escala-al-tercer-lugar-del-power-ranking-de-fiba-rumbo-al-mundial-2027\/#breadcrumb\"},\"inLanguage\":\"es\",\"potentialAction\":[{\"@type\":\"ReadAction\",\"target\":[\"https:\/\/potenciaradiofonicadominicana.com\/portal\/republica-dominicana-escala-al-tercer-lugar-del-power-ranking-de-fiba-rumbo-al-mundial-2027\/\"]}]},{\"@type\":\"ImageObject\",\"inLanguage\":\"es\",\"@id\":\"https:\/\/potenciaradiofonicadominicana.com\/portal\/republica-dominicana-escala-al-tercer-lugar-del-power-ranking-de-fiba-rumbo-al-mundial-2027\/#primaryimage\",\"url\":\"https:\/\/potenciaradiofonicadominicana.com\/portal\/wp-content\/uploads\/2026\/09\/3f3b6d54bc39f4f5c45c4b333a0ce02258099e50w.jpg\",\"contentUrl\":\"https:\/\/potenciaradiofonicadominicana.com\/portal\/wp-content\/uploads\/2026\/09\/3f3b6d54bc39f4f5c45c4b333a0ce02258099e50w.jpg\",\"width\":1920,\"height\":1351,\"caption\":\"AME8042. MAR DEL PLATA (ARGENTINA), 26\/02\/2023.- Fotograf\u00eda cedida por Prensa de la Federaci\u00f3n Internacional de Baloncesto del equipo de Rep\u00fablica Dominicana, durante un partido por la clasificaci\u00f3n a la Copa Mundial de baloncesto, en el Polideportivo Islas Malvinas, en Mar del Plata (Argentina). EFE\/ Marcelo Endelli Prensa Federaci\u00f3n Internacional de Baloncesto\/ \/ SOLO USO EDITORIAL\/ SOLO DISPONIBLE PARA ILUSTRAR LA NOTICIA QUE ACOMPA\u00d1A (CR\u00c9DITO OBLIGATORIO)\"},{\"@type\":\"BreadcrumbList\",\"@id\":\"https:\/\/potenciaradiofonicadominicana.com\/portal\/republica-dominicana-escala-al-tercer-lugar-del-power-ranking-de-fiba-rumbo-al-mundial-2027\/#breadcrumb\",\"itemListElement\":[{\"@type\":\"ListItem\",\"position\":1,\"name\":\"Portada\",\"item\":\"https:\/\/potenciaradiofonicadominicana.com\/portal\/\"},{\"@type\":\"ListItem\",\"position\":2,\"name\":\"Rep\u00fablica Dominicana escala al tercer lugar del Power Ranking de FIBA rumbo al Mundial 2027\"}]},{\"@type\":\"WebSite\",\"@id\":\"https:\/\/potenciaradiofonicadominicana.com\/portal\/#website\",\"url\":\"https:\/\/potenciaradiofonicadominicana.com\/portal\/\",\"name\":\"PotenciaRadiofonicaDominicana.com\",\"description\":\"Peri\u00f3dico Digital\",\"publisher\":{\"@id\":\"https:\/\/potenciaradiofonicadominicana.com\/portal\/#organization\"},\"potentialAction\":[{\"@type\":\"SearchAction\",\"target\":{\"@type\":\"EntryPoint\",\"urlTemplate\":\"https:\/\/potenciaradiofonicadominicana.com\/portal\/?s={search_term_string}\"},\"query-input\":{\"@type\":\"PropertyValueSpecification\",\"valueRequired\":true,\"valueName\":\"search_term_string\"}}],\"inLanguage\":\"es\"},{\"@type\":\"Organization\",\"@id\":\"https:\/\/potenciaradiofonicadominicana.com\/portal\/#organization\",\"name\":\"PotenciaRadiofonicaDominicana.com\",\"url\":\"https:\/\/potenciaradiofonicadominicana.com\/portal\/\",\"logo\":{\"@type\":\"ImageObject\",\"inLanguage\":\"es\",\"@id\":\"https:\/\/potenciaradiofonicadominicana.com\/portal\/#\/schema\/logo\/image\/\",\"url\":\"https:\/\/potenciaradiofonicadominicana.com\/portal\/wp-content\/uploads\/2022\/01\/descarga.png\",\"contentUrl\":\"https:\/\/potenciaradiofonicadominicana.com\/portal\/wp-content\/uploads\/2022\/01\/descarga.png\",\"width\":300,\"height\":100,\"caption\":\"PotenciaRadiofonicaDominicana.com\"},\"image\":{\"@id\":\"https:\/\/potenciaradiofonicadominicana.com\/portal\/#\/schema\/logo\/image\/\"},\"sameAs\":[\"https:\/\/web.facebook.com\/PotenciaRadiofonicaD\"]},{\"@type\":\"Person\",\"@id\":\"https:\/\/potenciaradiofonicadominicana.com\/portal\/#\/schema\/person\/a5cf1fea13877803ee0573ac18b03490\",\"name\":\"Potencia Radiof\u00f3nica Dominicana\",\"image\":{\"@type\":\"ImageObject\",\"inLanguage\":\"es\",\"@id\":\"https:\/\/potenciaradiofonicadominicana.com\/portal\/#\/schema\/person\/image\/\",\"url\":\"https:\/\/secure.gravatar.com\/avatar\/42a55ab9e8ccc656ba34cd791990602a?s=96&d=mm&r=g\",\"contentUrl\":\"https:\/\/secure.gravatar.com\/avatar\/42a55ab9e8ccc656ba34cd791990602a?s=96&d=mm&r=g\",\"caption\":\"Potencia Radiof\u00f3nica Dominicana\"},\"url\":\"https:\/\/potenciaradiofonicadominicana.com\/portal\/author\/johannyalmanzar\/\"}]}<\/script>\n<!-- \/ Yoast SEO plugin. -->","yoast_head_json":{"title":"Rep\u00fablica Dominicana escala al tercer lugar del Power Ranking de FIBA rumbo al Mundial 2027 - PotenciaRadiofonicaDominicana.com","robots":{"index":"index","follow":"follow","max-snippet":"max-snippet:-1","max-image-preview":"max-image-preview:large","max-video-preview":"max-video-preview:-1"},"canonical":"https:\/\/potenciaradiofonicadominicana.com\/portal\/republica-dominicana-escala-al-tercer-lugar-del-power-ranking-de-fiba-rumbo-al-mundial-2027\/","og_locale":"es_ES","og_type":"article","og_title":"Rep\u00fablica Dominicana escala al tercer lugar del Power Ranking de FIBA rumbo al Mundial 2027 - PotenciaRadiofonicaDominicana.com","og_description":"&nbsp; \u00a0La selecci\u00f3n de baloncesto de Rep\u00fablica Dominicana fue colocada en el tercer lugar del Power Ranking de FIBA para ...","og_url":"https:\/\/potenciaradiofonicadominicana.com\/portal\/republica-dominicana-escala-al-tercer-lugar-del-power-ranking-de-fiba-rumbo-al-mundial-2027\/","og_site_name":"PotenciaRadiofonicaDominicana.com","article_publisher":"https:\/\/web.facebook.com\/PotenciaRadiofonicaD","article_published_time":"2026-09-04T02:25:43+00:00","og_image":[{"width":1920,"height":1351,"url":"https:\/\/potenciaradiofonicadominicana.com\/portal\/wp-content\/uploads\/2026\/09\/3f3b6d54bc39f4f5c45c4b333a0ce02258099e50w.jpg","type":"image\/jpeg"}],"author":"Potencia Radiof\u00f3nica Dominicana","twitter_card":"summary_large_image","twitter_misc":{"Escrito por":"Potencia Radiof\u00f3nica Dominicana","Tiempo de lectura":"4 minutos"},"schema":{"@context":"https:\/\/schema.org","@graph":[{"@type":"Article","@id":"https:\/\/potenciaradiofonicadominicana.com\/portal\/republica-dominicana-escala-al-tercer-lugar-del-power-ranking-de-fiba-rumbo-al-mundial-2027\/#article","isPartOf":{"@id":"https:\/\/potenciaradiofonicadominicana.com\/portal\/republica-dominicana-escala-al-tercer-lugar-del-power-ranking-de-fiba-rumbo-al-mundial-2027\/"},"author":{"name":"Potencia Radiof\u00f3nica Dominicana","@id":"https:\/\/potenciaradiofonicadominicana.com\/portal\/#\/schema\/person\/a5cf1fea13877803ee0573ac18b03490"},"headline":"Rep\u00fablica Dominicana escala al tercer lugar del Power Ranking de FIBA rumbo al Mundial 2027","datePublished":"2026-09-04T02:25:43+00:00","mainEntityOfPage":{"@id":"https:\/\/potenciaradiofonicadominicana.com\/portal\/republica-dominicana-escala-al-tercer-lugar-del-power-ranking-de-fiba-rumbo-al-mundial-2027\/"},"wordCount":660,"publisher":{"@id":"https:\/\/potenciaradiofonicadominicana.com\/portal\/#organization"},"image":{"@id":"https:\/\/potenciaradiofonicadominicana.com\/portal\/republica-dominicana-escala-al-tercer-lugar-del-power-ranking-de-fiba-rumbo-al-mundial-2027\/#primaryimage"},"thumbnailUrl":"https:\/\/potenciaradiofonicadominicana.com\/portal\/wp-content\/uploads\/2026\/09\/3f3b6d54bc39f4f5c45c4b333a0ce02258099e50w.jpg","articleSection":["Deportes"],"inLanguage":"es"},{"@type":"WebPage","@id":"https:\/\/potenciaradiofonicadominicana.com\/portal\/republica-dominicana-escala-al-tercer-lugar-del-power-ranking-de-fiba-rumbo-al-mundial-2027\/","url":"https:\/\/potenciaradiofonicadominicana.com\/portal\/republica-dominicana-escala-al-tercer-lugar-del-power-ranking-de-fiba-rumbo-al-mundial-2027\/","name":"Rep\u00fablica Dominicana escala al tercer lugar del Power Ranking de FIBA rumbo al Mundial 2027 - PotenciaRadiofonicaDominicana.com","isPartOf":{"@id":"https:\/\/potenciaradiofonicadominicana.com\/portal\/#website"},"primaryImageOfPage":{"@id":"https:\/\/potenciaradiofonicadominicana.com\/portal\/republica-dominicana-escala-al-tercer-lugar-del-power-ranking-de-fiba-rumbo-al-mundial-2027\/#primaryimage"},"image":{"@id":"https:\/\/potenciaradiofonicadominicana.com\/portal\/republica-dominicana-escala-al-tercer-lugar-del-power-ranking-de-fiba-rumbo-al-mundial-2027\/#primaryimage"},"thumbnailUrl":"https:\/\/potenciaradiofonicadominicana.com\/portal\/wp-content\/uploads\/2026\/09\/3f3b6d54bc39f4f5c45c4b333a0ce02258099e50w.jpg","datePublished":"2026-09-04T02:25:43+00:00","breadcrumb":{"@id":"https:\/\/potenciaradiofonicadominicana.com\/portal\/republica-dominicana-escala-al-tercer-lugar-del-power-ranking-de-fiba-rumbo-al-mundial-2027\/#breadcrumb"},"inLanguage":"es","potentialAction":[{"@type":"ReadAction","target":["https:\/\/potenciaradiofonicadominicana.com\/portal\/republica-dominicana-escala-al-tercer-lugar-del-power-ranking-de-fiba-rumbo-al-mundial-2027\/"]}]},{"@type":"ImageObject","inLanguage":"es","@id":"https:\/\/potenciaradiofonicadominicana.com\/portal\/republica-dominicana-escala-al-tercer-lugar-del-power-ranking-de-fiba-rumbo-al-mundial-2027\/#primaryimage","url":"https:\/\/potenciaradiofonicadominicana.com\/portal\/wp-content\/uploads\/2026\/09\/3f3b6d54bc39f4f5c45c4b333a0ce02258099e50w.jpg","contentUrl":"https:\/\/potenciaradiofonicadominicana.com\/portal\/wp-content\/uploads\/2026\/09\/3f3b6d54bc39f4f5c45c4b333a0ce02258099e50w.jpg","width":1920,"height":1351,"caption":"AME8042. MAR DEL PLATA (ARGENTINA), 26\/02\/2023.- Fotograf\u00eda cedida por Prensa de la Federaci\u00f3n Internacional de Baloncesto del equipo de Rep\u00fablica Dominicana, durante un partido por la clasificaci\u00f3n a la Copa Mundial de baloncesto, en el Polideportivo Islas Malvinas, en Mar del Plata (Argentina). EFE\/ Marcelo Endelli Prensa Federaci\u00f3n Internacional de Baloncesto\/ \/ SOLO USO EDITORIAL\/ SOLO DISPONIBLE PARA ILUSTRAR LA NOTICIA QUE ACOMPA\u00d1A (CR\u00c9DITO OBLIGATORIO)"},{"@type":"BreadcrumbList","@id":"https:\/\/potenciaradiofonicadominicana.com\/portal\/republica-dominicana-escala-al-tercer-lugar-del-power-ranking-de-fiba-rumbo-al-mundial-2027\/#breadcrumb","itemListElement":[{"@type":"ListItem","position":1,"name":"Portada","item":"https:\/\/potenciaradiofonicadominicana.com\/portal\/"},{"@type":"ListItem","position":2,"name":"Rep\u00fablica Dominicana escala al tercer lugar del Power Ranking de FIBA rumbo al Mundial 2027"}]},{"@type":"WebSite","@id":"https:\/\/potenciaradiofonicadominicana.com\/portal\/#website","url":"https:\/\/potenciaradiofonicadominicana.com\/portal\/","name":"PotenciaRadiofonicaDominicana.com","description":"Peri\u00f3dico Digital","publisher":{"@id":"https:\/\/potenciaradiofonicadominicana.com\/portal\/#organization"},"potentialAction":[{"@type":"SearchAction","target":{"@type":"EntryPoint","urlTemplate":"https:\/\/potenciaradiofonicadominicana.com\/portal\/?s={search_term_string}"},"query-input":{"@type":"PropertyValueSpecification","valueRequired":true,"valueName":"search_term_string"}}],"inLanguage":"es"},{"@type":"Organization","@id":"https:\/\/potenciaradiofonicadominicana.com\/portal\/#organization","name":"PotenciaRadiofonicaDominicana.com","url":"https:\/\/potenciaradiofonicadominicana.com\/portal\/","logo":{"@type":"ImageObject","inLanguage":"es","@id":"https:\/\/potenciaradiofonicadominicana.com\/portal\/#\/schema\/logo\/image\/","url":"https:\/\/potenciaradiofonicadominicana.com\/portal\/wp-content\/uploads\/2022\/01\/descarga.png","contentUrl":"https:\/\/potenciaradiofonicadominicana.com\/portal\/wp-content\/uploads\/2022\/01\/descarga.png","width":300,"height":100,"caption":"PotenciaRadiofonicaDominicana.com"},"image":{"@id":"https:\/\/potenciaradiofonicadominicana.com\/portal\/#\/schema\/logo\/image\/"},"sameAs":["https:\/\/web.facebook.com\/PotenciaRadiofonicaD"]},{"@type":"Person","@id":"https:\/\/potenciaradiofonicadominicana.com\/portal\/#\/schema\/person\/a5cf1fea13877803ee0573ac18b03490","name":"Potencia Radiof\u00f3nica Dominicana","image":{"@type":"ImageObject","inLanguage":"es","@id":"https:\/\/potenciaradiofonicadominicana.com\/portal\/#\/schema\/person\/image\/","url":"https:\/\/secure.gravatar.com\/avatar\/42a55ab9e8ccc656ba34cd791990602a?s=96&d=mm&r=g","contentUrl":"https:\/\/secure.gravatar.com\/avatar\/42a55ab9e8ccc656ba34cd791990602a?s=96&d=mm&r=g","caption":"Potencia Radiof\u00f3nica Dominicana"},"url":"https:\/\/potenciaradiofonicadominicana.com\/portal\/author\/johannyalmanzar\/"}]}},"_links":{"self":[{"href":"https:\/\/potenciaradiofonicadominicana.com\/portal\/wp-json\/wp\/v2\/posts\/225199","targetHints":{"allow":["GET"]}}],"collection":[{"href":"https:\/\/potenciaradiofonicadominicana.com\/portal\/wp-json\/wp\/v2\/posts"}],"about":[{"href":"https:\/\/potenciaradiofonicadominicana.com\/portal\/wp-json\/wp\/v2\/types\/post"}],"author":[{"embeddable":true,"href":"https:\/\/potenciaradiofonicadominicana.com\/portal\/wp-json\/wp\/v2\/users\/2"}],"replies":[{"embeddable":true,"href":"https:\/\/potenciaradiofonicadominicana.com\/portal\/wp-json\/wp\/v2\/comments?post=225199"}],"version-history":[{"count":1,"href":"https:\/\/potenciaradiofonicadominicana.com\/portal\/wp-json\/wp\/v2\/posts\/225199\/revisions"}],"predecessor-version":[{"id":225201,"href":"https:\/\/potenciaradiofonicadominicana.com\/portal\/wp-json\/wp\/v2\/posts\/225199\/revisions\/225201"}],"wp:featuredmedia":[{"embeddable":true,"href":"https:\/\/potenciaradiofonicadominicana.com\/portal\/wp-json\/wp\/v2\/media\/225200"}],"wp:attachment":[{"href":"https:\/\/potenciaradiofonicadominicana.com\/portal\/wp-json\/wp\/v2\/media?parent=225199"}],"wp:term":[{"taxonomy":"category","embeddable":true,"href":"https:\/\/potenciaradiofonicadominicana.com\/portal\/wp-json\/wp\/v2\/categories?post=225199"},{"taxonomy":"post_tag","embeddable":true,"href":"https:\/\/potenciaradiofonicadominicana.com\/portal\/wp-json\/wp\/v2\/tags?post=225199"}],"curies":[{"name":"wp","href":"https:\/\/api.w.org\/{rel}","templated":true}]}}