{"id":225193,"date":"2026-09-03T22:23:02","date_gmt":"2026-09-04T02:23:02","guid":{"rendered":"https:\/\/potenciaradiofonicadominicana.com\/portal\/?p=225193"},"modified":"2026-09-03T22:23:02","modified_gmt":"2026-09-04T02:23:02","slug":"estados-unidos-sigue-inmaculada-con-3-0-tras-derrotar-3-1-a-rd-en-copa-panam-u-23","status":"publish","type":"post","link":"https:\/\/potenciaradiofonicadominicana.com\/portal\/estados-unidos-sigue-inmaculada-con-3-0-tras-derrotar-3-1-a-rd-en-copa-panam-u-23\/","title":{"rendered":"Estados Unidos sigue inmaculada con 3-0 tras derrotar 3-1 a RD en Copa Panam U-23"},"content":{"rendered":"<p><a href=\"https:\/\/potenciaradiofonicadominicana.com\/portal\/wp-content\/uploads\/2026\/09\/USA-Tessa-Larkin-attacks2-scaled-1.jpg\"><img loading=\"lazy\" decoding=\"async\" class=\"alignnone size-full wp-image-225194\" src=\"https:\/\/potenciaradiofonicadominicana.com\/portal\/wp-content\/uploads\/2026\/09\/USA-Tessa-Larkin-attacks2-scaled-1.jpg\" alt=\"\" width=\"2560\" height=\"1707\" srcset=\"https:\/\/potenciaradiofonicadominicana.com\/portal\/wp-content\/uploads\/2026\/09\/USA-Tessa-Larkin-attacks2-scaled-1.jpg 2560w, https:\/\/potenciaradiofonicadominicana.com\/portal\/wp-content\/uploads\/2026\/09\/USA-Tessa-Larkin-attacks2-scaled-1-300x200.jpg 300w, https:\/\/potenciaradiofonicadominicana.com\/portal\/wp-content\/uploads\/2026\/09\/USA-Tessa-Larkin-attacks2-scaled-1-1024x683.jpg 1024w, https:\/\/potenciaradiofonicadominicana.com\/portal\/wp-content\/uploads\/2026\/09\/USA-Tessa-Larkin-attacks2-scaled-1-768x512.jpg 768w, https:\/\/potenciaradiofonicadominicana.com\/portal\/wp-content\/uploads\/2026\/09\/USA-Tessa-Larkin-attacks2-scaled-1-1536x1024.jpg 1536w, https:\/\/potenciaradiofonicadominicana.com\/portal\/wp-content\/uploads\/2026\/09\/USA-Tessa-Larkin-attacks2-scaled-1-2048x1366.jpg 2048w\" sizes=\"auto, (max-width: 2560px) 100vw, 2560px\" \/><\/a><\/p>\n<p>El conjunto de Estados Unidos mantuvo su invicto ayer al vencer 3-1 (21-25, 25-23., 25-22 y 25-23) a su similar de la Rep\u00fablica Dominicana en la continuaci\u00f3n de la Copa Panamericana de Voleibol Femenino en la categor\u00eda U-23, que se celebra en el polideportivo Alexis Arguello de aqu\u00ed.<\/p>\n<p>El sexteto dominicano se medir\u00e1 este viernes al combinado de Canad\u00e1 en juego programado para las 5:00 de la tarde hora dominicana. Ahora las muchachas de Estados Unidos tienen tres ganados sin derrotas, mientras que las Caribe\u00f1as tienen foja de dos triunfos y un fracaso.<\/p>\n<p>Las norteamericanas sortearon un mal momento cuando cayeron vencidas en el primer parcial 25-21 de las dominicanas que se apoyaron en un efectivo juego ofensivo de Katielle Alonzo, Alondra Tapia y Victoria Filpo.<\/p>\n<p>El ataque ofensivo de las triunfadoras fue encabezado por Tessa Larkin y Kendall Omoruyi con 21 puntos cada una y Megan Hudges aport\u00f3 13 tantos.<\/p>\n<p>Por la Rep\u00fablica Dominicana sobresalieron Victoria Filpo con 12 puntos, mientras que Katielle Alonzo y Alondra Tapia en una tarde discreta se fueron con 11 puntos cada una y Selany Puente aport\u00f3 siete unidades.<\/p>\n<p>En las estad\u00edsticas del juego, Estados Unidos domin\u00f3 en ataque 51-37 y en bloqueos 18-8.<\/p>\n<p>El encuentro fue bien re\u00f1ido de principio a fin, ya que en muchas ocasiones el marcador de cambi\u00f3 de manos. Se pudo observar que el ataque de las norteamericanas luci\u00f3 m\u00e1s fluido, por las esquinas y en zaguero.<\/p>\n<p>Una parte importante que les funcion\u00f3 a Estados Unidos fue el bloqueo cuando doblegaron en algunos momentos a Alondra y a Katielle.<\/p>\n<p>Las ganadoras barrieron en los tres sets consecutivos a sus rivales, quienes en el cuarto set, arrancaron delante en el marcador 5-0, pero no pudieron mantener la ventaja. En ocasiones, malos recibos y acomodadas muy lejos de la malla impidieron que las atacantes pudieran pasar la bola con efectividad.<\/p>\n<p>En el cuarto, Kendall Omoruyi con el marcador 22-20 encabez\u00f3 un rally de 3-0 a favor de Estados Unidos para cerrar el juego.<\/p>\n","protected":false},"excerpt":{"rendered":"<p>El conjunto de Estados Unidos mantuvo su invicto ayer al vencer 3-1 (21-25, 25-23., 25-22 y 25-23) a su similar &#8230;<\/p>\n","protected":false},"author":2,"featured_media":225194,"comment_status":"closed","ping_status":"closed","sticky":false,"template":"","format":"standard","meta":{"footnotes":""},"categories":[28],"tags":[],"class_list":["post-225193","post","type-post","status-publish","format-standard","has-post-thumbnail","hentry","category-deportes"],"yoast_head":"<!-- This site is optimized with the Yoast SEO plugin v24.8.1 - https:\/\/yoast.com\/wordpress\/plugins\/seo\/ -->\n<title>Estados Unidos sigue inmaculada con 3-0 tras derrotar 3-1 a RD en Copa Panam U-23 - PotenciaRadiofonicaDominicana.com<\/title>\n<meta name=\"robots\" content=\"index, follow, max-snippet:-1, max-image-preview:large, max-video-preview:-1\" \/>\n<link rel=\"canonical\" href=\"https:\/\/potenciaradiofonicadominicana.com\/portal\/estados-unidos-sigue-inmaculada-con-3-0-tras-derrotar-3-1-a-rd-en-copa-panam-u-23\/\" \/>\n<meta property=\"og:locale\" content=\"es_ES\" \/>\n<meta property=\"og:type\" content=\"article\" \/>\n<meta property=\"og:title\" content=\"Estados Unidos sigue inmaculada con 3-0 tras derrotar 3-1 a RD en Copa Panam U-23 - PotenciaRadiofonicaDominicana.com\" \/>\n<meta property=\"og:description\" content=\"El conjunto de Estados Unidos mantuvo su invicto ayer al vencer 3-1 (21-25, 25-23., 25-22 y 25-23) a su similar ...\" \/>\n<meta property=\"og:url\" content=\"https:\/\/potenciaradiofonicadominicana.com\/portal\/estados-unidos-sigue-inmaculada-con-3-0-tras-derrotar-3-1-a-rd-en-copa-panam-u-23\/\" \/>\n<meta property=\"og:site_name\" content=\"PotenciaRadiofonicaDominicana.com\" \/>\n<meta property=\"article:publisher\" content=\"https:\/\/web.facebook.com\/PotenciaRadiofonicaD\" \/>\n<meta property=\"article:published_time\" content=\"2026-09-04T02:23:02+00:00\" \/>\n<meta property=\"og:image\" content=\"https:\/\/potenciaradiofonicadominicana.com\/portal\/wp-content\/uploads\/2026\/09\/USA-Tessa-Larkin-attacks2-scaled-1.jpg\" \/>\n\t<meta property=\"og:image:width\" content=\"2560\" \/>\n\t<meta property=\"og:image:height\" content=\"1707\" \/>\n\t<meta property=\"og:image:type\" content=\"image\/jpeg\" \/>\n<meta name=\"author\" content=\"Potencia Radiof\u00f3nica Dominicana\" \/>\n<meta name=\"twitter:card\" content=\"summary_large_image\" \/>\n<meta name=\"twitter:label1\" content=\"Escrito por\" \/>\n\t<meta name=\"twitter:data1\" content=\"Potencia Radiof\u00f3nica Dominicana\" \/>\n\t<meta name=\"twitter:label2\" content=\"Tiempo de lectura\" \/>\n\t<meta name=\"twitter:data2\" content=\"2 minutos\" \/>\n<script type=\"application\/ld+json\" class=\"yoast-schema-graph\">{\"@context\":\"https:\/\/schema.org\",\"@graph\":[{\"@type\":\"Article\",\"@id\":\"https:\/\/potenciaradiofonicadominicana.com\/portal\/estados-unidos-sigue-inmaculada-con-3-0-tras-derrotar-3-1-a-rd-en-copa-panam-u-23\/#article\",\"isPartOf\":{\"@id\":\"https:\/\/potenciaradiofonicadominicana.com\/portal\/estados-unidos-sigue-inmaculada-con-3-0-tras-derrotar-3-1-a-rd-en-copa-panam-u-23\/\"},\"author\":{\"name\":\"Potencia Radiof\u00f3nica Dominicana\",\"@id\":\"https:\/\/potenciaradiofonicadominicana.com\/portal\/#\/schema\/person\/a5cf1fea13877803ee0573ac18b03490\"},\"headline\":\"Estados Unidos sigue inmaculada con 3-0 tras derrotar 3-1 a RD en Copa Panam U-23\",\"datePublished\":\"2026-09-04T02:23:02+00:00\",\"mainEntityOfPage\":{\"@id\":\"https:\/\/potenciaradiofonicadominicana.com\/portal\/estados-unidos-sigue-inmaculada-con-3-0-tras-derrotar-3-1-a-rd-en-copa-panam-u-23\/\"},\"wordCount\":350,\"publisher\":{\"@id\":\"https:\/\/potenciaradiofonicadominicana.com\/portal\/#organization\"},\"image\":{\"@id\":\"https:\/\/potenciaradiofonicadominicana.com\/portal\/estados-unidos-sigue-inmaculada-con-3-0-tras-derrotar-3-1-a-rd-en-copa-panam-u-23\/#primaryimage\"},\"thumbnailUrl\":\"https:\/\/potenciaradiofonicadominicana.com\/portal\/wp-content\/uploads\/2026\/09\/USA-Tessa-Larkin-attacks2-scaled-1.jpg\",\"articleSection\":[\"Deportes\"],\"inLanguage\":\"es\"},{\"@type\":\"WebPage\",\"@id\":\"https:\/\/potenciaradiofonicadominicana.com\/portal\/estados-unidos-sigue-inmaculada-con-3-0-tras-derrotar-3-1-a-rd-en-copa-panam-u-23\/\",\"url\":\"https:\/\/potenciaradiofonicadominicana.com\/portal\/estados-unidos-sigue-inmaculada-con-3-0-tras-derrotar-3-1-a-rd-en-copa-panam-u-23\/\",\"name\":\"Estados Unidos sigue inmaculada con 3-0 tras derrotar 3-1 a RD en Copa Panam U-23 - PotenciaRadiofonicaDominicana.com\",\"isPartOf\":{\"@id\":\"https:\/\/potenciaradiofonicadominicana.com\/portal\/#website\"},\"primaryImageOfPage\":{\"@id\":\"https:\/\/potenciaradiofonicadominicana.com\/portal\/estados-unidos-sigue-inmaculada-con-3-0-tras-derrotar-3-1-a-rd-en-copa-panam-u-23\/#primaryimage\"},\"image\":{\"@id\":\"https:\/\/potenciaradiofonicadominicana.com\/portal\/estados-unidos-sigue-inmaculada-con-3-0-tras-derrotar-3-1-a-rd-en-copa-panam-u-23\/#primaryimage\"},\"thumbnailUrl\":\"https:\/\/potenciaradiofonicadominicana.com\/portal\/wp-content\/uploads\/2026\/09\/USA-Tessa-Larkin-attacks2-scaled-1.jpg\",\"datePublished\":\"2026-09-04T02:23:02+00:00\",\"breadcrumb\":{\"@id\":\"https:\/\/potenciaradiofonicadominicana.com\/portal\/estados-unidos-sigue-inmaculada-con-3-0-tras-derrotar-3-1-a-rd-en-copa-panam-u-23\/#breadcrumb\"},\"inLanguage\":\"es\",\"potentialAction\":[{\"@type\":\"ReadAction\",\"target\":[\"https:\/\/potenciaradiofonicadominicana.com\/portal\/estados-unidos-sigue-inmaculada-con-3-0-tras-derrotar-3-1-a-rd-en-copa-panam-u-23\/\"]}]},{\"@type\":\"ImageObject\",\"inLanguage\":\"es\",\"@id\":\"https:\/\/potenciaradiofonicadominicana.com\/portal\/estados-unidos-sigue-inmaculada-con-3-0-tras-derrotar-3-1-a-rd-en-copa-panam-u-23\/#primaryimage\",\"url\":\"https:\/\/potenciaradiofonicadominicana.com\/portal\/wp-content\/uploads\/2026\/09\/USA-Tessa-Larkin-attacks2-scaled-1.jpg\",\"contentUrl\":\"https:\/\/potenciaradiofonicadominicana.com\/portal\/wp-content\/uploads\/2026\/09\/USA-Tessa-Larkin-attacks2-scaled-1.jpg\",\"width\":2560,\"height\":1707},{\"@type\":\"BreadcrumbList\",\"@id\":\"https:\/\/potenciaradiofonicadominicana.com\/portal\/estados-unidos-sigue-inmaculada-con-3-0-tras-derrotar-3-1-a-rd-en-copa-panam-u-23\/#breadcrumb\",\"itemListElement\":[{\"@type\":\"ListItem\",\"position\":1,\"name\":\"Portada\",\"item\":\"https:\/\/potenciaradiofonicadominicana.com\/portal\/\"},{\"@type\":\"ListItem\",\"position\":2,\"name\":\"Estados Unidos sigue inmaculada con 3-0 tras derrotar 3-1 a RD en Copa Panam U-23\"}]},{\"@type\":\"WebSite\",\"@id\":\"https:\/\/potenciaradiofonicadominicana.com\/portal\/#website\",\"url\":\"https:\/\/potenciaradiofonicadominicana.com\/portal\/\",\"name\":\"PotenciaRadiofonicaDominicana.com\",\"description\":\"Peri\u00f3dico Digital\",\"publisher\":{\"@id\":\"https:\/\/potenciaradiofonicadominicana.com\/portal\/#organization\"},\"potentialAction\":[{\"@type\":\"SearchAction\",\"target\":{\"@type\":\"EntryPoint\",\"urlTemplate\":\"https:\/\/potenciaradiofonicadominicana.com\/portal\/?s={search_term_string}\"},\"query-input\":{\"@type\":\"PropertyValueSpecification\",\"valueRequired\":true,\"valueName\":\"search_term_string\"}}],\"inLanguage\":\"es\"},{\"@type\":\"Organization\",\"@id\":\"https:\/\/potenciaradiofonicadominicana.com\/portal\/#organization\",\"name\":\"PotenciaRadiofonicaDominicana.com\",\"url\":\"https:\/\/potenciaradiofonicadominicana.com\/portal\/\",\"logo\":{\"@type\":\"ImageObject\",\"inLanguage\":\"es\",\"@id\":\"https:\/\/potenciaradiofonicadominicana.com\/portal\/#\/schema\/logo\/image\/\",\"url\":\"https:\/\/potenciaradiofonicadominicana.com\/portal\/wp-content\/uploads\/2022\/01\/descarga.png\",\"contentUrl\":\"https:\/\/potenciaradiofonicadominicana.com\/portal\/wp-content\/uploads\/2022\/01\/descarga.png\",\"width\":300,\"height\":100,\"caption\":\"PotenciaRadiofonicaDominicana.com\"},\"image\":{\"@id\":\"https:\/\/potenciaradiofonicadominicana.com\/portal\/#\/schema\/logo\/image\/\"},\"sameAs\":[\"https:\/\/web.facebook.com\/PotenciaRadiofonicaD\"]},{\"@type\":\"Person\",\"@id\":\"https:\/\/potenciaradiofonicadominicana.com\/portal\/#\/schema\/person\/a5cf1fea13877803ee0573ac18b03490\",\"name\":\"Potencia Radiof\u00f3nica Dominicana\",\"image\":{\"@type\":\"ImageObject\",\"inLanguage\":\"es\",\"@id\":\"https:\/\/potenciaradiofonicadominicana.com\/portal\/#\/schema\/person\/image\/\",\"url\":\"https:\/\/secure.gravatar.com\/avatar\/42a55ab9e8ccc656ba34cd791990602a?s=96&d=mm&r=g\",\"contentUrl\":\"https:\/\/secure.gravatar.com\/avatar\/42a55ab9e8ccc656ba34cd791990602a?s=96&d=mm&r=g\",\"caption\":\"Potencia Radiof\u00f3nica Dominicana\"},\"url\":\"https:\/\/potenciaradiofonicadominicana.com\/portal\/author\/johannyalmanzar\/\"}]}<\/script>\n<!-- \/ Yoast SEO plugin. -->","yoast_head_json":{"title":"Estados Unidos sigue inmaculada con 3-0 tras derrotar 3-1 a RD en Copa Panam U-23 - PotenciaRadiofonicaDominicana.com","robots":{"index":"index","follow":"follow","max-snippet":"max-snippet:-1","max-image-preview":"max-image-preview:large","max-video-preview":"max-video-preview:-1"},"canonical":"https:\/\/potenciaradiofonicadominicana.com\/portal\/estados-unidos-sigue-inmaculada-con-3-0-tras-derrotar-3-1-a-rd-en-copa-panam-u-23\/","og_locale":"es_ES","og_type":"article","og_title":"Estados Unidos sigue inmaculada con 3-0 tras derrotar 3-1 a RD en Copa Panam U-23 - PotenciaRadiofonicaDominicana.com","og_description":"El conjunto de Estados Unidos mantuvo su invicto ayer al vencer 3-1 (21-25, 25-23., 25-22 y 25-23) a su similar ...","og_url":"https:\/\/potenciaradiofonicadominicana.com\/portal\/estados-unidos-sigue-inmaculada-con-3-0-tras-derrotar-3-1-a-rd-en-copa-panam-u-23\/","og_site_name":"PotenciaRadiofonicaDominicana.com","article_publisher":"https:\/\/web.facebook.com\/PotenciaRadiofonicaD","article_published_time":"2026-09-04T02:23:02+00:00","og_image":[{"width":2560,"height":1707,"url":"https:\/\/potenciaradiofonicadominicana.com\/portal\/wp-content\/uploads\/2026\/09\/USA-Tessa-Larkin-attacks2-scaled-1.jpg","type":"image\/jpeg"}],"author":"Potencia Radiof\u00f3nica Dominicana","twitter_card":"summary_large_image","twitter_misc":{"Escrito por":"Potencia Radiof\u00f3nica Dominicana","Tiempo de lectura":"2 minutos"},"schema":{"@context":"https:\/\/schema.org","@graph":[{"@type":"Article","@id":"https:\/\/potenciaradiofonicadominicana.com\/portal\/estados-unidos-sigue-inmaculada-con-3-0-tras-derrotar-3-1-a-rd-en-copa-panam-u-23\/#article","isPartOf":{"@id":"https:\/\/potenciaradiofonicadominicana.com\/portal\/estados-unidos-sigue-inmaculada-con-3-0-tras-derrotar-3-1-a-rd-en-copa-panam-u-23\/"},"author":{"name":"Potencia Radiof\u00f3nica Dominicana","@id":"https:\/\/potenciaradiofonicadominicana.com\/portal\/#\/schema\/person\/a5cf1fea13877803ee0573ac18b03490"},"headline":"Estados Unidos sigue inmaculada con 3-0 tras derrotar 3-1 a RD en Copa Panam U-23","datePublished":"2026-09-04T02:23:02+00:00","mainEntityOfPage":{"@id":"https:\/\/potenciaradiofonicadominicana.com\/portal\/estados-unidos-sigue-inmaculada-con-3-0-tras-derrotar-3-1-a-rd-en-copa-panam-u-23\/"},"wordCount":350,"publisher":{"@id":"https:\/\/potenciaradiofonicadominicana.com\/portal\/#organization"},"image":{"@id":"https:\/\/potenciaradiofonicadominicana.com\/portal\/estados-unidos-sigue-inmaculada-con-3-0-tras-derrotar-3-1-a-rd-en-copa-panam-u-23\/#primaryimage"},"thumbnailUrl":"https:\/\/potenciaradiofonicadominicana.com\/portal\/wp-content\/uploads\/2026\/09\/USA-Tessa-Larkin-attacks2-scaled-1.jpg","articleSection":["Deportes"],"inLanguage":"es"},{"@type":"WebPage","@id":"https:\/\/potenciaradiofonicadominicana.com\/portal\/estados-unidos-sigue-inmaculada-con-3-0-tras-derrotar-3-1-a-rd-en-copa-panam-u-23\/","url":"https:\/\/potenciaradiofonicadominicana.com\/portal\/estados-unidos-sigue-inmaculada-con-3-0-tras-derrotar-3-1-a-rd-en-copa-panam-u-23\/","name":"Estados Unidos sigue inmaculada con 3-0 tras derrotar 3-1 a RD en Copa Panam U-23 - PotenciaRadiofonicaDominicana.com","isPartOf":{"@id":"https:\/\/potenciaradiofonicadominicana.com\/portal\/#website"},"primaryImageOfPage":{"@id":"https:\/\/potenciaradiofonicadominicana.com\/portal\/estados-unidos-sigue-inmaculada-con-3-0-tras-derrotar-3-1-a-rd-en-copa-panam-u-23\/#primaryimage"},"image":{"@id":"https:\/\/potenciaradiofonicadominicana.com\/portal\/estados-unidos-sigue-inmaculada-con-3-0-tras-derrotar-3-1-a-rd-en-copa-panam-u-23\/#primaryimage"},"thumbnailUrl":"https:\/\/potenciaradiofonicadominicana.com\/portal\/wp-content\/uploads\/2026\/09\/USA-Tessa-Larkin-attacks2-scaled-1.jpg","datePublished":"2026-09-04T02:23:02+00:00","breadcrumb":{"@id":"https:\/\/potenciaradiofonicadominicana.com\/portal\/estados-unidos-sigue-inmaculada-con-3-0-tras-derrotar-3-1-a-rd-en-copa-panam-u-23\/#breadcrumb"},"inLanguage":"es","potentialAction":[{"@type":"ReadAction","target":["https:\/\/potenciaradiofonicadominicana.com\/portal\/estados-unidos-sigue-inmaculada-con-3-0-tras-derrotar-3-1-a-rd-en-copa-panam-u-23\/"]}]},{"@type":"ImageObject","inLanguage":"es","@id":"https:\/\/potenciaradiofonicadominicana.com\/portal\/estados-unidos-sigue-inmaculada-con-3-0-tras-derrotar-3-1-a-rd-en-copa-panam-u-23\/#primaryimage","url":"https:\/\/potenciaradiofonicadominicana.com\/portal\/wp-content\/uploads\/2026\/09\/USA-Tessa-Larkin-attacks2-scaled-1.jpg","contentUrl":"https:\/\/potenciaradiofonicadominicana.com\/portal\/wp-content\/uploads\/2026\/09\/USA-Tessa-Larkin-attacks2-scaled-1.jpg","width":2560,"height":1707},{"@type":"BreadcrumbList","@id":"https:\/\/potenciaradiofonicadominicana.com\/portal\/estados-unidos-sigue-inmaculada-con-3-0-tras-derrotar-3-1-a-rd-en-copa-panam-u-23\/#breadcrumb","itemListElement":[{"@type":"ListItem","position":1,"name":"Portada","item":"https:\/\/potenciaradiofonicadominicana.com\/portal\/"},{"@type":"ListItem","position":2,"name":"Estados Unidos sigue inmaculada con 3-0 tras derrotar 3-1 a RD en Copa Panam U-23"}]},{"@type":"WebSite","@id":"https:\/\/potenciaradiofonicadominicana.com\/portal\/#website","url":"https:\/\/potenciaradiofonicadominicana.com\/portal\/","name":"PotenciaRadiofonicaDominicana.com","description":"Peri\u00f3dico Digital","publisher":{"@id":"https:\/\/potenciaradiofonicadominicana.com\/portal\/#organization"},"potentialAction":[{"@type":"SearchAction","target":{"@type":"EntryPoint","urlTemplate":"https:\/\/potenciaradiofonicadominicana.com\/portal\/?s={search_term_string}"},"query-input":{"@type":"PropertyValueSpecification","valueRequired":true,"valueName":"search_term_string"}}],"inLanguage":"es"},{"@type":"Organization","@id":"https:\/\/potenciaradiofonicadominicana.com\/portal\/#organization","name":"PotenciaRadiofonicaDominicana.com","url":"https:\/\/potenciaradiofonicadominicana.com\/portal\/","logo":{"@type":"ImageObject","inLanguage":"es","@id":"https:\/\/potenciaradiofonicadominicana.com\/portal\/#\/schema\/logo\/image\/","url":"https:\/\/potenciaradiofonicadominicana.com\/portal\/wp-content\/uploads\/2022\/01\/descarga.png","contentUrl":"https:\/\/potenciaradiofonicadominicana.com\/portal\/wp-content\/uploads\/2022\/01\/descarga.png","width":300,"height":100,"caption":"PotenciaRadiofonicaDominicana.com"},"image":{"@id":"https:\/\/potenciaradiofonicadominicana.com\/portal\/#\/schema\/logo\/image\/"},"sameAs":["https:\/\/web.facebook.com\/PotenciaRadiofonicaD"]},{"@type":"Person","@id":"https:\/\/potenciaradiofonicadominicana.com\/portal\/#\/schema\/person\/a5cf1fea13877803ee0573ac18b03490","name":"Potencia Radiof\u00f3nica Dominicana","image":{"@type":"ImageObject","inLanguage":"es","@id":"https:\/\/potenciaradiofonicadominicana.com\/portal\/#\/schema\/person\/image\/","url":"https:\/\/secure.gravatar.com\/avatar\/42a55ab9e8ccc656ba34cd791990602a?s=96&d=mm&r=g","contentUrl":"https:\/\/secure.gravatar.com\/avatar\/42a55ab9e8ccc656ba34cd791990602a?s=96&d=mm&r=g","caption":"Potencia Radiof\u00f3nica Dominicana"},"url":"https:\/\/potenciaradiofonicadominicana.com\/portal\/author\/johannyalmanzar\/"}]}},"_links":{"self":[{"href":"https:\/\/potenciaradiofonicadominicana.com\/portal\/wp-json\/wp\/v2\/posts\/225193","targetHints":{"allow":["GET"]}}],"collection":[{"href":"https:\/\/potenciaradiofonicadominicana.com\/portal\/wp-json\/wp\/v2\/posts"}],"about":[{"href":"https:\/\/potenciaradiofonicadominicana.com\/portal\/wp-json\/wp\/v2\/types\/post"}],"author":[{"embeddable":true,"href":"https:\/\/potenciaradiofonicadominicana.com\/portal\/wp-json\/wp\/v2\/users\/2"}],"replies":[{"embeddable":true,"href":"https:\/\/potenciaradiofonicadominicana.com\/portal\/wp-json\/wp\/v2\/comments?post=225193"}],"version-history":[{"count":1,"href":"https:\/\/potenciaradiofonicadominicana.com\/portal\/wp-json\/wp\/v2\/posts\/225193\/revisions"}],"predecessor-version":[{"id":225195,"href":"https:\/\/potenciaradiofonicadominicana.com\/portal\/wp-json\/wp\/v2\/posts\/225193\/revisions\/225195"}],"wp:featuredmedia":[{"embeddable":true,"href":"https:\/\/potenciaradiofonicadominicana.com\/portal\/wp-json\/wp\/v2\/media\/225194"}],"wp:attachment":[{"href":"https:\/\/potenciaradiofonicadominicana.com\/portal\/wp-json\/wp\/v2\/media?parent=225193"}],"wp:term":[{"taxonomy":"category","embeddable":true,"href":"https:\/\/potenciaradiofonicadominicana.com\/portal\/wp-json\/wp\/v2\/categories?post=225193"},{"taxonomy":"post_tag","embeddable":true,"href":"https:\/\/potenciaradiofonicadominicana.com\/portal\/wp-json\/wp\/v2\/tags?post=225193"}],"curies":[{"name":"wp","href":"https:\/\/api.w.org\/{rel}","templated":true}]}}