{"id":225175,"date":"2026-09-03T22:06:45","date_gmt":"2026-09-04T02:06:45","guid":{"rendered":"https:\/\/potenciaradiofonicadominicana.com\/portal\/?p=225175"},"modified":"2026-09-03T22:06:45","modified_gmt":"2026-09-04T02:06:45","slug":"control-mental-en-corea-del-sur-ejercido-desde-estados-unidos","status":"publish","type":"post","link":"https:\/\/potenciaradiofonicadominicana.com\/portal\/control-mental-en-corea-del-sur-ejercido-desde-estados-unidos\/","title":{"rendered":"Control mental en Corea del Sur ejercido desde Estados Unidos"},"content":{"rendered":"<p><a href=\"https:\/\/potenciaradiofonicadominicana.com\/portal\/wp-content\/uploads\/2026\/09\/6045_control-mental-en-corea-del-sur.jpg\"><img loading=\"lazy\" decoding=\"async\" class=\"alignnone size-full wp-image-225176\" src=\"https:\/\/potenciaradiofonicadominicana.com\/portal\/wp-content\/uploads\/2026\/09\/6045_control-mental-en-corea-del-sur.jpg\" alt=\"\" width=\"670\" height=\"509\" srcset=\"https:\/\/potenciaradiofonicadominicana.com\/portal\/wp-content\/uploads\/2026\/09\/6045_control-mental-en-corea-del-sur.jpg 670w, https:\/\/potenciaradiofonicadominicana.com\/portal\/wp-content\/uploads\/2026\/09\/6045_control-mental-en-corea-del-sur-300x228.jpg 300w\" sizes=\"auto, (max-width: 670px) 100vw, 670px\" \/><\/a><\/p>\n<p>En un experimento tan fascinante para un sector del p\u00fablico como inquietante para otro sector, un cient\u00edfico desde Chicago en Estados Unidos ha conseguido, a trav\u00e9s de internet, controlar un implante cerebral en Daejeon, Corea del Sur. El implante en s\u00ed es inal\u00e1mbrico y puede suministrar f\u00e1rmacos y usar luz mediante receptores optogen\u00e9ticos para influir en grupos espec\u00edficos de neuronas desde cualquier parte del mundo.<\/p>\n<p>&nbsp;<\/p>\n<p>El prop\u00f3sito de esta tecnolog\u00eda no es controlar personas a distancia en contra de su voluntad sino facilitar la investigaci\u00f3n de trastornos cerebrales permitiendo a cient\u00edficos realizar a distancia experimentos de larga duraci\u00f3n en animales de laboratorio desde cualquier rinc\u00f3n del mundo, sin necesidad de crear su propio laboratorio ni de tener que mudarse cerca de uno ni tener que desplazarse hasta \u00e9l cada d\u00eda.<\/p>\n<p>&nbsp;<\/p>\n<p>Este avance cient\u00edfico y tecnol\u00f3gico es obra de un equipo integrado, entre otros, por Eun Young Jeong y Jae-Woong Jeong, del Instituto Avanzado de Ciencia y Tecnolog\u00eda de Corea del Sur (KAIST), Wha Young Kim de la Universidad Yonsei en Corea del Sur, y Choong Yeon Kim, del Instituto Querrey Simpson de Bioelectr\u00f3nica, dependiente de la Universidad del Noroeste, en Evanston, Illinois, Estados Unidos.<\/p>\n<p>&nbsp;<\/p>\n<p>El implante creado por este equipo re\u00fane, en un mismo y diminuto dispositivo, suministro de f\u00e1rmacos, estimulaci\u00f3n optogen\u00e9tica, comunicaci\u00f3n inal\u00e1mbrica y control v\u00eda internet.<\/p>\n<div class=\"imagefooterprint\"><\/div>\n<p>Recreaci\u00f3n art\u00edstica del uso del implante. (Imagen: KAIST)<\/p>\n<p>&nbsp;<\/p>\n<p>Los estudios convencionales en los que se act\u00faa sobre cerebros mediante estimulaci\u00f3n optogen\u00e9tica o suministro de f\u00e1rmacos a menudo requieren equipos voluminosos conectados por cables, lo que restringe el movimiento natural de los animales de experimentaci\u00f3n. Incluso los dispositivos inal\u00e1mbricos tienen sus propias limitaciones, ya que a menudo obligan a los investigadores a controlarlos desde corta distancia, lo que restringe la flexibilidad experimental e introduce el llamado \u00abefecto observador\u00bb.<\/p>\n<p>&nbsp;<\/p>\n<p>Para superar estas limitaciones, el equipo de investigaci\u00f3n desarroll\u00f3 el implante cerebral con un grado de conectividad propio de la Internet de las Cosas. Incluso sin estar f\u00edsicamente presentes en el laboratorio, los investigadores pueden administrar f\u00e1rmacos de forma remota o estimular neuronas cerebrales espec\u00edficas con luz en tiempo real, todo ello a trav\u00e9s de internet. El dispositivo tambi\u00e9n se puede programar para que funcione autom\u00e1ticamente a una hora preestablecida.<\/p>\n<p>&nbsp;<\/p>\n<p>El implante contiene un sistema microflu\u00eddico que administra f\u00e1rmacos con precisi\u00f3n a una regi\u00f3n espec\u00edfica del cerebro, as\u00ed como un microLED que permite el control optogen\u00e9tico de neuronas espec\u00edficas. La administraci\u00f3n de f\u00e1rmacos y la estimulaci\u00f3n lum\u00ednica se pueden controlar de forma independiente o conjunta.<\/p>\n<p>&nbsp;<\/p>\n<p>El dep\u00f3sito para f\u00e1rmacos est\u00e1 dise\u00f1ado para que cuando se quede vac\u00edo los investigadores puedan reemplazarlo o rellenarlo sin necesidad de una cirug\u00eda de implantaci\u00f3n adicional, lo que permite realizar experimentos de larga duraci\u00f3n sin interrupciones problem\u00e1ticas.<\/p>\n<p>&nbsp;<\/p>\n<p>El equipo de investigaci\u00f3n implant\u00f3 el dispositivo en ratas y verific\u00f3 su funcionamiento durante un per\u00edodo de cuatro semanas. En particular, un investigador manej\u00f3 con \u00e9xito, desde Chicago, el implante cerebral que estaba ubicado en Daejeon. Lo hizo en tiempo real a trav\u00e9s de internet, demostrando que el dispositivo puede funcionar de forma fiable a distancias intercontinentales.<\/p>\n<p>&nbsp;<\/p>\n<p>El equipo expone los detalles t\u00e9cnicos del nuevo sistema de control cerebral en la revista acad\u00e9mica Science Advances, bajo el t\u00edtulo \u201cIoT-enabled wireless neural implant for chronic, programmable neuropharmacology and optogenetics\u201d. (Fuente:\u00a0<a href=\"https:\/\/noticiasdelaciencia.com\/\">NCYT de Amazings<\/a>)<\/p>\n","protected":false},"excerpt":{"rendered":"<p>En un experimento tan fascinante para un sector del p\u00fablico como inquietante para otro sector, un cient\u00edfico desde Chicago en &#8230;<\/p>\n","protected":false},"author":2,"featured_media":225176,"comment_status":"closed","ping_status":"closed","sticky":false,"template":"","format":"standard","meta":{"footnotes":""},"categories":[14],"tags":[],"class_list":["post-225175","post","type-post","status-publish","format-standard","has-post-thumbnail","hentry","category-ciencia-y-tecnologia"],"yoast_head":"<!-- This site is optimized with the Yoast SEO plugin v24.8.1 - https:\/\/yoast.com\/wordpress\/plugins\/seo\/ -->\n<title>Control mental en Corea del Sur ejercido desde Estados Unidos - PotenciaRadiofonicaDominicana.com<\/title>\n<meta name=\"robots\" content=\"index, follow, max-snippet:-1, max-image-preview:large, max-video-preview:-1\" \/>\n<link rel=\"canonical\" href=\"https:\/\/potenciaradiofonicadominicana.com\/portal\/control-mental-en-corea-del-sur-ejercido-desde-estados-unidos\/\" \/>\n<meta property=\"og:locale\" content=\"es_ES\" \/>\n<meta property=\"og:type\" content=\"article\" \/>\n<meta property=\"og:title\" content=\"Control mental en Corea del Sur ejercido desde Estados Unidos - PotenciaRadiofonicaDominicana.com\" \/>\n<meta property=\"og:description\" content=\"En un experimento tan fascinante para un sector del p\u00fablico como inquietante para otro sector, un cient\u00edfico desde Chicago en ...\" \/>\n<meta property=\"og:url\" content=\"https:\/\/potenciaradiofonicadominicana.com\/portal\/control-mental-en-corea-del-sur-ejercido-desde-estados-unidos\/\" \/>\n<meta property=\"og:site_name\" content=\"PotenciaRadiofonicaDominicana.com\" \/>\n<meta property=\"article:publisher\" content=\"https:\/\/web.facebook.com\/PotenciaRadiofonicaD\" \/>\n<meta property=\"article:published_time\" content=\"2026-09-04T02:06:45+00:00\" \/>\n<meta property=\"og:image\" content=\"https:\/\/potenciaradiofonicadominicana.com\/portal\/wp-content\/uploads\/2026\/09\/6045_control-mental-en-corea-del-sur.jpg\" \/>\n\t<meta property=\"og:image:width\" content=\"670\" \/>\n\t<meta property=\"og:image:height\" content=\"509\" \/>\n\t<meta property=\"og:image:type\" content=\"image\/jpeg\" \/>\n<meta name=\"author\" content=\"Potencia Radiof\u00f3nica Dominicana\" \/>\n<meta name=\"twitter:card\" content=\"summary_large_image\" \/>\n<meta name=\"twitter:label1\" content=\"Escrito por\" \/>\n\t<meta name=\"twitter:data1\" content=\"Potencia Radiof\u00f3nica Dominicana\" \/>\n\t<meta name=\"twitter:label2\" content=\"Tiempo de lectura\" \/>\n\t<meta name=\"twitter:data2\" content=\"3 minutos\" \/>\n<script type=\"application\/ld+json\" class=\"yoast-schema-graph\">{\"@context\":\"https:\/\/schema.org\",\"@graph\":[{\"@type\":\"Article\",\"@id\":\"https:\/\/potenciaradiofonicadominicana.com\/portal\/control-mental-en-corea-del-sur-ejercido-desde-estados-unidos\/#article\",\"isPartOf\":{\"@id\":\"https:\/\/potenciaradiofonicadominicana.com\/portal\/control-mental-en-corea-del-sur-ejercido-desde-estados-unidos\/\"},\"author\":{\"name\":\"Potencia Radiof\u00f3nica Dominicana\",\"@id\":\"https:\/\/potenciaradiofonicadominicana.com\/portal\/#\/schema\/person\/a5cf1fea13877803ee0573ac18b03490\"},\"headline\":\"Control mental en Corea del Sur ejercido desde Estados Unidos\",\"datePublished\":\"2026-09-04T02:06:45+00:00\",\"mainEntityOfPage\":{\"@id\":\"https:\/\/potenciaradiofonicadominicana.com\/portal\/control-mental-en-corea-del-sur-ejercido-desde-estados-unidos\/\"},\"wordCount\":623,\"publisher\":{\"@id\":\"https:\/\/potenciaradiofonicadominicana.com\/portal\/#organization\"},\"image\":{\"@id\":\"https:\/\/potenciaradiofonicadominicana.com\/portal\/control-mental-en-corea-del-sur-ejercido-desde-estados-unidos\/#primaryimage\"},\"thumbnailUrl\":\"https:\/\/potenciaradiofonicadominicana.com\/portal\/wp-content\/uploads\/2026\/09\/6045_control-mental-en-corea-del-sur.jpg\",\"articleSection\":[\"Ciencia y Tecnolog\u00eda\"],\"inLanguage\":\"es\"},{\"@type\":\"WebPage\",\"@id\":\"https:\/\/potenciaradiofonicadominicana.com\/portal\/control-mental-en-corea-del-sur-ejercido-desde-estados-unidos\/\",\"url\":\"https:\/\/potenciaradiofonicadominicana.com\/portal\/control-mental-en-corea-del-sur-ejercido-desde-estados-unidos\/\",\"name\":\"Control mental en Corea del Sur ejercido desde Estados Unidos - PotenciaRadiofonicaDominicana.com\",\"isPartOf\":{\"@id\":\"https:\/\/potenciaradiofonicadominicana.com\/portal\/#website\"},\"primaryImageOfPage\":{\"@id\":\"https:\/\/potenciaradiofonicadominicana.com\/portal\/control-mental-en-corea-del-sur-ejercido-desde-estados-unidos\/#primaryimage\"},\"image\":{\"@id\":\"https:\/\/potenciaradiofonicadominicana.com\/portal\/control-mental-en-corea-del-sur-ejercido-desde-estados-unidos\/#primaryimage\"},\"thumbnailUrl\":\"https:\/\/potenciaradiofonicadominicana.com\/portal\/wp-content\/uploads\/2026\/09\/6045_control-mental-en-corea-del-sur.jpg\",\"datePublished\":\"2026-09-04T02:06:45+00:00\",\"breadcrumb\":{\"@id\":\"https:\/\/potenciaradiofonicadominicana.com\/portal\/control-mental-en-corea-del-sur-ejercido-desde-estados-unidos\/#breadcrumb\"},\"inLanguage\":\"es\",\"potentialAction\":[{\"@type\":\"ReadAction\",\"target\":[\"https:\/\/potenciaradiofonicadominicana.com\/portal\/control-mental-en-corea-del-sur-ejercido-desde-estados-unidos\/\"]}]},{\"@type\":\"ImageObject\",\"inLanguage\":\"es\",\"@id\":\"https:\/\/potenciaradiofonicadominicana.com\/portal\/control-mental-en-corea-del-sur-ejercido-desde-estados-unidos\/#primaryimage\",\"url\":\"https:\/\/potenciaradiofonicadominicana.com\/portal\/wp-content\/uploads\/2026\/09\/6045_control-mental-en-corea-del-sur.jpg\",\"contentUrl\":\"https:\/\/potenciaradiofonicadominicana.com\/portal\/wp-content\/uploads\/2026\/09\/6045_control-mental-en-corea-del-sur.jpg\",\"width\":670,\"height\":509},{\"@type\":\"BreadcrumbList\",\"@id\":\"https:\/\/potenciaradiofonicadominicana.com\/portal\/control-mental-en-corea-del-sur-ejercido-desde-estados-unidos\/#breadcrumb\",\"itemListElement\":[{\"@type\":\"ListItem\",\"position\":1,\"name\":\"Portada\",\"item\":\"https:\/\/potenciaradiofonicadominicana.com\/portal\/\"},{\"@type\":\"ListItem\",\"position\":2,\"name\":\"Control mental en Corea del Sur ejercido desde Estados Unidos\"}]},{\"@type\":\"WebSite\",\"@id\":\"https:\/\/potenciaradiofonicadominicana.com\/portal\/#website\",\"url\":\"https:\/\/potenciaradiofonicadominicana.com\/portal\/\",\"name\":\"PotenciaRadiofonicaDominicana.com\",\"description\":\"Peri\u00f3dico Digital\",\"publisher\":{\"@id\":\"https:\/\/potenciaradiofonicadominicana.com\/portal\/#organization\"},\"potentialAction\":[{\"@type\":\"SearchAction\",\"target\":{\"@type\":\"EntryPoint\",\"urlTemplate\":\"https:\/\/potenciaradiofonicadominicana.com\/portal\/?s={search_term_string}\"},\"query-input\":{\"@type\":\"PropertyValueSpecification\",\"valueRequired\":true,\"valueName\":\"search_term_string\"}}],\"inLanguage\":\"es\"},{\"@type\":\"Organization\",\"@id\":\"https:\/\/potenciaradiofonicadominicana.com\/portal\/#organization\",\"name\":\"PotenciaRadiofonicaDominicana.com\",\"url\":\"https:\/\/potenciaradiofonicadominicana.com\/portal\/\",\"logo\":{\"@type\":\"ImageObject\",\"inLanguage\":\"es\",\"@id\":\"https:\/\/potenciaradiofonicadominicana.com\/portal\/#\/schema\/logo\/image\/\",\"url\":\"https:\/\/potenciaradiofonicadominicana.com\/portal\/wp-content\/uploads\/2022\/01\/descarga.png\",\"contentUrl\":\"https:\/\/potenciaradiofonicadominicana.com\/portal\/wp-content\/uploads\/2022\/01\/descarga.png\",\"width\":300,\"height\":100,\"caption\":\"PotenciaRadiofonicaDominicana.com\"},\"image\":{\"@id\":\"https:\/\/potenciaradiofonicadominicana.com\/portal\/#\/schema\/logo\/image\/\"},\"sameAs\":[\"https:\/\/web.facebook.com\/PotenciaRadiofonicaD\"]},{\"@type\":\"Person\",\"@id\":\"https:\/\/potenciaradiofonicadominicana.com\/portal\/#\/schema\/person\/a5cf1fea13877803ee0573ac18b03490\",\"name\":\"Potencia Radiof\u00f3nica Dominicana\",\"image\":{\"@type\":\"ImageObject\",\"inLanguage\":\"es\",\"@id\":\"https:\/\/potenciaradiofonicadominicana.com\/portal\/#\/schema\/person\/image\/\",\"url\":\"https:\/\/secure.gravatar.com\/avatar\/42a55ab9e8ccc656ba34cd791990602a?s=96&d=mm&r=g\",\"contentUrl\":\"https:\/\/secure.gravatar.com\/avatar\/42a55ab9e8ccc656ba34cd791990602a?s=96&d=mm&r=g\",\"caption\":\"Potencia Radiof\u00f3nica Dominicana\"},\"url\":\"https:\/\/potenciaradiofonicadominicana.com\/portal\/author\/johannyalmanzar\/\"}]}<\/script>\n<!-- \/ Yoast SEO plugin. -->","yoast_head_json":{"title":"Control mental en Corea del Sur ejercido desde Estados Unidos - PotenciaRadiofonicaDominicana.com","robots":{"index":"index","follow":"follow","max-snippet":"max-snippet:-1","max-image-preview":"max-image-preview:large","max-video-preview":"max-video-preview:-1"},"canonical":"https:\/\/potenciaradiofonicadominicana.com\/portal\/control-mental-en-corea-del-sur-ejercido-desde-estados-unidos\/","og_locale":"es_ES","og_type":"article","og_title":"Control mental en Corea del Sur ejercido desde Estados Unidos - PotenciaRadiofonicaDominicana.com","og_description":"En un experimento tan fascinante para un sector del p\u00fablico como inquietante para otro sector, un cient\u00edfico desde Chicago en ...","og_url":"https:\/\/potenciaradiofonicadominicana.com\/portal\/control-mental-en-corea-del-sur-ejercido-desde-estados-unidos\/","og_site_name":"PotenciaRadiofonicaDominicana.com","article_publisher":"https:\/\/web.facebook.com\/PotenciaRadiofonicaD","article_published_time":"2026-09-04T02:06:45+00:00","og_image":[{"width":670,"height":509,"url":"https:\/\/potenciaradiofonicadominicana.com\/portal\/wp-content\/uploads\/2026\/09\/6045_control-mental-en-corea-del-sur.jpg","type":"image\/jpeg"}],"author":"Potencia Radiof\u00f3nica Dominicana","twitter_card":"summary_large_image","twitter_misc":{"Escrito por":"Potencia Radiof\u00f3nica Dominicana","Tiempo de lectura":"3 minutos"},"schema":{"@context":"https:\/\/schema.org","@graph":[{"@type":"Article","@id":"https:\/\/potenciaradiofonicadominicana.com\/portal\/control-mental-en-corea-del-sur-ejercido-desde-estados-unidos\/#article","isPartOf":{"@id":"https:\/\/potenciaradiofonicadominicana.com\/portal\/control-mental-en-corea-del-sur-ejercido-desde-estados-unidos\/"},"author":{"name":"Potencia Radiof\u00f3nica Dominicana","@id":"https:\/\/potenciaradiofonicadominicana.com\/portal\/#\/schema\/person\/a5cf1fea13877803ee0573ac18b03490"},"headline":"Control mental en Corea del Sur ejercido desde Estados Unidos","datePublished":"2026-09-04T02:06:45+00:00","mainEntityOfPage":{"@id":"https:\/\/potenciaradiofonicadominicana.com\/portal\/control-mental-en-corea-del-sur-ejercido-desde-estados-unidos\/"},"wordCount":623,"publisher":{"@id":"https:\/\/potenciaradiofonicadominicana.com\/portal\/#organization"},"image":{"@id":"https:\/\/potenciaradiofonicadominicana.com\/portal\/control-mental-en-corea-del-sur-ejercido-desde-estados-unidos\/#primaryimage"},"thumbnailUrl":"https:\/\/potenciaradiofonicadominicana.com\/portal\/wp-content\/uploads\/2026\/09\/6045_control-mental-en-corea-del-sur.jpg","articleSection":["Ciencia y Tecnolog\u00eda"],"inLanguage":"es"},{"@type":"WebPage","@id":"https:\/\/potenciaradiofonicadominicana.com\/portal\/control-mental-en-corea-del-sur-ejercido-desde-estados-unidos\/","url":"https:\/\/potenciaradiofonicadominicana.com\/portal\/control-mental-en-corea-del-sur-ejercido-desde-estados-unidos\/","name":"Control mental en Corea del Sur ejercido desde Estados Unidos - PotenciaRadiofonicaDominicana.com","isPartOf":{"@id":"https:\/\/potenciaradiofonicadominicana.com\/portal\/#website"},"primaryImageOfPage":{"@id":"https:\/\/potenciaradiofonicadominicana.com\/portal\/control-mental-en-corea-del-sur-ejercido-desde-estados-unidos\/#primaryimage"},"image":{"@id":"https:\/\/potenciaradiofonicadominicana.com\/portal\/control-mental-en-corea-del-sur-ejercido-desde-estados-unidos\/#primaryimage"},"thumbnailUrl":"https:\/\/potenciaradiofonicadominicana.com\/portal\/wp-content\/uploads\/2026\/09\/6045_control-mental-en-corea-del-sur.jpg","datePublished":"2026-09-04T02:06:45+00:00","breadcrumb":{"@id":"https:\/\/potenciaradiofonicadominicana.com\/portal\/control-mental-en-corea-del-sur-ejercido-desde-estados-unidos\/#breadcrumb"},"inLanguage":"es","potentialAction":[{"@type":"ReadAction","target":["https:\/\/potenciaradiofonicadominicana.com\/portal\/control-mental-en-corea-del-sur-ejercido-desde-estados-unidos\/"]}]},{"@type":"ImageObject","inLanguage":"es","@id":"https:\/\/potenciaradiofonicadominicana.com\/portal\/control-mental-en-corea-del-sur-ejercido-desde-estados-unidos\/#primaryimage","url":"https:\/\/potenciaradiofonicadominicana.com\/portal\/wp-content\/uploads\/2026\/09\/6045_control-mental-en-corea-del-sur.jpg","contentUrl":"https:\/\/potenciaradiofonicadominicana.com\/portal\/wp-content\/uploads\/2026\/09\/6045_control-mental-en-corea-del-sur.jpg","width":670,"height":509},{"@type":"BreadcrumbList","@id":"https:\/\/potenciaradiofonicadominicana.com\/portal\/control-mental-en-corea-del-sur-ejercido-desde-estados-unidos\/#breadcrumb","itemListElement":[{"@type":"ListItem","position":1,"name":"Portada","item":"https:\/\/potenciaradiofonicadominicana.com\/portal\/"},{"@type":"ListItem","position":2,"name":"Control mental en Corea del Sur ejercido desde Estados Unidos"}]},{"@type":"WebSite","@id":"https:\/\/potenciaradiofonicadominicana.com\/portal\/#website","url":"https:\/\/potenciaradiofonicadominicana.com\/portal\/","name":"PotenciaRadiofonicaDominicana.com","description":"Peri\u00f3dico Digital","publisher":{"@id":"https:\/\/potenciaradiofonicadominicana.com\/portal\/#organization"},"potentialAction":[{"@type":"SearchAction","target":{"@type":"EntryPoint","urlTemplate":"https:\/\/potenciaradiofonicadominicana.com\/portal\/?s={search_term_string}"},"query-input":{"@type":"PropertyValueSpecification","valueRequired":true,"valueName":"search_term_string"}}],"inLanguage":"es"},{"@type":"Organization","@id":"https:\/\/potenciaradiofonicadominicana.com\/portal\/#organization","name":"PotenciaRadiofonicaDominicana.com","url":"https:\/\/potenciaradiofonicadominicana.com\/portal\/","logo":{"@type":"ImageObject","inLanguage":"es","@id":"https:\/\/potenciaradiofonicadominicana.com\/portal\/#\/schema\/logo\/image\/","url":"https:\/\/potenciaradiofonicadominicana.com\/portal\/wp-content\/uploads\/2022\/01\/descarga.png","contentUrl":"https:\/\/potenciaradiofonicadominicana.com\/portal\/wp-content\/uploads\/2022\/01\/descarga.png","width":300,"height":100,"caption":"PotenciaRadiofonicaDominicana.com"},"image":{"@id":"https:\/\/potenciaradiofonicadominicana.com\/portal\/#\/schema\/logo\/image\/"},"sameAs":["https:\/\/web.facebook.com\/PotenciaRadiofonicaD"]},{"@type":"Person","@id":"https:\/\/potenciaradiofonicadominicana.com\/portal\/#\/schema\/person\/a5cf1fea13877803ee0573ac18b03490","name":"Potencia Radiof\u00f3nica Dominicana","image":{"@type":"ImageObject","inLanguage":"es","@id":"https:\/\/potenciaradiofonicadominicana.com\/portal\/#\/schema\/person\/image\/","url":"https:\/\/secure.gravatar.com\/avatar\/42a55ab9e8ccc656ba34cd791990602a?s=96&d=mm&r=g","contentUrl":"https:\/\/secure.gravatar.com\/avatar\/42a55ab9e8ccc656ba34cd791990602a?s=96&d=mm&r=g","caption":"Potencia Radiof\u00f3nica Dominicana"},"url":"https:\/\/potenciaradiofonicadominicana.com\/portal\/author\/johannyalmanzar\/"}]}},"_links":{"self":[{"href":"https:\/\/potenciaradiofonicadominicana.com\/portal\/wp-json\/wp\/v2\/posts\/225175","targetHints":{"allow":["GET"]}}],"collection":[{"href":"https:\/\/potenciaradiofonicadominicana.com\/portal\/wp-json\/wp\/v2\/posts"}],"about":[{"href":"https:\/\/potenciaradiofonicadominicana.com\/portal\/wp-json\/wp\/v2\/types\/post"}],"author":[{"embeddable":true,"href":"https:\/\/potenciaradiofonicadominicana.com\/portal\/wp-json\/wp\/v2\/users\/2"}],"replies":[{"embeddable":true,"href":"https:\/\/potenciaradiofonicadominicana.com\/portal\/wp-json\/wp\/v2\/comments?post=225175"}],"version-history":[{"count":1,"href":"https:\/\/potenciaradiofonicadominicana.com\/portal\/wp-json\/wp\/v2\/posts\/225175\/revisions"}],"predecessor-version":[{"id":225177,"href":"https:\/\/potenciaradiofonicadominicana.com\/portal\/wp-json\/wp\/v2\/posts\/225175\/revisions\/225177"}],"wp:featuredmedia":[{"embeddable":true,"href":"https:\/\/potenciaradiofonicadominicana.com\/portal\/wp-json\/wp\/v2\/media\/225176"}],"wp:attachment":[{"href":"https:\/\/potenciaradiofonicadominicana.com\/portal\/wp-json\/wp\/v2\/media?parent=225175"}],"wp:term":[{"taxonomy":"category","embeddable":true,"href":"https:\/\/potenciaradiofonicadominicana.com\/portal\/wp-json\/wp\/v2\/categories?post=225175"},{"taxonomy":"post_tag","embeddable":true,"href":"https:\/\/potenciaradiofonicadominicana.com\/portal\/wp-json\/wp\/v2\/tags?post=225175"}],"curies":[{"name":"wp","href":"https:\/\/api.w.org\/{rel}","templated":true}]}}