{"id":225172,"date":"2026-09-03T22:05:48","date_gmt":"2026-09-04T02:05:48","guid":{"rendered":"https:\/\/potenciaradiofonicadominicana.com\/portal\/?p=225172"},"modified":"2026-09-03T22:05:48","modified_gmt":"2026-09-04T02:05:48","slug":"como-elegir-la-lavadora-ideal-para-tu-hogar-segun-tus-necesidades","status":"publish","type":"post","link":"https:\/\/potenciaradiofonicadominicana.com\/portal\/como-elegir-la-lavadora-ideal-para-tu-hogar-segun-tus-necesidades\/","title":{"rendered":"C\u00f3mo elegir la lavadora ideal para tu hogar seg\u00fan tus necesidades"},"content":{"rendered":"<p><a href=\"https:\/\/potenciaradiofonicadominicana.com\/portal\/wp-content\/uploads\/2026\/09\/7490_lavadora1.jpg\"><img loading=\"lazy\" decoding=\"async\" class=\"alignnone size-full wp-image-225173\" src=\"https:\/\/potenciaradiofonicadominicana.com\/portal\/wp-content\/uploads\/2026\/09\/7490_lavadora1.jpg\" alt=\"\" width=\"670\" height=\"446\" srcset=\"https:\/\/potenciaradiofonicadominicana.com\/portal\/wp-content\/uploads\/2026\/09\/7490_lavadora1.jpg 670w, https:\/\/potenciaradiofonicadominicana.com\/portal\/wp-content\/uploads\/2026\/09\/7490_lavadora1-300x200.jpg 300w\" sizes=\"auto, (max-width: 670px) 100vw, 670px\" \/><\/a><\/p>\n<p>Elegir una lavadora adecuada a tu uso real es una decisi\u00f3n que impacta tanto en tu econom\u00eda como en tu rutina diaria.<\/p>\n<p>&nbsp;<\/p>\n<p>Este electrodom\u00e9stico representa una inversi\u00f3n considerable, y seleccionar el modelo correcto puede generar dudas: \u00bfqu\u00e9 capacidad necesito?, \u00bfcu\u00e1l tipo de carga es mejor?, \u00bfrealmente vale la pena invertir en eficiencia energ\u00e9tica? La respuesta no es universal, sino que depende del tama\u00f1o de tu hogar, tus h\u00e1bitos de lavado y el espacio disponible.<\/p>\n<p>&nbsp;<\/p>\n<p>No se trata de buscar la opci\u00f3n m\u00e1s cara o la m\u00e1s econ\u00f3mica, sino aquella que se ajuste a tu contexto particular. Para ello, conviene revisar diferentes opciones de lavadora disponibles en el mercado y compararlas seg\u00fan los criterios que detallaremos a continuaci\u00f3n.<\/p>\n<p>&nbsp;<\/p>\n<p>[Img #79615]<\/p>\n<p>&nbsp;<\/p>\n<p>Fuente: Shutterstock<\/p>\n<p>&nbsp;<\/p>\n<p>Tipos de lavadora: carga frontal, carga superior y lavadora secadora<\/p>\n<p>La principal diferencia entre las lavadoras de carga frontal y carga superior radica en la eficiencia de lavado y el uso de agua. Cada tipo ofrece ventajas espec\u00edficas seg\u00fan el espacio y las preferencias de uso.<\/p>\n<p>&nbsp;<\/p>\n<p>Las lavadoras de carga frontal suelen ofrecer un rendimiento de lavado superior y son m\u00e1s eficientes en el consumo de agua y energ\u00eda. El tambor se llena solo parcialmente y recicla el agua durante el ciclo de lavado, contribuyendo a una menor cantidad de agua utilizada por carga.<br \/>\nPor otro lado, la lavadora de carga superior se abre desde la parte superior, es ideal para espacios reducidos con dimensiones promedio de 45 cm de ancho por 85 cm de alto, y resulta c\u00f3moda porque no exige agacharse para cargar o descargar la ropa. Sin embargo, al ser m\u00e1s compactas tienen menor capacidad de carga que las de carga frontal.<br \/>\nEn cuanto a la lavadora secadora, son muy pr\u00e1cticas para quienes tienen poco espacio, pero suelen tener menor capacidad de secado y mayor complejidad t\u00e9cnica. Si usas el secado con frecuencia, puede ser m\u00e1s conveniente tener dos equipos independientes para optimizar el rendimiento de ambas funciones.<\/p>\n<p>C\u00f3mo elegir la capacidad seg\u00fan la cantidad de personas en el hogar<\/p>\n<p>Una regla \u00fatil es calcular de 1 a 2 kg por persona. De esta forma, una familia de cuatro personas necesitar\u00eda una lavadora de 6 a 8 kg. Sin embargo, la capacidad ideal tambi\u00e9n depende de otros factores como la frecuencia de lavado y el tipo de prendas que sueles lavar.<\/p>\n<p>&nbsp;<\/p>\n<p>Para hogares peque\u00f1os de 1 a 2 personas, una lavadora de entre 6 y 7 kilos suele ser suficiente, cubriendo prendas ligeras, toallas y s\u00e1banas. Si tu familia es de tama\u00f1o medio con 3 a 4 personas, lo ideal es optar por una lavadora que soporte entre 8 y 9 kilos de carga, permitiendo lavar la ropa de la semana en una o dos cargas.<\/p>\n<p>&nbsp;<\/p>\n<p>Si haces la colada con menos frecuencia ser\u00e1 necesaria una mayor capacidad. Familias muy ocupadas con poco tiempo o que suelen lavar ropa voluminosa habitualmente tambi\u00e9n podr\u00edan beneficiarse de una lavadora con mayor capacidad.<\/p>\n<p>&nbsp;<\/p>\n<p>La lavadora Samsung y la lavadora LG ofrecen modelos en diferentes capacidades, desde opciones compactas hasta equipos de gran volumen para familias numerosas. Al evaluar lavadoras en oferta, verifica que la capacidad corresponda a tu realidad dom\u00e9stica antes que al precio.<\/p>\n<p>&nbsp;<\/p>\n<p>[Img #79613]<\/p>\n<p>&nbsp;<\/p>\n<p>Fuente: Shutterstock<\/p>\n<p>Eficiencia energ\u00e9tica y consumo de agua: claves para el ahorro<\/p>\n<p>La clasificaci\u00f3n energ\u00e9tica etiqueta a las lavadoras de la A a la G, siendo la A la m\u00e1s eficiente. Las lavadoras con etiqueta energ\u00e9tica A son los modelos m\u00e1s eficientes del mercado, capaces de reducir el consumo hasta en un 50% en comparaci\u00f3n con modelos de menor clasificaci\u00f3n.<\/p>\n<p>&nbsp;<\/p>\n<p>La mayor\u00eda de la electricidad que consume una lavadora se destina a calentar agua, as\u00ed que las lavadoras que consumen menos energ\u00eda y lavan a temperaturas m\u00e1s bajas se consideran energ\u00e9ticamente eficientes.<\/p>\n<p>&nbsp;<\/p>\n<p>Las lavadoras de clase A suelen estar equipadas con las \u00faltimas tecnolog\u00edas, como motores inverter, sistemas de uso eficiente del agua o programas de lavado optimizados. Una lavadora de 8 kg en esta categor\u00eda puede consumir solo 0,45 kWh por ciclo.<\/p>\n<p>&nbsp;<\/p>\n<p>Otro factor clave es la velocidad de centrifugado: las lavadoras con mayor n\u00famero de revoluciones por minuto permiten extraer m\u00e1s agua de la ropa, reduciendo el tiempo necesario para el secado.<\/p>\n<p>&nbsp;<\/p>\n<p>Invertir en una lavadora de carga frontal de alta eficiencia puede representar un mayor desembolso inicial, pero el ahorro acumulado en las facturas de electricidad y agua compensa la inversi\u00f3n a mediano y largo plazo.<\/p>\n<p>&nbsp;<\/p>\n<p>Programas y funciones que realmente sirven en el d\u00eda a d\u00eda<\/p>\n<p>Cada programa est\u00e1 dise\u00f1ado para un tipo de ropa espec\u00edfico: ropa delicada, ropa deportiva, ropa anti-al\u00e9rgica. No solo cuidas tus prendas, sino que la lavadora trabaja de la forma m\u00e1s eficiente posible.<\/p>\n<p>&nbsp;<\/p>\n<p>El programa ECO utiliza temperaturas de lavado m\u00e1s bajas y minimiza la cantidad de agua requerida, siendo uno de los ciclos m\u00e1s utilizados actualmente en los hogares. El vapor elimina manchas dif\u00edciles y suaviza arrugas.<\/p>\n<p>&nbsp;<\/p>\n<p>Los programas r\u00e1pidos son \u00fatiles para cargas ligeras y lavados diarios. En la mayor\u00eda de casos, las lavadoras de carga superior ofrecen programas m\u00e1s r\u00e1pidos, muchos modelos completan ciclos en 30 minutos o menos, ideales para lavados diarios con poca carga.<\/p>\n<p>&nbsp;<\/p>\n<p>Al evaluar modelos, prioriza aquellos programas que realmente utilizar\u00e1s seg\u00fan tu tipo de ropa y rutina de lavado, evitando pagar por funciones innecesarias que no aprovechar\u00e1s.<\/p>\n<p>&nbsp;<\/p>\n<p>Instalaci\u00f3n y mantenimiento para alargar la vida \u00fatil de tu lavadora<\/p>\n<p>Seg\u00fan la Organizaci\u00f3n de Consumidores y Usuarios, la vida media de una lavadora se estima en 11 a\u00f1os y 3 meses, aunque hay modelos que alcanzan los 16 a\u00f1os mientras otros no llegan a los 9 a\u00f1os.<\/p>\n<p>&nbsp;<\/p>\n<p>Lavar con agua fr\u00eda o templada a 40\u00b0C ayuda a alargar la vida \u00fatil de la lavadora y adem\u00e1s ahorra energ\u00eda. Mantener el tambor en \u00f3ptimas condiciones es esencial para prolongar la vida \u00fatil del electrodom\u00e9stico y asegurar su eficiencia.<br \/>\nSe debe utilizar la cantidad adecuada de detergente, ya que el exceso puede dejar residuos en el tambor y en la ropa, adem\u00e1s de contribuir a la formaci\u00f3n de moho. Hay que elegir el ciclo de lavado apropiado para cada tipo de ropa, previniendo el desgaste innecesario del tambor.<br \/>\nSe recomienda ejecutar el ciclo de limpieza del tambor al menos una vez por mes o cada 40 ciclos como m\u00ednimo. Un filtro obstruido puede convertirse en el enemigo silencioso de tu lavadora, ya que las pelusas acumuladas dificultan la salida del agua, aumentan el tiempo de centrifugado y generan malos olores.<\/p>\n<p>[Img #79614]<\/p>\n<p>&nbsp;<\/p>\n<p>Fuente: Shutterstock<\/p>\n<p>&nbsp;<\/p>\n<p>Seleccionar la lavadora adecuada requiere evaluar m\u00faltiples factores. Analizar el espacio disponible, las necesidades de lavado y los programas que realmente se utilizar\u00e1n permite escoger un modelo funcional y eficiente.<\/p>\n<p>&nbsp;<\/p>\n<p>No existe una lavadora perfecta para todos, pero s\u00ed existe la opci\u00f3n ideal para tu situaci\u00f3n particular.<\/p>\n<p>&nbsp;<\/p>\n<p>T\u00f3mate el tiempo necesario para investigar, comparar y elegir con criterio, recordando que esta inversi\u00f3n te acompa\u00f1ar\u00e1 durante muchos a\u00f1os y que una decisi\u00f3n informada hoy se traduce en ahorro, comodidad y satisfacci\u00f3n ma\u00f1ana.<\/p>\n","protected":false},"excerpt":{"rendered":"<p>Elegir una lavadora adecuada a tu uso real es una decisi\u00f3n que impacta tanto en tu econom\u00eda como en tu &#8230;<\/p>\n","protected":false},"author":2,"featured_media":225173,"comment_status":"closed","ping_status":"closed","sticky":false,"template":"","format":"standard","meta":{"footnotes":""},"categories":[14],"tags":[],"class_list":["post-225172","post","type-post","status-publish","format-standard","has-post-thumbnail","hentry","category-ciencia-y-tecnologia"],"yoast_head":"<!-- This site is optimized with the Yoast SEO plugin v24.8.1 - https:\/\/yoast.com\/wordpress\/plugins\/seo\/ -->\n<title>C\u00f3mo elegir la lavadora ideal para tu hogar seg\u00fan tus necesidades - PotenciaRadiofonicaDominicana.com<\/title>\n<meta name=\"robots\" content=\"index, follow, max-snippet:-1, max-image-preview:large, max-video-preview:-1\" \/>\n<link rel=\"canonical\" href=\"https:\/\/potenciaradiofonicadominicana.com\/portal\/como-elegir-la-lavadora-ideal-para-tu-hogar-segun-tus-necesidades\/\" \/>\n<meta property=\"og:locale\" content=\"es_ES\" \/>\n<meta property=\"og:type\" content=\"article\" \/>\n<meta property=\"og:title\" content=\"C\u00f3mo elegir la lavadora ideal para tu hogar seg\u00fan tus necesidades - PotenciaRadiofonicaDominicana.com\" \/>\n<meta property=\"og:description\" content=\"Elegir una lavadora adecuada a tu uso real es una decisi\u00f3n que impacta tanto en tu econom\u00eda como en tu ...\" \/>\n<meta property=\"og:url\" content=\"https:\/\/potenciaradiofonicadominicana.com\/portal\/como-elegir-la-lavadora-ideal-para-tu-hogar-segun-tus-necesidades\/\" \/>\n<meta property=\"og:site_name\" content=\"PotenciaRadiofonicaDominicana.com\" \/>\n<meta property=\"article:publisher\" content=\"https:\/\/web.facebook.com\/PotenciaRadiofonicaD\" \/>\n<meta property=\"article:published_time\" content=\"2026-09-04T02:05:48+00:00\" \/>\n<meta property=\"og:image\" content=\"https:\/\/potenciaradiofonicadominicana.com\/portal\/wp-content\/uploads\/2026\/09\/7490_lavadora1.jpg\" \/>\n\t<meta property=\"og:image:width\" content=\"670\" \/>\n\t<meta property=\"og:image:height\" content=\"446\" \/>\n\t<meta property=\"og:image:type\" content=\"image\/jpeg\" \/>\n<meta name=\"author\" content=\"Potencia Radiof\u00f3nica Dominicana\" \/>\n<meta name=\"twitter:card\" content=\"summary_large_image\" \/>\n<meta name=\"twitter:label1\" content=\"Escrito por\" \/>\n\t<meta name=\"twitter:data1\" content=\"Potencia Radiof\u00f3nica Dominicana\" \/>\n\t<meta name=\"twitter:label2\" content=\"Tiempo de lectura\" \/>\n\t<meta name=\"twitter:data2\" content=\"6 minutos\" \/>\n<script type=\"application\/ld+json\" class=\"yoast-schema-graph\">{\"@context\":\"https:\/\/schema.org\",\"@graph\":[{\"@type\":\"Article\",\"@id\":\"https:\/\/potenciaradiofonicadominicana.com\/portal\/como-elegir-la-lavadora-ideal-para-tu-hogar-segun-tus-necesidades\/#article\",\"isPartOf\":{\"@id\":\"https:\/\/potenciaradiofonicadominicana.com\/portal\/como-elegir-la-lavadora-ideal-para-tu-hogar-segun-tus-necesidades\/\"},\"author\":{\"name\":\"Potencia Radiof\u00f3nica Dominicana\",\"@id\":\"https:\/\/potenciaradiofonicadominicana.com\/portal\/#\/schema\/person\/a5cf1fea13877803ee0573ac18b03490\"},\"headline\":\"C\u00f3mo elegir la lavadora ideal para tu hogar seg\u00fan tus necesidades\",\"datePublished\":\"2026-09-04T02:05:48+00:00\",\"mainEntityOfPage\":{\"@id\":\"https:\/\/potenciaradiofonicadominicana.com\/portal\/como-elegir-la-lavadora-ideal-para-tu-hogar-segun-tus-necesidades\/\"},\"wordCount\":1247,\"publisher\":{\"@id\":\"https:\/\/potenciaradiofonicadominicana.com\/portal\/#organization\"},\"image\":{\"@id\":\"https:\/\/potenciaradiofonicadominicana.com\/portal\/como-elegir-la-lavadora-ideal-para-tu-hogar-segun-tus-necesidades\/#primaryimage\"},\"thumbnailUrl\":\"https:\/\/potenciaradiofonicadominicana.com\/portal\/wp-content\/uploads\/2026\/09\/7490_lavadora1.jpg\",\"articleSection\":[\"Ciencia y Tecnolog\u00eda\"],\"inLanguage\":\"es\"},{\"@type\":\"WebPage\",\"@id\":\"https:\/\/potenciaradiofonicadominicana.com\/portal\/como-elegir-la-lavadora-ideal-para-tu-hogar-segun-tus-necesidades\/\",\"url\":\"https:\/\/potenciaradiofonicadominicana.com\/portal\/como-elegir-la-lavadora-ideal-para-tu-hogar-segun-tus-necesidades\/\",\"name\":\"C\u00f3mo elegir la lavadora ideal para tu hogar seg\u00fan tus necesidades - PotenciaRadiofonicaDominicana.com\",\"isPartOf\":{\"@id\":\"https:\/\/potenciaradiofonicadominicana.com\/portal\/#website\"},\"primaryImageOfPage\":{\"@id\":\"https:\/\/potenciaradiofonicadominicana.com\/portal\/como-elegir-la-lavadora-ideal-para-tu-hogar-segun-tus-necesidades\/#primaryimage\"},\"image\":{\"@id\":\"https:\/\/potenciaradiofonicadominicana.com\/portal\/como-elegir-la-lavadora-ideal-para-tu-hogar-segun-tus-necesidades\/#primaryimage\"},\"thumbnailUrl\":\"https:\/\/potenciaradiofonicadominicana.com\/portal\/wp-content\/uploads\/2026\/09\/7490_lavadora1.jpg\",\"datePublished\":\"2026-09-04T02:05:48+00:00\",\"breadcrumb\":{\"@id\":\"https:\/\/potenciaradiofonicadominicana.com\/portal\/como-elegir-la-lavadora-ideal-para-tu-hogar-segun-tus-necesidades\/#breadcrumb\"},\"inLanguage\":\"es\",\"potentialAction\":[{\"@type\":\"ReadAction\",\"target\":[\"https:\/\/potenciaradiofonicadominicana.com\/portal\/como-elegir-la-lavadora-ideal-para-tu-hogar-segun-tus-necesidades\/\"]}]},{\"@type\":\"ImageObject\",\"inLanguage\":\"es\",\"@id\":\"https:\/\/potenciaradiofonicadominicana.com\/portal\/como-elegir-la-lavadora-ideal-para-tu-hogar-segun-tus-necesidades\/#primaryimage\",\"url\":\"https:\/\/potenciaradiofonicadominicana.com\/portal\/wp-content\/uploads\/2026\/09\/7490_lavadora1.jpg\",\"contentUrl\":\"https:\/\/potenciaradiofonicadominicana.com\/portal\/wp-content\/uploads\/2026\/09\/7490_lavadora1.jpg\",\"width\":670,\"height\":446},{\"@type\":\"BreadcrumbList\",\"@id\":\"https:\/\/potenciaradiofonicadominicana.com\/portal\/como-elegir-la-lavadora-ideal-para-tu-hogar-segun-tus-necesidades\/#breadcrumb\",\"itemListElement\":[{\"@type\":\"ListItem\",\"position\":1,\"name\":\"Portada\",\"item\":\"https:\/\/potenciaradiofonicadominicana.com\/portal\/\"},{\"@type\":\"ListItem\",\"position\":2,\"name\":\"C\u00f3mo elegir la lavadora ideal para tu hogar seg\u00fan tus necesidades\"}]},{\"@type\":\"WebSite\",\"@id\":\"https:\/\/potenciaradiofonicadominicana.com\/portal\/#website\",\"url\":\"https:\/\/potenciaradiofonicadominicana.com\/portal\/\",\"name\":\"PotenciaRadiofonicaDominicana.com\",\"description\":\"Peri\u00f3dico Digital\",\"publisher\":{\"@id\":\"https:\/\/potenciaradiofonicadominicana.com\/portal\/#organization\"},\"potentialAction\":[{\"@type\":\"SearchAction\",\"target\":{\"@type\":\"EntryPoint\",\"urlTemplate\":\"https:\/\/potenciaradiofonicadominicana.com\/portal\/?s={search_term_string}\"},\"query-input\":{\"@type\":\"PropertyValueSpecification\",\"valueRequired\":true,\"valueName\":\"search_term_string\"}}],\"inLanguage\":\"es\"},{\"@type\":\"Organization\",\"@id\":\"https:\/\/potenciaradiofonicadominicana.com\/portal\/#organization\",\"name\":\"PotenciaRadiofonicaDominicana.com\",\"url\":\"https:\/\/potenciaradiofonicadominicana.com\/portal\/\",\"logo\":{\"@type\":\"ImageObject\",\"inLanguage\":\"es\",\"@id\":\"https:\/\/potenciaradiofonicadominicana.com\/portal\/#\/schema\/logo\/image\/\",\"url\":\"https:\/\/potenciaradiofonicadominicana.com\/portal\/wp-content\/uploads\/2022\/01\/descarga.png\",\"contentUrl\":\"https:\/\/potenciaradiofonicadominicana.com\/portal\/wp-content\/uploads\/2022\/01\/descarga.png\",\"width\":300,\"height\":100,\"caption\":\"PotenciaRadiofonicaDominicana.com\"},\"image\":{\"@id\":\"https:\/\/potenciaradiofonicadominicana.com\/portal\/#\/schema\/logo\/image\/\"},\"sameAs\":[\"https:\/\/web.facebook.com\/PotenciaRadiofonicaD\"]},{\"@type\":\"Person\",\"@id\":\"https:\/\/potenciaradiofonicadominicana.com\/portal\/#\/schema\/person\/a5cf1fea13877803ee0573ac18b03490\",\"name\":\"Potencia Radiof\u00f3nica Dominicana\",\"image\":{\"@type\":\"ImageObject\",\"inLanguage\":\"es\",\"@id\":\"https:\/\/potenciaradiofonicadominicana.com\/portal\/#\/schema\/person\/image\/\",\"url\":\"https:\/\/secure.gravatar.com\/avatar\/42a55ab9e8ccc656ba34cd791990602a?s=96&d=mm&r=g\",\"contentUrl\":\"https:\/\/secure.gravatar.com\/avatar\/42a55ab9e8ccc656ba34cd791990602a?s=96&d=mm&r=g\",\"caption\":\"Potencia Radiof\u00f3nica Dominicana\"},\"url\":\"https:\/\/potenciaradiofonicadominicana.com\/portal\/author\/johannyalmanzar\/\"}]}<\/script>\n<!-- \/ Yoast SEO plugin. -->","yoast_head_json":{"title":"C\u00f3mo elegir la lavadora ideal para tu hogar seg\u00fan tus necesidades - PotenciaRadiofonicaDominicana.com","robots":{"index":"index","follow":"follow","max-snippet":"max-snippet:-1","max-image-preview":"max-image-preview:large","max-video-preview":"max-video-preview:-1"},"canonical":"https:\/\/potenciaradiofonicadominicana.com\/portal\/como-elegir-la-lavadora-ideal-para-tu-hogar-segun-tus-necesidades\/","og_locale":"es_ES","og_type":"article","og_title":"C\u00f3mo elegir la lavadora ideal para tu hogar seg\u00fan tus necesidades - PotenciaRadiofonicaDominicana.com","og_description":"Elegir una lavadora adecuada a tu uso real es una decisi\u00f3n que impacta tanto en tu econom\u00eda como en tu ...","og_url":"https:\/\/potenciaradiofonicadominicana.com\/portal\/como-elegir-la-lavadora-ideal-para-tu-hogar-segun-tus-necesidades\/","og_site_name":"PotenciaRadiofonicaDominicana.com","article_publisher":"https:\/\/web.facebook.com\/PotenciaRadiofonicaD","article_published_time":"2026-09-04T02:05:48+00:00","og_image":[{"width":670,"height":446,"url":"https:\/\/potenciaradiofonicadominicana.com\/portal\/wp-content\/uploads\/2026\/09\/7490_lavadora1.jpg","type":"image\/jpeg"}],"author":"Potencia Radiof\u00f3nica Dominicana","twitter_card":"summary_large_image","twitter_misc":{"Escrito por":"Potencia Radiof\u00f3nica Dominicana","Tiempo de lectura":"6 minutos"},"schema":{"@context":"https:\/\/schema.org","@graph":[{"@type":"Article","@id":"https:\/\/potenciaradiofonicadominicana.com\/portal\/como-elegir-la-lavadora-ideal-para-tu-hogar-segun-tus-necesidades\/#article","isPartOf":{"@id":"https:\/\/potenciaradiofonicadominicana.com\/portal\/como-elegir-la-lavadora-ideal-para-tu-hogar-segun-tus-necesidades\/"},"author":{"name":"Potencia Radiof\u00f3nica Dominicana","@id":"https:\/\/potenciaradiofonicadominicana.com\/portal\/#\/schema\/person\/a5cf1fea13877803ee0573ac18b03490"},"headline":"C\u00f3mo elegir la lavadora ideal para tu hogar seg\u00fan tus necesidades","datePublished":"2026-09-04T02:05:48+00:00","mainEntityOfPage":{"@id":"https:\/\/potenciaradiofonicadominicana.com\/portal\/como-elegir-la-lavadora-ideal-para-tu-hogar-segun-tus-necesidades\/"},"wordCount":1247,"publisher":{"@id":"https:\/\/potenciaradiofonicadominicana.com\/portal\/#organization"},"image":{"@id":"https:\/\/potenciaradiofonicadominicana.com\/portal\/como-elegir-la-lavadora-ideal-para-tu-hogar-segun-tus-necesidades\/#primaryimage"},"thumbnailUrl":"https:\/\/potenciaradiofonicadominicana.com\/portal\/wp-content\/uploads\/2026\/09\/7490_lavadora1.jpg","articleSection":["Ciencia y Tecnolog\u00eda"],"inLanguage":"es"},{"@type":"WebPage","@id":"https:\/\/potenciaradiofonicadominicana.com\/portal\/como-elegir-la-lavadora-ideal-para-tu-hogar-segun-tus-necesidades\/","url":"https:\/\/potenciaradiofonicadominicana.com\/portal\/como-elegir-la-lavadora-ideal-para-tu-hogar-segun-tus-necesidades\/","name":"C\u00f3mo elegir la lavadora ideal para tu hogar seg\u00fan tus necesidades - PotenciaRadiofonicaDominicana.com","isPartOf":{"@id":"https:\/\/potenciaradiofonicadominicana.com\/portal\/#website"},"primaryImageOfPage":{"@id":"https:\/\/potenciaradiofonicadominicana.com\/portal\/como-elegir-la-lavadora-ideal-para-tu-hogar-segun-tus-necesidades\/#primaryimage"},"image":{"@id":"https:\/\/potenciaradiofonicadominicana.com\/portal\/como-elegir-la-lavadora-ideal-para-tu-hogar-segun-tus-necesidades\/#primaryimage"},"thumbnailUrl":"https:\/\/potenciaradiofonicadominicana.com\/portal\/wp-content\/uploads\/2026\/09\/7490_lavadora1.jpg","datePublished":"2026-09-04T02:05:48+00:00","breadcrumb":{"@id":"https:\/\/potenciaradiofonicadominicana.com\/portal\/como-elegir-la-lavadora-ideal-para-tu-hogar-segun-tus-necesidades\/#breadcrumb"},"inLanguage":"es","potentialAction":[{"@type":"ReadAction","target":["https:\/\/potenciaradiofonicadominicana.com\/portal\/como-elegir-la-lavadora-ideal-para-tu-hogar-segun-tus-necesidades\/"]}]},{"@type":"ImageObject","inLanguage":"es","@id":"https:\/\/potenciaradiofonicadominicana.com\/portal\/como-elegir-la-lavadora-ideal-para-tu-hogar-segun-tus-necesidades\/#primaryimage","url":"https:\/\/potenciaradiofonicadominicana.com\/portal\/wp-content\/uploads\/2026\/09\/7490_lavadora1.jpg","contentUrl":"https:\/\/potenciaradiofonicadominicana.com\/portal\/wp-content\/uploads\/2026\/09\/7490_lavadora1.jpg","width":670,"height":446},{"@type":"BreadcrumbList","@id":"https:\/\/potenciaradiofonicadominicana.com\/portal\/como-elegir-la-lavadora-ideal-para-tu-hogar-segun-tus-necesidades\/#breadcrumb","itemListElement":[{"@type":"ListItem","position":1,"name":"Portada","item":"https:\/\/potenciaradiofonicadominicana.com\/portal\/"},{"@type":"ListItem","position":2,"name":"C\u00f3mo elegir la lavadora ideal para tu hogar seg\u00fan tus necesidades"}]},{"@type":"WebSite","@id":"https:\/\/potenciaradiofonicadominicana.com\/portal\/#website","url":"https:\/\/potenciaradiofonicadominicana.com\/portal\/","name":"PotenciaRadiofonicaDominicana.com","description":"Peri\u00f3dico Digital","publisher":{"@id":"https:\/\/potenciaradiofonicadominicana.com\/portal\/#organization"},"potentialAction":[{"@type":"SearchAction","target":{"@type":"EntryPoint","urlTemplate":"https:\/\/potenciaradiofonicadominicana.com\/portal\/?s={search_term_string}"},"query-input":{"@type":"PropertyValueSpecification","valueRequired":true,"valueName":"search_term_string"}}],"inLanguage":"es"},{"@type":"Organization","@id":"https:\/\/potenciaradiofonicadominicana.com\/portal\/#organization","name":"PotenciaRadiofonicaDominicana.com","url":"https:\/\/potenciaradiofonicadominicana.com\/portal\/","logo":{"@type":"ImageObject","inLanguage":"es","@id":"https:\/\/potenciaradiofonicadominicana.com\/portal\/#\/schema\/logo\/image\/","url":"https:\/\/potenciaradiofonicadominicana.com\/portal\/wp-content\/uploads\/2022\/01\/descarga.png","contentUrl":"https:\/\/potenciaradiofonicadominicana.com\/portal\/wp-content\/uploads\/2022\/01\/descarga.png","width":300,"height":100,"caption":"PotenciaRadiofonicaDominicana.com"},"image":{"@id":"https:\/\/potenciaradiofonicadominicana.com\/portal\/#\/schema\/logo\/image\/"},"sameAs":["https:\/\/web.facebook.com\/PotenciaRadiofonicaD"]},{"@type":"Person","@id":"https:\/\/potenciaradiofonicadominicana.com\/portal\/#\/schema\/person\/a5cf1fea13877803ee0573ac18b03490","name":"Potencia Radiof\u00f3nica Dominicana","image":{"@type":"ImageObject","inLanguage":"es","@id":"https:\/\/potenciaradiofonicadominicana.com\/portal\/#\/schema\/person\/image\/","url":"https:\/\/secure.gravatar.com\/avatar\/42a55ab9e8ccc656ba34cd791990602a?s=96&d=mm&r=g","contentUrl":"https:\/\/secure.gravatar.com\/avatar\/42a55ab9e8ccc656ba34cd791990602a?s=96&d=mm&r=g","caption":"Potencia Radiof\u00f3nica Dominicana"},"url":"https:\/\/potenciaradiofonicadominicana.com\/portal\/author\/johannyalmanzar\/"}]}},"_links":{"self":[{"href":"https:\/\/potenciaradiofonicadominicana.com\/portal\/wp-json\/wp\/v2\/posts\/225172","targetHints":{"allow":["GET"]}}],"collection":[{"href":"https:\/\/potenciaradiofonicadominicana.com\/portal\/wp-json\/wp\/v2\/posts"}],"about":[{"href":"https:\/\/potenciaradiofonicadominicana.com\/portal\/wp-json\/wp\/v2\/types\/post"}],"author":[{"embeddable":true,"href":"https:\/\/potenciaradiofonicadominicana.com\/portal\/wp-json\/wp\/v2\/users\/2"}],"replies":[{"embeddable":true,"href":"https:\/\/potenciaradiofonicadominicana.com\/portal\/wp-json\/wp\/v2\/comments?post=225172"}],"version-history":[{"count":1,"href":"https:\/\/potenciaradiofonicadominicana.com\/portal\/wp-json\/wp\/v2\/posts\/225172\/revisions"}],"predecessor-version":[{"id":225174,"href":"https:\/\/potenciaradiofonicadominicana.com\/portal\/wp-json\/wp\/v2\/posts\/225172\/revisions\/225174"}],"wp:featuredmedia":[{"embeddable":true,"href":"https:\/\/potenciaradiofonicadominicana.com\/portal\/wp-json\/wp\/v2\/media\/225173"}],"wp:attachment":[{"href":"https:\/\/potenciaradiofonicadominicana.com\/portal\/wp-json\/wp\/v2\/media?parent=225172"}],"wp:term":[{"taxonomy":"category","embeddable":true,"href":"https:\/\/potenciaradiofonicadominicana.com\/portal\/wp-json\/wp\/v2\/categories?post=225172"},{"taxonomy":"post_tag","embeddable":true,"href":"https:\/\/potenciaradiofonicadominicana.com\/portal\/wp-json\/wp\/v2\/tags?post=225172"}],"curies":[{"name":"wp","href":"https:\/\/api.w.org\/{rel}","templated":true}]}}