{"id":225159,"date":"2026-09-03T21:45:19","date_gmt":"2026-09-04T01:45:19","guid":{"rendered":"https:\/\/potenciaradiofonicadominicana.com\/portal\/?p=225159"},"modified":"2026-09-03T21:45:19","modified_gmt":"2026-09-04T01:45:19","slug":"fotosintesis-artificial-como-transformar-el-co2-y-el-agua-en-combustible-usando-solo-luz-solar","status":"publish","type":"post","link":"https:\/\/potenciaradiofonicadominicana.com\/portal\/fotosintesis-artificial-como-transformar-el-co2-y-el-agua-en-combustible-usando-solo-luz-solar\/","title":{"rendered":"Fotos\u00edntesis artificial: c\u00f3mo transformar el CO2 y el agua en combustible usando solo luz solar"},"content":{"rendered":"<p><a href=\"https:\/\/potenciaradiofonicadominicana.com\/portal\/wp-content\/uploads\/2026\/09\/8105_nika_akin-leaf-4764359.jpg\"><img loading=\"lazy\" decoding=\"async\" class=\"alignnone size-full wp-image-225160\" src=\"https:\/\/potenciaradiofonicadominicana.com\/portal\/wp-content\/uploads\/2026\/09\/8105_nika_akin-leaf-4764359.jpg\" alt=\"\" width=\"670\" height=\"503\" srcset=\"https:\/\/potenciaradiofonicadominicana.com\/portal\/wp-content\/uploads\/2026\/09\/8105_nika_akin-leaf-4764359.jpg 670w, https:\/\/potenciaradiofonicadominicana.com\/portal\/wp-content\/uploads\/2026\/09\/8105_nika_akin-leaf-4764359-300x225.jpg 300w\" sizes=\"auto, (max-width: 670px) 100vw, 670px\" \/><\/a><\/p>\n<p>Durante miles de millones de a\u00f1os, las plantas han dominado una de las reacciones qu\u00edmicas m\u00e1s fascinantes de la Tierra: tomar agua, di\u00f3xido de carbono y radiaci\u00f3n solar para fabricar su propio alimento y liberar ox\u00edgeno como subproducto. Hoy, la comunidad cient\u00edfica busca replicar y optimizar este proceso de la naturaleza mediante la\u00a0<b>fotos\u00edntesis artificial<\/b>, una tecnolog\u00eda capaz de capturar el\u00a0<span class=\"math-inline\">CO<sub>2<\/sub><\/span>\u00a0directamente de la atm\u00f3sfera o de emisiones industriales y convertirlo en combustibles sint\u00e9ticos de cero emisiones netas.<\/p>\n<p>&nbsp;<\/p>\n<p>Esta innovaci\u00f3n se perfila como un pilar decisivo en la transici\u00f3n energ\u00e9tica global, ofreciendo una alternativa limpia para sectores dif\u00edciles de electrificar, como la aviaci\u00f3n, el transporte mar\u00edtimo y la aviaci\u00f3n pesada.<\/p>\n<p>&nbsp;<\/p>\n<h2>\u00bfEn qu\u00e9 consiste la fotos\u00edntesis artificial?<\/h2>\n<p>&nbsp;<\/p>\n<p>A diferencia de los paneles solares fotovoltaicos tradicionales \u2014que convierten la radiaci\u00f3n solar en electricidad para almacenarla en bater\u00edas\u2014, la fotos\u00edntesis artificial convierte la energ\u00eda solar\u00a0<b>directamente en enlaces qu\u00edmicos<\/b>. El objetivo central no es generar corriente el\u00e9ctrica instant\u00e1nea, sino almacenar esa energ\u00eda en forma de densidad l\u00edquida o gaseosa: los llamados\u00a0<b>combustibles solares<\/b>\u00a0o\u00a0<i>e-fuels<\/i>.<\/p>\n<p>&nbsp;<\/p>\n<p>El proceso imita la fase luminosa y la fase oscura de las plantas mediante sistemas fotoelectroqu\u00edmicos o celdas de fotocat\u00e1lisis heterog\u00e9nea. Los insumos b\u00e1sicos son tres:<\/p>\n<p>&nbsp;<\/p>\n<p><b>-Agua (<span class=\"math-inline\">H<sub>2<\/sub>O<\/span>):<\/b>\u00a0Proporciona los electrones y los protones necesarios tras romper su mol\u00e9cula.<\/p>\n<p>&nbsp;<\/p>\n<p><b>-Di\u00f3xido de carbono (<span class=\"math-inline\">CO<sub>2<\/sub><\/span>):<\/b>\u00a0Act\u00faa como la fuente de carbono para sintetizar la cadena de hidrocarburos.<\/p>\n<p>&nbsp;<\/p>\n<p><b>-Luz solar:<\/b>\u00a0Aporta los fotones que desencadenan y sostienen la reacci\u00f3n qu\u00edmica.<\/p>\n<p>&nbsp;<\/p>\n<h2>Mecanismo de reacci\u00f3n: del fot\u00f3n al hidrocarburo<\/h2>\n<p>&nbsp;<\/p>\n<p>Para lograr la conversi\u00f3n directa sin etapas intermedias complejas ni alta fricci\u00f3n energ\u00e9tica, un sistema de fotos\u00edntesis artificial opera a trav\u00e9s de dos etapas acopladas de manera coordinada.<\/p>\n<p>&nbsp;<\/p>\n<h3>1. Oxidaci\u00f3n del agua (fot\u00f3lisis)<\/h3>\n<p>&nbsp;<\/p>\n<p>Los fotones de la luz inciden sobre un material semiconductor conocido como\u00a0<b>foto\u00e1nodo<\/b>. Al absorber esta energ\u00eda, el semiconductor libera electrones que viajan por el circuito interno y deja \u00abhuecos\u00bb con alta capacidad oxidante. Estos huecos reaccionan con las mol\u00e9culas de agua, dividi\u00e9ndolas en gas ox\u00edgeno (<span class=\"math-inline\">O<sub>2<\/sub><\/span>), protones de hidr\u00f3geno (<span class=\"math-inline\">H<sup>+<\/sup><\/span>) y electrones (<span class=\"math-inline\">e<sup>&#8211;<\/sup><\/span>).<\/p>\n<p>&nbsp;<\/p>\n<h3>2. Reducci\u00f3n del\u00a0<span class=\"math-inline\">CO<sub>2<\/sub><\/span><\/h3>\n<p>&nbsp;<\/p>\n<p>Los electrones generados migran hacia el\u00a0<b>fotoc\u00e1todo<\/b>, donde se encuentran con las mol\u00e9culas de di\u00f3xido de carbono previamente capturadas. Con la ayuda de catalizadores dise\u00f1ados a escala nanom\u00e9trica, el\u00a0<span class=\"math-inline\">CO<sub>2<\/sub><\/span>\u00a0acepta estos electrones y los protones de hidr\u00f3geno disueltos en el medio.<\/p>\n<p>&nbsp;<\/p>\n<p>Dependiendo del catalizador empleado y de la configuraci\u00f3n energ\u00e9tica, la reacci\u00f3n qu\u00edmica permite sintetizar diversos compuestos \u00fatiles:<\/p>\n<p>&nbsp;<\/p>\n<p><b>-Mon\u00f3xido de carbono (<span class=\"math-inline\">CO<\/span>) y gas de s\u00edntesis (<i>syngas<\/i>):<\/b>\u00a0Una mezcla de\u00a0<span class=\"math-inline\">CO<\/span>\u00a0e\u00a0<span class=\"math-inline\">H<sub>2<\/sub><\/span>\u00a0que sirve de base para la industria petroqu\u00edmica.<\/p>\n<p>&nbsp;<\/p>\n<p><b>-Metanol (<span class=\"math-inline\">CH<sub>3<\/sub>OH<\/span>) y Etanol (<span class=\"math-inline\">C<sub>2<\/sub>H<sub>5<\/sub>OH<\/span>):<\/b>\u00a0Alcoholes l\u00edquidos utilizables directamente en motores t\u00e9rmicos o pilas de combustible.<\/p>\n<p>&nbsp;<\/p>\n<p><b>-Metano (<span class=\"math-inline\">CH<sub>4<\/sub><\/span>):<\/b>\u00a0Gas natural sint\u00e9tico apto para la red de distribuci\u00f3n convencional.<\/p>\n<p>&nbsp;<\/p>\n<p><b>-\u00c1cido f\u00f3rmico (<span class=\"math-inline\">HCOOH<\/span>):<\/b>\u00a0Vector de almacenamiento seguro de hidr\u00f3geno l\u00edquido.<\/p>\n<p>&nbsp;<\/p>\n<h2>Las ventajas de los combustibles sint\u00e9ticos solares<\/h2>\n<p>&nbsp;<\/p>\n<p>La principal fortaleza de la fotos\u00edntesis artificial radica en que ofrece un\u00a0<b>ciclo cerrado de carbono<\/b>. Cuando el combustible sint\u00e9tico se quema en un motor o turbina, se libera exactamente la misma cantidad de\u00a0<span class=\"math-inline\">CO<sub>2<\/sub><\/span>\u00a0que fue extra\u00edda para fabricarlo, resultando en una huella neta neutra de carbono.<\/p>\n<p>&nbsp;<\/p>\n<p>Adem\u00e1s, presenta beneficios estrat\u00e9gicos destacados frente a otras alternativas renovables:<\/p>\n<p>&nbsp;<\/p>\n<p><b>-Alta densidad energ\u00e9tica:<\/b>\u00a0Supera ampliamente la capacidad de almacenamiento por kilo de las bater\u00edas de litio actuales, indispensable para trayectos de larga distancia.<\/p>\n<p>&nbsp;<\/p>\n<p><b>-Aprovechamiento directo de infraestructuras:<\/b>\u00a0Los hidrocarburos sint\u00e9ticos son compatibles con los motores de combusti\u00f3n existentes, gasoductos y dep\u00f3sitos de almacenamiento de combustible.<\/p>\n<p>&nbsp;<\/p>\n<p><b>-Independencia del suelo cultivable:<\/b>\u00a0A diferencia de los biocombustibles tradicionales, no requiere deforestaci\u00f3n ni entra en conflicto con la producci\u00f3n de alimentos por uso de tierras de cultivo.<\/p>\n<p>&nbsp;<\/p>\n<h2>Obst\u00e1culos t\u00e9cnicos y el reto de la escala industrial<\/h2>\n<p>&nbsp;<\/p>\n<p>Pese a su enorme potencial, la fotos\u00edntesis artificial a\u00fan afronta importantes desaf\u00edos de ingenier\u00eda antes de consolidarse comercialmente a gran escala.<\/p>\n<p>&nbsp;<\/p>\n<p>El principal cuello de botella es la\u00a0<b>eficiencia de conversi\u00f3n de luz a qu\u00edmico<\/b>\u00a0(STC, por sus siglas en ingl\u00e9s). Mientras que las plantas naturales operan con una eficiencia energ\u00e9tica promedio inferior al 1%, los sistemas artificiales en laboratorio han superado el 10%, pero mantener estos rendimientos de forma estable durante miles de horas sigue siendo complejo.<\/p>\n<p>&nbsp;<\/p>\n<p>Por otro lado, los catalizadores m\u00e1s eficientes suelen emplear metales nobles y escasos como el iridio o el platino. La investigaci\u00f3n actual se centra en reemplazar estos elementos con materiales abundantes en la corteza terrestre \u2014como \u00f3xidos de hierro, cobalto, cobre y perovskitas\u2014 para reducir radicalmente los costes de fabricaci\u00f3n.<\/p>\n","protected":false},"excerpt":{"rendered":"<p>Durante miles de millones de a\u00f1os, las plantas han dominado una de las reacciones qu\u00edmicas m\u00e1s fascinantes de la Tierra: &#8230;<\/p>\n","protected":false},"author":2,"featured_media":225160,"comment_status":"closed","ping_status":"closed","sticky":false,"template":"","format":"standard","meta":{"footnotes":""},"categories":[14],"tags":[],"class_list":["post-225159","post","type-post","status-publish","format-standard","has-post-thumbnail","hentry","category-ciencia-y-tecnologia"],"yoast_head":"<!-- This site is optimized with the Yoast SEO plugin v24.8.1 - https:\/\/yoast.com\/wordpress\/plugins\/seo\/ -->\n<title>Fotos\u00edntesis artificial: c\u00f3mo transformar el CO2 y el agua en combustible usando solo luz solar - PotenciaRadiofonicaDominicana.com<\/title>\n<meta name=\"robots\" content=\"index, follow, max-snippet:-1, max-image-preview:large, max-video-preview:-1\" \/>\n<link rel=\"canonical\" href=\"https:\/\/potenciaradiofonicadominicana.com\/portal\/fotosintesis-artificial-como-transformar-el-co2-y-el-agua-en-combustible-usando-solo-luz-solar\/\" \/>\n<meta property=\"og:locale\" content=\"es_ES\" \/>\n<meta property=\"og:type\" content=\"article\" \/>\n<meta property=\"og:title\" content=\"Fotos\u00edntesis artificial: c\u00f3mo transformar el CO2 y el agua en combustible usando solo luz solar - PotenciaRadiofonicaDominicana.com\" \/>\n<meta property=\"og:description\" content=\"Durante miles de millones de a\u00f1os, las plantas han dominado una de las reacciones qu\u00edmicas m\u00e1s fascinantes de la Tierra: ...\" \/>\n<meta property=\"og:url\" content=\"https:\/\/potenciaradiofonicadominicana.com\/portal\/fotosintesis-artificial-como-transformar-el-co2-y-el-agua-en-combustible-usando-solo-luz-solar\/\" \/>\n<meta property=\"og:site_name\" content=\"PotenciaRadiofonicaDominicana.com\" \/>\n<meta property=\"article:publisher\" content=\"https:\/\/web.facebook.com\/PotenciaRadiofonicaD\" \/>\n<meta property=\"article:published_time\" content=\"2026-09-04T01:45:19+00:00\" \/>\n<meta property=\"og:image\" content=\"https:\/\/potenciaradiofonicadominicana.com\/portal\/wp-content\/uploads\/2026\/09\/8105_nika_akin-leaf-4764359.jpg\" \/>\n\t<meta property=\"og:image:width\" content=\"670\" \/>\n\t<meta property=\"og:image:height\" content=\"503\" \/>\n\t<meta property=\"og:image:type\" content=\"image\/jpeg\" \/>\n<meta name=\"author\" content=\"Potencia Radiof\u00f3nica Dominicana\" \/>\n<meta name=\"twitter:card\" content=\"summary_large_image\" \/>\n<meta name=\"twitter:label1\" content=\"Escrito por\" \/>\n\t<meta name=\"twitter:data1\" content=\"Potencia Radiof\u00f3nica Dominicana\" \/>\n\t<meta name=\"twitter:label2\" content=\"Tiempo de lectura\" \/>\n\t<meta name=\"twitter:data2\" content=\"4 minutos\" \/>\n<script type=\"application\/ld+json\" class=\"yoast-schema-graph\">{\"@context\":\"https:\/\/schema.org\",\"@graph\":[{\"@type\":\"Article\",\"@id\":\"https:\/\/potenciaradiofonicadominicana.com\/portal\/fotosintesis-artificial-como-transformar-el-co2-y-el-agua-en-combustible-usando-solo-luz-solar\/#article\",\"isPartOf\":{\"@id\":\"https:\/\/potenciaradiofonicadominicana.com\/portal\/fotosintesis-artificial-como-transformar-el-co2-y-el-agua-en-combustible-usando-solo-luz-solar\/\"},\"author\":{\"name\":\"Potencia Radiof\u00f3nica Dominicana\",\"@id\":\"https:\/\/potenciaradiofonicadominicana.com\/portal\/#\/schema\/person\/a5cf1fea13877803ee0573ac18b03490\"},\"headline\":\"Fotos\u00edntesis artificial: c\u00f3mo transformar el CO2 y el agua en combustible usando solo luz solar\",\"datePublished\":\"2026-09-04T01:45:19+00:00\",\"mainEntityOfPage\":{\"@id\":\"https:\/\/potenciaradiofonicadominicana.com\/portal\/fotosintesis-artificial-como-transformar-el-co2-y-el-agua-en-combustible-usando-solo-luz-solar\/\"},\"wordCount\":878,\"publisher\":{\"@id\":\"https:\/\/potenciaradiofonicadominicana.com\/portal\/#organization\"},\"image\":{\"@id\":\"https:\/\/potenciaradiofonicadominicana.com\/portal\/fotosintesis-artificial-como-transformar-el-co2-y-el-agua-en-combustible-usando-solo-luz-solar\/#primaryimage\"},\"thumbnailUrl\":\"https:\/\/potenciaradiofonicadominicana.com\/portal\/wp-content\/uploads\/2026\/09\/8105_nika_akin-leaf-4764359.jpg\",\"articleSection\":[\"Ciencia y Tecnolog\u00eda\"],\"inLanguage\":\"es\"},{\"@type\":\"WebPage\",\"@id\":\"https:\/\/potenciaradiofonicadominicana.com\/portal\/fotosintesis-artificial-como-transformar-el-co2-y-el-agua-en-combustible-usando-solo-luz-solar\/\",\"url\":\"https:\/\/potenciaradiofonicadominicana.com\/portal\/fotosintesis-artificial-como-transformar-el-co2-y-el-agua-en-combustible-usando-solo-luz-solar\/\",\"name\":\"Fotos\u00edntesis artificial: c\u00f3mo transformar el CO2 y el agua en combustible usando solo luz solar - PotenciaRadiofonicaDominicana.com\",\"isPartOf\":{\"@id\":\"https:\/\/potenciaradiofonicadominicana.com\/portal\/#website\"},\"primaryImageOfPage\":{\"@id\":\"https:\/\/potenciaradiofonicadominicana.com\/portal\/fotosintesis-artificial-como-transformar-el-co2-y-el-agua-en-combustible-usando-solo-luz-solar\/#primaryimage\"},\"image\":{\"@id\":\"https:\/\/potenciaradiofonicadominicana.com\/portal\/fotosintesis-artificial-como-transformar-el-co2-y-el-agua-en-combustible-usando-solo-luz-solar\/#primaryimage\"},\"thumbnailUrl\":\"https:\/\/potenciaradiofonicadominicana.com\/portal\/wp-content\/uploads\/2026\/09\/8105_nika_akin-leaf-4764359.jpg\",\"datePublished\":\"2026-09-04T01:45:19+00:00\",\"breadcrumb\":{\"@id\":\"https:\/\/potenciaradiofonicadominicana.com\/portal\/fotosintesis-artificial-como-transformar-el-co2-y-el-agua-en-combustible-usando-solo-luz-solar\/#breadcrumb\"},\"inLanguage\":\"es\",\"potentialAction\":[{\"@type\":\"ReadAction\",\"target\":[\"https:\/\/potenciaradiofonicadominicana.com\/portal\/fotosintesis-artificial-como-transformar-el-co2-y-el-agua-en-combustible-usando-solo-luz-solar\/\"]}]},{\"@type\":\"ImageObject\",\"inLanguage\":\"es\",\"@id\":\"https:\/\/potenciaradiofonicadominicana.com\/portal\/fotosintesis-artificial-como-transformar-el-co2-y-el-agua-en-combustible-usando-solo-luz-solar\/#primaryimage\",\"url\":\"https:\/\/potenciaradiofonicadominicana.com\/portal\/wp-content\/uploads\/2026\/09\/8105_nika_akin-leaf-4764359.jpg\",\"contentUrl\":\"https:\/\/potenciaradiofonicadominicana.com\/portal\/wp-content\/uploads\/2026\/09\/8105_nika_akin-leaf-4764359.jpg\",\"width\":670,\"height\":503},{\"@type\":\"BreadcrumbList\",\"@id\":\"https:\/\/potenciaradiofonicadominicana.com\/portal\/fotosintesis-artificial-como-transformar-el-co2-y-el-agua-en-combustible-usando-solo-luz-solar\/#breadcrumb\",\"itemListElement\":[{\"@type\":\"ListItem\",\"position\":1,\"name\":\"Portada\",\"item\":\"https:\/\/potenciaradiofonicadominicana.com\/portal\/\"},{\"@type\":\"ListItem\",\"position\":2,\"name\":\"Fotos\u00edntesis artificial: c\u00f3mo transformar el CO2 y el agua en combustible usando solo luz solar\"}]},{\"@type\":\"WebSite\",\"@id\":\"https:\/\/potenciaradiofonicadominicana.com\/portal\/#website\",\"url\":\"https:\/\/potenciaradiofonicadominicana.com\/portal\/\",\"name\":\"PotenciaRadiofonicaDominicana.com\",\"description\":\"Peri\u00f3dico Digital\",\"publisher\":{\"@id\":\"https:\/\/potenciaradiofonicadominicana.com\/portal\/#organization\"},\"potentialAction\":[{\"@type\":\"SearchAction\",\"target\":{\"@type\":\"EntryPoint\",\"urlTemplate\":\"https:\/\/potenciaradiofonicadominicana.com\/portal\/?s={search_term_string}\"},\"query-input\":{\"@type\":\"PropertyValueSpecification\",\"valueRequired\":true,\"valueName\":\"search_term_string\"}}],\"inLanguage\":\"es\"},{\"@type\":\"Organization\",\"@id\":\"https:\/\/potenciaradiofonicadominicana.com\/portal\/#organization\",\"name\":\"PotenciaRadiofonicaDominicana.com\",\"url\":\"https:\/\/potenciaradiofonicadominicana.com\/portal\/\",\"logo\":{\"@type\":\"ImageObject\",\"inLanguage\":\"es\",\"@id\":\"https:\/\/potenciaradiofonicadominicana.com\/portal\/#\/schema\/logo\/image\/\",\"url\":\"https:\/\/potenciaradiofonicadominicana.com\/portal\/wp-content\/uploads\/2022\/01\/descarga.png\",\"contentUrl\":\"https:\/\/potenciaradiofonicadominicana.com\/portal\/wp-content\/uploads\/2022\/01\/descarga.png\",\"width\":300,\"height\":100,\"caption\":\"PotenciaRadiofonicaDominicana.com\"},\"image\":{\"@id\":\"https:\/\/potenciaradiofonicadominicana.com\/portal\/#\/schema\/logo\/image\/\"},\"sameAs\":[\"https:\/\/web.facebook.com\/PotenciaRadiofonicaD\"]},{\"@type\":\"Person\",\"@id\":\"https:\/\/potenciaradiofonicadominicana.com\/portal\/#\/schema\/person\/a5cf1fea13877803ee0573ac18b03490\",\"name\":\"Potencia Radiof\u00f3nica Dominicana\",\"image\":{\"@type\":\"ImageObject\",\"inLanguage\":\"es\",\"@id\":\"https:\/\/potenciaradiofonicadominicana.com\/portal\/#\/schema\/person\/image\/\",\"url\":\"https:\/\/secure.gravatar.com\/avatar\/42a55ab9e8ccc656ba34cd791990602a?s=96&d=mm&r=g\",\"contentUrl\":\"https:\/\/secure.gravatar.com\/avatar\/42a55ab9e8ccc656ba34cd791990602a?s=96&d=mm&r=g\",\"caption\":\"Potencia Radiof\u00f3nica Dominicana\"},\"url\":\"https:\/\/potenciaradiofonicadominicana.com\/portal\/author\/johannyalmanzar\/\"}]}<\/script>\n<!-- \/ Yoast SEO plugin. -->","yoast_head_json":{"title":"Fotos\u00edntesis artificial: c\u00f3mo transformar el CO2 y el agua en combustible usando solo luz solar - PotenciaRadiofonicaDominicana.com","robots":{"index":"index","follow":"follow","max-snippet":"max-snippet:-1","max-image-preview":"max-image-preview:large","max-video-preview":"max-video-preview:-1"},"canonical":"https:\/\/potenciaradiofonicadominicana.com\/portal\/fotosintesis-artificial-como-transformar-el-co2-y-el-agua-en-combustible-usando-solo-luz-solar\/","og_locale":"es_ES","og_type":"article","og_title":"Fotos\u00edntesis artificial: c\u00f3mo transformar el CO2 y el agua en combustible usando solo luz solar - PotenciaRadiofonicaDominicana.com","og_description":"Durante miles de millones de a\u00f1os, las plantas han dominado una de las reacciones qu\u00edmicas m\u00e1s fascinantes de la Tierra: ...","og_url":"https:\/\/potenciaradiofonicadominicana.com\/portal\/fotosintesis-artificial-como-transformar-el-co2-y-el-agua-en-combustible-usando-solo-luz-solar\/","og_site_name":"PotenciaRadiofonicaDominicana.com","article_publisher":"https:\/\/web.facebook.com\/PotenciaRadiofonicaD","article_published_time":"2026-09-04T01:45:19+00:00","og_image":[{"width":670,"height":503,"url":"https:\/\/potenciaradiofonicadominicana.com\/portal\/wp-content\/uploads\/2026\/09\/8105_nika_akin-leaf-4764359.jpg","type":"image\/jpeg"}],"author":"Potencia Radiof\u00f3nica Dominicana","twitter_card":"summary_large_image","twitter_misc":{"Escrito por":"Potencia Radiof\u00f3nica Dominicana","Tiempo de lectura":"4 minutos"},"schema":{"@context":"https:\/\/schema.org","@graph":[{"@type":"Article","@id":"https:\/\/potenciaradiofonicadominicana.com\/portal\/fotosintesis-artificial-como-transformar-el-co2-y-el-agua-en-combustible-usando-solo-luz-solar\/#article","isPartOf":{"@id":"https:\/\/potenciaradiofonicadominicana.com\/portal\/fotosintesis-artificial-como-transformar-el-co2-y-el-agua-en-combustible-usando-solo-luz-solar\/"},"author":{"name":"Potencia Radiof\u00f3nica Dominicana","@id":"https:\/\/potenciaradiofonicadominicana.com\/portal\/#\/schema\/person\/a5cf1fea13877803ee0573ac18b03490"},"headline":"Fotos\u00edntesis artificial: c\u00f3mo transformar el CO2 y el agua en combustible usando solo luz solar","datePublished":"2026-09-04T01:45:19+00:00","mainEntityOfPage":{"@id":"https:\/\/potenciaradiofonicadominicana.com\/portal\/fotosintesis-artificial-como-transformar-el-co2-y-el-agua-en-combustible-usando-solo-luz-solar\/"},"wordCount":878,"publisher":{"@id":"https:\/\/potenciaradiofonicadominicana.com\/portal\/#organization"},"image":{"@id":"https:\/\/potenciaradiofonicadominicana.com\/portal\/fotosintesis-artificial-como-transformar-el-co2-y-el-agua-en-combustible-usando-solo-luz-solar\/#primaryimage"},"thumbnailUrl":"https:\/\/potenciaradiofonicadominicana.com\/portal\/wp-content\/uploads\/2026\/09\/8105_nika_akin-leaf-4764359.jpg","articleSection":["Ciencia y Tecnolog\u00eda"],"inLanguage":"es"},{"@type":"WebPage","@id":"https:\/\/potenciaradiofonicadominicana.com\/portal\/fotosintesis-artificial-como-transformar-el-co2-y-el-agua-en-combustible-usando-solo-luz-solar\/","url":"https:\/\/potenciaradiofonicadominicana.com\/portal\/fotosintesis-artificial-como-transformar-el-co2-y-el-agua-en-combustible-usando-solo-luz-solar\/","name":"Fotos\u00edntesis artificial: c\u00f3mo transformar el CO2 y el agua en combustible usando solo luz solar - PotenciaRadiofonicaDominicana.com","isPartOf":{"@id":"https:\/\/potenciaradiofonicadominicana.com\/portal\/#website"},"primaryImageOfPage":{"@id":"https:\/\/potenciaradiofonicadominicana.com\/portal\/fotosintesis-artificial-como-transformar-el-co2-y-el-agua-en-combustible-usando-solo-luz-solar\/#primaryimage"},"image":{"@id":"https:\/\/potenciaradiofonicadominicana.com\/portal\/fotosintesis-artificial-como-transformar-el-co2-y-el-agua-en-combustible-usando-solo-luz-solar\/#primaryimage"},"thumbnailUrl":"https:\/\/potenciaradiofonicadominicana.com\/portal\/wp-content\/uploads\/2026\/09\/8105_nika_akin-leaf-4764359.jpg","datePublished":"2026-09-04T01:45:19+00:00","breadcrumb":{"@id":"https:\/\/potenciaradiofonicadominicana.com\/portal\/fotosintesis-artificial-como-transformar-el-co2-y-el-agua-en-combustible-usando-solo-luz-solar\/#breadcrumb"},"inLanguage":"es","potentialAction":[{"@type":"ReadAction","target":["https:\/\/potenciaradiofonicadominicana.com\/portal\/fotosintesis-artificial-como-transformar-el-co2-y-el-agua-en-combustible-usando-solo-luz-solar\/"]}]},{"@type":"ImageObject","inLanguage":"es","@id":"https:\/\/potenciaradiofonicadominicana.com\/portal\/fotosintesis-artificial-como-transformar-el-co2-y-el-agua-en-combustible-usando-solo-luz-solar\/#primaryimage","url":"https:\/\/potenciaradiofonicadominicana.com\/portal\/wp-content\/uploads\/2026\/09\/8105_nika_akin-leaf-4764359.jpg","contentUrl":"https:\/\/potenciaradiofonicadominicana.com\/portal\/wp-content\/uploads\/2026\/09\/8105_nika_akin-leaf-4764359.jpg","width":670,"height":503},{"@type":"BreadcrumbList","@id":"https:\/\/potenciaradiofonicadominicana.com\/portal\/fotosintesis-artificial-como-transformar-el-co2-y-el-agua-en-combustible-usando-solo-luz-solar\/#breadcrumb","itemListElement":[{"@type":"ListItem","position":1,"name":"Portada","item":"https:\/\/potenciaradiofonicadominicana.com\/portal\/"},{"@type":"ListItem","position":2,"name":"Fotos\u00edntesis artificial: c\u00f3mo transformar el CO2 y el agua en combustible usando solo luz solar"}]},{"@type":"WebSite","@id":"https:\/\/potenciaradiofonicadominicana.com\/portal\/#website","url":"https:\/\/potenciaradiofonicadominicana.com\/portal\/","name":"PotenciaRadiofonicaDominicana.com","description":"Peri\u00f3dico Digital","publisher":{"@id":"https:\/\/potenciaradiofonicadominicana.com\/portal\/#organization"},"potentialAction":[{"@type":"SearchAction","target":{"@type":"EntryPoint","urlTemplate":"https:\/\/potenciaradiofonicadominicana.com\/portal\/?s={search_term_string}"},"query-input":{"@type":"PropertyValueSpecification","valueRequired":true,"valueName":"search_term_string"}}],"inLanguage":"es"},{"@type":"Organization","@id":"https:\/\/potenciaradiofonicadominicana.com\/portal\/#organization","name":"PotenciaRadiofonicaDominicana.com","url":"https:\/\/potenciaradiofonicadominicana.com\/portal\/","logo":{"@type":"ImageObject","inLanguage":"es","@id":"https:\/\/potenciaradiofonicadominicana.com\/portal\/#\/schema\/logo\/image\/","url":"https:\/\/potenciaradiofonicadominicana.com\/portal\/wp-content\/uploads\/2022\/01\/descarga.png","contentUrl":"https:\/\/potenciaradiofonicadominicana.com\/portal\/wp-content\/uploads\/2022\/01\/descarga.png","width":300,"height":100,"caption":"PotenciaRadiofonicaDominicana.com"},"image":{"@id":"https:\/\/potenciaradiofonicadominicana.com\/portal\/#\/schema\/logo\/image\/"},"sameAs":["https:\/\/web.facebook.com\/PotenciaRadiofonicaD"]},{"@type":"Person","@id":"https:\/\/potenciaradiofonicadominicana.com\/portal\/#\/schema\/person\/a5cf1fea13877803ee0573ac18b03490","name":"Potencia Radiof\u00f3nica Dominicana","image":{"@type":"ImageObject","inLanguage":"es","@id":"https:\/\/potenciaradiofonicadominicana.com\/portal\/#\/schema\/person\/image\/","url":"https:\/\/secure.gravatar.com\/avatar\/42a55ab9e8ccc656ba34cd791990602a?s=96&d=mm&r=g","contentUrl":"https:\/\/secure.gravatar.com\/avatar\/42a55ab9e8ccc656ba34cd791990602a?s=96&d=mm&r=g","caption":"Potencia Radiof\u00f3nica Dominicana"},"url":"https:\/\/potenciaradiofonicadominicana.com\/portal\/author\/johannyalmanzar\/"}]}},"_links":{"self":[{"href":"https:\/\/potenciaradiofonicadominicana.com\/portal\/wp-json\/wp\/v2\/posts\/225159","targetHints":{"allow":["GET"]}}],"collection":[{"href":"https:\/\/potenciaradiofonicadominicana.com\/portal\/wp-json\/wp\/v2\/posts"}],"about":[{"href":"https:\/\/potenciaradiofonicadominicana.com\/portal\/wp-json\/wp\/v2\/types\/post"}],"author":[{"embeddable":true,"href":"https:\/\/potenciaradiofonicadominicana.com\/portal\/wp-json\/wp\/v2\/users\/2"}],"replies":[{"embeddable":true,"href":"https:\/\/potenciaradiofonicadominicana.com\/portal\/wp-json\/wp\/v2\/comments?post=225159"}],"version-history":[{"count":1,"href":"https:\/\/potenciaradiofonicadominicana.com\/portal\/wp-json\/wp\/v2\/posts\/225159\/revisions"}],"predecessor-version":[{"id":225161,"href":"https:\/\/potenciaradiofonicadominicana.com\/portal\/wp-json\/wp\/v2\/posts\/225159\/revisions\/225161"}],"wp:featuredmedia":[{"embeddable":true,"href":"https:\/\/potenciaradiofonicadominicana.com\/portal\/wp-json\/wp\/v2\/media\/225160"}],"wp:attachment":[{"href":"https:\/\/potenciaradiofonicadominicana.com\/portal\/wp-json\/wp\/v2\/media?parent=225159"}],"wp:term":[{"taxonomy":"category","embeddable":true,"href":"https:\/\/potenciaradiofonicadominicana.com\/portal\/wp-json\/wp\/v2\/categories?post=225159"},{"taxonomy":"post_tag","embeddable":true,"href":"https:\/\/potenciaradiofonicadominicana.com\/portal\/wp-json\/wp\/v2\/tags?post=225159"}],"curies":[{"name":"wp","href":"https:\/\/api.w.org\/{rel}","templated":true}]}}