{"id":225143,"date":"2026-09-01T23:40:57","date_gmt":"2026-09-02T03:40:57","guid":{"rendered":"https:\/\/potenciaradiofonicadominicana.com\/portal\/?p=225143"},"modified":"2026-09-01T23:40:57","modified_gmt":"2026-09-02T03:40:57","slug":"senador-del-prm-no-nos-conviene-pero-omar-es-el-mejor-candidato-de-la-oposicion","status":"publish","type":"post","link":"https:\/\/potenciaradiofonicadominicana.com\/portal\/senador-del-prm-no-nos-conviene-pero-omar-es-el-mejor-candidato-de-la-oposicion\/","title":{"rendered":"Senador del PRM: \u201cNo nos conviene, pero Omar es el mejor candidato de la oposici\u00f3n\u201d"},"content":{"rendered":"<p><a href=\"https:\/\/potenciaradiofonicadominicana.com\/portal\/wp-content\/uploads\/2026\/09\/Rafael-Cholitin-Baron-Duluc.webp\"><img loading=\"lazy\" decoding=\"async\" class=\"alignnone size-full wp-image-225144\" src=\"https:\/\/potenciaradiofonicadominicana.com\/portal\/wp-content\/uploads\/2026\/09\/Rafael-Cholitin-Baron-Duluc.webp\" alt=\"\" width=\"1200\" height=\"852\" srcset=\"https:\/\/potenciaradiofonicadominicana.com\/portal\/wp-content\/uploads\/2026\/09\/Rafael-Cholitin-Baron-Duluc.webp 1200w, https:\/\/potenciaradiofonicadominicana.com\/portal\/wp-content\/uploads\/2026\/09\/Rafael-Cholitin-Baron-Duluc-300x213.webp 300w, https:\/\/potenciaradiofonicadominicana.com\/portal\/wp-content\/uploads\/2026\/09\/Rafael-Cholitin-Baron-Duluc-1024x727.webp 1024w, https:\/\/potenciaradiofonicadominicana.com\/portal\/wp-content\/uploads\/2026\/09\/Rafael-Cholitin-Baron-Duluc-768x545.webp 768w\" sizes=\"auto, (max-width: 1200px) 100vw, 1200px\" \/><\/a><\/p>\n<p class=\"wp-block-paragraph\">El senador del Partido Revolucionario Moderno (PRM), por la provincia La Altagracia, Rafael -Cholit\u00edn- Bar\u00f3n Duluc, afirm\u00f3 que lo m\u00e1s conveniente para la Fuerza del Pueblo es llevar a\u00a0<strong>Omar Fern\u00e1ndez<\/strong>\u00a0como candidato presidencial en las elecciones de 2028.<\/p>\n<p class=\"wp-block-paragraph\">\u201cLeonel debe ser un referente internacional de orgullo para la Rep\u00fablica Dominicana. Ahora bien,\u00a0<strong>si yo tuviera la confianza y la cercan\u00eda de hablar con \u00e9l le dir\u00eda que deje a su hijo que sea candidato<\/strong>\u201d, enfatiz\u00f3 Cholit\u00edn.<\/p>\n<div class=\"puede-leer-module\">\n<div class=\"puede-leer-content\">\n<h3 class=\"puede-leer-title\">La contundente respuesta del ministro de Educaci\u00f3n a Omar Fern\u00e1ndez sobre los estudiantes haitianos<\/h3>\n<\/div>\n<\/div>\n<p class=\"wp-block-paragraph\">El legislador afirm\u00f3 que la principal ventaja que tiene Fern\u00e1ndez es el encanto que genera en el electorado, aunque admiti\u00f3 eso no le conviene al PRM, organizaci\u00f3n a la que pertenece.<\/p>\n<p class=\"wp-block-paragraph\">\u00abY te digo algo, no nos conviene como partido, porque Omar es un fen\u00f3meno pol\u00edtico\u201d, precis\u00f3 durante una entrevista concedida a Juego de Damas.<\/p>\n<div class=\"puede-leer-module\">\n<div class=\"puede-leer-content\">\n<h3 class=\"puede-leer-title\">Senado rechaza propuestas de Omar Fern\u00e1ndez sobre libertad de expresi\u00f3n<\/h3>\n<\/div>\n<\/div>\n<p class=\"wp-block-paragraph\">En las m\u00e1s recientes encuestas publicadas, Omar Fern\u00e1ndez se posiciona como la principal opci\u00f3n opositora en aceptaci\u00f3n electoral de cara a las elecciones de 2028.<\/p>\n","protected":false},"excerpt":{"rendered":"<p>El senador del Partido Revolucionario Moderno (PRM), por la provincia La Altagracia, Rafael -Cholit\u00edn- Bar\u00f3n Duluc, afirm\u00f3 que lo m\u00e1s &#8230;<\/p>\n","protected":false},"author":2,"featured_media":225144,"comment_status":"closed","ping_status":"closed","sticky":false,"template":"","format":"standard","meta":{"footnotes":""},"categories":[25],"tags":[],"class_list":["post-225143","post","type-post","status-publish","format-standard","has-post-thumbnail","hentry","category-noticias"],"yoast_head":"<!-- This site is optimized with the Yoast SEO plugin v24.8.1 - https:\/\/yoast.com\/wordpress\/plugins\/seo\/ -->\n<title>Senador del PRM: \u201cNo nos conviene, pero Omar es el mejor candidato de la oposici\u00f3n\u201d - PotenciaRadiofonicaDominicana.com<\/title>\n<meta name=\"robots\" content=\"index, follow, max-snippet:-1, max-image-preview:large, max-video-preview:-1\" \/>\n<link rel=\"canonical\" href=\"https:\/\/potenciaradiofonicadominicana.com\/portal\/senador-del-prm-no-nos-conviene-pero-omar-es-el-mejor-candidato-de-la-oposicion\/\" \/>\n<meta property=\"og:locale\" content=\"es_ES\" \/>\n<meta property=\"og:type\" content=\"article\" \/>\n<meta property=\"og:title\" content=\"Senador del PRM: \u201cNo nos conviene, pero Omar es el mejor candidato de la oposici\u00f3n\u201d - PotenciaRadiofonicaDominicana.com\" \/>\n<meta property=\"og:description\" content=\"El senador del Partido Revolucionario Moderno (PRM), por la provincia La Altagracia, Rafael -Cholit\u00edn- Bar\u00f3n Duluc, afirm\u00f3 que lo m\u00e1s ...\" \/>\n<meta property=\"og:url\" content=\"https:\/\/potenciaradiofonicadominicana.com\/portal\/senador-del-prm-no-nos-conviene-pero-omar-es-el-mejor-candidato-de-la-oposicion\/\" \/>\n<meta property=\"og:site_name\" content=\"PotenciaRadiofonicaDominicana.com\" \/>\n<meta property=\"article:publisher\" content=\"https:\/\/web.facebook.com\/PotenciaRadiofonicaD\" \/>\n<meta property=\"article:published_time\" content=\"2026-09-02T03:40:57+00:00\" \/>\n<meta property=\"og:image\" content=\"https:\/\/potenciaradiofonicadominicana.com\/portal\/wp-content\/uploads\/2026\/09\/Rafael-Cholitin-Baron-Duluc.webp\" \/>\n\t<meta property=\"og:image:width\" content=\"1200\" \/>\n\t<meta property=\"og:image:height\" content=\"852\" \/>\n\t<meta property=\"og:image:type\" content=\"image\/webp\" \/>\n<meta name=\"author\" content=\"Potencia Radiof\u00f3nica Dominicana\" \/>\n<meta name=\"twitter:card\" content=\"summary_large_image\" \/>\n<meta name=\"twitter:label1\" content=\"Escrito por\" \/>\n\t<meta name=\"twitter:data1\" content=\"Potencia Radiof\u00f3nica Dominicana\" \/>\n\t<meta name=\"twitter:label2\" content=\"Tiempo de lectura\" \/>\n\t<meta name=\"twitter:data2\" content=\"2 minutos\" \/>\n<script type=\"application\/ld+json\" class=\"yoast-schema-graph\">{\"@context\":\"https:\/\/schema.org\",\"@graph\":[{\"@type\":\"Article\",\"@id\":\"https:\/\/potenciaradiofonicadominicana.com\/portal\/senador-del-prm-no-nos-conviene-pero-omar-es-el-mejor-candidato-de-la-oposicion\/#article\",\"isPartOf\":{\"@id\":\"https:\/\/potenciaradiofonicadominicana.com\/portal\/senador-del-prm-no-nos-conviene-pero-omar-es-el-mejor-candidato-de-la-oposicion\/\"},\"author\":{\"name\":\"Potencia Radiof\u00f3nica Dominicana\",\"@id\":\"https:\/\/potenciaradiofonicadominicana.com\/portal\/#\/schema\/person\/a5cf1fea13877803ee0573ac18b03490\"},\"headline\":\"Senador del PRM: \u201cNo nos conviene, pero Omar es el mejor candidato de la oposici\u00f3n\u201d\",\"datePublished\":\"2026-09-02T03:40:57+00:00\",\"mainEntityOfPage\":{\"@id\":\"https:\/\/potenciaradiofonicadominicana.com\/portal\/senador-del-prm-no-nos-conviene-pero-omar-es-el-mejor-candidato-de-la-oposicion\/\"},\"wordCount\":215,\"publisher\":{\"@id\":\"https:\/\/potenciaradiofonicadominicana.com\/portal\/#organization\"},\"image\":{\"@id\":\"https:\/\/potenciaradiofonicadominicana.com\/portal\/senador-del-prm-no-nos-conviene-pero-omar-es-el-mejor-candidato-de-la-oposicion\/#primaryimage\"},\"thumbnailUrl\":\"https:\/\/potenciaradiofonicadominicana.com\/portal\/wp-content\/uploads\/2026\/09\/Rafael-Cholitin-Baron-Duluc.webp\",\"articleSection\":[\"Noticias\"],\"inLanguage\":\"es\"},{\"@type\":\"WebPage\",\"@id\":\"https:\/\/potenciaradiofonicadominicana.com\/portal\/senador-del-prm-no-nos-conviene-pero-omar-es-el-mejor-candidato-de-la-oposicion\/\",\"url\":\"https:\/\/potenciaradiofonicadominicana.com\/portal\/senador-del-prm-no-nos-conviene-pero-omar-es-el-mejor-candidato-de-la-oposicion\/\",\"name\":\"Senador del PRM: \u201cNo nos conviene, pero Omar es el mejor candidato de la oposici\u00f3n\u201d - PotenciaRadiofonicaDominicana.com\",\"isPartOf\":{\"@id\":\"https:\/\/potenciaradiofonicadominicana.com\/portal\/#website\"},\"primaryImageOfPage\":{\"@id\":\"https:\/\/potenciaradiofonicadominicana.com\/portal\/senador-del-prm-no-nos-conviene-pero-omar-es-el-mejor-candidato-de-la-oposicion\/#primaryimage\"},\"image\":{\"@id\":\"https:\/\/potenciaradiofonicadominicana.com\/portal\/senador-del-prm-no-nos-conviene-pero-omar-es-el-mejor-candidato-de-la-oposicion\/#primaryimage\"},\"thumbnailUrl\":\"https:\/\/potenciaradiofonicadominicana.com\/portal\/wp-content\/uploads\/2026\/09\/Rafael-Cholitin-Baron-Duluc.webp\",\"datePublished\":\"2026-09-02T03:40:57+00:00\",\"breadcrumb\":{\"@id\":\"https:\/\/potenciaradiofonicadominicana.com\/portal\/senador-del-prm-no-nos-conviene-pero-omar-es-el-mejor-candidato-de-la-oposicion\/#breadcrumb\"},\"inLanguage\":\"es\",\"potentialAction\":[{\"@type\":\"ReadAction\",\"target\":[\"https:\/\/potenciaradiofonicadominicana.com\/portal\/senador-del-prm-no-nos-conviene-pero-omar-es-el-mejor-candidato-de-la-oposicion\/\"]}]},{\"@type\":\"ImageObject\",\"inLanguage\":\"es\",\"@id\":\"https:\/\/potenciaradiofonicadominicana.com\/portal\/senador-del-prm-no-nos-conviene-pero-omar-es-el-mejor-candidato-de-la-oposicion\/#primaryimage\",\"url\":\"https:\/\/potenciaradiofonicadominicana.com\/portal\/wp-content\/uploads\/2026\/09\/Rafael-Cholitin-Baron-Duluc.webp\",\"contentUrl\":\"https:\/\/potenciaradiofonicadominicana.com\/portal\/wp-content\/uploads\/2026\/09\/Rafael-Cholitin-Baron-Duluc.webp\",\"width\":1200,\"height\":852},{\"@type\":\"BreadcrumbList\",\"@id\":\"https:\/\/potenciaradiofonicadominicana.com\/portal\/senador-del-prm-no-nos-conviene-pero-omar-es-el-mejor-candidato-de-la-oposicion\/#breadcrumb\",\"itemListElement\":[{\"@type\":\"ListItem\",\"position\":1,\"name\":\"Portada\",\"item\":\"https:\/\/potenciaradiofonicadominicana.com\/portal\/\"},{\"@type\":\"ListItem\",\"position\":2,\"name\":\"Senador del PRM: \u201cNo nos conviene, pero Omar es el mejor candidato de la oposici\u00f3n\u201d\"}]},{\"@type\":\"WebSite\",\"@id\":\"https:\/\/potenciaradiofonicadominicana.com\/portal\/#website\",\"url\":\"https:\/\/potenciaradiofonicadominicana.com\/portal\/\",\"name\":\"PotenciaRadiofonicaDominicana.com\",\"description\":\"Peri\u00f3dico Digital\",\"publisher\":{\"@id\":\"https:\/\/potenciaradiofonicadominicana.com\/portal\/#organization\"},\"potentialAction\":[{\"@type\":\"SearchAction\",\"target\":{\"@type\":\"EntryPoint\",\"urlTemplate\":\"https:\/\/potenciaradiofonicadominicana.com\/portal\/?s={search_term_string}\"},\"query-input\":{\"@type\":\"PropertyValueSpecification\",\"valueRequired\":true,\"valueName\":\"search_term_string\"}}],\"inLanguage\":\"es\"},{\"@type\":\"Organization\",\"@id\":\"https:\/\/potenciaradiofonicadominicana.com\/portal\/#organization\",\"name\":\"PotenciaRadiofonicaDominicana.com\",\"url\":\"https:\/\/potenciaradiofonicadominicana.com\/portal\/\",\"logo\":{\"@type\":\"ImageObject\",\"inLanguage\":\"es\",\"@id\":\"https:\/\/potenciaradiofonicadominicana.com\/portal\/#\/schema\/logo\/image\/\",\"url\":\"https:\/\/potenciaradiofonicadominicana.com\/portal\/wp-content\/uploads\/2022\/01\/descarga.png\",\"contentUrl\":\"https:\/\/potenciaradiofonicadominicana.com\/portal\/wp-content\/uploads\/2022\/01\/descarga.png\",\"width\":300,\"height\":100,\"caption\":\"PotenciaRadiofonicaDominicana.com\"},\"image\":{\"@id\":\"https:\/\/potenciaradiofonicadominicana.com\/portal\/#\/schema\/logo\/image\/\"},\"sameAs\":[\"https:\/\/web.facebook.com\/PotenciaRadiofonicaD\"]},{\"@type\":\"Person\",\"@id\":\"https:\/\/potenciaradiofonicadominicana.com\/portal\/#\/schema\/person\/a5cf1fea13877803ee0573ac18b03490\",\"name\":\"Potencia Radiof\u00f3nica Dominicana\",\"image\":{\"@type\":\"ImageObject\",\"inLanguage\":\"es\",\"@id\":\"https:\/\/potenciaradiofonicadominicana.com\/portal\/#\/schema\/person\/image\/\",\"url\":\"https:\/\/secure.gravatar.com\/avatar\/42a55ab9e8ccc656ba34cd791990602a?s=96&d=mm&r=g\",\"contentUrl\":\"https:\/\/secure.gravatar.com\/avatar\/42a55ab9e8ccc656ba34cd791990602a?s=96&d=mm&r=g\",\"caption\":\"Potencia Radiof\u00f3nica Dominicana\"},\"url\":\"https:\/\/potenciaradiofonicadominicana.com\/portal\/author\/johannyalmanzar\/\"}]}<\/script>\n<!-- \/ Yoast SEO plugin. -->","yoast_head_json":{"title":"Senador del PRM: \u201cNo nos conviene, pero Omar es el mejor candidato de la oposici\u00f3n\u201d - PotenciaRadiofonicaDominicana.com","robots":{"index":"index","follow":"follow","max-snippet":"max-snippet:-1","max-image-preview":"max-image-preview:large","max-video-preview":"max-video-preview:-1"},"canonical":"https:\/\/potenciaradiofonicadominicana.com\/portal\/senador-del-prm-no-nos-conviene-pero-omar-es-el-mejor-candidato-de-la-oposicion\/","og_locale":"es_ES","og_type":"article","og_title":"Senador del PRM: \u201cNo nos conviene, pero Omar es el mejor candidato de la oposici\u00f3n\u201d - PotenciaRadiofonicaDominicana.com","og_description":"El senador del Partido Revolucionario Moderno (PRM), por la provincia La Altagracia, Rafael -Cholit\u00edn- Bar\u00f3n Duluc, afirm\u00f3 que lo m\u00e1s ...","og_url":"https:\/\/potenciaradiofonicadominicana.com\/portal\/senador-del-prm-no-nos-conviene-pero-omar-es-el-mejor-candidato-de-la-oposicion\/","og_site_name":"PotenciaRadiofonicaDominicana.com","article_publisher":"https:\/\/web.facebook.com\/PotenciaRadiofonicaD","article_published_time":"2026-09-02T03:40:57+00:00","og_image":[{"width":1200,"height":852,"url":"https:\/\/potenciaradiofonicadominicana.com\/portal\/wp-content\/uploads\/2026\/09\/Rafael-Cholitin-Baron-Duluc.webp","type":"image\/webp"}],"author":"Potencia Radiof\u00f3nica Dominicana","twitter_card":"summary_large_image","twitter_misc":{"Escrito por":"Potencia Radiof\u00f3nica Dominicana","Tiempo de lectura":"2 minutos"},"schema":{"@context":"https:\/\/schema.org","@graph":[{"@type":"Article","@id":"https:\/\/potenciaradiofonicadominicana.com\/portal\/senador-del-prm-no-nos-conviene-pero-omar-es-el-mejor-candidato-de-la-oposicion\/#article","isPartOf":{"@id":"https:\/\/potenciaradiofonicadominicana.com\/portal\/senador-del-prm-no-nos-conviene-pero-omar-es-el-mejor-candidato-de-la-oposicion\/"},"author":{"name":"Potencia Radiof\u00f3nica Dominicana","@id":"https:\/\/potenciaradiofonicadominicana.com\/portal\/#\/schema\/person\/a5cf1fea13877803ee0573ac18b03490"},"headline":"Senador del PRM: \u201cNo nos conviene, pero Omar es el mejor candidato de la oposici\u00f3n\u201d","datePublished":"2026-09-02T03:40:57+00:00","mainEntityOfPage":{"@id":"https:\/\/potenciaradiofonicadominicana.com\/portal\/senador-del-prm-no-nos-conviene-pero-omar-es-el-mejor-candidato-de-la-oposicion\/"},"wordCount":215,"publisher":{"@id":"https:\/\/potenciaradiofonicadominicana.com\/portal\/#organization"},"image":{"@id":"https:\/\/potenciaradiofonicadominicana.com\/portal\/senador-del-prm-no-nos-conviene-pero-omar-es-el-mejor-candidato-de-la-oposicion\/#primaryimage"},"thumbnailUrl":"https:\/\/potenciaradiofonicadominicana.com\/portal\/wp-content\/uploads\/2026\/09\/Rafael-Cholitin-Baron-Duluc.webp","articleSection":["Noticias"],"inLanguage":"es"},{"@type":"WebPage","@id":"https:\/\/potenciaradiofonicadominicana.com\/portal\/senador-del-prm-no-nos-conviene-pero-omar-es-el-mejor-candidato-de-la-oposicion\/","url":"https:\/\/potenciaradiofonicadominicana.com\/portal\/senador-del-prm-no-nos-conviene-pero-omar-es-el-mejor-candidato-de-la-oposicion\/","name":"Senador del PRM: \u201cNo nos conviene, pero Omar es el mejor candidato de la oposici\u00f3n\u201d - PotenciaRadiofonicaDominicana.com","isPartOf":{"@id":"https:\/\/potenciaradiofonicadominicana.com\/portal\/#website"},"primaryImageOfPage":{"@id":"https:\/\/potenciaradiofonicadominicana.com\/portal\/senador-del-prm-no-nos-conviene-pero-omar-es-el-mejor-candidato-de-la-oposicion\/#primaryimage"},"image":{"@id":"https:\/\/potenciaradiofonicadominicana.com\/portal\/senador-del-prm-no-nos-conviene-pero-omar-es-el-mejor-candidato-de-la-oposicion\/#primaryimage"},"thumbnailUrl":"https:\/\/potenciaradiofonicadominicana.com\/portal\/wp-content\/uploads\/2026\/09\/Rafael-Cholitin-Baron-Duluc.webp","datePublished":"2026-09-02T03:40:57+00:00","breadcrumb":{"@id":"https:\/\/potenciaradiofonicadominicana.com\/portal\/senador-del-prm-no-nos-conviene-pero-omar-es-el-mejor-candidato-de-la-oposicion\/#breadcrumb"},"inLanguage":"es","potentialAction":[{"@type":"ReadAction","target":["https:\/\/potenciaradiofonicadominicana.com\/portal\/senador-del-prm-no-nos-conviene-pero-omar-es-el-mejor-candidato-de-la-oposicion\/"]}]},{"@type":"ImageObject","inLanguage":"es","@id":"https:\/\/potenciaradiofonicadominicana.com\/portal\/senador-del-prm-no-nos-conviene-pero-omar-es-el-mejor-candidato-de-la-oposicion\/#primaryimage","url":"https:\/\/potenciaradiofonicadominicana.com\/portal\/wp-content\/uploads\/2026\/09\/Rafael-Cholitin-Baron-Duluc.webp","contentUrl":"https:\/\/potenciaradiofonicadominicana.com\/portal\/wp-content\/uploads\/2026\/09\/Rafael-Cholitin-Baron-Duluc.webp","width":1200,"height":852},{"@type":"BreadcrumbList","@id":"https:\/\/potenciaradiofonicadominicana.com\/portal\/senador-del-prm-no-nos-conviene-pero-omar-es-el-mejor-candidato-de-la-oposicion\/#breadcrumb","itemListElement":[{"@type":"ListItem","position":1,"name":"Portada","item":"https:\/\/potenciaradiofonicadominicana.com\/portal\/"},{"@type":"ListItem","position":2,"name":"Senador del PRM: \u201cNo nos conviene, pero Omar es el mejor candidato de la oposici\u00f3n\u201d"}]},{"@type":"WebSite","@id":"https:\/\/potenciaradiofonicadominicana.com\/portal\/#website","url":"https:\/\/potenciaradiofonicadominicana.com\/portal\/","name":"PotenciaRadiofonicaDominicana.com","description":"Peri\u00f3dico Digital","publisher":{"@id":"https:\/\/potenciaradiofonicadominicana.com\/portal\/#organization"},"potentialAction":[{"@type":"SearchAction","target":{"@type":"EntryPoint","urlTemplate":"https:\/\/potenciaradiofonicadominicana.com\/portal\/?s={search_term_string}"},"query-input":{"@type":"PropertyValueSpecification","valueRequired":true,"valueName":"search_term_string"}}],"inLanguage":"es"},{"@type":"Organization","@id":"https:\/\/potenciaradiofonicadominicana.com\/portal\/#organization","name":"PotenciaRadiofonicaDominicana.com","url":"https:\/\/potenciaradiofonicadominicana.com\/portal\/","logo":{"@type":"ImageObject","inLanguage":"es","@id":"https:\/\/potenciaradiofonicadominicana.com\/portal\/#\/schema\/logo\/image\/","url":"https:\/\/potenciaradiofonicadominicana.com\/portal\/wp-content\/uploads\/2022\/01\/descarga.png","contentUrl":"https:\/\/potenciaradiofonicadominicana.com\/portal\/wp-content\/uploads\/2022\/01\/descarga.png","width":300,"height":100,"caption":"PotenciaRadiofonicaDominicana.com"},"image":{"@id":"https:\/\/potenciaradiofonicadominicana.com\/portal\/#\/schema\/logo\/image\/"},"sameAs":["https:\/\/web.facebook.com\/PotenciaRadiofonicaD"]},{"@type":"Person","@id":"https:\/\/potenciaradiofonicadominicana.com\/portal\/#\/schema\/person\/a5cf1fea13877803ee0573ac18b03490","name":"Potencia Radiof\u00f3nica Dominicana","image":{"@type":"ImageObject","inLanguage":"es","@id":"https:\/\/potenciaradiofonicadominicana.com\/portal\/#\/schema\/person\/image\/","url":"https:\/\/secure.gravatar.com\/avatar\/42a55ab9e8ccc656ba34cd791990602a?s=96&d=mm&r=g","contentUrl":"https:\/\/secure.gravatar.com\/avatar\/42a55ab9e8ccc656ba34cd791990602a?s=96&d=mm&r=g","caption":"Potencia Radiof\u00f3nica Dominicana"},"url":"https:\/\/potenciaradiofonicadominicana.com\/portal\/author\/johannyalmanzar\/"}]}},"_links":{"self":[{"href":"https:\/\/potenciaradiofonicadominicana.com\/portal\/wp-json\/wp\/v2\/posts\/225143","targetHints":{"allow":["GET"]}}],"collection":[{"href":"https:\/\/potenciaradiofonicadominicana.com\/portal\/wp-json\/wp\/v2\/posts"}],"about":[{"href":"https:\/\/potenciaradiofonicadominicana.com\/portal\/wp-json\/wp\/v2\/types\/post"}],"author":[{"embeddable":true,"href":"https:\/\/potenciaradiofonicadominicana.com\/portal\/wp-json\/wp\/v2\/users\/2"}],"replies":[{"embeddable":true,"href":"https:\/\/potenciaradiofonicadominicana.com\/portal\/wp-json\/wp\/v2\/comments?post=225143"}],"version-history":[{"count":1,"href":"https:\/\/potenciaradiofonicadominicana.com\/portal\/wp-json\/wp\/v2\/posts\/225143\/revisions"}],"predecessor-version":[{"id":225145,"href":"https:\/\/potenciaradiofonicadominicana.com\/portal\/wp-json\/wp\/v2\/posts\/225143\/revisions\/225145"}],"wp:featuredmedia":[{"embeddable":true,"href":"https:\/\/potenciaradiofonicadominicana.com\/portal\/wp-json\/wp\/v2\/media\/225144"}],"wp:attachment":[{"href":"https:\/\/potenciaradiofonicadominicana.com\/portal\/wp-json\/wp\/v2\/media?parent=225143"}],"wp:term":[{"taxonomy":"category","embeddable":true,"href":"https:\/\/potenciaradiofonicadominicana.com\/portal\/wp-json\/wp\/v2\/categories?post=225143"},{"taxonomy":"post_tag","embeddable":true,"href":"https:\/\/potenciaradiofonicadominicana.com\/portal\/wp-json\/wp\/v2\/tags?post=225143"}],"curies":[{"name":"wp","href":"https:\/\/api.w.org\/{rel}","templated":true}]}}