{"id":225140,"date":"2026-09-01T23:39:25","date_gmt":"2026-09-02T03:39:25","guid":{"rendered":"https:\/\/potenciaradiofonicadominicana.com\/portal\/?p=225140"},"modified":"2026-09-01T23:39:25","modified_gmt":"2026-09-02T03:39:25","slug":"diputados-aprueban-proyecto-de-ley-que-obliga-a-impartir-en-las-escuelas-la-materia-de-moral-y-civica","status":"publish","type":"post","link":"https:\/\/potenciaradiofonicadominicana.com\/portal\/diputados-aprueban-proyecto-de-ley-que-obliga-a-impartir-en-las-escuelas-la-materia-de-moral-y-civica\/","title":{"rendered":"Diputados aprueban proyecto de ley que obliga a impartir en las escuelas la materia de moral y c\u00edvica"},"content":{"rendered":"<p><a href=\"https:\/\/potenciaradiofonicadominicana.com\/portal\/wp-content\/uploads\/2026\/09\/whatsapp-image-2025-07-31-at-33826-am.jpeg\"><img loading=\"lazy\" decoding=\"async\" class=\"alignnone size-full wp-image-225141\" src=\"https:\/\/potenciaradiofonicadominicana.com\/portal\/wp-content\/uploads\/2026\/09\/whatsapp-image-2025-07-31-at-33826-am.jpeg\" alt=\"\" width=\"2560\" height=\"1706\" srcset=\"https:\/\/potenciaradiofonicadominicana.com\/portal\/wp-content\/uploads\/2026\/09\/whatsapp-image-2025-07-31-at-33826-am.jpeg 2560w, https:\/\/potenciaradiofonicadominicana.com\/portal\/wp-content\/uploads\/2026\/09\/whatsapp-image-2025-07-31-at-33826-am-300x200.jpeg 300w, https:\/\/potenciaradiofonicadominicana.com\/portal\/wp-content\/uploads\/2026\/09\/whatsapp-image-2025-07-31-at-33826-am-1024x682.jpeg 1024w, https:\/\/potenciaradiofonicadominicana.com\/portal\/wp-content\/uploads\/2026\/09\/whatsapp-image-2025-07-31-at-33826-am-768x512.jpeg 768w, https:\/\/potenciaradiofonicadominicana.com\/portal\/wp-content\/uploads\/2026\/09\/whatsapp-image-2025-07-31-at-33826-am-1536x1024.jpeg 1536w, https:\/\/potenciaradiofonicadominicana.com\/portal\/wp-content\/uploads\/2026\/09\/whatsapp-image-2025-07-31-at-33826-am-2048x1365.jpeg 2048w\" sizes=\"auto, (max-width: 2560px) 100vw, 2560px\" \/><\/a><\/p>\n<p class=\"wp-block-paragraph\">La C\u00e1mara de Diputados aprob\u00f3 en primera lectura un proyecto de ley que tiene por finalidad la\u00a0<strong>inclusi\u00f3n obligatoria de la materia moral y c\u00edvica en el sistema educativo dominicano.<\/strong><\/p>\n<p class=\"wp-block-paragraph\">La Comisi\u00f3n permanente de Educaci\u00f3n de la C\u00e1mara de Diputados hab\u00eda sido apoderada de dos iniciativas en esa materia de la autor\u00eda de los diputados Jorge Manuel Zorrilla Gonz\u00e1lez y de Liz Adriana Mieses D\u00edaz, por lo que procedi\u00f3 a fusionar ambas iniciativas.<\/p>\n<p class=\"wp-block-paragraph\">La presente ley tiene por objeto establecer la obligatoriedad de la ense\u00f1anza de la asignatura Educaci\u00f3n Moral y C\u00edvica como parte integrante del curr\u00edculo del\u00a0<strong>sistema educativo preuniversitario<\/strong>, tanto en lo<strong>s centros educativos p\u00fablicos como privados<\/strong>, a fin de fortalecer la formaci\u00f3n \u00e9tica, c\u00edvica y ciudadana de los estudiantes.<\/p>\n<div class=\"puede-leer-module\">\n<div class=\"puede-leer-content\">\n<h3 class=\"puede-leer-title\">Becas universitarias y t\u00e9cnicas ser\u00edan orientadas a las necesidades del pa\u00eds con nuevo proyecto de ley<\/h3>\n<\/div>\n<\/div>\n<h2 class=\"wp-block-heading\">Aprobaci\u00f3n de otras resoluciones sometidas<\/h2>\n<p class=\"wp-block-paragraph\">En la sesi\u00f3n de este martes el pleno de diputados tambi\u00e9n<strong>\u00a0aprob\u00f3 dos grupos de resoluciones sometidas por diputados<\/strong>\u00a0haciendo distintas solicitudes de obras y servicios a las autoridades correspondientes.<\/p>\n<p class=\"wp-block-paragraph\">Se trata del octog\u00e9simo tercer y cuarto grupos de resoluciones internas, conforme a los procedimientos establecidos para agilizar el conocimiento de iniciativas legislativas relativas a resoluciones internas con informes.<\/p>\n<p class=\"wp-block-paragraph\">En las resoluciones aprobadas los diputados de las distintas bancadas solicitan, entre otras obras, la construcci\u00f3n de mercados municipales, construcci\u00f3n y equipamientos de escuelas, construcci\u00f3n de nuevas c\u00e1rceles, construcci\u00f3n de puentes y carreteras entre otras obras y servicios.<\/p>\n<p class=\"wp-block-paragraph\">Los diputados tambi\u00e9n liberaron de lectura, de ir a comisi\u00f3n y dejaron sobre la mesa el octog\u00e9simo quinto grupo de resoluciones internas, conforme a los procedimientos establecidos para agilizar el conocimiento de iniciativas legislativas relativas a resoluciones internas con informes, pendientes de conocimiento.<\/p>\n<h2 class=\"wp-block-heading\">Minuto de silencio<\/h2>\n<p class=\"wp-block-paragraph\">El pleno de los diputados guard\u00f3 un minuto de silencio a la memoria del ex diputado de Hato Mayor Orlando Mazara y de Tony Polanco Uceta.<\/p>\n<p class=\"wp-block-paragraph\">El presidente de la C\u00e1mara de Diputados, Alfredo Pacheco, al finalizar los trabajos legislativos de este martes convoc\u00f3 a sesionar este mi\u00e9rcoles a partir de las 11:00 de la ma\u00f1ana.<\/p>\n","protected":false},"excerpt":{"rendered":"<p>La C\u00e1mara de Diputados aprob\u00f3 en primera lectura un proyecto de ley que tiene por finalidad la\u00a0inclusi\u00f3n obligatoria de la &#8230;<\/p>\n","protected":false},"author":2,"featured_media":225141,"comment_status":"closed","ping_status":"closed","sticky":false,"template":"","format":"standard","meta":{"footnotes":""},"categories":[25],"tags":[],"class_list":["post-225140","post","type-post","status-publish","format-standard","has-post-thumbnail","hentry","category-noticias"],"yoast_head":"<!-- This site is optimized with the Yoast SEO plugin v24.8.1 - https:\/\/yoast.com\/wordpress\/plugins\/seo\/ -->\n<title>Diputados aprueban proyecto de ley que obliga a impartir en las escuelas la materia de moral y c\u00edvica - PotenciaRadiofonicaDominicana.com<\/title>\n<meta name=\"robots\" content=\"index, follow, max-snippet:-1, max-image-preview:large, max-video-preview:-1\" \/>\n<link rel=\"canonical\" href=\"https:\/\/potenciaradiofonicadominicana.com\/portal\/diputados-aprueban-proyecto-de-ley-que-obliga-a-impartir-en-las-escuelas-la-materia-de-moral-y-civica\/\" \/>\n<meta property=\"og:locale\" content=\"es_ES\" \/>\n<meta property=\"og:type\" content=\"article\" \/>\n<meta property=\"og:title\" content=\"Diputados aprueban proyecto de ley que obliga a impartir en las escuelas la materia de moral y c\u00edvica - PotenciaRadiofonicaDominicana.com\" \/>\n<meta property=\"og:description\" content=\"La C\u00e1mara de Diputados aprob\u00f3 en primera lectura un proyecto de ley que tiene por finalidad la\u00a0inclusi\u00f3n obligatoria de la ...\" \/>\n<meta property=\"og:url\" content=\"https:\/\/potenciaradiofonicadominicana.com\/portal\/diputados-aprueban-proyecto-de-ley-que-obliga-a-impartir-en-las-escuelas-la-materia-de-moral-y-civica\/\" \/>\n<meta property=\"og:site_name\" content=\"PotenciaRadiofonicaDominicana.com\" \/>\n<meta property=\"article:publisher\" content=\"https:\/\/web.facebook.com\/PotenciaRadiofonicaD\" \/>\n<meta property=\"article:published_time\" content=\"2026-09-02T03:39:25+00:00\" \/>\n<meta property=\"og:image\" content=\"https:\/\/potenciaradiofonicadominicana.com\/portal\/wp-content\/uploads\/2026\/09\/whatsapp-image-2025-07-31-at-33826-am.jpeg\" \/>\n\t<meta property=\"og:image:width\" content=\"2560\" \/>\n\t<meta property=\"og:image:height\" content=\"1706\" \/>\n\t<meta property=\"og:image:type\" content=\"image\/jpeg\" \/>\n<meta name=\"author\" content=\"Potencia Radiof\u00f3nica Dominicana\" \/>\n<meta name=\"twitter:card\" content=\"summary_large_image\" \/>\n<meta name=\"twitter:label1\" content=\"Escrito por\" \/>\n\t<meta name=\"twitter:data1\" content=\"Potencia Radiof\u00f3nica Dominicana\" \/>\n\t<meta name=\"twitter:label2\" content=\"Tiempo de lectura\" \/>\n\t<meta name=\"twitter:data2\" content=\"2 minutos\" \/>\n<script type=\"application\/ld+json\" class=\"yoast-schema-graph\">{\"@context\":\"https:\/\/schema.org\",\"@graph\":[{\"@type\":\"Article\",\"@id\":\"https:\/\/potenciaradiofonicadominicana.com\/portal\/diputados-aprueban-proyecto-de-ley-que-obliga-a-impartir-en-las-escuelas-la-materia-de-moral-y-civica\/#article\",\"isPartOf\":{\"@id\":\"https:\/\/potenciaradiofonicadominicana.com\/portal\/diputados-aprueban-proyecto-de-ley-que-obliga-a-impartir-en-las-escuelas-la-materia-de-moral-y-civica\/\"},\"author\":{\"name\":\"Potencia Radiof\u00f3nica Dominicana\",\"@id\":\"https:\/\/potenciaradiofonicadominicana.com\/portal\/#\/schema\/person\/a5cf1fea13877803ee0573ac18b03490\"},\"headline\":\"Diputados aprueban proyecto de ley que obliga a impartir en las escuelas la materia de moral y c\u00edvica\",\"datePublished\":\"2026-09-02T03:39:25+00:00\",\"mainEntityOfPage\":{\"@id\":\"https:\/\/potenciaradiofonicadominicana.com\/portal\/diputados-aprueban-proyecto-de-ley-que-obliga-a-impartir-en-las-escuelas-la-materia-de-moral-y-civica\/\"},\"wordCount\":395,\"publisher\":{\"@id\":\"https:\/\/potenciaradiofonicadominicana.com\/portal\/#organization\"},\"image\":{\"@id\":\"https:\/\/potenciaradiofonicadominicana.com\/portal\/diputados-aprueban-proyecto-de-ley-que-obliga-a-impartir-en-las-escuelas-la-materia-de-moral-y-civica\/#primaryimage\"},\"thumbnailUrl\":\"https:\/\/potenciaradiofonicadominicana.com\/portal\/wp-content\/uploads\/2026\/09\/whatsapp-image-2025-07-31-at-33826-am.jpeg\",\"articleSection\":[\"Noticias\"],\"inLanguage\":\"es\"},{\"@type\":\"WebPage\",\"@id\":\"https:\/\/potenciaradiofonicadominicana.com\/portal\/diputados-aprueban-proyecto-de-ley-que-obliga-a-impartir-en-las-escuelas-la-materia-de-moral-y-civica\/\",\"url\":\"https:\/\/potenciaradiofonicadominicana.com\/portal\/diputados-aprueban-proyecto-de-ley-que-obliga-a-impartir-en-las-escuelas-la-materia-de-moral-y-civica\/\",\"name\":\"Diputados aprueban proyecto de ley que obliga a impartir en las escuelas la materia de moral y c\u00edvica - PotenciaRadiofonicaDominicana.com\",\"isPartOf\":{\"@id\":\"https:\/\/potenciaradiofonicadominicana.com\/portal\/#website\"},\"primaryImageOfPage\":{\"@id\":\"https:\/\/potenciaradiofonicadominicana.com\/portal\/diputados-aprueban-proyecto-de-ley-que-obliga-a-impartir-en-las-escuelas-la-materia-de-moral-y-civica\/#primaryimage\"},\"image\":{\"@id\":\"https:\/\/potenciaradiofonicadominicana.com\/portal\/diputados-aprueban-proyecto-de-ley-que-obliga-a-impartir-en-las-escuelas-la-materia-de-moral-y-civica\/#primaryimage\"},\"thumbnailUrl\":\"https:\/\/potenciaradiofonicadominicana.com\/portal\/wp-content\/uploads\/2026\/09\/whatsapp-image-2025-07-31-at-33826-am.jpeg\",\"datePublished\":\"2026-09-02T03:39:25+00:00\",\"breadcrumb\":{\"@id\":\"https:\/\/potenciaradiofonicadominicana.com\/portal\/diputados-aprueban-proyecto-de-ley-que-obliga-a-impartir-en-las-escuelas-la-materia-de-moral-y-civica\/#breadcrumb\"},\"inLanguage\":\"es\",\"potentialAction\":[{\"@type\":\"ReadAction\",\"target\":[\"https:\/\/potenciaradiofonicadominicana.com\/portal\/diputados-aprueban-proyecto-de-ley-que-obliga-a-impartir-en-las-escuelas-la-materia-de-moral-y-civica\/\"]}]},{\"@type\":\"ImageObject\",\"inLanguage\":\"es\",\"@id\":\"https:\/\/potenciaradiofonicadominicana.com\/portal\/diputados-aprueban-proyecto-de-ley-que-obliga-a-impartir-en-las-escuelas-la-materia-de-moral-y-civica\/#primaryimage\",\"url\":\"https:\/\/potenciaradiofonicadominicana.com\/portal\/wp-content\/uploads\/2026\/09\/whatsapp-image-2025-07-31-at-33826-am.jpeg\",\"contentUrl\":\"https:\/\/potenciaradiofonicadominicana.com\/portal\/wp-content\/uploads\/2026\/09\/whatsapp-image-2025-07-31-at-33826-am.jpeg\",\"width\":2560,\"height\":1706},{\"@type\":\"BreadcrumbList\",\"@id\":\"https:\/\/potenciaradiofonicadominicana.com\/portal\/diputados-aprueban-proyecto-de-ley-que-obliga-a-impartir-en-las-escuelas-la-materia-de-moral-y-civica\/#breadcrumb\",\"itemListElement\":[{\"@type\":\"ListItem\",\"position\":1,\"name\":\"Portada\",\"item\":\"https:\/\/potenciaradiofonicadominicana.com\/portal\/\"},{\"@type\":\"ListItem\",\"position\":2,\"name\":\"Diputados aprueban proyecto de ley que obliga a impartir en las escuelas la materia de moral y c\u00edvica\"}]},{\"@type\":\"WebSite\",\"@id\":\"https:\/\/potenciaradiofonicadominicana.com\/portal\/#website\",\"url\":\"https:\/\/potenciaradiofonicadominicana.com\/portal\/\",\"name\":\"PotenciaRadiofonicaDominicana.com\",\"description\":\"Peri\u00f3dico Digital\",\"publisher\":{\"@id\":\"https:\/\/potenciaradiofonicadominicana.com\/portal\/#organization\"},\"potentialAction\":[{\"@type\":\"SearchAction\",\"target\":{\"@type\":\"EntryPoint\",\"urlTemplate\":\"https:\/\/potenciaradiofonicadominicana.com\/portal\/?s={search_term_string}\"},\"query-input\":{\"@type\":\"PropertyValueSpecification\",\"valueRequired\":true,\"valueName\":\"search_term_string\"}}],\"inLanguage\":\"es\"},{\"@type\":\"Organization\",\"@id\":\"https:\/\/potenciaradiofonicadominicana.com\/portal\/#organization\",\"name\":\"PotenciaRadiofonicaDominicana.com\",\"url\":\"https:\/\/potenciaradiofonicadominicana.com\/portal\/\",\"logo\":{\"@type\":\"ImageObject\",\"inLanguage\":\"es\",\"@id\":\"https:\/\/potenciaradiofonicadominicana.com\/portal\/#\/schema\/logo\/image\/\",\"url\":\"https:\/\/potenciaradiofonicadominicana.com\/portal\/wp-content\/uploads\/2022\/01\/descarga.png\",\"contentUrl\":\"https:\/\/potenciaradiofonicadominicana.com\/portal\/wp-content\/uploads\/2022\/01\/descarga.png\",\"width\":300,\"height\":100,\"caption\":\"PotenciaRadiofonicaDominicana.com\"},\"image\":{\"@id\":\"https:\/\/potenciaradiofonicadominicana.com\/portal\/#\/schema\/logo\/image\/\"},\"sameAs\":[\"https:\/\/web.facebook.com\/PotenciaRadiofonicaD\"]},{\"@type\":\"Person\",\"@id\":\"https:\/\/potenciaradiofonicadominicana.com\/portal\/#\/schema\/person\/a5cf1fea13877803ee0573ac18b03490\",\"name\":\"Potencia Radiof\u00f3nica Dominicana\",\"image\":{\"@type\":\"ImageObject\",\"inLanguage\":\"es\",\"@id\":\"https:\/\/potenciaradiofonicadominicana.com\/portal\/#\/schema\/person\/image\/\",\"url\":\"https:\/\/secure.gravatar.com\/avatar\/42a55ab9e8ccc656ba34cd791990602a?s=96&d=mm&r=g\",\"contentUrl\":\"https:\/\/secure.gravatar.com\/avatar\/42a55ab9e8ccc656ba34cd791990602a?s=96&d=mm&r=g\",\"caption\":\"Potencia Radiof\u00f3nica Dominicana\"},\"url\":\"https:\/\/potenciaradiofonicadominicana.com\/portal\/author\/johannyalmanzar\/\"}]}<\/script>\n<!-- \/ Yoast SEO plugin. -->","yoast_head_json":{"title":"Diputados aprueban proyecto de ley que obliga a impartir en las escuelas la materia de moral y c\u00edvica - PotenciaRadiofonicaDominicana.com","robots":{"index":"index","follow":"follow","max-snippet":"max-snippet:-1","max-image-preview":"max-image-preview:large","max-video-preview":"max-video-preview:-1"},"canonical":"https:\/\/potenciaradiofonicadominicana.com\/portal\/diputados-aprueban-proyecto-de-ley-que-obliga-a-impartir-en-las-escuelas-la-materia-de-moral-y-civica\/","og_locale":"es_ES","og_type":"article","og_title":"Diputados aprueban proyecto de ley que obliga a impartir en las escuelas la materia de moral y c\u00edvica - PotenciaRadiofonicaDominicana.com","og_description":"La C\u00e1mara de Diputados aprob\u00f3 en primera lectura un proyecto de ley que tiene por finalidad la\u00a0inclusi\u00f3n obligatoria de la ...","og_url":"https:\/\/potenciaradiofonicadominicana.com\/portal\/diputados-aprueban-proyecto-de-ley-que-obliga-a-impartir-en-las-escuelas-la-materia-de-moral-y-civica\/","og_site_name":"PotenciaRadiofonicaDominicana.com","article_publisher":"https:\/\/web.facebook.com\/PotenciaRadiofonicaD","article_published_time":"2026-09-02T03:39:25+00:00","og_image":[{"width":2560,"height":1706,"url":"https:\/\/potenciaradiofonicadominicana.com\/portal\/wp-content\/uploads\/2026\/09\/whatsapp-image-2025-07-31-at-33826-am.jpeg","type":"image\/jpeg"}],"author":"Potencia Radiof\u00f3nica Dominicana","twitter_card":"summary_large_image","twitter_misc":{"Escrito por":"Potencia Radiof\u00f3nica Dominicana","Tiempo de lectura":"2 minutos"},"schema":{"@context":"https:\/\/schema.org","@graph":[{"@type":"Article","@id":"https:\/\/potenciaradiofonicadominicana.com\/portal\/diputados-aprueban-proyecto-de-ley-que-obliga-a-impartir-en-las-escuelas-la-materia-de-moral-y-civica\/#article","isPartOf":{"@id":"https:\/\/potenciaradiofonicadominicana.com\/portal\/diputados-aprueban-proyecto-de-ley-que-obliga-a-impartir-en-las-escuelas-la-materia-de-moral-y-civica\/"},"author":{"name":"Potencia Radiof\u00f3nica Dominicana","@id":"https:\/\/potenciaradiofonicadominicana.com\/portal\/#\/schema\/person\/a5cf1fea13877803ee0573ac18b03490"},"headline":"Diputados aprueban proyecto de ley que obliga a impartir en las escuelas la materia de moral y c\u00edvica","datePublished":"2026-09-02T03:39:25+00:00","mainEntityOfPage":{"@id":"https:\/\/potenciaradiofonicadominicana.com\/portal\/diputados-aprueban-proyecto-de-ley-que-obliga-a-impartir-en-las-escuelas-la-materia-de-moral-y-civica\/"},"wordCount":395,"publisher":{"@id":"https:\/\/potenciaradiofonicadominicana.com\/portal\/#organization"},"image":{"@id":"https:\/\/potenciaradiofonicadominicana.com\/portal\/diputados-aprueban-proyecto-de-ley-que-obliga-a-impartir-en-las-escuelas-la-materia-de-moral-y-civica\/#primaryimage"},"thumbnailUrl":"https:\/\/potenciaradiofonicadominicana.com\/portal\/wp-content\/uploads\/2026\/09\/whatsapp-image-2025-07-31-at-33826-am.jpeg","articleSection":["Noticias"],"inLanguage":"es"},{"@type":"WebPage","@id":"https:\/\/potenciaradiofonicadominicana.com\/portal\/diputados-aprueban-proyecto-de-ley-que-obliga-a-impartir-en-las-escuelas-la-materia-de-moral-y-civica\/","url":"https:\/\/potenciaradiofonicadominicana.com\/portal\/diputados-aprueban-proyecto-de-ley-que-obliga-a-impartir-en-las-escuelas-la-materia-de-moral-y-civica\/","name":"Diputados aprueban proyecto de ley que obliga a impartir en las escuelas la materia de moral y c\u00edvica - PotenciaRadiofonicaDominicana.com","isPartOf":{"@id":"https:\/\/potenciaradiofonicadominicana.com\/portal\/#website"},"primaryImageOfPage":{"@id":"https:\/\/potenciaradiofonicadominicana.com\/portal\/diputados-aprueban-proyecto-de-ley-que-obliga-a-impartir-en-las-escuelas-la-materia-de-moral-y-civica\/#primaryimage"},"image":{"@id":"https:\/\/potenciaradiofonicadominicana.com\/portal\/diputados-aprueban-proyecto-de-ley-que-obliga-a-impartir-en-las-escuelas-la-materia-de-moral-y-civica\/#primaryimage"},"thumbnailUrl":"https:\/\/potenciaradiofonicadominicana.com\/portal\/wp-content\/uploads\/2026\/09\/whatsapp-image-2025-07-31-at-33826-am.jpeg","datePublished":"2026-09-02T03:39:25+00:00","breadcrumb":{"@id":"https:\/\/potenciaradiofonicadominicana.com\/portal\/diputados-aprueban-proyecto-de-ley-que-obliga-a-impartir-en-las-escuelas-la-materia-de-moral-y-civica\/#breadcrumb"},"inLanguage":"es","potentialAction":[{"@type":"ReadAction","target":["https:\/\/potenciaradiofonicadominicana.com\/portal\/diputados-aprueban-proyecto-de-ley-que-obliga-a-impartir-en-las-escuelas-la-materia-de-moral-y-civica\/"]}]},{"@type":"ImageObject","inLanguage":"es","@id":"https:\/\/potenciaradiofonicadominicana.com\/portal\/diputados-aprueban-proyecto-de-ley-que-obliga-a-impartir-en-las-escuelas-la-materia-de-moral-y-civica\/#primaryimage","url":"https:\/\/potenciaradiofonicadominicana.com\/portal\/wp-content\/uploads\/2026\/09\/whatsapp-image-2025-07-31-at-33826-am.jpeg","contentUrl":"https:\/\/potenciaradiofonicadominicana.com\/portal\/wp-content\/uploads\/2026\/09\/whatsapp-image-2025-07-31-at-33826-am.jpeg","width":2560,"height":1706},{"@type":"BreadcrumbList","@id":"https:\/\/potenciaradiofonicadominicana.com\/portal\/diputados-aprueban-proyecto-de-ley-que-obliga-a-impartir-en-las-escuelas-la-materia-de-moral-y-civica\/#breadcrumb","itemListElement":[{"@type":"ListItem","position":1,"name":"Portada","item":"https:\/\/potenciaradiofonicadominicana.com\/portal\/"},{"@type":"ListItem","position":2,"name":"Diputados aprueban proyecto de ley que obliga a impartir en las escuelas la materia de moral y c\u00edvica"}]},{"@type":"WebSite","@id":"https:\/\/potenciaradiofonicadominicana.com\/portal\/#website","url":"https:\/\/potenciaradiofonicadominicana.com\/portal\/","name":"PotenciaRadiofonicaDominicana.com","description":"Peri\u00f3dico Digital","publisher":{"@id":"https:\/\/potenciaradiofonicadominicana.com\/portal\/#organization"},"potentialAction":[{"@type":"SearchAction","target":{"@type":"EntryPoint","urlTemplate":"https:\/\/potenciaradiofonicadominicana.com\/portal\/?s={search_term_string}"},"query-input":{"@type":"PropertyValueSpecification","valueRequired":true,"valueName":"search_term_string"}}],"inLanguage":"es"},{"@type":"Organization","@id":"https:\/\/potenciaradiofonicadominicana.com\/portal\/#organization","name":"PotenciaRadiofonicaDominicana.com","url":"https:\/\/potenciaradiofonicadominicana.com\/portal\/","logo":{"@type":"ImageObject","inLanguage":"es","@id":"https:\/\/potenciaradiofonicadominicana.com\/portal\/#\/schema\/logo\/image\/","url":"https:\/\/potenciaradiofonicadominicana.com\/portal\/wp-content\/uploads\/2022\/01\/descarga.png","contentUrl":"https:\/\/potenciaradiofonicadominicana.com\/portal\/wp-content\/uploads\/2022\/01\/descarga.png","width":300,"height":100,"caption":"PotenciaRadiofonicaDominicana.com"},"image":{"@id":"https:\/\/potenciaradiofonicadominicana.com\/portal\/#\/schema\/logo\/image\/"},"sameAs":["https:\/\/web.facebook.com\/PotenciaRadiofonicaD"]},{"@type":"Person","@id":"https:\/\/potenciaradiofonicadominicana.com\/portal\/#\/schema\/person\/a5cf1fea13877803ee0573ac18b03490","name":"Potencia Radiof\u00f3nica Dominicana","image":{"@type":"ImageObject","inLanguage":"es","@id":"https:\/\/potenciaradiofonicadominicana.com\/portal\/#\/schema\/person\/image\/","url":"https:\/\/secure.gravatar.com\/avatar\/42a55ab9e8ccc656ba34cd791990602a?s=96&d=mm&r=g","contentUrl":"https:\/\/secure.gravatar.com\/avatar\/42a55ab9e8ccc656ba34cd791990602a?s=96&d=mm&r=g","caption":"Potencia Radiof\u00f3nica Dominicana"},"url":"https:\/\/potenciaradiofonicadominicana.com\/portal\/author\/johannyalmanzar\/"}]}},"_links":{"self":[{"href":"https:\/\/potenciaradiofonicadominicana.com\/portal\/wp-json\/wp\/v2\/posts\/225140","targetHints":{"allow":["GET"]}}],"collection":[{"href":"https:\/\/potenciaradiofonicadominicana.com\/portal\/wp-json\/wp\/v2\/posts"}],"about":[{"href":"https:\/\/potenciaradiofonicadominicana.com\/portal\/wp-json\/wp\/v2\/types\/post"}],"author":[{"embeddable":true,"href":"https:\/\/potenciaradiofonicadominicana.com\/portal\/wp-json\/wp\/v2\/users\/2"}],"replies":[{"embeddable":true,"href":"https:\/\/potenciaradiofonicadominicana.com\/portal\/wp-json\/wp\/v2\/comments?post=225140"}],"version-history":[{"count":1,"href":"https:\/\/potenciaradiofonicadominicana.com\/portal\/wp-json\/wp\/v2\/posts\/225140\/revisions"}],"predecessor-version":[{"id":225142,"href":"https:\/\/potenciaradiofonicadominicana.com\/portal\/wp-json\/wp\/v2\/posts\/225140\/revisions\/225142"}],"wp:featuredmedia":[{"embeddable":true,"href":"https:\/\/potenciaradiofonicadominicana.com\/portal\/wp-json\/wp\/v2\/media\/225141"}],"wp:attachment":[{"href":"https:\/\/potenciaradiofonicadominicana.com\/portal\/wp-json\/wp\/v2\/media?parent=225140"}],"wp:term":[{"taxonomy":"category","embeddable":true,"href":"https:\/\/potenciaradiofonicadominicana.com\/portal\/wp-json\/wp\/v2\/categories?post=225140"},{"taxonomy":"post_tag","embeddable":true,"href":"https:\/\/potenciaradiofonicadominicana.com\/portal\/wp-json\/wp\/v2\/tags?post=225140"}],"curies":[{"name":"wp","href":"https:\/\/api.w.org\/{rel}","templated":true}]}}