{"id":225134,"date":"2026-09-01T23:33:49","date_gmt":"2026-09-02T03:33:49","guid":{"rendered":"https:\/\/potenciaradiofonicadominicana.com\/portal\/?p=225134"},"modified":"2026-09-01T23:33:49","modified_gmt":"2026-09-02T03:33:49","slug":"gobierno-entrega-50-camiones-compactadores-para-fortalecer-la-recogida-de-basura-y-proteger-la-salud-de-la-poblacion","status":"publish","type":"post","link":"https:\/\/potenciaradiofonicadominicana.com\/portal\/gobierno-entrega-50-camiones-compactadores-para-fortalecer-la-recogida-de-basura-y-proteger-la-salud-de-la-poblacion\/","title":{"rendered":"Gobierno entrega 50 camiones compactadores para fortalecer la recogida de basura y proteger la salud de la poblaci\u00f3n"},"content":{"rendered":"<p><a href=\"https:\/\/potenciaradiofonicadominicana.com\/portal\/wp-content\/uploads\/2026\/09\/WhatsApp-Image-2026-09-01-at-1.0-5.jpg\"><img loading=\"lazy\" decoding=\"async\" class=\"alignnone size-full wp-image-225135\" src=\"https:\/\/potenciaradiofonicadominicana.com\/portal\/wp-content\/uploads\/2026\/09\/WhatsApp-Image-2026-09-01-at-1.0-5.jpg\" alt=\"\" width=\"1300\" height=\"731\" srcset=\"https:\/\/potenciaradiofonicadominicana.com\/portal\/wp-content\/uploads\/2026\/09\/WhatsApp-Image-2026-09-01-at-1.0-5.jpg 1300w, https:\/\/potenciaradiofonicadominicana.com\/portal\/wp-content\/uploads\/2026\/09\/WhatsApp-Image-2026-09-01-at-1.0-5-300x169.jpg 300w, https:\/\/potenciaradiofonicadominicana.com\/portal\/wp-content\/uploads\/2026\/09\/WhatsApp-Image-2026-09-01-at-1.0-5-1024x576.jpg 1024w, https:\/\/potenciaradiofonicadominicana.com\/portal\/wp-content\/uploads\/2026\/09\/WhatsApp-Image-2026-09-01-at-1.0-5-768x432.jpg 768w\" sizes=\"auto, (max-width: 1300px) 100vw, 1300px\" \/><\/a><\/p>\n<p dir=\"ltr\"><strong>El presidente Luis Abinader<\/strong>, a trav\u00e9s del Ministerio Administrativo de la Presidencia\u00a0<strong>(Mapre)<\/strong>, entreg\u00f3\u00a0<strong>50 camiones compactadores<\/strong>\u00a0a municipios y distritos municipales, como parte de un programa de apoyo dirigido a fortalecer la\u00a0<strong>capacidad de los gobiernos locales<\/strong>\u00a0para garantizar una\u00a0<strong>recogida de basura m\u00e1s eficiente.<\/strong><\/p>\n<p dir=\"ltr\">El ministro administrativo de la Presidencia,\u00a0<strong>Andr\u00e9s Bautista Garc\u00eda<\/strong>, inform\u00f3 que la iniciativa responde especialmente a las comunidades donde la\u00a0<strong>acumulaci\u00f3n de basura<\/strong>\u00a0representa un\u00a0<strong>riesgo para la salud p\u00fablica, el medio ambiente y la calidad de vida\u00a0<\/strong>de la poblaci\u00f3n.<\/p>\n<p dir=\"ltr\">En un acto celebrado en la explanada frontal del Palacio Nacional, Bautista Garc\u00eda manifest\u00f3 que esta\u00a0<strong>iniciativa, dispuesta por el presidente Luis Abinader,<\/strong>\u00a0busca dar respuesta a una de las principales necesidades de los gobiernos locales y contribuir a mejorar las condiciones de salubridad de las comunidades, mediante una gesti\u00f3n m\u00e1s eficiente de la recogida de basura.<\/p>\n<p dir=\"ltr\">La actividad fue encabezada por el ministro Bautista Garc\u00eda, acompa\u00f1ado del presidente de la Liga Municipal Dominicana,\u00a0<strong>V\u00edctor D\u2019Aza<\/strong>; el de la Federaci\u00f3n Dominicana de Municipios y alcalde de Saman\u00e1,\u00a0<strong>Nelson N\u00fa\u00f1ez<\/strong>, y el de la Federaci\u00f3n Dominicana de Distritos Municipales (Fedodim),\u00a0<strong>Lioncito Jos\u00e9<\/strong>; el ministro de Trabajo,\u00a0<strong>Eddy Olivares; Priamo Ram\u00edrez<\/strong>, director ejecutivo DO Sostenible, y\u00a0<strong>Modesto Guzm\u00e1n<\/strong>, director general de la Direcci\u00f3n de Desarrollo a la Comunidad, adem\u00e1s, de diputados, senadores y los alcaldes beneficiados con los camiones compactadores.<\/p>\n<p dir=\"ltr\">Entre 2024 y 2026, el Gobierno recibi\u00f3 unas\u00a0<strong>240 solicitudes de donaci\u00f3n de camiones compactadores<\/strong>\u00a0para ser utilizados en los municipios y distritos municipales del pa\u00eds.<\/p>\n<p dir=\"ltr\">Debido al riesgo para la salud p\u00fablica que representa la acumulaci\u00f3n de basura y considerando la precariedad de recursos para la adquisici\u00f3n de estos equipos, el Mapre convoc\u00f3 a un\u00a0<strong>procedimiento de contrataci\u00f3n p\u00fablica<\/strong>\u00a0el 23 de marzo de 2026,\u00a0 relativo a la\u00a0<strong>adquisici\u00f3n de 100 camiones<\/strong>\u00a0para ser donados, en una primera fase, a los\u00a0<strong>territorios de mayor necesidad.\u00a0<\/strong><\/p>\n<p dir=\"ltr\">Esta primera entrega permitir\u00e1 mejorar la\u00a0<strong>capacidad operativa<\/strong>\u00a0de los gobiernos locales beneficiados.<\/p>\n<p dir=\"ltr\">Los equipos ser\u00e1n destinados prioritariamente a municipios y distritos municipales de Azua, Bahoruco, Barahona, El\u00edas Pi\u00f1a, Independencia, Pedernales, Peravia, San Crist\u00f3bal, San Jos\u00e9 de Ocoa y San Juan, adem\u00e1s de Los Alcarrizos y Pedro Brand, en el Gran Santo Domingo, as\u00ed como a territorios de Monte Plata, El Seibo y Hato Mayor.<\/p>\n<p dir=\"ltr\">El ministro exhort\u00f3 a los alcaldes y directores distritales beneficiados con estos equipos a\u00a0<em>\u201ccuidar de ellos como si fueran propios evitando que al paso de dos o tres a\u00f1os aparezcan en un cementerio de chatarras\u201d.<\/em><\/p>\n","protected":false},"excerpt":{"rendered":"<p>El presidente Luis Abinader, a trav\u00e9s del Ministerio Administrativo de la Presidencia\u00a0(Mapre), entreg\u00f3\u00a050 camiones compactadores\u00a0a municipios y distritos municipales, como &#8230;<\/p>\n","protected":false},"author":2,"featured_media":225135,"comment_status":"closed","ping_status":"closed","sticky":false,"template":"","format":"standard","meta":{"footnotes":""},"categories":[25],"tags":[],"class_list":["post-225134","post","type-post","status-publish","format-standard","has-post-thumbnail","hentry","category-noticias"],"yoast_head":"<!-- This site is optimized with the Yoast SEO plugin v24.8.1 - https:\/\/yoast.com\/wordpress\/plugins\/seo\/ -->\n<title>Gobierno entrega 50 camiones compactadores para fortalecer la recogida de basura y proteger la salud de la poblaci\u00f3n - PotenciaRadiofonicaDominicana.com<\/title>\n<meta name=\"robots\" content=\"index, follow, max-snippet:-1, max-image-preview:large, max-video-preview:-1\" \/>\n<link rel=\"canonical\" href=\"https:\/\/potenciaradiofonicadominicana.com\/portal\/gobierno-entrega-50-camiones-compactadores-para-fortalecer-la-recogida-de-basura-y-proteger-la-salud-de-la-poblacion\/\" \/>\n<meta property=\"og:locale\" content=\"es_ES\" \/>\n<meta property=\"og:type\" content=\"article\" \/>\n<meta property=\"og:title\" content=\"Gobierno entrega 50 camiones compactadores para fortalecer la recogida de basura y proteger la salud de la poblaci\u00f3n - PotenciaRadiofonicaDominicana.com\" \/>\n<meta property=\"og:description\" content=\"El presidente Luis Abinader, a trav\u00e9s del Ministerio Administrativo de la Presidencia\u00a0(Mapre), entreg\u00f3\u00a050 camiones compactadores\u00a0a municipios y distritos municipales, como ...\" \/>\n<meta property=\"og:url\" content=\"https:\/\/potenciaradiofonicadominicana.com\/portal\/gobierno-entrega-50-camiones-compactadores-para-fortalecer-la-recogida-de-basura-y-proteger-la-salud-de-la-poblacion\/\" \/>\n<meta property=\"og:site_name\" content=\"PotenciaRadiofonicaDominicana.com\" \/>\n<meta property=\"article:publisher\" content=\"https:\/\/web.facebook.com\/PotenciaRadiofonicaD\" \/>\n<meta property=\"article:published_time\" content=\"2026-09-02T03:33:49+00:00\" \/>\n<meta property=\"og:image\" content=\"https:\/\/potenciaradiofonicadominicana.com\/portal\/wp-content\/uploads\/2026\/09\/WhatsApp-Image-2026-09-01-at-1.0-5.jpg\" \/>\n\t<meta property=\"og:image:width\" content=\"1300\" \/>\n\t<meta property=\"og:image:height\" content=\"731\" \/>\n\t<meta property=\"og:image:type\" content=\"image\/jpeg\" \/>\n<meta name=\"author\" content=\"Potencia Radiof\u00f3nica Dominicana\" \/>\n<meta name=\"twitter:card\" content=\"summary_large_image\" \/>\n<meta name=\"twitter:label1\" content=\"Escrito por\" \/>\n\t<meta name=\"twitter:data1\" content=\"Potencia Radiof\u00f3nica Dominicana\" \/>\n\t<meta name=\"twitter:label2\" content=\"Tiempo de lectura\" \/>\n\t<meta name=\"twitter:data2\" content=\"3 minutos\" \/>\n<script type=\"application\/ld+json\" class=\"yoast-schema-graph\">{\"@context\":\"https:\/\/schema.org\",\"@graph\":[{\"@type\":\"Article\",\"@id\":\"https:\/\/potenciaradiofonicadominicana.com\/portal\/gobierno-entrega-50-camiones-compactadores-para-fortalecer-la-recogida-de-basura-y-proteger-la-salud-de-la-poblacion\/#article\",\"isPartOf\":{\"@id\":\"https:\/\/potenciaradiofonicadominicana.com\/portal\/gobierno-entrega-50-camiones-compactadores-para-fortalecer-la-recogida-de-basura-y-proteger-la-salud-de-la-poblacion\/\"},\"author\":{\"name\":\"Potencia Radiof\u00f3nica Dominicana\",\"@id\":\"https:\/\/potenciaradiofonicadominicana.com\/portal\/#\/schema\/person\/a5cf1fea13877803ee0573ac18b03490\"},\"headline\":\"Gobierno entrega 50 camiones compactadores para fortalecer la recogida de basura y proteger la salud de la poblaci\u00f3n\",\"datePublished\":\"2026-09-02T03:33:49+00:00\",\"mainEntityOfPage\":{\"@id\":\"https:\/\/potenciaradiofonicadominicana.com\/portal\/gobierno-entrega-50-camiones-compactadores-para-fortalecer-la-recogida-de-basura-y-proteger-la-salud-de-la-poblacion\/\"},\"wordCount\":458,\"publisher\":{\"@id\":\"https:\/\/potenciaradiofonicadominicana.com\/portal\/#organization\"},\"image\":{\"@id\":\"https:\/\/potenciaradiofonicadominicana.com\/portal\/gobierno-entrega-50-camiones-compactadores-para-fortalecer-la-recogida-de-basura-y-proteger-la-salud-de-la-poblacion\/#primaryimage\"},\"thumbnailUrl\":\"https:\/\/potenciaradiofonicadominicana.com\/portal\/wp-content\/uploads\/2026\/09\/WhatsApp-Image-2026-09-01-at-1.0-5.jpg\",\"articleSection\":[\"Noticias\"],\"inLanguage\":\"es\"},{\"@type\":\"WebPage\",\"@id\":\"https:\/\/potenciaradiofonicadominicana.com\/portal\/gobierno-entrega-50-camiones-compactadores-para-fortalecer-la-recogida-de-basura-y-proteger-la-salud-de-la-poblacion\/\",\"url\":\"https:\/\/potenciaradiofonicadominicana.com\/portal\/gobierno-entrega-50-camiones-compactadores-para-fortalecer-la-recogida-de-basura-y-proteger-la-salud-de-la-poblacion\/\",\"name\":\"Gobierno entrega 50 camiones compactadores para fortalecer la recogida de basura y proteger la salud de la poblaci\u00f3n - PotenciaRadiofonicaDominicana.com\",\"isPartOf\":{\"@id\":\"https:\/\/potenciaradiofonicadominicana.com\/portal\/#website\"},\"primaryImageOfPage\":{\"@id\":\"https:\/\/potenciaradiofonicadominicana.com\/portal\/gobierno-entrega-50-camiones-compactadores-para-fortalecer-la-recogida-de-basura-y-proteger-la-salud-de-la-poblacion\/#primaryimage\"},\"image\":{\"@id\":\"https:\/\/potenciaradiofonicadominicana.com\/portal\/gobierno-entrega-50-camiones-compactadores-para-fortalecer-la-recogida-de-basura-y-proteger-la-salud-de-la-poblacion\/#primaryimage\"},\"thumbnailUrl\":\"https:\/\/potenciaradiofonicadominicana.com\/portal\/wp-content\/uploads\/2026\/09\/WhatsApp-Image-2026-09-01-at-1.0-5.jpg\",\"datePublished\":\"2026-09-02T03:33:49+00:00\",\"breadcrumb\":{\"@id\":\"https:\/\/potenciaradiofonicadominicana.com\/portal\/gobierno-entrega-50-camiones-compactadores-para-fortalecer-la-recogida-de-basura-y-proteger-la-salud-de-la-poblacion\/#breadcrumb\"},\"inLanguage\":\"es\",\"potentialAction\":[{\"@type\":\"ReadAction\",\"target\":[\"https:\/\/potenciaradiofonicadominicana.com\/portal\/gobierno-entrega-50-camiones-compactadores-para-fortalecer-la-recogida-de-basura-y-proteger-la-salud-de-la-poblacion\/\"]}]},{\"@type\":\"ImageObject\",\"inLanguage\":\"es\",\"@id\":\"https:\/\/potenciaradiofonicadominicana.com\/portal\/gobierno-entrega-50-camiones-compactadores-para-fortalecer-la-recogida-de-basura-y-proteger-la-salud-de-la-poblacion\/#primaryimage\",\"url\":\"https:\/\/potenciaradiofonicadominicana.com\/portal\/wp-content\/uploads\/2026\/09\/WhatsApp-Image-2026-09-01-at-1.0-5.jpg\",\"contentUrl\":\"https:\/\/potenciaradiofonicadominicana.com\/portal\/wp-content\/uploads\/2026\/09\/WhatsApp-Image-2026-09-01-at-1.0-5.jpg\",\"width\":1300,\"height\":731},{\"@type\":\"BreadcrumbList\",\"@id\":\"https:\/\/potenciaradiofonicadominicana.com\/portal\/gobierno-entrega-50-camiones-compactadores-para-fortalecer-la-recogida-de-basura-y-proteger-la-salud-de-la-poblacion\/#breadcrumb\",\"itemListElement\":[{\"@type\":\"ListItem\",\"position\":1,\"name\":\"Portada\",\"item\":\"https:\/\/potenciaradiofonicadominicana.com\/portal\/\"},{\"@type\":\"ListItem\",\"position\":2,\"name\":\"Gobierno entrega 50 camiones compactadores para fortalecer la recogida de basura y proteger la salud de la poblaci\u00f3n\"}]},{\"@type\":\"WebSite\",\"@id\":\"https:\/\/potenciaradiofonicadominicana.com\/portal\/#website\",\"url\":\"https:\/\/potenciaradiofonicadominicana.com\/portal\/\",\"name\":\"PotenciaRadiofonicaDominicana.com\",\"description\":\"Peri\u00f3dico Digital\",\"publisher\":{\"@id\":\"https:\/\/potenciaradiofonicadominicana.com\/portal\/#organization\"},\"potentialAction\":[{\"@type\":\"SearchAction\",\"target\":{\"@type\":\"EntryPoint\",\"urlTemplate\":\"https:\/\/potenciaradiofonicadominicana.com\/portal\/?s={search_term_string}\"},\"query-input\":{\"@type\":\"PropertyValueSpecification\",\"valueRequired\":true,\"valueName\":\"search_term_string\"}}],\"inLanguage\":\"es\"},{\"@type\":\"Organization\",\"@id\":\"https:\/\/potenciaradiofonicadominicana.com\/portal\/#organization\",\"name\":\"PotenciaRadiofonicaDominicana.com\",\"url\":\"https:\/\/potenciaradiofonicadominicana.com\/portal\/\",\"logo\":{\"@type\":\"ImageObject\",\"inLanguage\":\"es\",\"@id\":\"https:\/\/potenciaradiofonicadominicana.com\/portal\/#\/schema\/logo\/image\/\",\"url\":\"https:\/\/potenciaradiofonicadominicana.com\/portal\/wp-content\/uploads\/2022\/01\/descarga.png\",\"contentUrl\":\"https:\/\/potenciaradiofonicadominicana.com\/portal\/wp-content\/uploads\/2022\/01\/descarga.png\",\"width\":300,\"height\":100,\"caption\":\"PotenciaRadiofonicaDominicana.com\"},\"image\":{\"@id\":\"https:\/\/potenciaradiofonicadominicana.com\/portal\/#\/schema\/logo\/image\/\"},\"sameAs\":[\"https:\/\/web.facebook.com\/PotenciaRadiofonicaD\"]},{\"@type\":\"Person\",\"@id\":\"https:\/\/potenciaradiofonicadominicana.com\/portal\/#\/schema\/person\/a5cf1fea13877803ee0573ac18b03490\",\"name\":\"Potencia Radiof\u00f3nica Dominicana\",\"image\":{\"@type\":\"ImageObject\",\"inLanguage\":\"es\",\"@id\":\"https:\/\/potenciaradiofonicadominicana.com\/portal\/#\/schema\/person\/image\/\",\"url\":\"https:\/\/secure.gravatar.com\/avatar\/42a55ab9e8ccc656ba34cd791990602a?s=96&d=mm&r=g\",\"contentUrl\":\"https:\/\/secure.gravatar.com\/avatar\/42a55ab9e8ccc656ba34cd791990602a?s=96&d=mm&r=g\",\"caption\":\"Potencia Radiof\u00f3nica Dominicana\"},\"url\":\"https:\/\/potenciaradiofonicadominicana.com\/portal\/author\/johannyalmanzar\/\"}]}<\/script>\n<!-- \/ Yoast SEO plugin. -->","yoast_head_json":{"title":"Gobierno entrega 50 camiones compactadores para fortalecer la recogida de basura y proteger la salud de la poblaci\u00f3n - PotenciaRadiofonicaDominicana.com","robots":{"index":"index","follow":"follow","max-snippet":"max-snippet:-1","max-image-preview":"max-image-preview:large","max-video-preview":"max-video-preview:-1"},"canonical":"https:\/\/potenciaradiofonicadominicana.com\/portal\/gobierno-entrega-50-camiones-compactadores-para-fortalecer-la-recogida-de-basura-y-proteger-la-salud-de-la-poblacion\/","og_locale":"es_ES","og_type":"article","og_title":"Gobierno entrega 50 camiones compactadores para fortalecer la recogida de basura y proteger la salud de la poblaci\u00f3n - PotenciaRadiofonicaDominicana.com","og_description":"El presidente Luis Abinader, a trav\u00e9s del Ministerio Administrativo de la Presidencia\u00a0(Mapre), entreg\u00f3\u00a050 camiones compactadores\u00a0a municipios y distritos municipales, como ...","og_url":"https:\/\/potenciaradiofonicadominicana.com\/portal\/gobierno-entrega-50-camiones-compactadores-para-fortalecer-la-recogida-de-basura-y-proteger-la-salud-de-la-poblacion\/","og_site_name":"PotenciaRadiofonicaDominicana.com","article_publisher":"https:\/\/web.facebook.com\/PotenciaRadiofonicaD","article_published_time":"2026-09-02T03:33:49+00:00","og_image":[{"width":1300,"height":731,"url":"https:\/\/potenciaradiofonicadominicana.com\/portal\/wp-content\/uploads\/2026\/09\/WhatsApp-Image-2026-09-01-at-1.0-5.jpg","type":"image\/jpeg"}],"author":"Potencia Radiof\u00f3nica Dominicana","twitter_card":"summary_large_image","twitter_misc":{"Escrito por":"Potencia Radiof\u00f3nica Dominicana","Tiempo de lectura":"3 minutos"},"schema":{"@context":"https:\/\/schema.org","@graph":[{"@type":"Article","@id":"https:\/\/potenciaradiofonicadominicana.com\/portal\/gobierno-entrega-50-camiones-compactadores-para-fortalecer-la-recogida-de-basura-y-proteger-la-salud-de-la-poblacion\/#article","isPartOf":{"@id":"https:\/\/potenciaradiofonicadominicana.com\/portal\/gobierno-entrega-50-camiones-compactadores-para-fortalecer-la-recogida-de-basura-y-proteger-la-salud-de-la-poblacion\/"},"author":{"name":"Potencia Radiof\u00f3nica Dominicana","@id":"https:\/\/potenciaradiofonicadominicana.com\/portal\/#\/schema\/person\/a5cf1fea13877803ee0573ac18b03490"},"headline":"Gobierno entrega 50 camiones compactadores para fortalecer la recogida de basura y proteger la salud de la poblaci\u00f3n","datePublished":"2026-09-02T03:33:49+00:00","mainEntityOfPage":{"@id":"https:\/\/potenciaradiofonicadominicana.com\/portal\/gobierno-entrega-50-camiones-compactadores-para-fortalecer-la-recogida-de-basura-y-proteger-la-salud-de-la-poblacion\/"},"wordCount":458,"publisher":{"@id":"https:\/\/potenciaradiofonicadominicana.com\/portal\/#organization"},"image":{"@id":"https:\/\/potenciaradiofonicadominicana.com\/portal\/gobierno-entrega-50-camiones-compactadores-para-fortalecer-la-recogida-de-basura-y-proteger-la-salud-de-la-poblacion\/#primaryimage"},"thumbnailUrl":"https:\/\/potenciaradiofonicadominicana.com\/portal\/wp-content\/uploads\/2026\/09\/WhatsApp-Image-2026-09-01-at-1.0-5.jpg","articleSection":["Noticias"],"inLanguage":"es"},{"@type":"WebPage","@id":"https:\/\/potenciaradiofonicadominicana.com\/portal\/gobierno-entrega-50-camiones-compactadores-para-fortalecer-la-recogida-de-basura-y-proteger-la-salud-de-la-poblacion\/","url":"https:\/\/potenciaradiofonicadominicana.com\/portal\/gobierno-entrega-50-camiones-compactadores-para-fortalecer-la-recogida-de-basura-y-proteger-la-salud-de-la-poblacion\/","name":"Gobierno entrega 50 camiones compactadores para fortalecer la recogida de basura y proteger la salud de la poblaci\u00f3n - PotenciaRadiofonicaDominicana.com","isPartOf":{"@id":"https:\/\/potenciaradiofonicadominicana.com\/portal\/#website"},"primaryImageOfPage":{"@id":"https:\/\/potenciaradiofonicadominicana.com\/portal\/gobierno-entrega-50-camiones-compactadores-para-fortalecer-la-recogida-de-basura-y-proteger-la-salud-de-la-poblacion\/#primaryimage"},"image":{"@id":"https:\/\/potenciaradiofonicadominicana.com\/portal\/gobierno-entrega-50-camiones-compactadores-para-fortalecer-la-recogida-de-basura-y-proteger-la-salud-de-la-poblacion\/#primaryimage"},"thumbnailUrl":"https:\/\/potenciaradiofonicadominicana.com\/portal\/wp-content\/uploads\/2026\/09\/WhatsApp-Image-2026-09-01-at-1.0-5.jpg","datePublished":"2026-09-02T03:33:49+00:00","breadcrumb":{"@id":"https:\/\/potenciaradiofonicadominicana.com\/portal\/gobierno-entrega-50-camiones-compactadores-para-fortalecer-la-recogida-de-basura-y-proteger-la-salud-de-la-poblacion\/#breadcrumb"},"inLanguage":"es","potentialAction":[{"@type":"ReadAction","target":["https:\/\/potenciaradiofonicadominicana.com\/portal\/gobierno-entrega-50-camiones-compactadores-para-fortalecer-la-recogida-de-basura-y-proteger-la-salud-de-la-poblacion\/"]}]},{"@type":"ImageObject","inLanguage":"es","@id":"https:\/\/potenciaradiofonicadominicana.com\/portal\/gobierno-entrega-50-camiones-compactadores-para-fortalecer-la-recogida-de-basura-y-proteger-la-salud-de-la-poblacion\/#primaryimage","url":"https:\/\/potenciaradiofonicadominicana.com\/portal\/wp-content\/uploads\/2026\/09\/WhatsApp-Image-2026-09-01-at-1.0-5.jpg","contentUrl":"https:\/\/potenciaradiofonicadominicana.com\/portal\/wp-content\/uploads\/2026\/09\/WhatsApp-Image-2026-09-01-at-1.0-5.jpg","width":1300,"height":731},{"@type":"BreadcrumbList","@id":"https:\/\/potenciaradiofonicadominicana.com\/portal\/gobierno-entrega-50-camiones-compactadores-para-fortalecer-la-recogida-de-basura-y-proteger-la-salud-de-la-poblacion\/#breadcrumb","itemListElement":[{"@type":"ListItem","position":1,"name":"Portada","item":"https:\/\/potenciaradiofonicadominicana.com\/portal\/"},{"@type":"ListItem","position":2,"name":"Gobierno entrega 50 camiones compactadores para fortalecer la recogida de basura y proteger la salud de la poblaci\u00f3n"}]},{"@type":"WebSite","@id":"https:\/\/potenciaradiofonicadominicana.com\/portal\/#website","url":"https:\/\/potenciaradiofonicadominicana.com\/portal\/","name":"PotenciaRadiofonicaDominicana.com","description":"Peri\u00f3dico Digital","publisher":{"@id":"https:\/\/potenciaradiofonicadominicana.com\/portal\/#organization"},"potentialAction":[{"@type":"SearchAction","target":{"@type":"EntryPoint","urlTemplate":"https:\/\/potenciaradiofonicadominicana.com\/portal\/?s={search_term_string}"},"query-input":{"@type":"PropertyValueSpecification","valueRequired":true,"valueName":"search_term_string"}}],"inLanguage":"es"},{"@type":"Organization","@id":"https:\/\/potenciaradiofonicadominicana.com\/portal\/#organization","name":"PotenciaRadiofonicaDominicana.com","url":"https:\/\/potenciaradiofonicadominicana.com\/portal\/","logo":{"@type":"ImageObject","inLanguage":"es","@id":"https:\/\/potenciaradiofonicadominicana.com\/portal\/#\/schema\/logo\/image\/","url":"https:\/\/potenciaradiofonicadominicana.com\/portal\/wp-content\/uploads\/2022\/01\/descarga.png","contentUrl":"https:\/\/potenciaradiofonicadominicana.com\/portal\/wp-content\/uploads\/2022\/01\/descarga.png","width":300,"height":100,"caption":"PotenciaRadiofonicaDominicana.com"},"image":{"@id":"https:\/\/potenciaradiofonicadominicana.com\/portal\/#\/schema\/logo\/image\/"},"sameAs":["https:\/\/web.facebook.com\/PotenciaRadiofonicaD"]},{"@type":"Person","@id":"https:\/\/potenciaradiofonicadominicana.com\/portal\/#\/schema\/person\/a5cf1fea13877803ee0573ac18b03490","name":"Potencia Radiof\u00f3nica Dominicana","image":{"@type":"ImageObject","inLanguage":"es","@id":"https:\/\/potenciaradiofonicadominicana.com\/portal\/#\/schema\/person\/image\/","url":"https:\/\/secure.gravatar.com\/avatar\/42a55ab9e8ccc656ba34cd791990602a?s=96&d=mm&r=g","contentUrl":"https:\/\/secure.gravatar.com\/avatar\/42a55ab9e8ccc656ba34cd791990602a?s=96&d=mm&r=g","caption":"Potencia Radiof\u00f3nica Dominicana"},"url":"https:\/\/potenciaradiofonicadominicana.com\/portal\/author\/johannyalmanzar\/"}]}},"_links":{"self":[{"href":"https:\/\/potenciaradiofonicadominicana.com\/portal\/wp-json\/wp\/v2\/posts\/225134","targetHints":{"allow":["GET"]}}],"collection":[{"href":"https:\/\/potenciaradiofonicadominicana.com\/portal\/wp-json\/wp\/v2\/posts"}],"about":[{"href":"https:\/\/potenciaradiofonicadominicana.com\/portal\/wp-json\/wp\/v2\/types\/post"}],"author":[{"embeddable":true,"href":"https:\/\/potenciaradiofonicadominicana.com\/portal\/wp-json\/wp\/v2\/users\/2"}],"replies":[{"embeddable":true,"href":"https:\/\/potenciaradiofonicadominicana.com\/portal\/wp-json\/wp\/v2\/comments?post=225134"}],"version-history":[{"count":1,"href":"https:\/\/potenciaradiofonicadominicana.com\/portal\/wp-json\/wp\/v2\/posts\/225134\/revisions"}],"predecessor-version":[{"id":225136,"href":"https:\/\/potenciaradiofonicadominicana.com\/portal\/wp-json\/wp\/v2\/posts\/225134\/revisions\/225136"}],"wp:featuredmedia":[{"embeddable":true,"href":"https:\/\/potenciaradiofonicadominicana.com\/portal\/wp-json\/wp\/v2\/media\/225135"}],"wp:attachment":[{"href":"https:\/\/potenciaradiofonicadominicana.com\/portal\/wp-json\/wp\/v2\/media?parent=225134"}],"wp:term":[{"taxonomy":"category","embeddable":true,"href":"https:\/\/potenciaradiofonicadominicana.com\/portal\/wp-json\/wp\/v2\/categories?post=225134"},{"taxonomy":"post_tag","embeddable":true,"href":"https:\/\/potenciaradiofonicadominicana.com\/portal\/wp-json\/wp\/v2\/tags?post=225134"}],"curies":[{"name":"wp","href":"https:\/\/api.w.org\/{rel}","templated":true}]}}