{"id":225131,"date":"2026-09-01T23:32:03","date_gmt":"2026-09-02T03:32:03","guid":{"rendered":"https:\/\/potenciaradiofonicadominicana.com\/portal\/?p=225131"},"modified":"2026-09-01T23:32:03","modified_gmt":"2026-09-02T03:32:03","slug":"adp-desafia-al-ministerio-de-educacion-y-recorta-horario-en-las-escuelas","status":"publish","type":"post","link":"https:\/\/potenciaradiofonicadominicana.com\/portal\/adp-desafia-al-ministerio-de-educacion-y-recorta-horario-en-las-escuelas\/","title":{"rendered":"ADP desaf\u00eda al Ministerio de Educaci\u00f3n y recorta horario en las escuelas"},"content":{"rendered":"<p><a href=\"https:\/\/potenciaradiofonicadominicana.com\/portal\/wp-content\/uploads\/2026\/09\/adp-voz-2-1024x682-1.jpeg\"><img loading=\"lazy\" decoding=\"async\" class=\"alignnone size-full wp-image-225132\" src=\"https:\/\/potenciaradiofonicadominicana.com\/portal\/wp-content\/uploads\/2026\/09\/adp-voz-2-1024x682-1.jpeg\" alt=\"\" width=\"1024\" height=\"682\" srcset=\"https:\/\/potenciaradiofonicadominicana.com\/portal\/wp-content\/uploads\/2026\/09\/adp-voz-2-1024x682-1.jpeg 1024w, https:\/\/potenciaradiofonicadominicana.com\/portal\/wp-content\/uploads\/2026\/09\/adp-voz-2-1024x682-1-300x200.jpeg 300w, https:\/\/potenciaradiofonicadominicana.com\/portal\/wp-content\/uploads\/2026\/09\/adp-voz-2-1024x682-1-768x512.jpeg 768w\" sizes=\"auto, (max-width: 1024px) 100vw, 1024px\" \/><\/a><\/p>\n<p class=\"wp-block-paragraph\">\u00a0La Asociaci\u00f3n Dominicana de Profesores (ADP) dispuso una reducci\u00f3n de la jornada laboral en los centros educativos del Gran Santo Domingo, medida que mantendr\u00e1 hasta que, seg\u00fan el gremio, se produzcan soluciones efectivas a los problemas que afectan a las escuelas.<\/p>\n<p class=\"wp-block-paragraph\">En una comunicaci\u00f3n dirigida al magisterio, la organizaci\u00f3n inform\u00f3 que los centros de Jornada Escolar Extendida (JEE) trabajar\u00e1n hasta las\u00a0<strong>3:00 de la tarde<\/strong>, mientras que aquellos que no cuentan con almuerzo concluir\u00e1n a las\u00a0<strong>12:00 del mediod\u00eda<\/strong>.<\/p>\n<div class=\"puede-leer-module\">\n<div class=\"puede-leer-content\">\n<h3 class=\"puede-leer-title\">Ministro de Educaci\u00f3n responde a Hidalgo: \u201cAlgunas seccionales de la ADP no han querido iniciar las clases\u201d<\/h3>\n<\/div>\n<\/div>\n<p class=\"wp-block-paragraph\">Asimismo, estableci\u00f3 que los centros de jornada regular trabajar\u00e1n hasta las\u00a0<strong>2:00 de la tarde<\/strong>, mientras que las jornadas matutina y vespertina tendr\u00e1n sus respectivos horarios.<\/p>\n<p class=\"wp-block-paragraph\">La ADP dej\u00f3 claro que la disposici\u00f3n permanecer\u00e1 vigente hasta que sean atendidos los reclamos planteados.<\/p>\n<figure class=\"wp-block-image size-full\"><img loading=\"lazy\" decoding=\"async\" class=\"wp-image-1944210\" src=\"https:\/\/eldia.com.do\/wp-content\/uploads\/2026\/09\/adpp.jpg\" sizes=\"auto, (max-width: 557px) 100vw, 557px\" srcset=\"https:\/\/eldia.com.do\/wp-content\/uploads\/2026\/09\/adpp.jpg 557w, https:\/\/eldia.com.do\/wp-content\/uploads\/2026\/09\/adpp-229x300.jpg 229w, https:\/\/eldia.com.do\/wp-content\/uploads\/2026\/09\/adpp-150x196.jpg 150w, https:\/\/eldia.com.do\/wp-content\/uploads\/2026\/09\/adpp-300x393.jpg 300w, https:\/\/eldia.com.do\/wp-content\/uploads\/2026\/09\/adpp-1200x1571.jpg 1200w\" alt=\"ADP desaf\u00eda al Ministerio de Educaci\u00f3n y recorta horario en las escuelas\" width=\"557\" height=\"729\" \/><\/figure>\n<p class=\"wp-block-paragraph\">\u201cEste horario de trabajo se mantendr\u00e1 hasta tanto se vea una soluci\u00f3n efectiva a los problemas de infraestructura, la completaci\u00f3n de los docentes, personal administrativo, de apoyo, clases optativas y horario de almuerzo para los docentes de la JEE\u201d, indic\u00f3 mediante un comunicado.<\/p>\n<figure class=\"wp-block-image size-full\"><img loading=\"lazy\" decoding=\"async\" class=\"wp-image-1918939\" src=\"https:\/\/eldia.com.do\/wp-content\/uploads\/2026\/07\/Escuelas-deterioradas.jpg\" sizes=\"auto, (max-width: 1024px) 100vw, 1024px\" srcset=\"https:\/\/eldia.com.do\/wp-content\/uploads\/2026\/07\/Escuelas-deterioradas.jpg 1024w, https:\/\/eldia.com.do\/wp-content\/uploads\/2026\/07\/Escuelas-deterioradas-300x225.jpg 300w, https:\/\/eldia.com.do\/wp-content\/uploads\/2026\/07\/Escuelas-deterioradas-768x576.jpg 768w, https:\/\/eldia.com.do\/wp-content\/uploads\/2026\/07\/Escuelas-deterioradas-150x113.jpg 150w, https:\/\/eldia.com.do\/wp-content\/uploads\/2026\/07\/Escuelas-deterioradas-600x450.jpg 600w, https:\/\/eldia.com.do\/wp-content\/uploads\/2026\/07\/Escuelas-deterioradas-900x675.jpg 900w\" alt=\"ADP desaf\u00eda al Ministerio de Educaci\u00f3n y recorta horario en las escuelas\" width=\"1024\" height=\"768\" \/><figcaption class=\"wp-element-caption\">Escuelas deterioradas en Rep\u00fablica Dominicana. Fuente externa.<\/figcaption><\/figure>\n<p class=\"wp-block-paragraph\">El gremio tambi\u00e9n reclam\u00f3 el cumplimiento del Estatuto del Docente en lo relativo a los traslados y reubicaciones de maestros.<\/p>\n<p class=\"wp-block-paragraph\">\u201cAdem\u00e1s, cumplimiento del Estatuto del Docente en lo relativo a los traslados y reubicaci\u00f3n de los docentes debidamente justificados, que es un derecho de la carrera docente\u201d, se\u00f1ala la comunicaci\u00f3n.<\/p>\n<h3 class=\"wp-block-heading\">La medida ocurre en medio de un conflicto con Educaci\u00f3n<\/h3>\n<p class=\"wp-block-paragraph\">La decisi\u00f3n de la ADP se produce pocos d\u00edas despu\u00e9s de que el presidente del gremio, Eduardo Hidalgo, denunciara ante el programa matituno\u00a0<em>El D\u00eda<\/em>\u00a0m\u00faltiples dificultades en el inicio del a\u00f1o escolar 2026-2027.<\/p>\n<p class=\"wp-block-paragraph\">Hidalgo afirm\u00f3 que la organizaci\u00f3n hab\u00eda evaluado\u00a0<strong>1,010 centros educativos<\/strong>, de los cuales 160 no pudieron iniciar las clases por distintas situaciones, entre ellas obras inconclusas, problemas sanitarios y deficiencias de infraestructura.<\/p>\n<div class=\"puede-leer-module\">\n<div class=\"puede-leer-content\">\n<h3 class=\"puede-leer-title\">ADP denuncia que 160 escuelas no pudieron iniciar el a\u00f1o escolar por problemas de infraestructura<\/h3>\n<\/div>\n<\/div>\n<p class=\"wp-block-paragraph\">Entre las dificultades se\u00f1aladas por el gremio figuran filtraciones en techos, grietas en paredes y columnas, hundimientos de pisos, deterioro de escaleras y problemas con el suministro de agua potable y los ba\u00f1os.<\/p>\n<p class=\"wp-block-paragraph\">La alimentaci\u00f3n escolar tambi\u00e9n forma parte de los reclamos. Hidalgo sostuvo que alrededor del 30 % de los centros incluidos en el levantamiento de la ADP habr\u00eda tenido que interrumpir la jornada por falta de almuerzo, mientras que en el 46 % el desayuno lleg\u00f3 incompleto.<\/p>\n<figure class=\"wp-block-image size-full\"><img loading=\"lazy\" decoding=\"async\" class=\"wp-image-1937529\" src=\"https:\/\/eldia.com.do\/wp-content\/uploads\/2026\/08\/marcha-adp.png\" sizes=\"auto, (max-width: 802px) 100vw, 802px\" srcset=\"https:\/\/eldia.com.do\/wp-content\/uploads\/2026\/08\/marcha-adp.png 802w, https:\/\/eldia.com.do\/wp-content\/uploads\/2026\/08\/marcha-adp-300x200.png 300w, https:\/\/eldia.com.do\/wp-content\/uploads\/2026\/08\/marcha-adp-768x512.png 768w, https:\/\/eldia.com.do\/wp-content\/uploads\/2026\/08\/marcha-adp-150x100.png 150w, https:\/\/eldia.com.do\/wp-content\/uploads\/2026\/08\/marcha-adp-600x400.png 600w\" alt=\"ADP desaf\u00eda al Ministerio de Educaci\u00f3n y recorta horario en las escuelas\" width=\"802\" height=\"535\" \/><\/figure>\n<p class=\"wp-block-paragraph\">A esto se suma la falta de docentes y personal administrativo. El presidente de la ADP denunci\u00f3 que en algunos centros hacen falta conserjes, porteros, serenos, secretarias, digitadores, bibliotecarios y personal de apoyo.<\/p>\n<h3 class=\"wp-block-heading\">Educaci\u00f3n ya hab\u00eda advertido sobre el cumplimiento del horario<\/h3>\n<p class=\"wp-block-paragraph\">La disposici\u00f3n sindical tambi\u00e9n se produce despu\u00e9s de que el ministro de Educaci\u00f3n, Luis Miguel De Camps, advirtiera a las seccionales de la ADP que se hab\u00edan negado a iniciar la docencia.<\/p>\n<p class=\"wp-block-paragraph\">De Camps afirm\u00f3 que algunas seccionales hab\u00edan desafiado la decisi\u00f3n de la direcci\u00f3n nacional del gremio de respaldar el inicio del a\u00f1o escolar y asegur\u00f3 que las autoridades manten\u00edan conversaciones con los dirigentes magisteriales.<\/p>\n<div class=\"puede-leer-module\">\n<div class=\"puede-leer-content\">\n<h3 class=\"puede-leer-title\">Educaci\u00f3n advierte a seccionales de la ADP que se niegan a iniciar las clases<\/h3>\n<\/div>\n<\/div>\n<p class=\"wp-block-paragraph\">El ministro fue m\u00e1s all\u00e1 y advirti\u00f3 que, si no se acataban las disposiciones, el Ministerio recurrir\u00eda a las v\u00edas legales correspondientes.<\/p>\n<figure class=\"wp-block-image size-large\"><img loading=\"lazy\" decoding=\"async\" class=\"wp-image-1941043\" src=\"https:\/\/eldia.com.do\/wp-content\/uploads\/2026\/08\/8_Nacionale-_1p01-1024x760.jpg\" sizes=\"auto, (max-width: 1024px) 100vw, 1024px\" srcset=\"https:\/\/eldia.com.do\/wp-content\/uploads\/2026\/08\/8_Nacionale-_1p01-1024x760.jpg 1024w, https:\/\/eldia.com.do\/wp-content\/uploads\/2026\/08\/8_Nacionale-_1p01-300x223.jpg 300w, https:\/\/eldia.com.do\/wp-content\/uploads\/2026\/08\/8_Nacionale-_1p01-768x570.jpg 768w, https:\/\/eldia.com.do\/wp-content\/uploads\/2026\/08\/8_Nacionale-_1p01-1536x1140.jpg 1536w, https:\/\/eldia.com.do\/wp-content\/uploads\/2026\/08\/8_Nacionale-_1p01-150x111.jpg 150w, https:\/\/eldia.com.do\/wp-content\/uploads\/2026\/08\/8_Nacionale-_1p01-600x445.jpg 600w, https:\/\/eldia.com.do\/wp-content\/uploads\/2026\/08\/8_Nacionale-_1p01-900x668.jpg 900w, https:\/\/eldia.com.do\/wp-content\/uploads\/2026\/08\/8_Nacionale-_1p01-1200x891.jpg 1200w, https:\/\/eldia.com.do\/wp-content\/uploads\/2026\/08\/8_Nacionale-_1p01.jpg 1560w\" alt=\"ADP desaf\u00eda al Ministerio de Educaci\u00f3n y recorta horario en las escuelas\" width=\"1024\" height=\"760\" \/><figcaption class=\"wp-element-caption\">Luis Miguel de Camps neg\u00f3 que haitianos les quiten cupo a los dominicanos; insisti\u00f3 en que se despolitice el sistema educativo.<\/figcaption><\/figure>\n<p class=\"wp-block-paragraph\">El funcionario sostuvo durante el Almuerzo del Grupo de Comunicaciones Corripio que, \u201cen caso de que no se obtempere\u201d, las autoridades educativas tendr\u00e1n que utilizar las v\u00edas establecidas por la Constituci\u00f3n y las leyes para garantizar la reanudaci\u00f3n inmediata de las labores docentes.<\/p>\n<p class=\"wp-block-paragraph\">De Camps tambi\u00e9n record\u00f3 que existen decisiones del Tribunal Constitucional que, seg\u00fan explic\u00f3, priorizan el derecho a la educaci\u00f3n de los estudiantes frente a las prerrogativas de libre asociaci\u00f3n gremial.<\/p>\n<h3 class=\"wp-block-heading\">Un pulso que contin\u00faa<\/h3>\n<p class=\"wp-block-paragraph\">Con la nueva disposici\u00f3n, el conflicto entre el gremio de profesores y las autoridades educativas suma ahora una disputa alrededor de los horarios de trabajo.<\/p>\n<p class=\"wp-block-paragraph\">Mientras la ADP condiciona el restablecimiento del horario habitual a la soluci\u00f3n de problemas de infraestructura, personal y alimentaci\u00f3n, el Ministerio de Educaci\u00f3n ha advertido que debe garantizarse la continuidad de la docencia y el derecho de los estudiantes a recibir educaci\u00f3n.<\/p>\n<p class=\"wp-block-paragraph\">La ADP cerr\u00f3 su comunicaci\u00f3n llamando a los docentes a mantenerse unidos bajo la consigna: \u201c\u00a1ADP unida, propositiva y combativa\u2026 jam\u00e1s ser\u00e1 vencida!\u201d<\/p>\n","protected":false},"excerpt":{"rendered":"<p>\u00a0La Asociaci\u00f3n Dominicana de Profesores (ADP) dispuso una reducci\u00f3n de la jornada laboral en los centros educativos del Gran Santo &#8230;<\/p>\n","protected":false},"author":2,"featured_media":225132,"comment_status":"closed","ping_status":"closed","sticky":false,"template":"","format":"standard","meta":{"footnotes":""},"categories":[25],"tags":[],"class_list":["post-225131","post","type-post","status-publish","format-standard","has-post-thumbnail","hentry","category-noticias"],"yoast_head":"<!-- This site is optimized with the Yoast SEO plugin v24.8.1 - https:\/\/yoast.com\/wordpress\/plugins\/seo\/ -->\n<title>ADP desaf\u00eda al Ministerio de Educaci\u00f3n y recorta horario en las escuelas - PotenciaRadiofonicaDominicana.com<\/title>\n<meta name=\"robots\" content=\"index, follow, max-snippet:-1, max-image-preview:large, max-video-preview:-1\" \/>\n<link rel=\"canonical\" href=\"https:\/\/potenciaradiofonicadominicana.com\/portal\/adp-desafia-al-ministerio-de-educacion-y-recorta-horario-en-las-escuelas\/\" \/>\n<meta property=\"og:locale\" content=\"es_ES\" \/>\n<meta property=\"og:type\" content=\"article\" \/>\n<meta property=\"og:title\" content=\"ADP desaf\u00eda al Ministerio de Educaci\u00f3n y recorta horario en las escuelas - PotenciaRadiofonicaDominicana.com\" \/>\n<meta property=\"og:description\" content=\"\u00a0La Asociaci\u00f3n Dominicana de Profesores (ADP) dispuso una reducci\u00f3n de la jornada laboral en los centros educativos del Gran Santo ...\" \/>\n<meta property=\"og:url\" content=\"https:\/\/potenciaradiofonicadominicana.com\/portal\/adp-desafia-al-ministerio-de-educacion-y-recorta-horario-en-las-escuelas\/\" \/>\n<meta property=\"og:site_name\" content=\"PotenciaRadiofonicaDominicana.com\" \/>\n<meta property=\"article:publisher\" content=\"https:\/\/web.facebook.com\/PotenciaRadiofonicaD\" \/>\n<meta property=\"article:published_time\" content=\"2026-09-02T03:32:03+00:00\" \/>\n<meta property=\"og:image\" content=\"https:\/\/potenciaradiofonicadominicana.com\/portal\/wp-content\/uploads\/2026\/09\/adp-voz-2-1024x682-1.jpeg\" \/>\n\t<meta property=\"og:image:width\" content=\"1024\" \/>\n\t<meta property=\"og:image:height\" content=\"682\" \/>\n\t<meta property=\"og:image:type\" content=\"image\/jpeg\" \/>\n<meta name=\"author\" content=\"Potencia Radiof\u00f3nica Dominicana\" \/>\n<meta name=\"twitter:card\" content=\"summary_large_image\" \/>\n<meta name=\"twitter:label1\" content=\"Escrito por\" \/>\n\t<meta name=\"twitter:data1\" content=\"Potencia Radiof\u00f3nica Dominicana\" \/>\n\t<meta name=\"twitter:label2\" content=\"Tiempo de lectura\" \/>\n\t<meta name=\"twitter:data2\" content=\"5 minutos\" \/>\n<script type=\"application\/ld+json\" class=\"yoast-schema-graph\">{\"@context\":\"https:\/\/schema.org\",\"@graph\":[{\"@type\":\"Article\",\"@id\":\"https:\/\/potenciaradiofonicadominicana.com\/portal\/adp-desafia-al-ministerio-de-educacion-y-recorta-horario-en-las-escuelas\/#article\",\"isPartOf\":{\"@id\":\"https:\/\/potenciaradiofonicadominicana.com\/portal\/adp-desafia-al-ministerio-de-educacion-y-recorta-horario-en-las-escuelas\/\"},\"author\":{\"name\":\"Potencia Radiof\u00f3nica Dominicana\",\"@id\":\"https:\/\/potenciaradiofonicadominicana.com\/portal\/#\/schema\/person\/a5cf1fea13877803ee0573ac18b03490\"},\"headline\":\"ADP desaf\u00eda al Ministerio de Educaci\u00f3n y recorta horario en las escuelas\",\"datePublished\":\"2026-09-02T03:32:03+00:00\",\"mainEntityOfPage\":{\"@id\":\"https:\/\/potenciaradiofonicadominicana.com\/portal\/adp-desafia-al-ministerio-de-educacion-y-recorta-horario-en-las-escuelas\/\"},\"wordCount\":811,\"publisher\":{\"@id\":\"https:\/\/potenciaradiofonicadominicana.com\/portal\/#organization\"},\"image\":{\"@id\":\"https:\/\/potenciaradiofonicadominicana.com\/portal\/adp-desafia-al-ministerio-de-educacion-y-recorta-horario-en-las-escuelas\/#primaryimage\"},\"thumbnailUrl\":\"https:\/\/potenciaradiofonicadominicana.com\/portal\/wp-content\/uploads\/2026\/09\/adp-voz-2-1024x682-1.jpeg\",\"articleSection\":[\"Noticias\"],\"inLanguage\":\"es\"},{\"@type\":\"WebPage\",\"@id\":\"https:\/\/potenciaradiofonicadominicana.com\/portal\/adp-desafia-al-ministerio-de-educacion-y-recorta-horario-en-las-escuelas\/\",\"url\":\"https:\/\/potenciaradiofonicadominicana.com\/portal\/adp-desafia-al-ministerio-de-educacion-y-recorta-horario-en-las-escuelas\/\",\"name\":\"ADP desaf\u00eda al Ministerio de Educaci\u00f3n y recorta horario en las escuelas - PotenciaRadiofonicaDominicana.com\",\"isPartOf\":{\"@id\":\"https:\/\/potenciaradiofonicadominicana.com\/portal\/#website\"},\"primaryImageOfPage\":{\"@id\":\"https:\/\/potenciaradiofonicadominicana.com\/portal\/adp-desafia-al-ministerio-de-educacion-y-recorta-horario-en-las-escuelas\/#primaryimage\"},\"image\":{\"@id\":\"https:\/\/potenciaradiofonicadominicana.com\/portal\/adp-desafia-al-ministerio-de-educacion-y-recorta-horario-en-las-escuelas\/#primaryimage\"},\"thumbnailUrl\":\"https:\/\/potenciaradiofonicadominicana.com\/portal\/wp-content\/uploads\/2026\/09\/adp-voz-2-1024x682-1.jpeg\",\"datePublished\":\"2026-09-02T03:32:03+00:00\",\"breadcrumb\":{\"@id\":\"https:\/\/potenciaradiofonicadominicana.com\/portal\/adp-desafia-al-ministerio-de-educacion-y-recorta-horario-en-las-escuelas\/#breadcrumb\"},\"inLanguage\":\"es\",\"potentialAction\":[{\"@type\":\"ReadAction\",\"target\":[\"https:\/\/potenciaradiofonicadominicana.com\/portal\/adp-desafia-al-ministerio-de-educacion-y-recorta-horario-en-las-escuelas\/\"]}]},{\"@type\":\"ImageObject\",\"inLanguage\":\"es\",\"@id\":\"https:\/\/potenciaradiofonicadominicana.com\/portal\/adp-desafia-al-ministerio-de-educacion-y-recorta-horario-en-las-escuelas\/#primaryimage\",\"url\":\"https:\/\/potenciaradiofonicadominicana.com\/portal\/wp-content\/uploads\/2026\/09\/adp-voz-2-1024x682-1.jpeg\",\"contentUrl\":\"https:\/\/potenciaradiofonicadominicana.com\/portal\/wp-content\/uploads\/2026\/09\/adp-voz-2-1024x682-1.jpeg\",\"width\":1024,\"height\":682},{\"@type\":\"BreadcrumbList\",\"@id\":\"https:\/\/potenciaradiofonicadominicana.com\/portal\/adp-desafia-al-ministerio-de-educacion-y-recorta-horario-en-las-escuelas\/#breadcrumb\",\"itemListElement\":[{\"@type\":\"ListItem\",\"position\":1,\"name\":\"Portada\",\"item\":\"https:\/\/potenciaradiofonicadominicana.com\/portal\/\"},{\"@type\":\"ListItem\",\"position\":2,\"name\":\"ADP desaf\u00eda al Ministerio de Educaci\u00f3n y recorta horario en las escuelas\"}]},{\"@type\":\"WebSite\",\"@id\":\"https:\/\/potenciaradiofonicadominicana.com\/portal\/#website\",\"url\":\"https:\/\/potenciaradiofonicadominicana.com\/portal\/\",\"name\":\"PotenciaRadiofonicaDominicana.com\",\"description\":\"Peri\u00f3dico Digital\",\"publisher\":{\"@id\":\"https:\/\/potenciaradiofonicadominicana.com\/portal\/#organization\"},\"potentialAction\":[{\"@type\":\"SearchAction\",\"target\":{\"@type\":\"EntryPoint\",\"urlTemplate\":\"https:\/\/potenciaradiofonicadominicana.com\/portal\/?s={search_term_string}\"},\"query-input\":{\"@type\":\"PropertyValueSpecification\",\"valueRequired\":true,\"valueName\":\"search_term_string\"}}],\"inLanguage\":\"es\"},{\"@type\":\"Organization\",\"@id\":\"https:\/\/potenciaradiofonicadominicana.com\/portal\/#organization\",\"name\":\"PotenciaRadiofonicaDominicana.com\",\"url\":\"https:\/\/potenciaradiofonicadominicana.com\/portal\/\",\"logo\":{\"@type\":\"ImageObject\",\"inLanguage\":\"es\",\"@id\":\"https:\/\/potenciaradiofonicadominicana.com\/portal\/#\/schema\/logo\/image\/\",\"url\":\"https:\/\/potenciaradiofonicadominicana.com\/portal\/wp-content\/uploads\/2022\/01\/descarga.png\",\"contentUrl\":\"https:\/\/potenciaradiofonicadominicana.com\/portal\/wp-content\/uploads\/2022\/01\/descarga.png\",\"width\":300,\"height\":100,\"caption\":\"PotenciaRadiofonicaDominicana.com\"},\"image\":{\"@id\":\"https:\/\/potenciaradiofonicadominicana.com\/portal\/#\/schema\/logo\/image\/\"},\"sameAs\":[\"https:\/\/web.facebook.com\/PotenciaRadiofonicaD\"]},{\"@type\":\"Person\",\"@id\":\"https:\/\/potenciaradiofonicadominicana.com\/portal\/#\/schema\/person\/a5cf1fea13877803ee0573ac18b03490\",\"name\":\"Potencia Radiof\u00f3nica Dominicana\",\"image\":{\"@type\":\"ImageObject\",\"inLanguage\":\"es\",\"@id\":\"https:\/\/potenciaradiofonicadominicana.com\/portal\/#\/schema\/person\/image\/\",\"url\":\"https:\/\/secure.gravatar.com\/avatar\/42a55ab9e8ccc656ba34cd791990602a?s=96&d=mm&r=g\",\"contentUrl\":\"https:\/\/secure.gravatar.com\/avatar\/42a55ab9e8ccc656ba34cd791990602a?s=96&d=mm&r=g\",\"caption\":\"Potencia Radiof\u00f3nica Dominicana\"},\"url\":\"https:\/\/potenciaradiofonicadominicana.com\/portal\/author\/johannyalmanzar\/\"}]}<\/script>\n<!-- \/ Yoast SEO plugin. -->","yoast_head_json":{"title":"ADP desaf\u00eda al Ministerio de Educaci\u00f3n y recorta horario en las escuelas - PotenciaRadiofonicaDominicana.com","robots":{"index":"index","follow":"follow","max-snippet":"max-snippet:-1","max-image-preview":"max-image-preview:large","max-video-preview":"max-video-preview:-1"},"canonical":"https:\/\/potenciaradiofonicadominicana.com\/portal\/adp-desafia-al-ministerio-de-educacion-y-recorta-horario-en-las-escuelas\/","og_locale":"es_ES","og_type":"article","og_title":"ADP desaf\u00eda al Ministerio de Educaci\u00f3n y recorta horario en las escuelas - PotenciaRadiofonicaDominicana.com","og_description":"\u00a0La Asociaci\u00f3n Dominicana de Profesores (ADP) dispuso una reducci\u00f3n de la jornada laboral en los centros educativos del Gran Santo ...","og_url":"https:\/\/potenciaradiofonicadominicana.com\/portal\/adp-desafia-al-ministerio-de-educacion-y-recorta-horario-en-las-escuelas\/","og_site_name":"PotenciaRadiofonicaDominicana.com","article_publisher":"https:\/\/web.facebook.com\/PotenciaRadiofonicaD","article_published_time":"2026-09-02T03:32:03+00:00","og_image":[{"width":1024,"height":682,"url":"https:\/\/potenciaradiofonicadominicana.com\/portal\/wp-content\/uploads\/2026\/09\/adp-voz-2-1024x682-1.jpeg","type":"image\/jpeg"}],"author":"Potencia Radiof\u00f3nica Dominicana","twitter_card":"summary_large_image","twitter_misc":{"Escrito por":"Potencia Radiof\u00f3nica Dominicana","Tiempo de lectura":"5 minutos"},"schema":{"@context":"https:\/\/schema.org","@graph":[{"@type":"Article","@id":"https:\/\/potenciaradiofonicadominicana.com\/portal\/adp-desafia-al-ministerio-de-educacion-y-recorta-horario-en-las-escuelas\/#article","isPartOf":{"@id":"https:\/\/potenciaradiofonicadominicana.com\/portal\/adp-desafia-al-ministerio-de-educacion-y-recorta-horario-en-las-escuelas\/"},"author":{"name":"Potencia Radiof\u00f3nica Dominicana","@id":"https:\/\/potenciaradiofonicadominicana.com\/portal\/#\/schema\/person\/a5cf1fea13877803ee0573ac18b03490"},"headline":"ADP desaf\u00eda al Ministerio de Educaci\u00f3n y recorta horario en las escuelas","datePublished":"2026-09-02T03:32:03+00:00","mainEntityOfPage":{"@id":"https:\/\/potenciaradiofonicadominicana.com\/portal\/adp-desafia-al-ministerio-de-educacion-y-recorta-horario-en-las-escuelas\/"},"wordCount":811,"publisher":{"@id":"https:\/\/potenciaradiofonicadominicana.com\/portal\/#organization"},"image":{"@id":"https:\/\/potenciaradiofonicadominicana.com\/portal\/adp-desafia-al-ministerio-de-educacion-y-recorta-horario-en-las-escuelas\/#primaryimage"},"thumbnailUrl":"https:\/\/potenciaradiofonicadominicana.com\/portal\/wp-content\/uploads\/2026\/09\/adp-voz-2-1024x682-1.jpeg","articleSection":["Noticias"],"inLanguage":"es"},{"@type":"WebPage","@id":"https:\/\/potenciaradiofonicadominicana.com\/portal\/adp-desafia-al-ministerio-de-educacion-y-recorta-horario-en-las-escuelas\/","url":"https:\/\/potenciaradiofonicadominicana.com\/portal\/adp-desafia-al-ministerio-de-educacion-y-recorta-horario-en-las-escuelas\/","name":"ADP desaf\u00eda al Ministerio de Educaci\u00f3n y recorta horario en las escuelas - PotenciaRadiofonicaDominicana.com","isPartOf":{"@id":"https:\/\/potenciaradiofonicadominicana.com\/portal\/#website"},"primaryImageOfPage":{"@id":"https:\/\/potenciaradiofonicadominicana.com\/portal\/adp-desafia-al-ministerio-de-educacion-y-recorta-horario-en-las-escuelas\/#primaryimage"},"image":{"@id":"https:\/\/potenciaradiofonicadominicana.com\/portal\/adp-desafia-al-ministerio-de-educacion-y-recorta-horario-en-las-escuelas\/#primaryimage"},"thumbnailUrl":"https:\/\/potenciaradiofonicadominicana.com\/portal\/wp-content\/uploads\/2026\/09\/adp-voz-2-1024x682-1.jpeg","datePublished":"2026-09-02T03:32:03+00:00","breadcrumb":{"@id":"https:\/\/potenciaradiofonicadominicana.com\/portal\/adp-desafia-al-ministerio-de-educacion-y-recorta-horario-en-las-escuelas\/#breadcrumb"},"inLanguage":"es","potentialAction":[{"@type":"ReadAction","target":["https:\/\/potenciaradiofonicadominicana.com\/portal\/adp-desafia-al-ministerio-de-educacion-y-recorta-horario-en-las-escuelas\/"]}]},{"@type":"ImageObject","inLanguage":"es","@id":"https:\/\/potenciaradiofonicadominicana.com\/portal\/adp-desafia-al-ministerio-de-educacion-y-recorta-horario-en-las-escuelas\/#primaryimage","url":"https:\/\/potenciaradiofonicadominicana.com\/portal\/wp-content\/uploads\/2026\/09\/adp-voz-2-1024x682-1.jpeg","contentUrl":"https:\/\/potenciaradiofonicadominicana.com\/portal\/wp-content\/uploads\/2026\/09\/adp-voz-2-1024x682-1.jpeg","width":1024,"height":682},{"@type":"BreadcrumbList","@id":"https:\/\/potenciaradiofonicadominicana.com\/portal\/adp-desafia-al-ministerio-de-educacion-y-recorta-horario-en-las-escuelas\/#breadcrumb","itemListElement":[{"@type":"ListItem","position":1,"name":"Portada","item":"https:\/\/potenciaradiofonicadominicana.com\/portal\/"},{"@type":"ListItem","position":2,"name":"ADP desaf\u00eda al Ministerio de Educaci\u00f3n y recorta horario en las escuelas"}]},{"@type":"WebSite","@id":"https:\/\/potenciaradiofonicadominicana.com\/portal\/#website","url":"https:\/\/potenciaradiofonicadominicana.com\/portal\/","name":"PotenciaRadiofonicaDominicana.com","description":"Peri\u00f3dico Digital","publisher":{"@id":"https:\/\/potenciaradiofonicadominicana.com\/portal\/#organization"},"potentialAction":[{"@type":"SearchAction","target":{"@type":"EntryPoint","urlTemplate":"https:\/\/potenciaradiofonicadominicana.com\/portal\/?s={search_term_string}"},"query-input":{"@type":"PropertyValueSpecification","valueRequired":true,"valueName":"search_term_string"}}],"inLanguage":"es"},{"@type":"Organization","@id":"https:\/\/potenciaradiofonicadominicana.com\/portal\/#organization","name":"PotenciaRadiofonicaDominicana.com","url":"https:\/\/potenciaradiofonicadominicana.com\/portal\/","logo":{"@type":"ImageObject","inLanguage":"es","@id":"https:\/\/potenciaradiofonicadominicana.com\/portal\/#\/schema\/logo\/image\/","url":"https:\/\/potenciaradiofonicadominicana.com\/portal\/wp-content\/uploads\/2022\/01\/descarga.png","contentUrl":"https:\/\/potenciaradiofonicadominicana.com\/portal\/wp-content\/uploads\/2022\/01\/descarga.png","width":300,"height":100,"caption":"PotenciaRadiofonicaDominicana.com"},"image":{"@id":"https:\/\/potenciaradiofonicadominicana.com\/portal\/#\/schema\/logo\/image\/"},"sameAs":["https:\/\/web.facebook.com\/PotenciaRadiofonicaD"]},{"@type":"Person","@id":"https:\/\/potenciaradiofonicadominicana.com\/portal\/#\/schema\/person\/a5cf1fea13877803ee0573ac18b03490","name":"Potencia Radiof\u00f3nica Dominicana","image":{"@type":"ImageObject","inLanguage":"es","@id":"https:\/\/potenciaradiofonicadominicana.com\/portal\/#\/schema\/person\/image\/","url":"https:\/\/secure.gravatar.com\/avatar\/42a55ab9e8ccc656ba34cd791990602a?s=96&d=mm&r=g","contentUrl":"https:\/\/secure.gravatar.com\/avatar\/42a55ab9e8ccc656ba34cd791990602a?s=96&d=mm&r=g","caption":"Potencia Radiof\u00f3nica Dominicana"},"url":"https:\/\/potenciaradiofonicadominicana.com\/portal\/author\/johannyalmanzar\/"}]}},"_links":{"self":[{"href":"https:\/\/potenciaradiofonicadominicana.com\/portal\/wp-json\/wp\/v2\/posts\/225131","targetHints":{"allow":["GET"]}}],"collection":[{"href":"https:\/\/potenciaradiofonicadominicana.com\/portal\/wp-json\/wp\/v2\/posts"}],"about":[{"href":"https:\/\/potenciaradiofonicadominicana.com\/portal\/wp-json\/wp\/v2\/types\/post"}],"author":[{"embeddable":true,"href":"https:\/\/potenciaradiofonicadominicana.com\/portal\/wp-json\/wp\/v2\/users\/2"}],"replies":[{"embeddable":true,"href":"https:\/\/potenciaradiofonicadominicana.com\/portal\/wp-json\/wp\/v2\/comments?post=225131"}],"version-history":[{"count":1,"href":"https:\/\/potenciaradiofonicadominicana.com\/portal\/wp-json\/wp\/v2\/posts\/225131\/revisions"}],"predecessor-version":[{"id":225133,"href":"https:\/\/potenciaradiofonicadominicana.com\/portal\/wp-json\/wp\/v2\/posts\/225131\/revisions\/225133"}],"wp:featuredmedia":[{"embeddable":true,"href":"https:\/\/potenciaradiofonicadominicana.com\/portal\/wp-json\/wp\/v2\/media\/225132"}],"wp:attachment":[{"href":"https:\/\/potenciaradiofonicadominicana.com\/portal\/wp-json\/wp\/v2\/media?parent=225131"}],"wp:term":[{"taxonomy":"category","embeddable":true,"href":"https:\/\/potenciaradiofonicadominicana.com\/portal\/wp-json\/wp\/v2\/categories?post=225131"},{"taxonomy":"post_tag","embeddable":true,"href":"https:\/\/potenciaradiofonicadominicana.com\/portal\/wp-json\/wp\/v2\/tags?post=225131"}],"curies":[{"name":"wp","href":"https:\/\/api.w.org\/{rel}","templated":true}]}}