{"id":225096,"date":"2026-09-01T23:06:52","date_gmt":"2026-09-02T03:06:52","guid":{"rendered":"https:\/\/potenciaradiofonicadominicana.com\/portal\/?p=225096"},"modified":"2026-09-01T23:06:52","modified_gmt":"2026-09-02T03:06:52","slug":"congreso-de-ee-uu-aprueba-extension-de-hope-help-hasta-2028-falta-firma-de-trump","status":"publish","type":"post","link":"https:\/\/potenciaradiofonicadominicana.com\/portal\/congreso-de-ee-uu-aprueba-extension-de-hope-help-hasta-2028-falta-firma-de-trump\/","title":{"rendered":"Congreso de EE. UU. aprueba extensi\u00f3n de HOPE\/HELP hasta 2028; falta firma de Trump"},"content":{"rendered":"<p><a href=\"https:\/\/potenciaradiofonicadominicana.com\/portal\/wp-content\/uploads\/2026\/09\/ee-uu-termina-programa-hopehelp-textil-a-favor-de-haiti-5766a961-focus-0-0-896-504.jpg\"><img loading=\"lazy\" decoding=\"async\" class=\"alignnone size-full wp-image-225098\" src=\"https:\/\/potenciaradiofonicadominicana.com\/portal\/wp-content\/uploads\/2026\/09\/ee-uu-termina-programa-hopehelp-textil-a-favor-de-haiti-5766a961-focus-0-0-896-504.jpg\" alt=\"\" width=\"896\" height=\"504\" srcset=\"https:\/\/potenciaradiofonicadominicana.com\/portal\/wp-content\/uploads\/2026\/09\/ee-uu-termina-programa-hopehelp-textil-a-favor-de-haiti-5766a961-focus-0-0-896-504.jpg 896w, https:\/\/potenciaradiofonicadominicana.com\/portal\/wp-content\/uploads\/2026\/09\/ee-uu-termina-programa-hopehelp-textil-a-favor-de-haiti-5766a961-focus-0-0-896-504-300x169.jpg 300w, https:\/\/potenciaradiofonicadominicana.com\/portal\/wp-content\/uploads\/2026\/09\/ee-uu-termina-programa-hopehelp-textil-a-favor-de-haiti-5766a961-focus-0-0-896-504-768x432.jpg 768w\" sizes=\"auto, (max-width: 896px) 100vw, 896px\" \/><\/a><\/p>\n<p>El\u00a0<strong>Congreso de Estados Unidos<\/strong>\u00a0dej\u00f3 este martes a una firma presidencial de distancia la\u00a0<strong>extensi\u00f3n<\/strong>\u00a0por dos a\u00f1os de los\u00a0<strong>programas HOPE\/HELP<\/strong>, que permiten la entrada libre de aranceles de determinados productos textiles y prendas de vestir fabricados en\u00a0<strong>Hait\u00ed<\/strong>\u00a0al\u00a0<strong>mercado estadounidense<\/strong>.<\/p>\n<p>La\u00a0<strong>C\u00e1mara de Representantes<\/strong>\u00a0aprob\u00f3 por\u00a0<strong>370 votos<\/strong>\u00a0contra 48 una resoluci\u00f3n de continuidad presupuestaria que incluye la pr\u00f3rroga de los programas comerciales hasta el\u00a0<strong>31 de diciembre de 2028<\/strong>. El Senado hab\u00eda aprobado previamente la medida, por lo que ahora pasa al presidente Donald Trump para su firma.<\/p>\n<p>El empresario dominicano\u00a0<strong>Fernando Capell\u00e1n<\/strong>, presidente de\u00a0<strong>Grupo M<\/strong>\u00a0y del parque industrial\u00a0<strong>Codevi<\/strong>, celebr\u00f3 la decisi\u00f3n y agradeci\u00f3 al congresista estadounidense\u00a0<strong>Greg Murphy<\/strong>\u00a0por su respaldo a la renovaci\u00f3n.<\/p>\n<p>Capell\u00e1n sostuvo que la\u00a0<strong>extensi\u00f3n<\/strong>\u00a0representa un beneficio para\u00a0<strong>Hait\u00ed<\/strong>,\u00a0<strong>Rep\u00fablica Dominicana<\/strong>\u00a0y\u00a0<strong>Estados Unidos<\/strong>, aunque advirti\u00f3 que la meta del sector contin\u00faa siendo conseguir una\u00a0<strong>renovaci\u00f3n por 10 a\u00f1os<\/strong>.<\/p>\n<p>A su juicio, un per\u00edodo m\u00e1s largo proporcionar\u00eda la seguridad necesaria para atraer\u00a0<strong>inversiones<\/strong>\u00a0de largo plazo y ampliar la\u00a0<strong>capacidad productiva<\/strong>\u00a0vinculada a la\u00a0<strong>industria textil regional<\/strong>.<\/p>\n<p>La\u00a0<strong>extensi\u00f3n de dos a\u00f1os<\/strong>\u00a0fue incorporada a la resoluci\u00f3n presupuestaria aprobada inicialmente por el Senado. Adem\u00e1s de\u00a0<strong>HOPE\/HELP<\/strong>, el texto extiende por el mismo per\u00edodo la\u00a0<strong>Ley de Crecimiento y Oportunidades para \u00c1frica<\/strong><strong>\u00a0(<\/strong><strong>AGOA<\/strong><strong>)<\/strong>.<\/p>\n<p>Aunque\u00a0<strong>HOPE\/HELP<\/strong>\u00a0est\u00e1 dirigido directamente a\u00a0<strong>Hait\u00ed<\/strong>, su impacto se extiende a la\u00a0<strong>Rep\u00fablica Dominicana<\/strong>\u00a0por la\u00a0<strong>cadena de producci\u00f3n<\/strong>\u00a0que se ha desarrollado entre ambos pa\u00edses.<\/p>\n<p>Empresas instaladas en territorio dominicano producen\u00a0<strong>tejidos<\/strong>\u00a0y otros insumos que posteriormente son enviados a\u00a0<strong>Hait\u00ed<\/strong>\u00a0para la confecci\u00f3n de prendas destinadas al\u00a0<strong>mercado estadounidense<\/strong>.<\/p>\n<p>La cadena tambi\u00e9n involucra\u00a0<strong>transportistas<\/strong>,\u00a0<strong>puertos<\/strong>, navieras y\u00a0<strong>fabricantes de telas<\/strong>, etiquetas, cart\u00f3n e hilos de coser.<\/p>\n<p>Capell\u00e1n ha se\u00f1alado anteriormente que por cada\u00a0<strong>tres empleos<\/strong>\u00a0generados por estas operaciones en\u00a0<strong>Hait\u00ed<\/strong>\u00a0se crea aproximadamente un\u00a0<strong>empleo formal<\/strong>\u00a0en\u00a0<strong>Rep\u00fablica Dominicana<\/strong>. El parque industrial\u00a0<strong>Codevi<\/strong>, situado en\u00a0<strong>Juana M\u00e9ndez<\/strong>, junto a la frontera con\u00a0<strong>Dajab\u00f3n<\/strong>, concentra una parte importante de esta actividad.<\/p>\n<p>Los\u00a0<strong>programas HOPE\/HELP<\/strong>\u00a0hab\u00edan expirado el\u00a0<strong>30 de septiembre de 2025<\/strong>. Posteriormente fueron restablecidos de manera retroactiva mediante una\u00a0<strong>extensi\u00f3n temporal<\/strong>\u00a0aprobada a principios de 2026. Con la nueva decisi\u00f3n del Congreso, su vigencia se extender\u00e1 hasta finales de 2028 una vez que Trump promulgue la legislaci\u00f3n.<\/p>\n<p>La\u00a0<strong>aprobaci\u00f3n<\/strong>\u00a0supone un avance frente a la incertidumbre que durante meses enfrentaron\u00a0<strong>fabricantes<\/strong>\u00a0y\u00a0<strong>compradores<\/strong>, pero no cierra la discusi\u00f3n sobre el futuro del r\u00e9gimen comercial.<\/p>\n<p>Capell\u00e1n y representantes de la industria han defendido una\u00a0<strong>renovaci\u00f3n por 10 a\u00f1os<\/strong>\u00a0con el argumento de que las empresas necesitan un horizonte m\u00e1s amplio para decidir nuevas\u00a0<strong>inversiones<\/strong>, contratar personal y comprometer\u00a0<strong>\u00f3rdenes de producci\u00f3n<\/strong>\u00a0de largo plazo.<\/p>\n<p>El propio congresista\u00a0<strong>Greg Murphy<\/strong>\u00a0plante\u00f3 en mayo ante el representante comercial de Estados Unidos,\u00a0<strong>Jamieson Greer<\/strong>, la posibilidad de extender\u00a0<strong>HOPE\/HELP<\/strong>\u00a0durante per\u00edodos de tres, cinco o incluso 10 a\u00f1os. Greer respondi\u00f3 que la\u00a0<strong>administraci\u00f3n<\/strong>\u00a0estaba abierta a trabajar con el Congreso en una\u00a0<strong>extensi\u00f3n<\/strong>\u00a0que proporcionara estabilidad al programa.<\/p>\n<p>Con la\u00a0<strong>votaci\u00f3n<\/strong>\u00a0de este martes, la\u00a0<strong>extensi\u00f3n<\/strong>\u00a0por dos a\u00f1os super\u00f3 el \u00faltimo obst\u00e1culo legislativo. El pr\u00f3ximo paso es la\u00a0<strong>firma de Trump<\/strong>.<\/p>\n","protected":false},"excerpt":{"rendered":"<p>El\u00a0Congreso de Estados Unidos\u00a0dej\u00f3 este martes a una firma presidencial de distancia la\u00a0extensi\u00f3n\u00a0por dos a\u00f1os de los\u00a0programas HOPE\/HELP, que permiten &#8230;<\/p>\n","protected":false},"author":2,"featured_media":225098,"comment_status":"closed","ping_status":"closed","sticky":false,"template":"","format":"standard","meta":{"footnotes":""},"categories":[30],"tags":[],"class_list":["post-225096","post","type-post","status-publish","format-standard","has-post-thumbnail","hentry","category-internacional"],"yoast_head":"<!-- This site is optimized with the Yoast SEO plugin v24.8.1 - https:\/\/yoast.com\/wordpress\/plugins\/seo\/ -->\n<title>Congreso de EE. UU. aprueba extensi\u00f3n de HOPE\/HELP hasta 2028; falta firma de Trump - PotenciaRadiofonicaDominicana.com<\/title>\n<meta name=\"robots\" content=\"index, follow, max-snippet:-1, max-image-preview:large, max-video-preview:-1\" \/>\n<link rel=\"canonical\" href=\"https:\/\/potenciaradiofonicadominicana.com\/portal\/congreso-de-ee-uu-aprueba-extension-de-hope-help-hasta-2028-falta-firma-de-trump\/\" \/>\n<meta property=\"og:locale\" content=\"es_ES\" \/>\n<meta property=\"og:type\" content=\"article\" \/>\n<meta property=\"og:title\" content=\"Congreso de EE. UU. aprueba extensi\u00f3n de HOPE\/HELP hasta 2028; falta firma de Trump - PotenciaRadiofonicaDominicana.com\" \/>\n<meta property=\"og:description\" content=\"El\u00a0Congreso de Estados Unidos\u00a0dej\u00f3 este martes a una firma presidencial de distancia la\u00a0extensi\u00f3n\u00a0por dos a\u00f1os de los\u00a0programas HOPE\/HELP, que permiten ...\" \/>\n<meta property=\"og:url\" content=\"https:\/\/potenciaradiofonicadominicana.com\/portal\/congreso-de-ee-uu-aprueba-extension-de-hope-help-hasta-2028-falta-firma-de-trump\/\" \/>\n<meta property=\"og:site_name\" content=\"PotenciaRadiofonicaDominicana.com\" \/>\n<meta property=\"article:publisher\" content=\"https:\/\/web.facebook.com\/PotenciaRadiofonicaD\" \/>\n<meta property=\"article:published_time\" content=\"2026-09-02T03:06:52+00:00\" \/>\n<meta property=\"og:image\" content=\"https:\/\/potenciaradiofonicadominicana.com\/portal\/wp-content\/uploads\/2026\/09\/ee-uu-termina-programa-hopehelp-textil-a-favor-de-haiti-5766a961-focus-0-0-896-504.jpg\" \/>\n\t<meta property=\"og:image:width\" content=\"896\" \/>\n\t<meta property=\"og:image:height\" content=\"504\" \/>\n\t<meta property=\"og:image:type\" content=\"image\/jpeg\" \/>\n<meta name=\"author\" content=\"Potencia Radiof\u00f3nica Dominicana\" \/>\n<meta name=\"twitter:card\" content=\"summary_large_image\" \/>\n<meta name=\"twitter:label1\" content=\"Escrito por\" \/>\n\t<meta name=\"twitter:data1\" content=\"Potencia Radiof\u00f3nica Dominicana\" \/>\n\t<meta name=\"twitter:label2\" content=\"Tiempo de lectura\" \/>\n\t<meta name=\"twitter:data2\" content=\"3 minutos\" \/>\n<script type=\"application\/ld+json\" class=\"yoast-schema-graph\">{\"@context\":\"https:\/\/schema.org\",\"@graph\":[{\"@type\":\"Article\",\"@id\":\"https:\/\/potenciaradiofonicadominicana.com\/portal\/congreso-de-ee-uu-aprueba-extension-de-hope-help-hasta-2028-falta-firma-de-trump\/#article\",\"isPartOf\":{\"@id\":\"https:\/\/potenciaradiofonicadominicana.com\/portal\/congreso-de-ee-uu-aprueba-extension-de-hope-help-hasta-2028-falta-firma-de-trump\/\"},\"author\":{\"name\":\"Potencia Radiof\u00f3nica Dominicana\",\"@id\":\"https:\/\/potenciaradiofonicadominicana.com\/portal\/#\/schema\/person\/a5cf1fea13877803ee0573ac18b03490\"},\"headline\":\"Congreso de EE. UU. aprueba extensi\u00f3n de HOPE\/HELP hasta 2028; falta firma de Trump\",\"datePublished\":\"2026-09-02T03:06:52+00:00\",\"mainEntityOfPage\":{\"@id\":\"https:\/\/potenciaradiofonicadominicana.com\/portal\/congreso-de-ee-uu-aprueba-extension-de-hope-help-hasta-2028-falta-firma-de-trump\/\"},\"wordCount\":582,\"publisher\":{\"@id\":\"https:\/\/potenciaradiofonicadominicana.com\/portal\/#organization\"},\"image\":{\"@id\":\"https:\/\/potenciaradiofonicadominicana.com\/portal\/congreso-de-ee-uu-aprueba-extension-de-hope-help-hasta-2028-falta-firma-de-trump\/#primaryimage\"},\"thumbnailUrl\":\"https:\/\/potenciaradiofonicadominicana.com\/portal\/wp-content\/uploads\/2026\/09\/ee-uu-termina-programa-hopehelp-textil-a-favor-de-haiti-5766a961-focus-0-0-896-504.jpg\",\"articleSection\":[\"Internacional\"],\"inLanguage\":\"es\"},{\"@type\":\"WebPage\",\"@id\":\"https:\/\/potenciaradiofonicadominicana.com\/portal\/congreso-de-ee-uu-aprueba-extension-de-hope-help-hasta-2028-falta-firma-de-trump\/\",\"url\":\"https:\/\/potenciaradiofonicadominicana.com\/portal\/congreso-de-ee-uu-aprueba-extension-de-hope-help-hasta-2028-falta-firma-de-trump\/\",\"name\":\"Congreso de EE. UU. aprueba extensi\u00f3n de HOPE\/HELP hasta 2028; falta firma de Trump - PotenciaRadiofonicaDominicana.com\",\"isPartOf\":{\"@id\":\"https:\/\/potenciaradiofonicadominicana.com\/portal\/#website\"},\"primaryImageOfPage\":{\"@id\":\"https:\/\/potenciaradiofonicadominicana.com\/portal\/congreso-de-ee-uu-aprueba-extension-de-hope-help-hasta-2028-falta-firma-de-trump\/#primaryimage\"},\"image\":{\"@id\":\"https:\/\/potenciaradiofonicadominicana.com\/portal\/congreso-de-ee-uu-aprueba-extension-de-hope-help-hasta-2028-falta-firma-de-trump\/#primaryimage\"},\"thumbnailUrl\":\"https:\/\/potenciaradiofonicadominicana.com\/portal\/wp-content\/uploads\/2026\/09\/ee-uu-termina-programa-hopehelp-textil-a-favor-de-haiti-5766a961-focus-0-0-896-504.jpg\",\"datePublished\":\"2026-09-02T03:06:52+00:00\",\"breadcrumb\":{\"@id\":\"https:\/\/potenciaradiofonicadominicana.com\/portal\/congreso-de-ee-uu-aprueba-extension-de-hope-help-hasta-2028-falta-firma-de-trump\/#breadcrumb\"},\"inLanguage\":\"es\",\"potentialAction\":[{\"@type\":\"ReadAction\",\"target\":[\"https:\/\/potenciaradiofonicadominicana.com\/portal\/congreso-de-ee-uu-aprueba-extension-de-hope-help-hasta-2028-falta-firma-de-trump\/\"]}]},{\"@type\":\"ImageObject\",\"inLanguage\":\"es\",\"@id\":\"https:\/\/potenciaradiofonicadominicana.com\/portal\/congreso-de-ee-uu-aprueba-extension-de-hope-help-hasta-2028-falta-firma-de-trump\/#primaryimage\",\"url\":\"https:\/\/potenciaradiofonicadominicana.com\/portal\/wp-content\/uploads\/2026\/09\/ee-uu-termina-programa-hopehelp-textil-a-favor-de-haiti-5766a961-focus-0-0-896-504.jpg\",\"contentUrl\":\"https:\/\/potenciaradiofonicadominicana.com\/portal\/wp-content\/uploads\/2026\/09\/ee-uu-termina-programa-hopehelp-textil-a-favor-de-haiti-5766a961-focus-0-0-896-504.jpg\",\"width\":896,\"height\":504},{\"@type\":\"BreadcrumbList\",\"@id\":\"https:\/\/potenciaradiofonicadominicana.com\/portal\/congreso-de-ee-uu-aprueba-extension-de-hope-help-hasta-2028-falta-firma-de-trump\/#breadcrumb\",\"itemListElement\":[{\"@type\":\"ListItem\",\"position\":1,\"name\":\"Portada\",\"item\":\"https:\/\/potenciaradiofonicadominicana.com\/portal\/\"},{\"@type\":\"ListItem\",\"position\":2,\"name\":\"Congreso de EE. UU. aprueba extensi\u00f3n de HOPE\/HELP hasta 2028; falta firma de Trump\"}]},{\"@type\":\"WebSite\",\"@id\":\"https:\/\/potenciaradiofonicadominicana.com\/portal\/#website\",\"url\":\"https:\/\/potenciaradiofonicadominicana.com\/portal\/\",\"name\":\"PotenciaRadiofonicaDominicana.com\",\"description\":\"Peri\u00f3dico Digital\",\"publisher\":{\"@id\":\"https:\/\/potenciaradiofonicadominicana.com\/portal\/#organization\"},\"potentialAction\":[{\"@type\":\"SearchAction\",\"target\":{\"@type\":\"EntryPoint\",\"urlTemplate\":\"https:\/\/potenciaradiofonicadominicana.com\/portal\/?s={search_term_string}\"},\"query-input\":{\"@type\":\"PropertyValueSpecification\",\"valueRequired\":true,\"valueName\":\"search_term_string\"}}],\"inLanguage\":\"es\"},{\"@type\":\"Organization\",\"@id\":\"https:\/\/potenciaradiofonicadominicana.com\/portal\/#organization\",\"name\":\"PotenciaRadiofonicaDominicana.com\",\"url\":\"https:\/\/potenciaradiofonicadominicana.com\/portal\/\",\"logo\":{\"@type\":\"ImageObject\",\"inLanguage\":\"es\",\"@id\":\"https:\/\/potenciaradiofonicadominicana.com\/portal\/#\/schema\/logo\/image\/\",\"url\":\"https:\/\/potenciaradiofonicadominicana.com\/portal\/wp-content\/uploads\/2022\/01\/descarga.png\",\"contentUrl\":\"https:\/\/potenciaradiofonicadominicana.com\/portal\/wp-content\/uploads\/2022\/01\/descarga.png\",\"width\":300,\"height\":100,\"caption\":\"PotenciaRadiofonicaDominicana.com\"},\"image\":{\"@id\":\"https:\/\/potenciaradiofonicadominicana.com\/portal\/#\/schema\/logo\/image\/\"},\"sameAs\":[\"https:\/\/web.facebook.com\/PotenciaRadiofonicaD\"]},{\"@type\":\"Person\",\"@id\":\"https:\/\/potenciaradiofonicadominicana.com\/portal\/#\/schema\/person\/a5cf1fea13877803ee0573ac18b03490\",\"name\":\"Potencia Radiof\u00f3nica Dominicana\",\"image\":{\"@type\":\"ImageObject\",\"inLanguage\":\"es\",\"@id\":\"https:\/\/potenciaradiofonicadominicana.com\/portal\/#\/schema\/person\/image\/\",\"url\":\"https:\/\/secure.gravatar.com\/avatar\/42a55ab9e8ccc656ba34cd791990602a?s=96&d=mm&r=g\",\"contentUrl\":\"https:\/\/secure.gravatar.com\/avatar\/42a55ab9e8ccc656ba34cd791990602a?s=96&d=mm&r=g\",\"caption\":\"Potencia Radiof\u00f3nica Dominicana\"},\"url\":\"https:\/\/potenciaradiofonicadominicana.com\/portal\/author\/johannyalmanzar\/\"}]}<\/script>\n<!-- \/ Yoast SEO plugin. -->","yoast_head_json":{"title":"Congreso de EE. UU. aprueba extensi\u00f3n de HOPE\/HELP hasta 2028; falta firma de Trump - PotenciaRadiofonicaDominicana.com","robots":{"index":"index","follow":"follow","max-snippet":"max-snippet:-1","max-image-preview":"max-image-preview:large","max-video-preview":"max-video-preview:-1"},"canonical":"https:\/\/potenciaradiofonicadominicana.com\/portal\/congreso-de-ee-uu-aprueba-extension-de-hope-help-hasta-2028-falta-firma-de-trump\/","og_locale":"es_ES","og_type":"article","og_title":"Congreso de EE. UU. aprueba extensi\u00f3n de HOPE\/HELP hasta 2028; falta firma de Trump - PotenciaRadiofonicaDominicana.com","og_description":"El\u00a0Congreso de Estados Unidos\u00a0dej\u00f3 este martes a una firma presidencial de distancia la\u00a0extensi\u00f3n\u00a0por dos a\u00f1os de los\u00a0programas HOPE\/HELP, que permiten ...","og_url":"https:\/\/potenciaradiofonicadominicana.com\/portal\/congreso-de-ee-uu-aprueba-extension-de-hope-help-hasta-2028-falta-firma-de-trump\/","og_site_name":"PotenciaRadiofonicaDominicana.com","article_publisher":"https:\/\/web.facebook.com\/PotenciaRadiofonicaD","article_published_time":"2026-09-02T03:06:52+00:00","og_image":[{"width":896,"height":504,"url":"https:\/\/potenciaradiofonicadominicana.com\/portal\/wp-content\/uploads\/2026\/09\/ee-uu-termina-programa-hopehelp-textil-a-favor-de-haiti-5766a961-focus-0-0-896-504.jpg","type":"image\/jpeg"}],"author":"Potencia Radiof\u00f3nica Dominicana","twitter_card":"summary_large_image","twitter_misc":{"Escrito por":"Potencia Radiof\u00f3nica Dominicana","Tiempo de lectura":"3 minutos"},"schema":{"@context":"https:\/\/schema.org","@graph":[{"@type":"Article","@id":"https:\/\/potenciaradiofonicadominicana.com\/portal\/congreso-de-ee-uu-aprueba-extension-de-hope-help-hasta-2028-falta-firma-de-trump\/#article","isPartOf":{"@id":"https:\/\/potenciaradiofonicadominicana.com\/portal\/congreso-de-ee-uu-aprueba-extension-de-hope-help-hasta-2028-falta-firma-de-trump\/"},"author":{"name":"Potencia Radiof\u00f3nica Dominicana","@id":"https:\/\/potenciaradiofonicadominicana.com\/portal\/#\/schema\/person\/a5cf1fea13877803ee0573ac18b03490"},"headline":"Congreso de EE. UU. aprueba extensi\u00f3n de HOPE\/HELP hasta 2028; falta firma de Trump","datePublished":"2026-09-02T03:06:52+00:00","mainEntityOfPage":{"@id":"https:\/\/potenciaradiofonicadominicana.com\/portal\/congreso-de-ee-uu-aprueba-extension-de-hope-help-hasta-2028-falta-firma-de-trump\/"},"wordCount":582,"publisher":{"@id":"https:\/\/potenciaradiofonicadominicana.com\/portal\/#organization"},"image":{"@id":"https:\/\/potenciaradiofonicadominicana.com\/portal\/congreso-de-ee-uu-aprueba-extension-de-hope-help-hasta-2028-falta-firma-de-trump\/#primaryimage"},"thumbnailUrl":"https:\/\/potenciaradiofonicadominicana.com\/portal\/wp-content\/uploads\/2026\/09\/ee-uu-termina-programa-hopehelp-textil-a-favor-de-haiti-5766a961-focus-0-0-896-504.jpg","articleSection":["Internacional"],"inLanguage":"es"},{"@type":"WebPage","@id":"https:\/\/potenciaradiofonicadominicana.com\/portal\/congreso-de-ee-uu-aprueba-extension-de-hope-help-hasta-2028-falta-firma-de-trump\/","url":"https:\/\/potenciaradiofonicadominicana.com\/portal\/congreso-de-ee-uu-aprueba-extension-de-hope-help-hasta-2028-falta-firma-de-trump\/","name":"Congreso de EE. UU. aprueba extensi\u00f3n de HOPE\/HELP hasta 2028; falta firma de Trump - PotenciaRadiofonicaDominicana.com","isPartOf":{"@id":"https:\/\/potenciaradiofonicadominicana.com\/portal\/#website"},"primaryImageOfPage":{"@id":"https:\/\/potenciaradiofonicadominicana.com\/portal\/congreso-de-ee-uu-aprueba-extension-de-hope-help-hasta-2028-falta-firma-de-trump\/#primaryimage"},"image":{"@id":"https:\/\/potenciaradiofonicadominicana.com\/portal\/congreso-de-ee-uu-aprueba-extension-de-hope-help-hasta-2028-falta-firma-de-trump\/#primaryimage"},"thumbnailUrl":"https:\/\/potenciaradiofonicadominicana.com\/portal\/wp-content\/uploads\/2026\/09\/ee-uu-termina-programa-hopehelp-textil-a-favor-de-haiti-5766a961-focus-0-0-896-504.jpg","datePublished":"2026-09-02T03:06:52+00:00","breadcrumb":{"@id":"https:\/\/potenciaradiofonicadominicana.com\/portal\/congreso-de-ee-uu-aprueba-extension-de-hope-help-hasta-2028-falta-firma-de-trump\/#breadcrumb"},"inLanguage":"es","potentialAction":[{"@type":"ReadAction","target":["https:\/\/potenciaradiofonicadominicana.com\/portal\/congreso-de-ee-uu-aprueba-extension-de-hope-help-hasta-2028-falta-firma-de-trump\/"]}]},{"@type":"ImageObject","inLanguage":"es","@id":"https:\/\/potenciaradiofonicadominicana.com\/portal\/congreso-de-ee-uu-aprueba-extension-de-hope-help-hasta-2028-falta-firma-de-trump\/#primaryimage","url":"https:\/\/potenciaradiofonicadominicana.com\/portal\/wp-content\/uploads\/2026\/09\/ee-uu-termina-programa-hopehelp-textil-a-favor-de-haiti-5766a961-focus-0-0-896-504.jpg","contentUrl":"https:\/\/potenciaradiofonicadominicana.com\/portal\/wp-content\/uploads\/2026\/09\/ee-uu-termina-programa-hopehelp-textil-a-favor-de-haiti-5766a961-focus-0-0-896-504.jpg","width":896,"height":504},{"@type":"BreadcrumbList","@id":"https:\/\/potenciaradiofonicadominicana.com\/portal\/congreso-de-ee-uu-aprueba-extension-de-hope-help-hasta-2028-falta-firma-de-trump\/#breadcrumb","itemListElement":[{"@type":"ListItem","position":1,"name":"Portada","item":"https:\/\/potenciaradiofonicadominicana.com\/portal\/"},{"@type":"ListItem","position":2,"name":"Congreso de EE. UU. aprueba extensi\u00f3n de HOPE\/HELP hasta 2028; falta firma de Trump"}]},{"@type":"WebSite","@id":"https:\/\/potenciaradiofonicadominicana.com\/portal\/#website","url":"https:\/\/potenciaradiofonicadominicana.com\/portal\/","name":"PotenciaRadiofonicaDominicana.com","description":"Peri\u00f3dico Digital","publisher":{"@id":"https:\/\/potenciaradiofonicadominicana.com\/portal\/#organization"},"potentialAction":[{"@type":"SearchAction","target":{"@type":"EntryPoint","urlTemplate":"https:\/\/potenciaradiofonicadominicana.com\/portal\/?s={search_term_string}"},"query-input":{"@type":"PropertyValueSpecification","valueRequired":true,"valueName":"search_term_string"}}],"inLanguage":"es"},{"@type":"Organization","@id":"https:\/\/potenciaradiofonicadominicana.com\/portal\/#organization","name":"PotenciaRadiofonicaDominicana.com","url":"https:\/\/potenciaradiofonicadominicana.com\/portal\/","logo":{"@type":"ImageObject","inLanguage":"es","@id":"https:\/\/potenciaradiofonicadominicana.com\/portal\/#\/schema\/logo\/image\/","url":"https:\/\/potenciaradiofonicadominicana.com\/portal\/wp-content\/uploads\/2022\/01\/descarga.png","contentUrl":"https:\/\/potenciaradiofonicadominicana.com\/portal\/wp-content\/uploads\/2022\/01\/descarga.png","width":300,"height":100,"caption":"PotenciaRadiofonicaDominicana.com"},"image":{"@id":"https:\/\/potenciaradiofonicadominicana.com\/portal\/#\/schema\/logo\/image\/"},"sameAs":["https:\/\/web.facebook.com\/PotenciaRadiofonicaD"]},{"@type":"Person","@id":"https:\/\/potenciaradiofonicadominicana.com\/portal\/#\/schema\/person\/a5cf1fea13877803ee0573ac18b03490","name":"Potencia Radiof\u00f3nica Dominicana","image":{"@type":"ImageObject","inLanguage":"es","@id":"https:\/\/potenciaradiofonicadominicana.com\/portal\/#\/schema\/person\/image\/","url":"https:\/\/secure.gravatar.com\/avatar\/42a55ab9e8ccc656ba34cd791990602a?s=96&d=mm&r=g","contentUrl":"https:\/\/secure.gravatar.com\/avatar\/42a55ab9e8ccc656ba34cd791990602a?s=96&d=mm&r=g","caption":"Potencia Radiof\u00f3nica Dominicana"},"url":"https:\/\/potenciaradiofonicadominicana.com\/portal\/author\/johannyalmanzar\/"}]}},"_links":{"self":[{"href":"https:\/\/potenciaradiofonicadominicana.com\/portal\/wp-json\/wp\/v2\/posts\/225096","targetHints":{"allow":["GET"]}}],"collection":[{"href":"https:\/\/potenciaradiofonicadominicana.com\/portal\/wp-json\/wp\/v2\/posts"}],"about":[{"href":"https:\/\/potenciaradiofonicadominicana.com\/portal\/wp-json\/wp\/v2\/types\/post"}],"author":[{"embeddable":true,"href":"https:\/\/potenciaradiofonicadominicana.com\/portal\/wp-json\/wp\/v2\/users\/2"}],"replies":[{"embeddable":true,"href":"https:\/\/potenciaradiofonicadominicana.com\/portal\/wp-json\/wp\/v2\/comments?post=225096"}],"version-history":[{"count":1,"href":"https:\/\/potenciaradiofonicadominicana.com\/portal\/wp-json\/wp\/v2\/posts\/225096\/revisions"}],"predecessor-version":[{"id":225101,"href":"https:\/\/potenciaradiofonicadominicana.com\/portal\/wp-json\/wp\/v2\/posts\/225096\/revisions\/225101"}],"wp:featuredmedia":[{"embeddable":true,"href":"https:\/\/potenciaradiofonicadominicana.com\/portal\/wp-json\/wp\/v2\/media\/225098"}],"wp:attachment":[{"href":"https:\/\/potenciaradiofonicadominicana.com\/portal\/wp-json\/wp\/v2\/media?parent=225096"}],"wp:term":[{"taxonomy":"category","embeddable":true,"href":"https:\/\/potenciaradiofonicadominicana.com\/portal\/wp-json\/wp\/v2\/categories?post=225096"},{"taxonomy":"post_tag","embeddable":true,"href":"https:\/\/potenciaradiofonicadominicana.com\/portal\/wp-json\/wp\/v2\/tags?post=225096"}],"curies":[{"name":"wp","href":"https:\/\/api.w.org\/{rel}","templated":true}]}}