{"id":225090,"date":"2026-09-01T23:03:57","date_gmt":"2026-09-02T03:03:57","guid":{"rendered":"https:\/\/potenciaradiofonicadominicana.com\/portal\/?p=225090"},"modified":"2026-09-01T23:03:57","modified_gmt":"2026-09-02T03:03:57","slug":"el-principal-aeropuerto-venezolano-dice-estar-listo-para-reanudacion-de-vuelos-tras-sismos","status":"publish","type":"post","link":"https:\/\/potenciaradiofonicadominicana.com\/portal\/el-principal-aeropuerto-venezolano-dice-estar-listo-para-reanudacion-de-vuelos-tras-sismos\/","title":{"rendered":"El principal aeropuerto venezolano dice estar listo para reanudaci\u00f3n de vuelos tras sismos"},"content":{"rendered":"<p><a href=\"https:\/\/potenciaradiofonicadominicana.com\/portal\/wp-content\/uploads\/2026\/09\/aeropuerto-venezuela-efe-febd088bb6a978b7a316ceb6e7b392c334796dc8w-efe8f046-focus-0-0-896-504.jpg\"><img loading=\"lazy\" decoding=\"async\" class=\"alignnone size-full wp-image-225092\" src=\"https:\/\/potenciaradiofonicadominicana.com\/portal\/wp-content\/uploads\/2026\/09\/aeropuerto-venezuela-efe-febd088bb6a978b7a316ceb6e7b392c334796dc8w-efe8f046-focus-0-0-896-504.jpg\" alt=\"\" width=\"896\" height=\"504\" srcset=\"https:\/\/potenciaradiofonicadominicana.com\/portal\/wp-content\/uploads\/2026\/09\/aeropuerto-venezuela-efe-febd088bb6a978b7a316ceb6e7b392c334796dc8w-efe8f046-focus-0-0-896-504.jpg 896w, https:\/\/potenciaradiofonicadominicana.com\/portal\/wp-content\/uploads\/2026\/09\/aeropuerto-venezuela-efe-febd088bb6a978b7a316ceb6e7b392c334796dc8w-efe8f046-focus-0-0-896-504-300x169.jpg 300w, https:\/\/potenciaradiofonicadominicana.com\/portal\/wp-content\/uploads\/2026\/09\/aeropuerto-venezuela-efe-febd088bb6a978b7a316ceb6e7b392c334796dc8w-efe8f046-focus-0-0-896-504-768x432.jpg 768w\" sizes=\"auto, (max-width: 896px) 100vw, 896px\" \/><\/a><\/p>\n<p>El principal aeropuerto de Venezuela, el Sim\u00f3n Bol\u00edvar, asegur\u00f3 este lunes que sus\u00a0terminales temporales\u00a0est\u00e1n listas para la reanudaci\u00f3n, el martes, de vuelos nacionales e internacionales, tras m\u00e1s de dos meses de cierre por los da\u00f1os que caus\u00f3 el\u00a0doble terremoto\u00a0del 24 de junio en sus edificios.<\/p>\n<p>El\u00a0Instituto Aeropuerto Internacional de Maiquet\u00eda\u00a0(IAIM), que administra este terminal a\u00e9reo pr\u00f3ximo a Caracas, pidi\u00f3 en\u00a0Instagram\u00a0a los pasajeros presentarse dos horas antes de un vuelo nacional y tres de uno hacia un destino en el exterior, as\u00ed como hacer previamente el &#8216;check-in&#8217; o registro.<\/p>\n<p>Adem\u00e1s, llam\u00f3 a confirmar directamente con la\u00a0aerol\u00ednea\u00a0o\u00a0agencia de viaje\u00a0si el vuelo saldr\u00e1 desde este aeropuerto, ubicado en la localidad de\u00a0Maiquet\u00eda, en el estado costero de La Guaira (norte, aleda\u00f1o a Caracas), el m\u00e1s devastado por los recientes sismos.<\/p>\n<div id=\"dl_300x250_inread\" data-lazy-ad=\"\" data-google-query-id=\"CJuo_6T0zpYDFTlEwAYd-cwZqA\">\n<div id=\"google_ads_iframe_\/1659553\/dl_300x250_inread_0__container__\">\n<p>De momento, las espa\u00f1olas\u00a0Air Europa,\u00a0Iberia\u00a0y Plus Ultra, la paname\u00f1a\u00a0Copa Airlines\u00a0y las colombianas Avianca y LATAM Airlines Colombia son algunas de las compa\u00f1\u00edas extranjeras que han anunciado su regreso al\u00a0aeropuerto Sim\u00f3n Bol\u00edvar.<\/p>\n<p>Los\u00a0terminales temporales\u00a0tienen una\u00a0capacidad\u00a0para un total de 2.168 personas, 720 de ellas en el \u00e1rea de\u00a0salidas internacionales\u00a0y 496 en el de\u00a0llegadas, seg\u00fan una nota difundida este lunes de la estatal Agencia Venezolana de Noticias (AVN).<\/p>\n<div id=\"detalle-parrafo\" data-lazy-ad=\"\">\n<div class=\"mb-5 newsletter-article\">\n<div class=\"icon p-2 flex md:block\">\n<p>El\u00a0IAIM\u00a0anunci\u00f3 el pasado 25 de agosto la\u00a0reanudaci\u00f3n de vuelos\u00a0comerciales desde y hacia\u00a0Maiquet\u00eda\u00a0a partir del\u00a0primero de septiembre.<\/p>\n<p>Seg\u00fan la instituci\u00f3n, las terminales contar\u00e1n con\u00a0climatizaci\u00f3n,\u00a0wifi, zonas de espera, m\u00e1quinas expendedoras, ba\u00f1os,\u00a0servicio m\u00e9dico, estaciones de carga y rampas para pasajeros con movilidad reducida.<\/p>\n<p>Los terminales son \u00abestructuras modulares met\u00e1licas\u00bb, seg\u00fan el\u00a0IAIM, que se\u00f1ala tambi\u00e9n que el traslado entre estos espacios y la rampa de operaciones se har\u00e1 en\u00a0buses.<\/p>\n<p>Adem\u00e1s, habr\u00e1\u00a0estacionamiento\u00a0de corta y\u00a0larga permanencia.<\/p>\n<p>El mismo d\u00eda de los\u00a0terremotos, la presidenta encargada,\u00a0Delcy Rodr\u00edguez, anunci\u00f3 el\u00a0cierre del aeropuerto\u00a0y luego varias aerol\u00edneas movieron sus operaciones a la ciudad de\u00a0Valencia, capital del\u00a0estado Carabobo\u00a0(norte), a\u00a0172 kil\u00f3metros\u00a0de distancia de Caracas en veh\u00edculo.<\/p>\n<p>Otras trasladaron las operaciones a\u00a0Barcelona, capital del\u00a0estado Anzo\u00e1tegui\u00a0(este), a\u00a0313 kil\u00f3metros\u00a0de distancia de Caracas por carretera.<\/p>\n<p>Rodr\u00edguez hab\u00eda anunciado una\u00a0alianza internacional\u00a0para la recuperaci\u00f3n de la terminal de\u00a0Maiquet\u00eda.<\/p>\n<p>Este aeropuerto retom\u00f3 el\u00a05 de agosto\u00a0sus operaciones de\u00a0aviaci\u00f3n de carga\u00a0como un primer paso hacia una reapertura paulatina tras el cierre por los sismos, que dejaron al menos\u00a06.509 muertos.<\/p>\n<\/div>\n<\/div>\n<\/div>\n<\/div>\n<\/div>\n","protected":false},"excerpt":{"rendered":"<p>El principal aeropuerto de Venezuela, el Sim\u00f3n Bol\u00edvar, asegur\u00f3 este lunes que sus\u00a0terminales temporales\u00a0est\u00e1n listas para la reanudaci\u00f3n, el martes, &#8230;<\/p>\n","protected":false},"author":2,"featured_media":225092,"comment_status":"closed","ping_status":"closed","sticky":false,"template":"","format":"standard","meta":{"footnotes":""},"categories":[30],"tags":[],"class_list":["post-225090","post","type-post","status-publish","format-standard","has-post-thumbnail","hentry","category-internacional"],"yoast_head":"<!-- This site is optimized with the Yoast SEO plugin v24.8.1 - https:\/\/yoast.com\/wordpress\/plugins\/seo\/ -->\n<title>El principal aeropuerto venezolano dice estar listo para reanudaci\u00f3n de vuelos tras sismos - PotenciaRadiofonicaDominicana.com<\/title>\n<meta name=\"robots\" content=\"index, follow, max-snippet:-1, max-image-preview:large, max-video-preview:-1\" \/>\n<link rel=\"canonical\" href=\"https:\/\/potenciaradiofonicadominicana.com\/portal\/el-principal-aeropuerto-venezolano-dice-estar-listo-para-reanudacion-de-vuelos-tras-sismos\/\" \/>\n<meta property=\"og:locale\" content=\"es_ES\" \/>\n<meta property=\"og:type\" content=\"article\" \/>\n<meta property=\"og:title\" content=\"El principal aeropuerto venezolano dice estar listo para reanudaci\u00f3n de vuelos tras sismos - PotenciaRadiofonicaDominicana.com\" \/>\n<meta property=\"og:description\" content=\"El principal aeropuerto de Venezuela, el Sim\u00f3n Bol\u00edvar, asegur\u00f3 este lunes que sus\u00a0terminales temporales\u00a0est\u00e1n listas para la reanudaci\u00f3n, el martes, ...\" \/>\n<meta property=\"og:url\" content=\"https:\/\/potenciaradiofonicadominicana.com\/portal\/el-principal-aeropuerto-venezolano-dice-estar-listo-para-reanudacion-de-vuelos-tras-sismos\/\" \/>\n<meta property=\"og:site_name\" content=\"PotenciaRadiofonicaDominicana.com\" \/>\n<meta property=\"article:publisher\" content=\"https:\/\/web.facebook.com\/PotenciaRadiofonicaD\" \/>\n<meta property=\"article:published_time\" content=\"2026-09-02T03:03:57+00:00\" \/>\n<meta property=\"og:image\" content=\"https:\/\/potenciaradiofonicadominicana.com\/portal\/wp-content\/uploads\/2026\/09\/aeropuerto-venezuela-efe-febd088bb6a978b7a316ceb6e7b392c334796dc8w-efe8f046-focus-0-0-896-504.jpg\" \/>\n\t<meta property=\"og:image:width\" content=\"896\" \/>\n\t<meta property=\"og:image:height\" content=\"504\" \/>\n\t<meta property=\"og:image:type\" content=\"image\/jpeg\" \/>\n<meta name=\"author\" content=\"Potencia Radiof\u00f3nica Dominicana\" \/>\n<meta name=\"twitter:card\" content=\"summary_large_image\" \/>\n<meta name=\"twitter:label1\" content=\"Escrito por\" \/>\n\t<meta name=\"twitter:data1\" content=\"Potencia Radiof\u00f3nica Dominicana\" \/>\n\t<meta name=\"twitter:label2\" content=\"Tiempo de lectura\" \/>\n\t<meta name=\"twitter:data2\" content=\"3 minutos\" \/>\n<script type=\"application\/ld+json\" class=\"yoast-schema-graph\">{\"@context\":\"https:\/\/schema.org\",\"@graph\":[{\"@type\":\"Article\",\"@id\":\"https:\/\/potenciaradiofonicadominicana.com\/portal\/el-principal-aeropuerto-venezolano-dice-estar-listo-para-reanudacion-de-vuelos-tras-sismos\/#article\",\"isPartOf\":{\"@id\":\"https:\/\/potenciaradiofonicadominicana.com\/portal\/el-principal-aeropuerto-venezolano-dice-estar-listo-para-reanudacion-de-vuelos-tras-sismos\/\"},\"author\":{\"name\":\"Potencia Radiof\u00f3nica Dominicana\",\"@id\":\"https:\/\/potenciaradiofonicadominicana.com\/portal\/#\/schema\/person\/a5cf1fea13877803ee0573ac18b03490\"},\"headline\":\"El principal aeropuerto venezolano dice estar listo para reanudaci\u00f3n de vuelos tras sismos\",\"datePublished\":\"2026-09-02T03:03:57+00:00\",\"mainEntityOfPage\":{\"@id\":\"https:\/\/potenciaradiofonicadominicana.com\/portal\/el-principal-aeropuerto-venezolano-dice-estar-listo-para-reanudacion-de-vuelos-tras-sismos\/\"},\"wordCount\":462,\"publisher\":{\"@id\":\"https:\/\/potenciaradiofonicadominicana.com\/portal\/#organization\"},\"image\":{\"@id\":\"https:\/\/potenciaradiofonicadominicana.com\/portal\/el-principal-aeropuerto-venezolano-dice-estar-listo-para-reanudacion-de-vuelos-tras-sismos\/#primaryimage\"},\"thumbnailUrl\":\"https:\/\/potenciaradiofonicadominicana.com\/portal\/wp-content\/uploads\/2026\/09\/aeropuerto-venezuela-efe-febd088bb6a978b7a316ceb6e7b392c334796dc8w-efe8f046-focus-0-0-896-504.jpg\",\"articleSection\":[\"Internacional\"],\"inLanguage\":\"es\"},{\"@type\":\"WebPage\",\"@id\":\"https:\/\/potenciaradiofonicadominicana.com\/portal\/el-principal-aeropuerto-venezolano-dice-estar-listo-para-reanudacion-de-vuelos-tras-sismos\/\",\"url\":\"https:\/\/potenciaradiofonicadominicana.com\/portal\/el-principal-aeropuerto-venezolano-dice-estar-listo-para-reanudacion-de-vuelos-tras-sismos\/\",\"name\":\"El principal aeropuerto venezolano dice estar listo para reanudaci\u00f3n de vuelos tras sismos - PotenciaRadiofonicaDominicana.com\",\"isPartOf\":{\"@id\":\"https:\/\/potenciaradiofonicadominicana.com\/portal\/#website\"},\"primaryImageOfPage\":{\"@id\":\"https:\/\/potenciaradiofonicadominicana.com\/portal\/el-principal-aeropuerto-venezolano-dice-estar-listo-para-reanudacion-de-vuelos-tras-sismos\/#primaryimage\"},\"image\":{\"@id\":\"https:\/\/potenciaradiofonicadominicana.com\/portal\/el-principal-aeropuerto-venezolano-dice-estar-listo-para-reanudacion-de-vuelos-tras-sismos\/#primaryimage\"},\"thumbnailUrl\":\"https:\/\/potenciaradiofonicadominicana.com\/portal\/wp-content\/uploads\/2026\/09\/aeropuerto-venezuela-efe-febd088bb6a978b7a316ceb6e7b392c334796dc8w-efe8f046-focus-0-0-896-504.jpg\",\"datePublished\":\"2026-09-02T03:03:57+00:00\",\"breadcrumb\":{\"@id\":\"https:\/\/potenciaradiofonicadominicana.com\/portal\/el-principal-aeropuerto-venezolano-dice-estar-listo-para-reanudacion-de-vuelos-tras-sismos\/#breadcrumb\"},\"inLanguage\":\"es\",\"potentialAction\":[{\"@type\":\"ReadAction\",\"target\":[\"https:\/\/potenciaradiofonicadominicana.com\/portal\/el-principal-aeropuerto-venezolano-dice-estar-listo-para-reanudacion-de-vuelos-tras-sismos\/\"]}]},{\"@type\":\"ImageObject\",\"inLanguage\":\"es\",\"@id\":\"https:\/\/potenciaradiofonicadominicana.com\/portal\/el-principal-aeropuerto-venezolano-dice-estar-listo-para-reanudacion-de-vuelos-tras-sismos\/#primaryimage\",\"url\":\"https:\/\/potenciaradiofonicadominicana.com\/portal\/wp-content\/uploads\/2026\/09\/aeropuerto-venezuela-efe-febd088bb6a978b7a316ceb6e7b392c334796dc8w-efe8f046-focus-0-0-896-504.jpg\",\"contentUrl\":\"https:\/\/potenciaradiofonicadominicana.com\/portal\/wp-content\/uploads\/2026\/09\/aeropuerto-venezuela-efe-febd088bb6a978b7a316ceb6e7b392c334796dc8w-efe8f046-focus-0-0-896-504.jpg\",\"width\":896,\"height\":504},{\"@type\":\"BreadcrumbList\",\"@id\":\"https:\/\/potenciaradiofonicadominicana.com\/portal\/el-principal-aeropuerto-venezolano-dice-estar-listo-para-reanudacion-de-vuelos-tras-sismos\/#breadcrumb\",\"itemListElement\":[{\"@type\":\"ListItem\",\"position\":1,\"name\":\"Portada\",\"item\":\"https:\/\/potenciaradiofonicadominicana.com\/portal\/\"},{\"@type\":\"ListItem\",\"position\":2,\"name\":\"El principal aeropuerto venezolano dice estar listo para reanudaci\u00f3n de vuelos tras sismos\"}]},{\"@type\":\"WebSite\",\"@id\":\"https:\/\/potenciaradiofonicadominicana.com\/portal\/#website\",\"url\":\"https:\/\/potenciaradiofonicadominicana.com\/portal\/\",\"name\":\"PotenciaRadiofonicaDominicana.com\",\"description\":\"Peri\u00f3dico Digital\",\"publisher\":{\"@id\":\"https:\/\/potenciaradiofonicadominicana.com\/portal\/#organization\"},\"potentialAction\":[{\"@type\":\"SearchAction\",\"target\":{\"@type\":\"EntryPoint\",\"urlTemplate\":\"https:\/\/potenciaradiofonicadominicana.com\/portal\/?s={search_term_string}\"},\"query-input\":{\"@type\":\"PropertyValueSpecification\",\"valueRequired\":true,\"valueName\":\"search_term_string\"}}],\"inLanguage\":\"es\"},{\"@type\":\"Organization\",\"@id\":\"https:\/\/potenciaradiofonicadominicana.com\/portal\/#organization\",\"name\":\"PotenciaRadiofonicaDominicana.com\",\"url\":\"https:\/\/potenciaradiofonicadominicana.com\/portal\/\",\"logo\":{\"@type\":\"ImageObject\",\"inLanguage\":\"es\",\"@id\":\"https:\/\/potenciaradiofonicadominicana.com\/portal\/#\/schema\/logo\/image\/\",\"url\":\"https:\/\/potenciaradiofonicadominicana.com\/portal\/wp-content\/uploads\/2022\/01\/descarga.png\",\"contentUrl\":\"https:\/\/potenciaradiofonicadominicana.com\/portal\/wp-content\/uploads\/2022\/01\/descarga.png\",\"width\":300,\"height\":100,\"caption\":\"PotenciaRadiofonicaDominicana.com\"},\"image\":{\"@id\":\"https:\/\/potenciaradiofonicadominicana.com\/portal\/#\/schema\/logo\/image\/\"},\"sameAs\":[\"https:\/\/web.facebook.com\/PotenciaRadiofonicaD\"]},{\"@type\":\"Person\",\"@id\":\"https:\/\/potenciaradiofonicadominicana.com\/portal\/#\/schema\/person\/a5cf1fea13877803ee0573ac18b03490\",\"name\":\"Potencia Radiof\u00f3nica Dominicana\",\"image\":{\"@type\":\"ImageObject\",\"inLanguage\":\"es\",\"@id\":\"https:\/\/potenciaradiofonicadominicana.com\/portal\/#\/schema\/person\/image\/\",\"url\":\"https:\/\/secure.gravatar.com\/avatar\/42a55ab9e8ccc656ba34cd791990602a?s=96&d=mm&r=g\",\"contentUrl\":\"https:\/\/secure.gravatar.com\/avatar\/42a55ab9e8ccc656ba34cd791990602a?s=96&d=mm&r=g\",\"caption\":\"Potencia Radiof\u00f3nica Dominicana\"},\"url\":\"https:\/\/potenciaradiofonicadominicana.com\/portal\/author\/johannyalmanzar\/\"}]}<\/script>\n<!-- \/ Yoast SEO plugin. -->","yoast_head_json":{"title":"El principal aeropuerto venezolano dice estar listo para reanudaci\u00f3n de vuelos tras sismos - PotenciaRadiofonicaDominicana.com","robots":{"index":"index","follow":"follow","max-snippet":"max-snippet:-1","max-image-preview":"max-image-preview:large","max-video-preview":"max-video-preview:-1"},"canonical":"https:\/\/potenciaradiofonicadominicana.com\/portal\/el-principal-aeropuerto-venezolano-dice-estar-listo-para-reanudacion-de-vuelos-tras-sismos\/","og_locale":"es_ES","og_type":"article","og_title":"El principal aeropuerto venezolano dice estar listo para reanudaci\u00f3n de vuelos tras sismos - PotenciaRadiofonicaDominicana.com","og_description":"El principal aeropuerto de Venezuela, el Sim\u00f3n Bol\u00edvar, asegur\u00f3 este lunes que sus\u00a0terminales temporales\u00a0est\u00e1n listas para la reanudaci\u00f3n, el martes, ...","og_url":"https:\/\/potenciaradiofonicadominicana.com\/portal\/el-principal-aeropuerto-venezolano-dice-estar-listo-para-reanudacion-de-vuelos-tras-sismos\/","og_site_name":"PotenciaRadiofonicaDominicana.com","article_publisher":"https:\/\/web.facebook.com\/PotenciaRadiofonicaD","article_published_time":"2026-09-02T03:03:57+00:00","og_image":[{"width":896,"height":504,"url":"https:\/\/potenciaradiofonicadominicana.com\/portal\/wp-content\/uploads\/2026\/09\/aeropuerto-venezuela-efe-febd088bb6a978b7a316ceb6e7b392c334796dc8w-efe8f046-focus-0-0-896-504.jpg","type":"image\/jpeg"}],"author":"Potencia Radiof\u00f3nica Dominicana","twitter_card":"summary_large_image","twitter_misc":{"Escrito por":"Potencia Radiof\u00f3nica Dominicana","Tiempo de lectura":"3 minutos"},"schema":{"@context":"https:\/\/schema.org","@graph":[{"@type":"Article","@id":"https:\/\/potenciaradiofonicadominicana.com\/portal\/el-principal-aeropuerto-venezolano-dice-estar-listo-para-reanudacion-de-vuelos-tras-sismos\/#article","isPartOf":{"@id":"https:\/\/potenciaradiofonicadominicana.com\/portal\/el-principal-aeropuerto-venezolano-dice-estar-listo-para-reanudacion-de-vuelos-tras-sismos\/"},"author":{"name":"Potencia Radiof\u00f3nica Dominicana","@id":"https:\/\/potenciaradiofonicadominicana.com\/portal\/#\/schema\/person\/a5cf1fea13877803ee0573ac18b03490"},"headline":"El principal aeropuerto venezolano dice estar listo para reanudaci\u00f3n de vuelos tras sismos","datePublished":"2026-09-02T03:03:57+00:00","mainEntityOfPage":{"@id":"https:\/\/potenciaradiofonicadominicana.com\/portal\/el-principal-aeropuerto-venezolano-dice-estar-listo-para-reanudacion-de-vuelos-tras-sismos\/"},"wordCount":462,"publisher":{"@id":"https:\/\/potenciaradiofonicadominicana.com\/portal\/#organization"},"image":{"@id":"https:\/\/potenciaradiofonicadominicana.com\/portal\/el-principal-aeropuerto-venezolano-dice-estar-listo-para-reanudacion-de-vuelos-tras-sismos\/#primaryimage"},"thumbnailUrl":"https:\/\/potenciaradiofonicadominicana.com\/portal\/wp-content\/uploads\/2026\/09\/aeropuerto-venezuela-efe-febd088bb6a978b7a316ceb6e7b392c334796dc8w-efe8f046-focus-0-0-896-504.jpg","articleSection":["Internacional"],"inLanguage":"es"},{"@type":"WebPage","@id":"https:\/\/potenciaradiofonicadominicana.com\/portal\/el-principal-aeropuerto-venezolano-dice-estar-listo-para-reanudacion-de-vuelos-tras-sismos\/","url":"https:\/\/potenciaradiofonicadominicana.com\/portal\/el-principal-aeropuerto-venezolano-dice-estar-listo-para-reanudacion-de-vuelos-tras-sismos\/","name":"El principal aeropuerto venezolano dice estar listo para reanudaci\u00f3n de vuelos tras sismos - PotenciaRadiofonicaDominicana.com","isPartOf":{"@id":"https:\/\/potenciaradiofonicadominicana.com\/portal\/#website"},"primaryImageOfPage":{"@id":"https:\/\/potenciaradiofonicadominicana.com\/portal\/el-principal-aeropuerto-venezolano-dice-estar-listo-para-reanudacion-de-vuelos-tras-sismos\/#primaryimage"},"image":{"@id":"https:\/\/potenciaradiofonicadominicana.com\/portal\/el-principal-aeropuerto-venezolano-dice-estar-listo-para-reanudacion-de-vuelos-tras-sismos\/#primaryimage"},"thumbnailUrl":"https:\/\/potenciaradiofonicadominicana.com\/portal\/wp-content\/uploads\/2026\/09\/aeropuerto-venezuela-efe-febd088bb6a978b7a316ceb6e7b392c334796dc8w-efe8f046-focus-0-0-896-504.jpg","datePublished":"2026-09-02T03:03:57+00:00","breadcrumb":{"@id":"https:\/\/potenciaradiofonicadominicana.com\/portal\/el-principal-aeropuerto-venezolano-dice-estar-listo-para-reanudacion-de-vuelos-tras-sismos\/#breadcrumb"},"inLanguage":"es","potentialAction":[{"@type":"ReadAction","target":["https:\/\/potenciaradiofonicadominicana.com\/portal\/el-principal-aeropuerto-venezolano-dice-estar-listo-para-reanudacion-de-vuelos-tras-sismos\/"]}]},{"@type":"ImageObject","inLanguage":"es","@id":"https:\/\/potenciaradiofonicadominicana.com\/portal\/el-principal-aeropuerto-venezolano-dice-estar-listo-para-reanudacion-de-vuelos-tras-sismos\/#primaryimage","url":"https:\/\/potenciaradiofonicadominicana.com\/portal\/wp-content\/uploads\/2026\/09\/aeropuerto-venezuela-efe-febd088bb6a978b7a316ceb6e7b392c334796dc8w-efe8f046-focus-0-0-896-504.jpg","contentUrl":"https:\/\/potenciaradiofonicadominicana.com\/portal\/wp-content\/uploads\/2026\/09\/aeropuerto-venezuela-efe-febd088bb6a978b7a316ceb6e7b392c334796dc8w-efe8f046-focus-0-0-896-504.jpg","width":896,"height":504},{"@type":"BreadcrumbList","@id":"https:\/\/potenciaradiofonicadominicana.com\/portal\/el-principal-aeropuerto-venezolano-dice-estar-listo-para-reanudacion-de-vuelos-tras-sismos\/#breadcrumb","itemListElement":[{"@type":"ListItem","position":1,"name":"Portada","item":"https:\/\/potenciaradiofonicadominicana.com\/portal\/"},{"@type":"ListItem","position":2,"name":"El principal aeropuerto venezolano dice estar listo para reanudaci\u00f3n de vuelos tras sismos"}]},{"@type":"WebSite","@id":"https:\/\/potenciaradiofonicadominicana.com\/portal\/#website","url":"https:\/\/potenciaradiofonicadominicana.com\/portal\/","name":"PotenciaRadiofonicaDominicana.com","description":"Peri\u00f3dico Digital","publisher":{"@id":"https:\/\/potenciaradiofonicadominicana.com\/portal\/#organization"},"potentialAction":[{"@type":"SearchAction","target":{"@type":"EntryPoint","urlTemplate":"https:\/\/potenciaradiofonicadominicana.com\/portal\/?s={search_term_string}"},"query-input":{"@type":"PropertyValueSpecification","valueRequired":true,"valueName":"search_term_string"}}],"inLanguage":"es"},{"@type":"Organization","@id":"https:\/\/potenciaradiofonicadominicana.com\/portal\/#organization","name":"PotenciaRadiofonicaDominicana.com","url":"https:\/\/potenciaradiofonicadominicana.com\/portal\/","logo":{"@type":"ImageObject","inLanguage":"es","@id":"https:\/\/potenciaradiofonicadominicana.com\/portal\/#\/schema\/logo\/image\/","url":"https:\/\/potenciaradiofonicadominicana.com\/portal\/wp-content\/uploads\/2022\/01\/descarga.png","contentUrl":"https:\/\/potenciaradiofonicadominicana.com\/portal\/wp-content\/uploads\/2022\/01\/descarga.png","width":300,"height":100,"caption":"PotenciaRadiofonicaDominicana.com"},"image":{"@id":"https:\/\/potenciaradiofonicadominicana.com\/portal\/#\/schema\/logo\/image\/"},"sameAs":["https:\/\/web.facebook.com\/PotenciaRadiofonicaD"]},{"@type":"Person","@id":"https:\/\/potenciaradiofonicadominicana.com\/portal\/#\/schema\/person\/a5cf1fea13877803ee0573ac18b03490","name":"Potencia Radiof\u00f3nica Dominicana","image":{"@type":"ImageObject","inLanguage":"es","@id":"https:\/\/potenciaradiofonicadominicana.com\/portal\/#\/schema\/person\/image\/","url":"https:\/\/secure.gravatar.com\/avatar\/42a55ab9e8ccc656ba34cd791990602a?s=96&d=mm&r=g","contentUrl":"https:\/\/secure.gravatar.com\/avatar\/42a55ab9e8ccc656ba34cd791990602a?s=96&d=mm&r=g","caption":"Potencia Radiof\u00f3nica Dominicana"},"url":"https:\/\/potenciaradiofonicadominicana.com\/portal\/author\/johannyalmanzar\/"}]}},"_links":{"self":[{"href":"https:\/\/potenciaradiofonicadominicana.com\/portal\/wp-json\/wp\/v2\/posts\/225090","targetHints":{"allow":["GET"]}}],"collection":[{"href":"https:\/\/potenciaradiofonicadominicana.com\/portal\/wp-json\/wp\/v2\/posts"}],"about":[{"href":"https:\/\/potenciaradiofonicadominicana.com\/portal\/wp-json\/wp\/v2\/types\/post"}],"author":[{"embeddable":true,"href":"https:\/\/potenciaradiofonicadominicana.com\/portal\/wp-json\/wp\/v2\/users\/2"}],"replies":[{"embeddable":true,"href":"https:\/\/potenciaradiofonicadominicana.com\/portal\/wp-json\/wp\/v2\/comments?post=225090"}],"version-history":[{"count":1,"href":"https:\/\/potenciaradiofonicadominicana.com\/portal\/wp-json\/wp\/v2\/posts\/225090\/revisions"}],"predecessor-version":[{"id":225094,"href":"https:\/\/potenciaradiofonicadominicana.com\/portal\/wp-json\/wp\/v2\/posts\/225090\/revisions\/225094"}],"wp:featuredmedia":[{"embeddable":true,"href":"https:\/\/potenciaradiofonicadominicana.com\/portal\/wp-json\/wp\/v2\/media\/225092"}],"wp:attachment":[{"href":"https:\/\/potenciaradiofonicadominicana.com\/portal\/wp-json\/wp\/v2\/media?parent=225090"}],"wp:term":[{"taxonomy":"category","embeddable":true,"href":"https:\/\/potenciaradiofonicadominicana.com\/portal\/wp-json\/wp\/v2\/categories?post=225090"},{"taxonomy":"post_tag","embeddable":true,"href":"https:\/\/potenciaradiofonicadominicana.com\/portal\/wp-json\/wp\/v2\/tags?post=225090"}],"curies":[{"name":"wp","href":"https:\/\/api.w.org\/{rel}","templated":true}]}}