{"id":225086,"date":"2026-09-01T23:02:13","date_gmt":"2026-09-02T03:02:13","guid":{"rendered":"https:\/\/potenciaradiofonicadominicana.com\/portal\/?p=225086"},"modified":"2026-09-01T23:02:13","modified_gmt":"2026-09-02T03:02:13","slug":"expresidenta-cristina-fernandez-saluda-a-sus-seguidores-a-4-anos-del-intento-de-magnicidio","status":"publish","type":"post","link":"https:\/\/potenciaradiofonicadominicana.com\/portal\/expresidenta-cristina-fernandez-saluda-a-sus-seguidores-a-4-anos-del-intento-de-magnicidio\/","title":{"rendered":"Expresidenta Cristina Fern\u00e1ndez saluda a sus seguidores a 4 a\u00f1os del intento de magnicidio"},"content":{"rendered":"<p>&nbsp;<\/p>\n<p>&nbsp;<\/p>\n<p><a href=\"https:\/\/potenciaradiofonicadominicana.com\/portal\/wp-content\/uploads\/2026\/09\/apoyo-a-cristina-fernandez-en-prision-domiciliaria-1d89035d-focus-0-0-896-504.jpg\"><img loading=\"lazy\" decoding=\"async\" class=\"size-full wp-image-225087\" src=\"https:\/\/potenciaradiofonicadominicana.com\/portal\/wp-content\/uploads\/2026\/09\/apoyo-a-cristina-fernandez-en-prision-domiciliaria-1d89035d-focus-0-0-896-504.jpg\" alt=\"\" width=\"895\" height=\"504\" srcset=\"https:\/\/potenciaradiofonicadominicana.com\/portal\/wp-content\/uploads\/2026\/09\/apoyo-a-cristina-fernandez-en-prision-domiciliaria-1d89035d-focus-0-0-896-504.jpg 895w, https:\/\/potenciaradiofonicadominicana.com\/portal\/wp-content\/uploads\/2026\/09\/apoyo-a-cristina-fernandez-en-prision-domiciliaria-1d89035d-focus-0-0-896-504-300x169.jpg 300w, https:\/\/potenciaradiofonicadominicana.com\/portal\/wp-content\/uploads\/2026\/09\/apoyo-a-cristina-fernandez-en-prision-domiciliaria-1d89035d-focus-0-0-896-504-768x432.jpg 768w\" sizes=\"auto, (max-width: 895px) 100vw, 895px\" \/><\/a><\/p>\n<p>La\u00a0<strong>expresidenta<\/strong>\u00a0argentina\u00a0<strong>Cristina Fern\u00e1ndez<\/strong>\u00a0salud\u00f3 este martes a centenares de sus seguidores desde el apartamento en\u00a0<strong>Buenos Aires<\/strong>\u00a0donde cumple una pena de\u00a0<strong>prisi\u00f3n domiciliaria<\/strong>, a cuatro a\u00f1os del\u00a0<strong>intento de asesinato<\/strong>\u00a0contra la exmandataria.<\/p>\n<p>Sonriente,\u00a0<strong>Fern\u00e1ndez<\/strong>, quien gobern\u00f3 Argentina entre 2007 y 2015, se asom\u00f3 al balc\u00f3n para saludar a quienes se congregaron para darle su apoyo a las puertas del edificio del barrio capitalino de Constituci\u00f3n, donde desde junio de 2025 cumple con una condena a\u00a0<strong>seis a\u00f1os de prisi\u00f3n<\/strong>\u00a0por irregularidades en la concesi\u00f3n de obras viales.<\/p>\n<p>Las personas aglutinadas, pertenecientes en su mayor\u00eda a\u00a0<strong>agrupaciones pol\u00edticas kirchneristas<\/strong>, se reunieron a las puertas del domicilio de\u00a0<strong>Fern\u00e1ndez<\/strong>\u00a0para pedir su\u00a0<strong>libertad<\/strong>\u00a0y demostrarle su respaldo al cumplirse este martes cuatro a\u00f1os del\u00a0<strong>intento de magnicidio<\/strong>.<\/p>\n<p>\u00ab\u00bfC\u00f3mo puede ser que a la mujer que le dio al pueblo los mejores a\u00f1os desde la vuelta de la democracia la tengan secuestrada ah\u00ed arriba todav\u00eda?\u00bb, dijo en el acto el diputado\u00a0<strong>M\u00e1ximo Kirchner<\/strong>, hijo de la\u00a0<strong>expresidenta<\/strong>.<\/p>\n<p>El diputado cont\u00f3 que su madre \u00abtodos los d\u00edas\u00bb hace\u00a0<strong>gimnasia<\/strong>,\u00a0<strong>estudia<\/strong>\u00a0y\u00a0<strong>lee<\/strong>.<\/p>\n<p>\u00ab<strong>Cristina<\/strong>\u00a0no practica la autocompasi\u00f3n ah\u00ed arriba. Tiene la\u00a0<strong>autoestima alta<\/strong>\u00ab, asegur\u00f3.<\/p>\n<p>El\u00a0<strong>intento de asesinato<\/strong>\u00a0contra\u00a0<strong>Fern\u00e1ndez<\/strong>\u00a0ocurri\u00f3 el\u00a0<strong>1 de septiembre de 2022<\/strong>\u00a0frente al que entonces era su domicilio, en el barrio capitalino de\u00a0<strong>Recoleta<\/strong>, cuando saludaba a seguidores que se concentraban en la zona, donde un hombre le dispar\u00f3 sin llegar a herirla.<\/p>\n<p>En\u00a0<strong>octubre de 2025<\/strong>, la Justicia argentina solo conden\u00f3 a dos personas por el atentado: el brasile\u00f1o\u00a0<strong>Fernando Sabag Montiel<\/strong>, autor material del ataque, y su pareja,\u00a0<strong>Brenda Uliarte<\/strong>.<\/p>\n<p>El ataque fue perpetrado cuando\u00a0<strong>Fern\u00e1ndez<\/strong>\u00a0-que entonces era\u00a0<strong>vicepresidenta<\/strong>\u00a0del pa\u00eds- atravesaba el tramo final del juicio oral en su contra en la denominada\u00a0<strong>causa &#8216;Vialidad&#8217;<\/strong>, por la que finalmente fue condenada en diciembre de 2022 a\u00a0<strong>seis a\u00f1os de prisi\u00f3n<\/strong>\u00a0e inhabilitaci\u00f3n perpetua para ejercer cargos p\u00fablicos.<\/p>\n<p>El\u00a0<strong>10 de junio de 2025<\/strong>\u00a0la\u00a0<strong>Corte Suprema<\/strong>\u00a0ratific\u00f3 esa sentencia contra\u00a0<strong>Fern\u00e1ndez<\/strong>, y una semana despu\u00e9s, el\u00a0<strong>17 de junio de 2025<\/strong>, la exmandataria comenz\u00f3 a cumplir la condena en su domicilio de Constituci\u00f3n, sitio que se ha convertido en punto de peregrinaci\u00f3n para los seguidores de la\u00a0<strong>expresidenta<\/strong>.<\/p>\n<p><strong>Fern\u00e1ndez<\/strong>, de 73 a\u00f1os y que se mantiene como una de las m\u00e1ximas figuras del\u00a0<strong>peronismo<\/strong>, principal fuerza de oposici\u00f3n al Gobierno del ultraderechista\u00a0<strong>Javier Milei<\/strong>, siempre ha aseverado ser blanco de una trama de &#8216;lawfare&#8217; (hostigamiento judicial y pol\u00edtico).<\/p>\n","protected":false},"excerpt":{"rendered":"<p>&nbsp; &nbsp; La\u00a0expresidenta\u00a0argentina\u00a0Cristina Fern\u00e1ndez\u00a0salud\u00f3 este martes a centenares de sus seguidores desde el apartamento en\u00a0Buenos Aires\u00a0donde cumple una pena de\u00a0prisi\u00f3n &#8230;<\/p>\n","protected":false},"author":2,"featured_media":225087,"comment_status":"closed","ping_status":"closed","sticky":false,"template":"","format":"standard","meta":{"footnotes":""},"categories":[30],"tags":[],"class_list":["post-225086","post","type-post","status-publish","format-standard","has-post-thumbnail","hentry","category-internacional"],"yoast_head":"<!-- This site is optimized with the Yoast SEO plugin v24.8.1 - https:\/\/yoast.com\/wordpress\/plugins\/seo\/ -->\n<title>Expresidenta Cristina Fern\u00e1ndez saluda a sus seguidores a 4 a\u00f1os del intento de magnicidio - PotenciaRadiofonicaDominicana.com<\/title>\n<meta name=\"robots\" content=\"index, follow, max-snippet:-1, max-image-preview:large, max-video-preview:-1\" \/>\n<link rel=\"canonical\" href=\"https:\/\/potenciaradiofonicadominicana.com\/portal\/expresidenta-cristina-fernandez-saluda-a-sus-seguidores-a-4-anos-del-intento-de-magnicidio\/\" \/>\n<meta property=\"og:locale\" content=\"es_ES\" \/>\n<meta property=\"og:type\" content=\"article\" \/>\n<meta property=\"og:title\" content=\"Expresidenta Cristina Fern\u00e1ndez saluda a sus seguidores a 4 a\u00f1os del intento de magnicidio - PotenciaRadiofonicaDominicana.com\" \/>\n<meta property=\"og:description\" content=\"&nbsp; &nbsp; La\u00a0expresidenta\u00a0argentina\u00a0Cristina Fern\u00e1ndez\u00a0salud\u00f3 este martes a centenares de sus seguidores desde el apartamento en\u00a0Buenos Aires\u00a0donde cumple una pena de\u00a0prisi\u00f3n ...\" \/>\n<meta property=\"og:url\" content=\"https:\/\/potenciaradiofonicadominicana.com\/portal\/expresidenta-cristina-fernandez-saluda-a-sus-seguidores-a-4-anos-del-intento-de-magnicidio\/\" \/>\n<meta property=\"og:site_name\" content=\"PotenciaRadiofonicaDominicana.com\" \/>\n<meta property=\"article:publisher\" content=\"https:\/\/web.facebook.com\/PotenciaRadiofonicaD\" \/>\n<meta property=\"article:published_time\" content=\"2026-09-02T03:02:13+00:00\" \/>\n<meta property=\"og:image\" content=\"https:\/\/potenciaradiofonicadominicana.com\/portal\/wp-content\/uploads\/2026\/09\/apoyo-a-cristina-fernandez-en-prision-domiciliaria-1d89035d-focus-0-0-896-504.jpg\" \/>\n\t<meta property=\"og:image:width\" content=\"895\" \/>\n\t<meta property=\"og:image:height\" content=\"504\" \/>\n\t<meta property=\"og:image:type\" content=\"image\/jpeg\" \/>\n<meta name=\"author\" content=\"Potencia Radiof\u00f3nica Dominicana\" \/>\n<meta name=\"twitter:card\" content=\"summary_large_image\" \/>\n<meta name=\"twitter:label1\" content=\"Escrito por\" \/>\n\t<meta name=\"twitter:data1\" content=\"Potencia Radiof\u00f3nica Dominicana\" \/>\n\t<meta name=\"twitter:label2\" content=\"Tiempo de lectura\" \/>\n\t<meta name=\"twitter:data2\" content=\"3 minutos\" \/>\n<script type=\"application\/ld+json\" class=\"yoast-schema-graph\">{\"@context\":\"https:\/\/schema.org\",\"@graph\":[{\"@type\":\"Article\",\"@id\":\"https:\/\/potenciaradiofonicadominicana.com\/portal\/expresidenta-cristina-fernandez-saluda-a-sus-seguidores-a-4-anos-del-intento-de-magnicidio\/#article\",\"isPartOf\":{\"@id\":\"https:\/\/potenciaradiofonicadominicana.com\/portal\/expresidenta-cristina-fernandez-saluda-a-sus-seguidores-a-4-anos-del-intento-de-magnicidio\/\"},\"author\":{\"name\":\"Potencia Radiof\u00f3nica Dominicana\",\"@id\":\"https:\/\/potenciaradiofonicadominicana.com\/portal\/#\/schema\/person\/a5cf1fea13877803ee0573ac18b03490\"},\"headline\":\"Expresidenta Cristina Fern\u00e1ndez saluda a sus seguidores a 4 a\u00f1os del intento de magnicidio\",\"datePublished\":\"2026-09-02T03:02:13+00:00\",\"mainEntityOfPage\":{\"@id\":\"https:\/\/potenciaradiofonicadominicana.com\/portal\/expresidenta-cristina-fernandez-saluda-a-sus-seguidores-a-4-anos-del-intento-de-magnicidio\/\"},\"wordCount\":449,\"publisher\":{\"@id\":\"https:\/\/potenciaradiofonicadominicana.com\/portal\/#organization\"},\"image\":{\"@id\":\"https:\/\/potenciaradiofonicadominicana.com\/portal\/expresidenta-cristina-fernandez-saluda-a-sus-seguidores-a-4-anos-del-intento-de-magnicidio\/#primaryimage\"},\"thumbnailUrl\":\"https:\/\/potenciaradiofonicadominicana.com\/portal\/wp-content\/uploads\/2026\/09\/apoyo-a-cristina-fernandez-en-prision-domiciliaria-1d89035d-focus-0-0-896-504.jpg\",\"articleSection\":[\"Internacional\"],\"inLanguage\":\"es\"},{\"@type\":\"WebPage\",\"@id\":\"https:\/\/potenciaradiofonicadominicana.com\/portal\/expresidenta-cristina-fernandez-saluda-a-sus-seguidores-a-4-anos-del-intento-de-magnicidio\/\",\"url\":\"https:\/\/potenciaradiofonicadominicana.com\/portal\/expresidenta-cristina-fernandez-saluda-a-sus-seguidores-a-4-anos-del-intento-de-magnicidio\/\",\"name\":\"Expresidenta Cristina Fern\u00e1ndez saluda a sus seguidores a 4 a\u00f1os del intento de magnicidio - PotenciaRadiofonicaDominicana.com\",\"isPartOf\":{\"@id\":\"https:\/\/potenciaradiofonicadominicana.com\/portal\/#website\"},\"primaryImageOfPage\":{\"@id\":\"https:\/\/potenciaradiofonicadominicana.com\/portal\/expresidenta-cristina-fernandez-saluda-a-sus-seguidores-a-4-anos-del-intento-de-magnicidio\/#primaryimage\"},\"image\":{\"@id\":\"https:\/\/potenciaradiofonicadominicana.com\/portal\/expresidenta-cristina-fernandez-saluda-a-sus-seguidores-a-4-anos-del-intento-de-magnicidio\/#primaryimage\"},\"thumbnailUrl\":\"https:\/\/potenciaradiofonicadominicana.com\/portal\/wp-content\/uploads\/2026\/09\/apoyo-a-cristina-fernandez-en-prision-domiciliaria-1d89035d-focus-0-0-896-504.jpg\",\"datePublished\":\"2026-09-02T03:02:13+00:00\",\"breadcrumb\":{\"@id\":\"https:\/\/potenciaradiofonicadominicana.com\/portal\/expresidenta-cristina-fernandez-saluda-a-sus-seguidores-a-4-anos-del-intento-de-magnicidio\/#breadcrumb\"},\"inLanguage\":\"es\",\"potentialAction\":[{\"@type\":\"ReadAction\",\"target\":[\"https:\/\/potenciaradiofonicadominicana.com\/portal\/expresidenta-cristina-fernandez-saluda-a-sus-seguidores-a-4-anos-del-intento-de-magnicidio\/\"]}]},{\"@type\":\"ImageObject\",\"inLanguage\":\"es\",\"@id\":\"https:\/\/potenciaradiofonicadominicana.com\/portal\/expresidenta-cristina-fernandez-saluda-a-sus-seguidores-a-4-anos-del-intento-de-magnicidio\/#primaryimage\",\"url\":\"https:\/\/potenciaradiofonicadominicana.com\/portal\/wp-content\/uploads\/2026\/09\/apoyo-a-cristina-fernandez-en-prision-domiciliaria-1d89035d-focus-0-0-896-504.jpg\",\"contentUrl\":\"https:\/\/potenciaradiofonicadominicana.com\/portal\/wp-content\/uploads\/2026\/09\/apoyo-a-cristina-fernandez-en-prision-domiciliaria-1d89035d-focus-0-0-896-504.jpg\",\"width\":895,\"height\":504,\"caption\":\"AME3809. BUENOS AIRES (ARGENTINA), 01\/09\/2026.- La expresidenta de Argentina Cristina Fern\u00e1ndez saluda a sus seguidores desde el balc\u00f3n de su casa al cumplirse cuatro a\u00f1os de su intento de asesinato, este martes en Buenos Aires (Argentina). EFE\/ Juan Ignacio Roncoroni\"},{\"@type\":\"BreadcrumbList\",\"@id\":\"https:\/\/potenciaradiofonicadominicana.com\/portal\/expresidenta-cristina-fernandez-saluda-a-sus-seguidores-a-4-anos-del-intento-de-magnicidio\/#breadcrumb\",\"itemListElement\":[{\"@type\":\"ListItem\",\"position\":1,\"name\":\"Portada\",\"item\":\"https:\/\/potenciaradiofonicadominicana.com\/portal\/\"},{\"@type\":\"ListItem\",\"position\":2,\"name\":\"Expresidenta Cristina Fern\u00e1ndez saluda a sus seguidores a 4 a\u00f1os del intento de magnicidio\"}]},{\"@type\":\"WebSite\",\"@id\":\"https:\/\/potenciaradiofonicadominicana.com\/portal\/#website\",\"url\":\"https:\/\/potenciaradiofonicadominicana.com\/portal\/\",\"name\":\"PotenciaRadiofonicaDominicana.com\",\"description\":\"Peri\u00f3dico Digital\",\"publisher\":{\"@id\":\"https:\/\/potenciaradiofonicadominicana.com\/portal\/#organization\"},\"potentialAction\":[{\"@type\":\"SearchAction\",\"target\":{\"@type\":\"EntryPoint\",\"urlTemplate\":\"https:\/\/potenciaradiofonicadominicana.com\/portal\/?s={search_term_string}\"},\"query-input\":{\"@type\":\"PropertyValueSpecification\",\"valueRequired\":true,\"valueName\":\"search_term_string\"}}],\"inLanguage\":\"es\"},{\"@type\":\"Organization\",\"@id\":\"https:\/\/potenciaradiofonicadominicana.com\/portal\/#organization\",\"name\":\"PotenciaRadiofonicaDominicana.com\",\"url\":\"https:\/\/potenciaradiofonicadominicana.com\/portal\/\",\"logo\":{\"@type\":\"ImageObject\",\"inLanguage\":\"es\",\"@id\":\"https:\/\/potenciaradiofonicadominicana.com\/portal\/#\/schema\/logo\/image\/\",\"url\":\"https:\/\/potenciaradiofonicadominicana.com\/portal\/wp-content\/uploads\/2022\/01\/descarga.png\",\"contentUrl\":\"https:\/\/potenciaradiofonicadominicana.com\/portal\/wp-content\/uploads\/2022\/01\/descarga.png\",\"width\":300,\"height\":100,\"caption\":\"PotenciaRadiofonicaDominicana.com\"},\"image\":{\"@id\":\"https:\/\/potenciaradiofonicadominicana.com\/portal\/#\/schema\/logo\/image\/\"},\"sameAs\":[\"https:\/\/web.facebook.com\/PotenciaRadiofonicaD\"]},{\"@type\":\"Person\",\"@id\":\"https:\/\/potenciaradiofonicadominicana.com\/portal\/#\/schema\/person\/a5cf1fea13877803ee0573ac18b03490\",\"name\":\"Potencia Radiof\u00f3nica Dominicana\",\"image\":{\"@type\":\"ImageObject\",\"inLanguage\":\"es\",\"@id\":\"https:\/\/potenciaradiofonicadominicana.com\/portal\/#\/schema\/person\/image\/\",\"url\":\"https:\/\/secure.gravatar.com\/avatar\/42a55ab9e8ccc656ba34cd791990602a?s=96&d=mm&r=g\",\"contentUrl\":\"https:\/\/secure.gravatar.com\/avatar\/42a55ab9e8ccc656ba34cd791990602a?s=96&d=mm&r=g\",\"caption\":\"Potencia Radiof\u00f3nica Dominicana\"},\"url\":\"https:\/\/potenciaradiofonicadominicana.com\/portal\/author\/johannyalmanzar\/\"}]}<\/script>\n<!-- \/ Yoast SEO plugin. -->","yoast_head_json":{"title":"Expresidenta Cristina Fern\u00e1ndez saluda a sus seguidores a 4 a\u00f1os del intento de magnicidio - PotenciaRadiofonicaDominicana.com","robots":{"index":"index","follow":"follow","max-snippet":"max-snippet:-1","max-image-preview":"max-image-preview:large","max-video-preview":"max-video-preview:-1"},"canonical":"https:\/\/potenciaradiofonicadominicana.com\/portal\/expresidenta-cristina-fernandez-saluda-a-sus-seguidores-a-4-anos-del-intento-de-magnicidio\/","og_locale":"es_ES","og_type":"article","og_title":"Expresidenta Cristina Fern\u00e1ndez saluda a sus seguidores a 4 a\u00f1os del intento de magnicidio - PotenciaRadiofonicaDominicana.com","og_description":"&nbsp; &nbsp; La\u00a0expresidenta\u00a0argentina\u00a0Cristina Fern\u00e1ndez\u00a0salud\u00f3 este martes a centenares de sus seguidores desde el apartamento en\u00a0Buenos Aires\u00a0donde cumple una pena de\u00a0prisi\u00f3n ...","og_url":"https:\/\/potenciaradiofonicadominicana.com\/portal\/expresidenta-cristina-fernandez-saluda-a-sus-seguidores-a-4-anos-del-intento-de-magnicidio\/","og_site_name":"PotenciaRadiofonicaDominicana.com","article_publisher":"https:\/\/web.facebook.com\/PotenciaRadiofonicaD","article_published_time":"2026-09-02T03:02:13+00:00","og_image":[{"width":895,"height":504,"url":"https:\/\/potenciaradiofonicadominicana.com\/portal\/wp-content\/uploads\/2026\/09\/apoyo-a-cristina-fernandez-en-prision-domiciliaria-1d89035d-focus-0-0-896-504.jpg","type":"image\/jpeg"}],"author":"Potencia Radiof\u00f3nica Dominicana","twitter_card":"summary_large_image","twitter_misc":{"Escrito por":"Potencia Radiof\u00f3nica Dominicana","Tiempo de lectura":"3 minutos"},"schema":{"@context":"https:\/\/schema.org","@graph":[{"@type":"Article","@id":"https:\/\/potenciaradiofonicadominicana.com\/portal\/expresidenta-cristina-fernandez-saluda-a-sus-seguidores-a-4-anos-del-intento-de-magnicidio\/#article","isPartOf":{"@id":"https:\/\/potenciaradiofonicadominicana.com\/portal\/expresidenta-cristina-fernandez-saluda-a-sus-seguidores-a-4-anos-del-intento-de-magnicidio\/"},"author":{"name":"Potencia Radiof\u00f3nica Dominicana","@id":"https:\/\/potenciaradiofonicadominicana.com\/portal\/#\/schema\/person\/a5cf1fea13877803ee0573ac18b03490"},"headline":"Expresidenta Cristina Fern\u00e1ndez saluda a sus seguidores a 4 a\u00f1os del intento de magnicidio","datePublished":"2026-09-02T03:02:13+00:00","mainEntityOfPage":{"@id":"https:\/\/potenciaradiofonicadominicana.com\/portal\/expresidenta-cristina-fernandez-saluda-a-sus-seguidores-a-4-anos-del-intento-de-magnicidio\/"},"wordCount":449,"publisher":{"@id":"https:\/\/potenciaradiofonicadominicana.com\/portal\/#organization"},"image":{"@id":"https:\/\/potenciaradiofonicadominicana.com\/portal\/expresidenta-cristina-fernandez-saluda-a-sus-seguidores-a-4-anos-del-intento-de-magnicidio\/#primaryimage"},"thumbnailUrl":"https:\/\/potenciaradiofonicadominicana.com\/portal\/wp-content\/uploads\/2026\/09\/apoyo-a-cristina-fernandez-en-prision-domiciliaria-1d89035d-focus-0-0-896-504.jpg","articleSection":["Internacional"],"inLanguage":"es"},{"@type":"WebPage","@id":"https:\/\/potenciaradiofonicadominicana.com\/portal\/expresidenta-cristina-fernandez-saluda-a-sus-seguidores-a-4-anos-del-intento-de-magnicidio\/","url":"https:\/\/potenciaradiofonicadominicana.com\/portal\/expresidenta-cristina-fernandez-saluda-a-sus-seguidores-a-4-anos-del-intento-de-magnicidio\/","name":"Expresidenta Cristina Fern\u00e1ndez saluda a sus seguidores a 4 a\u00f1os del intento de magnicidio - PotenciaRadiofonicaDominicana.com","isPartOf":{"@id":"https:\/\/potenciaradiofonicadominicana.com\/portal\/#website"},"primaryImageOfPage":{"@id":"https:\/\/potenciaradiofonicadominicana.com\/portal\/expresidenta-cristina-fernandez-saluda-a-sus-seguidores-a-4-anos-del-intento-de-magnicidio\/#primaryimage"},"image":{"@id":"https:\/\/potenciaradiofonicadominicana.com\/portal\/expresidenta-cristina-fernandez-saluda-a-sus-seguidores-a-4-anos-del-intento-de-magnicidio\/#primaryimage"},"thumbnailUrl":"https:\/\/potenciaradiofonicadominicana.com\/portal\/wp-content\/uploads\/2026\/09\/apoyo-a-cristina-fernandez-en-prision-domiciliaria-1d89035d-focus-0-0-896-504.jpg","datePublished":"2026-09-02T03:02:13+00:00","breadcrumb":{"@id":"https:\/\/potenciaradiofonicadominicana.com\/portal\/expresidenta-cristina-fernandez-saluda-a-sus-seguidores-a-4-anos-del-intento-de-magnicidio\/#breadcrumb"},"inLanguage":"es","potentialAction":[{"@type":"ReadAction","target":["https:\/\/potenciaradiofonicadominicana.com\/portal\/expresidenta-cristina-fernandez-saluda-a-sus-seguidores-a-4-anos-del-intento-de-magnicidio\/"]}]},{"@type":"ImageObject","inLanguage":"es","@id":"https:\/\/potenciaradiofonicadominicana.com\/portal\/expresidenta-cristina-fernandez-saluda-a-sus-seguidores-a-4-anos-del-intento-de-magnicidio\/#primaryimage","url":"https:\/\/potenciaradiofonicadominicana.com\/portal\/wp-content\/uploads\/2026\/09\/apoyo-a-cristina-fernandez-en-prision-domiciliaria-1d89035d-focus-0-0-896-504.jpg","contentUrl":"https:\/\/potenciaradiofonicadominicana.com\/portal\/wp-content\/uploads\/2026\/09\/apoyo-a-cristina-fernandez-en-prision-domiciliaria-1d89035d-focus-0-0-896-504.jpg","width":895,"height":504,"caption":"AME3809. BUENOS AIRES (ARGENTINA), 01\/09\/2026.- La expresidenta de Argentina Cristina Fern\u00e1ndez saluda a sus seguidores desde el balc\u00f3n de su casa al cumplirse cuatro a\u00f1os de su intento de asesinato, este martes en Buenos Aires (Argentina). EFE\/ Juan Ignacio Roncoroni"},{"@type":"BreadcrumbList","@id":"https:\/\/potenciaradiofonicadominicana.com\/portal\/expresidenta-cristina-fernandez-saluda-a-sus-seguidores-a-4-anos-del-intento-de-magnicidio\/#breadcrumb","itemListElement":[{"@type":"ListItem","position":1,"name":"Portada","item":"https:\/\/potenciaradiofonicadominicana.com\/portal\/"},{"@type":"ListItem","position":2,"name":"Expresidenta Cristina Fern\u00e1ndez saluda a sus seguidores a 4 a\u00f1os del intento de magnicidio"}]},{"@type":"WebSite","@id":"https:\/\/potenciaradiofonicadominicana.com\/portal\/#website","url":"https:\/\/potenciaradiofonicadominicana.com\/portal\/","name":"PotenciaRadiofonicaDominicana.com","description":"Peri\u00f3dico Digital","publisher":{"@id":"https:\/\/potenciaradiofonicadominicana.com\/portal\/#organization"},"potentialAction":[{"@type":"SearchAction","target":{"@type":"EntryPoint","urlTemplate":"https:\/\/potenciaradiofonicadominicana.com\/portal\/?s={search_term_string}"},"query-input":{"@type":"PropertyValueSpecification","valueRequired":true,"valueName":"search_term_string"}}],"inLanguage":"es"},{"@type":"Organization","@id":"https:\/\/potenciaradiofonicadominicana.com\/portal\/#organization","name":"PotenciaRadiofonicaDominicana.com","url":"https:\/\/potenciaradiofonicadominicana.com\/portal\/","logo":{"@type":"ImageObject","inLanguage":"es","@id":"https:\/\/potenciaradiofonicadominicana.com\/portal\/#\/schema\/logo\/image\/","url":"https:\/\/potenciaradiofonicadominicana.com\/portal\/wp-content\/uploads\/2022\/01\/descarga.png","contentUrl":"https:\/\/potenciaradiofonicadominicana.com\/portal\/wp-content\/uploads\/2022\/01\/descarga.png","width":300,"height":100,"caption":"PotenciaRadiofonicaDominicana.com"},"image":{"@id":"https:\/\/potenciaradiofonicadominicana.com\/portal\/#\/schema\/logo\/image\/"},"sameAs":["https:\/\/web.facebook.com\/PotenciaRadiofonicaD"]},{"@type":"Person","@id":"https:\/\/potenciaradiofonicadominicana.com\/portal\/#\/schema\/person\/a5cf1fea13877803ee0573ac18b03490","name":"Potencia Radiof\u00f3nica Dominicana","image":{"@type":"ImageObject","inLanguage":"es","@id":"https:\/\/potenciaradiofonicadominicana.com\/portal\/#\/schema\/person\/image\/","url":"https:\/\/secure.gravatar.com\/avatar\/42a55ab9e8ccc656ba34cd791990602a?s=96&d=mm&r=g","contentUrl":"https:\/\/secure.gravatar.com\/avatar\/42a55ab9e8ccc656ba34cd791990602a?s=96&d=mm&r=g","caption":"Potencia Radiof\u00f3nica Dominicana"},"url":"https:\/\/potenciaradiofonicadominicana.com\/portal\/author\/johannyalmanzar\/"}]}},"_links":{"self":[{"href":"https:\/\/potenciaradiofonicadominicana.com\/portal\/wp-json\/wp\/v2\/posts\/225086","targetHints":{"allow":["GET"]}}],"collection":[{"href":"https:\/\/potenciaradiofonicadominicana.com\/portal\/wp-json\/wp\/v2\/posts"}],"about":[{"href":"https:\/\/potenciaradiofonicadominicana.com\/portal\/wp-json\/wp\/v2\/types\/post"}],"author":[{"embeddable":true,"href":"https:\/\/potenciaradiofonicadominicana.com\/portal\/wp-json\/wp\/v2\/users\/2"}],"replies":[{"embeddable":true,"href":"https:\/\/potenciaradiofonicadominicana.com\/portal\/wp-json\/wp\/v2\/comments?post=225086"}],"version-history":[{"count":1,"href":"https:\/\/potenciaradiofonicadominicana.com\/portal\/wp-json\/wp\/v2\/posts\/225086\/revisions"}],"predecessor-version":[{"id":225089,"href":"https:\/\/potenciaradiofonicadominicana.com\/portal\/wp-json\/wp\/v2\/posts\/225086\/revisions\/225089"}],"wp:featuredmedia":[{"embeddable":true,"href":"https:\/\/potenciaradiofonicadominicana.com\/portal\/wp-json\/wp\/v2\/media\/225087"}],"wp:attachment":[{"href":"https:\/\/potenciaradiofonicadominicana.com\/portal\/wp-json\/wp\/v2\/media?parent=225086"}],"wp:term":[{"taxonomy":"category","embeddable":true,"href":"https:\/\/potenciaradiofonicadominicana.com\/portal\/wp-json\/wp\/v2\/categories?post=225086"},{"taxonomy":"post_tag","embeddable":true,"href":"https:\/\/potenciaradiofonicadominicana.com\/portal\/wp-json\/wp\/v2\/tags?post=225086"}],"curies":[{"name":"wp","href":"https:\/\/api.w.org\/{rel}","templated":true}]}}