{"id":225081,"date":"2026-09-01T22:59:39","date_gmt":"2026-09-02T02:59:39","guid":{"rendered":"https:\/\/potenciaradiofonicadominicana.com\/portal\/?p=225081"},"modified":"2026-09-01T23:00:08","modified_gmt":"2026-09-02T03:00:08","slug":"iran-vuelve-a-atacar-objetivos-estadounidenses-en-oriente-medio","status":"publish","type":"post","link":"https:\/\/potenciaradiofonicadominicana.com\/portal\/iran-vuelve-a-atacar-objetivos-estadounidenses-en-oriente-medio\/","title":{"rendered":"Ir\u00e1n vuelve a atacar objetivos estadounidenses en Oriente Medio"},"content":{"rendered":"<p><a href=\"https:\/\/potenciaradiofonicadominicana.com\/portal\/wp-content\/uploads\/2026\/09\/mujer-bandera-iran-efe-3a70051e3d6f55a84f1a6ce2d371df9641a61f8cw-eb43dde8-focus-0-0-896-504.jpg\"><img loading=\"lazy\" decoding=\"async\" class=\"alignnone size-full wp-image-225083\" src=\"https:\/\/potenciaradiofonicadominicana.com\/portal\/wp-content\/uploads\/2026\/09\/mujer-bandera-iran-efe-3a70051e3d6f55a84f1a6ce2d371df9641a61f8cw-eb43dde8-focus-0-0-896-504.jpg\" alt=\"\" width=\"896\" height=\"504\" srcset=\"https:\/\/potenciaradiofonicadominicana.com\/portal\/wp-content\/uploads\/2026\/09\/mujer-bandera-iran-efe-3a70051e3d6f55a84f1a6ce2d371df9641a61f8cw-eb43dde8-focus-0-0-896-504.jpg 896w, https:\/\/potenciaradiofonicadominicana.com\/portal\/wp-content\/uploads\/2026\/09\/mujer-bandera-iran-efe-3a70051e3d6f55a84f1a6ce2d371df9641a61f8cw-eb43dde8-focus-0-0-896-504-300x169.jpg 300w, https:\/\/potenciaradiofonicadominicana.com\/portal\/wp-content\/uploads\/2026\/09\/mujer-bandera-iran-efe-3a70051e3d6f55a84f1a6ce2d371df9641a61f8cw-eb43dde8-focus-0-0-896-504-768x432.jpg 768w\" sizes=\"auto, (max-width: 896px) 100vw, 896px\" \/><\/a><\/p>\n<p>Ir\u00e1n\u00a0volvi\u00f3 a\u00a0atacar bases estadounidenses\u00a0en\u00a0Oriente Medio\u00a0entre la noche de este martes y mi\u00e9rcoles como represalia a los bombardeos previos lanzados por\u00a0Washington\u00a0sobre el pa\u00eds persa.<\/p>\n<p>La\u00a0Guardia Revolucionaria Isl\u00e1mica de Ir\u00e1n\u00a0(CGRI) asegur\u00f3 en diversos comunicados, publicados por agencias iran\u00edes, que dispar\u00f3\u00a0drones\u00a0y\u00a0misiles\u00a0contra instalaciones militares de\u00a0EE. UU.\u00a0en Jordania, Bar\u00e9in, Kuwait e Irak.<\/p>\n<p>El portavoz de la IRGC,\u00a0Ebrahim Zolfaghari, declar\u00f3 en un v\u00eddeo, publicado por Fars, que los ataques iran\u00edes provocaron \u00abgraves da\u00f1os\u00a0a la infraestructura, instalaciones, armas y equipo\u00bb de bases estadounidenses y que dej\u00f3 \u00abun\u00a0n\u00famero significativo\u00bb de muertos o heridos, sin precisar m\u00e1s detalles que respalden su afirmaci\u00f3n.<\/p>\n<p>Zolfaghari advirti\u00f3 que\u00a0responder\u00e1n\u00a0a los ataques estadounidenses de manera \u00absevera y devastadora\u00bb y dijo que los pa\u00edses que cooperen con\u00a0Washington\u00a0\u00abdeber\u00e1 aceptar las consecuencias\u00bb de sus acciones.<\/p>\n<p>El\u00a0primer ataque\u00a0iran\u00ed se dirigi\u00f3 contra\u00a0Camp Titin, una\u00a0base estadounidense\u00a0del cuerpo de marines en Jordania, con\u00a0misiles bal\u00edsticos pesados.<\/p>\n<p>El\u00a0Ej\u00e9rcito de Jordania\u00a0asegur\u00f3 en un comunicado que fueron\u00a0interceptados diez\u00a0de los\u00a0misiles\u00a0iran\u00edes, mientras que otros\u00a0tres impactaron\u00a0en zonas \u00abalejadas de centros poblados\u00bb son provocar v\u00edctimas.<\/p>\n<p>Posteriormente,\u00a0Ir\u00e1n\u00a0tambi\u00e9n atac\u00f3 con\u00a0drones\u00a0las instalaciones de la\u00a0base estadounidense en Bar\u00e9in\u00a0y dijo que lanz\u00f3\u00a0misiles\u00a0y\u00a0drones\u00a0contra instalaciones militares estadounidenses cerca de la ciudad iraqu\u00ed de Erbil.<\/p>\n<p>Por su parte, el\u00a0Ej\u00e9rcito de Kuwait\u00a0dijo a primeras horas de este mi\u00e9rcoles que sus sistemas de defensa a\u00e9reos se encontraban interceptando\u00a0drones\u00a0procedentes de\u00a0Ir\u00e1n.<\/p>\n<p>\u00abLas\u00a0defensas a\u00e9reas kuwait\u00edes\u00a0se enfrentan a ataques de\u00a0aviones no tripulados\u00a0hostiles, como consecuencia de la condenable agresi\u00f3n de\u00a0Ir\u00e1n\u00bb, comunic\u00f3 el Ej\u00e9rcito en un mensaje de X.<\/p>\n<p>Teher\u00e1n responde as\u00ed a los\u00a0bombardeos estadounidenses\u00a0recibidos este martes, el\u00a0segundo ataque\u00a0en menos de 48 horas despu\u00e9s de un mes sin que trascendieran\u00a0agresiones cruzadas.<\/p>\n<p>Washington\u00a0dijo atacar \u00abobjetivos del Cuerpo de la\u00a0Guardia Revolucionaria Isl\u00e1mica\u00bb, sin precisar cu\u00e1les, mientras que la Guardia Revolucionaria asegur\u00f3 que los bombardeos alcanzaron una\u00a0casa residencial\u00a0en Sirik, cerca del\u00a0estrecho de Ormuz, dejando varios muertos, sin especificar cu\u00e1ntos, y al menos 50 heridos.<\/p>\n<p>EE. UU.\u00a0justific\u00f3 su ataque de hoy para contrarrestar los \u00abintentos de agresi\u00f3n\u00bb de\u00a0Ir\u00e1n\u00a0\u00abcontra el transporte mar\u00edtimo comercial en el\u00a0estrecho de Ormuz\u00a0y contra los miembros del servicio militar estadounidense desplegados en la regi\u00f3n\u00bb.<\/p>\n<p>La primera agresi\u00f3n, que tuvo lugar el pasado domingo, se dirigi\u00f3 contra la\u00a0isla iran\u00ed de Larak, desde donde Teher\u00e1n se preparaba para lanzar cohetes cargados con minas marinas al\u00a0estrecho de Ormuz, seg\u00fan\u00a0Washington, en un ataque en el que murieron\u00a0dos personas.<\/p>\n","protected":false},"excerpt":{"rendered":"<p>Ir\u00e1n\u00a0volvi\u00f3 a\u00a0atacar bases estadounidenses\u00a0en\u00a0Oriente Medio\u00a0entre la noche de este martes y mi\u00e9rcoles como represalia a los bombardeos previos lanzados por\u00a0Washington\u00a0sobre &#8230;<\/p>\n","protected":false},"author":2,"featured_media":225083,"comment_status":"closed","ping_status":"closed","sticky":false,"template":"","format":"standard","meta":{"footnotes":""},"categories":[30],"tags":[],"class_list":["post-225081","post","type-post","status-publish","format-standard","has-post-thumbnail","hentry","category-internacional"],"yoast_head":"<!-- This site is optimized with the Yoast SEO plugin v24.8.1 - https:\/\/yoast.com\/wordpress\/plugins\/seo\/ -->\n<title>Ir\u00e1n vuelve a atacar objetivos estadounidenses en Oriente Medio - PotenciaRadiofonicaDominicana.com<\/title>\n<meta name=\"robots\" content=\"index, follow, max-snippet:-1, max-image-preview:large, max-video-preview:-1\" \/>\n<link rel=\"canonical\" href=\"https:\/\/potenciaradiofonicadominicana.com\/portal\/iran-vuelve-a-atacar-objetivos-estadounidenses-en-oriente-medio\/\" \/>\n<meta property=\"og:locale\" content=\"es_ES\" \/>\n<meta property=\"og:type\" content=\"article\" \/>\n<meta property=\"og:title\" content=\"Ir\u00e1n vuelve a atacar objetivos estadounidenses en Oriente Medio - PotenciaRadiofonicaDominicana.com\" \/>\n<meta property=\"og:description\" content=\"Ir\u00e1n\u00a0volvi\u00f3 a\u00a0atacar bases estadounidenses\u00a0en\u00a0Oriente Medio\u00a0entre la noche de este martes y mi\u00e9rcoles como represalia a los bombardeos previos lanzados por\u00a0Washington\u00a0sobre ...\" \/>\n<meta property=\"og:url\" content=\"https:\/\/potenciaradiofonicadominicana.com\/portal\/iran-vuelve-a-atacar-objetivos-estadounidenses-en-oriente-medio\/\" \/>\n<meta property=\"og:site_name\" content=\"PotenciaRadiofonicaDominicana.com\" \/>\n<meta property=\"article:publisher\" content=\"https:\/\/web.facebook.com\/PotenciaRadiofonicaD\" \/>\n<meta property=\"article:published_time\" content=\"2026-09-02T02:59:39+00:00\" \/>\n<meta property=\"article:modified_time\" content=\"2026-09-02T03:00:08+00:00\" \/>\n<meta property=\"og:image\" content=\"https:\/\/potenciaradiofonicadominicana.com\/portal\/wp-content\/uploads\/2026\/09\/mujer-bandera-iran-efe-3a70051e3d6f55a84f1a6ce2d371df9641a61f8cw-eb43dde8-focus-0-0-896-504.jpg\" \/>\n\t<meta property=\"og:image:width\" content=\"896\" \/>\n\t<meta property=\"og:image:height\" content=\"504\" \/>\n\t<meta property=\"og:image:type\" content=\"image\/jpeg\" \/>\n<meta name=\"author\" content=\"Potencia Radiof\u00f3nica Dominicana\" \/>\n<meta name=\"twitter:card\" content=\"summary_large_image\" \/>\n<meta name=\"twitter:label1\" content=\"Escrito por\" \/>\n\t<meta name=\"twitter:data1\" content=\"Potencia Radiof\u00f3nica Dominicana\" \/>\n\t<meta name=\"twitter:label2\" content=\"Tiempo de lectura\" \/>\n\t<meta name=\"twitter:data2\" content=\"3 minutos\" \/>\n<script type=\"application\/ld+json\" class=\"yoast-schema-graph\">{\"@context\":\"https:\/\/schema.org\",\"@graph\":[{\"@type\":\"Article\",\"@id\":\"https:\/\/potenciaradiofonicadominicana.com\/portal\/iran-vuelve-a-atacar-objetivos-estadounidenses-en-oriente-medio\/#article\",\"isPartOf\":{\"@id\":\"https:\/\/potenciaradiofonicadominicana.com\/portal\/iran-vuelve-a-atacar-objetivos-estadounidenses-en-oriente-medio\/\"},\"author\":{\"name\":\"Potencia Radiof\u00f3nica Dominicana\",\"@id\":\"https:\/\/potenciaradiofonicadominicana.com\/portal\/#\/schema\/person\/a5cf1fea13877803ee0573ac18b03490\"},\"headline\":\"Ir\u00e1n vuelve a atacar objetivos estadounidenses en Oriente Medio\",\"datePublished\":\"2026-09-02T02:59:39+00:00\",\"dateModified\":\"2026-09-02T03:00:08+00:00\",\"mainEntityOfPage\":{\"@id\":\"https:\/\/potenciaradiofonicadominicana.com\/portal\/iran-vuelve-a-atacar-objetivos-estadounidenses-en-oriente-medio\/\"},\"wordCount\":484,\"publisher\":{\"@id\":\"https:\/\/potenciaradiofonicadominicana.com\/portal\/#organization\"},\"image\":{\"@id\":\"https:\/\/potenciaradiofonicadominicana.com\/portal\/iran-vuelve-a-atacar-objetivos-estadounidenses-en-oriente-medio\/#primaryimage\"},\"thumbnailUrl\":\"https:\/\/potenciaradiofonicadominicana.com\/portal\/wp-content\/uploads\/2026\/09\/mujer-bandera-iran-efe-3a70051e3d6f55a84f1a6ce2d371df9641a61f8cw-eb43dde8-focus-0-0-896-504.jpg\",\"articleSection\":[\"Internacional\"],\"inLanguage\":\"es\"},{\"@type\":\"WebPage\",\"@id\":\"https:\/\/potenciaradiofonicadominicana.com\/portal\/iran-vuelve-a-atacar-objetivos-estadounidenses-en-oriente-medio\/\",\"url\":\"https:\/\/potenciaradiofonicadominicana.com\/portal\/iran-vuelve-a-atacar-objetivos-estadounidenses-en-oriente-medio\/\",\"name\":\"Ir\u00e1n vuelve a atacar objetivos estadounidenses en Oriente Medio - PotenciaRadiofonicaDominicana.com\",\"isPartOf\":{\"@id\":\"https:\/\/potenciaradiofonicadominicana.com\/portal\/#website\"},\"primaryImageOfPage\":{\"@id\":\"https:\/\/potenciaradiofonicadominicana.com\/portal\/iran-vuelve-a-atacar-objetivos-estadounidenses-en-oriente-medio\/#primaryimage\"},\"image\":{\"@id\":\"https:\/\/potenciaradiofonicadominicana.com\/portal\/iran-vuelve-a-atacar-objetivos-estadounidenses-en-oriente-medio\/#primaryimage\"},\"thumbnailUrl\":\"https:\/\/potenciaradiofonicadominicana.com\/portal\/wp-content\/uploads\/2026\/09\/mujer-bandera-iran-efe-3a70051e3d6f55a84f1a6ce2d371df9641a61f8cw-eb43dde8-focus-0-0-896-504.jpg\",\"datePublished\":\"2026-09-02T02:59:39+00:00\",\"dateModified\":\"2026-09-02T03:00:08+00:00\",\"breadcrumb\":{\"@id\":\"https:\/\/potenciaradiofonicadominicana.com\/portal\/iran-vuelve-a-atacar-objetivos-estadounidenses-en-oriente-medio\/#breadcrumb\"},\"inLanguage\":\"es\",\"potentialAction\":[{\"@type\":\"ReadAction\",\"target\":[\"https:\/\/potenciaradiofonicadominicana.com\/portal\/iran-vuelve-a-atacar-objetivos-estadounidenses-en-oriente-medio\/\"]}]},{\"@type\":\"ImageObject\",\"inLanguage\":\"es\",\"@id\":\"https:\/\/potenciaradiofonicadominicana.com\/portal\/iran-vuelve-a-atacar-objetivos-estadounidenses-en-oriente-medio\/#primaryimage\",\"url\":\"https:\/\/potenciaradiofonicadominicana.com\/portal\/wp-content\/uploads\/2026\/09\/mujer-bandera-iran-efe-3a70051e3d6f55a84f1a6ce2d371df9641a61f8cw-eb43dde8-focus-0-0-896-504.jpg\",\"contentUrl\":\"https:\/\/potenciaradiofonicadominicana.com\/portal\/wp-content\/uploads\/2026\/09\/mujer-bandera-iran-efe-3a70051e3d6f55a84f1a6ce2d371df9641a61f8cw-eb43dde8-focus-0-0-896-504.jpg\",\"width\":896,\"height\":504},{\"@type\":\"BreadcrumbList\",\"@id\":\"https:\/\/potenciaradiofonicadominicana.com\/portal\/iran-vuelve-a-atacar-objetivos-estadounidenses-en-oriente-medio\/#breadcrumb\",\"itemListElement\":[{\"@type\":\"ListItem\",\"position\":1,\"name\":\"Portada\",\"item\":\"https:\/\/potenciaradiofonicadominicana.com\/portal\/\"},{\"@type\":\"ListItem\",\"position\":2,\"name\":\"Ir\u00e1n vuelve a atacar objetivos estadounidenses en Oriente Medio\"}]},{\"@type\":\"WebSite\",\"@id\":\"https:\/\/potenciaradiofonicadominicana.com\/portal\/#website\",\"url\":\"https:\/\/potenciaradiofonicadominicana.com\/portal\/\",\"name\":\"PotenciaRadiofonicaDominicana.com\",\"description\":\"Peri\u00f3dico Digital\",\"publisher\":{\"@id\":\"https:\/\/potenciaradiofonicadominicana.com\/portal\/#organization\"},\"potentialAction\":[{\"@type\":\"SearchAction\",\"target\":{\"@type\":\"EntryPoint\",\"urlTemplate\":\"https:\/\/potenciaradiofonicadominicana.com\/portal\/?s={search_term_string}\"},\"query-input\":{\"@type\":\"PropertyValueSpecification\",\"valueRequired\":true,\"valueName\":\"search_term_string\"}}],\"inLanguage\":\"es\"},{\"@type\":\"Organization\",\"@id\":\"https:\/\/potenciaradiofonicadominicana.com\/portal\/#organization\",\"name\":\"PotenciaRadiofonicaDominicana.com\",\"url\":\"https:\/\/potenciaradiofonicadominicana.com\/portal\/\",\"logo\":{\"@type\":\"ImageObject\",\"inLanguage\":\"es\",\"@id\":\"https:\/\/potenciaradiofonicadominicana.com\/portal\/#\/schema\/logo\/image\/\",\"url\":\"https:\/\/potenciaradiofonicadominicana.com\/portal\/wp-content\/uploads\/2022\/01\/descarga.png\",\"contentUrl\":\"https:\/\/potenciaradiofonicadominicana.com\/portal\/wp-content\/uploads\/2022\/01\/descarga.png\",\"width\":300,\"height\":100,\"caption\":\"PotenciaRadiofonicaDominicana.com\"},\"image\":{\"@id\":\"https:\/\/potenciaradiofonicadominicana.com\/portal\/#\/schema\/logo\/image\/\"},\"sameAs\":[\"https:\/\/web.facebook.com\/PotenciaRadiofonicaD\"]},{\"@type\":\"Person\",\"@id\":\"https:\/\/potenciaradiofonicadominicana.com\/portal\/#\/schema\/person\/a5cf1fea13877803ee0573ac18b03490\",\"name\":\"Potencia Radiof\u00f3nica Dominicana\",\"image\":{\"@type\":\"ImageObject\",\"inLanguage\":\"es\",\"@id\":\"https:\/\/potenciaradiofonicadominicana.com\/portal\/#\/schema\/person\/image\/\",\"url\":\"https:\/\/secure.gravatar.com\/avatar\/42a55ab9e8ccc656ba34cd791990602a?s=96&d=mm&r=g\",\"contentUrl\":\"https:\/\/secure.gravatar.com\/avatar\/42a55ab9e8ccc656ba34cd791990602a?s=96&d=mm&r=g\",\"caption\":\"Potencia Radiof\u00f3nica Dominicana\"},\"url\":\"https:\/\/potenciaradiofonicadominicana.com\/portal\/author\/johannyalmanzar\/\"}]}<\/script>\n<!-- \/ Yoast SEO plugin. -->","yoast_head_json":{"title":"Ir\u00e1n vuelve a atacar objetivos estadounidenses en Oriente Medio - PotenciaRadiofonicaDominicana.com","robots":{"index":"index","follow":"follow","max-snippet":"max-snippet:-1","max-image-preview":"max-image-preview:large","max-video-preview":"max-video-preview:-1"},"canonical":"https:\/\/potenciaradiofonicadominicana.com\/portal\/iran-vuelve-a-atacar-objetivos-estadounidenses-en-oriente-medio\/","og_locale":"es_ES","og_type":"article","og_title":"Ir\u00e1n vuelve a atacar objetivos estadounidenses en Oriente Medio - PotenciaRadiofonicaDominicana.com","og_description":"Ir\u00e1n\u00a0volvi\u00f3 a\u00a0atacar bases estadounidenses\u00a0en\u00a0Oriente Medio\u00a0entre la noche de este martes y mi\u00e9rcoles como represalia a los bombardeos previos lanzados por\u00a0Washington\u00a0sobre ...","og_url":"https:\/\/potenciaradiofonicadominicana.com\/portal\/iran-vuelve-a-atacar-objetivos-estadounidenses-en-oriente-medio\/","og_site_name":"PotenciaRadiofonicaDominicana.com","article_publisher":"https:\/\/web.facebook.com\/PotenciaRadiofonicaD","article_published_time":"2026-09-02T02:59:39+00:00","article_modified_time":"2026-09-02T03:00:08+00:00","og_image":[{"width":896,"height":504,"url":"https:\/\/potenciaradiofonicadominicana.com\/portal\/wp-content\/uploads\/2026\/09\/mujer-bandera-iran-efe-3a70051e3d6f55a84f1a6ce2d371df9641a61f8cw-eb43dde8-focus-0-0-896-504.jpg","type":"image\/jpeg"}],"author":"Potencia Radiof\u00f3nica Dominicana","twitter_card":"summary_large_image","twitter_misc":{"Escrito por":"Potencia Radiof\u00f3nica Dominicana","Tiempo de lectura":"3 minutos"},"schema":{"@context":"https:\/\/schema.org","@graph":[{"@type":"Article","@id":"https:\/\/potenciaradiofonicadominicana.com\/portal\/iran-vuelve-a-atacar-objetivos-estadounidenses-en-oriente-medio\/#article","isPartOf":{"@id":"https:\/\/potenciaradiofonicadominicana.com\/portal\/iran-vuelve-a-atacar-objetivos-estadounidenses-en-oriente-medio\/"},"author":{"name":"Potencia Radiof\u00f3nica Dominicana","@id":"https:\/\/potenciaradiofonicadominicana.com\/portal\/#\/schema\/person\/a5cf1fea13877803ee0573ac18b03490"},"headline":"Ir\u00e1n vuelve a atacar objetivos estadounidenses en Oriente Medio","datePublished":"2026-09-02T02:59:39+00:00","dateModified":"2026-09-02T03:00:08+00:00","mainEntityOfPage":{"@id":"https:\/\/potenciaradiofonicadominicana.com\/portal\/iran-vuelve-a-atacar-objetivos-estadounidenses-en-oriente-medio\/"},"wordCount":484,"publisher":{"@id":"https:\/\/potenciaradiofonicadominicana.com\/portal\/#organization"},"image":{"@id":"https:\/\/potenciaradiofonicadominicana.com\/portal\/iran-vuelve-a-atacar-objetivos-estadounidenses-en-oriente-medio\/#primaryimage"},"thumbnailUrl":"https:\/\/potenciaradiofonicadominicana.com\/portal\/wp-content\/uploads\/2026\/09\/mujer-bandera-iran-efe-3a70051e3d6f55a84f1a6ce2d371df9641a61f8cw-eb43dde8-focus-0-0-896-504.jpg","articleSection":["Internacional"],"inLanguage":"es"},{"@type":"WebPage","@id":"https:\/\/potenciaradiofonicadominicana.com\/portal\/iran-vuelve-a-atacar-objetivos-estadounidenses-en-oriente-medio\/","url":"https:\/\/potenciaradiofonicadominicana.com\/portal\/iran-vuelve-a-atacar-objetivos-estadounidenses-en-oriente-medio\/","name":"Ir\u00e1n vuelve a atacar objetivos estadounidenses en Oriente Medio - PotenciaRadiofonicaDominicana.com","isPartOf":{"@id":"https:\/\/potenciaradiofonicadominicana.com\/portal\/#website"},"primaryImageOfPage":{"@id":"https:\/\/potenciaradiofonicadominicana.com\/portal\/iran-vuelve-a-atacar-objetivos-estadounidenses-en-oriente-medio\/#primaryimage"},"image":{"@id":"https:\/\/potenciaradiofonicadominicana.com\/portal\/iran-vuelve-a-atacar-objetivos-estadounidenses-en-oriente-medio\/#primaryimage"},"thumbnailUrl":"https:\/\/potenciaradiofonicadominicana.com\/portal\/wp-content\/uploads\/2026\/09\/mujer-bandera-iran-efe-3a70051e3d6f55a84f1a6ce2d371df9641a61f8cw-eb43dde8-focus-0-0-896-504.jpg","datePublished":"2026-09-02T02:59:39+00:00","dateModified":"2026-09-02T03:00:08+00:00","breadcrumb":{"@id":"https:\/\/potenciaradiofonicadominicana.com\/portal\/iran-vuelve-a-atacar-objetivos-estadounidenses-en-oriente-medio\/#breadcrumb"},"inLanguage":"es","potentialAction":[{"@type":"ReadAction","target":["https:\/\/potenciaradiofonicadominicana.com\/portal\/iran-vuelve-a-atacar-objetivos-estadounidenses-en-oriente-medio\/"]}]},{"@type":"ImageObject","inLanguage":"es","@id":"https:\/\/potenciaradiofonicadominicana.com\/portal\/iran-vuelve-a-atacar-objetivos-estadounidenses-en-oriente-medio\/#primaryimage","url":"https:\/\/potenciaradiofonicadominicana.com\/portal\/wp-content\/uploads\/2026\/09\/mujer-bandera-iran-efe-3a70051e3d6f55a84f1a6ce2d371df9641a61f8cw-eb43dde8-focus-0-0-896-504.jpg","contentUrl":"https:\/\/potenciaradiofonicadominicana.com\/portal\/wp-content\/uploads\/2026\/09\/mujer-bandera-iran-efe-3a70051e3d6f55a84f1a6ce2d371df9641a61f8cw-eb43dde8-focus-0-0-896-504.jpg","width":896,"height":504},{"@type":"BreadcrumbList","@id":"https:\/\/potenciaradiofonicadominicana.com\/portal\/iran-vuelve-a-atacar-objetivos-estadounidenses-en-oriente-medio\/#breadcrumb","itemListElement":[{"@type":"ListItem","position":1,"name":"Portada","item":"https:\/\/potenciaradiofonicadominicana.com\/portal\/"},{"@type":"ListItem","position":2,"name":"Ir\u00e1n vuelve a atacar objetivos estadounidenses en Oriente Medio"}]},{"@type":"WebSite","@id":"https:\/\/potenciaradiofonicadominicana.com\/portal\/#website","url":"https:\/\/potenciaradiofonicadominicana.com\/portal\/","name":"PotenciaRadiofonicaDominicana.com","description":"Peri\u00f3dico Digital","publisher":{"@id":"https:\/\/potenciaradiofonicadominicana.com\/portal\/#organization"},"potentialAction":[{"@type":"SearchAction","target":{"@type":"EntryPoint","urlTemplate":"https:\/\/potenciaradiofonicadominicana.com\/portal\/?s={search_term_string}"},"query-input":{"@type":"PropertyValueSpecification","valueRequired":true,"valueName":"search_term_string"}}],"inLanguage":"es"},{"@type":"Organization","@id":"https:\/\/potenciaradiofonicadominicana.com\/portal\/#organization","name":"PotenciaRadiofonicaDominicana.com","url":"https:\/\/potenciaradiofonicadominicana.com\/portal\/","logo":{"@type":"ImageObject","inLanguage":"es","@id":"https:\/\/potenciaradiofonicadominicana.com\/portal\/#\/schema\/logo\/image\/","url":"https:\/\/potenciaradiofonicadominicana.com\/portal\/wp-content\/uploads\/2022\/01\/descarga.png","contentUrl":"https:\/\/potenciaradiofonicadominicana.com\/portal\/wp-content\/uploads\/2022\/01\/descarga.png","width":300,"height":100,"caption":"PotenciaRadiofonicaDominicana.com"},"image":{"@id":"https:\/\/potenciaradiofonicadominicana.com\/portal\/#\/schema\/logo\/image\/"},"sameAs":["https:\/\/web.facebook.com\/PotenciaRadiofonicaD"]},{"@type":"Person","@id":"https:\/\/potenciaradiofonicadominicana.com\/portal\/#\/schema\/person\/a5cf1fea13877803ee0573ac18b03490","name":"Potencia Radiof\u00f3nica Dominicana","image":{"@type":"ImageObject","inLanguage":"es","@id":"https:\/\/potenciaradiofonicadominicana.com\/portal\/#\/schema\/person\/image\/","url":"https:\/\/secure.gravatar.com\/avatar\/42a55ab9e8ccc656ba34cd791990602a?s=96&d=mm&r=g","contentUrl":"https:\/\/secure.gravatar.com\/avatar\/42a55ab9e8ccc656ba34cd791990602a?s=96&d=mm&r=g","caption":"Potencia Radiof\u00f3nica Dominicana"},"url":"https:\/\/potenciaradiofonicadominicana.com\/portal\/author\/johannyalmanzar\/"}]}},"_links":{"self":[{"href":"https:\/\/potenciaradiofonicadominicana.com\/portal\/wp-json\/wp\/v2\/posts\/225081","targetHints":{"allow":["GET"]}}],"collection":[{"href":"https:\/\/potenciaradiofonicadominicana.com\/portal\/wp-json\/wp\/v2\/posts"}],"about":[{"href":"https:\/\/potenciaradiofonicadominicana.com\/portal\/wp-json\/wp\/v2\/types\/post"}],"author":[{"embeddable":true,"href":"https:\/\/potenciaradiofonicadominicana.com\/portal\/wp-json\/wp\/v2\/users\/2"}],"replies":[{"embeddable":true,"href":"https:\/\/potenciaradiofonicadominicana.com\/portal\/wp-json\/wp\/v2\/comments?post=225081"}],"version-history":[{"count":2,"href":"https:\/\/potenciaradiofonicadominicana.com\/portal\/wp-json\/wp\/v2\/posts\/225081\/revisions"}],"predecessor-version":[{"id":225085,"href":"https:\/\/potenciaradiofonicadominicana.com\/portal\/wp-json\/wp\/v2\/posts\/225081\/revisions\/225085"}],"wp:featuredmedia":[{"embeddable":true,"href":"https:\/\/potenciaradiofonicadominicana.com\/portal\/wp-json\/wp\/v2\/media\/225083"}],"wp:attachment":[{"href":"https:\/\/potenciaradiofonicadominicana.com\/portal\/wp-json\/wp\/v2\/media?parent=225081"}],"wp:term":[{"taxonomy":"category","embeddable":true,"href":"https:\/\/potenciaradiofonicadominicana.com\/portal\/wp-json\/wp\/v2\/categories?post=225081"},{"taxonomy":"post_tag","embeddable":true,"href":"https:\/\/potenciaradiofonicadominicana.com\/portal\/wp-json\/wp\/v2\/tags?post=225081"}],"curies":[{"name":"wp","href":"https:\/\/api.w.org\/{rel}","templated":true}]}}