{"id":225063,"date":"2026-09-01T22:49:04","date_gmt":"2026-09-02T02:49:04","guid":{"rendered":"https:\/\/potenciaradiofonicadominicana.com\/portal\/?p=225063"},"modified":"2026-09-01T22:49:04","modified_gmt":"2026-09-02T02:49:04","slug":"la-camara-de-comercio-dominico-brasilena-llama-a-profundizar-relacion-bilateral","status":"publish","type":"post","link":"https:\/\/potenciaradiofonicadominicana.com\/portal\/la-camara-de-comercio-dominico-brasilena-llama-a-profundizar-relacion-bilateral\/","title":{"rendered":"La C\u00e1mara de Comercio Dom\u00ednico-Brasile\u00f1a llama a profundizar relaci\u00f3n bilateral"},"content":{"rendered":"<p><a href=\"https:\/\/potenciaradiofonicadominicana.com\/portal\/wp-content\/uploads\/2026\/09\/camara-dominico-brasilena-llama-a-profundizar-relacion-comercial-18f7c72f-focus-0-0-896-504.jpg\"><img loading=\"lazy\" decoding=\"async\" class=\"alignnone size-full wp-image-225065\" src=\"https:\/\/potenciaradiofonicadominicana.com\/portal\/wp-content\/uploads\/2026\/09\/camara-dominico-brasilena-llama-a-profundizar-relacion-comercial-18f7c72f-focus-0-0-896-504.jpg\" alt=\"\" width=\"896\" height=\"504\" srcset=\"https:\/\/potenciaradiofonicadominicana.com\/portal\/wp-content\/uploads\/2026\/09\/camara-dominico-brasilena-llama-a-profundizar-relacion-comercial-18f7c72f-focus-0-0-896-504.jpg 896w, https:\/\/potenciaradiofonicadominicana.com\/portal\/wp-content\/uploads\/2026\/09\/camara-dominico-brasilena-llama-a-profundizar-relacion-comercial-18f7c72f-focus-0-0-896-504-300x169.jpg 300w, https:\/\/potenciaradiofonicadominicana.com\/portal\/wp-content\/uploads\/2026\/09\/camara-dominico-brasilena-llama-a-profundizar-relacion-comercial-18f7c72f-focus-0-0-896-504-768x432.jpg 768w\" sizes=\"auto, (max-width: 896px) 100vw, 896px\" \/><\/a><\/p>\n<p>La\u00a0<strong>C\u00e1mara de Comercio Dom\u00ednico-Brasile\u00f1a<\/strong>\u00a0(CCDB) consider\u00f3 que, ante un escenario internacional marcado por la\u00a0<strong>reconfiguraci\u00f3n de los flujos comerciales<\/strong>\u00a0y una mayor incertidumbre geoecon\u00f3mica, la\u00a0<strong>Rep\u00fablica Dominicana<\/strong>\u00a0debe profundizar y diversificar su relaci\u00f3n econ\u00f3mica con\u00a0<strong>Brasil<\/strong>.<\/p>\n<p>La entidad explic\u00f3 que esa relaci\u00f3n puede trascender el suministro de bienes e insumos estrat\u00e9gicos y ampliarse hacia \u00e1reas como la\u00a0<strong>transferencia tecnol\u00f3gica<\/strong>, la\u00a0<strong>inversi\u00f3n<\/strong>,\u00a0<strong>acuerdos de cooperaci\u00f3n empresarial<\/strong>\u00a0y el fortalecimiento de las capacidades productivas nacionales.<\/p>\n<p><strong>Leonel Castellanos Duarte<\/strong>, presidente de la CCDB, declar\u00f3 que las\u00a0<strong>tensiones geopol\u00edticas<\/strong>\u00a0y las variaciones en los costos internacionales de transporte\u00a0<strong>mar\u00edtimo<\/strong>\u00a0y la energ\u00eda\u00a0<strong>obliga a explorar nuevas fuentes en las\u00a0<\/strong>cadenas de suministro de la econom\u00eda local y al sector empresarial a revisar mercados, proveedores y alianzas estrat\u00e9gicas.<\/p>\n<p>\u00abPara una\u00a0<strong>econom\u00eda abierta<\/strong>\u00a0como la dominicana, crecer tambi\u00e9n implica reducir vulnerabilidades externas, ampliar opciones de abastecimiento y construir relaciones econ\u00f3micas que incorporen tecnolog\u00eda, conocimiento e\u00a0<strong>inversi\u00f3n<\/strong>.\u00a0<strong>Brasil<\/strong>\u00a0puede desempe\u00f1ar un papel importante dentro de esa estrategia de\u00a0<strong>diversificaci\u00f3n<\/strong>\u00ab, afirm\u00f3 Castellanos Duarte.<\/p>\n<p>Resalt\u00f3 que\u00a0<strong>Brasil<\/strong>\u00a0posee una de las estructuras productivas m\u00e1s diversificadas de la regi\u00f3n y constituye un origen relevante de\u00a0<strong>materias primas<\/strong>, alimentos, bienes industriales, maquinarias, equipos y\u00a0<strong>soluciones tecnol\u00f3gicas<\/strong>\u00a0que pueden complementar las necesidades de sectores productivos dominicanos.<\/p>\n<p>Sin embargo, apuntal\u00f3 que desde la perspectiva de la c\u00e1mara la pr\u00f3xima etapa de la relaci\u00f3n econ\u00f3mica bilateral debe procurar\u00a0<strong>un intercambio de mayor calidad y en ambas direcciones<\/strong>, generando nuevas oportunidades para que empresas y productos dominicanos incrementen tambi\u00e9n su presencia en el\u00a0<strong>mercado brasile\u00f1o<\/strong>.<\/p>\n<div class=\"my-12 component web-insert-bullet relative border bg-component\">\n<p>\u00abLas exportaciones de la Rep\u00fablica Dominicana hacia Brasil alcanzaron aproximadamente 50.2 millones de d\u00f3lares durante el 2025, con un crecimiento interanual superior al 50 %, un comportamiento que, aunque parte todav\u00eda de una base relativamente limitada, evidencia posibilidades concretas para continuar diversificando la oferta exportable dominicana y reducir gradualmente la hist\u00f3rica asimetr\u00eda del intercambio bilateral\u00bb, plante\u00f3 el ejecutivo.<\/p>\n<\/div>\n<p>Particularmente, el dirigente gremial dijo que Brasil cuenta con una reconocida experiencia en<strong>\u00a0investigaci\u00f3n y tecnolog\u00eda<\/strong>\u00a0agropecuaria tropical y en el desarrollo de fuentes de\u00a0<strong>agroenerg\u00eda<\/strong>\u00a0como etanol, biodiesel y biomasa, lo que ser\u00eda un gran paso a la\u00a0<strong>transici\u00f3n energ\u00e9tica<\/strong>\u00a0dentro del contexto del nuevo escenario mundial.<\/p>\n<p>Se\u00f1al\u00f3 que estas experiencias pueden adquirir especial relevancia para\u00a0<strong>sectores dominicanos<\/strong>\u00a0vinculados con cacao, caf\u00e9, producci\u00f3n de leche y carne, frutales, mecanizaci\u00f3n agr\u00edcola, manejo de recursos naturales y otras cadenas de valor en las que el\u00a0<strong>incremento de productividad<\/strong>\u00a0resulta determinante para competir y garantizar\u00a0<strong>seguridad alimentaria<\/strong>.<\/p>\n<p>\u00abTenemos que comenzar a mirar la\u00a0<strong>transferencia de conocimiento<\/strong>\u00a0con la misma importancia con que tradicionalmente hemos mirado el\u00a0<strong>intercambio de mercanc\u00edas<\/strong>. La\u00a0<strong>cooperaci\u00f3n tecnol\u00f3gica<\/strong>\u00a0puede producir efectos mucho m\u00e1s duraderos sobre la productividad y la capacidad competitiva del pa\u00eds\u00bb, expres\u00f3.<\/p>\n","protected":false},"excerpt":{"rendered":"<p>La\u00a0C\u00e1mara de Comercio Dom\u00ednico-Brasile\u00f1a\u00a0(CCDB) consider\u00f3 que, ante un escenario internacional marcado por la\u00a0reconfiguraci\u00f3n de los flujos comerciales\u00a0y una mayor incertidumbre &#8230;<\/p>\n","protected":false},"author":2,"featured_media":225065,"comment_status":"closed","ping_status":"closed","sticky":false,"template":"","format":"standard","meta":{"footnotes":""},"categories":[26],"tags":[],"class_list":["post-225063","post","type-post","status-publish","format-standard","has-post-thumbnail","hentry","category-economia"],"yoast_head":"<!-- This site is optimized with the Yoast SEO plugin v24.8.1 - https:\/\/yoast.com\/wordpress\/plugins\/seo\/ -->\n<title>La C\u00e1mara de Comercio Dom\u00ednico-Brasile\u00f1a llama a profundizar relaci\u00f3n bilateral - PotenciaRadiofonicaDominicana.com<\/title>\n<meta name=\"robots\" content=\"index, follow, max-snippet:-1, max-image-preview:large, max-video-preview:-1\" \/>\n<link rel=\"canonical\" href=\"https:\/\/potenciaradiofonicadominicana.com\/portal\/la-camara-de-comercio-dominico-brasilena-llama-a-profundizar-relacion-bilateral\/\" \/>\n<meta property=\"og:locale\" content=\"es_ES\" \/>\n<meta property=\"og:type\" content=\"article\" \/>\n<meta property=\"og:title\" content=\"La C\u00e1mara de Comercio Dom\u00ednico-Brasile\u00f1a llama a profundizar relaci\u00f3n bilateral - PotenciaRadiofonicaDominicana.com\" \/>\n<meta property=\"og:description\" content=\"La\u00a0C\u00e1mara de Comercio Dom\u00ednico-Brasile\u00f1a\u00a0(CCDB) consider\u00f3 que, ante un escenario internacional marcado por la\u00a0reconfiguraci\u00f3n de los flujos comerciales\u00a0y una mayor incertidumbre ...\" \/>\n<meta property=\"og:url\" content=\"https:\/\/potenciaradiofonicadominicana.com\/portal\/la-camara-de-comercio-dominico-brasilena-llama-a-profundizar-relacion-bilateral\/\" \/>\n<meta property=\"og:site_name\" content=\"PotenciaRadiofonicaDominicana.com\" \/>\n<meta property=\"article:publisher\" content=\"https:\/\/web.facebook.com\/PotenciaRadiofonicaD\" \/>\n<meta property=\"article:published_time\" content=\"2026-09-02T02:49:04+00:00\" \/>\n<meta property=\"og:image\" content=\"https:\/\/potenciaradiofonicadominicana.com\/portal\/wp-content\/uploads\/2026\/09\/camara-dominico-brasilena-llama-a-profundizar-relacion-comercial-18f7c72f-focus-0-0-896-504.jpg\" \/>\n\t<meta property=\"og:image:width\" content=\"896\" \/>\n\t<meta property=\"og:image:height\" content=\"504\" \/>\n\t<meta property=\"og:image:type\" content=\"image\/jpeg\" \/>\n<meta name=\"author\" content=\"Potencia Radiof\u00f3nica Dominicana\" \/>\n<meta name=\"twitter:card\" content=\"summary_large_image\" \/>\n<meta name=\"twitter:label1\" content=\"Escrito por\" \/>\n\t<meta name=\"twitter:data1\" content=\"Potencia Radiof\u00f3nica Dominicana\" \/>\n\t<meta name=\"twitter:label2\" content=\"Tiempo de lectura\" \/>\n\t<meta name=\"twitter:data2\" content=\"3 minutos\" \/>\n<script type=\"application\/ld+json\" class=\"yoast-schema-graph\">{\"@context\":\"https:\/\/schema.org\",\"@graph\":[{\"@type\":\"Article\",\"@id\":\"https:\/\/potenciaradiofonicadominicana.com\/portal\/la-camara-de-comercio-dominico-brasilena-llama-a-profundizar-relacion-bilateral\/#article\",\"isPartOf\":{\"@id\":\"https:\/\/potenciaradiofonicadominicana.com\/portal\/la-camara-de-comercio-dominico-brasilena-llama-a-profundizar-relacion-bilateral\/\"},\"author\":{\"name\":\"Potencia Radiof\u00f3nica Dominicana\",\"@id\":\"https:\/\/potenciaradiofonicadominicana.com\/portal\/#\/schema\/person\/a5cf1fea13877803ee0573ac18b03490\"},\"headline\":\"La C\u00e1mara de Comercio Dom\u00ednico-Brasile\u00f1a llama a profundizar relaci\u00f3n bilateral\",\"datePublished\":\"2026-09-02T02:49:04+00:00\",\"mainEntityOfPage\":{\"@id\":\"https:\/\/potenciaradiofonicadominicana.com\/portal\/la-camara-de-comercio-dominico-brasilena-llama-a-profundizar-relacion-bilateral\/\"},\"wordCount\":509,\"publisher\":{\"@id\":\"https:\/\/potenciaradiofonicadominicana.com\/portal\/#organization\"},\"image\":{\"@id\":\"https:\/\/potenciaradiofonicadominicana.com\/portal\/la-camara-de-comercio-dominico-brasilena-llama-a-profundizar-relacion-bilateral\/#primaryimage\"},\"thumbnailUrl\":\"https:\/\/potenciaradiofonicadominicana.com\/portal\/wp-content\/uploads\/2026\/09\/camara-dominico-brasilena-llama-a-profundizar-relacion-comercial-18f7c72f-focus-0-0-896-504.jpg\",\"articleSection\":[\"Econom\u00eda\"],\"inLanguage\":\"es\"},{\"@type\":\"WebPage\",\"@id\":\"https:\/\/potenciaradiofonicadominicana.com\/portal\/la-camara-de-comercio-dominico-brasilena-llama-a-profundizar-relacion-bilateral\/\",\"url\":\"https:\/\/potenciaradiofonicadominicana.com\/portal\/la-camara-de-comercio-dominico-brasilena-llama-a-profundizar-relacion-bilateral\/\",\"name\":\"La C\u00e1mara de Comercio Dom\u00ednico-Brasile\u00f1a llama a profundizar relaci\u00f3n bilateral - PotenciaRadiofonicaDominicana.com\",\"isPartOf\":{\"@id\":\"https:\/\/potenciaradiofonicadominicana.com\/portal\/#website\"},\"primaryImageOfPage\":{\"@id\":\"https:\/\/potenciaradiofonicadominicana.com\/portal\/la-camara-de-comercio-dominico-brasilena-llama-a-profundizar-relacion-bilateral\/#primaryimage\"},\"image\":{\"@id\":\"https:\/\/potenciaradiofonicadominicana.com\/portal\/la-camara-de-comercio-dominico-brasilena-llama-a-profundizar-relacion-bilateral\/#primaryimage\"},\"thumbnailUrl\":\"https:\/\/potenciaradiofonicadominicana.com\/portal\/wp-content\/uploads\/2026\/09\/camara-dominico-brasilena-llama-a-profundizar-relacion-comercial-18f7c72f-focus-0-0-896-504.jpg\",\"datePublished\":\"2026-09-02T02:49:04+00:00\",\"breadcrumb\":{\"@id\":\"https:\/\/potenciaradiofonicadominicana.com\/portal\/la-camara-de-comercio-dominico-brasilena-llama-a-profundizar-relacion-bilateral\/#breadcrumb\"},\"inLanguage\":\"es\",\"potentialAction\":[{\"@type\":\"ReadAction\",\"target\":[\"https:\/\/potenciaradiofonicadominicana.com\/portal\/la-camara-de-comercio-dominico-brasilena-llama-a-profundizar-relacion-bilateral\/\"]}]},{\"@type\":\"ImageObject\",\"inLanguage\":\"es\",\"@id\":\"https:\/\/potenciaradiofonicadominicana.com\/portal\/la-camara-de-comercio-dominico-brasilena-llama-a-profundizar-relacion-bilateral\/#primaryimage\",\"url\":\"https:\/\/potenciaradiofonicadominicana.com\/portal\/wp-content\/uploads\/2026\/09\/camara-dominico-brasilena-llama-a-profundizar-relacion-comercial-18f7c72f-focus-0-0-896-504.jpg\",\"contentUrl\":\"https:\/\/potenciaradiofonicadominicana.com\/portal\/wp-content\/uploads\/2026\/09\/camara-dominico-brasilena-llama-a-profundizar-relacion-comercial-18f7c72f-focus-0-0-896-504.jpg\",\"width\":896,\"height\":504},{\"@type\":\"BreadcrumbList\",\"@id\":\"https:\/\/potenciaradiofonicadominicana.com\/portal\/la-camara-de-comercio-dominico-brasilena-llama-a-profundizar-relacion-bilateral\/#breadcrumb\",\"itemListElement\":[{\"@type\":\"ListItem\",\"position\":1,\"name\":\"Portada\",\"item\":\"https:\/\/potenciaradiofonicadominicana.com\/portal\/\"},{\"@type\":\"ListItem\",\"position\":2,\"name\":\"La C\u00e1mara de Comercio Dom\u00ednico-Brasile\u00f1a llama a profundizar relaci\u00f3n bilateral\"}]},{\"@type\":\"WebSite\",\"@id\":\"https:\/\/potenciaradiofonicadominicana.com\/portal\/#website\",\"url\":\"https:\/\/potenciaradiofonicadominicana.com\/portal\/\",\"name\":\"PotenciaRadiofonicaDominicana.com\",\"description\":\"Peri\u00f3dico Digital\",\"publisher\":{\"@id\":\"https:\/\/potenciaradiofonicadominicana.com\/portal\/#organization\"},\"potentialAction\":[{\"@type\":\"SearchAction\",\"target\":{\"@type\":\"EntryPoint\",\"urlTemplate\":\"https:\/\/potenciaradiofonicadominicana.com\/portal\/?s={search_term_string}\"},\"query-input\":{\"@type\":\"PropertyValueSpecification\",\"valueRequired\":true,\"valueName\":\"search_term_string\"}}],\"inLanguage\":\"es\"},{\"@type\":\"Organization\",\"@id\":\"https:\/\/potenciaradiofonicadominicana.com\/portal\/#organization\",\"name\":\"PotenciaRadiofonicaDominicana.com\",\"url\":\"https:\/\/potenciaradiofonicadominicana.com\/portal\/\",\"logo\":{\"@type\":\"ImageObject\",\"inLanguage\":\"es\",\"@id\":\"https:\/\/potenciaradiofonicadominicana.com\/portal\/#\/schema\/logo\/image\/\",\"url\":\"https:\/\/potenciaradiofonicadominicana.com\/portal\/wp-content\/uploads\/2022\/01\/descarga.png\",\"contentUrl\":\"https:\/\/potenciaradiofonicadominicana.com\/portal\/wp-content\/uploads\/2022\/01\/descarga.png\",\"width\":300,\"height\":100,\"caption\":\"PotenciaRadiofonicaDominicana.com\"},\"image\":{\"@id\":\"https:\/\/potenciaradiofonicadominicana.com\/portal\/#\/schema\/logo\/image\/\"},\"sameAs\":[\"https:\/\/web.facebook.com\/PotenciaRadiofonicaD\"]},{\"@type\":\"Person\",\"@id\":\"https:\/\/potenciaradiofonicadominicana.com\/portal\/#\/schema\/person\/a5cf1fea13877803ee0573ac18b03490\",\"name\":\"Potencia Radiof\u00f3nica Dominicana\",\"image\":{\"@type\":\"ImageObject\",\"inLanguage\":\"es\",\"@id\":\"https:\/\/potenciaradiofonicadominicana.com\/portal\/#\/schema\/person\/image\/\",\"url\":\"https:\/\/secure.gravatar.com\/avatar\/42a55ab9e8ccc656ba34cd791990602a?s=96&d=mm&r=g\",\"contentUrl\":\"https:\/\/secure.gravatar.com\/avatar\/42a55ab9e8ccc656ba34cd791990602a?s=96&d=mm&r=g\",\"caption\":\"Potencia Radiof\u00f3nica Dominicana\"},\"url\":\"https:\/\/potenciaradiofonicadominicana.com\/portal\/author\/johannyalmanzar\/\"}]}<\/script>\n<!-- \/ Yoast SEO plugin. -->","yoast_head_json":{"title":"La C\u00e1mara de Comercio Dom\u00ednico-Brasile\u00f1a llama a profundizar relaci\u00f3n bilateral - PotenciaRadiofonicaDominicana.com","robots":{"index":"index","follow":"follow","max-snippet":"max-snippet:-1","max-image-preview":"max-image-preview:large","max-video-preview":"max-video-preview:-1"},"canonical":"https:\/\/potenciaradiofonicadominicana.com\/portal\/la-camara-de-comercio-dominico-brasilena-llama-a-profundizar-relacion-bilateral\/","og_locale":"es_ES","og_type":"article","og_title":"La C\u00e1mara de Comercio Dom\u00ednico-Brasile\u00f1a llama a profundizar relaci\u00f3n bilateral - PotenciaRadiofonicaDominicana.com","og_description":"La\u00a0C\u00e1mara de Comercio Dom\u00ednico-Brasile\u00f1a\u00a0(CCDB) consider\u00f3 que, ante un escenario internacional marcado por la\u00a0reconfiguraci\u00f3n de los flujos comerciales\u00a0y una mayor incertidumbre ...","og_url":"https:\/\/potenciaradiofonicadominicana.com\/portal\/la-camara-de-comercio-dominico-brasilena-llama-a-profundizar-relacion-bilateral\/","og_site_name":"PotenciaRadiofonicaDominicana.com","article_publisher":"https:\/\/web.facebook.com\/PotenciaRadiofonicaD","article_published_time":"2026-09-02T02:49:04+00:00","og_image":[{"width":896,"height":504,"url":"https:\/\/potenciaradiofonicadominicana.com\/portal\/wp-content\/uploads\/2026\/09\/camara-dominico-brasilena-llama-a-profundizar-relacion-comercial-18f7c72f-focus-0-0-896-504.jpg","type":"image\/jpeg"}],"author":"Potencia Radiof\u00f3nica Dominicana","twitter_card":"summary_large_image","twitter_misc":{"Escrito por":"Potencia Radiof\u00f3nica Dominicana","Tiempo de lectura":"3 minutos"},"schema":{"@context":"https:\/\/schema.org","@graph":[{"@type":"Article","@id":"https:\/\/potenciaradiofonicadominicana.com\/portal\/la-camara-de-comercio-dominico-brasilena-llama-a-profundizar-relacion-bilateral\/#article","isPartOf":{"@id":"https:\/\/potenciaradiofonicadominicana.com\/portal\/la-camara-de-comercio-dominico-brasilena-llama-a-profundizar-relacion-bilateral\/"},"author":{"name":"Potencia Radiof\u00f3nica Dominicana","@id":"https:\/\/potenciaradiofonicadominicana.com\/portal\/#\/schema\/person\/a5cf1fea13877803ee0573ac18b03490"},"headline":"La C\u00e1mara de Comercio Dom\u00ednico-Brasile\u00f1a llama a profundizar relaci\u00f3n bilateral","datePublished":"2026-09-02T02:49:04+00:00","mainEntityOfPage":{"@id":"https:\/\/potenciaradiofonicadominicana.com\/portal\/la-camara-de-comercio-dominico-brasilena-llama-a-profundizar-relacion-bilateral\/"},"wordCount":509,"publisher":{"@id":"https:\/\/potenciaradiofonicadominicana.com\/portal\/#organization"},"image":{"@id":"https:\/\/potenciaradiofonicadominicana.com\/portal\/la-camara-de-comercio-dominico-brasilena-llama-a-profundizar-relacion-bilateral\/#primaryimage"},"thumbnailUrl":"https:\/\/potenciaradiofonicadominicana.com\/portal\/wp-content\/uploads\/2026\/09\/camara-dominico-brasilena-llama-a-profundizar-relacion-comercial-18f7c72f-focus-0-0-896-504.jpg","articleSection":["Econom\u00eda"],"inLanguage":"es"},{"@type":"WebPage","@id":"https:\/\/potenciaradiofonicadominicana.com\/portal\/la-camara-de-comercio-dominico-brasilena-llama-a-profundizar-relacion-bilateral\/","url":"https:\/\/potenciaradiofonicadominicana.com\/portal\/la-camara-de-comercio-dominico-brasilena-llama-a-profundizar-relacion-bilateral\/","name":"La C\u00e1mara de Comercio Dom\u00ednico-Brasile\u00f1a llama a profundizar relaci\u00f3n bilateral - PotenciaRadiofonicaDominicana.com","isPartOf":{"@id":"https:\/\/potenciaradiofonicadominicana.com\/portal\/#website"},"primaryImageOfPage":{"@id":"https:\/\/potenciaradiofonicadominicana.com\/portal\/la-camara-de-comercio-dominico-brasilena-llama-a-profundizar-relacion-bilateral\/#primaryimage"},"image":{"@id":"https:\/\/potenciaradiofonicadominicana.com\/portal\/la-camara-de-comercio-dominico-brasilena-llama-a-profundizar-relacion-bilateral\/#primaryimage"},"thumbnailUrl":"https:\/\/potenciaradiofonicadominicana.com\/portal\/wp-content\/uploads\/2026\/09\/camara-dominico-brasilena-llama-a-profundizar-relacion-comercial-18f7c72f-focus-0-0-896-504.jpg","datePublished":"2026-09-02T02:49:04+00:00","breadcrumb":{"@id":"https:\/\/potenciaradiofonicadominicana.com\/portal\/la-camara-de-comercio-dominico-brasilena-llama-a-profundizar-relacion-bilateral\/#breadcrumb"},"inLanguage":"es","potentialAction":[{"@type":"ReadAction","target":["https:\/\/potenciaradiofonicadominicana.com\/portal\/la-camara-de-comercio-dominico-brasilena-llama-a-profundizar-relacion-bilateral\/"]}]},{"@type":"ImageObject","inLanguage":"es","@id":"https:\/\/potenciaradiofonicadominicana.com\/portal\/la-camara-de-comercio-dominico-brasilena-llama-a-profundizar-relacion-bilateral\/#primaryimage","url":"https:\/\/potenciaradiofonicadominicana.com\/portal\/wp-content\/uploads\/2026\/09\/camara-dominico-brasilena-llama-a-profundizar-relacion-comercial-18f7c72f-focus-0-0-896-504.jpg","contentUrl":"https:\/\/potenciaradiofonicadominicana.com\/portal\/wp-content\/uploads\/2026\/09\/camara-dominico-brasilena-llama-a-profundizar-relacion-comercial-18f7c72f-focus-0-0-896-504.jpg","width":896,"height":504},{"@type":"BreadcrumbList","@id":"https:\/\/potenciaradiofonicadominicana.com\/portal\/la-camara-de-comercio-dominico-brasilena-llama-a-profundizar-relacion-bilateral\/#breadcrumb","itemListElement":[{"@type":"ListItem","position":1,"name":"Portada","item":"https:\/\/potenciaradiofonicadominicana.com\/portal\/"},{"@type":"ListItem","position":2,"name":"La C\u00e1mara de Comercio Dom\u00ednico-Brasile\u00f1a llama a profundizar relaci\u00f3n bilateral"}]},{"@type":"WebSite","@id":"https:\/\/potenciaradiofonicadominicana.com\/portal\/#website","url":"https:\/\/potenciaradiofonicadominicana.com\/portal\/","name":"PotenciaRadiofonicaDominicana.com","description":"Peri\u00f3dico Digital","publisher":{"@id":"https:\/\/potenciaradiofonicadominicana.com\/portal\/#organization"},"potentialAction":[{"@type":"SearchAction","target":{"@type":"EntryPoint","urlTemplate":"https:\/\/potenciaradiofonicadominicana.com\/portal\/?s={search_term_string}"},"query-input":{"@type":"PropertyValueSpecification","valueRequired":true,"valueName":"search_term_string"}}],"inLanguage":"es"},{"@type":"Organization","@id":"https:\/\/potenciaradiofonicadominicana.com\/portal\/#organization","name":"PotenciaRadiofonicaDominicana.com","url":"https:\/\/potenciaradiofonicadominicana.com\/portal\/","logo":{"@type":"ImageObject","inLanguage":"es","@id":"https:\/\/potenciaradiofonicadominicana.com\/portal\/#\/schema\/logo\/image\/","url":"https:\/\/potenciaradiofonicadominicana.com\/portal\/wp-content\/uploads\/2022\/01\/descarga.png","contentUrl":"https:\/\/potenciaradiofonicadominicana.com\/portal\/wp-content\/uploads\/2022\/01\/descarga.png","width":300,"height":100,"caption":"PotenciaRadiofonicaDominicana.com"},"image":{"@id":"https:\/\/potenciaradiofonicadominicana.com\/portal\/#\/schema\/logo\/image\/"},"sameAs":["https:\/\/web.facebook.com\/PotenciaRadiofonicaD"]},{"@type":"Person","@id":"https:\/\/potenciaradiofonicadominicana.com\/portal\/#\/schema\/person\/a5cf1fea13877803ee0573ac18b03490","name":"Potencia Radiof\u00f3nica Dominicana","image":{"@type":"ImageObject","inLanguage":"es","@id":"https:\/\/potenciaradiofonicadominicana.com\/portal\/#\/schema\/person\/image\/","url":"https:\/\/secure.gravatar.com\/avatar\/42a55ab9e8ccc656ba34cd791990602a?s=96&d=mm&r=g","contentUrl":"https:\/\/secure.gravatar.com\/avatar\/42a55ab9e8ccc656ba34cd791990602a?s=96&d=mm&r=g","caption":"Potencia Radiof\u00f3nica Dominicana"},"url":"https:\/\/potenciaradiofonicadominicana.com\/portal\/author\/johannyalmanzar\/"}]}},"_links":{"self":[{"href":"https:\/\/potenciaradiofonicadominicana.com\/portal\/wp-json\/wp\/v2\/posts\/225063","targetHints":{"allow":["GET"]}}],"collection":[{"href":"https:\/\/potenciaradiofonicadominicana.com\/portal\/wp-json\/wp\/v2\/posts"}],"about":[{"href":"https:\/\/potenciaradiofonicadominicana.com\/portal\/wp-json\/wp\/v2\/types\/post"}],"author":[{"embeddable":true,"href":"https:\/\/potenciaradiofonicadominicana.com\/portal\/wp-json\/wp\/v2\/users\/2"}],"replies":[{"embeddable":true,"href":"https:\/\/potenciaradiofonicadominicana.com\/portal\/wp-json\/wp\/v2\/comments?post=225063"}],"version-history":[{"count":1,"href":"https:\/\/potenciaradiofonicadominicana.com\/portal\/wp-json\/wp\/v2\/posts\/225063\/revisions"}],"predecessor-version":[{"id":225067,"href":"https:\/\/potenciaradiofonicadominicana.com\/portal\/wp-json\/wp\/v2\/posts\/225063\/revisions\/225067"}],"wp:featuredmedia":[{"embeddable":true,"href":"https:\/\/potenciaradiofonicadominicana.com\/portal\/wp-json\/wp\/v2\/media\/225065"}],"wp:attachment":[{"href":"https:\/\/potenciaradiofonicadominicana.com\/portal\/wp-json\/wp\/v2\/media?parent=225063"}],"wp:term":[{"taxonomy":"category","embeddable":true,"href":"https:\/\/potenciaradiofonicadominicana.com\/portal\/wp-json\/wp\/v2\/categories?post=225063"},{"taxonomy":"post_tag","embeddable":true,"href":"https:\/\/potenciaradiofonicadominicana.com\/portal\/wp-json\/wp\/v2\/tags?post=225063"}],"curies":[{"name":"wp","href":"https:\/\/api.w.org\/{rel}","templated":true}]}}