{"id":225047,"date":"2026-09-01T22:45:20","date_gmt":"2026-09-02T02:45:20","guid":{"rendered":"https:\/\/potenciaradiofonicadominicana.com\/portal\/?p=225047"},"modified":"2026-09-01T22:45:20","modified_gmt":"2026-09-02T02:45:20","slug":"casi-el-60-de-las-obras-que-se-construyen-en-la-region-metropolitana-estan-paralizadas","status":"publish","type":"post","link":"https:\/\/potenciaradiofonicadominicana.com\/portal\/casi-el-60-de-las-obras-que-se-construyen-en-la-region-metropolitana-estan-paralizadas\/","title":{"rendered":"Casi el 60 % de las obras que se construyen en la regi\u00f3n metropolitana est\u00e1n paralizadas"},"content":{"rendered":"<p><a href=\"https:\/\/potenciaradiofonicadominicana.com\/portal\/wp-content\/uploads\/2026\/09\/el-598-de-las-obras-en-la-region-metropolitana-estan-paralizadas-385a3bfe-focus-0-0-896-504.jpg\"><img loading=\"lazy\" decoding=\"async\" class=\"alignnone size-full wp-image-225048\" src=\"https:\/\/potenciaradiofonicadominicana.com\/portal\/wp-content\/uploads\/2026\/09\/el-598-de-las-obras-en-la-region-metropolitana-estan-paralizadas-385a3bfe-focus-0-0-896-504.jpg\" alt=\"\" width=\"896\" height=\"504\" srcset=\"https:\/\/potenciaradiofonicadominicana.com\/portal\/wp-content\/uploads\/2026\/09\/el-598-de-las-obras-en-la-region-metropolitana-estan-paralizadas-385a3bfe-focus-0-0-896-504.jpg 896w, https:\/\/potenciaradiofonicadominicana.com\/portal\/wp-content\/uploads\/2026\/09\/el-598-de-las-obras-en-la-region-metropolitana-estan-paralizadas-385a3bfe-focus-0-0-896-504-300x169.jpg 300w, https:\/\/potenciaradiofonicadominicana.com\/portal\/wp-content\/uploads\/2026\/09\/el-598-de-las-obras-en-la-region-metropolitana-estan-paralizadas-385a3bfe-focus-0-0-896-504-768x432.jpg 768w\" sizes=\"auto, (max-width: 896px) 100vw, 896px\" \/><\/a><\/p>\n<p>Los\u00a0proyectos residenciales\u00a0y comerciales en la\u00a0regi\u00f3n metropolitana\u00a0se siguen expandiendo, pero a un ritmo cada vez m\u00e1s pausado; entre enero y junio del 2026, la demarcaci\u00f3n cont\u00f3 con 6,682 obras de\u00a0construcci\u00f3n, de las cuales el 59.8 % (3,994) estaban paralizadas.<\/p>\n<p>Este estado de la obra indica que los\u00a0constructores\u00a0y desarrolladores han detenido su actividad (la cual podr\u00eda reanudarse en cualquier momento), a diferencia de una obra abandonada, que ya muestra signos de deterioro estructural y represent\u00f3 apenas\u00a0284 proyectos, el 4.3 % del total en el primer semestre de este a\u00f1o.<\/p>\n<p>La mayor\u00eda de las edificaciones pararon en etapas intermedias o avanzadas del proceso de\u00a0construcci\u00f3n. El 44.6 % de las\u00a0obras paralizadas\u00a0estaban en\u00a0fase de estructura, el 24.5 %\u00a0 se detuvo en\u00a0pa\u00f1ete\u00a0y el 29.0 % en la\u00a0fase de revestimiento, de acuerdo al\u00a0 Registro de Oferta de Edificaciones 2026-1, un estudio realizado por la Oficina Nacional de Estad\u00edstica (ONE).<\/p>\n<p>La par\u00e1lisis en los proyectos en\u00a0construcci\u00f3n\u00a0se da en momentos en los que se observa una\u00a0menor incorporaci\u00f3n\u00a0relativa de\u00a0obras nuevas\u00a0(que representaron apenas 11.1 % del total) y una mayor concentraci\u00f3n del metraje en proyectos de\u00a0gran escala.<\/p>\n<p>En ese sentido, la mayor\u00eda de los proyectos activos se trata de obras que actualizaron su\u00a0fase constructiva\u00a0(incluyendo aquellas que pasaron a detener su actividad), cuya participaci\u00f3n increment\u00f3 7.8 puntos porcentuales, al pasar de 81.1 % en el\u00a0segundo semestre\u00a0de 2025 a\u00a088.9 %\u00a0en el primer semestre de 2026.<\/p>\n<p>Esto corresponde a\u00a05,937 obras\u00a0actualizadas, una\u00a0tendencia com\u00fan\u00a0en todos los municipios de la\u00a0regi\u00f3n metropolitana. En tanto, las 745 obras restantes corresponden a\u00a0obras nuevas.<\/p>\n<div class=\"my-12 component web-insert relative border bg-component\"><span class=\"text-xl block my-3 component-title glosa\">Actividad del sector construcci\u00f3n<\/span>Aunque existen m\u00e1s proyectos en curso que nuevos, la actividad econ\u00f3mica del sector construcci\u00f3n creci\u00f3 6.7 % en el primer semestre de este a\u00f1o y se mantiene en aumento, cerrando julio con una expansi\u00f3n interanual de 8.1 %, seg\u00fan el Banco Central de la Rep\u00fablica Dominicana (BCRD).<\/p>\n<\/div>\n<p>Aunque\u00a0Boca Chica\u00a0representa apenas el 9.7 % de las 6,682 obras levantadas en la\u00a0regi\u00f3n metropolitana, con\u00a0650 proyectos\u00a0en\u00a0construcci\u00f3n\u00a0entre enero y junio de este a\u00f1o, el 73.5 % de estos estuvo paralizado en el per\u00edodo citado, siendo el municipio donde se observa un avance m\u00e1s lento de los proyectos.<\/p>\n<p>A este le siguen\u00a0Los Alcarrizos\u00a0(73.3 %),\u00a0San Antonio de Guerra\u00a0(71.6 %) y\u00a0Pedro Brand\u00a0(66.4 %).<\/p>\n<p>Santo Domingo Este, que figur\u00f3 como la demarcaci\u00f3n con m\u00e1s obras de todo el per\u00edodo (2,271), contaba con el 60.6 % de sus obras en estado de paralizaci\u00f3n, siendo tambi\u00e9n en t\u00e9rminos absolutos la demarcaci\u00f3n con m\u00e1s proyectos detenidos, mientras que Santo Domingo de Guzm\u00e1n, que cuenta con 898 obras en\u00a0construcci\u00f3n, fue el municipio con menos obras interrumpidas, con el 33.1 %.<\/p>\n","protected":false},"excerpt":{"rendered":"<p>Los\u00a0proyectos residenciales\u00a0y comerciales en la\u00a0regi\u00f3n metropolitana\u00a0se siguen expandiendo, pero a un ritmo cada vez m\u00e1s pausado; entre enero y junio &#8230;<\/p>\n","protected":false},"author":2,"featured_media":225048,"comment_status":"closed","ping_status":"closed","sticky":false,"template":"","format":"standard","meta":{"footnotes":""},"categories":[26],"tags":[],"class_list":["post-225047","post","type-post","status-publish","format-standard","has-post-thumbnail","hentry","category-economia"],"yoast_head":"<!-- This site is optimized with the Yoast SEO plugin v24.8.1 - https:\/\/yoast.com\/wordpress\/plugins\/seo\/ -->\n<title>Casi el 60 % de las obras que se construyen en la regi\u00f3n metropolitana est\u00e1n paralizadas - PotenciaRadiofonicaDominicana.com<\/title>\n<meta name=\"robots\" content=\"index, follow, max-snippet:-1, max-image-preview:large, max-video-preview:-1\" \/>\n<link rel=\"canonical\" href=\"https:\/\/potenciaradiofonicadominicana.com\/portal\/casi-el-60-de-las-obras-que-se-construyen-en-la-region-metropolitana-estan-paralizadas\/\" \/>\n<meta property=\"og:locale\" content=\"es_ES\" \/>\n<meta property=\"og:type\" content=\"article\" \/>\n<meta property=\"og:title\" content=\"Casi el 60 % de las obras que se construyen en la regi\u00f3n metropolitana est\u00e1n paralizadas - PotenciaRadiofonicaDominicana.com\" \/>\n<meta property=\"og:description\" content=\"Los\u00a0proyectos residenciales\u00a0y comerciales en la\u00a0regi\u00f3n metropolitana\u00a0se siguen expandiendo, pero a un ritmo cada vez m\u00e1s pausado; entre enero y junio ...\" \/>\n<meta property=\"og:url\" content=\"https:\/\/potenciaradiofonicadominicana.com\/portal\/casi-el-60-de-las-obras-que-se-construyen-en-la-region-metropolitana-estan-paralizadas\/\" \/>\n<meta property=\"og:site_name\" content=\"PotenciaRadiofonicaDominicana.com\" \/>\n<meta property=\"article:publisher\" content=\"https:\/\/web.facebook.com\/PotenciaRadiofonicaD\" \/>\n<meta property=\"article:published_time\" content=\"2026-09-02T02:45:20+00:00\" \/>\n<meta property=\"og:image\" content=\"https:\/\/potenciaradiofonicadominicana.com\/portal\/wp-content\/uploads\/2026\/09\/el-598-de-las-obras-en-la-region-metropolitana-estan-paralizadas-385a3bfe-focus-0-0-896-504.jpg\" \/>\n\t<meta property=\"og:image:width\" content=\"896\" \/>\n\t<meta property=\"og:image:height\" content=\"504\" \/>\n\t<meta property=\"og:image:type\" content=\"image\/jpeg\" \/>\n<meta name=\"author\" content=\"Potencia Radiof\u00f3nica Dominicana\" \/>\n<meta name=\"twitter:card\" content=\"summary_large_image\" \/>\n<meta name=\"twitter:label1\" content=\"Escrito por\" \/>\n\t<meta name=\"twitter:data1\" content=\"Potencia Radiof\u00f3nica Dominicana\" \/>\n\t<meta name=\"twitter:label2\" content=\"Tiempo de lectura\" \/>\n\t<meta name=\"twitter:data2\" content=\"3 minutos\" \/>\n<script type=\"application\/ld+json\" class=\"yoast-schema-graph\">{\"@context\":\"https:\/\/schema.org\",\"@graph\":[{\"@type\":\"Article\",\"@id\":\"https:\/\/potenciaradiofonicadominicana.com\/portal\/casi-el-60-de-las-obras-que-se-construyen-en-la-region-metropolitana-estan-paralizadas\/#article\",\"isPartOf\":{\"@id\":\"https:\/\/potenciaradiofonicadominicana.com\/portal\/casi-el-60-de-las-obras-que-se-construyen-en-la-region-metropolitana-estan-paralizadas\/\"},\"author\":{\"name\":\"Potencia Radiof\u00f3nica Dominicana\",\"@id\":\"https:\/\/potenciaradiofonicadominicana.com\/portal\/#\/schema\/person\/a5cf1fea13877803ee0573ac18b03490\"},\"headline\":\"Casi el 60 % de las obras que se construyen en la regi\u00f3n metropolitana est\u00e1n paralizadas\",\"datePublished\":\"2026-09-02T02:45:20+00:00\",\"mainEntityOfPage\":{\"@id\":\"https:\/\/potenciaradiofonicadominicana.com\/portal\/casi-el-60-de-las-obras-que-se-construyen-en-la-region-metropolitana-estan-paralizadas\/\"},\"wordCount\":472,\"publisher\":{\"@id\":\"https:\/\/potenciaradiofonicadominicana.com\/portal\/#organization\"},\"image\":{\"@id\":\"https:\/\/potenciaradiofonicadominicana.com\/portal\/casi-el-60-de-las-obras-que-se-construyen-en-la-region-metropolitana-estan-paralizadas\/#primaryimage\"},\"thumbnailUrl\":\"https:\/\/potenciaradiofonicadominicana.com\/portal\/wp-content\/uploads\/2026\/09\/el-598-de-las-obras-en-la-region-metropolitana-estan-paralizadas-385a3bfe-focus-0-0-896-504.jpg\",\"articleSection\":[\"Econom\u00eda\"],\"inLanguage\":\"es\"},{\"@type\":\"WebPage\",\"@id\":\"https:\/\/potenciaradiofonicadominicana.com\/portal\/casi-el-60-de-las-obras-que-se-construyen-en-la-region-metropolitana-estan-paralizadas\/\",\"url\":\"https:\/\/potenciaradiofonicadominicana.com\/portal\/casi-el-60-de-las-obras-que-se-construyen-en-la-region-metropolitana-estan-paralizadas\/\",\"name\":\"Casi el 60 % de las obras que se construyen en la regi\u00f3n metropolitana est\u00e1n paralizadas - PotenciaRadiofonicaDominicana.com\",\"isPartOf\":{\"@id\":\"https:\/\/potenciaradiofonicadominicana.com\/portal\/#website\"},\"primaryImageOfPage\":{\"@id\":\"https:\/\/potenciaradiofonicadominicana.com\/portal\/casi-el-60-de-las-obras-que-se-construyen-en-la-region-metropolitana-estan-paralizadas\/#primaryimage\"},\"image\":{\"@id\":\"https:\/\/potenciaradiofonicadominicana.com\/portal\/casi-el-60-de-las-obras-que-se-construyen-en-la-region-metropolitana-estan-paralizadas\/#primaryimage\"},\"thumbnailUrl\":\"https:\/\/potenciaradiofonicadominicana.com\/portal\/wp-content\/uploads\/2026\/09\/el-598-de-las-obras-en-la-region-metropolitana-estan-paralizadas-385a3bfe-focus-0-0-896-504.jpg\",\"datePublished\":\"2026-09-02T02:45:20+00:00\",\"breadcrumb\":{\"@id\":\"https:\/\/potenciaradiofonicadominicana.com\/portal\/casi-el-60-de-las-obras-que-se-construyen-en-la-region-metropolitana-estan-paralizadas\/#breadcrumb\"},\"inLanguage\":\"es\",\"potentialAction\":[{\"@type\":\"ReadAction\",\"target\":[\"https:\/\/potenciaradiofonicadominicana.com\/portal\/casi-el-60-de-las-obras-que-se-construyen-en-la-region-metropolitana-estan-paralizadas\/\"]}]},{\"@type\":\"ImageObject\",\"inLanguage\":\"es\",\"@id\":\"https:\/\/potenciaradiofonicadominicana.com\/portal\/casi-el-60-de-las-obras-que-se-construyen-en-la-region-metropolitana-estan-paralizadas\/#primaryimage\",\"url\":\"https:\/\/potenciaradiofonicadominicana.com\/portal\/wp-content\/uploads\/2026\/09\/el-598-de-las-obras-en-la-region-metropolitana-estan-paralizadas-385a3bfe-focus-0-0-896-504.jpg\",\"contentUrl\":\"https:\/\/potenciaradiofonicadominicana.com\/portal\/wp-content\/uploads\/2026\/09\/el-598-de-las-obras-en-la-region-metropolitana-estan-paralizadas-385a3bfe-focus-0-0-896-504.jpg\",\"width\":896,\"height\":504},{\"@type\":\"BreadcrumbList\",\"@id\":\"https:\/\/potenciaradiofonicadominicana.com\/portal\/casi-el-60-de-las-obras-que-se-construyen-en-la-region-metropolitana-estan-paralizadas\/#breadcrumb\",\"itemListElement\":[{\"@type\":\"ListItem\",\"position\":1,\"name\":\"Portada\",\"item\":\"https:\/\/potenciaradiofonicadominicana.com\/portal\/\"},{\"@type\":\"ListItem\",\"position\":2,\"name\":\"Casi el 60 % de las obras que se construyen en la regi\u00f3n metropolitana est\u00e1n paralizadas\"}]},{\"@type\":\"WebSite\",\"@id\":\"https:\/\/potenciaradiofonicadominicana.com\/portal\/#website\",\"url\":\"https:\/\/potenciaradiofonicadominicana.com\/portal\/\",\"name\":\"PotenciaRadiofonicaDominicana.com\",\"description\":\"Peri\u00f3dico Digital\",\"publisher\":{\"@id\":\"https:\/\/potenciaradiofonicadominicana.com\/portal\/#organization\"},\"potentialAction\":[{\"@type\":\"SearchAction\",\"target\":{\"@type\":\"EntryPoint\",\"urlTemplate\":\"https:\/\/potenciaradiofonicadominicana.com\/portal\/?s={search_term_string}\"},\"query-input\":{\"@type\":\"PropertyValueSpecification\",\"valueRequired\":true,\"valueName\":\"search_term_string\"}}],\"inLanguage\":\"es\"},{\"@type\":\"Organization\",\"@id\":\"https:\/\/potenciaradiofonicadominicana.com\/portal\/#organization\",\"name\":\"PotenciaRadiofonicaDominicana.com\",\"url\":\"https:\/\/potenciaradiofonicadominicana.com\/portal\/\",\"logo\":{\"@type\":\"ImageObject\",\"inLanguage\":\"es\",\"@id\":\"https:\/\/potenciaradiofonicadominicana.com\/portal\/#\/schema\/logo\/image\/\",\"url\":\"https:\/\/potenciaradiofonicadominicana.com\/portal\/wp-content\/uploads\/2022\/01\/descarga.png\",\"contentUrl\":\"https:\/\/potenciaradiofonicadominicana.com\/portal\/wp-content\/uploads\/2022\/01\/descarga.png\",\"width\":300,\"height\":100,\"caption\":\"PotenciaRadiofonicaDominicana.com\"},\"image\":{\"@id\":\"https:\/\/potenciaradiofonicadominicana.com\/portal\/#\/schema\/logo\/image\/\"},\"sameAs\":[\"https:\/\/web.facebook.com\/PotenciaRadiofonicaD\"]},{\"@type\":\"Person\",\"@id\":\"https:\/\/potenciaradiofonicadominicana.com\/portal\/#\/schema\/person\/a5cf1fea13877803ee0573ac18b03490\",\"name\":\"Potencia Radiof\u00f3nica Dominicana\",\"image\":{\"@type\":\"ImageObject\",\"inLanguage\":\"es\",\"@id\":\"https:\/\/potenciaradiofonicadominicana.com\/portal\/#\/schema\/person\/image\/\",\"url\":\"https:\/\/secure.gravatar.com\/avatar\/42a55ab9e8ccc656ba34cd791990602a?s=96&d=mm&r=g\",\"contentUrl\":\"https:\/\/secure.gravatar.com\/avatar\/42a55ab9e8ccc656ba34cd791990602a?s=96&d=mm&r=g\",\"caption\":\"Potencia Radiof\u00f3nica Dominicana\"},\"url\":\"https:\/\/potenciaradiofonicadominicana.com\/portal\/author\/johannyalmanzar\/\"}]}<\/script>\n<!-- \/ Yoast SEO plugin. -->","yoast_head_json":{"title":"Casi el 60 % de las obras que se construyen en la regi\u00f3n metropolitana est\u00e1n paralizadas - PotenciaRadiofonicaDominicana.com","robots":{"index":"index","follow":"follow","max-snippet":"max-snippet:-1","max-image-preview":"max-image-preview:large","max-video-preview":"max-video-preview:-1"},"canonical":"https:\/\/potenciaradiofonicadominicana.com\/portal\/casi-el-60-de-las-obras-que-se-construyen-en-la-region-metropolitana-estan-paralizadas\/","og_locale":"es_ES","og_type":"article","og_title":"Casi el 60 % de las obras que se construyen en la regi\u00f3n metropolitana est\u00e1n paralizadas - PotenciaRadiofonicaDominicana.com","og_description":"Los\u00a0proyectos residenciales\u00a0y comerciales en la\u00a0regi\u00f3n metropolitana\u00a0se siguen expandiendo, pero a un ritmo cada vez m\u00e1s pausado; entre enero y junio ...","og_url":"https:\/\/potenciaradiofonicadominicana.com\/portal\/casi-el-60-de-las-obras-que-se-construyen-en-la-region-metropolitana-estan-paralizadas\/","og_site_name":"PotenciaRadiofonicaDominicana.com","article_publisher":"https:\/\/web.facebook.com\/PotenciaRadiofonicaD","article_published_time":"2026-09-02T02:45:20+00:00","og_image":[{"width":896,"height":504,"url":"https:\/\/potenciaradiofonicadominicana.com\/portal\/wp-content\/uploads\/2026\/09\/el-598-de-las-obras-en-la-region-metropolitana-estan-paralizadas-385a3bfe-focus-0-0-896-504.jpg","type":"image\/jpeg"}],"author":"Potencia Radiof\u00f3nica Dominicana","twitter_card":"summary_large_image","twitter_misc":{"Escrito por":"Potencia Radiof\u00f3nica Dominicana","Tiempo de lectura":"3 minutos"},"schema":{"@context":"https:\/\/schema.org","@graph":[{"@type":"Article","@id":"https:\/\/potenciaradiofonicadominicana.com\/portal\/casi-el-60-de-las-obras-que-se-construyen-en-la-region-metropolitana-estan-paralizadas\/#article","isPartOf":{"@id":"https:\/\/potenciaradiofonicadominicana.com\/portal\/casi-el-60-de-las-obras-que-se-construyen-en-la-region-metropolitana-estan-paralizadas\/"},"author":{"name":"Potencia Radiof\u00f3nica Dominicana","@id":"https:\/\/potenciaradiofonicadominicana.com\/portal\/#\/schema\/person\/a5cf1fea13877803ee0573ac18b03490"},"headline":"Casi el 60 % de las obras que se construyen en la regi\u00f3n metropolitana est\u00e1n paralizadas","datePublished":"2026-09-02T02:45:20+00:00","mainEntityOfPage":{"@id":"https:\/\/potenciaradiofonicadominicana.com\/portal\/casi-el-60-de-las-obras-que-se-construyen-en-la-region-metropolitana-estan-paralizadas\/"},"wordCount":472,"publisher":{"@id":"https:\/\/potenciaradiofonicadominicana.com\/portal\/#organization"},"image":{"@id":"https:\/\/potenciaradiofonicadominicana.com\/portal\/casi-el-60-de-las-obras-que-se-construyen-en-la-region-metropolitana-estan-paralizadas\/#primaryimage"},"thumbnailUrl":"https:\/\/potenciaradiofonicadominicana.com\/portal\/wp-content\/uploads\/2026\/09\/el-598-de-las-obras-en-la-region-metropolitana-estan-paralizadas-385a3bfe-focus-0-0-896-504.jpg","articleSection":["Econom\u00eda"],"inLanguage":"es"},{"@type":"WebPage","@id":"https:\/\/potenciaradiofonicadominicana.com\/portal\/casi-el-60-de-las-obras-que-se-construyen-en-la-region-metropolitana-estan-paralizadas\/","url":"https:\/\/potenciaradiofonicadominicana.com\/portal\/casi-el-60-de-las-obras-que-se-construyen-en-la-region-metropolitana-estan-paralizadas\/","name":"Casi el 60 % de las obras que se construyen en la regi\u00f3n metropolitana est\u00e1n paralizadas - PotenciaRadiofonicaDominicana.com","isPartOf":{"@id":"https:\/\/potenciaradiofonicadominicana.com\/portal\/#website"},"primaryImageOfPage":{"@id":"https:\/\/potenciaradiofonicadominicana.com\/portal\/casi-el-60-de-las-obras-que-se-construyen-en-la-region-metropolitana-estan-paralizadas\/#primaryimage"},"image":{"@id":"https:\/\/potenciaradiofonicadominicana.com\/portal\/casi-el-60-de-las-obras-que-se-construyen-en-la-region-metropolitana-estan-paralizadas\/#primaryimage"},"thumbnailUrl":"https:\/\/potenciaradiofonicadominicana.com\/portal\/wp-content\/uploads\/2026\/09\/el-598-de-las-obras-en-la-region-metropolitana-estan-paralizadas-385a3bfe-focus-0-0-896-504.jpg","datePublished":"2026-09-02T02:45:20+00:00","breadcrumb":{"@id":"https:\/\/potenciaradiofonicadominicana.com\/portal\/casi-el-60-de-las-obras-que-se-construyen-en-la-region-metropolitana-estan-paralizadas\/#breadcrumb"},"inLanguage":"es","potentialAction":[{"@type":"ReadAction","target":["https:\/\/potenciaradiofonicadominicana.com\/portal\/casi-el-60-de-las-obras-que-se-construyen-en-la-region-metropolitana-estan-paralizadas\/"]}]},{"@type":"ImageObject","inLanguage":"es","@id":"https:\/\/potenciaradiofonicadominicana.com\/portal\/casi-el-60-de-las-obras-que-se-construyen-en-la-region-metropolitana-estan-paralizadas\/#primaryimage","url":"https:\/\/potenciaradiofonicadominicana.com\/portal\/wp-content\/uploads\/2026\/09\/el-598-de-las-obras-en-la-region-metropolitana-estan-paralizadas-385a3bfe-focus-0-0-896-504.jpg","contentUrl":"https:\/\/potenciaradiofonicadominicana.com\/portal\/wp-content\/uploads\/2026\/09\/el-598-de-las-obras-en-la-region-metropolitana-estan-paralizadas-385a3bfe-focus-0-0-896-504.jpg","width":896,"height":504},{"@type":"BreadcrumbList","@id":"https:\/\/potenciaradiofonicadominicana.com\/portal\/casi-el-60-de-las-obras-que-se-construyen-en-la-region-metropolitana-estan-paralizadas\/#breadcrumb","itemListElement":[{"@type":"ListItem","position":1,"name":"Portada","item":"https:\/\/potenciaradiofonicadominicana.com\/portal\/"},{"@type":"ListItem","position":2,"name":"Casi el 60 % de las obras que se construyen en la regi\u00f3n metropolitana est\u00e1n paralizadas"}]},{"@type":"WebSite","@id":"https:\/\/potenciaradiofonicadominicana.com\/portal\/#website","url":"https:\/\/potenciaradiofonicadominicana.com\/portal\/","name":"PotenciaRadiofonicaDominicana.com","description":"Peri\u00f3dico Digital","publisher":{"@id":"https:\/\/potenciaradiofonicadominicana.com\/portal\/#organization"},"potentialAction":[{"@type":"SearchAction","target":{"@type":"EntryPoint","urlTemplate":"https:\/\/potenciaradiofonicadominicana.com\/portal\/?s={search_term_string}"},"query-input":{"@type":"PropertyValueSpecification","valueRequired":true,"valueName":"search_term_string"}}],"inLanguage":"es"},{"@type":"Organization","@id":"https:\/\/potenciaradiofonicadominicana.com\/portal\/#organization","name":"PotenciaRadiofonicaDominicana.com","url":"https:\/\/potenciaradiofonicadominicana.com\/portal\/","logo":{"@type":"ImageObject","inLanguage":"es","@id":"https:\/\/potenciaradiofonicadominicana.com\/portal\/#\/schema\/logo\/image\/","url":"https:\/\/potenciaradiofonicadominicana.com\/portal\/wp-content\/uploads\/2022\/01\/descarga.png","contentUrl":"https:\/\/potenciaradiofonicadominicana.com\/portal\/wp-content\/uploads\/2022\/01\/descarga.png","width":300,"height":100,"caption":"PotenciaRadiofonicaDominicana.com"},"image":{"@id":"https:\/\/potenciaradiofonicadominicana.com\/portal\/#\/schema\/logo\/image\/"},"sameAs":["https:\/\/web.facebook.com\/PotenciaRadiofonicaD"]},{"@type":"Person","@id":"https:\/\/potenciaradiofonicadominicana.com\/portal\/#\/schema\/person\/a5cf1fea13877803ee0573ac18b03490","name":"Potencia Radiof\u00f3nica Dominicana","image":{"@type":"ImageObject","inLanguage":"es","@id":"https:\/\/potenciaradiofonicadominicana.com\/portal\/#\/schema\/person\/image\/","url":"https:\/\/secure.gravatar.com\/avatar\/42a55ab9e8ccc656ba34cd791990602a?s=96&d=mm&r=g","contentUrl":"https:\/\/secure.gravatar.com\/avatar\/42a55ab9e8ccc656ba34cd791990602a?s=96&d=mm&r=g","caption":"Potencia Radiof\u00f3nica Dominicana"},"url":"https:\/\/potenciaradiofonicadominicana.com\/portal\/author\/johannyalmanzar\/"}]}},"_links":{"self":[{"href":"https:\/\/potenciaradiofonicadominicana.com\/portal\/wp-json\/wp\/v2\/posts\/225047","targetHints":{"allow":["GET"]}}],"collection":[{"href":"https:\/\/potenciaradiofonicadominicana.com\/portal\/wp-json\/wp\/v2\/posts"}],"about":[{"href":"https:\/\/potenciaradiofonicadominicana.com\/portal\/wp-json\/wp\/v2\/types\/post"}],"author":[{"embeddable":true,"href":"https:\/\/potenciaradiofonicadominicana.com\/portal\/wp-json\/wp\/v2\/users\/2"}],"replies":[{"embeddable":true,"href":"https:\/\/potenciaradiofonicadominicana.com\/portal\/wp-json\/wp\/v2\/comments?post=225047"}],"version-history":[{"count":1,"href":"https:\/\/potenciaradiofonicadominicana.com\/portal\/wp-json\/wp\/v2\/posts\/225047\/revisions"}],"predecessor-version":[{"id":225053,"href":"https:\/\/potenciaradiofonicadominicana.com\/portal\/wp-json\/wp\/v2\/posts\/225047\/revisions\/225053"}],"wp:featuredmedia":[{"embeddable":true,"href":"https:\/\/potenciaradiofonicadominicana.com\/portal\/wp-json\/wp\/v2\/media\/225048"}],"wp:attachment":[{"href":"https:\/\/potenciaradiofonicadominicana.com\/portal\/wp-json\/wp\/v2\/media?parent=225047"}],"wp:term":[{"taxonomy":"category","embeddable":true,"href":"https:\/\/potenciaradiofonicadominicana.com\/portal\/wp-json\/wp\/v2\/categories?post=225047"},{"taxonomy":"post_tag","embeddable":true,"href":"https:\/\/potenciaradiofonicadominicana.com\/portal\/wp-json\/wp\/v2\/tags?post=225047"}],"curies":[{"name":"wp","href":"https:\/\/api.w.org\/{rel}","templated":true}]}}