{"id":225043,"date":"2026-09-01T22:43:23","date_gmt":"2026-09-02T02:43:23","guid":{"rendered":"https:\/\/potenciaradiofonicadominicana.com\/portal\/?p=225043"},"modified":"2026-09-01T22:43:23","modified_gmt":"2026-09-02T02:43:23","slug":"el-gobierno-acelera-la-emision-de-deuda-y-se-acerca-a-los-us68000-millones","status":"publish","type":"post","link":"https:\/\/potenciaradiofonicadominicana.com\/portal\/el-gobierno-acelera-la-emision-de-deuda-y-se-acerca-a-los-us68000-millones\/","title":{"rendered":"El Gobierno acelera la emisi\u00f3n de deuda y se acerca a los US$68,000 millones"},"content":{"rendered":"<p><a href=\"https:\/\/potenciaradiofonicadominicana.com\/portal\/wp-content\/uploads\/2026\/09\/rd-cerraria-2025-como-el-sexto-pais-con-deuda-publica-mas-alta-de-al-97b756f8-focus-0-0-896-504.jpg\"><img loading=\"lazy\" decoding=\"async\" class=\"alignnone size-full wp-image-225044\" src=\"https:\/\/potenciaradiofonicadominicana.com\/portal\/wp-content\/uploads\/2026\/09\/rd-cerraria-2025-como-el-sexto-pais-con-deuda-publica-mas-alta-de-al-97b756f8-focus-0-0-896-504.jpg\" alt=\"\" width=\"896\" height=\"504\" srcset=\"https:\/\/potenciaradiofonicadominicana.com\/portal\/wp-content\/uploads\/2026\/09\/rd-cerraria-2025-como-el-sexto-pais-con-deuda-publica-mas-alta-de-al-97b756f8-focus-0-0-896-504.jpg 896w, https:\/\/potenciaradiofonicadominicana.com\/portal\/wp-content\/uploads\/2026\/09\/rd-cerraria-2025-como-el-sexto-pais-con-deuda-publica-mas-alta-de-al-97b756f8-focus-0-0-896-504-300x169.jpg 300w, https:\/\/potenciaradiofonicadominicana.com\/portal\/wp-content\/uploads\/2026\/09\/rd-cerraria-2025-como-el-sexto-pais-con-deuda-publica-mas-alta-de-al-97b756f8-focus-0-0-896-504-768x432.jpg 768w\" sizes=\"auto, (max-width: 896px) 100vw, 896px\" \/><\/a><\/p>\n<p>El\u00a0Gobierno dominicano\u00a0le puso el acelerador a la\u00a0emisi\u00f3n de nueva deuda\u00a0p\u00fablica entre enero y julio de 2026, duplicando el ritmo de colocaciones de los \u00faltimos tres a\u00f1os y acercando los compromisos crediticios del pa\u00eds a los\u00a068,000 millones de d\u00f3lares, luego del aumento registrado el pasado julio.<\/p>\n<div class=\"my-12 component web-insert-bullet relative border bg-component\">\n<p>De promediar 3,231.8 millones de d\u00f3lares en nuevos financiamientos entre 2023 y 2025, per\u00edodo en el cual se emitieron 9,695.4 millones, el monto de deuda colocado por la Rep\u00fablica Dominicana en los primeros siete meses de este a\u00f1o ascendi\u00f3 a 6,277.9 millones de d\u00f3lares, cifra que casi duplica la de los tres a\u00f1os anteriores.<\/p>\n<\/div>\n<p>El ritmo de emisi\u00f3n de financiamiento, tanto en el mercado interno como en el externo, elev\u00f3 la\u00a0deuda del sector p\u00fablico\u00a0no financiero hasta los\u00a067,827.8 millones de d\u00f3lares\u00a0al s\u00e9ptimo mes de 2026, cifra que representa un crecimiento de\u00a010.2 %\u00a0en comparaci\u00f3n con el monto de diciembre del a\u00f1o pasado.<\/p>\n<p>Solo entre el\u00a02023\u00a0y el s\u00e9ptimo mes de este a\u00f1o la deuda de los dominicanos tuvo un alza absoluta de\u00a012,999 millones de d\u00f3lares, equivalente a un salto de un\u00a023.7 %.<\/p>\n<p>Las estad\u00edsticas de la\u00a0Direcci\u00f3n General de Cr\u00e9dito P\u00fablico\u00a0del\u00a0Ministerio de Hacienda y Econom\u00eda\u00a0establecen que en julio pasado se a\u00f1adieron otros\u00a0457.1 millones de d\u00f3lares\u00a0en nuevos compromisos crediticios, en comparaci\u00f3n con el cierre del mes anterior.<\/p>\n<p>El aumento del saldo adeudado por los dominicanos tambi\u00e9n impuls\u00f3 la relaci\u00f3n\u00a0deuda\/PIB\u00a0(producto interno bruto). Al julio de 2026, ese indicador se situ\u00f3 en un\u00a048.2 %, ligeramente superior al\u00a048.1 %\u00a0que alcanz\u00f3 a diciembre del a\u00f1o pasado.<\/p>\n<p>Sin embargo, al analizar esa relaci\u00f3n en un per\u00edodo m\u00e1s amplio, desde\u00a02023, se evidencia un incremento de\u00a02.8 puntos porcentuales, de acuerdo con los registros de\u00a0Cr\u00e9dito P\u00fablico.<\/p>\n<p>El aumento de los compromisos de cr\u00e9ditos asumidos por el pa\u00eds ha estado impulsado tanto por el\u00a0componente externo\u00a0e interno de la deuda, aunque este \u00faltimo es el que muestra la\u00a0mayor expansi\u00f3n.<\/p>\n<p>Entre enero y julio la\u00a0deuda interna\u00a0se increment\u00f3 en\u00a03,641.5 millones de d\u00f3lares, al pasar de 16,070.6 millones en diciembre del a\u00f1o pasado a\u00a019,712.1 millones de d\u00f3lares\u00a0al s\u00e9ptimo mes de 2026, equivalente a un aumento de un\u00a022.6 %.<\/p>\n<p>Asimismo, la\u00a0deuda externa, aunque en menor proporci\u00f3n, registr\u00f3 un alza de un\u00a05.8 %\u00a0en los primeros siete meses de este a\u00f1o, significando un monto adicional de 2,636.5 millones de d\u00f3lares con relaci\u00f3n al cierre de 2025. Los compromisos crediticios externos del pa\u00eds alcanzaron los\u00a048,115.8 millones de d\u00f3lares\u00a0a julio.<\/p>\n<p>Los gastos del Gobierno central crecieron a un ritmo m\u00e1s acelerado que los\u00a0ingresos\u00a0durante el\u00a0primer semestre de este a\u00f1o, una situaci\u00f3n que tambi\u00e9n se observ\u00f3 el pasado julio, aunque con el agravante de que estos \u00faltimos mostraron una ca\u00edda interanual.<\/p>\n<div class=\"my-12 component web-insert-bullet relative border bg-component\">\n<p>Entre enero y junio de 2026 los ingresos registraron un crecimiento de un 7.3 %, tras alcanzar los 667,550.4 millones de pesos. Sin embargo, al s\u00e9ptimo mes del a\u00f1o sufrieron una ca\u00edda de un 9.9 %, luego de sumar 102,379.4 millones, una reducci\u00f3n absoluta de 11,266.1 millones de pesos con respecto a julio del a\u00f1o pasado.<\/p>\n<\/div>\n<p>Los datos est\u00e1n contenidos en el\u00a0Panorama Macroecon\u00f3mico 2026-2030, elaborado por el\u00a0Ministerio de Hacienda y Econom\u00eda, y en el informe de ejecuci\u00f3n presupuestaria correspondiente a julio de la\u00a0Direcci\u00f3n General de Presupuesto\u00a0(Digepres).<\/p>\n<p>En cambio, los gastos del Gobierno central en el\u00a0primer semestre\u00a0de este a\u00f1o alcanzaron los\u00a0754,831.4 millones de pesos, lo que represent\u00f3 un incremento de un\u00a08.5 %\u00a0respecto al igual lapso de 2025. Las cifras establecen que las erogaciones de enero-junio superaron en\u00a01.2 puntos porcentuales\u00a0las recaudaciones y otras fuentes de\u00a0ingresos\u00a0de ese mismo per\u00edodo.<\/p>\n<p>Asimismo, en julio pasado, contrario a los\u00a0ingresos\u00a0que sufrieron una\u00a0ca\u00edda de casi un 10 %, los gastos crecieron un\u00a012.8 %, seg\u00fan las estad\u00edsticas de la\u00a0Digepres.<\/p>\n","protected":false},"excerpt":{"rendered":"<p>El\u00a0Gobierno dominicano\u00a0le puso el acelerador a la\u00a0emisi\u00f3n de nueva deuda\u00a0p\u00fablica entre enero y julio de 2026, duplicando el ritmo de &#8230;<\/p>\n","protected":false},"author":2,"featured_media":225044,"comment_status":"closed","ping_status":"closed","sticky":false,"template":"","format":"standard","meta":{"footnotes":""},"categories":[26],"tags":[],"class_list":["post-225043","post","type-post","status-publish","format-standard","has-post-thumbnail","hentry","category-economia"],"yoast_head":"<!-- This site is optimized with the Yoast SEO plugin v24.8.1 - https:\/\/yoast.com\/wordpress\/plugins\/seo\/ -->\n<title>El Gobierno acelera la emisi\u00f3n de deuda y se acerca a los US$68,000 millones - PotenciaRadiofonicaDominicana.com<\/title>\n<meta name=\"robots\" content=\"index, follow, max-snippet:-1, max-image-preview:large, max-video-preview:-1\" \/>\n<link rel=\"canonical\" href=\"https:\/\/potenciaradiofonicadominicana.com\/portal\/el-gobierno-acelera-la-emision-de-deuda-y-se-acerca-a-los-us68000-millones\/\" \/>\n<meta property=\"og:locale\" content=\"es_ES\" \/>\n<meta property=\"og:type\" content=\"article\" \/>\n<meta property=\"og:title\" content=\"El Gobierno acelera la emisi\u00f3n de deuda y se acerca a los US$68,000 millones - PotenciaRadiofonicaDominicana.com\" \/>\n<meta property=\"og:description\" content=\"El\u00a0Gobierno dominicano\u00a0le puso el acelerador a la\u00a0emisi\u00f3n de nueva deuda\u00a0p\u00fablica entre enero y julio de 2026, duplicando el ritmo de ...\" \/>\n<meta property=\"og:url\" content=\"https:\/\/potenciaradiofonicadominicana.com\/portal\/el-gobierno-acelera-la-emision-de-deuda-y-se-acerca-a-los-us68000-millones\/\" \/>\n<meta property=\"og:site_name\" content=\"PotenciaRadiofonicaDominicana.com\" \/>\n<meta property=\"article:publisher\" content=\"https:\/\/web.facebook.com\/PotenciaRadiofonicaD\" \/>\n<meta property=\"article:published_time\" content=\"2026-09-02T02:43:23+00:00\" \/>\n<meta property=\"og:image\" content=\"https:\/\/potenciaradiofonicadominicana.com\/portal\/wp-content\/uploads\/2026\/09\/rd-cerraria-2025-como-el-sexto-pais-con-deuda-publica-mas-alta-de-al-97b756f8-focus-0-0-896-504.jpg\" \/>\n\t<meta property=\"og:image:width\" content=\"896\" \/>\n\t<meta property=\"og:image:height\" content=\"504\" \/>\n\t<meta property=\"og:image:type\" content=\"image\/jpeg\" \/>\n<meta name=\"author\" content=\"Potencia Radiof\u00f3nica Dominicana\" \/>\n<meta name=\"twitter:card\" content=\"summary_large_image\" \/>\n<meta name=\"twitter:label1\" content=\"Escrito por\" \/>\n\t<meta name=\"twitter:data1\" content=\"Potencia Radiof\u00f3nica Dominicana\" \/>\n\t<meta name=\"twitter:label2\" content=\"Tiempo de lectura\" \/>\n\t<meta name=\"twitter:data2\" content=\"4 minutos\" \/>\n<script type=\"application\/ld+json\" class=\"yoast-schema-graph\">{\"@context\":\"https:\/\/schema.org\",\"@graph\":[{\"@type\":\"Article\",\"@id\":\"https:\/\/potenciaradiofonicadominicana.com\/portal\/el-gobierno-acelera-la-emision-de-deuda-y-se-acerca-a-los-us68000-millones\/#article\",\"isPartOf\":{\"@id\":\"https:\/\/potenciaradiofonicadominicana.com\/portal\/el-gobierno-acelera-la-emision-de-deuda-y-se-acerca-a-los-us68000-millones\/\"},\"author\":{\"name\":\"Potencia Radiof\u00f3nica Dominicana\",\"@id\":\"https:\/\/potenciaradiofonicadominicana.com\/portal\/#\/schema\/person\/a5cf1fea13877803ee0573ac18b03490\"},\"headline\":\"El Gobierno acelera la emisi\u00f3n de deuda y se acerca a los US$68,000 millones\",\"datePublished\":\"2026-09-02T02:43:23+00:00\",\"mainEntityOfPage\":{\"@id\":\"https:\/\/potenciaradiofonicadominicana.com\/portal\/el-gobierno-acelera-la-emision-de-deuda-y-se-acerca-a-los-us68000-millones\/\"},\"wordCount\":679,\"publisher\":{\"@id\":\"https:\/\/potenciaradiofonicadominicana.com\/portal\/#organization\"},\"image\":{\"@id\":\"https:\/\/potenciaradiofonicadominicana.com\/portal\/el-gobierno-acelera-la-emision-de-deuda-y-se-acerca-a-los-us68000-millones\/#primaryimage\"},\"thumbnailUrl\":\"https:\/\/potenciaradiofonicadominicana.com\/portal\/wp-content\/uploads\/2026\/09\/rd-cerraria-2025-como-el-sexto-pais-con-deuda-publica-mas-alta-de-al-97b756f8-focus-0-0-896-504.jpg\",\"articleSection\":[\"Econom\u00eda\"],\"inLanguage\":\"es\"},{\"@type\":\"WebPage\",\"@id\":\"https:\/\/potenciaradiofonicadominicana.com\/portal\/el-gobierno-acelera-la-emision-de-deuda-y-se-acerca-a-los-us68000-millones\/\",\"url\":\"https:\/\/potenciaradiofonicadominicana.com\/portal\/el-gobierno-acelera-la-emision-de-deuda-y-se-acerca-a-los-us68000-millones\/\",\"name\":\"El Gobierno acelera la emisi\u00f3n de deuda y se acerca a los US$68,000 millones - PotenciaRadiofonicaDominicana.com\",\"isPartOf\":{\"@id\":\"https:\/\/potenciaradiofonicadominicana.com\/portal\/#website\"},\"primaryImageOfPage\":{\"@id\":\"https:\/\/potenciaradiofonicadominicana.com\/portal\/el-gobierno-acelera-la-emision-de-deuda-y-se-acerca-a-los-us68000-millones\/#primaryimage\"},\"image\":{\"@id\":\"https:\/\/potenciaradiofonicadominicana.com\/portal\/el-gobierno-acelera-la-emision-de-deuda-y-se-acerca-a-los-us68000-millones\/#primaryimage\"},\"thumbnailUrl\":\"https:\/\/potenciaradiofonicadominicana.com\/portal\/wp-content\/uploads\/2026\/09\/rd-cerraria-2025-como-el-sexto-pais-con-deuda-publica-mas-alta-de-al-97b756f8-focus-0-0-896-504.jpg\",\"datePublished\":\"2026-09-02T02:43:23+00:00\",\"breadcrumb\":{\"@id\":\"https:\/\/potenciaradiofonicadominicana.com\/portal\/el-gobierno-acelera-la-emision-de-deuda-y-se-acerca-a-los-us68000-millones\/#breadcrumb\"},\"inLanguage\":\"es\",\"potentialAction\":[{\"@type\":\"ReadAction\",\"target\":[\"https:\/\/potenciaradiofonicadominicana.com\/portal\/el-gobierno-acelera-la-emision-de-deuda-y-se-acerca-a-los-us68000-millones\/\"]}]},{\"@type\":\"ImageObject\",\"inLanguage\":\"es\",\"@id\":\"https:\/\/potenciaradiofonicadominicana.com\/portal\/el-gobierno-acelera-la-emision-de-deuda-y-se-acerca-a-los-us68000-millones\/#primaryimage\",\"url\":\"https:\/\/potenciaradiofonicadominicana.com\/portal\/wp-content\/uploads\/2026\/09\/rd-cerraria-2025-como-el-sexto-pais-con-deuda-publica-mas-alta-de-al-97b756f8-focus-0-0-896-504.jpg\",\"contentUrl\":\"https:\/\/potenciaradiofonicadominicana.com\/portal\/wp-content\/uploads\/2026\/09\/rd-cerraria-2025-como-el-sexto-pais-con-deuda-publica-mas-alta-de-al-97b756f8-focus-0-0-896-504.jpg\",\"width\":896,\"height\":504},{\"@type\":\"BreadcrumbList\",\"@id\":\"https:\/\/potenciaradiofonicadominicana.com\/portal\/el-gobierno-acelera-la-emision-de-deuda-y-se-acerca-a-los-us68000-millones\/#breadcrumb\",\"itemListElement\":[{\"@type\":\"ListItem\",\"position\":1,\"name\":\"Portada\",\"item\":\"https:\/\/potenciaradiofonicadominicana.com\/portal\/\"},{\"@type\":\"ListItem\",\"position\":2,\"name\":\"El Gobierno acelera la emisi\u00f3n de deuda y se acerca a los US$68,000 millones\"}]},{\"@type\":\"WebSite\",\"@id\":\"https:\/\/potenciaradiofonicadominicana.com\/portal\/#website\",\"url\":\"https:\/\/potenciaradiofonicadominicana.com\/portal\/\",\"name\":\"PotenciaRadiofonicaDominicana.com\",\"description\":\"Peri\u00f3dico Digital\",\"publisher\":{\"@id\":\"https:\/\/potenciaradiofonicadominicana.com\/portal\/#organization\"},\"potentialAction\":[{\"@type\":\"SearchAction\",\"target\":{\"@type\":\"EntryPoint\",\"urlTemplate\":\"https:\/\/potenciaradiofonicadominicana.com\/portal\/?s={search_term_string}\"},\"query-input\":{\"@type\":\"PropertyValueSpecification\",\"valueRequired\":true,\"valueName\":\"search_term_string\"}}],\"inLanguage\":\"es\"},{\"@type\":\"Organization\",\"@id\":\"https:\/\/potenciaradiofonicadominicana.com\/portal\/#organization\",\"name\":\"PotenciaRadiofonicaDominicana.com\",\"url\":\"https:\/\/potenciaradiofonicadominicana.com\/portal\/\",\"logo\":{\"@type\":\"ImageObject\",\"inLanguage\":\"es\",\"@id\":\"https:\/\/potenciaradiofonicadominicana.com\/portal\/#\/schema\/logo\/image\/\",\"url\":\"https:\/\/potenciaradiofonicadominicana.com\/portal\/wp-content\/uploads\/2022\/01\/descarga.png\",\"contentUrl\":\"https:\/\/potenciaradiofonicadominicana.com\/portal\/wp-content\/uploads\/2022\/01\/descarga.png\",\"width\":300,\"height\":100,\"caption\":\"PotenciaRadiofonicaDominicana.com\"},\"image\":{\"@id\":\"https:\/\/potenciaradiofonicadominicana.com\/portal\/#\/schema\/logo\/image\/\"},\"sameAs\":[\"https:\/\/web.facebook.com\/PotenciaRadiofonicaD\"]},{\"@type\":\"Person\",\"@id\":\"https:\/\/potenciaradiofonicadominicana.com\/portal\/#\/schema\/person\/a5cf1fea13877803ee0573ac18b03490\",\"name\":\"Potencia Radiof\u00f3nica Dominicana\",\"image\":{\"@type\":\"ImageObject\",\"inLanguage\":\"es\",\"@id\":\"https:\/\/potenciaradiofonicadominicana.com\/portal\/#\/schema\/person\/image\/\",\"url\":\"https:\/\/secure.gravatar.com\/avatar\/42a55ab9e8ccc656ba34cd791990602a?s=96&d=mm&r=g\",\"contentUrl\":\"https:\/\/secure.gravatar.com\/avatar\/42a55ab9e8ccc656ba34cd791990602a?s=96&d=mm&r=g\",\"caption\":\"Potencia Radiof\u00f3nica Dominicana\"},\"url\":\"https:\/\/potenciaradiofonicadominicana.com\/portal\/author\/johannyalmanzar\/\"}]}<\/script>\n<!-- \/ Yoast SEO plugin. -->","yoast_head_json":{"title":"El Gobierno acelera la emisi\u00f3n de deuda y se acerca a los US$68,000 millones - PotenciaRadiofonicaDominicana.com","robots":{"index":"index","follow":"follow","max-snippet":"max-snippet:-1","max-image-preview":"max-image-preview:large","max-video-preview":"max-video-preview:-1"},"canonical":"https:\/\/potenciaradiofonicadominicana.com\/portal\/el-gobierno-acelera-la-emision-de-deuda-y-se-acerca-a-los-us68000-millones\/","og_locale":"es_ES","og_type":"article","og_title":"El Gobierno acelera la emisi\u00f3n de deuda y se acerca a los US$68,000 millones - PotenciaRadiofonicaDominicana.com","og_description":"El\u00a0Gobierno dominicano\u00a0le puso el acelerador a la\u00a0emisi\u00f3n de nueva deuda\u00a0p\u00fablica entre enero y julio de 2026, duplicando el ritmo de ...","og_url":"https:\/\/potenciaradiofonicadominicana.com\/portal\/el-gobierno-acelera-la-emision-de-deuda-y-se-acerca-a-los-us68000-millones\/","og_site_name":"PotenciaRadiofonicaDominicana.com","article_publisher":"https:\/\/web.facebook.com\/PotenciaRadiofonicaD","article_published_time":"2026-09-02T02:43:23+00:00","og_image":[{"width":896,"height":504,"url":"https:\/\/potenciaradiofonicadominicana.com\/portal\/wp-content\/uploads\/2026\/09\/rd-cerraria-2025-como-el-sexto-pais-con-deuda-publica-mas-alta-de-al-97b756f8-focus-0-0-896-504.jpg","type":"image\/jpeg"}],"author":"Potencia Radiof\u00f3nica Dominicana","twitter_card":"summary_large_image","twitter_misc":{"Escrito por":"Potencia Radiof\u00f3nica Dominicana","Tiempo de lectura":"4 minutos"},"schema":{"@context":"https:\/\/schema.org","@graph":[{"@type":"Article","@id":"https:\/\/potenciaradiofonicadominicana.com\/portal\/el-gobierno-acelera-la-emision-de-deuda-y-se-acerca-a-los-us68000-millones\/#article","isPartOf":{"@id":"https:\/\/potenciaradiofonicadominicana.com\/portal\/el-gobierno-acelera-la-emision-de-deuda-y-se-acerca-a-los-us68000-millones\/"},"author":{"name":"Potencia Radiof\u00f3nica Dominicana","@id":"https:\/\/potenciaradiofonicadominicana.com\/portal\/#\/schema\/person\/a5cf1fea13877803ee0573ac18b03490"},"headline":"El Gobierno acelera la emisi\u00f3n de deuda y se acerca a los US$68,000 millones","datePublished":"2026-09-02T02:43:23+00:00","mainEntityOfPage":{"@id":"https:\/\/potenciaradiofonicadominicana.com\/portal\/el-gobierno-acelera-la-emision-de-deuda-y-se-acerca-a-los-us68000-millones\/"},"wordCount":679,"publisher":{"@id":"https:\/\/potenciaradiofonicadominicana.com\/portal\/#organization"},"image":{"@id":"https:\/\/potenciaradiofonicadominicana.com\/portal\/el-gobierno-acelera-la-emision-de-deuda-y-se-acerca-a-los-us68000-millones\/#primaryimage"},"thumbnailUrl":"https:\/\/potenciaradiofonicadominicana.com\/portal\/wp-content\/uploads\/2026\/09\/rd-cerraria-2025-como-el-sexto-pais-con-deuda-publica-mas-alta-de-al-97b756f8-focus-0-0-896-504.jpg","articleSection":["Econom\u00eda"],"inLanguage":"es"},{"@type":"WebPage","@id":"https:\/\/potenciaradiofonicadominicana.com\/portal\/el-gobierno-acelera-la-emision-de-deuda-y-se-acerca-a-los-us68000-millones\/","url":"https:\/\/potenciaradiofonicadominicana.com\/portal\/el-gobierno-acelera-la-emision-de-deuda-y-se-acerca-a-los-us68000-millones\/","name":"El Gobierno acelera la emisi\u00f3n de deuda y se acerca a los US$68,000 millones - PotenciaRadiofonicaDominicana.com","isPartOf":{"@id":"https:\/\/potenciaradiofonicadominicana.com\/portal\/#website"},"primaryImageOfPage":{"@id":"https:\/\/potenciaradiofonicadominicana.com\/portal\/el-gobierno-acelera-la-emision-de-deuda-y-se-acerca-a-los-us68000-millones\/#primaryimage"},"image":{"@id":"https:\/\/potenciaradiofonicadominicana.com\/portal\/el-gobierno-acelera-la-emision-de-deuda-y-se-acerca-a-los-us68000-millones\/#primaryimage"},"thumbnailUrl":"https:\/\/potenciaradiofonicadominicana.com\/portal\/wp-content\/uploads\/2026\/09\/rd-cerraria-2025-como-el-sexto-pais-con-deuda-publica-mas-alta-de-al-97b756f8-focus-0-0-896-504.jpg","datePublished":"2026-09-02T02:43:23+00:00","breadcrumb":{"@id":"https:\/\/potenciaradiofonicadominicana.com\/portal\/el-gobierno-acelera-la-emision-de-deuda-y-se-acerca-a-los-us68000-millones\/#breadcrumb"},"inLanguage":"es","potentialAction":[{"@type":"ReadAction","target":["https:\/\/potenciaradiofonicadominicana.com\/portal\/el-gobierno-acelera-la-emision-de-deuda-y-se-acerca-a-los-us68000-millones\/"]}]},{"@type":"ImageObject","inLanguage":"es","@id":"https:\/\/potenciaradiofonicadominicana.com\/portal\/el-gobierno-acelera-la-emision-de-deuda-y-se-acerca-a-los-us68000-millones\/#primaryimage","url":"https:\/\/potenciaradiofonicadominicana.com\/portal\/wp-content\/uploads\/2026\/09\/rd-cerraria-2025-como-el-sexto-pais-con-deuda-publica-mas-alta-de-al-97b756f8-focus-0-0-896-504.jpg","contentUrl":"https:\/\/potenciaradiofonicadominicana.com\/portal\/wp-content\/uploads\/2026\/09\/rd-cerraria-2025-como-el-sexto-pais-con-deuda-publica-mas-alta-de-al-97b756f8-focus-0-0-896-504.jpg","width":896,"height":504},{"@type":"BreadcrumbList","@id":"https:\/\/potenciaradiofonicadominicana.com\/portal\/el-gobierno-acelera-la-emision-de-deuda-y-se-acerca-a-los-us68000-millones\/#breadcrumb","itemListElement":[{"@type":"ListItem","position":1,"name":"Portada","item":"https:\/\/potenciaradiofonicadominicana.com\/portal\/"},{"@type":"ListItem","position":2,"name":"El Gobierno acelera la emisi\u00f3n de deuda y se acerca a los US$68,000 millones"}]},{"@type":"WebSite","@id":"https:\/\/potenciaradiofonicadominicana.com\/portal\/#website","url":"https:\/\/potenciaradiofonicadominicana.com\/portal\/","name":"PotenciaRadiofonicaDominicana.com","description":"Peri\u00f3dico Digital","publisher":{"@id":"https:\/\/potenciaradiofonicadominicana.com\/portal\/#organization"},"potentialAction":[{"@type":"SearchAction","target":{"@type":"EntryPoint","urlTemplate":"https:\/\/potenciaradiofonicadominicana.com\/portal\/?s={search_term_string}"},"query-input":{"@type":"PropertyValueSpecification","valueRequired":true,"valueName":"search_term_string"}}],"inLanguage":"es"},{"@type":"Organization","@id":"https:\/\/potenciaradiofonicadominicana.com\/portal\/#organization","name":"PotenciaRadiofonicaDominicana.com","url":"https:\/\/potenciaradiofonicadominicana.com\/portal\/","logo":{"@type":"ImageObject","inLanguage":"es","@id":"https:\/\/potenciaradiofonicadominicana.com\/portal\/#\/schema\/logo\/image\/","url":"https:\/\/potenciaradiofonicadominicana.com\/portal\/wp-content\/uploads\/2022\/01\/descarga.png","contentUrl":"https:\/\/potenciaradiofonicadominicana.com\/portal\/wp-content\/uploads\/2022\/01\/descarga.png","width":300,"height":100,"caption":"PotenciaRadiofonicaDominicana.com"},"image":{"@id":"https:\/\/potenciaradiofonicadominicana.com\/portal\/#\/schema\/logo\/image\/"},"sameAs":["https:\/\/web.facebook.com\/PotenciaRadiofonicaD"]},{"@type":"Person","@id":"https:\/\/potenciaradiofonicadominicana.com\/portal\/#\/schema\/person\/a5cf1fea13877803ee0573ac18b03490","name":"Potencia Radiof\u00f3nica Dominicana","image":{"@type":"ImageObject","inLanguage":"es","@id":"https:\/\/potenciaradiofonicadominicana.com\/portal\/#\/schema\/person\/image\/","url":"https:\/\/secure.gravatar.com\/avatar\/42a55ab9e8ccc656ba34cd791990602a?s=96&d=mm&r=g","contentUrl":"https:\/\/secure.gravatar.com\/avatar\/42a55ab9e8ccc656ba34cd791990602a?s=96&d=mm&r=g","caption":"Potencia Radiof\u00f3nica Dominicana"},"url":"https:\/\/potenciaradiofonicadominicana.com\/portal\/author\/johannyalmanzar\/"}]}},"_links":{"self":[{"href":"https:\/\/potenciaradiofonicadominicana.com\/portal\/wp-json\/wp\/v2\/posts\/225043","targetHints":{"allow":["GET"]}}],"collection":[{"href":"https:\/\/potenciaradiofonicadominicana.com\/portal\/wp-json\/wp\/v2\/posts"}],"about":[{"href":"https:\/\/potenciaradiofonicadominicana.com\/portal\/wp-json\/wp\/v2\/types\/post"}],"author":[{"embeddable":true,"href":"https:\/\/potenciaradiofonicadominicana.com\/portal\/wp-json\/wp\/v2\/users\/2"}],"replies":[{"embeddable":true,"href":"https:\/\/potenciaradiofonicadominicana.com\/portal\/wp-json\/wp\/v2\/comments?post=225043"}],"version-history":[{"count":1,"href":"https:\/\/potenciaradiofonicadominicana.com\/portal\/wp-json\/wp\/v2\/posts\/225043\/revisions"}],"predecessor-version":[{"id":225045,"href":"https:\/\/potenciaradiofonicadominicana.com\/portal\/wp-json\/wp\/v2\/posts\/225043\/revisions\/225045"}],"wp:featuredmedia":[{"embeddable":true,"href":"https:\/\/potenciaradiofonicadominicana.com\/portal\/wp-json\/wp\/v2\/media\/225044"}],"wp:attachment":[{"href":"https:\/\/potenciaradiofonicadominicana.com\/portal\/wp-json\/wp\/v2\/media?parent=225043"}],"wp:term":[{"taxonomy":"category","embeddable":true,"href":"https:\/\/potenciaradiofonicadominicana.com\/portal\/wp-json\/wp\/v2\/categories?post=225043"},{"taxonomy":"post_tag","embeddable":true,"href":"https:\/\/potenciaradiofonicadominicana.com\/portal\/wp-json\/wp\/v2\/tags?post=225043"}],"curies":[{"name":"wp","href":"https:\/\/api.w.org\/{rel}","templated":true}]}}