{"id":225036,"date":"2026-09-01T22:39:33","date_gmt":"2026-09-02T02:39:33","guid":{"rendered":"https:\/\/potenciaradiofonicadominicana.com\/portal\/?p=225036"},"modified":"2026-09-01T22:39:33","modified_gmt":"2026-09-02T02:39:33","slug":"arajet-oferta-vuelos-con-tarifas-desde-los-us4-por-su-cuarto-aniversario","status":"publish","type":"post","link":"https:\/\/potenciaradiofonicadominicana.com\/portal\/arajet-oferta-vuelos-con-tarifas-desde-los-us4-por-su-cuarto-aniversario\/","title":{"rendered":"Arajet oferta vuelos con tarifas desde los US$4 por su cuarto aniversario"},"content":{"rendered":"<p><a href=\"https:\/\/potenciaradiofonicadominicana.com\/portal\/wp-content\/uploads\/2026\/09\/arajet-lanza-tarifas-de-vuelos-desde-us4-por-aniversario-c8d193bb-focus-0-0-896-504.png\"><img loading=\"lazy\" decoding=\"async\" class=\"alignnone size-full wp-image-225037\" src=\"https:\/\/potenciaradiofonicadominicana.com\/portal\/wp-content\/uploads\/2026\/09\/arajet-lanza-tarifas-de-vuelos-desde-us4-por-aniversario-c8d193bb-focus-0-0-896-504.png\" alt=\"\" width=\"896\" height=\"504\" srcset=\"https:\/\/potenciaradiofonicadominicana.com\/portal\/wp-content\/uploads\/2026\/09\/arajet-lanza-tarifas-de-vuelos-desde-us4-por-aniversario-c8d193bb-focus-0-0-896-504.png 896w, https:\/\/potenciaradiofonicadominicana.com\/portal\/wp-content\/uploads\/2026\/09\/arajet-lanza-tarifas-de-vuelos-desde-us4-por-aniversario-c8d193bb-focus-0-0-896-504-300x169.png 300w, https:\/\/potenciaradiofonicadominicana.com\/portal\/wp-content\/uploads\/2026\/09\/arajet-lanza-tarifas-de-vuelos-desde-us4-por-aniversario-c8d193bb-focus-0-0-896-504-768x432.png 768w\" sizes=\"auto, (max-width: 896px) 100vw, 896px\" \/><\/a><\/p>\n<p>La\u00a0aerol\u00ednea dominicana Arajet\u00a0celebra su\u00a0cuarto aniversario\u00a0en este mes con el lanzamiento de \u00abPurple days\u00bb (D\u00edas p\u00farpuras), una promoci\u00f3n especial con la que invita a sus pasajeros a festejar\u00a0cuatro a\u00f1os de operaciones,\u00a0aprovechando\u00a0tarifas econ\u00f3micas\u00a0para viajar a destinos internacionales de toda su red.<\/p>\n<p>La promoci\u00f3n estar\u00e1 disponible desde el\u00a01 hasta el 15 de septiembre de 2026, periodo durante el cual los interesados podr\u00e1n adquirir boletos con\u00a0tarifas base promocionales\u00a0desde\u00a0cuatro d\u00f3lares\u00a0en los distintos mercados donde opera la empresa.<\/p>\n<p>Para los vuelos desde\u00a0S\u00e3o Paulo\u00a0(GRU), las\u00a0tarifas base\u00a0estar\u00e1n disponibles desde\u00a044 d\u00f3lares.<\/p>\n<p>El\u00a0periodo de viaje\u00a0de \u00abPurple days\u00bb se extender\u00e1 desde el\u00a014 de septiembre de 2026\u00a0hasta el\u00a031 de marzo de 2027, ofreciendo a los pasajeros la oportunidad de planificar sus pr\u00f3ximas vacaciones, escapadas o viajes con anticipaci\u00f3n.<\/p>\n<p>La promoci\u00f3n estar\u00e1 disponible en las\u00a0clases tarifarias b\u00e1sica,\u00a0cl\u00e1sica,\u00a0confort y extra\u00a0de la aerol\u00ednea. Tambi\u00e9n, se aplicar\u00e1 a vuelos internacionales en todos los mercados de\u00a0Arajet.<\/p>\n<p>Las\u00a0tarifas promocionales\u00a0no incluyen\u00a0impuestos, tasas ni cargos de transporte, var\u00edan seg\u00fan la clase tarifaria y est\u00e1n sujetas a disponibilidad en una\u00a0cantidad limitada de asientos, seg\u00fan indica una nota de prensa.<\/p>\n<div class=\"my-12 component web-insert-bullet relative border bg-component\">\n<p>\u00abEstamos en nuestro mes aniversario, y queremos compartir este momento con nuestros pasajeros, quienes han sido parte fundamental de nuestro crecimiento. Con Purple days&#8217; queremos agradecer su confianza, ofreci\u00e9ndoles nuevas oportunidades para viajar, descubrir destinos y mantenerse conectados a trav\u00e9s de nuestra red, mientras continuamos trabajando para hacer que volar por las Am\u00e9ricas sea cada vez m\u00e1s accesible\u00bb, expres\u00f3 el director ejecutivo y fundador de Arajet, V\u00edctor Pacheco.<\/p>\n<\/div>\n<p>La promoci\u00f3n da inicio a la celebraci\u00f3n de sus\u00a0cuatro a\u00f1os de operaciones, con el cual la compa\u00f1\u00eda espera continuar fortaleciendo la\u00a0conectividad a\u00e9rea\u00a0y brindando a sus clientes\u00a0mayores oportunidades\u00a0para viajar.<\/p>\n","protected":false},"excerpt":{"rendered":"<p>La\u00a0aerol\u00ednea dominicana Arajet\u00a0celebra su\u00a0cuarto aniversario\u00a0en este mes con el lanzamiento de \u00abPurple days\u00bb (D\u00edas p\u00farpuras), una promoci\u00f3n especial con la &#8230;<\/p>\n","protected":false},"author":2,"featured_media":225037,"comment_status":"closed","ping_status":"closed","sticky":false,"template":"","format":"standard","meta":{"footnotes":""},"categories":[26],"tags":[],"class_list":["post-225036","post","type-post","status-publish","format-standard","has-post-thumbnail","hentry","category-economia"],"yoast_head":"<!-- This site is optimized with the Yoast SEO plugin v24.8.1 - https:\/\/yoast.com\/wordpress\/plugins\/seo\/ -->\n<title>Arajet oferta vuelos con tarifas desde los US$4 por su cuarto aniversario - PotenciaRadiofonicaDominicana.com<\/title>\n<meta name=\"robots\" content=\"index, follow, max-snippet:-1, max-image-preview:large, max-video-preview:-1\" \/>\n<link rel=\"canonical\" href=\"https:\/\/potenciaradiofonicadominicana.com\/portal\/arajet-oferta-vuelos-con-tarifas-desde-los-us4-por-su-cuarto-aniversario\/\" \/>\n<meta property=\"og:locale\" content=\"es_ES\" \/>\n<meta property=\"og:type\" content=\"article\" \/>\n<meta property=\"og:title\" content=\"Arajet oferta vuelos con tarifas desde los US$4 por su cuarto aniversario - PotenciaRadiofonicaDominicana.com\" \/>\n<meta property=\"og:description\" content=\"La\u00a0aerol\u00ednea dominicana Arajet\u00a0celebra su\u00a0cuarto aniversario\u00a0en este mes con el lanzamiento de \u00abPurple days\u00bb (D\u00edas p\u00farpuras), una promoci\u00f3n especial con la ...\" \/>\n<meta property=\"og:url\" content=\"https:\/\/potenciaradiofonicadominicana.com\/portal\/arajet-oferta-vuelos-con-tarifas-desde-los-us4-por-su-cuarto-aniversario\/\" \/>\n<meta property=\"og:site_name\" content=\"PotenciaRadiofonicaDominicana.com\" \/>\n<meta property=\"article:publisher\" content=\"https:\/\/web.facebook.com\/PotenciaRadiofonicaD\" \/>\n<meta property=\"article:published_time\" content=\"2026-09-02T02:39:33+00:00\" \/>\n<meta property=\"og:image\" content=\"https:\/\/potenciaradiofonicadominicana.com\/portal\/wp-content\/uploads\/2026\/09\/arajet-lanza-tarifas-de-vuelos-desde-us4-por-aniversario-c8d193bb-focus-0-0-896-504.png\" \/>\n\t<meta property=\"og:image:width\" content=\"896\" \/>\n\t<meta property=\"og:image:height\" content=\"504\" \/>\n\t<meta property=\"og:image:type\" content=\"image\/png\" \/>\n<meta name=\"author\" content=\"Potencia Radiof\u00f3nica Dominicana\" \/>\n<meta name=\"twitter:card\" content=\"summary_large_image\" \/>\n<meta name=\"twitter:label1\" content=\"Escrito por\" \/>\n\t<meta name=\"twitter:data1\" content=\"Potencia Radiof\u00f3nica Dominicana\" \/>\n\t<meta name=\"twitter:label2\" content=\"Tiempo de lectura\" \/>\n\t<meta name=\"twitter:data2\" content=\"2 minutos\" \/>\n<script type=\"application\/ld+json\" class=\"yoast-schema-graph\">{\"@context\":\"https:\/\/schema.org\",\"@graph\":[{\"@type\":\"Article\",\"@id\":\"https:\/\/potenciaradiofonicadominicana.com\/portal\/arajet-oferta-vuelos-con-tarifas-desde-los-us4-por-su-cuarto-aniversario\/#article\",\"isPartOf\":{\"@id\":\"https:\/\/potenciaradiofonicadominicana.com\/portal\/arajet-oferta-vuelos-con-tarifas-desde-los-us4-por-su-cuarto-aniversario\/\"},\"author\":{\"name\":\"Potencia Radiof\u00f3nica Dominicana\",\"@id\":\"https:\/\/potenciaradiofonicadominicana.com\/portal\/#\/schema\/person\/a5cf1fea13877803ee0573ac18b03490\"},\"headline\":\"Arajet oferta vuelos con tarifas desde los US$4 por su cuarto aniversario\",\"datePublished\":\"2026-09-02T02:39:33+00:00\",\"mainEntityOfPage\":{\"@id\":\"https:\/\/potenciaradiofonicadominicana.com\/portal\/arajet-oferta-vuelos-con-tarifas-desde-los-us4-por-su-cuarto-aniversario\/\"},\"wordCount\":338,\"publisher\":{\"@id\":\"https:\/\/potenciaradiofonicadominicana.com\/portal\/#organization\"},\"image\":{\"@id\":\"https:\/\/potenciaradiofonicadominicana.com\/portal\/arajet-oferta-vuelos-con-tarifas-desde-los-us4-por-su-cuarto-aniversario\/#primaryimage\"},\"thumbnailUrl\":\"https:\/\/potenciaradiofonicadominicana.com\/portal\/wp-content\/uploads\/2026\/09\/arajet-lanza-tarifas-de-vuelos-desde-us4-por-aniversario-c8d193bb-focus-0-0-896-504.png\",\"articleSection\":[\"Econom\u00eda\"],\"inLanguage\":\"es\"},{\"@type\":\"WebPage\",\"@id\":\"https:\/\/potenciaradiofonicadominicana.com\/portal\/arajet-oferta-vuelos-con-tarifas-desde-los-us4-por-su-cuarto-aniversario\/\",\"url\":\"https:\/\/potenciaradiofonicadominicana.com\/portal\/arajet-oferta-vuelos-con-tarifas-desde-los-us4-por-su-cuarto-aniversario\/\",\"name\":\"Arajet oferta vuelos con tarifas desde los US$4 por su cuarto aniversario - PotenciaRadiofonicaDominicana.com\",\"isPartOf\":{\"@id\":\"https:\/\/potenciaradiofonicadominicana.com\/portal\/#website\"},\"primaryImageOfPage\":{\"@id\":\"https:\/\/potenciaradiofonicadominicana.com\/portal\/arajet-oferta-vuelos-con-tarifas-desde-los-us4-por-su-cuarto-aniversario\/#primaryimage\"},\"image\":{\"@id\":\"https:\/\/potenciaradiofonicadominicana.com\/portal\/arajet-oferta-vuelos-con-tarifas-desde-los-us4-por-su-cuarto-aniversario\/#primaryimage\"},\"thumbnailUrl\":\"https:\/\/potenciaradiofonicadominicana.com\/portal\/wp-content\/uploads\/2026\/09\/arajet-lanza-tarifas-de-vuelos-desde-us4-por-aniversario-c8d193bb-focus-0-0-896-504.png\",\"datePublished\":\"2026-09-02T02:39:33+00:00\",\"breadcrumb\":{\"@id\":\"https:\/\/potenciaradiofonicadominicana.com\/portal\/arajet-oferta-vuelos-con-tarifas-desde-los-us4-por-su-cuarto-aniversario\/#breadcrumb\"},\"inLanguage\":\"es\",\"potentialAction\":[{\"@type\":\"ReadAction\",\"target\":[\"https:\/\/potenciaradiofonicadominicana.com\/portal\/arajet-oferta-vuelos-con-tarifas-desde-los-us4-por-su-cuarto-aniversario\/\"]}]},{\"@type\":\"ImageObject\",\"inLanguage\":\"es\",\"@id\":\"https:\/\/potenciaradiofonicadominicana.com\/portal\/arajet-oferta-vuelos-con-tarifas-desde-los-us4-por-su-cuarto-aniversario\/#primaryimage\",\"url\":\"https:\/\/potenciaradiofonicadominicana.com\/portal\/wp-content\/uploads\/2026\/09\/arajet-lanza-tarifas-de-vuelos-desde-us4-por-aniversario-c8d193bb-focus-0-0-896-504.png\",\"contentUrl\":\"https:\/\/potenciaradiofonicadominicana.com\/portal\/wp-content\/uploads\/2026\/09\/arajet-lanza-tarifas-de-vuelos-desde-us4-por-aniversario-c8d193bb-focus-0-0-896-504.png\",\"width\":896,\"height\":504},{\"@type\":\"BreadcrumbList\",\"@id\":\"https:\/\/potenciaradiofonicadominicana.com\/portal\/arajet-oferta-vuelos-con-tarifas-desde-los-us4-por-su-cuarto-aniversario\/#breadcrumb\",\"itemListElement\":[{\"@type\":\"ListItem\",\"position\":1,\"name\":\"Portada\",\"item\":\"https:\/\/potenciaradiofonicadominicana.com\/portal\/\"},{\"@type\":\"ListItem\",\"position\":2,\"name\":\"Arajet oferta vuelos con tarifas desde los US$4 por su cuarto aniversario\"}]},{\"@type\":\"WebSite\",\"@id\":\"https:\/\/potenciaradiofonicadominicana.com\/portal\/#website\",\"url\":\"https:\/\/potenciaradiofonicadominicana.com\/portal\/\",\"name\":\"PotenciaRadiofonicaDominicana.com\",\"description\":\"Peri\u00f3dico Digital\",\"publisher\":{\"@id\":\"https:\/\/potenciaradiofonicadominicana.com\/portal\/#organization\"},\"potentialAction\":[{\"@type\":\"SearchAction\",\"target\":{\"@type\":\"EntryPoint\",\"urlTemplate\":\"https:\/\/potenciaradiofonicadominicana.com\/portal\/?s={search_term_string}\"},\"query-input\":{\"@type\":\"PropertyValueSpecification\",\"valueRequired\":true,\"valueName\":\"search_term_string\"}}],\"inLanguage\":\"es\"},{\"@type\":\"Organization\",\"@id\":\"https:\/\/potenciaradiofonicadominicana.com\/portal\/#organization\",\"name\":\"PotenciaRadiofonicaDominicana.com\",\"url\":\"https:\/\/potenciaradiofonicadominicana.com\/portal\/\",\"logo\":{\"@type\":\"ImageObject\",\"inLanguage\":\"es\",\"@id\":\"https:\/\/potenciaradiofonicadominicana.com\/portal\/#\/schema\/logo\/image\/\",\"url\":\"https:\/\/potenciaradiofonicadominicana.com\/portal\/wp-content\/uploads\/2022\/01\/descarga.png\",\"contentUrl\":\"https:\/\/potenciaradiofonicadominicana.com\/portal\/wp-content\/uploads\/2022\/01\/descarga.png\",\"width\":300,\"height\":100,\"caption\":\"PotenciaRadiofonicaDominicana.com\"},\"image\":{\"@id\":\"https:\/\/potenciaradiofonicadominicana.com\/portal\/#\/schema\/logo\/image\/\"},\"sameAs\":[\"https:\/\/web.facebook.com\/PotenciaRadiofonicaD\"]},{\"@type\":\"Person\",\"@id\":\"https:\/\/potenciaradiofonicadominicana.com\/portal\/#\/schema\/person\/a5cf1fea13877803ee0573ac18b03490\",\"name\":\"Potencia Radiof\u00f3nica Dominicana\",\"image\":{\"@type\":\"ImageObject\",\"inLanguage\":\"es\",\"@id\":\"https:\/\/potenciaradiofonicadominicana.com\/portal\/#\/schema\/person\/image\/\",\"url\":\"https:\/\/secure.gravatar.com\/avatar\/42a55ab9e8ccc656ba34cd791990602a?s=96&d=mm&r=g\",\"contentUrl\":\"https:\/\/secure.gravatar.com\/avatar\/42a55ab9e8ccc656ba34cd791990602a?s=96&d=mm&r=g\",\"caption\":\"Potencia Radiof\u00f3nica Dominicana\"},\"url\":\"https:\/\/potenciaradiofonicadominicana.com\/portal\/author\/johannyalmanzar\/\"}]}<\/script>\n<!-- \/ Yoast SEO plugin. -->","yoast_head_json":{"title":"Arajet oferta vuelos con tarifas desde los US$4 por su cuarto aniversario - PotenciaRadiofonicaDominicana.com","robots":{"index":"index","follow":"follow","max-snippet":"max-snippet:-1","max-image-preview":"max-image-preview:large","max-video-preview":"max-video-preview:-1"},"canonical":"https:\/\/potenciaradiofonicadominicana.com\/portal\/arajet-oferta-vuelos-con-tarifas-desde-los-us4-por-su-cuarto-aniversario\/","og_locale":"es_ES","og_type":"article","og_title":"Arajet oferta vuelos con tarifas desde los US$4 por su cuarto aniversario - PotenciaRadiofonicaDominicana.com","og_description":"La\u00a0aerol\u00ednea dominicana Arajet\u00a0celebra su\u00a0cuarto aniversario\u00a0en este mes con el lanzamiento de \u00abPurple days\u00bb (D\u00edas p\u00farpuras), una promoci\u00f3n especial con la ...","og_url":"https:\/\/potenciaradiofonicadominicana.com\/portal\/arajet-oferta-vuelos-con-tarifas-desde-los-us4-por-su-cuarto-aniversario\/","og_site_name":"PotenciaRadiofonicaDominicana.com","article_publisher":"https:\/\/web.facebook.com\/PotenciaRadiofonicaD","article_published_time":"2026-09-02T02:39:33+00:00","og_image":[{"width":896,"height":504,"url":"https:\/\/potenciaradiofonicadominicana.com\/portal\/wp-content\/uploads\/2026\/09\/arajet-lanza-tarifas-de-vuelos-desde-us4-por-aniversario-c8d193bb-focus-0-0-896-504.png","type":"image\/png"}],"author":"Potencia Radiof\u00f3nica Dominicana","twitter_card":"summary_large_image","twitter_misc":{"Escrito por":"Potencia Radiof\u00f3nica Dominicana","Tiempo de lectura":"2 minutos"},"schema":{"@context":"https:\/\/schema.org","@graph":[{"@type":"Article","@id":"https:\/\/potenciaradiofonicadominicana.com\/portal\/arajet-oferta-vuelos-con-tarifas-desde-los-us4-por-su-cuarto-aniversario\/#article","isPartOf":{"@id":"https:\/\/potenciaradiofonicadominicana.com\/portal\/arajet-oferta-vuelos-con-tarifas-desde-los-us4-por-su-cuarto-aniversario\/"},"author":{"name":"Potencia Radiof\u00f3nica Dominicana","@id":"https:\/\/potenciaradiofonicadominicana.com\/portal\/#\/schema\/person\/a5cf1fea13877803ee0573ac18b03490"},"headline":"Arajet oferta vuelos con tarifas desde los US$4 por su cuarto aniversario","datePublished":"2026-09-02T02:39:33+00:00","mainEntityOfPage":{"@id":"https:\/\/potenciaradiofonicadominicana.com\/portal\/arajet-oferta-vuelos-con-tarifas-desde-los-us4-por-su-cuarto-aniversario\/"},"wordCount":338,"publisher":{"@id":"https:\/\/potenciaradiofonicadominicana.com\/portal\/#organization"},"image":{"@id":"https:\/\/potenciaradiofonicadominicana.com\/portal\/arajet-oferta-vuelos-con-tarifas-desde-los-us4-por-su-cuarto-aniversario\/#primaryimage"},"thumbnailUrl":"https:\/\/potenciaradiofonicadominicana.com\/portal\/wp-content\/uploads\/2026\/09\/arajet-lanza-tarifas-de-vuelos-desde-us4-por-aniversario-c8d193bb-focus-0-0-896-504.png","articleSection":["Econom\u00eda"],"inLanguage":"es"},{"@type":"WebPage","@id":"https:\/\/potenciaradiofonicadominicana.com\/portal\/arajet-oferta-vuelos-con-tarifas-desde-los-us4-por-su-cuarto-aniversario\/","url":"https:\/\/potenciaradiofonicadominicana.com\/portal\/arajet-oferta-vuelos-con-tarifas-desde-los-us4-por-su-cuarto-aniversario\/","name":"Arajet oferta vuelos con tarifas desde los US$4 por su cuarto aniversario - PotenciaRadiofonicaDominicana.com","isPartOf":{"@id":"https:\/\/potenciaradiofonicadominicana.com\/portal\/#website"},"primaryImageOfPage":{"@id":"https:\/\/potenciaradiofonicadominicana.com\/portal\/arajet-oferta-vuelos-con-tarifas-desde-los-us4-por-su-cuarto-aniversario\/#primaryimage"},"image":{"@id":"https:\/\/potenciaradiofonicadominicana.com\/portal\/arajet-oferta-vuelos-con-tarifas-desde-los-us4-por-su-cuarto-aniversario\/#primaryimage"},"thumbnailUrl":"https:\/\/potenciaradiofonicadominicana.com\/portal\/wp-content\/uploads\/2026\/09\/arajet-lanza-tarifas-de-vuelos-desde-us4-por-aniversario-c8d193bb-focus-0-0-896-504.png","datePublished":"2026-09-02T02:39:33+00:00","breadcrumb":{"@id":"https:\/\/potenciaradiofonicadominicana.com\/portal\/arajet-oferta-vuelos-con-tarifas-desde-los-us4-por-su-cuarto-aniversario\/#breadcrumb"},"inLanguage":"es","potentialAction":[{"@type":"ReadAction","target":["https:\/\/potenciaradiofonicadominicana.com\/portal\/arajet-oferta-vuelos-con-tarifas-desde-los-us4-por-su-cuarto-aniversario\/"]}]},{"@type":"ImageObject","inLanguage":"es","@id":"https:\/\/potenciaradiofonicadominicana.com\/portal\/arajet-oferta-vuelos-con-tarifas-desde-los-us4-por-su-cuarto-aniversario\/#primaryimage","url":"https:\/\/potenciaradiofonicadominicana.com\/portal\/wp-content\/uploads\/2026\/09\/arajet-lanza-tarifas-de-vuelos-desde-us4-por-aniversario-c8d193bb-focus-0-0-896-504.png","contentUrl":"https:\/\/potenciaradiofonicadominicana.com\/portal\/wp-content\/uploads\/2026\/09\/arajet-lanza-tarifas-de-vuelos-desde-us4-por-aniversario-c8d193bb-focus-0-0-896-504.png","width":896,"height":504},{"@type":"BreadcrumbList","@id":"https:\/\/potenciaradiofonicadominicana.com\/portal\/arajet-oferta-vuelos-con-tarifas-desde-los-us4-por-su-cuarto-aniversario\/#breadcrumb","itemListElement":[{"@type":"ListItem","position":1,"name":"Portada","item":"https:\/\/potenciaradiofonicadominicana.com\/portal\/"},{"@type":"ListItem","position":2,"name":"Arajet oferta vuelos con tarifas desde los US$4 por su cuarto aniversario"}]},{"@type":"WebSite","@id":"https:\/\/potenciaradiofonicadominicana.com\/portal\/#website","url":"https:\/\/potenciaradiofonicadominicana.com\/portal\/","name":"PotenciaRadiofonicaDominicana.com","description":"Peri\u00f3dico Digital","publisher":{"@id":"https:\/\/potenciaradiofonicadominicana.com\/portal\/#organization"},"potentialAction":[{"@type":"SearchAction","target":{"@type":"EntryPoint","urlTemplate":"https:\/\/potenciaradiofonicadominicana.com\/portal\/?s={search_term_string}"},"query-input":{"@type":"PropertyValueSpecification","valueRequired":true,"valueName":"search_term_string"}}],"inLanguage":"es"},{"@type":"Organization","@id":"https:\/\/potenciaradiofonicadominicana.com\/portal\/#organization","name":"PotenciaRadiofonicaDominicana.com","url":"https:\/\/potenciaradiofonicadominicana.com\/portal\/","logo":{"@type":"ImageObject","inLanguage":"es","@id":"https:\/\/potenciaradiofonicadominicana.com\/portal\/#\/schema\/logo\/image\/","url":"https:\/\/potenciaradiofonicadominicana.com\/portal\/wp-content\/uploads\/2022\/01\/descarga.png","contentUrl":"https:\/\/potenciaradiofonicadominicana.com\/portal\/wp-content\/uploads\/2022\/01\/descarga.png","width":300,"height":100,"caption":"PotenciaRadiofonicaDominicana.com"},"image":{"@id":"https:\/\/potenciaradiofonicadominicana.com\/portal\/#\/schema\/logo\/image\/"},"sameAs":["https:\/\/web.facebook.com\/PotenciaRadiofonicaD"]},{"@type":"Person","@id":"https:\/\/potenciaradiofonicadominicana.com\/portal\/#\/schema\/person\/a5cf1fea13877803ee0573ac18b03490","name":"Potencia Radiof\u00f3nica Dominicana","image":{"@type":"ImageObject","inLanguage":"es","@id":"https:\/\/potenciaradiofonicadominicana.com\/portal\/#\/schema\/person\/image\/","url":"https:\/\/secure.gravatar.com\/avatar\/42a55ab9e8ccc656ba34cd791990602a?s=96&d=mm&r=g","contentUrl":"https:\/\/secure.gravatar.com\/avatar\/42a55ab9e8ccc656ba34cd791990602a?s=96&d=mm&r=g","caption":"Potencia Radiof\u00f3nica Dominicana"},"url":"https:\/\/potenciaradiofonicadominicana.com\/portal\/author\/johannyalmanzar\/"}]}},"_links":{"self":[{"href":"https:\/\/potenciaradiofonicadominicana.com\/portal\/wp-json\/wp\/v2\/posts\/225036","targetHints":{"allow":["GET"]}}],"collection":[{"href":"https:\/\/potenciaradiofonicadominicana.com\/portal\/wp-json\/wp\/v2\/posts"}],"about":[{"href":"https:\/\/potenciaradiofonicadominicana.com\/portal\/wp-json\/wp\/v2\/types\/post"}],"author":[{"embeddable":true,"href":"https:\/\/potenciaradiofonicadominicana.com\/portal\/wp-json\/wp\/v2\/users\/2"}],"replies":[{"embeddable":true,"href":"https:\/\/potenciaradiofonicadominicana.com\/portal\/wp-json\/wp\/v2\/comments?post=225036"}],"version-history":[{"count":1,"href":"https:\/\/potenciaradiofonicadominicana.com\/portal\/wp-json\/wp\/v2\/posts\/225036\/revisions"}],"predecessor-version":[{"id":225039,"href":"https:\/\/potenciaradiofonicadominicana.com\/portal\/wp-json\/wp\/v2\/posts\/225036\/revisions\/225039"}],"wp:featuredmedia":[{"embeddable":true,"href":"https:\/\/potenciaradiofonicadominicana.com\/portal\/wp-json\/wp\/v2\/media\/225037"}],"wp:attachment":[{"href":"https:\/\/potenciaradiofonicadominicana.com\/portal\/wp-json\/wp\/v2\/media?parent=225036"}],"wp:term":[{"taxonomy":"category","embeddable":true,"href":"https:\/\/potenciaradiofonicadominicana.com\/portal\/wp-json\/wp\/v2\/categories?post=225036"},{"taxonomy":"post_tag","embeddable":true,"href":"https:\/\/potenciaradiofonicadominicana.com\/portal\/wp-json\/wp\/v2\/tags?post=225036"}],"curies":[{"name":"wp","href":"https:\/\/api.w.org\/{rel}","templated":true}]}}