{"id":225033,"date":"2026-09-01T22:38:28","date_gmt":"2026-09-02T02:38:28","guid":{"rendered":"https:\/\/potenciaradiofonicadominicana.com\/portal\/?p=225033"},"modified":"2026-09-01T22:38:28","modified_gmt":"2026-09-02T02:38:28","slug":"que-desencadeno-realmente-la-explosion-del-cambrico","status":"publish","type":"post","link":"https:\/\/potenciaradiofonicadominicana.com\/portal\/que-desencadeno-realmente-la-explosion-del-cambrico\/","title":{"rendered":"Qu\u00e9 desencaden\u00f3 realmente la explosi\u00f3n del C\u00e1mbrico"},"content":{"rendered":"<p><a href=\"https:\/\/potenciaradiofonicadominicana.com\/portal\/wp-content\/uploads\/2026\/09\/5125_figure_27_04_03.jpg\"><img loading=\"lazy\" decoding=\"async\" class=\"alignnone size-full wp-image-225034\" src=\"https:\/\/potenciaradiofonicadominicana.com\/portal\/wp-content\/uploads\/2026\/09\/5125_figure_27_04_03.jpg\" alt=\"\" width=\"544\" height=\"540\" srcset=\"https:\/\/potenciaradiofonicadominicana.com\/portal\/wp-content\/uploads\/2026\/09\/5125_figure_27_04_03.jpg 544w, https:\/\/potenciaradiofonicadominicana.com\/portal\/wp-content\/uploads\/2026\/09\/5125_figure_27_04_03-300x298.jpg 300w, https:\/\/potenciaradiofonicadominicana.com\/portal\/wp-content\/uploads\/2026\/09\/5125_figure_27_04_03-150x150.jpg 150w, https:\/\/potenciaradiofonicadominicana.com\/portal\/wp-content\/uploads\/2026\/09\/5125_figure_27_04_03-80x80.jpg 80w\" sizes=\"auto, (max-width: 544px) 100vw, 544px\" \/><\/a><\/p>\n<p>Durante m\u00e1s de tres mil millones de a\u00f1os, la vida en la Tierra se limit\u00f3 a un dominio monocorde de organismos unicelulares y formas de cuerpo blando bastante primitivas, como la misteriosa biota de Ediacara. Sin embargo, hace aproximadamente 541 millones de a\u00f1os, el registro f\u00f3sil experiment\u00f3 una transformaci\u00f3n radical. En un parpadeo geol\u00f3gico de apenas 20 a 25 millones de a\u00f1os, aparecieron de forma repentina los antepasados de casi todos los filos animales modernos.<\/p>\n<p>&nbsp;<\/p>\n<p>Este fen\u00f3meno, conocido como la\u00a0<b>explosi\u00f3n del C\u00e1mbrico<\/b>, intrig\u00f3 incluso a Charles Darwin, quien lleg\u00f3 a considerarlo una de las mayores objeciones a su teor\u00eda de la evoluci\u00f3n por selecci\u00f3n natural. \u00bfC\u00f3mo pudo la naturaleza diversificarse con semejante aceleraci\u00f3n? Hoy, la paleontolog\u00eda y la biogeoqu\u00edmica moderna nos revelan que no se trat\u00f3 de un \u00fanico milagro evolutivo, sino del resultado de una alineaci\u00f3n perfecta entre cambios planetarios y presiones ecol\u00f3gicas.<\/p>\n<div class=\"google-anno-skip google-anno-sc\" tabindex=\"0\" role=\"link\" aria-label=\"Adquiere Kits Biol\u00f3gicos\" data-google-vignette=\"false\" data-google-interstitial=\"false\">Adquiere Kits Biol\u00f3gicos<\/div>\n<p>&nbsp;<\/p>\n<h2>El ox\u00edgeno atmosf\u00e9rico: el combustible metab\u00f3lico de la complejidad<\/h2>\n<p>&nbsp;<\/p>\n<p>El primer gran detonante fue de car\u00e1cter qu\u00edmico y ambiental. Para construir organismos pluricelulares complejos, dotados de tejidos activos, sistemas nerviosos y capacidad de desplazamiento acelerado, se requiere una enorme cantidad de energ\u00eda. Durante el Proterozoico, los niveles de ox\u00edgeno disuelto en los oc\u00e9anos eran demasiado bajos para sostener metab\u00f3licamente a animales grandes o predadores activos.<\/p>\n<p>&nbsp;<\/p>\n<p>Hacia el inicio del periodo C\u00e1mbrico, una intensa actividad tect\u00f3nica y el afloramiento masivo de nutrientes procedentes de la erosi\u00f3n continental provocaron un repunte sin precedentes en la fotos\u00edntesis marina. Esto elev\u00f3 el ox\u00edgeno en la atm\u00f3sfera y en las capas superficiales del oc\u00e9ano hasta cruzar un\u00a0<b>umbral cr\u00edtico<\/b>:<\/p>\n<p>&nbsp;<\/p>\n<p><b>-S\u00edntesis de col\u00e1geno y biomineralizaci\u00f3n:<\/b>\u00a0El ox\u00edgeno no solo sirvi\u00f3 para la respiraci\u00f3n celular eficiente; tambi\u00e9n permiti\u00f3 a los organismos sintetizar col\u00e1geno a gran escala, la prote\u00edna estructural clave que une los tejidos animales.<\/p>\n<p>&nbsp;<\/p>\n<p><b>-Construcci\u00f3n de conchas y esqueletos:<\/b>\u00a0Con suficiente ox\u00edgeno y minerales disponibles en el agua, las criaturas pudieron gastar energ\u00eda en precipitar carbonato de calcio y fosfato de calcio, dando origen a las primeras partes duras del registro f\u00f3sil: caparazones, espinas y exoesqueletos.<\/p>\n<p>&nbsp;<\/p>\n<p>Sin este aumento en los niveles de ox\u00edgeno, la anatom\u00eda animal habr\u00eda quedado atrapada para siempre en la simplicidad de las estructuras blandas y lentas.<\/p>\n<p>&nbsp;<\/p>\n<p><span class=\"RichTextAlignCenter citewrapper\"><img decoding=\"async\" class=\"RichTextAlignCenter\" src=\"https:\/\/noticiasdelaciencia.com\/upload\/images\/08_2026\/5125_figure_27_04_03.jpg\" alt=\"[Img #79548]\" \/><\/span><\/p>\n<div class=\"imagefooterprint\"><\/div>\n<p>&nbsp;<\/p>\n<p>(Foto:\u00a0<span class=\"mw-mmv-source-author\"><span class=\"mw-mmv-author\">CNX OpenStax<\/span><\/span>\/Wikimedia Commons)<\/p>\n<p>&nbsp;<\/p>\n<h2>La carrera armamentista: la revoluci\u00f3n ec\u00f3logica entre depredadores y presas<\/h2>\n<p>&nbsp;<\/p>\n<p>Si el ox\u00edgeno proporcion\u00f3 la energ\u00eda necesaria para la complejidad, la interacci\u00f3n entre especies aport\u00f3 la presi\u00f3n de selecci\u00f3n que aceler\u00f3 los cambios morfol\u00f3gicos. La aparici\u00f3n de los primeros\u00a0<b>depredadores macrosc\u00f3picos activos<\/b>, como el c\u00e9lebre\u00a0<i>Anomalocaris<\/i>, transform\u00f3 los ecosistemas marinos para siempre.<\/p>\n<p>&nbsp;<\/p>\n<p>Hasta ese momento, las comunidades del Ediac\u00e1rico funcionaban como un tapiz pasivo donde las criaturas absorb\u00edan nutrientes directamente del sedimento o del agua. La llegada de cazadores capaces de detectar, perseguir y devorar a otros organismos desencaden\u00f3 una\u00a0<b>carrera armamentista evolutiva<\/b>:<\/p>\n<p>&nbsp;<\/p>\n<p><b>-La revoluci\u00f3n de los sentidos:<\/b>\u00a0Para sobrevivir, las presas necesitaban detectar la amenaza antes de ser capturadas, y los depredadores requer\u00edan mejores herramientas para rastrear a su alimento. Fue en este periodo cuando se desarrollaron los primeros ojos complejos con lentes (como los sofisticados ojos compuestos de los trilobites), antenas sensoriales y sistemas nerviosos centralizados.<\/p>\n<p>&nbsp;<\/p>\n<p><b>-Defensas f\u00edsicas avanzadas:<\/b>\u00a0Para responder a las mand\u00edbulas y garras de los cazadores, las presas desarrollaron corazas duras, espinas protectoras y la capacidad de enterrarse r\u00e1pidamente en el sustrato, remodelando la estructura del fondo marino.<\/p>\n<p>&nbsp;<\/p>\n<p><b>-Nuevas estrategias de movilidad:<\/b>\u00a0Nadar a propulsi\u00f3n, reptar con ap\u00e9ndices articulados o excavar t\u00faneles profundos se convirtieron en habilidades indispensables. Cada innovaci\u00f3n defensiva de la presa obligaba al depredador a perfeccionar su t\u00e9cnica de ataque, generando un bucle de retroalimentaci\u00f3n evolutiva a gran velocidad.<\/p>\n<p>&nbsp;<\/p>\n<h2>Un cambio de paradigma en la historia planetaria<\/h2>\n<p>&nbsp;<\/p>\n<p>La explosi\u00f3n del C\u00e1mbrico demuestra c\u00f3mo la Tierra y la vida evolucionan de forma acoplada. La elevaci\u00f3n del ox\u00edgeno actu\u00f3 como el detonante qu\u00edmico indispensable que abri\u00f3 la puerta a la biomineralizaci\u00f3n y al metabolismo de alta energ\u00eda. Por su parte, la carrera armamentista entre depredadores y presas convirti\u00f3 el oc\u00e9ano en un laboratorio de dise\u00f1o biol\u00f3gico donde sobrevivieron los planes corporales m\u00e1s eficientes.<\/p>\n<p>&nbsp;<\/p>\n<p>Aquella acelerada diversificaci\u00f3n marina de hace m\u00e1s de 500 millones de a\u00f1os estableci\u00f3 las bases anat\u00f3micas de la biodiversidad que hoy habita nuestro planeta, demostrando que la presi\u00f3n competitiva y el cambio ambiental son las fuerzas m\u00e1s poderosas para remodelar la vida.<\/p>\n","protected":false},"excerpt":{"rendered":"<p>Durante m\u00e1s de tres mil millones de a\u00f1os, la vida en la Tierra se limit\u00f3 a un dominio monocorde de &#8230;<\/p>\n","protected":false},"author":2,"featured_media":225034,"comment_status":"closed","ping_status":"closed","sticky":false,"template":"","format":"standard","meta":{"footnotes":""},"categories":[14],"tags":[],"class_list":["post-225033","post","type-post","status-publish","format-standard","has-post-thumbnail","hentry","category-ciencia-y-tecnologia"],"yoast_head":"<!-- This site is optimized with the Yoast SEO plugin v24.8.1 - https:\/\/yoast.com\/wordpress\/plugins\/seo\/ -->\n<title>Qu\u00e9 desencaden\u00f3 realmente la explosi\u00f3n del C\u00e1mbrico - PotenciaRadiofonicaDominicana.com<\/title>\n<meta name=\"robots\" content=\"index, follow, max-snippet:-1, max-image-preview:large, max-video-preview:-1\" \/>\n<link rel=\"canonical\" href=\"https:\/\/potenciaradiofonicadominicana.com\/portal\/que-desencadeno-realmente-la-explosion-del-cambrico\/\" \/>\n<meta property=\"og:locale\" content=\"es_ES\" \/>\n<meta property=\"og:type\" content=\"article\" \/>\n<meta property=\"og:title\" content=\"Qu\u00e9 desencaden\u00f3 realmente la explosi\u00f3n del C\u00e1mbrico - PotenciaRadiofonicaDominicana.com\" \/>\n<meta property=\"og:description\" content=\"Durante m\u00e1s de tres mil millones de a\u00f1os, la vida en la Tierra se limit\u00f3 a un dominio monocorde de ...\" \/>\n<meta property=\"og:url\" content=\"https:\/\/potenciaradiofonicadominicana.com\/portal\/que-desencadeno-realmente-la-explosion-del-cambrico\/\" \/>\n<meta property=\"og:site_name\" content=\"PotenciaRadiofonicaDominicana.com\" \/>\n<meta property=\"article:publisher\" content=\"https:\/\/web.facebook.com\/PotenciaRadiofonicaD\" \/>\n<meta property=\"article:published_time\" content=\"2026-09-02T02:38:28+00:00\" \/>\n<meta property=\"og:image\" content=\"https:\/\/potenciaradiofonicadominicana.com\/portal\/wp-content\/uploads\/2026\/09\/5125_figure_27_04_03.jpg\" \/>\n\t<meta property=\"og:image:width\" content=\"544\" \/>\n\t<meta property=\"og:image:height\" content=\"540\" \/>\n\t<meta property=\"og:image:type\" content=\"image\/jpeg\" \/>\n<meta name=\"author\" content=\"Potencia Radiof\u00f3nica Dominicana\" \/>\n<meta name=\"twitter:card\" content=\"summary_large_image\" \/>\n<meta name=\"twitter:label1\" content=\"Escrito por\" \/>\n\t<meta name=\"twitter:data1\" content=\"Potencia Radiof\u00f3nica Dominicana\" \/>\n\t<meta name=\"twitter:label2\" content=\"Tiempo de lectura\" \/>\n\t<meta name=\"twitter:data2\" content=\"4 minutos\" \/>\n<script type=\"application\/ld+json\" class=\"yoast-schema-graph\">{\"@context\":\"https:\/\/schema.org\",\"@graph\":[{\"@type\":\"Article\",\"@id\":\"https:\/\/potenciaradiofonicadominicana.com\/portal\/que-desencadeno-realmente-la-explosion-del-cambrico\/#article\",\"isPartOf\":{\"@id\":\"https:\/\/potenciaradiofonicadominicana.com\/portal\/que-desencadeno-realmente-la-explosion-del-cambrico\/\"},\"author\":{\"name\":\"Potencia Radiof\u00f3nica Dominicana\",\"@id\":\"https:\/\/potenciaradiofonicadominicana.com\/portal\/#\/schema\/person\/a5cf1fea13877803ee0573ac18b03490\"},\"headline\":\"Qu\u00e9 desencaden\u00f3 realmente la explosi\u00f3n del C\u00e1mbrico\",\"datePublished\":\"2026-09-02T02:38:28+00:00\",\"mainEntityOfPage\":{\"@id\":\"https:\/\/potenciaradiofonicadominicana.com\/portal\/que-desencadeno-realmente-la-explosion-del-cambrico\/\"},\"wordCount\":826,\"publisher\":{\"@id\":\"https:\/\/potenciaradiofonicadominicana.com\/portal\/#organization\"},\"image\":{\"@id\":\"https:\/\/potenciaradiofonicadominicana.com\/portal\/que-desencadeno-realmente-la-explosion-del-cambrico\/#primaryimage\"},\"thumbnailUrl\":\"https:\/\/potenciaradiofonicadominicana.com\/portal\/wp-content\/uploads\/2026\/09\/5125_figure_27_04_03.jpg\",\"articleSection\":[\"Ciencia y Tecnolog\u00eda\"],\"inLanguage\":\"es\"},{\"@type\":\"WebPage\",\"@id\":\"https:\/\/potenciaradiofonicadominicana.com\/portal\/que-desencadeno-realmente-la-explosion-del-cambrico\/\",\"url\":\"https:\/\/potenciaradiofonicadominicana.com\/portal\/que-desencadeno-realmente-la-explosion-del-cambrico\/\",\"name\":\"Qu\u00e9 desencaden\u00f3 realmente la explosi\u00f3n del C\u00e1mbrico - PotenciaRadiofonicaDominicana.com\",\"isPartOf\":{\"@id\":\"https:\/\/potenciaradiofonicadominicana.com\/portal\/#website\"},\"primaryImageOfPage\":{\"@id\":\"https:\/\/potenciaradiofonicadominicana.com\/portal\/que-desencadeno-realmente-la-explosion-del-cambrico\/#primaryimage\"},\"image\":{\"@id\":\"https:\/\/potenciaradiofonicadominicana.com\/portal\/que-desencadeno-realmente-la-explosion-del-cambrico\/#primaryimage\"},\"thumbnailUrl\":\"https:\/\/potenciaradiofonicadominicana.com\/portal\/wp-content\/uploads\/2026\/09\/5125_figure_27_04_03.jpg\",\"datePublished\":\"2026-09-02T02:38:28+00:00\",\"breadcrumb\":{\"@id\":\"https:\/\/potenciaradiofonicadominicana.com\/portal\/que-desencadeno-realmente-la-explosion-del-cambrico\/#breadcrumb\"},\"inLanguage\":\"es\",\"potentialAction\":[{\"@type\":\"ReadAction\",\"target\":[\"https:\/\/potenciaradiofonicadominicana.com\/portal\/que-desencadeno-realmente-la-explosion-del-cambrico\/\"]}]},{\"@type\":\"ImageObject\",\"inLanguage\":\"es\",\"@id\":\"https:\/\/potenciaradiofonicadominicana.com\/portal\/que-desencadeno-realmente-la-explosion-del-cambrico\/#primaryimage\",\"url\":\"https:\/\/potenciaradiofonicadominicana.com\/portal\/wp-content\/uploads\/2026\/09\/5125_figure_27_04_03.jpg\",\"contentUrl\":\"https:\/\/potenciaradiofonicadominicana.com\/portal\/wp-content\/uploads\/2026\/09\/5125_figure_27_04_03.jpg\",\"width\":544,\"height\":540},{\"@type\":\"BreadcrumbList\",\"@id\":\"https:\/\/potenciaradiofonicadominicana.com\/portal\/que-desencadeno-realmente-la-explosion-del-cambrico\/#breadcrumb\",\"itemListElement\":[{\"@type\":\"ListItem\",\"position\":1,\"name\":\"Portada\",\"item\":\"https:\/\/potenciaradiofonicadominicana.com\/portal\/\"},{\"@type\":\"ListItem\",\"position\":2,\"name\":\"Qu\u00e9 desencaden\u00f3 realmente la explosi\u00f3n del C\u00e1mbrico\"}]},{\"@type\":\"WebSite\",\"@id\":\"https:\/\/potenciaradiofonicadominicana.com\/portal\/#website\",\"url\":\"https:\/\/potenciaradiofonicadominicana.com\/portal\/\",\"name\":\"PotenciaRadiofonicaDominicana.com\",\"description\":\"Peri\u00f3dico Digital\",\"publisher\":{\"@id\":\"https:\/\/potenciaradiofonicadominicana.com\/portal\/#organization\"},\"potentialAction\":[{\"@type\":\"SearchAction\",\"target\":{\"@type\":\"EntryPoint\",\"urlTemplate\":\"https:\/\/potenciaradiofonicadominicana.com\/portal\/?s={search_term_string}\"},\"query-input\":{\"@type\":\"PropertyValueSpecification\",\"valueRequired\":true,\"valueName\":\"search_term_string\"}}],\"inLanguage\":\"es\"},{\"@type\":\"Organization\",\"@id\":\"https:\/\/potenciaradiofonicadominicana.com\/portal\/#organization\",\"name\":\"PotenciaRadiofonicaDominicana.com\",\"url\":\"https:\/\/potenciaradiofonicadominicana.com\/portal\/\",\"logo\":{\"@type\":\"ImageObject\",\"inLanguage\":\"es\",\"@id\":\"https:\/\/potenciaradiofonicadominicana.com\/portal\/#\/schema\/logo\/image\/\",\"url\":\"https:\/\/potenciaradiofonicadominicana.com\/portal\/wp-content\/uploads\/2022\/01\/descarga.png\",\"contentUrl\":\"https:\/\/potenciaradiofonicadominicana.com\/portal\/wp-content\/uploads\/2022\/01\/descarga.png\",\"width\":300,\"height\":100,\"caption\":\"PotenciaRadiofonicaDominicana.com\"},\"image\":{\"@id\":\"https:\/\/potenciaradiofonicadominicana.com\/portal\/#\/schema\/logo\/image\/\"},\"sameAs\":[\"https:\/\/web.facebook.com\/PotenciaRadiofonicaD\"]},{\"@type\":\"Person\",\"@id\":\"https:\/\/potenciaradiofonicadominicana.com\/portal\/#\/schema\/person\/a5cf1fea13877803ee0573ac18b03490\",\"name\":\"Potencia Radiof\u00f3nica Dominicana\",\"image\":{\"@type\":\"ImageObject\",\"inLanguage\":\"es\",\"@id\":\"https:\/\/potenciaradiofonicadominicana.com\/portal\/#\/schema\/person\/image\/\",\"url\":\"https:\/\/secure.gravatar.com\/avatar\/42a55ab9e8ccc656ba34cd791990602a?s=96&d=mm&r=g\",\"contentUrl\":\"https:\/\/secure.gravatar.com\/avatar\/42a55ab9e8ccc656ba34cd791990602a?s=96&d=mm&r=g\",\"caption\":\"Potencia Radiof\u00f3nica Dominicana\"},\"url\":\"https:\/\/potenciaradiofonicadominicana.com\/portal\/author\/johannyalmanzar\/\"}]}<\/script>\n<!-- \/ Yoast SEO plugin. -->","yoast_head_json":{"title":"Qu\u00e9 desencaden\u00f3 realmente la explosi\u00f3n del C\u00e1mbrico - PotenciaRadiofonicaDominicana.com","robots":{"index":"index","follow":"follow","max-snippet":"max-snippet:-1","max-image-preview":"max-image-preview:large","max-video-preview":"max-video-preview:-1"},"canonical":"https:\/\/potenciaradiofonicadominicana.com\/portal\/que-desencadeno-realmente-la-explosion-del-cambrico\/","og_locale":"es_ES","og_type":"article","og_title":"Qu\u00e9 desencaden\u00f3 realmente la explosi\u00f3n del C\u00e1mbrico - PotenciaRadiofonicaDominicana.com","og_description":"Durante m\u00e1s de tres mil millones de a\u00f1os, la vida en la Tierra se limit\u00f3 a un dominio monocorde de ...","og_url":"https:\/\/potenciaradiofonicadominicana.com\/portal\/que-desencadeno-realmente-la-explosion-del-cambrico\/","og_site_name":"PotenciaRadiofonicaDominicana.com","article_publisher":"https:\/\/web.facebook.com\/PotenciaRadiofonicaD","article_published_time":"2026-09-02T02:38:28+00:00","og_image":[{"width":544,"height":540,"url":"https:\/\/potenciaradiofonicadominicana.com\/portal\/wp-content\/uploads\/2026\/09\/5125_figure_27_04_03.jpg","type":"image\/jpeg"}],"author":"Potencia Radiof\u00f3nica Dominicana","twitter_card":"summary_large_image","twitter_misc":{"Escrito por":"Potencia Radiof\u00f3nica Dominicana","Tiempo de lectura":"4 minutos"},"schema":{"@context":"https:\/\/schema.org","@graph":[{"@type":"Article","@id":"https:\/\/potenciaradiofonicadominicana.com\/portal\/que-desencadeno-realmente-la-explosion-del-cambrico\/#article","isPartOf":{"@id":"https:\/\/potenciaradiofonicadominicana.com\/portal\/que-desencadeno-realmente-la-explosion-del-cambrico\/"},"author":{"name":"Potencia Radiof\u00f3nica Dominicana","@id":"https:\/\/potenciaradiofonicadominicana.com\/portal\/#\/schema\/person\/a5cf1fea13877803ee0573ac18b03490"},"headline":"Qu\u00e9 desencaden\u00f3 realmente la explosi\u00f3n del C\u00e1mbrico","datePublished":"2026-09-02T02:38:28+00:00","mainEntityOfPage":{"@id":"https:\/\/potenciaradiofonicadominicana.com\/portal\/que-desencadeno-realmente-la-explosion-del-cambrico\/"},"wordCount":826,"publisher":{"@id":"https:\/\/potenciaradiofonicadominicana.com\/portal\/#organization"},"image":{"@id":"https:\/\/potenciaradiofonicadominicana.com\/portal\/que-desencadeno-realmente-la-explosion-del-cambrico\/#primaryimage"},"thumbnailUrl":"https:\/\/potenciaradiofonicadominicana.com\/portal\/wp-content\/uploads\/2026\/09\/5125_figure_27_04_03.jpg","articleSection":["Ciencia y Tecnolog\u00eda"],"inLanguage":"es"},{"@type":"WebPage","@id":"https:\/\/potenciaradiofonicadominicana.com\/portal\/que-desencadeno-realmente-la-explosion-del-cambrico\/","url":"https:\/\/potenciaradiofonicadominicana.com\/portal\/que-desencadeno-realmente-la-explosion-del-cambrico\/","name":"Qu\u00e9 desencaden\u00f3 realmente la explosi\u00f3n del C\u00e1mbrico - PotenciaRadiofonicaDominicana.com","isPartOf":{"@id":"https:\/\/potenciaradiofonicadominicana.com\/portal\/#website"},"primaryImageOfPage":{"@id":"https:\/\/potenciaradiofonicadominicana.com\/portal\/que-desencadeno-realmente-la-explosion-del-cambrico\/#primaryimage"},"image":{"@id":"https:\/\/potenciaradiofonicadominicana.com\/portal\/que-desencadeno-realmente-la-explosion-del-cambrico\/#primaryimage"},"thumbnailUrl":"https:\/\/potenciaradiofonicadominicana.com\/portal\/wp-content\/uploads\/2026\/09\/5125_figure_27_04_03.jpg","datePublished":"2026-09-02T02:38:28+00:00","breadcrumb":{"@id":"https:\/\/potenciaradiofonicadominicana.com\/portal\/que-desencadeno-realmente-la-explosion-del-cambrico\/#breadcrumb"},"inLanguage":"es","potentialAction":[{"@type":"ReadAction","target":["https:\/\/potenciaradiofonicadominicana.com\/portal\/que-desencadeno-realmente-la-explosion-del-cambrico\/"]}]},{"@type":"ImageObject","inLanguage":"es","@id":"https:\/\/potenciaradiofonicadominicana.com\/portal\/que-desencadeno-realmente-la-explosion-del-cambrico\/#primaryimage","url":"https:\/\/potenciaradiofonicadominicana.com\/portal\/wp-content\/uploads\/2026\/09\/5125_figure_27_04_03.jpg","contentUrl":"https:\/\/potenciaradiofonicadominicana.com\/portal\/wp-content\/uploads\/2026\/09\/5125_figure_27_04_03.jpg","width":544,"height":540},{"@type":"BreadcrumbList","@id":"https:\/\/potenciaradiofonicadominicana.com\/portal\/que-desencadeno-realmente-la-explosion-del-cambrico\/#breadcrumb","itemListElement":[{"@type":"ListItem","position":1,"name":"Portada","item":"https:\/\/potenciaradiofonicadominicana.com\/portal\/"},{"@type":"ListItem","position":2,"name":"Qu\u00e9 desencaden\u00f3 realmente la explosi\u00f3n del C\u00e1mbrico"}]},{"@type":"WebSite","@id":"https:\/\/potenciaradiofonicadominicana.com\/portal\/#website","url":"https:\/\/potenciaradiofonicadominicana.com\/portal\/","name":"PotenciaRadiofonicaDominicana.com","description":"Peri\u00f3dico Digital","publisher":{"@id":"https:\/\/potenciaradiofonicadominicana.com\/portal\/#organization"},"potentialAction":[{"@type":"SearchAction","target":{"@type":"EntryPoint","urlTemplate":"https:\/\/potenciaradiofonicadominicana.com\/portal\/?s={search_term_string}"},"query-input":{"@type":"PropertyValueSpecification","valueRequired":true,"valueName":"search_term_string"}}],"inLanguage":"es"},{"@type":"Organization","@id":"https:\/\/potenciaradiofonicadominicana.com\/portal\/#organization","name":"PotenciaRadiofonicaDominicana.com","url":"https:\/\/potenciaradiofonicadominicana.com\/portal\/","logo":{"@type":"ImageObject","inLanguage":"es","@id":"https:\/\/potenciaradiofonicadominicana.com\/portal\/#\/schema\/logo\/image\/","url":"https:\/\/potenciaradiofonicadominicana.com\/portal\/wp-content\/uploads\/2022\/01\/descarga.png","contentUrl":"https:\/\/potenciaradiofonicadominicana.com\/portal\/wp-content\/uploads\/2022\/01\/descarga.png","width":300,"height":100,"caption":"PotenciaRadiofonicaDominicana.com"},"image":{"@id":"https:\/\/potenciaradiofonicadominicana.com\/portal\/#\/schema\/logo\/image\/"},"sameAs":["https:\/\/web.facebook.com\/PotenciaRadiofonicaD"]},{"@type":"Person","@id":"https:\/\/potenciaradiofonicadominicana.com\/portal\/#\/schema\/person\/a5cf1fea13877803ee0573ac18b03490","name":"Potencia Radiof\u00f3nica Dominicana","image":{"@type":"ImageObject","inLanguage":"es","@id":"https:\/\/potenciaradiofonicadominicana.com\/portal\/#\/schema\/person\/image\/","url":"https:\/\/secure.gravatar.com\/avatar\/42a55ab9e8ccc656ba34cd791990602a?s=96&d=mm&r=g","contentUrl":"https:\/\/secure.gravatar.com\/avatar\/42a55ab9e8ccc656ba34cd791990602a?s=96&d=mm&r=g","caption":"Potencia Radiof\u00f3nica Dominicana"},"url":"https:\/\/potenciaradiofonicadominicana.com\/portal\/author\/johannyalmanzar\/"}]}},"_links":{"self":[{"href":"https:\/\/potenciaradiofonicadominicana.com\/portal\/wp-json\/wp\/v2\/posts\/225033","targetHints":{"allow":["GET"]}}],"collection":[{"href":"https:\/\/potenciaradiofonicadominicana.com\/portal\/wp-json\/wp\/v2\/posts"}],"about":[{"href":"https:\/\/potenciaradiofonicadominicana.com\/portal\/wp-json\/wp\/v2\/types\/post"}],"author":[{"embeddable":true,"href":"https:\/\/potenciaradiofonicadominicana.com\/portal\/wp-json\/wp\/v2\/users\/2"}],"replies":[{"embeddable":true,"href":"https:\/\/potenciaradiofonicadominicana.com\/portal\/wp-json\/wp\/v2\/comments?post=225033"}],"version-history":[{"count":1,"href":"https:\/\/potenciaradiofonicadominicana.com\/portal\/wp-json\/wp\/v2\/posts\/225033\/revisions"}],"predecessor-version":[{"id":225038,"href":"https:\/\/potenciaradiofonicadominicana.com\/portal\/wp-json\/wp\/v2\/posts\/225033\/revisions\/225038"}],"wp:featuredmedia":[{"embeddable":true,"href":"https:\/\/potenciaradiofonicadominicana.com\/portal\/wp-json\/wp\/v2\/media\/225034"}],"wp:attachment":[{"href":"https:\/\/potenciaradiofonicadominicana.com\/portal\/wp-json\/wp\/v2\/media?parent=225033"}],"wp:term":[{"taxonomy":"category","embeddable":true,"href":"https:\/\/potenciaradiofonicadominicana.com\/portal\/wp-json\/wp\/v2\/categories?post=225033"},{"taxonomy":"post_tag","embeddable":true,"href":"https:\/\/potenciaradiofonicadominicana.com\/portal\/wp-json\/wp\/v2\/tags?post=225033"}],"curies":[{"name":"wp","href":"https:\/\/api.w.org\/{rel}","templated":true}]}}