{"id":225027,"date":"2026-09-01T22:36:49","date_gmt":"2026-09-02T02:36:49","guid":{"rendered":"https:\/\/potenciaradiofonicadominicana.com\/portal\/?p=225027"},"modified":"2026-09-01T22:36:49","modified_gmt":"2026-09-02T02:36:49","slug":"como-los-campos-primordiales-moldearon-la-red-gigante-del-universo","status":"publish","type":"post","link":"https:\/\/potenciaradiofonicadominicana.com\/portal\/como-los-campos-primordiales-moldearon-la-red-gigante-del-universo\/","title":{"rendered":"C\u00f3mo los campos primordiales moldearon la red gigante del universo"},"content":{"rendered":"<p><a href=\"https:\/\/potenciaradiofonicadominicana.com\/portal\/wp-content\/uploads\/2026\/09\/8090_timrael-space-4984262.jpg\"><img loading=\"lazy\" decoding=\"async\" class=\"alignnone size-full wp-image-225029\" src=\"https:\/\/potenciaradiofonicadominicana.com\/portal\/wp-content\/uploads\/2026\/09\/8090_timrael-space-4984262.jpg\" alt=\"\" width=\"670\" height=\"447\" srcset=\"https:\/\/potenciaradiofonicadominicana.com\/portal\/wp-content\/uploads\/2026\/09\/8090_timrael-space-4984262.jpg 670w, https:\/\/potenciaradiofonicadominicana.com\/portal\/wp-content\/uploads\/2026\/09\/8090_timrael-space-4984262-300x200.jpg 300w\" sizes=\"auto, (max-width: 670px) 100vw, 670px\" \/><\/a><\/p>\n<p><b>Durante d\u00e9cadas, la astrof\u00edsica le asign\u00f3 a la gravedad el papel de \u00fanica arquitecta del cosmos.<\/b>\u00a0Seg\u00fan la teor\u00eda cl\u00e1sica, la materia oscura y la atracci\u00f3n gravitatoria fueron las encargadas de agrupar el gas tras el Big Bang para tejer la inmensa\u00a0<b>red c\u00f3smica<\/b>: una estructura compuesta por filamentos luminosos, superc\u00famulos de galaxias y gigantescos vac\u00edos intergal\u00e1cticos.<\/p>\n<p>&nbsp;<\/p>\n<p>Sin embargo, una pieza fundamental del rompecabezas hab\u00eda quedado relegada a un segundo plano. Observaciones astron\u00f3micas recientes confirman que el espacio intergal\u00e1ctico no est\u00e1 vac\u00edo de fuerzas: existe un magnetismo difuso pero persistente que atraviesa la red c\u00f3smica. La gran pregunta que revoluciona la cosmolog\u00eda moderna es si estos\u00a0<b>campos magn\u00e9ticos primordiales<\/b>\u00a0nacieron en los primeros instantes del universo y si actuaron como los planos invisibles sobre los que se construy\u00f3 todo lo que vemos.<\/p>\n<p>&nbsp;<\/p>\n<h2>Semillas magn\u00e9ticas nacidas en la sopa primordial<\/h2>\n<p>&nbsp;<\/p>\n<p>Para comprender el origen de estas fuerzas, debemos retroceder a los primeros microsegundos posterior al Big Bang. En esa \u00e9poca, el universo era un plasma ardiente y ultra denso de part\u00edculas cargadas \u2014principalmente protones y electrones\u2014 donde la materia y la radiaci\u00f3n estaban \u00edntimamente acopladas.<\/p>\n<p>&nbsp;<\/p>\n<p>Las fluctuaciones cu\u00e1nticas durante la\u00a0<b>inflaci\u00f3n c\u00f3smica<\/b>\u00a0o las violentas transiciones de fase cuando el universo se enfriaba provocaron corrientes el\u00e9ctricas en el plasma. Estas corrientes generaron diminutas \u00absemillas magn\u00e9ticas\u00bb. Aunque en un principio eran extraordinariamente d\u00e9biles, el magnetismo qued\u00f3 \u00abcongelado\u00bb dentro de la materia fluida debido a las leyes de la magnetohidrodin\u00e1mica.<\/p>\n<p>&nbsp;<\/p>\n<p>A medida que el universo se expandi\u00f3, este lienzo magn\u00e9tico primordial se estir\u00f3 y distorsion\u00f3 junto con el propio espacio-tiempo, creando un fondo de fuerza que precedi\u00f3 a la formaci\u00f3n de las primeras estrellas.<\/p>\n<h2>El efecto canalizador: C\u00f3mo el magnetismo orient\u00f3 a la materia<\/h2>\n<p>&nbsp;<\/p>\n<p>La gravedad es una fuerza puramente atractiva, pero el magnetismo opera de forma direccional y puede ejercer tanto presi\u00f3n como tensi\u00f3n. Cuando el gas de hidr\u00f3geno y helio comenz\u00f3 a colapsar para formar las primeras estructuras, la presencia de campos magn\u00e9ticos primordiales alter\u00f3 dr\u00e1sticamente el proceso de varias maneras clave:<\/p>\n<p>&nbsp;<\/p>\n<p><b>-Canalizaci\u00f3n del flujo de plasma:<\/b>\u00a0Las part\u00edculas cargadas del universo temprano no pod\u00edan moverse libremente en cualquier direcci\u00f3n; estaban obligadas a girar a lo largo de las l\u00edneas de campo magn\u00e9tico. Esto convirti\u00f3 a las l\u00edneas de fuerza en verdaderas \u00abv\u00edas de tren\u00bb invisibles que guiaron la materia hacia la formaci\u00f3n de filamentos.<\/p>\n<p>&nbsp;<\/p>\n<p><b>-Regulaci\u00f3n del momento angular:<\/b>\u00a0Para que una nube de gas colapse y forme una galaxia o una estrella, necesita deshacerse de su energ\u00eda de rotaci\u00f3n. Los campos magn\u00e9ticos actuaron como un freno din\u00e1mico, transfiriendo el exceso de giro hacia el medio exterior y permitiendo que la materia colapsara m\u00e1s r\u00e1pido en nodos densos.<\/p>\n<p>&nbsp;<\/p>\n<p><b>-Modulaci\u00f3n de la primera generaci\u00f3n de estrellas:<\/b>\u00a0Al frenar el colapso excesivamente turbulento del gas primordial, el magnetismo influy\u00f3 en la masa de las primeras estrellas del universo (las estrellas de Poblaci\u00f3n III), determinando con qu\u00e9 rapidez se enriqueci\u00f3 el cosmos con elementos pesados.<\/p>\n<p>&nbsp;<\/p>\n<h2>El mecanismo del d\u00ednamo y la escala intergal\u00e1ctica<\/h2>\n<p>&nbsp;<\/p>\n<p>Durante mucho tiempo se pens\u00f3 que el magnetismo de las galaxias se gener\u00f3 mucho despu\u00e9s, mediante el llamado\u00a0<b>mecanismo de d\u00ednamo gal\u00e1ctico<\/b>, donde la rotaci\u00f3n de las galaxias amplifica peque\u00f1os campos locales. Sin embargo, este modelo no logra explicar por qu\u00e9 encontramos campos magn\u00e9ticos en los\u00a0<b>vac\u00edos c\u00f3smicos<\/b>, regiones donde apenas hay galaxias y donde los procesos din\u00e1micos internos no han tenido tiempo de actuar.<\/p>\n<p>&nbsp;<\/p>\n<p>La presencia de magnetismo en estas vastas soledades es la prueba irrefutable de un origen primordial. Sin un campo magn\u00e9tico semilla extendido por todo el universo desde el principio, el efecto d\u00ednamo no habr\u00eda tenido un punto de partida sobre el cual trabajar.<\/p>\n<p>&nbsp;<\/p>\n<h2>\u00bfC\u00f3mo los detectamos?<\/h2>\n<p>&nbsp;<\/p>\n<p>Dado que los campos magn\u00e9ticos intergal\u00e1cticos son extremadamente d\u00e9biles, detectarlos requiere t\u00e9cnicas astrof\u00edsicas de alta precisi\u00f3n:<\/p>\n<p>&nbsp;<\/p>\n<h3>La rotaci\u00f3n de Faraday en blaz\u00e1res lejanos<\/h3>\n<p>&nbsp;<\/p>\n<p>Cuando la luz polarizada emitida por n\u00facleos gal\u00e1cticos activos (blaz\u00e1res) o r\u00e1fagas r\u00e1pidas de radio atraviesa el medio intergal\u00e1ctico, su \u00e1ngulo de polarizaci\u00f3n se gira ligeramente por la presencia de electrones y campos magn\u00e9ticos. Midiendo este giro, los astr\u00f3nomos pueden mapear la intensidad de la fuerza magn\u00e9tica en regiones donde no hay luz visible.<\/p>\n<p>&nbsp;<\/p>\n<h3>Distorsiones en el Fondo C\u00f3smico de Microondas<\/h3>\n<p>&nbsp;<\/p>\n<p>La radiaci\u00f3n remanente del Big Bang conserva peque\u00f1as huellas de la interacci\u00f3n entre la radiaci\u00f3n y el plasma magn\u00e9tico temprano. Estas firmas permiten calcular los l\u00edmites superiores de la intensidad magn\u00e9tica en la infancia del cosmos.<\/p>\n<p>&nbsp;<\/p>\n<h3>Cartografiado mediante radioastronom\u00eda de gran escala<\/h3>\n<p>&nbsp;<\/p>\n<p>Proyectos de vanguardia como el radiotelescopio LOFAR y la futura red\u00a0<b>Square Kilometre Array (SKA)<\/b>\u00a0est\u00e1n dise\u00f1ados para captar la d\u00e9bil emisi\u00f3n sincrotr\u00f3n que producen los electrones al espiralar alrededor de las l\u00edneas de campo magn\u00e9tico en los filamentos de la red c\u00f3smica.<\/p>\n<p>&nbsp;<\/p>\n<h2>Reescribiendo el libro de la cosmolog\u00eda<\/h2>\n<p>&nbsp;<\/p>\n<p>Reconocer la relevancia de los campos magn\u00e9ticos primordiales impulsa un cambio de paradigma. La evoluci\u00f3n del universo ya no puede simularse \u00fanicamente mediante modelos gravitatorios de materia oscura fr\u00eda; la\u00a0<b>din\u00e1mica de fluidos magn\u00e9ticos<\/b>\u00a0debe integrarse en las supercomputadoras que recrean la historia del cosmos.<\/p>\n<div class=\"google-anno-skip google-anno-sc\" tabindex=\"0\" role=\"link\" aria-label=\"Comprar Material Para Laboratorio Biol\u00f3gico\" data-google-vignette=\"false\" data-google-interstitial=\"false\">Comprar Material Para Laboratorio Biol\u00f3gico<\/div>\n<p>&nbsp;<\/p>\n<p>Comprender estas fuerzas primigenias no solo aclara c\u00f3mo surgieron los primeros superc\u00famulos gal\u00e1cticos, sino que tambi\u00e9n ofrece una ventana \u00fanica para explorar la f\u00edsica fundamental en energ\u00edas inalcanzables en cualquier laboratorio terrestre. El magnetismo no fue un simple espectador tras el Big Bang, sino uno de los hilos invisibles que teji\u00f3 el tapiz del universo que habitamos.<\/p>\n","protected":false},"excerpt":{"rendered":"<p>Durante d\u00e9cadas, la astrof\u00edsica le asign\u00f3 a la gravedad el papel de \u00fanica arquitecta del cosmos.\u00a0Seg\u00fan la teor\u00eda cl\u00e1sica, la &#8230;<\/p>\n","protected":false},"author":2,"featured_media":225029,"comment_status":"closed","ping_status":"closed","sticky":false,"template":"","format":"standard","meta":{"footnotes":""},"categories":[14],"tags":[],"class_list":["post-225027","post","type-post","status-publish","format-standard","has-post-thumbnail","hentry","category-ciencia-y-tecnologia"],"yoast_head":"<!-- This site is optimized with the Yoast SEO plugin v24.8.1 - https:\/\/yoast.com\/wordpress\/plugins\/seo\/ -->\n<title>C\u00f3mo los campos primordiales moldearon la red gigante del universo - PotenciaRadiofonicaDominicana.com<\/title>\n<meta name=\"robots\" content=\"index, follow, max-snippet:-1, max-image-preview:large, max-video-preview:-1\" \/>\n<link rel=\"canonical\" href=\"https:\/\/potenciaradiofonicadominicana.com\/portal\/como-los-campos-primordiales-moldearon-la-red-gigante-del-universo\/\" \/>\n<meta property=\"og:locale\" content=\"es_ES\" \/>\n<meta property=\"og:type\" content=\"article\" \/>\n<meta property=\"og:title\" content=\"C\u00f3mo los campos primordiales moldearon la red gigante del universo - PotenciaRadiofonicaDominicana.com\" \/>\n<meta property=\"og:description\" content=\"Durante d\u00e9cadas, la astrof\u00edsica le asign\u00f3 a la gravedad el papel de \u00fanica arquitecta del cosmos.\u00a0Seg\u00fan la teor\u00eda cl\u00e1sica, la ...\" \/>\n<meta property=\"og:url\" content=\"https:\/\/potenciaradiofonicadominicana.com\/portal\/como-los-campos-primordiales-moldearon-la-red-gigante-del-universo\/\" \/>\n<meta property=\"og:site_name\" content=\"PotenciaRadiofonicaDominicana.com\" \/>\n<meta property=\"article:publisher\" content=\"https:\/\/web.facebook.com\/PotenciaRadiofonicaD\" \/>\n<meta property=\"article:published_time\" content=\"2026-09-02T02:36:49+00:00\" \/>\n<meta property=\"og:image\" content=\"https:\/\/potenciaradiofonicadominicana.com\/portal\/wp-content\/uploads\/2026\/09\/8090_timrael-space-4984262.jpg\" \/>\n\t<meta property=\"og:image:width\" content=\"670\" \/>\n\t<meta property=\"og:image:height\" content=\"447\" \/>\n\t<meta property=\"og:image:type\" content=\"image\/jpeg\" \/>\n<meta name=\"author\" content=\"Potencia Radiof\u00f3nica Dominicana\" \/>\n<meta name=\"twitter:card\" content=\"summary_large_image\" \/>\n<meta name=\"twitter:label1\" content=\"Escrito por\" \/>\n\t<meta name=\"twitter:data1\" content=\"Potencia Radiof\u00f3nica Dominicana\" \/>\n\t<meta name=\"twitter:label2\" content=\"Tiempo de lectura\" \/>\n\t<meta name=\"twitter:data2\" content=\"5 minutos\" \/>\n<script type=\"application\/ld+json\" class=\"yoast-schema-graph\">{\"@context\":\"https:\/\/schema.org\",\"@graph\":[{\"@type\":\"Article\",\"@id\":\"https:\/\/potenciaradiofonicadominicana.com\/portal\/como-los-campos-primordiales-moldearon-la-red-gigante-del-universo\/#article\",\"isPartOf\":{\"@id\":\"https:\/\/potenciaradiofonicadominicana.com\/portal\/como-los-campos-primordiales-moldearon-la-red-gigante-del-universo\/\"},\"author\":{\"name\":\"Potencia Radiof\u00f3nica Dominicana\",\"@id\":\"https:\/\/potenciaradiofonicadominicana.com\/portal\/#\/schema\/person\/a5cf1fea13877803ee0573ac18b03490\"},\"headline\":\"C\u00f3mo los campos primordiales moldearon la red gigante del universo\",\"datePublished\":\"2026-09-02T02:36:49+00:00\",\"mainEntityOfPage\":{\"@id\":\"https:\/\/potenciaradiofonicadominicana.com\/portal\/como-los-campos-primordiales-moldearon-la-red-gigante-del-universo\/\"},\"wordCount\":1033,\"publisher\":{\"@id\":\"https:\/\/potenciaradiofonicadominicana.com\/portal\/#organization\"},\"image\":{\"@id\":\"https:\/\/potenciaradiofonicadominicana.com\/portal\/como-los-campos-primordiales-moldearon-la-red-gigante-del-universo\/#primaryimage\"},\"thumbnailUrl\":\"https:\/\/potenciaradiofonicadominicana.com\/portal\/wp-content\/uploads\/2026\/09\/8090_timrael-space-4984262.jpg\",\"articleSection\":[\"Ciencia y Tecnolog\u00eda\"],\"inLanguage\":\"es\"},{\"@type\":\"WebPage\",\"@id\":\"https:\/\/potenciaradiofonicadominicana.com\/portal\/como-los-campos-primordiales-moldearon-la-red-gigante-del-universo\/\",\"url\":\"https:\/\/potenciaradiofonicadominicana.com\/portal\/como-los-campos-primordiales-moldearon-la-red-gigante-del-universo\/\",\"name\":\"C\u00f3mo los campos primordiales moldearon la red gigante del universo - PotenciaRadiofonicaDominicana.com\",\"isPartOf\":{\"@id\":\"https:\/\/potenciaradiofonicadominicana.com\/portal\/#website\"},\"primaryImageOfPage\":{\"@id\":\"https:\/\/potenciaradiofonicadominicana.com\/portal\/como-los-campos-primordiales-moldearon-la-red-gigante-del-universo\/#primaryimage\"},\"image\":{\"@id\":\"https:\/\/potenciaradiofonicadominicana.com\/portal\/como-los-campos-primordiales-moldearon-la-red-gigante-del-universo\/#primaryimage\"},\"thumbnailUrl\":\"https:\/\/potenciaradiofonicadominicana.com\/portal\/wp-content\/uploads\/2026\/09\/8090_timrael-space-4984262.jpg\",\"datePublished\":\"2026-09-02T02:36:49+00:00\",\"breadcrumb\":{\"@id\":\"https:\/\/potenciaradiofonicadominicana.com\/portal\/como-los-campos-primordiales-moldearon-la-red-gigante-del-universo\/#breadcrumb\"},\"inLanguage\":\"es\",\"potentialAction\":[{\"@type\":\"ReadAction\",\"target\":[\"https:\/\/potenciaradiofonicadominicana.com\/portal\/como-los-campos-primordiales-moldearon-la-red-gigante-del-universo\/\"]}]},{\"@type\":\"ImageObject\",\"inLanguage\":\"es\",\"@id\":\"https:\/\/potenciaradiofonicadominicana.com\/portal\/como-los-campos-primordiales-moldearon-la-red-gigante-del-universo\/#primaryimage\",\"url\":\"https:\/\/potenciaradiofonicadominicana.com\/portal\/wp-content\/uploads\/2026\/09\/8090_timrael-space-4984262.jpg\",\"contentUrl\":\"https:\/\/potenciaradiofonicadominicana.com\/portal\/wp-content\/uploads\/2026\/09\/8090_timrael-space-4984262.jpg\",\"width\":670,\"height\":447},{\"@type\":\"BreadcrumbList\",\"@id\":\"https:\/\/potenciaradiofonicadominicana.com\/portal\/como-los-campos-primordiales-moldearon-la-red-gigante-del-universo\/#breadcrumb\",\"itemListElement\":[{\"@type\":\"ListItem\",\"position\":1,\"name\":\"Portada\",\"item\":\"https:\/\/potenciaradiofonicadominicana.com\/portal\/\"},{\"@type\":\"ListItem\",\"position\":2,\"name\":\"C\u00f3mo los campos primordiales moldearon la red gigante del universo\"}]},{\"@type\":\"WebSite\",\"@id\":\"https:\/\/potenciaradiofonicadominicana.com\/portal\/#website\",\"url\":\"https:\/\/potenciaradiofonicadominicana.com\/portal\/\",\"name\":\"PotenciaRadiofonicaDominicana.com\",\"description\":\"Peri\u00f3dico Digital\",\"publisher\":{\"@id\":\"https:\/\/potenciaradiofonicadominicana.com\/portal\/#organization\"},\"potentialAction\":[{\"@type\":\"SearchAction\",\"target\":{\"@type\":\"EntryPoint\",\"urlTemplate\":\"https:\/\/potenciaradiofonicadominicana.com\/portal\/?s={search_term_string}\"},\"query-input\":{\"@type\":\"PropertyValueSpecification\",\"valueRequired\":true,\"valueName\":\"search_term_string\"}}],\"inLanguage\":\"es\"},{\"@type\":\"Organization\",\"@id\":\"https:\/\/potenciaradiofonicadominicana.com\/portal\/#organization\",\"name\":\"PotenciaRadiofonicaDominicana.com\",\"url\":\"https:\/\/potenciaradiofonicadominicana.com\/portal\/\",\"logo\":{\"@type\":\"ImageObject\",\"inLanguage\":\"es\",\"@id\":\"https:\/\/potenciaradiofonicadominicana.com\/portal\/#\/schema\/logo\/image\/\",\"url\":\"https:\/\/potenciaradiofonicadominicana.com\/portal\/wp-content\/uploads\/2022\/01\/descarga.png\",\"contentUrl\":\"https:\/\/potenciaradiofonicadominicana.com\/portal\/wp-content\/uploads\/2022\/01\/descarga.png\",\"width\":300,\"height\":100,\"caption\":\"PotenciaRadiofonicaDominicana.com\"},\"image\":{\"@id\":\"https:\/\/potenciaradiofonicadominicana.com\/portal\/#\/schema\/logo\/image\/\"},\"sameAs\":[\"https:\/\/web.facebook.com\/PotenciaRadiofonicaD\"]},{\"@type\":\"Person\",\"@id\":\"https:\/\/potenciaradiofonicadominicana.com\/portal\/#\/schema\/person\/a5cf1fea13877803ee0573ac18b03490\",\"name\":\"Potencia Radiof\u00f3nica Dominicana\",\"image\":{\"@type\":\"ImageObject\",\"inLanguage\":\"es\",\"@id\":\"https:\/\/potenciaradiofonicadominicana.com\/portal\/#\/schema\/person\/image\/\",\"url\":\"https:\/\/secure.gravatar.com\/avatar\/42a55ab9e8ccc656ba34cd791990602a?s=96&d=mm&r=g\",\"contentUrl\":\"https:\/\/secure.gravatar.com\/avatar\/42a55ab9e8ccc656ba34cd791990602a?s=96&d=mm&r=g\",\"caption\":\"Potencia Radiof\u00f3nica Dominicana\"},\"url\":\"https:\/\/potenciaradiofonicadominicana.com\/portal\/author\/johannyalmanzar\/\"}]}<\/script>\n<!-- \/ Yoast SEO plugin. -->","yoast_head_json":{"title":"C\u00f3mo los campos primordiales moldearon la red gigante del universo - PotenciaRadiofonicaDominicana.com","robots":{"index":"index","follow":"follow","max-snippet":"max-snippet:-1","max-image-preview":"max-image-preview:large","max-video-preview":"max-video-preview:-1"},"canonical":"https:\/\/potenciaradiofonicadominicana.com\/portal\/como-los-campos-primordiales-moldearon-la-red-gigante-del-universo\/","og_locale":"es_ES","og_type":"article","og_title":"C\u00f3mo los campos primordiales moldearon la red gigante del universo - PotenciaRadiofonicaDominicana.com","og_description":"Durante d\u00e9cadas, la astrof\u00edsica le asign\u00f3 a la gravedad el papel de \u00fanica arquitecta del cosmos.\u00a0Seg\u00fan la teor\u00eda cl\u00e1sica, la ...","og_url":"https:\/\/potenciaradiofonicadominicana.com\/portal\/como-los-campos-primordiales-moldearon-la-red-gigante-del-universo\/","og_site_name":"PotenciaRadiofonicaDominicana.com","article_publisher":"https:\/\/web.facebook.com\/PotenciaRadiofonicaD","article_published_time":"2026-09-02T02:36:49+00:00","og_image":[{"width":670,"height":447,"url":"https:\/\/potenciaradiofonicadominicana.com\/portal\/wp-content\/uploads\/2026\/09\/8090_timrael-space-4984262.jpg","type":"image\/jpeg"}],"author":"Potencia Radiof\u00f3nica Dominicana","twitter_card":"summary_large_image","twitter_misc":{"Escrito por":"Potencia Radiof\u00f3nica Dominicana","Tiempo de lectura":"5 minutos"},"schema":{"@context":"https:\/\/schema.org","@graph":[{"@type":"Article","@id":"https:\/\/potenciaradiofonicadominicana.com\/portal\/como-los-campos-primordiales-moldearon-la-red-gigante-del-universo\/#article","isPartOf":{"@id":"https:\/\/potenciaradiofonicadominicana.com\/portal\/como-los-campos-primordiales-moldearon-la-red-gigante-del-universo\/"},"author":{"name":"Potencia Radiof\u00f3nica Dominicana","@id":"https:\/\/potenciaradiofonicadominicana.com\/portal\/#\/schema\/person\/a5cf1fea13877803ee0573ac18b03490"},"headline":"C\u00f3mo los campos primordiales moldearon la red gigante del universo","datePublished":"2026-09-02T02:36:49+00:00","mainEntityOfPage":{"@id":"https:\/\/potenciaradiofonicadominicana.com\/portal\/como-los-campos-primordiales-moldearon-la-red-gigante-del-universo\/"},"wordCount":1033,"publisher":{"@id":"https:\/\/potenciaradiofonicadominicana.com\/portal\/#organization"},"image":{"@id":"https:\/\/potenciaradiofonicadominicana.com\/portal\/como-los-campos-primordiales-moldearon-la-red-gigante-del-universo\/#primaryimage"},"thumbnailUrl":"https:\/\/potenciaradiofonicadominicana.com\/portal\/wp-content\/uploads\/2026\/09\/8090_timrael-space-4984262.jpg","articleSection":["Ciencia y Tecnolog\u00eda"],"inLanguage":"es"},{"@type":"WebPage","@id":"https:\/\/potenciaradiofonicadominicana.com\/portal\/como-los-campos-primordiales-moldearon-la-red-gigante-del-universo\/","url":"https:\/\/potenciaradiofonicadominicana.com\/portal\/como-los-campos-primordiales-moldearon-la-red-gigante-del-universo\/","name":"C\u00f3mo los campos primordiales moldearon la red gigante del universo - PotenciaRadiofonicaDominicana.com","isPartOf":{"@id":"https:\/\/potenciaradiofonicadominicana.com\/portal\/#website"},"primaryImageOfPage":{"@id":"https:\/\/potenciaradiofonicadominicana.com\/portal\/como-los-campos-primordiales-moldearon-la-red-gigante-del-universo\/#primaryimage"},"image":{"@id":"https:\/\/potenciaradiofonicadominicana.com\/portal\/como-los-campos-primordiales-moldearon-la-red-gigante-del-universo\/#primaryimage"},"thumbnailUrl":"https:\/\/potenciaradiofonicadominicana.com\/portal\/wp-content\/uploads\/2026\/09\/8090_timrael-space-4984262.jpg","datePublished":"2026-09-02T02:36:49+00:00","breadcrumb":{"@id":"https:\/\/potenciaradiofonicadominicana.com\/portal\/como-los-campos-primordiales-moldearon-la-red-gigante-del-universo\/#breadcrumb"},"inLanguage":"es","potentialAction":[{"@type":"ReadAction","target":["https:\/\/potenciaradiofonicadominicana.com\/portal\/como-los-campos-primordiales-moldearon-la-red-gigante-del-universo\/"]}]},{"@type":"ImageObject","inLanguage":"es","@id":"https:\/\/potenciaradiofonicadominicana.com\/portal\/como-los-campos-primordiales-moldearon-la-red-gigante-del-universo\/#primaryimage","url":"https:\/\/potenciaradiofonicadominicana.com\/portal\/wp-content\/uploads\/2026\/09\/8090_timrael-space-4984262.jpg","contentUrl":"https:\/\/potenciaradiofonicadominicana.com\/portal\/wp-content\/uploads\/2026\/09\/8090_timrael-space-4984262.jpg","width":670,"height":447},{"@type":"BreadcrumbList","@id":"https:\/\/potenciaradiofonicadominicana.com\/portal\/como-los-campos-primordiales-moldearon-la-red-gigante-del-universo\/#breadcrumb","itemListElement":[{"@type":"ListItem","position":1,"name":"Portada","item":"https:\/\/potenciaradiofonicadominicana.com\/portal\/"},{"@type":"ListItem","position":2,"name":"C\u00f3mo los campos primordiales moldearon la red gigante del universo"}]},{"@type":"WebSite","@id":"https:\/\/potenciaradiofonicadominicana.com\/portal\/#website","url":"https:\/\/potenciaradiofonicadominicana.com\/portal\/","name":"PotenciaRadiofonicaDominicana.com","description":"Peri\u00f3dico Digital","publisher":{"@id":"https:\/\/potenciaradiofonicadominicana.com\/portal\/#organization"},"potentialAction":[{"@type":"SearchAction","target":{"@type":"EntryPoint","urlTemplate":"https:\/\/potenciaradiofonicadominicana.com\/portal\/?s={search_term_string}"},"query-input":{"@type":"PropertyValueSpecification","valueRequired":true,"valueName":"search_term_string"}}],"inLanguage":"es"},{"@type":"Organization","@id":"https:\/\/potenciaradiofonicadominicana.com\/portal\/#organization","name":"PotenciaRadiofonicaDominicana.com","url":"https:\/\/potenciaradiofonicadominicana.com\/portal\/","logo":{"@type":"ImageObject","inLanguage":"es","@id":"https:\/\/potenciaradiofonicadominicana.com\/portal\/#\/schema\/logo\/image\/","url":"https:\/\/potenciaradiofonicadominicana.com\/portal\/wp-content\/uploads\/2022\/01\/descarga.png","contentUrl":"https:\/\/potenciaradiofonicadominicana.com\/portal\/wp-content\/uploads\/2022\/01\/descarga.png","width":300,"height":100,"caption":"PotenciaRadiofonicaDominicana.com"},"image":{"@id":"https:\/\/potenciaradiofonicadominicana.com\/portal\/#\/schema\/logo\/image\/"},"sameAs":["https:\/\/web.facebook.com\/PotenciaRadiofonicaD"]},{"@type":"Person","@id":"https:\/\/potenciaradiofonicadominicana.com\/portal\/#\/schema\/person\/a5cf1fea13877803ee0573ac18b03490","name":"Potencia Radiof\u00f3nica Dominicana","image":{"@type":"ImageObject","inLanguage":"es","@id":"https:\/\/potenciaradiofonicadominicana.com\/portal\/#\/schema\/person\/image\/","url":"https:\/\/secure.gravatar.com\/avatar\/42a55ab9e8ccc656ba34cd791990602a?s=96&d=mm&r=g","contentUrl":"https:\/\/secure.gravatar.com\/avatar\/42a55ab9e8ccc656ba34cd791990602a?s=96&d=mm&r=g","caption":"Potencia Radiof\u00f3nica Dominicana"},"url":"https:\/\/potenciaradiofonicadominicana.com\/portal\/author\/johannyalmanzar\/"}]}},"_links":{"self":[{"href":"https:\/\/potenciaradiofonicadominicana.com\/portal\/wp-json\/wp\/v2\/posts\/225027","targetHints":{"allow":["GET"]}}],"collection":[{"href":"https:\/\/potenciaradiofonicadominicana.com\/portal\/wp-json\/wp\/v2\/posts"}],"about":[{"href":"https:\/\/potenciaradiofonicadominicana.com\/portal\/wp-json\/wp\/v2\/types\/post"}],"author":[{"embeddable":true,"href":"https:\/\/potenciaradiofonicadominicana.com\/portal\/wp-json\/wp\/v2\/users\/2"}],"replies":[{"embeddable":true,"href":"https:\/\/potenciaradiofonicadominicana.com\/portal\/wp-json\/wp\/v2\/comments?post=225027"}],"version-history":[{"count":1,"href":"https:\/\/potenciaradiofonicadominicana.com\/portal\/wp-json\/wp\/v2\/posts\/225027\/revisions"}],"predecessor-version":[{"id":225031,"href":"https:\/\/potenciaradiofonicadominicana.com\/portal\/wp-json\/wp\/v2\/posts\/225027\/revisions\/225031"}],"wp:featuredmedia":[{"embeddable":true,"href":"https:\/\/potenciaradiofonicadominicana.com\/portal\/wp-json\/wp\/v2\/media\/225029"}],"wp:attachment":[{"href":"https:\/\/potenciaradiofonicadominicana.com\/portal\/wp-json\/wp\/v2\/media?parent=225027"}],"wp:term":[{"taxonomy":"category","embeddable":true,"href":"https:\/\/potenciaradiofonicadominicana.com\/portal\/wp-json\/wp\/v2\/categories?post=225027"},{"taxonomy":"post_tag","embeddable":true,"href":"https:\/\/potenciaradiofonicadominicana.com\/portal\/wp-json\/wp\/v2\/tags?post=225027"}],"curies":[{"name":"wp","href":"https:\/\/api.w.org\/{rel}","templated":true}]}}