{"id":225021,"date":"2026-09-01T22:35:54","date_gmt":"2026-09-02T02:35:54","guid":{"rendered":"https:\/\/potenciaradiofonicadominicana.com\/portal\/?p=225021"},"modified":"2026-09-01T22:35:54","modified_gmt":"2026-09-02T02:35:54","slug":"burton-richter-el-fisico-que-redefinio-el-mapa-de-la-materia","status":"publish","type":"post","link":"https:\/\/potenciaradiofonicadominicana.com\/portal\/burton-richter-el-fisico-que-redefinio-el-mapa-de-la-materia\/","title":{"rendered":"Burton Richter: El f\u00edsico que redefini\u00f3 el mapa de la materia"},"content":{"rendered":"<p><a href=\"https:\/\/potenciaradiofonicadominicana.com\/portal\/wp-content\/uploads\/2026\/09\/Burton-Richter.jpg\"><img loading=\"lazy\" decoding=\"async\" class=\"alignnone size-full wp-image-225024\" src=\"https:\/\/potenciaradiofonicadominicana.com\/portal\/wp-content\/uploads\/2026\/09\/Burton-Richter.jpg\" alt=\"\" width=\"2048\" height=\"990\" srcset=\"https:\/\/potenciaradiofonicadominicana.com\/portal\/wp-content\/uploads\/2026\/09\/Burton-Richter.jpg 2048w, https:\/\/potenciaradiofonicadominicana.com\/portal\/wp-content\/uploads\/2026\/09\/Burton-Richter-300x145.jpg 300w, https:\/\/potenciaradiofonicadominicana.com\/portal\/wp-content\/uploads\/2026\/09\/Burton-Richter-1024x495.jpg 1024w, https:\/\/potenciaradiofonicadominicana.com\/portal\/wp-content\/uploads\/2026\/09\/Burton-Richter-768x371.jpg 768w, https:\/\/potenciaradiofonicadominicana.com\/portal\/wp-content\/uploads\/2026\/09\/Burton-Richter-1536x743.jpg 1536w, https:\/\/potenciaradiofonicadominicana.com\/portal\/wp-content\/uploads\/2026\/09\/Burton-Richter-800x386.jpg 800w\" sizes=\"auto, (max-width: 2048px) 100vw, 2048px\" \/><\/a><\/p>\n<p>La f\u00edsica de part\u00edculas del siglo XX se divide en un antes y un despu\u00e9s de noviembre de 1974. En aquel oto\u00f1o, la comunidad cient\u00edfica presenci\u00f3 la llamada\u00a0<b>\u00abRevoluci\u00f3n de Noviembre\u00bb<\/b>, un hito experimental que confirm\u00f3 la existencia de nuevos componentes fundamentales del universo y consolid\u00f3 el Modelo Est\u00e1ndar. En el centro de este terremoto conceptual estuvo\u00a0<b>Burton Richter<\/b>, un f\u00edsico experimental audaz cuya visi\u00f3n no solo transform\u00f3 los laboratorios, sino que redefini\u00f3 la tecnolog\u00eda de aceleradores de part\u00edculas en todo el planeta.<\/p>\n<div class=\"google-anno-skip google-anno-sc\" tabindex=\"0\" role=\"link\" aria-label=\"Contrata Consultor\u00eda Tecnol\u00f3gica\" data-google-vignette=\"false\" data-google-interstitial=\"false\">Contrata Consultor\u00eda Tecnol\u00f3gica<\/div>\n<p>&nbsp;<\/p>\n<p>Galardonado con el\u00a0<b>Premio Nobel de F\u00edsica en 1976<\/b>, Richter combin\u00f3 el genio t\u00e9cnico de un dise\u00f1ador de m\u00e1quinas con la agudeza estrat\u00e9gica de un l\u00edder cient\u00edfico de clase mundial.<\/p>\n<p>&nbsp;<\/p>\n<h2>Primeros a\u00f1os y formaci\u00f3n en el MIT<\/h2>\n<p>&nbsp;<\/p>\n<p>Nacido en Brooklyn, Nueva York, el 22 de marzo de 1931, Burton Richter creci\u00f3 con una curiosidad insaciable por el funcionamiento de las cosas. Su inclinaci\u00f3n por la ciencia se encauz\u00f3 formalmente cuando ingres\u00f3 en el\u00a0<b>Instituto Tecnol\u00f3gico de Massachusetts (MIT)<\/b>.<\/p>\n<p>&nbsp;<\/p>\n<p>En el MIT complet\u00f3 tanto su licenciatura como su doctorado en f\u00edsica. Durante sus a\u00f1os formativos, Richter se fascin\u00f3 por la interacci\u00f3n entre electrones y fotones, una rama de la f\u00edsica cu\u00e1ntica que exig\u00eda experimentos cada vez m\u00e1s precisos y de mayor energ\u00eda. Fue en esta etapa cuando comprendi\u00f3 que, para explorar las profundidades de la materia, los f\u00edsicos necesitaban dejar de ser meros observadores pasivos y convertirse en arquitectos de sus propios colisionadores.<\/p>\n<p>(Foto: NSF\/Wikimedia Commons)<\/p>\n<p>&nbsp;<\/p>\n<h2>La revoluci\u00f3n del anillo SPEAR y el hallazgo del quark encanto<\/h2>\n<p>&nbsp;<\/p>\n<p>Tras graduarse, Richter se incorpor\u00f3 a la\u00a0<b>Universidad de Stanford<\/b>, instituci\u00f3n donde desarrollar\u00eda la mayor parte de su brillante carrera acad\u00e9mica e investigadora. En Stanford comenz\u00f3 a impulsar una idea que en su momento enfrent\u00f3 un considerable escepticismo: los anillos de almacenamiento de colisi\u00f3n de haces opuestos.<\/p>\n<p>&nbsp;<\/p>\n<p>En lugar de disparar part\u00edculas contra un blanco fijo, Richter propuso hacer chocar haces de electrones y positrones viajando en sentidos opuestos a velocidades cercanas a la de la luz. Esta t\u00e9cnica permit\u00eda aprovechar toda la energ\u00eda del choque para crear nuevas part\u00edculas.<\/p>\n<p>&nbsp;<\/p>\n<p>Con este concepto en mente, dise\u00f1\u00f3 y construy\u00f3 el\u00a0<b>anillo de almacenamiento de electrones y positrones SPEAR<\/b>\u00a0en el Centro del Acelerador Lineal de Stanford (SLAC).<\/p>\n<p>&nbsp;<\/p>\n<p>En noviembre de 1974, utilizando SPEAR, el equipo liderado por Richter detect\u00f3 una part\u00edcula inesperadamente pesada y extraordinariamente estable. La denominaron\u00a0<b>part\u00edcula Psi<\/b>. Casi simult\u00e1neamente, un equipo independiente en el Laboratorio Nacional de Brookhaven, dirigido por\u00a0<b>Samuel Ting<\/b>, descubri\u00f3 la misma entidad experimental y la bautiz\u00f3 como\u00a0<b>part\u00edcula J<\/b>.<\/p>\n<p>&nbsp;<\/p>\n<p>El hallazgo de la hoy conocida como\u00a0<b>part\u00edcula J\/psi<\/b>\u00a0confirm\u00f3 de manera irrefutable la existencia del\u00a0<b>quark encanto<\/b>\u00a0(<i>charm quark<\/i>), el cuarto tipo de quark previsto por la teor\u00eda. Este descubrimiento resolvi\u00f3 paradojas te\u00f3ricas fundamentales y dio un respaldo masivo al Modelo Est\u00e1ndar de la f\u00edsica de part\u00edculas. Solo dos a\u00f1os despu\u00e9s, en 1976, Richter y Ting compartieron el Premio Nobel de F\u00edsica por este logro hist\u00f3rico.<\/p>\n<p>&nbsp;<\/p>\n<h2>Liderazgo en el SLAC y compromiso con la energ\u00eda global<\/h2>\n<p>&nbsp;<\/p>\n<p>Entre 1984 y 1999, Burton Richter asumi\u00f3 la direcci\u00f3n del\u00a0<b>SLAC<\/b>, supervisando la transici\u00f3n del centro hacia nuevas fronteras de investigaci\u00f3n, como el desarrollo del Colisionador Lineal de Stanford y las fuentes de luz de sincrotr\u00f3n para estudios biom\u00e9dicos y de ciencia de materiales.<\/p>\n<p>&nbsp;<\/p>\n<p>A lo largo de su carrera, Richter no limit\u00f3 su intelecto al \u00e1mbito de la investigaci\u00f3n pura. En sus \u00faltimos a\u00f1os se convirti\u00f3 en una voz prominente en el debate p\u00fablico sobre la energ\u00eda global y el cambio clim\u00e1tico. A trav\u00e9s de su libro\u00a0<i>Beyond Smoke and Mirrors: Climate Change and Energy in the 21st Century<\/i>, defendi\u00f3 pragm\u00e1ticamente el uso de la energ\u00eda nuclear de nueva generaci\u00f3n combinada con fuentes renovables como la v\u00eda m\u00e1s realista para reducir las emisiones de carbono.<\/p>\n<p>&nbsp;<\/p>\n<p>Burton Richter falleci\u00f3 en Palo Alto, California, el 15 de marzo de 2018, dejando un legado imborrable en la ciencia contempor\u00e1nea. Su audacia para dise\u00f1ar instrumentos cient\u00edficos sin precedentes no solo revel\u00f3 nuevos secretos del cosmos, sino que sent\u00f3 las bases tecnol\u00f3gicas sobre las que hoy operan instalaciones como el Gran Colisionador de Hadrones (LHC) del CERN.<\/p>\n","protected":false},"excerpt":{"rendered":"<p>La f\u00edsica de part\u00edculas del siglo XX se divide en un antes y un despu\u00e9s de noviembre de 1974. En &#8230;<\/p>\n","protected":false},"author":2,"featured_media":225024,"comment_status":"closed","ping_status":"closed","sticky":false,"template":"","format":"standard","meta":{"footnotes":""},"categories":[14],"tags":[],"class_list":["post-225021","post","type-post","status-publish","format-standard","has-post-thumbnail","hentry","category-ciencia-y-tecnologia"],"yoast_head":"<!-- This site is optimized with the Yoast SEO plugin v24.8.1 - https:\/\/yoast.com\/wordpress\/plugins\/seo\/ -->\n<title>Burton Richter: El f\u00edsico que redefini\u00f3 el mapa de la materia - PotenciaRadiofonicaDominicana.com<\/title>\n<meta name=\"robots\" content=\"index, follow, max-snippet:-1, max-image-preview:large, max-video-preview:-1\" \/>\n<link rel=\"canonical\" href=\"https:\/\/potenciaradiofonicadominicana.com\/portal\/burton-richter-el-fisico-que-redefinio-el-mapa-de-la-materia\/\" \/>\n<meta property=\"og:locale\" content=\"es_ES\" \/>\n<meta property=\"og:type\" content=\"article\" \/>\n<meta property=\"og:title\" content=\"Burton Richter: El f\u00edsico que redefini\u00f3 el mapa de la materia - PotenciaRadiofonicaDominicana.com\" \/>\n<meta property=\"og:description\" content=\"La f\u00edsica de part\u00edculas del siglo XX se divide en un antes y un despu\u00e9s de noviembre de 1974. En ...\" \/>\n<meta property=\"og:url\" content=\"https:\/\/potenciaradiofonicadominicana.com\/portal\/burton-richter-el-fisico-que-redefinio-el-mapa-de-la-materia\/\" \/>\n<meta property=\"og:site_name\" content=\"PotenciaRadiofonicaDominicana.com\" \/>\n<meta property=\"article:publisher\" content=\"https:\/\/web.facebook.com\/PotenciaRadiofonicaD\" \/>\n<meta property=\"article:published_time\" content=\"2026-09-02T02:35:54+00:00\" \/>\n<meta property=\"og:image\" content=\"https:\/\/potenciaradiofonicadominicana.com\/portal\/wp-content\/uploads\/2026\/09\/Burton-Richter.jpg\" \/>\n\t<meta property=\"og:image:width\" content=\"2048\" \/>\n\t<meta property=\"og:image:height\" content=\"990\" \/>\n\t<meta property=\"og:image:type\" content=\"image\/jpeg\" \/>\n<meta name=\"author\" content=\"Potencia Radiof\u00f3nica Dominicana\" \/>\n<meta name=\"twitter:card\" content=\"summary_large_image\" \/>\n<meta name=\"twitter:label1\" content=\"Escrito por\" \/>\n\t<meta name=\"twitter:data1\" content=\"Potencia Radiof\u00f3nica Dominicana\" \/>\n\t<meta name=\"twitter:label2\" content=\"Tiempo de lectura\" \/>\n\t<meta name=\"twitter:data2\" content=\"4 minutos\" \/>\n<script type=\"application\/ld+json\" class=\"yoast-schema-graph\">{\"@context\":\"https:\/\/schema.org\",\"@graph\":[{\"@type\":\"Article\",\"@id\":\"https:\/\/potenciaradiofonicadominicana.com\/portal\/burton-richter-el-fisico-que-redefinio-el-mapa-de-la-materia\/#article\",\"isPartOf\":{\"@id\":\"https:\/\/potenciaradiofonicadominicana.com\/portal\/burton-richter-el-fisico-que-redefinio-el-mapa-de-la-materia\/\"},\"author\":{\"name\":\"Potencia Radiof\u00f3nica Dominicana\",\"@id\":\"https:\/\/potenciaradiofonicadominicana.com\/portal\/#\/schema\/person\/a5cf1fea13877803ee0573ac18b03490\"},\"headline\":\"Burton Richter: El f\u00edsico que redefini\u00f3 el mapa de la materia\",\"datePublished\":\"2026-09-02T02:35:54+00:00\",\"mainEntityOfPage\":{\"@id\":\"https:\/\/potenciaradiofonicadominicana.com\/portal\/burton-richter-el-fisico-que-redefinio-el-mapa-de-la-materia\/\"},\"wordCount\":773,\"publisher\":{\"@id\":\"https:\/\/potenciaradiofonicadominicana.com\/portal\/#organization\"},\"image\":{\"@id\":\"https:\/\/potenciaradiofonicadominicana.com\/portal\/burton-richter-el-fisico-que-redefinio-el-mapa-de-la-materia\/#primaryimage\"},\"thumbnailUrl\":\"https:\/\/potenciaradiofonicadominicana.com\/portal\/wp-content\/uploads\/2026\/09\/Burton-Richter.jpg\",\"articleSection\":[\"Ciencia y Tecnolog\u00eda\"],\"inLanguage\":\"es\"},{\"@type\":\"WebPage\",\"@id\":\"https:\/\/potenciaradiofonicadominicana.com\/portal\/burton-richter-el-fisico-que-redefinio-el-mapa-de-la-materia\/\",\"url\":\"https:\/\/potenciaradiofonicadominicana.com\/portal\/burton-richter-el-fisico-que-redefinio-el-mapa-de-la-materia\/\",\"name\":\"Burton Richter: El f\u00edsico que redefini\u00f3 el mapa de la materia - PotenciaRadiofonicaDominicana.com\",\"isPartOf\":{\"@id\":\"https:\/\/potenciaradiofonicadominicana.com\/portal\/#website\"},\"primaryImageOfPage\":{\"@id\":\"https:\/\/potenciaradiofonicadominicana.com\/portal\/burton-richter-el-fisico-que-redefinio-el-mapa-de-la-materia\/#primaryimage\"},\"image\":{\"@id\":\"https:\/\/potenciaradiofonicadominicana.com\/portal\/burton-richter-el-fisico-que-redefinio-el-mapa-de-la-materia\/#primaryimage\"},\"thumbnailUrl\":\"https:\/\/potenciaradiofonicadominicana.com\/portal\/wp-content\/uploads\/2026\/09\/Burton-Richter.jpg\",\"datePublished\":\"2026-09-02T02:35:54+00:00\",\"breadcrumb\":{\"@id\":\"https:\/\/potenciaradiofonicadominicana.com\/portal\/burton-richter-el-fisico-que-redefinio-el-mapa-de-la-materia\/#breadcrumb\"},\"inLanguage\":\"es\",\"potentialAction\":[{\"@type\":\"ReadAction\",\"target\":[\"https:\/\/potenciaradiofonicadominicana.com\/portal\/burton-richter-el-fisico-que-redefinio-el-mapa-de-la-materia\/\"]}]},{\"@type\":\"ImageObject\",\"inLanguage\":\"es\",\"@id\":\"https:\/\/potenciaradiofonicadominicana.com\/portal\/burton-richter-el-fisico-que-redefinio-el-mapa-de-la-materia\/#primaryimage\",\"url\":\"https:\/\/potenciaradiofonicadominicana.com\/portal\/wp-content\/uploads\/2026\/09\/Burton-Richter.jpg\",\"contentUrl\":\"https:\/\/potenciaradiofonicadominicana.com\/portal\/wp-content\/uploads\/2026\/09\/Burton-Richter.jpg\",\"width\":2048,\"height\":990},{\"@type\":\"BreadcrumbList\",\"@id\":\"https:\/\/potenciaradiofonicadominicana.com\/portal\/burton-richter-el-fisico-que-redefinio-el-mapa-de-la-materia\/#breadcrumb\",\"itemListElement\":[{\"@type\":\"ListItem\",\"position\":1,\"name\":\"Portada\",\"item\":\"https:\/\/potenciaradiofonicadominicana.com\/portal\/\"},{\"@type\":\"ListItem\",\"position\":2,\"name\":\"Burton Richter: El f\u00edsico que redefini\u00f3 el mapa de la materia\"}]},{\"@type\":\"WebSite\",\"@id\":\"https:\/\/potenciaradiofonicadominicana.com\/portal\/#website\",\"url\":\"https:\/\/potenciaradiofonicadominicana.com\/portal\/\",\"name\":\"PotenciaRadiofonicaDominicana.com\",\"description\":\"Peri\u00f3dico Digital\",\"publisher\":{\"@id\":\"https:\/\/potenciaradiofonicadominicana.com\/portal\/#organization\"},\"potentialAction\":[{\"@type\":\"SearchAction\",\"target\":{\"@type\":\"EntryPoint\",\"urlTemplate\":\"https:\/\/potenciaradiofonicadominicana.com\/portal\/?s={search_term_string}\"},\"query-input\":{\"@type\":\"PropertyValueSpecification\",\"valueRequired\":true,\"valueName\":\"search_term_string\"}}],\"inLanguage\":\"es\"},{\"@type\":\"Organization\",\"@id\":\"https:\/\/potenciaradiofonicadominicana.com\/portal\/#organization\",\"name\":\"PotenciaRadiofonicaDominicana.com\",\"url\":\"https:\/\/potenciaradiofonicadominicana.com\/portal\/\",\"logo\":{\"@type\":\"ImageObject\",\"inLanguage\":\"es\",\"@id\":\"https:\/\/potenciaradiofonicadominicana.com\/portal\/#\/schema\/logo\/image\/\",\"url\":\"https:\/\/potenciaradiofonicadominicana.com\/portal\/wp-content\/uploads\/2022\/01\/descarga.png\",\"contentUrl\":\"https:\/\/potenciaradiofonicadominicana.com\/portal\/wp-content\/uploads\/2022\/01\/descarga.png\",\"width\":300,\"height\":100,\"caption\":\"PotenciaRadiofonicaDominicana.com\"},\"image\":{\"@id\":\"https:\/\/potenciaradiofonicadominicana.com\/portal\/#\/schema\/logo\/image\/\"},\"sameAs\":[\"https:\/\/web.facebook.com\/PotenciaRadiofonicaD\"]},{\"@type\":\"Person\",\"@id\":\"https:\/\/potenciaradiofonicadominicana.com\/portal\/#\/schema\/person\/a5cf1fea13877803ee0573ac18b03490\",\"name\":\"Potencia Radiof\u00f3nica Dominicana\",\"image\":{\"@type\":\"ImageObject\",\"inLanguage\":\"es\",\"@id\":\"https:\/\/potenciaradiofonicadominicana.com\/portal\/#\/schema\/person\/image\/\",\"url\":\"https:\/\/secure.gravatar.com\/avatar\/42a55ab9e8ccc656ba34cd791990602a?s=96&d=mm&r=g\",\"contentUrl\":\"https:\/\/secure.gravatar.com\/avatar\/42a55ab9e8ccc656ba34cd791990602a?s=96&d=mm&r=g\",\"caption\":\"Potencia Radiof\u00f3nica Dominicana\"},\"url\":\"https:\/\/potenciaradiofonicadominicana.com\/portal\/author\/johannyalmanzar\/\"}]}<\/script>\n<!-- \/ Yoast SEO plugin. -->","yoast_head_json":{"title":"Burton Richter: El f\u00edsico que redefini\u00f3 el mapa de la materia - PotenciaRadiofonicaDominicana.com","robots":{"index":"index","follow":"follow","max-snippet":"max-snippet:-1","max-image-preview":"max-image-preview:large","max-video-preview":"max-video-preview:-1"},"canonical":"https:\/\/potenciaradiofonicadominicana.com\/portal\/burton-richter-el-fisico-que-redefinio-el-mapa-de-la-materia\/","og_locale":"es_ES","og_type":"article","og_title":"Burton Richter: El f\u00edsico que redefini\u00f3 el mapa de la materia - PotenciaRadiofonicaDominicana.com","og_description":"La f\u00edsica de part\u00edculas del siglo XX se divide en un antes y un despu\u00e9s de noviembre de 1974. En ...","og_url":"https:\/\/potenciaradiofonicadominicana.com\/portal\/burton-richter-el-fisico-que-redefinio-el-mapa-de-la-materia\/","og_site_name":"PotenciaRadiofonicaDominicana.com","article_publisher":"https:\/\/web.facebook.com\/PotenciaRadiofonicaD","article_published_time":"2026-09-02T02:35:54+00:00","og_image":[{"width":2048,"height":990,"url":"https:\/\/potenciaradiofonicadominicana.com\/portal\/wp-content\/uploads\/2026\/09\/Burton-Richter.jpg","type":"image\/jpeg"}],"author":"Potencia Radiof\u00f3nica Dominicana","twitter_card":"summary_large_image","twitter_misc":{"Escrito por":"Potencia Radiof\u00f3nica Dominicana","Tiempo de lectura":"4 minutos"},"schema":{"@context":"https:\/\/schema.org","@graph":[{"@type":"Article","@id":"https:\/\/potenciaradiofonicadominicana.com\/portal\/burton-richter-el-fisico-que-redefinio-el-mapa-de-la-materia\/#article","isPartOf":{"@id":"https:\/\/potenciaradiofonicadominicana.com\/portal\/burton-richter-el-fisico-que-redefinio-el-mapa-de-la-materia\/"},"author":{"name":"Potencia Radiof\u00f3nica Dominicana","@id":"https:\/\/potenciaradiofonicadominicana.com\/portal\/#\/schema\/person\/a5cf1fea13877803ee0573ac18b03490"},"headline":"Burton Richter: El f\u00edsico que redefini\u00f3 el mapa de la materia","datePublished":"2026-09-02T02:35:54+00:00","mainEntityOfPage":{"@id":"https:\/\/potenciaradiofonicadominicana.com\/portal\/burton-richter-el-fisico-que-redefinio-el-mapa-de-la-materia\/"},"wordCount":773,"publisher":{"@id":"https:\/\/potenciaradiofonicadominicana.com\/portal\/#organization"},"image":{"@id":"https:\/\/potenciaradiofonicadominicana.com\/portal\/burton-richter-el-fisico-que-redefinio-el-mapa-de-la-materia\/#primaryimage"},"thumbnailUrl":"https:\/\/potenciaradiofonicadominicana.com\/portal\/wp-content\/uploads\/2026\/09\/Burton-Richter.jpg","articleSection":["Ciencia y Tecnolog\u00eda"],"inLanguage":"es"},{"@type":"WebPage","@id":"https:\/\/potenciaradiofonicadominicana.com\/portal\/burton-richter-el-fisico-que-redefinio-el-mapa-de-la-materia\/","url":"https:\/\/potenciaradiofonicadominicana.com\/portal\/burton-richter-el-fisico-que-redefinio-el-mapa-de-la-materia\/","name":"Burton Richter: El f\u00edsico que redefini\u00f3 el mapa de la materia - PotenciaRadiofonicaDominicana.com","isPartOf":{"@id":"https:\/\/potenciaradiofonicadominicana.com\/portal\/#website"},"primaryImageOfPage":{"@id":"https:\/\/potenciaradiofonicadominicana.com\/portal\/burton-richter-el-fisico-que-redefinio-el-mapa-de-la-materia\/#primaryimage"},"image":{"@id":"https:\/\/potenciaradiofonicadominicana.com\/portal\/burton-richter-el-fisico-que-redefinio-el-mapa-de-la-materia\/#primaryimage"},"thumbnailUrl":"https:\/\/potenciaradiofonicadominicana.com\/portal\/wp-content\/uploads\/2026\/09\/Burton-Richter.jpg","datePublished":"2026-09-02T02:35:54+00:00","breadcrumb":{"@id":"https:\/\/potenciaradiofonicadominicana.com\/portal\/burton-richter-el-fisico-que-redefinio-el-mapa-de-la-materia\/#breadcrumb"},"inLanguage":"es","potentialAction":[{"@type":"ReadAction","target":["https:\/\/potenciaradiofonicadominicana.com\/portal\/burton-richter-el-fisico-que-redefinio-el-mapa-de-la-materia\/"]}]},{"@type":"ImageObject","inLanguage":"es","@id":"https:\/\/potenciaradiofonicadominicana.com\/portal\/burton-richter-el-fisico-que-redefinio-el-mapa-de-la-materia\/#primaryimage","url":"https:\/\/potenciaradiofonicadominicana.com\/portal\/wp-content\/uploads\/2026\/09\/Burton-Richter.jpg","contentUrl":"https:\/\/potenciaradiofonicadominicana.com\/portal\/wp-content\/uploads\/2026\/09\/Burton-Richter.jpg","width":2048,"height":990},{"@type":"BreadcrumbList","@id":"https:\/\/potenciaradiofonicadominicana.com\/portal\/burton-richter-el-fisico-que-redefinio-el-mapa-de-la-materia\/#breadcrumb","itemListElement":[{"@type":"ListItem","position":1,"name":"Portada","item":"https:\/\/potenciaradiofonicadominicana.com\/portal\/"},{"@type":"ListItem","position":2,"name":"Burton Richter: El f\u00edsico que redefini\u00f3 el mapa de la materia"}]},{"@type":"WebSite","@id":"https:\/\/potenciaradiofonicadominicana.com\/portal\/#website","url":"https:\/\/potenciaradiofonicadominicana.com\/portal\/","name":"PotenciaRadiofonicaDominicana.com","description":"Peri\u00f3dico Digital","publisher":{"@id":"https:\/\/potenciaradiofonicadominicana.com\/portal\/#organization"},"potentialAction":[{"@type":"SearchAction","target":{"@type":"EntryPoint","urlTemplate":"https:\/\/potenciaradiofonicadominicana.com\/portal\/?s={search_term_string}"},"query-input":{"@type":"PropertyValueSpecification","valueRequired":true,"valueName":"search_term_string"}}],"inLanguage":"es"},{"@type":"Organization","@id":"https:\/\/potenciaradiofonicadominicana.com\/portal\/#organization","name":"PotenciaRadiofonicaDominicana.com","url":"https:\/\/potenciaradiofonicadominicana.com\/portal\/","logo":{"@type":"ImageObject","inLanguage":"es","@id":"https:\/\/potenciaradiofonicadominicana.com\/portal\/#\/schema\/logo\/image\/","url":"https:\/\/potenciaradiofonicadominicana.com\/portal\/wp-content\/uploads\/2022\/01\/descarga.png","contentUrl":"https:\/\/potenciaradiofonicadominicana.com\/portal\/wp-content\/uploads\/2022\/01\/descarga.png","width":300,"height":100,"caption":"PotenciaRadiofonicaDominicana.com"},"image":{"@id":"https:\/\/potenciaradiofonicadominicana.com\/portal\/#\/schema\/logo\/image\/"},"sameAs":["https:\/\/web.facebook.com\/PotenciaRadiofonicaD"]},{"@type":"Person","@id":"https:\/\/potenciaradiofonicadominicana.com\/portal\/#\/schema\/person\/a5cf1fea13877803ee0573ac18b03490","name":"Potencia Radiof\u00f3nica Dominicana","image":{"@type":"ImageObject","inLanguage":"es","@id":"https:\/\/potenciaradiofonicadominicana.com\/portal\/#\/schema\/person\/image\/","url":"https:\/\/secure.gravatar.com\/avatar\/42a55ab9e8ccc656ba34cd791990602a?s=96&d=mm&r=g","contentUrl":"https:\/\/secure.gravatar.com\/avatar\/42a55ab9e8ccc656ba34cd791990602a?s=96&d=mm&r=g","caption":"Potencia Radiof\u00f3nica Dominicana"},"url":"https:\/\/potenciaradiofonicadominicana.com\/portal\/author\/johannyalmanzar\/"}]}},"_links":{"self":[{"href":"https:\/\/potenciaradiofonicadominicana.com\/portal\/wp-json\/wp\/v2\/posts\/225021","targetHints":{"allow":["GET"]}}],"collection":[{"href":"https:\/\/potenciaradiofonicadominicana.com\/portal\/wp-json\/wp\/v2\/posts"}],"about":[{"href":"https:\/\/potenciaradiofonicadominicana.com\/portal\/wp-json\/wp\/v2\/types\/post"}],"author":[{"embeddable":true,"href":"https:\/\/potenciaradiofonicadominicana.com\/portal\/wp-json\/wp\/v2\/users\/2"}],"replies":[{"embeddable":true,"href":"https:\/\/potenciaradiofonicadominicana.com\/portal\/wp-json\/wp\/v2\/comments?post=225021"}],"version-history":[{"count":1,"href":"https:\/\/potenciaradiofonicadominicana.com\/portal\/wp-json\/wp\/v2\/posts\/225021\/revisions"}],"predecessor-version":[{"id":225026,"href":"https:\/\/potenciaradiofonicadominicana.com\/portal\/wp-json\/wp\/v2\/posts\/225021\/revisions\/225026"}],"wp:featuredmedia":[{"embeddable":true,"href":"https:\/\/potenciaradiofonicadominicana.com\/portal\/wp-json\/wp\/v2\/media\/225024"}],"wp:attachment":[{"href":"https:\/\/potenciaradiofonicadominicana.com\/portal\/wp-json\/wp\/v2\/media?parent=225021"}],"wp:term":[{"taxonomy":"category","embeddable":true,"href":"https:\/\/potenciaradiofonicadominicana.com\/portal\/wp-json\/wp\/v2\/categories?post=225021"},{"taxonomy":"post_tag","embeddable":true,"href":"https:\/\/potenciaradiofonicadominicana.com\/portal\/wp-json\/wp\/v2\/tags?post=225021"}],"curies":[{"name":"wp","href":"https:\/\/api.w.org\/{rel}","templated":true}]}}