{"id":225017,"date":"2026-09-01T22:35:00","date_gmt":"2026-09-02T02:35:00","guid":{"rendered":"https:\/\/potenciaradiofonicadominicana.com\/portal\/?p=225017"},"modified":"2026-09-01T22:35:00","modified_gmt":"2026-09-02T02:35:00","slug":"la-aba-valora-designacion-de-cedeno-brea-al-frente-de-la-superintendencia-de-bancos","status":"publish","type":"post","link":"https:\/\/potenciaradiofonicadominicana.com\/portal\/la-aba-valora-designacion-de-cedeno-brea-al-frente-de-la-superintendencia-de-bancos\/","title":{"rendered":"La ABA valora designaci\u00f3n de Cede\u00f1o Brea al frente de la Superintendencia de Bancos"},"content":{"rendered":"<p><a href=\"https:\/\/potenciaradiofonicadominicana.com\/portal\/wp-content\/uploads\/2026\/09\/la-aba-saluda-designacion-del-nuevo-superintendente-de-bancos-330a4ed3-focus-0-0-896-504.jpg\"><img loading=\"lazy\" decoding=\"async\" class=\"alignnone size-full wp-image-225019\" src=\"https:\/\/potenciaradiofonicadominicana.com\/portal\/wp-content\/uploads\/2026\/09\/la-aba-saluda-designacion-del-nuevo-superintendente-de-bancos-330a4ed3-focus-0-0-896-504.jpg\" alt=\"\" width=\"896\" height=\"504\" srcset=\"https:\/\/potenciaradiofonicadominicana.com\/portal\/wp-content\/uploads\/2026\/09\/la-aba-saluda-designacion-del-nuevo-superintendente-de-bancos-330a4ed3-focus-0-0-896-504.jpg 896w, https:\/\/potenciaradiofonicadominicana.com\/portal\/wp-content\/uploads\/2026\/09\/la-aba-saluda-designacion-del-nuevo-superintendente-de-bancos-330a4ed3-focus-0-0-896-504-300x169.jpg 300w, https:\/\/potenciaradiofonicadominicana.com\/portal\/wp-content\/uploads\/2026\/09\/la-aba-saluda-designacion-del-nuevo-superintendente-de-bancos-330a4ed3-focus-0-0-896-504-768x432.jpg 768w\" sizes=\"auto, (max-width: 896px) 100vw, 896px\" \/><\/a><\/p>\n<p>La\u00a0Asociaci\u00f3n de Bancos M\u00faltiples\u00a0de la Rep\u00fablica Dominicana (ABA) valor\u00f3 la designaci\u00f3n de\u00a0V\u00edctor Cede\u00f1o Brea\u00a0como\u00a0superintendente de Bancos, dispuesta mediante decreto presidencial, y destac\u00f3 que su experiencia y conocimiento del\u00a0sistema financiero\u00a0permitir\u00e1n seguir impulsando la modernizaci\u00f3n del organismo supervisor y el desarrollo del sector.<\/p>\n<p>La ABA resalt\u00f3 que\u00a0Cede\u00f1o Brea\u00a0cuenta con una amplia trayectoria profesional y un profundo conocimiento de la instituci\u00f3n, donde ha desempe\u00f1ado distintas responsabilidades, entre ellas la\u00a0subgerencia de Regulaci\u00f3n e Innovaci\u00f3n\u00a0y, m\u00e1s reciente, la posici\u00f3n de\u00a0asesor general del despacho del superintendente.<\/p>\n<div class=\"my-12 component web-insert-bullet relative border bg-component\">\n<p>El gremio consider\u00f3 que su designaci\u00f3n favorece la continuidad de los avances alcanzados por la Superintendencia de Bancos en los \u00faltimos a\u00f1os en materia de modernizaci\u00f3n de la supervisi\u00f3n, evoluci\u00f3n del marco regulatorio, protecci\u00f3n de los usuarios, desarrollo sostenible e inclusi\u00f3n financiera, en consonancia con las transformaciones del sistema financiero y de sus servicios.<\/p>\n<\/div>\n<p>Asimismo, afirm\u00f3 que el\u00a0sistema bancario dominicano\u00a0mantiene elevados\u00a0niveles de solvencia\u00a0y resiliencia, resultado del compromiso y el\u00a0trabajo conjunto\u00a0de las autoridades y las\u00a0entidades financieras, por lo que valor\u00f3 la importancia de continuar fortaleciendo el marco institucional y de supervisi\u00f3n que sustenta su estabilidad y evoluci\u00f3n.<\/p>\n<p>\u00abValoramos la designaci\u00f3n de Enmanuel\u00a0Cede\u00f1o Brea, un profesional de amplia experiencia, profundo conocimiento del\u00a0sistema financiero\u00a0y una destacada trayectoria dentro de la\u00a0Superintendencia de Bancos. Su experiencia y conocimiento institucional contribuir\u00e1n a dar continuidad al proceso de modernizaci\u00f3n y fortalecimiento de la supervisi\u00f3n y a seguir impulsando el desarrollo de un\u00a0sistema financiero\u00a0resiliente y con un destacado posicionamiento en la regi\u00f3n\u00bb, expres\u00f3\u00a0Christopher Paniagua, presidente en funciones de la\u00a0Junta Directiva de la ABA.<\/p>\n<p>La asociaci\u00f3n destac\u00f3, adem\u00e1s, las\u00a0relaciones de di\u00e1logo\u00a0y colaboraci\u00f3n que ha mantenido con\u00a0Cede\u00f1o Brea\u00a0desde las distintas responsabilidades que ha desempe\u00f1ado en la\u00a0superintendencia\u00a0y manifest\u00f3 su confianza en que se continuar\u00e1 contribuyendo a abordar los retos y oportunidades del\u00a0sistema financiero\u00a0desde una visi\u00f3n constructiva y de largo plazo.<\/p>\n<p>Finalmente, la ABA reiter\u00f3 su disposici\u00f3n de continuar colaborando con la\u00a0Superintendencia de Bancos\u00a0y las dem\u00e1s\u00a0autoridades monetarias\u00a0y financieras en iniciativas que contribuyan al desarrollo y modernizaci\u00f3n del\u00a0sistema financiero, en beneficio de los usuarios y de la econom\u00eda dominicana.<\/p>\n","protected":false},"excerpt":{"rendered":"<p>La\u00a0Asociaci\u00f3n de Bancos M\u00faltiples\u00a0de la Rep\u00fablica Dominicana (ABA) valor\u00f3 la designaci\u00f3n de\u00a0V\u00edctor Cede\u00f1o Brea\u00a0como\u00a0superintendente de Bancos, dispuesta mediante decreto presidencial, &#8230;<\/p>\n","protected":false},"author":2,"featured_media":225019,"comment_status":"closed","ping_status":"closed","sticky":false,"template":"","format":"standard","meta":{"footnotes":""},"categories":[26],"tags":[],"class_list":["post-225017","post","type-post","status-publish","format-standard","has-post-thumbnail","hentry","category-economia"],"yoast_head":"<!-- This site is optimized with the Yoast SEO plugin v24.8.1 - https:\/\/yoast.com\/wordpress\/plugins\/seo\/ -->\n<title>La ABA valora designaci\u00f3n de Cede\u00f1o Brea al frente de la Superintendencia de Bancos - PotenciaRadiofonicaDominicana.com<\/title>\n<meta name=\"robots\" content=\"index, follow, max-snippet:-1, max-image-preview:large, max-video-preview:-1\" \/>\n<link rel=\"canonical\" href=\"https:\/\/potenciaradiofonicadominicana.com\/portal\/la-aba-valora-designacion-de-cedeno-brea-al-frente-de-la-superintendencia-de-bancos\/\" \/>\n<meta property=\"og:locale\" content=\"es_ES\" \/>\n<meta property=\"og:type\" content=\"article\" \/>\n<meta property=\"og:title\" content=\"La ABA valora designaci\u00f3n de Cede\u00f1o Brea al frente de la Superintendencia de Bancos - PotenciaRadiofonicaDominicana.com\" \/>\n<meta property=\"og:description\" content=\"La\u00a0Asociaci\u00f3n de Bancos M\u00faltiples\u00a0de la Rep\u00fablica Dominicana (ABA) valor\u00f3 la designaci\u00f3n de\u00a0V\u00edctor Cede\u00f1o Brea\u00a0como\u00a0superintendente de Bancos, dispuesta mediante decreto presidencial, ...\" \/>\n<meta property=\"og:url\" content=\"https:\/\/potenciaradiofonicadominicana.com\/portal\/la-aba-valora-designacion-de-cedeno-brea-al-frente-de-la-superintendencia-de-bancos\/\" \/>\n<meta property=\"og:site_name\" content=\"PotenciaRadiofonicaDominicana.com\" \/>\n<meta property=\"article:publisher\" content=\"https:\/\/web.facebook.com\/PotenciaRadiofonicaD\" \/>\n<meta property=\"article:published_time\" content=\"2026-09-02T02:35:00+00:00\" \/>\n<meta property=\"og:image\" content=\"https:\/\/potenciaradiofonicadominicana.com\/portal\/wp-content\/uploads\/2026\/09\/la-aba-saluda-designacion-del-nuevo-superintendente-de-bancos-330a4ed3-focus-0-0-896-504.jpg\" \/>\n\t<meta property=\"og:image:width\" content=\"896\" \/>\n\t<meta property=\"og:image:height\" content=\"504\" \/>\n\t<meta property=\"og:image:type\" content=\"image\/jpeg\" \/>\n<meta name=\"author\" content=\"Potencia Radiof\u00f3nica Dominicana\" \/>\n<meta name=\"twitter:card\" content=\"summary_large_image\" \/>\n<meta name=\"twitter:label1\" content=\"Escrito por\" \/>\n\t<meta name=\"twitter:data1\" content=\"Potencia Radiof\u00f3nica Dominicana\" \/>\n\t<meta name=\"twitter:label2\" content=\"Tiempo de lectura\" \/>\n\t<meta name=\"twitter:data2\" content=\"3 minutos\" \/>\n<script type=\"application\/ld+json\" class=\"yoast-schema-graph\">{\"@context\":\"https:\/\/schema.org\",\"@graph\":[{\"@type\":\"Article\",\"@id\":\"https:\/\/potenciaradiofonicadominicana.com\/portal\/la-aba-valora-designacion-de-cedeno-brea-al-frente-de-la-superintendencia-de-bancos\/#article\",\"isPartOf\":{\"@id\":\"https:\/\/potenciaradiofonicadominicana.com\/portal\/la-aba-valora-designacion-de-cedeno-brea-al-frente-de-la-superintendencia-de-bancos\/\"},\"author\":{\"name\":\"Potencia Radiof\u00f3nica Dominicana\",\"@id\":\"https:\/\/potenciaradiofonicadominicana.com\/portal\/#\/schema\/person\/a5cf1fea13877803ee0573ac18b03490\"},\"headline\":\"La ABA valora designaci\u00f3n de Cede\u00f1o Brea al frente de la Superintendencia de Bancos\",\"datePublished\":\"2026-09-02T02:35:00+00:00\",\"mainEntityOfPage\":{\"@id\":\"https:\/\/potenciaradiofonicadominicana.com\/portal\/la-aba-valora-designacion-de-cedeno-brea-al-frente-de-la-superintendencia-de-bancos\/\"},\"wordCount\":423,\"publisher\":{\"@id\":\"https:\/\/potenciaradiofonicadominicana.com\/portal\/#organization\"},\"image\":{\"@id\":\"https:\/\/potenciaradiofonicadominicana.com\/portal\/la-aba-valora-designacion-de-cedeno-brea-al-frente-de-la-superintendencia-de-bancos\/#primaryimage\"},\"thumbnailUrl\":\"https:\/\/potenciaradiofonicadominicana.com\/portal\/wp-content\/uploads\/2026\/09\/la-aba-saluda-designacion-del-nuevo-superintendente-de-bancos-330a4ed3-focus-0-0-896-504.jpg\",\"articleSection\":[\"Econom\u00eda\"],\"inLanguage\":\"es\"},{\"@type\":\"WebPage\",\"@id\":\"https:\/\/potenciaradiofonicadominicana.com\/portal\/la-aba-valora-designacion-de-cedeno-brea-al-frente-de-la-superintendencia-de-bancos\/\",\"url\":\"https:\/\/potenciaradiofonicadominicana.com\/portal\/la-aba-valora-designacion-de-cedeno-brea-al-frente-de-la-superintendencia-de-bancos\/\",\"name\":\"La ABA valora designaci\u00f3n de Cede\u00f1o Brea al frente de la Superintendencia de Bancos - PotenciaRadiofonicaDominicana.com\",\"isPartOf\":{\"@id\":\"https:\/\/potenciaradiofonicadominicana.com\/portal\/#website\"},\"primaryImageOfPage\":{\"@id\":\"https:\/\/potenciaradiofonicadominicana.com\/portal\/la-aba-valora-designacion-de-cedeno-brea-al-frente-de-la-superintendencia-de-bancos\/#primaryimage\"},\"image\":{\"@id\":\"https:\/\/potenciaradiofonicadominicana.com\/portal\/la-aba-valora-designacion-de-cedeno-brea-al-frente-de-la-superintendencia-de-bancos\/#primaryimage\"},\"thumbnailUrl\":\"https:\/\/potenciaradiofonicadominicana.com\/portal\/wp-content\/uploads\/2026\/09\/la-aba-saluda-designacion-del-nuevo-superintendente-de-bancos-330a4ed3-focus-0-0-896-504.jpg\",\"datePublished\":\"2026-09-02T02:35:00+00:00\",\"breadcrumb\":{\"@id\":\"https:\/\/potenciaradiofonicadominicana.com\/portal\/la-aba-valora-designacion-de-cedeno-brea-al-frente-de-la-superintendencia-de-bancos\/#breadcrumb\"},\"inLanguage\":\"es\",\"potentialAction\":[{\"@type\":\"ReadAction\",\"target\":[\"https:\/\/potenciaradiofonicadominicana.com\/portal\/la-aba-valora-designacion-de-cedeno-brea-al-frente-de-la-superintendencia-de-bancos\/\"]}]},{\"@type\":\"ImageObject\",\"inLanguage\":\"es\",\"@id\":\"https:\/\/potenciaradiofonicadominicana.com\/portal\/la-aba-valora-designacion-de-cedeno-brea-al-frente-de-la-superintendencia-de-bancos\/#primaryimage\",\"url\":\"https:\/\/potenciaradiofonicadominicana.com\/portal\/wp-content\/uploads\/2026\/09\/la-aba-saluda-designacion-del-nuevo-superintendente-de-bancos-330a4ed3-focus-0-0-896-504.jpg\",\"contentUrl\":\"https:\/\/potenciaradiofonicadominicana.com\/portal\/wp-content\/uploads\/2026\/09\/la-aba-saluda-designacion-del-nuevo-superintendente-de-bancos-330a4ed3-focus-0-0-896-504.jpg\",\"width\":896,\"height\":504},{\"@type\":\"BreadcrumbList\",\"@id\":\"https:\/\/potenciaradiofonicadominicana.com\/portal\/la-aba-valora-designacion-de-cedeno-brea-al-frente-de-la-superintendencia-de-bancos\/#breadcrumb\",\"itemListElement\":[{\"@type\":\"ListItem\",\"position\":1,\"name\":\"Portada\",\"item\":\"https:\/\/potenciaradiofonicadominicana.com\/portal\/\"},{\"@type\":\"ListItem\",\"position\":2,\"name\":\"La ABA valora designaci\u00f3n de Cede\u00f1o Brea al frente de la Superintendencia de Bancos\"}]},{\"@type\":\"WebSite\",\"@id\":\"https:\/\/potenciaradiofonicadominicana.com\/portal\/#website\",\"url\":\"https:\/\/potenciaradiofonicadominicana.com\/portal\/\",\"name\":\"PotenciaRadiofonicaDominicana.com\",\"description\":\"Peri\u00f3dico Digital\",\"publisher\":{\"@id\":\"https:\/\/potenciaradiofonicadominicana.com\/portal\/#organization\"},\"potentialAction\":[{\"@type\":\"SearchAction\",\"target\":{\"@type\":\"EntryPoint\",\"urlTemplate\":\"https:\/\/potenciaradiofonicadominicana.com\/portal\/?s={search_term_string}\"},\"query-input\":{\"@type\":\"PropertyValueSpecification\",\"valueRequired\":true,\"valueName\":\"search_term_string\"}}],\"inLanguage\":\"es\"},{\"@type\":\"Organization\",\"@id\":\"https:\/\/potenciaradiofonicadominicana.com\/portal\/#organization\",\"name\":\"PotenciaRadiofonicaDominicana.com\",\"url\":\"https:\/\/potenciaradiofonicadominicana.com\/portal\/\",\"logo\":{\"@type\":\"ImageObject\",\"inLanguage\":\"es\",\"@id\":\"https:\/\/potenciaradiofonicadominicana.com\/portal\/#\/schema\/logo\/image\/\",\"url\":\"https:\/\/potenciaradiofonicadominicana.com\/portal\/wp-content\/uploads\/2022\/01\/descarga.png\",\"contentUrl\":\"https:\/\/potenciaradiofonicadominicana.com\/portal\/wp-content\/uploads\/2022\/01\/descarga.png\",\"width\":300,\"height\":100,\"caption\":\"PotenciaRadiofonicaDominicana.com\"},\"image\":{\"@id\":\"https:\/\/potenciaradiofonicadominicana.com\/portal\/#\/schema\/logo\/image\/\"},\"sameAs\":[\"https:\/\/web.facebook.com\/PotenciaRadiofonicaD\"]},{\"@type\":\"Person\",\"@id\":\"https:\/\/potenciaradiofonicadominicana.com\/portal\/#\/schema\/person\/a5cf1fea13877803ee0573ac18b03490\",\"name\":\"Potencia Radiof\u00f3nica Dominicana\",\"image\":{\"@type\":\"ImageObject\",\"inLanguage\":\"es\",\"@id\":\"https:\/\/potenciaradiofonicadominicana.com\/portal\/#\/schema\/person\/image\/\",\"url\":\"https:\/\/secure.gravatar.com\/avatar\/42a55ab9e8ccc656ba34cd791990602a?s=96&d=mm&r=g\",\"contentUrl\":\"https:\/\/secure.gravatar.com\/avatar\/42a55ab9e8ccc656ba34cd791990602a?s=96&d=mm&r=g\",\"caption\":\"Potencia Radiof\u00f3nica Dominicana\"},\"url\":\"https:\/\/potenciaradiofonicadominicana.com\/portal\/author\/johannyalmanzar\/\"}]}<\/script>\n<!-- \/ Yoast SEO plugin. -->","yoast_head_json":{"title":"La ABA valora designaci\u00f3n de Cede\u00f1o Brea al frente de la Superintendencia de Bancos - PotenciaRadiofonicaDominicana.com","robots":{"index":"index","follow":"follow","max-snippet":"max-snippet:-1","max-image-preview":"max-image-preview:large","max-video-preview":"max-video-preview:-1"},"canonical":"https:\/\/potenciaradiofonicadominicana.com\/portal\/la-aba-valora-designacion-de-cedeno-brea-al-frente-de-la-superintendencia-de-bancos\/","og_locale":"es_ES","og_type":"article","og_title":"La ABA valora designaci\u00f3n de Cede\u00f1o Brea al frente de la Superintendencia de Bancos - PotenciaRadiofonicaDominicana.com","og_description":"La\u00a0Asociaci\u00f3n de Bancos M\u00faltiples\u00a0de la Rep\u00fablica Dominicana (ABA) valor\u00f3 la designaci\u00f3n de\u00a0V\u00edctor Cede\u00f1o Brea\u00a0como\u00a0superintendente de Bancos, dispuesta mediante decreto presidencial, ...","og_url":"https:\/\/potenciaradiofonicadominicana.com\/portal\/la-aba-valora-designacion-de-cedeno-brea-al-frente-de-la-superintendencia-de-bancos\/","og_site_name":"PotenciaRadiofonicaDominicana.com","article_publisher":"https:\/\/web.facebook.com\/PotenciaRadiofonicaD","article_published_time":"2026-09-02T02:35:00+00:00","og_image":[{"width":896,"height":504,"url":"https:\/\/potenciaradiofonicadominicana.com\/portal\/wp-content\/uploads\/2026\/09\/la-aba-saluda-designacion-del-nuevo-superintendente-de-bancos-330a4ed3-focus-0-0-896-504.jpg","type":"image\/jpeg"}],"author":"Potencia Radiof\u00f3nica Dominicana","twitter_card":"summary_large_image","twitter_misc":{"Escrito por":"Potencia Radiof\u00f3nica Dominicana","Tiempo de lectura":"3 minutos"},"schema":{"@context":"https:\/\/schema.org","@graph":[{"@type":"Article","@id":"https:\/\/potenciaradiofonicadominicana.com\/portal\/la-aba-valora-designacion-de-cedeno-brea-al-frente-de-la-superintendencia-de-bancos\/#article","isPartOf":{"@id":"https:\/\/potenciaradiofonicadominicana.com\/portal\/la-aba-valora-designacion-de-cedeno-brea-al-frente-de-la-superintendencia-de-bancos\/"},"author":{"name":"Potencia Radiof\u00f3nica Dominicana","@id":"https:\/\/potenciaradiofonicadominicana.com\/portal\/#\/schema\/person\/a5cf1fea13877803ee0573ac18b03490"},"headline":"La ABA valora designaci\u00f3n de Cede\u00f1o Brea al frente de la Superintendencia de Bancos","datePublished":"2026-09-02T02:35:00+00:00","mainEntityOfPage":{"@id":"https:\/\/potenciaradiofonicadominicana.com\/portal\/la-aba-valora-designacion-de-cedeno-brea-al-frente-de-la-superintendencia-de-bancos\/"},"wordCount":423,"publisher":{"@id":"https:\/\/potenciaradiofonicadominicana.com\/portal\/#organization"},"image":{"@id":"https:\/\/potenciaradiofonicadominicana.com\/portal\/la-aba-valora-designacion-de-cedeno-brea-al-frente-de-la-superintendencia-de-bancos\/#primaryimage"},"thumbnailUrl":"https:\/\/potenciaradiofonicadominicana.com\/portal\/wp-content\/uploads\/2026\/09\/la-aba-saluda-designacion-del-nuevo-superintendente-de-bancos-330a4ed3-focus-0-0-896-504.jpg","articleSection":["Econom\u00eda"],"inLanguage":"es"},{"@type":"WebPage","@id":"https:\/\/potenciaradiofonicadominicana.com\/portal\/la-aba-valora-designacion-de-cedeno-brea-al-frente-de-la-superintendencia-de-bancos\/","url":"https:\/\/potenciaradiofonicadominicana.com\/portal\/la-aba-valora-designacion-de-cedeno-brea-al-frente-de-la-superintendencia-de-bancos\/","name":"La ABA valora designaci\u00f3n de Cede\u00f1o Brea al frente de la Superintendencia de Bancos - PotenciaRadiofonicaDominicana.com","isPartOf":{"@id":"https:\/\/potenciaradiofonicadominicana.com\/portal\/#website"},"primaryImageOfPage":{"@id":"https:\/\/potenciaradiofonicadominicana.com\/portal\/la-aba-valora-designacion-de-cedeno-brea-al-frente-de-la-superintendencia-de-bancos\/#primaryimage"},"image":{"@id":"https:\/\/potenciaradiofonicadominicana.com\/portal\/la-aba-valora-designacion-de-cedeno-brea-al-frente-de-la-superintendencia-de-bancos\/#primaryimage"},"thumbnailUrl":"https:\/\/potenciaradiofonicadominicana.com\/portal\/wp-content\/uploads\/2026\/09\/la-aba-saluda-designacion-del-nuevo-superintendente-de-bancos-330a4ed3-focus-0-0-896-504.jpg","datePublished":"2026-09-02T02:35:00+00:00","breadcrumb":{"@id":"https:\/\/potenciaradiofonicadominicana.com\/portal\/la-aba-valora-designacion-de-cedeno-brea-al-frente-de-la-superintendencia-de-bancos\/#breadcrumb"},"inLanguage":"es","potentialAction":[{"@type":"ReadAction","target":["https:\/\/potenciaradiofonicadominicana.com\/portal\/la-aba-valora-designacion-de-cedeno-brea-al-frente-de-la-superintendencia-de-bancos\/"]}]},{"@type":"ImageObject","inLanguage":"es","@id":"https:\/\/potenciaradiofonicadominicana.com\/portal\/la-aba-valora-designacion-de-cedeno-brea-al-frente-de-la-superintendencia-de-bancos\/#primaryimage","url":"https:\/\/potenciaradiofonicadominicana.com\/portal\/wp-content\/uploads\/2026\/09\/la-aba-saluda-designacion-del-nuevo-superintendente-de-bancos-330a4ed3-focus-0-0-896-504.jpg","contentUrl":"https:\/\/potenciaradiofonicadominicana.com\/portal\/wp-content\/uploads\/2026\/09\/la-aba-saluda-designacion-del-nuevo-superintendente-de-bancos-330a4ed3-focus-0-0-896-504.jpg","width":896,"height":504},{"@type":"BreadcrumbList","@id":"https:\/\/potenciaradiofonicadominicana.com\/portal\/la-aba-valora-designacion-de-cedeno-brea-al-frente-de-la-superintendencia-de-bancos\/#breadcrumb","itemListElement":[{"@type":"ListItem","position":1,"name":"Portada","item":"https:\/\/potenciaradiofonicadominicana.com\/portal\/"},{"@type":"ListItem","position":2,"name":"La ABA valora designaci\u00f3n de Cede\u00f1o Brea al frente de la Superintendencia de Bancos"}]},{"@type":"WebSite","@id":"https:\/\/potenciaradiofonicadominicana.com\/portal\/#website","url":"https:\/\/potenciaradiofonicadominicana.com\/portal\/","name":"PotenciaRadiofonicaDominicana.com","description":"Peri\u00f3dico Digital","publisher":{"@id":"https:\/\/potenciaradiofonicadominicana.com\/portal\/#organization"},"potentialAction":[{"@type":"SearchAction","target":{"@type":"EntryPoint","urlTemplate":"https:\/\/potenciaradiofonicadominicana.com\/portal\/?s={search_term_string}"},"query-input":{"@type":"PropertyValueSpecification","valueRequired":true,"valueName":"search_term_string"}}],"inLanguage":"es"},{"@type":"Organization","@id":"https:\/\/potenciaradiofonicadominicana.com\/portal\/#organization","name":"PotenciaRadiofonicaDominicana.com","url":"https:\/\/potenciaradiofonicadominicana.com\/portal\/","logo":{"@type":"ImageObject","inLanguage":"es","@id":"https:\/\/potenciaradiofonicadominicana.com\/portal\/#\/schema\/logo\/image\/","url":"https:\/\/potenciaradiofonicadominicana.com\/portal\/wp-content\/uploads\/2022\/01\/descarga.png","contentUrl":"https:\/\/potenciaradiofonicadominicana.com\/portal\/wp-content\/uploads\/2022\/01\/descarga.png","width":300,"height":100,"caption":"PotenciaRadiofonicaDominicana.com"},"image":{"@id":"https:\/\/potenciaradiofonicadominicana.com\/portal\/#\/schema\/logo\/image\/"},"sameAs":["https:\/\/web.facebook.com\/PotenciaRadiofonicaD"]},{"@type":"Person","@id":"https:\/\/potenciaradiofonicadominicana.com\/portal\/#\/schema\/person\/a5cf1fea13877803ee0573ac18b03490","name":"Potencia Radiof\u00f3nica Dominicana","image":{"@type":"ImageObject","inLanguage":"es","@id":"https:\/\/potenciaradiofonicadominicana.com\/portal\/#\/schema\/person\/image\/","url":"https:\/\/secure.gravatar.com\/avatar\/42a55ab9e8ccc656ba34cd791990602a?s=96&d=mm&r=g","contentUrl":"https:\/\/secure.gravatar.com\/avatar\/42a55ab9e8ccc656ba34cd791990602a?s=96&d=mm&r=g","caption":"Potencia Radiof\u00f3nica Dominicana"},"url":"https:\/\/potenciaradiofonicadominicana.com\/portal\/author\/johannyalmanzar\/"}]}},"_links":{"self":[{"href":"https:\/\/potenciaradiofonicadominicana.com\/portal\/wp-json\/wp\/v2\/posts\/225017","targetHints":{"allow":["GET"]}}],"collection":[{"href":"https:\/\/potenciaradiofonicadominicana.com\/portal\/wp-json\/wp\/v2\/posts"}],"about":[{"href":"https:\/\/potenciaradiofonicadominicana.com\/portal\/wp-json\/wp\/v2\/types\/post"}],"author":[{"embeddable":true,"href":"https:\/\/potenciaradiofonicadominicana.com\/portal\/wp-json\/wp\/v2\/users\/2"}],"replies":[{"embeddable":true,"href":"https:\/\/potenciaradiofonicadominicana.com\/portal\/wp-json\/wp\/v2\/comments?post=225017"}],"version-history":[{"count":1,"href":"https:\/\/potenciaradiofonicadominicana.com\/portal\/wp-json\/wp\/v2\/posts\/225017\/revisions"}],"predecessor-version":[{"id":225022,"href":"https:\/\/potenciaradiofonicadominicana.com\/portal\/wp-json\/wp\/v2\/posts\/225017\/revisions\/225022"}],"wp:featuredmedia":[{"embeddable":true,"href":"https:\/\/potenciaradiofonicadominicana.com\/portal\/wp-json\/wp\/v2\/media\/225019"}],"wp:attachment":[{"href":"https:\/\/potenciaradiofonicadominicana.com\/portal\/wp-json\/wp\/v2\/media?parent=225017"}],"wp:term":[{"taxonomy":"category","embeddable":true,"href":"https:\/\/potenciaradiofonicadominicana.com\/portal\/wp-json\/wp\/v2\/categories?post=225017"},{"taxonomy":"post_tag","embeddable":true,"href":"https:\/\/potenciaradiofonicadominicana.com\/portal\/wp-json\/wp\/v2\/tags?post=225017"}],"curies":[{"name":"wp","href":"https:\/\/api.w.org\/{rel}","templated":true}]}}