{"id":225003,"date":"2026-09-01T22:31:08","date_gmt":"2026-09-02T02:31:08","guid":{"rendered":"https:\/\/potenciaradiofonicadominicana.com\/portal\/?p=225003"},"modified":"2026-09-01T22:31:08","modified_gmt":"2026-09-02T02:31:08","slug":"que-es-la-deriva-genetica-y-cuando-supera-a-la-seleccion-natural","status":"publish","type":"post","link":"https:\/\/potenciaradiofonicadominicana.com\/portal\/que-es-la-deriva-genetica-y-cuando-supera-a-la-seleccion-natural\/","title":{"rendered":"Qu\u00e9 es la deriva gen\u00e9tica y cu\u00e1ndo supera a la selecci\u00f3n natural"},"content":{"rendered":"<p><a href=\"https:\/\/potenciaradiofonicadominicana.com\/portal\/wp-content\/uploads\/2026\/09\/7626_veronika_andrews-sandpipers-7767138.jpg\"><img loading=\"lazy\" decoding=\"async\" class=\"alignnone size-full wp-image-225004\" src=\"https:\/\/potenciaradiofonicadominicana.com\/portal\/wp-content\/uploads\/2026\/09\/7626_veronika_andrews-sandpipers-7767138.jpg\" alt=\"\" width=\"670\" height=\"401\" srcset=\"https:\/\/potenciaradiofonicadominicana.com\/portal\/wp-content\/uploads\/2026\/09\/7626_veronika_andrews-sandpipers-7767138.jpg 670w, https:\/\/potenciaradiofonicadominicana.com\/portal\/wp-content\/uploads\/2026\/09\/7626_veronika_andrews-sandpipers-7767138-300x180.jpg 300w, https:\/\/potenciaradiofonicadominicana.com\/portal\/wp-content\/uploads\/2026\/09\/7626_veronika_andrews-sandpipers-7767138-165x100.jpg 165w, https:\/\/potenciaradiofonicadominicana.com\/portal\/wp-content\/uploads\/2026\/09\/7626_veronika_andrews-sandpipers-7767138-400x240.jpg 400w\" sizes=\"auto, (max-width: 670px) 100vw, 670px\" \/><\/a><\/p>\n<p>Cuando pensamos en la evoluci\u00f3n, la mente recurre casi autom\u00e1ticamente a Charles Darwin y su c\u00e9lebre selecci\u00f3n natural: la supervivencia del m\u00e1s apto, donde los rasgos ventajosos se imponen porque mejoran las probabilidades de sobrevivir y reproducirse. Sin embargo, la biolog\u00eda evolutiva moderna revela que el motor del cambio gen\u00e9tico no siempre tiene un prop\u00f3sito adaptativo. En muchas ocasiones, la fuerza que dicta el destino de una especie es el puro azar.<\/p>\n<p>&nbsp;<\/p>\n<p>Este fen\u00f3meno se conoce como deriva gen\u00e9tica, un mecanismo impredecible que altera los componentes gen\u00e9ticos de una poblaci\u00f3n de generaci\u00f3n en generaci\u00f3n. A diferencia de la selecci\u00f3n natural, la deriva gen\u00f3mica no distingue entre variantes beneficiosas, neutras o perjudiciales; act\u00faa como una loter\u00eda biol\u00f3gica donde la suerte en el reparto reproductor determina qu\u00e9 genes pasan a la siguiente etapa.<\/p>\n<p>&nbsp;<\/p>\n<p>\u00bfQu\u00e9 es exactamente la deriva gen\u00e9tica?<\/p>\n<p>En el nivel biol\u00f3gico, los individuos de una misma especie comparten genes, pero cada uno puede portar versiones ligeramente distintas de ellos. Durante la reproducci\u00f3n sexual, qu\u00e9 versiones gen\u00e9ticas pasan a los hijos y cu\u00e1les se quedan en el camino depende en gran medida del azar.<\/p>\n<p>&nbsp;<\/p>\n<p>En t\u00e9rminos sencillos, la deriva gen\u00e9tica es el cambio aleatorio en la abundancia de los genes dentro de una poblaci\u00f3n a lo largo del tiempo. Si un individuo portador de una mutaci\u00f3n extraordinariamente favorable muere aplastado por una roca antes de tener descendencia, esa variante gen\u00e9tica desaparece. No ha fracasado la adaptaci\u00f3n: ha actuado la simple casualidad.<\/p>\n<p>&nbsp;<\/p>\n<p>Este proceso conduce con el paso del tiempo a dos resultados inevitables:<\/p>\n<p>&nbsp;<\/p>\n<p>-Fijaci\u00f3n de un gen: Una variante se vuelve la \u00fanica presente en toda la poblaci\u00f3n, perdi\u00e9ndose las dem\u00e1s alternativas.<\/p>\n<p>&nbsp;<\/p>\n<p>-Extinci\u00f3n de un gen: Una variante desaparece por completo, reduciendo la diversidad gen\u00e9tica global del grupo.<\/p>\n<p>&nbsp;<\/p>\n<p>El factor decisivo: la cantidad de reproductores<\/p>\n<p>Para entender cu\u00e1ndo la deriva logra imponerse a la fuerza de la selecci\u00f3n natural, no hay que fijarse \u00fanicamente en el n\u00famero total de individuos de un grupo, sino en la cantidad de ellos que realmente se reproducen y transmiten sus genes a la siguiente generaci\u00f3n.<\/p>\n<p>&nbsp;<\/p>\n<p>La regla de oro de este proceso es muy clara:<\/p>\n<p>&nbsp;<\/p>\n<p>-En poblaciones muy grandes, los golpes de suerte y las desgracias individuales se compensan entre s\u00ed. La selecci\u00f3n natural opera con total eficacia, promoviendo los rasgos ventajosos y eliminando los defectuosos.<\/p>\n<p>&nbsp;<\/p>\n<p>-En poblaciones muy reducidas, cualquier evento fortuito afecta a un porcentaje enorme del grupo. Aqu\u00ed el error de muestreo reproductor se amplifica dr\u00e1sticamente, y el azar pasa a controlar la din\u00e1mica evolutiva.<\/p>\n<p>&nbsp;<\/p>\n<p>[Img #79572]<\/p>\n<p>&nbsp;<\/p>\n<p>\u00bfCu\u00e1ndo supera la deriva gen\u00e9tica a la selecci\u00f3n natural?<\/p>\n<p>La selecci\u00f3n natural act\u00faa evaluando la ventaja o desventaja que aporta un gen para la supervivencia. Sin embargo, cuando la ventaja de un gen es muy sutil, la selecci\u00f3n pierde la capacidad de detectarlo y el azar toma el control absoluto.<\/p>\n<p>&nbsp;<\/p>\n<p>Las condiciones ecol\u00f3gicas y biol\u00f3gicas en las que la deriva se convierte en la fuerza evolutiva dominante son principalmente tres:<\/p>\n<p>&nbsp;<\/p>\n<p>1. Cuellos de botella poblacionales<\/p>\n<p>Ocurren cuando una cat\u00e1strofe ambiental, una epidemia o la destrucci\u00f3n de su h\u00e1bitat reducen dr\u00e1sticamente el n\u00famero de individuos de una especie en poco tiempo. Los pocos supervivientes no son necesariamente los mejor adaptados, sino simplemente los afortunados. La nueva estructura gen\u00e9tica de la especie depender\u00e1 \u00fanicamente de los genes de esos pocos supervivientes, lo que puede provocar que mutaciones perjudiciales se fijen por error en toda la poblaci\u00f3n.<\/p>\n<p>&nbsp;<\/p>\n<p>2. El efecto fundador<\/p>\n<p>Se produce cuando un grupo muy reducido de individuos se separa del resto y coloniza un nuevo territorio aislado, como una isla lejana. La variedad de genes de este nuevo grupo es solo una muestra peque\u00f1a y aleatoria de la poblaci\u00f3n original. Debido a esto, rasgos raros o enfermedades hereditarias pueden volverse comunes r\u00e1pidamente en las generaciones posteriores por puro azar.<\/p>\n<p>&nbsp;<\/p>\n<p>3. Mutaciones de impacto m\u00ednimo<\/p>\n<p>Muchas de las alteraciones que ocurren en el ADN no ayudan ni perjudican de forma grave al organismo. En especies que hist\u00f3ricamente han tenido poblaciones reducidas \u2014como la mayor\u00eda de los grandes mam\u00edferos\u2014, la selecci\u00f3n natural es incapaz de limpiar estas peque\u00f1as imperfecciones, permitiendo que el azar las acumule a lo largo de los milenios.<\/p>\n<p>&nbsp;<\/p>\n<p>Trascendencia biol\u00f3gica: el azar como arquitecto de la vida<\/p>\n<p>La deriva gen\u00e9tica demuestra que la evoluci\u00f3n no es una carrera guiada hacia la perfecci\u00f3n. Comprender su enorme poder en grupos peque\u00f1os es vital para la biolog\u00eda de la conservaci\u00f3n: cuando una especie entra en peligro de extinci\u00f3n y su n\u00famero de ejemplares cae, la deriva gen\u00e9tica destruye su variabilidad interna y reduce su capacidad de adaptarse a futuros cambios, dej\u00e1ndola a merced del entorno.<\/p>\n","protected":false},"excerpt":{"rendered":"<p>Cuando pensamos en la evoluci\u00f3n, la mente recurre casi autom\u00e1ticamente a Charles Darwin y su c\u00e9lebre selecci\u00f3n natural: la supervivencia &#8230;<\/p>\n","protected":false},"author":2,"featured_media":225004,"comment_status":"closed","ping_status":"closed","sticky":false,"template":"","format":"standard","meta":{"footnotes":""},"categories":[14],"tags":[],"class_list":["post-225003","post","type-post","status-publish","format-standard","has-post-thumbnail","hentry","category-ciencia-y-tecnologia"],"yoast_head":"<!-- This site is optimized with the Yoast SEO plugin v24.8.1 - https:\/\/yoast.com\/wordpress\/plugins\/seo\/ -->\n<title>Qu\u00e9 es la deriva gen\u00e9tica y cu\u00e1ndo supera a la selecci\u00f3n natural - PotenciaRadiofonicaDominicana.com<\/title>\n<meta name=\"robots\" content=\"index, follow, max-snippet:-1, max-image-preview:large, max-video-preview:-1\" \/>\n<link rel=\"canonical\" href=\"https:\/\/potenciaradiofonicadominicana.com\/portal\/que-es-la-deriva-genetica-y-cuando-supera-a-la-seleccion-natural\/\" \/>\n<meta property=\"og:locale\" content=\"es_ES\" \/>\n<meta property=\"og:type\" content=\"article\" \/>\n<meta property=\"og:title\" content=\"Qu\u00e9 es la deriva gen\u00e9tica y cu\u00e1ndo supera a la selecci\u00f3n natural - PotenciaRadiofonicaDominicana.com\" \/>\n<meta property=\"og:description\" content=\"Cuando pensamos en la evoluci\u00f3n, la mente recurre casi autom\u00e1ticamente a Charles Darwin y su c\u00e9lebre selecci\u00f3n natural: la supervivencia ...\" \/>\n<meta property=\"og:url\" content=\"https:\/\/potenciaradiofonicadominicana.com\/portal\/que-es-la-deriva-genetica-y-cuando-supera-a-la-seleccion-natural\/\" \/>\n<meta property=\"og:site_name\" content=\"PotenciaRadiofonicaDominicana.com\" \/>\n<meta property=\"article:publisher\" content=\"https:\/\/web.facebook.com\/PotenciaRadiofonicaD\" \/>\n<meta property=\"article:published_time\" content=\"2026-09-02T02:31:08+00:00\" \/>\n<meta property=\"og:image\" content=\"https:\/\/potenciaradiofonicadominicana.com\/portal\/wp-content\/uploads\/2026\/09\/7626_veronika_andrews-sandpipers-7767138.jpg\" \/>\n\t<meta property=\"og:image:width\" content=\"670\" \/>\n\t<meta property=\"og:image:height\" content=\"401\" \/>\n\t<meta property=\"og:image:type\" content=\"image\/jpeg\" \/>\n<meta name=\"author\" content=\"Potencia Radiof\u00f3nica Dominicana\" \/>\n<meta name=\"twitter:card\" content=\"summary_large_image\" \/>\n<meta name=\"twitter:label1\" content=\"Escrito por\" \/>\n\t<meta name=\"twitter:data1\" content=\"Potencia Radiof\u00f3nica Dominicana\" \/>\n\t<meta name=\"twitter:label2\" content=\"Tiempo de lectura\" \/>\n\t<meta name=\"twitter:data2\" content=\"4 minutos\" \/>\n<script type=\"application\/ld+json\" class=\"yoast-schema-graph\">{\"@context\":\"https:\/\/schema.org\",\"@graph\":[{\"@type\":\"Article\",\"@id\":\"https:\/\/potenciaradiofonicadominicana.com\/portal\/que-es-la-deriva-genetica-y-cuando-supera-a-la-seleccion-natural\/#article\",\"isPartOf\":{\"@id\":\"https:\/\/potenciaradiofonicadominicana.com\/portal\/que-es-la-deriva-genetica-y-cuando-supera-a-la-seleccion-natural\/\"},\"author\":{\"name\":\"Potencia Radiof\u00f3nica Dominicana\",\"@id\":\"https:\/\/potenciaradiofonicadominicana.com\/portal\/#\/schema\/person\/a5cf1fea13877803ee0573ac18b03490\"},\"headline\":\"Qu\u00e9 es la deriva gen\u00e9tica y cu\u00e1ndo supera a la selecci\u00f3n natural\",\"datePublished\":\"2026-09-02T02:31:08+00:00\",\"mainEntityOfPage\":{\"@id\":\"https:\/\/potenciaradiofonicadominicana.com\/portal\/que-es-la-deriva-genetica-y-cuando-supera-a-la-seleccion-natural\/\"},\"wordCount\":864,\"publisher\":{\"@id\":\"https:\/\/potenciaradiofonicadominicana.com\/portal\/#organization\"},\"image\":{\"@id\":\"https:\/\/potenciaradiofonicadominicana.com\/portal\/que-es-la-deriva-genetica-y-cuando-supera-a-la-seleccion-natural\/#primaryimage\"},\"thumbnailUrl\":\"https:\/\/potenciaradiofonicadominicana.com\/portal\/wp-content\/uploads\/2026\/09\/7626_veronika_andrews-sandpipers-7767138.jpg\",\"articleSection\":[\"Ciencia y Tecnolog\u00eda\"],\"inLanguage\":\"es\"},{\"@type\":\"WebPage\",\"@id\":\"https:\/\/potenciaradiofonicadominicana.com\/portal\/que-es-la-deriva-genetica-y-cuando-supera-a-la-seleccion-natural\/\",\"url\":\"https:\/\/potenciaradiofonicadominicana.com\/portal\/que-es-la-deriva-genetica-y-cuando-supera-a-la-seleccion-natural\/\",\"name\":\"Qu\u00e9 es la deriva gen\u00e9tica y cu\u00e1ndo supera a la selecci\u00f3n natural - PotenciaRadiofonicaDominicana.com\",\"isPartOf\":{\"@id\":\"https:\/\/potenciaradiofonicadominicana.com\/portal\/#website\"},\"primaryImageOfPage\":{\"@id\":\"https:\/\/potenciaradiofonicadominicana.com\/portal\/que-es-la-deriva-genetica-y-cuando-supera-a-la-seleccion-natural\/#primaryimage\"},\"image\":{\"@id\":\"https:\/\/potenciaradiofonicadominicana.com\/portal\/que-es-la-deriva-genetica-y-cuando-supera-a-la-seleccion-natural\/#primaryimage\"},\"thumbnailUrl\":\"https:\/\/potenciaradiofonicadominicana.com\/portal\/wp-content\/uploads\/2026\/09\/7626_veronika_andrews-sandpipers-7767138.jpg\",\"datePublished\":\"2026-09-02T02:31:08+00:00\",\"breadcrumb\":{\"@id\":\"https:\/\/potenciaradiofonicadominicana.com\/portal\/que-es-la-deriva-genetica-y-cuando-supera-a-la-seleccion-natural\/#breadcrumb\"},\"inLanguage\":\"es\",\"potentialAction\":[{\"@type\":\"ReadAction\",\"target\":[\"https:\/\/potenciaradiofonicadominicana.com\/portal\/que-es-la-deriva-genetica-y-cuando-supera-a-la-seleccion-natural\/\"]}]},{\"@type\":\"ImageObject\",\"inLanguage\":\"es\",\"@id\":\"https:\/\/potenciaradiofonicadominicana.com\/portal\/que-es-la-deriva-genetica-y-cuando-supera-a-la-seleccion-natural\/#primaryimage\",\"url\":\"https:\/\/potenciaradiofonicadominicana.com\/portal\/wp-content\/uploads\/2026\/09\/7626_veronika_andrews-sandpipers-7767138.jpg\",\"contentUrl\":\"https:\/\/potenciaradiofonicadominicana.com\/portal\/wp-content\/uploads\/2026\/09\/7626_veronika_andrews-sandpipers-7767138.jpg\",\"width\":670,\"height\":401},{\"@type\":\"BreadcrumbList\",\"@id\":\"https:\/\/potenciaradiofonicadominicana.com\/portal\/que-es-la-deriva-genetica-y-cuando-supera-a-la-seleccion-natural\/#breadcrumb\",\"itemListElement\":[{\"@type\":\"ListItem\",\"position\":1,\"name\":\"Portada\",\"item\":\"https:\/\/potenciaradiofonicadominicana.com\/portal\/\"},{\"@type\":\"ListItem\",\"position\":2,\"name\":\"Qu\u00e9 es la deriva gen\u00e9tica y cu\u00e1ndo supera a la selecci\u00f3n natural\"}]},{\"@type\":\"WebSite\",\"@id\":\"https:\/\/potenciaradiofonicadominicana.com\/portal\/#website\",\"url\":\"https:\/\/potenciaradiofonicadominicana.com\/portal\/\",\"name\":\"PotenciaRadiofonicaDominicana.com\",\"description\":\"Peri\u00f3dico Digital\",\"publisher\":{\"@id\":\"https:\/\/potenciaradiofonicadominicana.com\/portal\/#organization\"},\"potentialAction\":[{\"@type\":\"SearchAction\",\"target\":{\"@type\":\"EntryPoint\",\"urlTemplate\":\"https:\/\/potenciaradiofonicadominicana.com\/portal\/?s={search_term_string}\"},\"query-input\":{\"@type\":\"PropertyValueSpecification\",\"valueRequired\":true,\"valueName\":\"search_term_string\"}}],\"inLanguage\":\"es\"},{\"@type\":\"Organization\",\"@id\":\"https:\/\/potenciaradiofonicadominicana.com\/portal\/#organization\",\"name\":\"PotenciaRadiofonicaDominicana.com\",\"url\":\"https:\/\/potenciaradiofonicadominicana.com\/portal\/\",\"logo\":{\"@type\":\"ImageObject\",\"inLanguage\":\"es\",\"@id\":\"https:\/\/potenciaradiofonicadominicana.com\/portal\/#\/schema\/logo\/image\/\",\"url\":\"https:\/\/potenciaradiofonicadominicana.com\/portal\/wp-content\/uploads\/2022\/01\/descarga.png\",\"contentUrl\":\"https:\/\/potenciaradiofonicadominicana.com\/portal\/wp-content\/uploads\/2022\/01\/descarga.png\",\"width\":300,\"height\":100,\"caption\":\"PotenciaRadiofonicaDominicana.com\"},\"image\":{\"@id\":\"https:\/\/potenciaradiofonicadominicana.com\/portal\/#\/schema\/logo\/image\/\"},\"sameAs\":[\"https:\/\/web.facebook.com\/PotenciaRadiofonicaD\"]},{\"@type\":\"Person\",\"@id\":\"https:\/\/potenciaradiofonicadominicana.com\/portal\/#\/schema\/person\/a5cf1fea13877803ee0573ac18b03490\",\"name\":\"Potencia Radiof\u00f3nica Dominicana\",\"image\":{\"@type\":\"ImageObject\",\"inLanguage\":\"es\",\"@id\":\"https:\/\/potenciaradiofonicadominicana.com\/portal\/#\/schema\/person\/image\/\",\"url\":\"https:\/\/secure.gravatar.com\/avatar\/42a55ab9e8ccc656ba34cd791990602a?s=96&d=mm&r=g\",\"contentUrl\":\"https:\/\/secure.gravatar.com\/avatar\/42a55ab9e8ccc656ba34cd791990602a?s=96&d=mm&r=g\",\"caption\":\"Potencia Radiof\u00f3nica Dominicana\"},\"url\":\"https:\/\/potenciaradiofonicadominicana.com\/portal\/author\/johannyalmanzar\/\"}]}<\/script>\n<!-- \/ Yoast SEO plugin. -->","yoast_head_json":{"title":"Qu\u00e9 es la deriva gen\u00e9tica y cu\u00e1ndo supera a la selecci\u00f3n natural - PotenciaRadiofonicaDominicana.com","robots":{"index":"index","follow":"follow","max-snippet":"max-snippet:-1","max-image-preview":"max-image-preview:large","max-video-preview":"max-video-preview:-1"},"canonical":"https:\/\/potenciaradiofonicadominicana.com\/portal\/que-es-la-deriva-genetica-y-cuando-supera-a-la-seleccion-natural\/","og_locale":"es_ES","og_type":"article","og_title":"Qu\u00e9 es la deriva gen\u00e9tica y cu\u00e1ndo supera a la selecci\u00f3n natural - PotenciaRadiofonicaDominicana.com","og_description":"Cuando pensamos en la evoluci\u00f3n, la mente recurre casi autom\u00e1ticamente a Charles Darwin y su c\u00e9lebre selecci\u00f3n natural: la supervivencia ...","og_url":"https:\/\/potenciaradiofonicadominicana.com\/portal\/que-es-la-deriva-genetica-y-cuando-supera-a-la-seleccion-natural\/","og_site_name":"PotenciaRadiofonicaDominicana.com","article_publisher":"https:\/\/web.facebook.com\/PotenciaRadiofonicaD","article_published_time":"2026-09-02T02:31:08+00:00","og_image":[{"width":670,"height":401,"url":"https:\/\/potenciaradiofonicadominicana.com\/portal\/wp-content\/uploads\/2026\/09\/7626_veronika_andrews-sandpipers-7767138.jpg","type":"image\/jpeg"}],"author":"Potencia Radiof\u00f3nica Dominicana","twitter_card":"summary_large_image","twitter_misc":{"Escrito por":"Potencia Radiof\u00f3nica Dominicana","Tiempo de lectura":"4 minutos"},"schema":{"@context":"https:\/\/schema.org","@graph":[{"@type":"Article","@id":"https:\/\/potenciaradiofonicadominicana.com\/portal\/que-es-la-deriva-genetica-y-cuando-supera-a-la-seleccion-natural\/#article","isPartOf":{"@id":"https:\/\/potenciaradiofonicadominicana.com\/portal\/que-es-la-deriva-genetica-y-cuando-supera-a-la-seleccion-natural\/"},"author":{"name":"Potencia Radiof\u00f3nica Dominicana","@id":"https:\/\/potenciaradiofonicadominicana.com\/portal\/#\/schema\/person\/a5cf1fea13877803ee0573ac18b03490"},"headline":"Qu\u00e9 es la deriva gen\u00e9tica y cu\u00e1ndo supera a la selecci\u00f3n natural","datePublished":"2026-09-02T02:31:08+00:00","mainEntityOfPage":{"@id":"https:\/\/potenciaradiofonicadominicana.com\/portal\/que-es-la-deriva-genetica-y-cuando-supera-a-la-seleccion-natural\/"},"wordCount":864,"publisher":{"@id":"https:\/\/potenciaradiofonicadominicana.com\/portal\/#organization"},"image":{"@id":"https:\/\/potenciaradiofonicadominicana.com\/portal\/que-es-la-deriva-genetica-y-cuando-supera-a-la-seleccion-natural\/#primaryimage"},"thumbnailUrl":"https:\/\/potenciaradiofonicadominicana.com\/portal\/wp-content\/uploads\/2026\/09\/7626_veronika_andrews-sandpipers-7767138.jpg","articleSection":["Ciencia y Tecnolog\u00eda"],"inLanguage":"es"},{"@type":"WebPage","@id":"https:\/\/potenciaradiofonicadominicana.com\/portal\/que-es-la-deriva-genetica-y-cuando-supera-a-la-seleccion-natural\/","url":"https:\/\/potenciaradiofonicadominicana.com\/portal\/que-es-la-deriva-genetica-y-cuando-supera-a-la-seleccion-natural\/","name":"Qu\u00e9 es la deriva gen\u00e9tica y cu\u00e1ndo supera a la selecci\u00f3n natural - PotenciaRadiofonicaDominicana.com","isPartOf":{"@id":"https:\/\/potenciaradiofonicadominicana.com\/portal\/#website"},"primaryImageOfPage":{"@id":"https:\/\/potenciaradiofonicadominicana.com\/portal\/que-es-la-deriva-genetica-y-cuando-supera-a-la-seleccion-natural\/#primaryimage"},"image":{"@id":"https:\/\/potenciaradiofonicadominicana.com\/portal\/que-es-la-deriva-genetica-y-cuando-supera-a-la-seleccion-natural\/#primaryimage"},"thumbnailUrl":"https:\/\/potenciaradiofonicadominicana.com\/portal\/wp-content\/uploads\/2026\/09\/7626_veronika_andrews-sandpipers-7767138.jpg","datePublished":"2026-09-02T02:31:08+00:00","breadcrumb":{"@id":"https:\/\/potenciaradiofonicadominicana.com\/portal\/que-es-la-deriva-genetica-y-cuando-supera-a-la-seleccion-natural\/#breadcrumb"},"inLanguage":"es","potentialAction":[{"@type":"ReadAction","target":["https:\/\/potenciaradiofonicadominicana.com\/portal\/que-es-la-deriva-genetica-y-cuando-supera-a-la-seleccion-natural\/"]}]},{"@type":"ImageObject","inLanguage":"es","@id":"https:\/\/potenciaradiofonicadominicana.com\/portal\/que-es-la-deriva-genetica-y-cuando-supera-a-la-seleccion-natural\/#primaryimage","url":"https:\/\/potenciaradiofonicadominicana.com\/portal\/wp-content\/uploads\/2026\/09\/7626_veronika_andrews-sandpipers-7767138.jpg","contentUrl":"https:\/\/potenciaradiofonicadominicana.com\/portal\/wp-content\/uploads\/2026\/09\/7626_veronika_andrews-sandpipers-7767138.jpg","width":670,"height":401},{"@type":"BreadcrumbList","@id":"https:\/\/potenciaradiofonicadominicana.com\/portal\/que-es-la-deriva-genetica-y-cuando-supera-a-la-seleccion-natural\/#breadcrumb","itemListElement":[{"@type":"ListItem","position":1,"name":"Portada","item":"https:\/\/potenciaradiofonicadominicana.com\/portal\/"},{"@type":"ListItem","position":2,"name":"Qu\u00e9 es la deriva gen\u00e9tica y cu\u00e1ndo supera a la selecci\u00f3n natural"}]},{"@type":"WebSite","@id":"https:\/\/potenciaradiofonicadominicana.com\/portal\/#website","url":"https:\/\/potenciaradiofonicadominicana.com\/portal\/","name":"PotenciaRadiofonicaDominicana.com","description":"Peri\u00f3dico Digital","publisher":{"@id":"https:\/\/potenciaradiofonicadominicana.com\/portal\/#organization"},"potentialAction":[{"@type":"SearchAction","target":{"@type":"EntryPoint","urlTemplate":"https:\/\/potenciaradiofonicadominicana.com\/portal\/?s={search_term_string}"},"query-input":{"@type":"PropertyValueSpecification","valueRequired":true,"valueName":"search_term_string"}}],"inLanguage":"es"},{"@type":"Organization","@id":"https:\/\/potenciaradiofonicadominicana.com\/portal\/#organization","name":"PotenciaRadiofonicaDominicana.com","url":"https:\/\/potenciaradiofonicadominicana.com\/portal\/","logo":{"@type":"ImageObject","inLanguage":"es","@id":"https:\/\/potenciaradiofonicadominicana.com\/portal\/#\/schema\/logo\/image\/","url":"https:\/\/potenciaradiofonicadominicana.com\/portal\/wp-content\/uploads\/2022\/01\/descarga.png","contentUrl":"https:\/\/potenciaradiofonicadominicana.com\/portal\/wp-content\/uploads\/2022\/01\/descarga.png","width":300,"height":100,"caption":"PotenciaRadiofonicaDominicana.com"},"image":{"@id":"https:\/\/potenciaradiofonicadominicana.com\/portal\/#\/schema\/logo\/image\/"},"sameAs":["https:\/\/web.facebook.com\/PotenciaRadiofonicaD"]},{"@type":"Person","@id":"https:\/\/potenciaradiofonicadominicana.com\/portal\/#\/schema\/person\/a5cf1fea13877803ee0573ac18b03490","name":"Potencia Radiof\u00f3nica Dominicana","image":{"@type":"ImageObject","inLanguage":"es","@id":"https:\/\/potenciaradiofonicadominicana.com\/portal\/#\/schema\/person\/image\/","url":"https:\/\/secure.gravatar.com\/avatar\/42a55ab9e8ccc656ba34cd791990602a?s=96&d=mm&r=g","contentUrl":"https:\/\/secure.gravatar.com\/avatar\/42a55ab9e8ccc656ba34cd791990602a?s=96&d=mm&r=g","caption":"Potencia Radiof\u00f3nica Dominicana"},"url":"https:\/\/potenciaradiofonicadominicana.com\/portal\/author\/johannyalmanzar\/"}]}},"_links":{"self":[{"href":"https:\/\/potenciaradiofonicadominicana.com\/portal\/wp-json\/wp\/v2\/posts\/225003","targetHints":{"allow":["GET"]}}],"collection":[{"href":"https:\/\/potenciaradiofonicadominicana.com\/portal\/wp-json\/wp\/v2\/posts"}],"about":[{"href":"https:\/\/potenciaradiofonicadominicana.com\/portal\/wp-json\/wp\/v2\/types\/post"}],"author":[{"embeddable":true,"href":"https:\/\/potenciaradiofonicadominicana.com\/portal\/wp-json\/wp\/v2\/users\/2"}],"replies":[{"embeddable":true,"href":"https:\/\/potenciaradiofonicadominicana.com\/portal\/wp-json\/wp\/v2\/comments?post=225003"}],"version-history":[{"count":1,"href":"https:\/\/potenciaradiofonicadominicana.com\/portal\/wp-json\/wp\/v2\/posts\/225003\/revisions"}],"predecessor-version":[{"id":225005,"href":"https:\/\/potenciaradiofonicadominicana.com\/portal\/wp-json\/wp\/v2\/posts\/225003\/revisions\/225005"}],"wp:featuredmedia":[{"embeddable":true,"href":"https:\/\/potenciaradiofonicadominicana.com\/portal\/wp-json\/wp\/v2\/media\/225004"}],"wp:attachment":[{"href":"https:\/\/potenciaradiofonicadominicana.com\/portal\/wp-json\/wp\/v2\/media?parent=225003"}],"wp:term":[{"taxonomy":"category","embeddable":true,"href":"https:\/\/potenciaradiofonicadominicana.com\/portal\/wp-json\/wp\/v2\/categories?post=225003"},{"taxonomy":"post_tag","embeddable":true,"href":"https:\/\/potenciaradiofonicadominicana.com\/portal\/wp-json\/wp\/v2\/tags?post=225003"}],"curies":[{"name":"wp","href":"https:\/\/api.w.org\/{rel}","templated":true}]}}