{"id":225000,"date":"2026-09-01T22:31:47","date_gmt":"2026-09-02T02:31:47","guid":{"rendered":"https:\/\/potenciaradiofonicadominicana.com\/portal\/?p=225000"},"modified":"2026-09-01T22:31:47","modified_gmt":"2026-09-02T02:31:47","slug":"dominicana-aprueba-con-notas-altas-programa-modelo-de-fivb","status":"publish","type":"post","link":"https:\/\/potenciaradiofonicadominicana.com\/portal\/dominicana-aprueba-con-notas-altas-programa-modelo-de-fivb\/","title":{"rendered":"Dominicana aprueba con notas altas programa modelo de FIVB"},"content":{"rendered":"<p><a href=\"https:\/\/potenciaradiofonicadominicana.com\/portal\/wp-content\/uploads\/2026\/09\/las-reinas-del-caribe-aprueban-con-notas-altas-programa-modelo-de-fivb-1b08ba8f-focus-0-0-896-504.jpg\"><img loading=\"lazy\" decoding=\"async\" class=\"alignnone size-full wp-image-225002\" src=\"https:\/\/potenciaradiofonicadominicana.com\/portal\/wp-content\/uploads\/2026\/09\/las-reinas-del-caribe-aprueban-con-notas-altas-programa-modelo-de-fivb-1b08ba8f-focus-0-0-896-504.jpg\" alt=\"\" width=\"896\" height=\"504\" srcset=\"https:\/\/potenciaradiofonicadominicana.com\/portal\/wp-content\/uploads\/2026\/09\/las-reinas-del-caribe-aprueban-con-notas-altas-programa-modelo-de-fivb-1b08ba8f-focus-0-0-896-504.jpg 896w, https:\/\/potenciaradiofonicadominicana.com\/portal\/wp-content\/uploads\/2026\/09\/las-reinas-del-caribe-aprueban-con-notas-altas-programa-modelo-de-fivb-1b08ba8f-focus-0-0-896-504-300x169.jpg 300w, https:\/\/potenciaradiofonicadominicana.com\/portal\/wp-content\/uploads\/2026\/09\/las-reinas-del-caribe-aprueban-con-notas-altas-programa-modelo-de-fivb-1b08ba8f-focus-0-0-896-504-768x432.jpg 768w\" sizes=\"auto, (max-width: 896px) 100vw, 896px\" \/><\/a><\/p>\n<p>La lista de buenos resultados de\u00a0Marcos Kwiek\u00a0al frente del\u00a0sexteto femenino dominicano\u00a0es tan larga como los\u00a018 a\u00f1os\u00a0que cumpli\u00f3 en mayo pasado en la posici\u00f3n y si alguien pidiera su relevo por no clasificarse el s\u00e1bado a los Juegos Ol\u00edmpicos es probable que desde Suiza se cuestione la petici\u00f3n.<\/p>\n<p>En el\u00a0Congreso 37\u00a0de la\u00a0Federaci\u00f3n Internacional de Voleibol, celebrado en 2021 en Tailandia, fue lanzado el\u00a0FIVB Volleyball Empowerment Programme, una plataforma que identifica a pa\u00edses claves que presenten un Plan N\u00facleo para impulsar su desarrollo. A los que califican se les proporciona recursos humanos y t\u00e9cnicos para mejorar sus equipos nacionales y profesionalizar sus administraciones.<\/p>\n<p>Entonces, explica la\u00a0FIVB\u00a0en su informe colgado en su sitio web, se escogieron\u00a0nueve pa\u00edses;\u00a0Albania, Australia,\u00a0Canad\u00e1, Croacia, Francia, Kenia, Paraguay, Filipinas y la\u00a0Rep\u00fablica Dominicana.<\/p>\n<p>Quisqueya\u00a0ha sido un alumno aventajado por su\u00a0desempe\u00f1o\u00a0y el\u00a0entrenador principal\u00a0el mejor ejemplo, puesto que los desembolsos al cuerpo t\u00e9cnico est\u00e1n condicionados a resultados en las competencias internacionales en funci\u00f3n a lo presentado en la propuesta inicial.<\/p>\n<p>La noche del mi\u00e9rcoles, tras la finalizaci\u00f3n del\u00a0Norceca\u00a0la\u00a0FIVB\u00a0inform\u00f3 que a trav\u00e9s de ese programa la\u00a0Rep\u00fablica Dominicana\u00a0se ha beneficiado con\u00a01,260,000 d\u00f3lares\u00a0en apoyo al cuerpo t\u00e9cnico que encabeza\u00a0Kwiek\u00a0desde 2021.<\/p>\n<p>El programa tambi\u00e9n ha recibido\u00a078,000 d\u00f3lares\u00a0en apoyo para la adquisici\u00f3n de equipos y\u00a06,000 d\u00f3lares\u00a0para la\u00a0transferencia de conocimientos\u00a0hasta 2025.<\/p>\n<p>En el tramo, las\u00a0Reinas del Caribe\u00a0ganaron el\u00a0oro\u00a0tanto en los Juegos Centroamericanos y del Caribe como los Panamericanos (2023), el\u00a0Norceca\u00a0y se clasificaron a los Juegos Ol\u00edmpicos. Los resultados no pararon de llegar y en 2024 se logr\u00f3 la Copa Panamericana.<\/p>\n<p>No es una ayuda eterna, es piloto, que busca llevar al pa\u00eds a un nivel donde pueda ser\u00a0sostenible\u00a0por s\u00ed solo.<\/p>\n<p>\u00abUna\u00a0federaci\u00f3n nacional\u00a0con una\u00a0selecci\u00f3n nacional fuerte\u00a0ser\u00e1 m\u00e1s atractiva para patrocinadores, medios de comunicaci\u00f3n, emisoras y gobiernos. Estos recursos adicionales ayudar\u00e1n a que su\u00a0federaci\u00f3n nacional\u00a0sea autosostenible y le permitir\u00e1n organizar m\u00e1s eventos importantes, brindando a sus aficionados locales la oportunidad de ver en vivo lo mejor del voleibol y el v\u00f3ley playa\u00bb, explic\u00f3 el titular de la\u00a0FIVB\u00a0cuando se lanz\u00f3 el programa, el brasile\u00f1o\u00a0Ary S. Graca.<\/p>\n<p>Canad\u00e1\u00a0tambi\u00e9n ha cumplido y ha recibido\u00a01,533,500 d\u00f3lares\u00a0en concepto de apoyo para la formaci\u00f3n de entrenadores, incluido el nombramiento del italiano\u00a0Giovanni Guidetti\u00a0como\u00a0entrenador principal\u00a0y director t\u00e9cnico hasta la temporada 2026.<\/p>\n<p>Un movimiento que ha permitido al pa\u00eds norteamericano regresar a los primeros planos. El pasado mi\u00e9rcoles, gan\u00f3 su primer\u00a0Norceca\u00a0y el s\u00e1bado logr\u00f3 su primer\u00a0boleto ol\u00edmpico desde 1996. Incluso, Cuba, que rompi\u00f3 su tradici\u00f3n y toc\u00f3 las puertas del programa, se le han girado 177,000 d\u00f3lares en concepto de ayuda para la contrataci\u00f3n del brasile\u00f1o Luizomar de Moura como seleccionador nacional para la temporada 2025-2026.<\/p>\n<p>En la hoja de\u00a0Kwiek\u00a0al frente del\u00a0sexteto femenino dominicano\u00a0destacan\u00a0tres clasificaciones ol\u00edmpicas,\u00a0cinco Mundiales, cuatro t\u00edtulos del\u00a0Norceca, cinco Juegos Centroamericanos y del Caribe y dos Panamericanos y 18 asistencias a la Liga de Naciones, anterior Grand Prix. En el Mundial de 2014 top\u00f3 su cielo al quedar en el quinto lugar.<\/p>\n<p>En la\u00a0Copa del Mundo de 2027\u00a0tendr\u00e1 una segunda oportunidad de clasificar el equipo a los Ol\u00edmpicos y, de ser necesario, una \u00faltima en la\u00a0Liga de Naciones de 2028.<\/p>\n","protected":false},"excerpt":{"rendered":"<p>La lista de buenos resultados de\u00a0Marcos Kwiek\u00a0al frente del\u00a0sexteto femenino dominicano\u00a0es tan larga como los\u00a018 a\u00f1os\u00a0que cumpli\u00f3 en mayo pasado &#8230;<\/p>\n","protected":false},"author":2,"featured_media":225002,"comment_status":"closed","ping_status":"closed","sticky":false,"template":"","format":"standard","meta":{"footnotes":""},"categories":[28],"tags":[],"class_list":["post-225000","post","type-post","status-publish","format-standard","has-post-thumbnail","hentry","category-deportes"],"yoast_head":"<!-- This site is optimized with the Yoast SEO plugin v24.8.1 - https:\/\/yoast.com\/wordpress\/plugins\/seo\/ -->\n<title>Dominicana aprueba con notas altas programa modelo de FIVB - PotenciaRadiofonicaDominicana.com<\/title>\n<meta name=\"robots\" content=\"index, follow, max-snippet:-1, max-image-preview:large, max-video-preview:-1\" \/>\n<link rel=\"canonical\" href=\"https:\/\/potenciaradiofonicadominicana.com\/portal\/dominicana-aprueba-con-notas-altas-programa-modelo-de-fivb\/\" \/>\n<meta property=\"og:locale\" content=\"es_ES\" \/>\n<meta property=\"og:type\" content=\"article\" \/>\n<meta property=\"og:title\" content=\"Dominicana aprueba con notas altas programa modelo de FIVB - PotenciaRadiofonicaDominicana.com\" \/>\n<meta property=\"og:description\" content=\"La lista de buenos resultados de\u00a0Marcos Kwiek\u00a0al frente del\u00a0sexteto femenino dominicano\u00a0es tan larga como los\u00a018 a\u00f1os\u00a0que cumpli\u00f3 en mayo pasado ...\" \/>\n<meta property=\"og:url\" content=\"https:\/\/potenciaradiofonicadominicana.com\/portal\/dominicana-aprueba-con-notas-altas-programa-modelo-de-fivb\/\" \/>\n<meta property=\"og:site_name\" content=\"PotenciaRadiofonicaDominicana.com\" \/>\n<meta property=\"article:publisher\" content=\"https:\/\/web.facebook.com\/PotenciaRadiofonicaD\" \/>\n<meta property=\"article:published_time\" content=\"2026-09-02T02:31:47+00:00\" \/>\n<meta property=\"og:image\" content=\"https:\/\/potenciaradiofonicadominicana.com\/portal\/wp-content\/uploads\/2026\/09\/las-reinas-del-caribe-aprueban-con-notas-altas-programa-modelo-de-fivb-1b08ba8f-focus-0-0-896-504.jpg\" \/>\n\t<meta property=\"og:image:width\" content=\"896\" \/>\n\t<meta property=\"og:image:height\" content=\"504\" \/>\n\t<meta property=\"og:image:type\" content=\"image\/jpeg\" \/>\n<meta name=\"author\" content=\"Potencia Radiof\u00f3nica Dominicana\" \/>\n<meta name=\"twitter:card\" content=\"summary_large_image\" \/>\n<meta name=\"twitter:label1\" content=\"Escrito por\" \/>\n\t<meta name=\"twitter:data1\" content=\"Potencia Radiof\u00f3nica Dominicana\" \/>\n\t<meta name=\"twitter:label2\" content=\"Tiempo de lectura\" \/>\n\t<meta name=\"twitter:data2\" content=\"4 minutos\" \/>\n<script type=\"application\/ld+json\" class=\"yoast-schema-graph\">{\"@context\":\"https:\/\/schema.org\",\"@graph\":[{\"@type\":\"Article\",\"@id\":\"https:\/\/potenciaradiofonicadominicana.com\/portal\/dominicana-aprueba-con-notas-altas-programa-modelo-de-fivb\/#article\",\"isPartOf\":{\"@id\":\"https:\/\/potenciaradiofonicadominicana.com\/portal\/dominicana-aprueba-con-notas-altas-programa-modelo-de-fivb\/\"},\"author\":{\"name\":\"Potencia Radiof\u00f3nica Dominicana\",\"@id\":\"https:\/\/potenciaradiofonicadominicana.com\/portal\/#\/schema\/person\/a5cf1fea13877803ee0573ac18b03490\"},\"headline\":\"Dominicana aprueba con notas altas programa modelo de FIVB\",\"datePublished\":\"2026-09-02T02:31:47+00:00\",\"mainEntityOfPage\":{\"@id\":\"https:\/\/potenciaradiofonicadominicana.com\/portal\/dominicana-aprueba-con-notas-altas-programa-modelo-de-fivb\/\"},\"wordCount\":610,\"publisher\":{\"@id\":\"https:\/\/potenciaradiofonicadominicana.com\/portal\/#organization\"},\"image\":{\"@id\":\"https:\/\/potenciaradiofonicadominicana.com\/portal\/dominicana-aprueba-con-notas-altas-programa-modelo-de-fivb\/#primaryimage\"},\"thumbnailUrl\":\"https:\/\/potenciaradiofonicadominicana.com\/portal\/wp-content\/uploads\/2026\/09\/las-reinas-del-caribe-aprueban-con-notas-altas-programa-modelo-de-fivb-1b08ba8f-focus-0-0-896-504.jpg\",\"articleSection\":[\"Deportes\"],\"inLanguage\":\"es\"},{\"@type\":\"WebPage\",\"@id\":\"https:\/\/potenciaradiofonicadominicana.com\/portal\/dominicana-aprueba-con-notas-altas-programa-modelo-de-fivb\/\",\"url\":\"https:\/\/potenciaradiofonicadominicana.com\/portal\/dominicana-aprueba-con-notas-altas-programa-modelo-de-fivb\/\",\"name\":\"Dominicana aprueba con notas altas programa modelo de FIVB - PotenciaRadiofonicaDominicana.com\",\"isPartOf\":{\"@id\":\"https:\/\/potenciaradiofonicadominicana.com\/portal\/#website\"},\"primaryImageOfPage\":{\"@id\":\"https:\/\/potenciaradiofonicadominicana.com\/portal\/dominicana-aprueba-con-notas-altas-programa-modelo-de-fivb\/#primaryimage\"},\"image\":{\"@id\":\"https:\/\/potenciaradiofonicadominicana.com\/portal\/dominicana-aprueba-con-notas-altas-programa-modelo-de-fivb\/#primaryimage\"},\"thumbnailUrl\":\"https:\/\/potenciaradiofonicadominicana.com\/portal\/wp-content\/uploads\/2026\/09\/las-reinas-del-caribe-aprueban-con-notas-altas-programa-modelo-de-fivb-1b08ba8f-focus-0-0-896-504.jpg\",\"datePublished\":\"2026-09-02T02:31:47+00:00\",\"breadcrumb\":{\"@id\":\"https:\/\/potenciaradiofonicadominicana.com\/portal\/dominicana-aprueba-con-notas-altas-programa-modelo-de-fivb\/#breadcrumb\"},\"inLanguage\":\"es\",\"potentialAction\":[{\"@type\":\"ReadAction\",\"target\":[\"https:\/\/potenciaradiofonicadominicana.com\/portal\/dominicana-aprueba-con-notas-altas-programa-modelo-de-fivb\/\"]}]},{\"@type\":\"ImageObject\",\"inLanguage\":\"es\",\"@id\":\"https:\/\/potenciaradiofonicadominicana.com\/portal\/dominicana-aprueba-con-notas-altas-programa-modelo-de-fivb\/#primaryimage\",\"url\":\"https:\/\/potenciaradiofonicadominicana.com\/portal\/wp-content\/uploads\/2026\/09\/las-reinas-del-caribe-aprueban-con-notas-altas-programa-modelo-de-fivb-1b08ba8f-focus-0-0-896-504.jpg\",\"contentUrl\":\"https:\/\/potenciaradiofonicadominicana.com\/portal\/wp-content\/uploads\/2026\/09\/las-reinas-del-caribe-aprueban-con-notas-altas-programa-modelo-de-fivb-1b08ba8f-focus-0-0-896-504.jpg\",\"width\":896,\"height\":504},{\"@type\":\"BreadcrumbList\",\"@id\":\"https:\/\/potenciaradiofonicadominicana.com\/portal\/dominicana-aprueba-con-notas-altas-programa-modelo-de-fivb\/#breadcrumb\",\"itemListElement\":[{\"@type\":\"ListItem\",\"position\":1,\"name\":\"Portada\",\"item\":\"https:\/\/potenciaradiofonicadominicana.com\/portal\/\"},{\"@type\":\"ListItem\",\"position\":2,\"name\":\"Dominicana aprueba con notas altas programa modelo de FIVB\"}]},{\"@type\":\"WebSite\",\"@id\":\"https:\/\/potenciaradiofonicadominicana.com\/portal\/#website\",\"url\":\"https:\/\/potenciaradiofonicadominicana.com\/portal\/\",\"name\":\"PotenciaRadiofonicaDominicana.com\",\"description\":\"Peri\u00f3dico Digital\",\"publisher\":{\"@id\":\"https:\/\/potenciaradiofonicadominicana.com\/portal\/#organization\"},\"potentialAction\":[{\"@type\":\"SearchAction\",\"target\":{\"@type\":\"EntryPoint\",\"urlTemplate\":\"https:\/\/potenciaradiofonicadominicana.com\/portal\/?s={search_term_string}\"},\"query-input\":{\"@type\":\"PropertyValueSpecification\",\"valueRequired\":true,\"valueName\":\"search_term_string\"}}],\"inLanguage\":\"es\"},{\"@type\":\"Organization\",\"@id\":\"https:\/\/potenciaradiofonicadominicana.com\/portal\/#organization\",\"name\":\"PotenciaRadiofonicaDominicana.com\",\"url\":\"https:\/\/potenciaradiofonicadominicana.com\/portal\/\",\"logo\":{\"@type\":\"ImageObject\",\"inLanguage\":\"es\",\"@id\":\"https:\/\/potenciaradiofonicadominicana.com\/portal\/#\/schema\/logo\/image\/\",\"url\":\"https:\/\/potenciaradiofonicadominicana.com\/portal\/wp-content\/uploads\/2022\/01\/descarga.png\",\"contentUrl\":\"https:\/\/potenciaradiofonicadominicana.com\/portal\/wp-content\/uploads\/2022\/01\/descarga.png\",\"width\":300,\"height\":100,\"caption\":\"PotenciaRadiofonicaDominicana.com\"},\"image\":{\"@id\":\"https:\/\/potenciaradiofonicadominicana.com\/portal\/#\/schema\/logo\/image\/\"},\"sameAs\":[\"https:\/\/web.facebook.com\/PotenciaRadiofonicaD\"]},{\"@type\":\"Person\",\"@id\":\"https:\/\/potenciaradiofonicadominicana.com\/portal\/#\/schema\/person\/a5cf1fea13877803ee0573ac18b03490\",\"name\":\"Potencia Radiof\u00f3nica Dominicana\",\"image\":{\"@type\":\"ImageObject\",\"inLanguage\":\"es\",\"@id\":\"https:\/\/potenciaradiofonicadominicana.com\/portal\/#\/schema\/person\/image\/\",\"url\":\"https:\/\/secure.gravatar.com\/avatar\/42a55ab9e8ccc656ba34cd791990602a?s=96&d=mm&r=g\",\"contentUrl\":\"https:\/\/secure.gravatar.com\/avatar\/42a55ab9e8ccc656ba34cd791990602a?s=96&d=mm&r=g\",\"caption\":\"Potencia Radiof\u00f3nica Dominicana\"},\"url\":\"https:\/\/potenciaradiofonicadominicana.com\/portal\/author\/johannyalmanzar\/\"}]}<\/script>\n<!-- \/ Yoast SEO plugin. -->","yoast_head_json":{"title":"Dominicana aprueba con notas altas programa modelo de FIVB - PotenciaRadiofonicaDominicana.com","robots":{"index":"index","follow":"follow","max-snippet":"max-snippet:-1","max-image-preview":"max-image-preview:large","max-video-preview":"max-video-preview:-1"},"canonical":"https:\/\/potenciaradiofonicadominicana.com\/portal\/dominicana-aprueba-con-notas-altas-programa-modelo-de-fivb\/","og_locale":"es_ES","og_type":"article","og_title":"Dominicana aprueba con notas altas programa modelo de FIVB - PotenciaRadiofonicaDominicana.com","og_description":"La lista de buenos resultados de\u00a0Marcos Kwiek\u00a0al frente del\u00a0sexteto femenino dominicano\u00a0es tan larga como los\u00a018 a\u00f1os\u00a0que cumpli\u00f3 en mayo pasado ...","og_url":"https:\/\/potenciaradiofonicadominicana.com\/portal\/dominicana-aprueba-con-notas-altas-programa-modelo-de-fivb\/","og_site_name":"PotenciaRadiofonicaDominicana.com","article_publisher":"https:\/\/web.facebook.com\/PotenciaRadiofonicaD","article_published_time":"2026-09-02T02:31:47+00:00","og_image":[{"width":896,"height":504,"url":"https:\/\/potenciaradiofonicadominicana.com\/portal\/wp-content\/uploads\/2026\/09\/las-reinas-del-caribe-aprueban-con-notas-altas-programa-modelo-de-fivb-1b08ba8f-focus-0-0-896-504.jpg","type":"image\/jpeg"}],"author":"Potencia Radiof\u00f3nica Dominicana","twitter_card":"summary_large_image","twitter_misc":{"Escrito por":"Potencia Radiof\u00f3nica Dominicana","Tiempo de lectura":"4 minutos"},"schema":{"@context":"https:\/\/schema.org","@graph":[{"@type":"Article","@id":"https:\/\/potenciaradiofonicadominicana.com\/portal\/dominicana-aprueba-con-notas-altas-programa-modelo-de-fivb\/#article","isPartOf":{"@id":"https:\/\/potenciaradiofonicadominicana.com\/portal\/dominicana-aprueba-con-notas-altas-programa-modelo-de-fivb\/"},"author":{"name":"Potencia Radiof\u00f3nica Dominicana","@id":"https:\/\/potenciaradiofonicadominicana.com\/portal\/#\/schema\/person\/a5cf1fea13877803ee0573ac18b03490"},"headline":"Dominicana aprueba con notas altas programa modelo de FIVB","datePublished":"2026-09-02T02:31:47+00:00","mainEntityOfPage":{"@id":"https:\/\/potenciaradiofonicadominicana.com\/portal\/dominicana-aprueba-con-notas-altas-programa-modelo-de-fivb\/"},"wordCount":610,"publisher":{"@id":"https:\/\/potenciaradiofonicadominicana.com\/portal\/#organization"},"image":{"@id":"https:\/\/potenciaradiofonicadominicana.com\/portal\/dominicana-aprueba-con-notas-altas-programa-modelo-de-fivb\/#primaryimage"},"thumbnailUrl":"https:\/\/potenciaradiofonicadominicana.com\/portal\/wp-content\/uploads\/2026\/09\/las-reinas-del-caribe-aprueban-con-notas-altas-programa-modelo-de-fivb-1b08ba8f-focus-0-0-896-504.jpg","articleSection":["Deportes"],"inLanguage":"es"},{"@type":"WebPage","@id":"https:\/\/potenciaradiofonicadominicana.com\/portal\/dominicana-aprueba-con-notas-altas-programa-modelo-de-fivb\/","url":"https:\/\/potenciaradiofonicadominicana.com\/portal\/dominicana-aprueba-con-notas-altas-programa-modelo-de-fivb\/","name":"Dominicana aprueba con notas altas programa modelo de FIVB - PotenciaRadiofonicaDominicana.com","isPartOf":{"@id":"https:\/\/potenciaradiofonicadominicana.com\/portal\/#website"},"primaryImageOfPage":{"@id":"https:\/\/potenciaradiofonicadominicana.com\/portal\/dominicana-aprueba-con-notas-altas-programa-modelo-de-fivb\/#primaryimage"},"image":{"@id":"https:\/\/potenciaradiofonicadominicana.com\/portal\/dominicana-aprueba-con-notas-altas-programa-modelo-de-fivb\/#primaryimage"},"thumbnailUrl":"https:\/\/potenciaradiofonicadominicana.com\/portal\/wp-content\/uploads\/2026\/09\/las-reinas-del-caribe-aprueban-con-notas-altas-programa-modelo-de-fivb-1b08ba8f-focus-0-0-896-504.jpg","datePublished":"2026-09-02T02:31:47+00:00","breadcrumb":{"@id":"https:\/\/potenciaradiofonicadominicana.com\/portal\/dominicana-aprueba-con-notas-altas-programa-modelo-de-fivb\/#breadcrumb"},"inLanguage":"es","potentialAction":[{"@type":"ReadAction","target":["https:\/\/potenciaradiofonicadominicana.com\/portal\/dominicana-aprueba-con-notas-altas-programa-modelo-de-fivb\/"]}]},{"@type":"ImageObject","inLanguage":"es","@id":"https:\/\/potenciaradiofonicadominicana.com\/portal\/dominicana-aprueba-con-notas-altas-programa-modelo-de-fivb\/#primaryimage","url":"https:\/\/potenciaradiofonicadominicana.com\/portal\/wp-content\/uploads\/2026\/09\/las-reinas-del-caribe-aprueban-con-notas-altas-programa-modelo-de-fivb-1b08ba8f-focus-0-0-896-504.jpg","contentUrl":"https:\/\/potenciaradiofonicadominicana.com\/portal\/wp-content\/uploads\/2026\/09\/las-reinas-del-caribe-aprueban-con-notas-altas-programa-modelo-de-fivb-1b08ba8f-focus-0-0-896-504.jpg","width":896,"height":504},{"@type":"BreadcrumbList","@id":"https:\/\/potenciaradiofonicadominicana.com\/portal\/dominicana-aprueba-con-notas-altas-programa-modelo-de-fivb\/#breadcrumb","itemListElement":[{"@type":"ListItem","position":1,"name":"Portada","item":"https:\/\/potenciaradiofonicadominicana.com\/portal\/"},{"@type":"ListItem","position":2,"name":"Dominicana aprueba con notas altas programa modelo de FIVB"}]},{"@type":"WebSite","@id":"https:\/\/potenciaradiofonicadominicana.com\/portal\/#website","url":"https:\/\/potenciaradiofonicadominicana.com\/portal\/","name":"PotenciaRadiofonicaDominicana.com","description":"Peri\u00f3dico Digital","publisher":{"@id":"https:\/\/potenciaradiofonicadominicana.com\/portal\/#organization"},"potentialAction":[{"@type":"SearchAction","target":{"@type":"EntryPoint","urlTemplate":"https:\/\/potenciaradiofonicadominicana.com\/portal\/?s={search_term_string}"},"query-input":{"@type":"PropertyValueSpecification","valueRequired":true,"valueName":"search_term_string"}}],"inLanguage":"es"},{"@type":"Organization","@id":"https:\/\/potenciaradiofonicadominicana.com\/portal\/#organization","name":"PotenciaRadiofonicaDominicana.com","url":"https:\/\/potenciaradiofonicadominicana.com\/portal\/","logo":{"@type":"ImageObject","inLanguage":"es","@id":"https:\/\/potenciaradiofonicadominicana.com\/portal\/#\/schema\/logo\/image\/","url":"https:\/\/potenciaradiofonicadominicana.com\/portal\/wp-content\/uploads\/2022\/01\/descarga.png","contentUrl":"https:\/\/potenciaradiofonicadominicana.com\/portal\/wp-content\/uploads\/2022\/01\/descarga.png","width":300,"height":100,"caption":"PotenciaRadiofonicaDominicana.com"},"image":{"@id":"https:\/\/potenciaradiofonicadominicana.com\/portal\/#\/schema\/logo\/image\/"},"sameAs":["https:\/\/web.facebook.com\/PotenciaRadiofonicaD"]},{"@type":"Person","@id":"https:\/\/potenciaradiofonicadominicana.com\/portal\/#\/schema\/person\/a5cf1fea13877803ee0573ac18b03490","name":"Potencia Radiof\u00f3nica Dominicana","image":{"@type":"ImageObject","inLanguage":"es","@id":"https:\/\/potenciaradiofonicadominicana.com\/portal\/#\/schema\/person\/image\/","url":"https:\/\/secure.gravatar.com\/avatar\/42a55ab9e8ccc656ba34cd791990602a?s=96&d=mm&r=g","contentUrl":"https:\/\/secure.gravatar.com\/avatar\/42a55ab9e8ccc656ba34cd791990602a?s=96&d=mm&r=g","caption":"Potencia Radiof\u00f3nica Dominicana"},"url":"https:\/\/potenciaradiofonicadominicana.com\/portal\/author\/johannyalmanzar\/"}]}},"_links":{"self":[{"href":"https:\/\/potenciaradiofonicadominicana.com\/portal\/wp-json\/wp\/v2\/posts\/225000","targetHints":{"allow":["GET"]}}],"collection":[{"href":"https:\/\/potenciaradiofonicadominicana.com\/portal\/wp-json\/wp\/v2\/posts"}],"about":[{"href":"https:\/\/potenciaradiofonicadominicana.com\/portal\/wp-json\/wp\/v2\/types\/post"}],"author":[{"embeddable":true,"href":"https:\/\/potenciaradiofonicadominicana.com\/portal\/wp-json\/wp\/v2\/users\/2"}],"replies":[{"embeddable":true,"href":"https:\/\/potenciaradiofonicadominicana.com\/portal\/wp-json\/wp\/v2\/comments?post=225000"}],"version-history":[{"count":1,"href":"https:\/\/potenciaradiofonicadominicana.com\/portal\/wp-json\/wp\/v2\/posts\/225000\/revisions"}],"predecessor-version":[{"id":225008,"href":"https:\/\/potenciaradiofonicadominicana.com\/portal\/wp-json\/wp\/v2\/posts\/225000\/revisions\/225008"}],"wp:featuredmedia":[{"embeddable":true,"href":"https:\/\/potenciaradiofonicadominicana.com\/portal\/wp-json\/wp\/v2\/media\/225002"}],"wp:attachment":[{"href":"https:\/\/potenciaradiofonicadominicana.com\/portal\/wp-json\/wp\/v2\/media?parent=225000"}],"wp:term":[{"taxonomy":"category","embeddable":true,"href":"https:\/\/potenciaradiofonicadominicana.com\/portal\/wp-json\/wp\/v2\/categories?post=225000"},{"taxonomy":"post_tag","embeddable":true,"href":"https:\/\/potenciaradiofonicadominicana.com\/portal\/wp-json\/wp\/v2\/tags?post=225000"}],"curies":[{"name":"wp","href":"https:\/\/api.w.org\/{rel}","templated":true}]}}