{"id":224986,"date":"2026-09-01T22:28:17","date_gmt":"2026-09-02T02:28:17","guid":{"rendered":"https:\/\/potenciaradiofonicadominicana.com\/portal\/?p=224986"},"modified":"2026-09-01T22:28:17","modified_gmt":"2026-09-02T02:28:17","slug":"dominicana-se-merendo-a-chile-y-se-acerca-a-la-copa-mundial-de-basquet","status":"publish","type":"post","link":"https:\/\/potenciaradiofonicadominicana.com\/portal\/dominicana-se-merendo-a-chile-y-se-acerca-a-la-copa-mundial-de-basquet\/","title":{"rendered":"Dominicana se merend\u00f3 a Chile y se acerca a la Copa Mundial de b\u00e1squet"},"content":{"rendered":"<p><a href=\"https:\/\/potenciaradiofonicadominicana.com\/portal\/wp-content\/uploads\/2026\/09\/dominicana-se-merendo-a-chile-y-se-acerca-al-mundial-de-basquet-3152665a-focus-0-0-896-504.jpg\"><img loading=\"lazy\" decoding=\"async\" class=\"alignnone size-full wp-image-224987\" src=\"https:\/\/potenciaradiofonicadominicana.com\/portal\/wp-content\/uploads\/2026\/09\/dominicana-se-merendo-a-chile-y-se-acerca-al-mundial-de-basquet-3152665a-focus-0-0-896-504.jpg\" alt=\"\" width=\"895\" height=\"504\" srcset=\"https:\/\/potenciaradiofonicadominicana.com\/portal\/wp-content\/uploads\/2026\/09\/dominicana-se-merendo-a-chile-y-se-acerca-al-mundial-de-basquet-3152665a-focus-0-0-896-504.jpg 895w, https:\/\/potenciaradiofonicadominicana.com\/portal\/wp-content\/uploads\/2026\/09\/dominicana-se-merendo-a-chile-y-se-acerca-al-mundial-de-basquet-3152665a-focus-0-0-896-504-300x169.jpg 300w, https:\/\/potenciaradiofonicadominicana.com\/portal\/wp-content\/uploads\/2026\/09\/dominicana-se-merendo-a-chile-y-se-acerca-al-mundial-de-basquet-3152665a-focus-0-0-896-504-768x432.jpg 768w\" sizes=\"auto, (max-width: 895px) 100vw, 895px\" \/><\/a><\/p>\n<p>Ante un rival que confirm\u00f3 en cancha el poco peligro que advert\u00eda en el papel,\u00a0N\u00e9stor Garc\u00eda\u00a0administr\u00f3 minutos a los titulares y dio juego al resto de jugadores en un partido de tr\u00e1mite ante\u00a0Chile\u00a0por el cierre de la\u00a0cuarta ventana clasificatoria\u00a0a la Copa del Mundo Catar 2027.<\/p>\n<p>Andr\u00e9s Feliz\u00a0lider\u00f3 a cuatro jugadores con cifras dobles y la\u00a0Rep\u00fablica Dominicana\u00a0se impuso\u00a0101-66\u00a0en la Arena Banreservas Virgilio Travieso Soto. Mejor\u00f3 a 6-2 (14 puntos) a falta de cuatro partidos para definir las siete plazas.<\/p>\n<p>Feliz\u00a0finaliz\u00f3 con 17 puntos,\u00a0Richard Bautista\u00a0aport\u00f3 14,\u00a0Jean Montero\u00a012 y David Jones 11. La defensa quisqueyana tom\u00f3\u00a020 rebotes ofensivos, se rob\u00f3 16 balones encabezado por cinco de Bautista y sus tiradores convirtieron 12 triples.<\/p>\n<p>Andersson Garc\u00eda, que jug\u00f3\u00a012 minutos\u00a0y fall\u00f3 sus tres lances, fue el \u00fanico de los 12 que no encest\u00f3.\u00a0Sebasti\u00e1n Herrera, Sebasti\u00e1n Su\u00e1rez y Ignacio Varela anotaron 10, cada uno, por\u00a0Chile, que con 2-6 (10 puntos) se despide del sue\u00f1o mundialista.<\/p>\n<p>Los anfitriones se fueron al descanso delante\u00a042-36. Fue todo lo que resisti\u00f3 el quinteto sudamericano, ya que los caribe\u00f1os aceleraron en el tercero con una corrida\u00a033-10\u00a0y sentenciaron el choque (75-46).<\/p>\n<p>Chad Baker Mazara\u00a0hizo su debut y cerr\u00f3 con\u00a0cinco puntos\u00a0en\u00a012 minutos.<\/p>\n<p>Dominicana\u00a0volver\u00e1 a la duela en\u00a0noviembre\u00a0con visitas a Colombia (el 27) y\u00a0Chile\u00a0(30). El cierre de la fase ser\u00e1 en febrero de anfitri\u00f3n ante\u00a0Brasil\u00a0(25) y Colombia (28). Los tres mejores de cada uno de los dos grupos van al Mundial y el mejor cuarto.<\/p>\n<p>Obsequio a embajador de Chile<\/p>\n<p>El Embajador de Chile en Rep\u00fablica\u00a0Dominicana, German Becker Alvear, recibi\u00f3 un bal\u00f3n de oro de obsequio de parte de Rafael Uribe, presidente de la Federaci\u00f3n\u00a0Dominicana de Baloncesto (Fedombal), previo al partido entre quisqueyanos y chilenos.<\/p>\n<p>Becker y Uribe fueron acompa\u00f1ados de la ex jugadora Larin Heerwagen, presidente de la Federaci\u00f3n Chilena de Baloncesto, e Iran Arcos, presidente de la Confederaci\u00f3n Suramericana de Baloncesto (Consubasket).<\/p>\n<p>En la jornada,\u00a0Puerto Rico\u00a0comprometi\u00f3 m\u00e1s sus aspiraciones al perder\u00a080-75\u00a0ante\u00a0Uruguay\u00a0en Montevideo. Los boricuas (2-6) marchan quinto en su grupo.<\/p>\n","protected":false},"excerpt":{"rendered":"<p>Ante un rival que confirm\u00f3 en cancha el poco peligro que advert\u00eda en el papel,\u00a0N\u00e9stor Garc\u00eda\u00a0administr\u00f3 minutos a los titulares &#8230;<\/p>\n","protected":false},"author":2,"featured_media":224987,"comment_status":"closed","ping_status":"closed","sticky":false,"template":"","format":"standard","meta":{"footnotes":""},"categories":[28],"tags":[],"class_list":["post-224986","post","type-post","status-publish","format-standard","has-post-thumbnail","hentry","category-deportes"],"yoast_head":"<!-- This site is optimized with the Yoast SEO plugin v24.8.1 - https:\/\/yoast.com\/wordpress\/plugins\/seo\/ -->\n<title>Dominicana se merend\u00f3 a Chile y se acerca a la Copa Mundial de b\u00e1squet - PotenciaRadiofonicaDominicana.com<\/title>\n<meta name=\"robots\" content=\"index, follow, max-snippet:-1, max-image-preview:large, max-video-preview:-1\" \/>\n<link rel=\"canonical\" href=\"https:\/\/potenciaradiofonicadominicana.com\/portal\/dominicana-se-merendo-a-chile-y-se-acerca-a-la-copa-mundial-de-basquet\/\" \/>\n<meta property=\"og:locale\" content=\"es_ES\" \/>\n<meta property=\"og:type\" content=\"article\" \/>\n<meta property=\"og:title\" content=\"Dominicana se merend\u00f3 a Chile y se acerca a la Copa Mundial de b\u00e1squet - PotenciaRadiofonicaDominicana.com\" \/>\n<meta property=\"og:description\" content=\"Ante un rival que confirm\u00f3 en cancha el poco peligro que advert\u00eda en el papel,\u00a0N\u00e9stor Garc\u00eda\u00a0administr\u00f3 minutos a los titulares ...\" \/>\n<meta property=\"og:url\" content=\"https:\/\/potenciaradiofonicadominicana.com\/portal\/dominicana-se-merendo-a-chile-y-se-acerca-a-la-copa-mundial-de-basquet\/\" \/>\n<meta property=\"og:site_name\" content=\"PotenciaRadiofonicaDominicana.com\" \/>\n<meta property=\"article:publisher\" content=\"https:\/\/web.facebook.com\/PotenciaRadiofonicaD\" \/>\n<meta property=\"article:published_time\" content=\"2026-09-02T02:28:17+00:00\" \/>\n<meta property=\"og:image\" content=\"https:\/\/potenciaradiofonicadominicana.com\/portal\/wp-content\/uploads\/2026\/09\/dominicana-se-merendo-a-chile-y-se-acerca-al-mundial-de-basquet-3152665a-focus-0-0-896-504.jpg\" \/>\n\t<meta property=\"og:image:width\" content=\"895\" \/>\n\t<meta property=\"og:image:height\" content=\"504\" \/>\n\t<meta property=\"og:image:type\" content=\"image\/jpeg\" \/>\n<meta name=\"author\" content=\"Potencia Radiof\u00f3nica Dominicana\" \/>\n<meta name=\"twitter:card\" content=\"summary_large_image\" \/>\n<meta name=\"twitter:label1\" content=\"Escrito por\" \/>\n\t<meta name=\"twitter:data1\" content=\"Potencia Radiof\u00f3nica Dominicana\" \/>\n\t<meta name=\"twitter:label2\" content=\"Tiempo de lectura\" \/>\n\t<meta name=\"twitter:data2\" content=\"3 minutos\" \/>\n<script type=\"application\/ld+json\" class=\"yoast-schema-graph\">{\"@context\":\"https:\/\/schema.org\",\"@graph\":[{\"@type\":\"Article\",\"@id\":\"https:\/\/potenciaradiofonicadominicana.com\/portal\/dominicana-se-merendo-a-chile-y-se-acerca-a-la-copa-mundial-de-basquet\/#article\",\"isPartOf\":{\"@id\":\"https:\/\/potenciaradiofonicadominicana.com\/portal\/dominicana-se-merendo-a-chile-y-se-acerca-a-la-copa-mundial-de-basquet\/\"},\"author\":{\"name\":\"Potencia Radiof\u00f3nica Dominicana\",\"@id\":\"https:\/\/potenciaradiofonicadominicana.com\/portal\/#\/schema\/person\/a5cf1fea13877803ee0573ac18b03490\"},\"headline\":\"Dominicana se merend\u00f3 a Chile y se acerca a la Copa Mundial de b\u00e1squet\",\"datePublished\":\"2026-09-02T02:28:17+00:00\",\"mainEntityOfPage\":{\"@id\":\"https:\/\/potenciaradiofonicadominicana.com\/portal\/dominicana-se-merendo-a-chile-y-se-acerca-a-la-copa-mundial-de-basquet\/\"},\"wordCount\":378,\"publisher\":{\"@id\":\"https:\/\/potenciaradiofonicadominicana.com\/portal\/#organization\"},\"image\":{\"@id\":\"https:\/\/potenciaradiofonicadominicana.com\/portal\/dominicana-se-merendo-a-chile-y-se-acerca-a-la-copa-mundial-de-basquet\/#primaryimage\"},\"thumbnailUrl\":\"https:\/\/potenciaradiofonicadominicana.com\/portal\/wp-content\/uploads\/2026\/09\/dominicana-se-merendo-a-chile-y-se-acerca-al-mundial-de-basquet-3152665a-focus-0-0-896-504.jpg\",\"articleSection\":[\"Deportes\"],\"inLanguage\":\"es\"},{\"@type\":\"WebPage\",\"@id\":\"https:\/\/potenciaradiofonicadominicana.com\/portal\/dominicana-se-merendo-a-chile-y-se-acerca-a-la-copa-mundial-de-basquet\/\",\"url\":\"https:\/\/potenciaradiofonicadominicana.com\/portal\/dominicana-se-merendo-a-chile-y-se-acerca-a-la-copa-mundial-de-basquet\/\",\"name\":\"Dominicana se merend\u00f3 a Chile y se acerca a la Copa Mundial de b\u00e1squet - PotenciaRadiofonicaDominicana.com\",\"isPartOf\":{\"@id\":\"https:\/\/potenciaradiofonicadominicana.com\/portal\/#website\"},\"primaryImageOfPage\":{\"@id\":\"https:\/\/potenciaradiofonicadominicana.com\/portal\/dominicana-se-merendo-a-chile-y-se-acerca-a-la-copa-mundial-de-basquet\/#primaryimage\"},\"image\":{\"@id\":\"https:\/\/potenciaradiofonicadominicana.com\/portal\/dominicana-se-merendo-a-chile-y-se-acerca-a-la-copa-mundial-de-basquet\/#primaryimage\"},\"thumbnailUrl\":\"https:\/\/potenciaradiofonicadominicana.com\/portal\/wp-content\/uploads\/2026\/09\/dominicana-se-merendo-a-chile-y-se-acerca-al-mundial-de-basquet-3152665a-focus-0-0-896-504.jpg\",\"datePublished\":\"2026-09-02T02:28:17+00:00\",\"breadcrumb\":{\"@id\":\"https:\/\/potenciaradiofonicadominicana.com\/portal\/dominicana-se-merendo-a-chile-y-se-acerca-a-la-copa-mundial-de-basquet\/#breadcrumb\"},\"inLanguage\":\"es\",\"potentialAction\":[{\"@type\":\"ReadAction\",\"target\":[\"https:\/\/potenciaradiofonicadominicana.com\/portal\/dominicana-se-merendo-a-chile-y-se-acerca-a-la-copa-mundial-de-basquet\/\"]}]},{\"@type\":\"ImageObject\",\"inLanguage\":\"es\",\"@id\":\"https:\/\/potenciaradiofonicadominicana.com\/portal\/dominicana-se-merendo-a-chile-y-se-acerca-a-la-copa-mundial-de-basquet\/#primaryimage\",\"url\":\"https:\/\/potenciaradiofonicadominicana.com\/portal\/wp-content\/uploads\/2026\/09\/dominicana-se-merendo-a-chile-y-se-acerca-al-mundial-de-basquet-3152665a-focus-0-0-896-504.jpg\",\"contentUrl\":\"https:\/\/potenciaradiofonicadominicana.com\/portal\/wp-content\/uploads\/2026\/09\/dominicana-se-merendo-a-chile-y-se-acerca-al-mundial-de-basquet-3152665a-focus-0-0-896-504.jpg\",\"width\":895,\"height\":504},{\"@type\":\"BreadcrumbList\",\"@id\":\"https:\/\/potenciaradiofonicadominicana.com\/portal\/dominicana-se-merendo-a-chile-y-se-acerca-a-la-copa-mundial-de-basquet\/#breadcrumb\",\"itemListElement\":[{\"@type\":\"ListItem\",\"position\":1,\"name\":\"Portada\",\"item\":\"https:\/\/potenciaradiofonicadominicana.com\/portal\/\"},{\"@type\":\"ListItem\",\"position\":2,\"name\":\"Dominicana se merend\u00f3 a Chile y se acerca a la Copa Mundial de b\u00e1squet\"}]},{\"@type\":\"WebSite\",\"@id\":\"https:\/\/potenciaradiofonicadominicana.com\/portal\/#website\",\"url\":\"https:\/\/potenciaradiofonicadominicana.com\/portal\/\",\"name\":\"PotenciaRadiofonicaDominicana.com\",\"description\":\"Peri\u00f3dico Digital\",\"publisher\":{\"@id\":\"https:\/\/potenciaradiofonicadominicana.com\/portal\/#organization\"},\"potentialAction\":[{\"@type\":\"SearchAction\",\"target\":{\"@type\":\"EntryPoint\",\"urlTemplate\":\"https:\/\/potenciaradiofonicadominicana.com\/portal\/?s={search_term_string}\"},\"query-input\":{\"@type\":\"PropertyValueSpecification\",\"valueRequired\":true,\"valueName\":\"search_term_string\"}}],\"inLanguage\":\"es\"},{\"@type\":\"Organization\",\"@id\":\"https:\/\/potenciaradiofonicadominicana.com\/portal\/#organization\",\"name\":\"PotenciaRadiofonicaDominicana.com\",\"url\":\"https:\/\/potenciaradiofonicadominicana.com\/portal\/\",\"logo\":{\"@type\":\"ImageObject\",\"inLanguage\":\"es\",\"@id\":\"https:\/\/potenciaradiofonicadominicana.com\/portal\/#\/schema\/logo\/image\/\",\"url\":\"https:\/\/potenciaradiofonicadominicana.com\/portal\/wp-content\/uploads\/2022\/01\/descarga.png\",\"contentUrl\":\"https:\/\/potenciaradiofonicadominicana.com\/portal\/wp-content\/uploads\/2022\/01\/descarga.png\",\"width\":300,\"height\":100,\"caption\":\"PotenciaRadiofonicaDominicana.com\"},\"image\":{\"@id\":\"https:\/\/potenciaradiofonicadominicana.com\/portal\/#\/schema\/logo\/image\/\"},\"sameAs\":[\"https:\/\/web.facebook.com\/PotenciaRadiofonicaD\"]},{\"@type\":\"Person\",\"@id\":\"https:\/\/potenciaradiofonicadominicana.com\/portal\/#\/schema\/person\/a5cf1fea13877803ee0573ac18b03490\",\"name\":\"Potencia Radiof\u00f3nica Dominicana\",\"image\":{\"@type\":\"ImageObject\",\"inLanguage\":\"es\",\"@id\":\"https:\/\/potenciaradiofonicadominicana.com\/portal\/#\/schema\/person\/image\/\",\"url\":\"https:\/\/secure.gravatar.com\/avatar\/42a55ab9e8ccc656ba34cd791990602a?s=96&d=mm&r=g\",\"contentUrl\":\"https:\/\/secure.gravatar.com\/avatar\/42a55ab9e8ccc656ba34cd791990602a?s=96&d=mm&r=g\",\"caption\":\"Potencia Radiof\u00f3nica Dominicana\"},\"url\":\"https:\/\/potenciaradiofonicadominicana.com\/portal\/author\/johannyalmanzar\/\"}]}<\/script>\n<!-- \/ Yoast SEO plugin. -->","yoast_head_json":{"title":"Dominicana se merend\u00f3 a Chile y se acerca a la Copa Mundial de b\u00e1squet - PotenciaRadiofonicaDominicana.com","robots":{"index":"index","follow":"follow","max-snippet":"max-snippet:-1","max-image-preview":"max-image-preview:large","max-video-preview":"max-video-preview:-1"},"canonical":"https:\/\/potenciaradiofonicadominicana.com\/portal\/dominicana-se-merendo-a-chile-y-se-acerca-a-la-copa-mundial-de-basquet\/","og_locale":"es_ES","og_type":"article","og_title":"Dominicana se merend\u00f3 a Chile y se acerca a la Copa Mundial de b\u00e1squet - PotenciaRadiofonicaDominicana.com","og_description":"Ante un rival que confirm\u00f3 en cancha el poco peligro que advert\u00eda en el papel,\u00a0N\u00e9stor Garc\u00eda\u00a0administr\u00f3 minutos a los titulares ...","og_url":"https:\/\/potenciaradiofonicadominicana.com\/portal\/dominicana-se-merendo-a-chile-y-se-acerca-a-la-copa-mundial-de-basquet\/","og_site_name":"PotenciaRadiofonicaDominicana.com","article_publisher":"https:\/\/web.facebook.com\/PotenciaRadiofonicaD","article_published_time":"2026-09-02T02:28:17+00:00","og_image":[{"width":895,"height":504,"url":"https:\/\/potenciaradiofonicadominicana.com\/portal\/wp-content\/uploads\/2026\/09\/dominicana-se-merendo-a-chile-y-se-acerca-al-mundial-de-basquet-3152665a-focus-0-0-896-504.jpg","type":"image\/jpeg"}],"author":"Potencia Radiof\u00f3nica Dominicana","twitter_card":"summary_large_image","twitter_misc":{"Escrito por":"Potencia Radiof\u00f3nica Dominicana","Tiempo de lectura":"3 minutos"},"schema":{"@context":"https:\/\/schema.org","@graph":[{"@type":"Article","@id":"https:\/\/potenciaradiofonicadominicana.com\/portal\/dominicana-se-merendo-a-chile-y-se-acerca-a-la-copa-mundial-de-basquet\/#article","isPartOf":{"@id":"https:\/\/potenciaradiofonicadominicana.com\/portal\/dominicana-se-merendo-a-chile-y-se-acerca-a-la-copa-mundial-de-basquet\/"},"author":{"name":"Potencia Radiof\u00f3nica Dominicana","@id":"https:\/\/potenciaradiofonicadominicana.com\/portal\/#\/schema\/person\/a5cf1fea13877803ee0573ac18b03490"},"headline":"Dominicana se merend\u00f3 a Chile y se acerca a la Copa Mundial de b\u00e1squet","datePublished":"2026-09-02T02:28:17+00:00","mainEntityOfPage":{"@id":"https:\/\/potenciaradiofonicadominicana.com\/portal\/dominicana-se-merendo-a-chile-y-se-acerca-a-la-copa-mundial-de-basquet\/"},"wordCount":378,"publisher":{"@id":"https:\/\/potenciaradiofonicadominicana.com\/portal\/#organization"},"image":{"@id":"https:\/\/potenciaradiofonicadominicana.com\/portal\/dominicana-se-merendo-a-chile-y-se-acerca-a-la-copa-mundial-de-basquet\/#primaryimage"},"thumbnailUrl":"https:\/\/potenciaradiofonicadominicana.com\/portal\/wp-content\/uploads\/2026\/09\/dominicana-se-merendo-a-chile-y-se-acerca-al-mundial-de-basquet-3152665a-focus-0-0-896-504.jpg","articleSection":["Deportes"],"inLanguage":"es"},{"@type":"WebPage","@id":"https:\/\/potenciaradiofonicadominicana.com\/portal\/dominicana-se-merendo-a-chile-y-se-acerca-a-la-copa-mundial-de-basquet\/","url":"https:\/\/potenciaradiofonicadominicana.com\/portal\/dominicana-se-merendo-a-chile-y-se-acerca-a-la-copa-mundial-de-basquet\/","name":"Dominicana se merend\u00f3 a Chile y se acerca a la Copa Mundial de b\u00e1squet - PotenciaRadiofonicaDominicana.com","isPartOf":{"@id":"https:\/\/potenciaradiofonicadominicana.com\/portal\/#website"},"primaryImageOfPage":{"@id":"https:\/\/potenciaradiofonicadominicana.com\/portal\/dominicana-se-merendo-a-chile-y-se-acerca-a-la-copa-mundial-de-basquet\/#primaryimage"},"image":{"@id":"https:\/\/potenciaradiofonicadominicana.com\/portal\/dominicana-se-merendo-a-chile-y-se-acerca-a-la-copa-mundial-de-basquet\/#primaryimage"},"thumbnailUrl":"https:\/\/potenciaradiofonicadominicana.com\/portal\/wp-content\/uploads\/2026\/09\/dominicana-se-merendo-a-chile-y-se-acerca-al-mundial-de-basquet-3152665a-focus-0-0-896-504.jpg","datePublished":"2026-09-02T02:28:17+00:00","breadcrumb":{"@id":"https:\/\/potenciaradiofonicadominicana.com\/portal\/dominicana-se-merendo-a-chile-y-se-acerca-a-la-copa-mundial-de-basquet\/#breadcrumb"},"inLanguage":"es","potentialAction":[{"@type":"ReadAction","target":["https:\/\/potenciaradiofonicadominicana.com\/portal\/dominicana-se-merendo-a-chile-y-se-acerca-a-la-copa-mundial-de-basquet\/"]}]},{"@type":"ImageObject","inLanguage":"es","@id":"https:\/\/potenciaradiofonicadominicana.com\/portal\/dominicana-se-merendo-a-chile-y-se-acerca-a-la-copa-mundial-de-basquet\/#primaryimage","url":"https:\/\/potenciaradiofonicadominicana.com\/portal\/wp-content\/uploads\/2026\/09\/dominicana-se-merendo-a-chile-y-se-acerca-al-mundial-de-basquet-3152665a-focus-0-0-896-504.jpg","contentUrl":"https:\/\/potenciaradiofonicadominicana.com\/portal\/wp-content\/uploads\/2026\/09\/dominicana-se-merendo-a-chile-y-se-acerca-al-mundial-de-basquet-3152665a-focus-0-0-896-504.jpg","width":895,"height":504},{"@type":"BreadcrumbList","@id":"https:\/\/potenciaradiofonicadominicana.com\/portal\/dominicana-se-merendo-a-chile-y-se-acerca-a-la-copa-mundial-de-basquet\/#breadcrumb","itemListElement":[{"@type":"ListItem","position":1,"name":"Portada","item":"https:\/\/potenciaradiofonicadominicana.com\/portal\/"},{"@type":"ListItem","position":2,"name":"Dominicana se merend\u00f3 a Chile y se acerca a la Copa Mundial de b\u00e1squet"}]},{"@type":"WebSite","@id":"https:\/\/potenciaradiofonicadominicana.com\/portal\/#website","url":"https:\/\/potenciaradiofonicadominicana.com\/portal\/","name":"PotenciaRadiofonicaDominicana.com","description":"Peri\u00f3dico Digital","publisher":{"@id":"https:\/\/potenciaradiofonicadominicana.com\/portal\/#organization"},"potentialAction":[{"@type":"SearchAction","target":{"@type":"EntryPoint","urlTemplate":"https:\/\/potenciaradiofonicadominicana.com\/portal\/?s={search_term_string}"},"query-input":{"@type":"PropertyValueSpecification","valueRequired":true,"valueName":"search_term_string"}}],"inLanguage":"es"},{"@type":"Organization","@id":"https:\/\/potenciaradiofonicadominicana.com\/portal\/#organization","name":"PotenciaRadiofonicaDominicana.com","url":"https:\/\/potenciaradiofonicadominicana.com\/portal\/","logo":{"@type":"ImageObject","inLanguage":"es","@id":"https:\/\/potenciaradiofonicadominicana.com\/portal\/#\/schema\/logo\/image\/","url":"https:\/\/potenciaradiofonicadominicana.com\/portal\/wp-content\/uploads\/2022\/01\/descarga.png","contentUrl":"https:\/\/potenciaradiofonicadominicana.com\/portal\/wp-content\/uploads\/2022\/01\/descarga.png","width":300,"height":100,"caption":"PotenciaRadiofonicaDominicana.com"},"image":{"@id":"https:\/\/potenciaradiofonicadominicana.com\/portal\/#\/schema\/logo\/image\/"},"sameAs":["https:\/\/web.facebook.com\/PotenciaRadiofonicaD"]},{"@type":"Person","@id":"https:\/\/potenciaradiofonicadominicana.com\/portal\/#\/schema\/person\/a5cf1fea13877803ee0573ac18b03490","name":"Potencia Radiof\u00f3nica Dominicana","image":{"@type":"ImageObject","inLanguage":"es","@id":"https:\/\/potenciaradiofonicadominicana.com\/portal\/#\/schema\/person\/image\/","url":"https:\/\/secure.gravatar.com\/avatar\/42a55ab9e8ccc656ba34cd791990602a?s=96&d=mm&r=g","contentUrl":"https:\/\/secure.gravatar.com\/avatar\/42a55ab9e8ccc656ba34cd791990602a?s=96&d=mm&r=g","caption":"Potencia Radiof\u00f3nica Dominicana"},"url":"https:\/\/potenciaradiofonicadominicana.com\/portal\/author\/johannyalmanzar\/"}]}},"_links":{"self":[{"href":"https:\/\/potenciaradiofonicadominicana.com\/portal\/wp-json\/wp\/v2\/posts\/224986","targetHints":{"allow":["GET"]}}],"collection":[{"href":"https:\/\/potenciaradiofonicadominicana.com\/portal\/wp-json\/wp\/v2\/posts"}],"about":[{"href":"https:\/\/potenciaradiofonicadominicana.com\/portal\/wp-json\/wp\/v2\/types\/post"}],"author":[{"embeddable":true,"href":"https:\/\/potenciaradiofonicadominicana.com\/portal\/wp-json\/wp\/v2\/users\/2"}],"replies":[{"embeddable":true,"href":"https:\/\/potenciaradiofonicadominicana.com\/portal\/wp-json\/wp\/v2\/comments?post=224986"}],"version-history":[{"count":1,"href":"https:\/\/potenciaradiofonicadominicana.com\/portal\/wp-json\/wp\/v2\/posts\/224986\/revisions"}],"predecessor-version":[{"id":224992,"href":"https:\/\/potenciaradiofonicadominicana.com\/portal\/wp-json\/wp\/v2\/posts\/224986\/revisions\/224992"}],"wp:featuredmedia":[{"embeddable":true,"href":"https:\/\/potenciaradiofonicadominicana.com\/portal\/wp-json\/wp\/v2\/media\/224987"}],"wp:attachment":[{"href":"https:\/\/potenciaradiofonicadominicana.com\/portal\/wp-json\/wp\/v2\/media?parent=224986"}],"wp:term":[{"taxonomy":"category","embeddable":true,"href":"https:\/\/potenciaradiofonicadominicana.com\/portal\/wp-json\/wp\/v2\/categories?post=224986"},{"taxonomy":"post_tag","embeddable":true,"href":"https:\/\/potenciaradiofonicadominicana.com\/portal\/wp-json\/wp\/v2\/tags?post=224986"}],"curies":[{"name":"wp","href":"https:\/\/api.w.org\/{rel}","templated":true}]}}