{"id":224980,"date":"2026-09-01T22:24:37","date_gmt":"2026-09-02T02:24:37","guid":{"rendered":"https:\/\/potenciaradiofonicadominicana.com\/portal\/?p=224980"},"modified":"2026-09-01T22:24:37","modified_gmt":"2026-09-02T02:24:37","slug":"general-de-seguros-retoma-su-torneo-de-golf-tras-una-decada","status":"publish","type":"post","link":"https:\/\/potenciaradiofonicadominicana.com\/portal\/general-de-seguros-retoma-su-torneo-de-golf-tras-una-decada\/","title":{"rendered":"General de Seguros retoma su torneo de golf tras una d\u00e9cada"},"content":{"rendered":"<p><a href=\"https:\/\/potenciaradiofonicadominicana.com\/portal\/wp-content\/uploads\/2026\/09\/sin-titulo-2-39-0673c466-focus-0-0-896-504.jpg\"><img loading=\"lazy\" decoding=\"async\" class=\"alignnone size-full wp-image-224981\" src=\"https:\/\/potenciaradiofonicadominicana.com\/portal\/wp-content\/uploads\/2026\/09\/sin-titulo-2-39-0673c466-focus-0-0-896-504.jpg\" alt=\"\" width=\"896\" height=\"504\" srcset=\"https:\/\/potenciaradiofonicadominicana.com\/portal\/wp-content\/uploads\/2026\/09\/sin-titulo-2-39-0673c466-focus-0-0-896-504.jpg 896w, https:\/\/potenciaradiofonicadominicana.com\/portal\/wp-content\/uploads\/2026\/09\/sin-titulo-2-39-0673c466-focus-0-0-896-504-300x169.jpg 300w, https:\/\/potenciaradiofonicadominicana.com\/portal\/wp-content\/uploads\/2026\/09\/sin-titulo-2-39-0673c466-focus-0-0-896-504-768x432.jpg 768w\" sizes=\"auto, (max-width: 896px) 100vw, 896px\" \/><\/a><\/p>\n<p>La\u00a0Copa General Atl\u00e1ntico\u00a0regres\u00f3 despu\u00e9s de una d\u00e9cada sin celebrarse, con su tercera edici\u00f3n, que reuni\u00f3 a\u00a0102 jugadores\u00a0en\u00a0Casa de Campo.<\/p>\n<p>El torneo de\u00a0golf, organizado por\u00a0General de Seguros, volvi\u00f3 a realizarse el pasado s\u00e1bado\u00a029 de agosto\u00a0en el marco del\u00a045 aniversario\u00a0de la empresa y coincidi\u00f3 con los diez a\u00f1os de AFP Atl\u00e1ntico, compa\u00f1\u00eda que forma parte del mismo\u00a0grupo\u00a0empresarial.<\/p>\n<p>La competencia reuni\u00f3 a\u00a0clientes, aliados y amigos de las empresas del\u00a0grupo, que tambi\u00e9n incluye a\u00a0Banco Atl\u00e1ntico.<\/p>\n<p>\u00abEsta Copa representa mucho m\u00e1s que un torneo de\u00a0golf. Es una oportunidad para celebrar nuestra historia, agradecer a quienes han confiado en nosotros y compartir con\u00a0clientes, aliados, colaboradores y amigos que han sido parte de este camino\u00bb, expres\u00f3 la\u00a0Dra. Milagros de los Santos,\u00a0presidenta\u00a0del Consejo de Administraci\u00f3n de\u00a0General de Seguros.<\/p>\n<p>La jornada incluy\u00f3 actividades de\u00a0golf,\u00a0gastronom\u00eda\u00a0y\u00a0bienestar, adem\u00e1s de espacios de encuentro para los participantes.<\/p>\n<p>Albert Pujols\u00a0realiz\u00f3 el\u00a0saque de honor\u00a0y encabez\u00f3 una\u00a0subasta ben\u00e9fica\u00a0de un par de zapatos y un bate autografiados. Los art\u00edculos estuvieron acompa\u00f1ados de un relato grabado por el exjugador sobre su trayectoria.<\/p>\n<p>La\u00a0subasta\u00a0recaud\u00f3 cerca de\u00a015,000 d\u00f3lares\u00a0para la\u00a0Pujols Family Foundation.<\/p>\n<p>Como parte de la premiaci\u00f3n,\u00a0Jos\u00e9 Enrique Fern\u00e1ndez\u00a0y\u00a0Wilson Santana\u00a0ganaron el\u00a0Gran Premio, consistente en un crucero de\u00a0golf de siete d\u00edas por el Caribe para dos personas.<\/p>\n<p>La tercera edici\u00f3n cont\u00f3 con el patrocinio de\u00a0Mastercard,\u00a0Banreservas, Pepperoni, Excel,\u00a0Grupo\u00a0Estrella, Casa Equilibra y\u00a0JMMB, entre otras empresas.<\/p>\n","protected":false},"excerpt":{"rendered":"<p>La\u00a0Copa General Atl\u00e1ntico\u00a0regres\u00f3 despu\u00e9s de una d\u00e9cada sin celebrarse, con su tercera edici\u00f3n, que reuni\u00f3 a\u00a0102 jugadores\u00a0en\u00a0Casa de Campo. El &#8230;<\/p>\n","protected":false},"author":2,"featured_media":224981,"comment_status":"closed","ping_status":"closed","sticky":false,"template":"","format":"standard","meta":{"footnotes":""},"categories":[28],"tags":[],"class_list":["post-224980","post","type-post","status-publish","format-standard","has-post-thumbnail","hentry","category-deportes"],"yoast_head":"<!-- This site is optimized with the Yoast SEO plugin v24.8.1 - https:\/\/yoast.com\/wordpress\/plugins\/seo\/ -->\n<title>General de Seguros retoma su torneo de golf tras una d\u00e9cada - PotenciaRadiofonicaDominicana.com<\/title>\n<meta name=\"robots\" content=\"index, follow, max-snippet:-1, max-image-preview:large, max-video-preview:-1\" \/>\n<link rel=\"canonical\" href=\"https:\/\/potenciaradiofonicadominicana.com\/portal\/general-de-seguros-retoma-su-torneo-de-golf-tras-una-decada\/\" \/>\n<meta property=\"og:locale\" content=\"es_ES\" \/>\n<meta property=\"og:type\" content=\"article\" \/>\n<meta property=\"og:title\" content=\"General de Seguros retoma su torneo de golf tras una d\u00e9cada - PotenciaRadiofonicaDominicana.com\" \/>\n<meta property=\"og:description\" content=\"La\u00a0Copa General Atl\u00e1ntico\u00a0regres\u00f3 despu\u00e9s de una d\u00e9cada sin celebrarse, con su tercera edici\u00f3n, que reuni\u00f3 a\u00a0102 jugadores\u00a0en\u00a0Casa de Campo. El ...\" \/>\n<meta property=\"og:url\" content=\"https:\/\/potenciaradiofonicadominicana.com\/portal\/general-de-seguros-retoma-su-torneo-de-golf-tras-una-decada\/\" \/>\n<meta property=\"og:site_name\" content=\"PotenciaRadiofonicaDominicana.com\" \/>\n<meta property=\"article:publisher\" content=\"https:\/\/web.facebook.com\/PotenciaRadiofonicaD\" \/>\n<meta property=\"article:published_time\" content=\"2026-09-02T02:24:37+00:00\" \/>\n<meta property=\"og:image\" content=\"https:\/\/potenciaradiofonicadominicana.com\/portal\/wp-content\/uploads\/2026\/09\/sin-titulo-2-39-0673c466-focus-0-0-896-504.jpg\" \/>\n\t<meta property=\"og:image:width\" content=\"896\" \/>\n\t<meta property=\"og:image:height\" content=\"504\" \/>\n\t<meta property=\"og:image:type\" content=\"image\/jpeg\" \/>\n<meta name=\"author\" content=\"Potencia Radiof\u00f3nica Dominicana\" \/>\n<meta name=\"twitter:card\" content=\"summary_large_image\" \/>\n<meta name=\"twitter:label1\" content=\"Escrito por\" \/>\n\t<meta name=\"twitter:data1\" content=\"Potencia Radiof\u00f3nica Dominicana\" \/>\n\t<meta name=\"twitter:label2\" content=\"Tiempo de lectura\" \/>\n\t<meta name=\"twitter:data2\" content=\"2 minutos\" \/>\n<script type=\"application\/ld+json\" class=\"yoast-schema-graph\">{\"@context\":\"https:\/\/schema.org\",\"@graph\":[{\"@type\":\"Article\",\"@id\":\"https:\/\/potenciaradiofonicadominicana.com\/portal\/general-de-seguros-retoma-su-torneo-de-golf-tras-una-decada\/#article\",\"isPartOf\":{\"@id\":\"https:\/\/potenciaradiofonicadominicana.com\/portal\/general-de-seguros-retoma-su-torneo-de-golf-tras-una-decada\/\"},\"author\":{\"name\":\"Potencia Radiof\u00f3nica Dominicana\",\"@id\":\"https:\/\/potenciaradiofonicadominicana.com\/portal\/#\/schema\/person\/a5cf1fea13877803ee0573ac18b03490\"},\"headline\":\"General de Seguros retoma su torneo de golf tras una d\u00e9cada\",\"datePublished\":\"2026-09-02T02:24:37+00:00\",\"mainEntityOfPage\":{\"@id\":\"https:\/\/potenciaradiofonicadominicana.com\/portal\/general-de-seguros-retoma-su-torneo-de-golf-tras-una-decada\/\"},\"wordCount\":287,\"publisher\":{\"@id\":\"https:\/\/potenciaradiofonicadominicana.com\/portal\/#organization\"},\"image\":{\"@id\":\"https:\/\/potenciaradiofonicadominicana.com\/portal\/general-de-seguros-retoma-su-torneo-de-golf-tras-una-decada\/#primaryimage\"},\"thumbnailUrl\":\"https:\/\/potenciaradiofonicadominicana.com\/portal\/wp-content\/uploads\/2026\/09\/sin-titulo-2-39-0673c466-focus-0-0-896-504.jpg\",\"articleSection\":[\"Deportes\"],\"inLanguage\":\"es\"},{\"@type\":\"WebPage\",\"@id\":\"https:\/\/potenciaradiofonicadominicana.com\/portal\/general-de-seguros-retoma-su-torneo-de-golf-tras-una-decada\/\",\"url\":\"https:\/\/potenciaradiofonicadominicana.com\/portal\/general-de-seguros-retoma-su-torneo-de-golf-tras-una-decada\/\",\"name\":\"General de Seguros retoma su torneo de golf tras una d\u00e9cada - PotenciaRadiofonicaDominicana.com\",\"isPartOf\":{\"@id\":\"https:\/\/potenciaradiofonicadominicana.com\/portal\/#website\"},\"primaryImageOfPage\":{\"@id\":\"https:\/\/potenciaradiofonicadominicana.com\/portal\/general-de-seguros-retoma-su-torneo-de-golf-tras-una-decada\/#primaryimage\"},\"image\":{\"@id\":\"https:\/\/potenciaradiofonicadominicana.com\/portal\/general-de-seguros-retoma-su-torneo-de-golf-tras-una-decada\/#primaryimage\"},\"thumbnailUrl\":\"https:\/\/potenciaradiofonicadominicana.com\/portal\/wp-content\/uploads\/2026\/09\/sin-titulo-2-39-0673c466-focus-0-0-896-504.jpg\",\"datePublished\":\"2026-09-02T02:24:37+00:00\",\"breadcrumb\":{\"@id\":\"https:\/\/potenciaradiofonicadominicana.com\/portal\/general-de-seguros-retoma-su-torneo-de-golf-tras-una-decada\/#breadcrumb\"},\"inLanguage\":\"es\",\"potentialAction\":[{\"@type\":\"ReadAction\",\"target\":[\"https:\/\/potenciaradiofonicadominicana.com\/portal\/general-de-seguros-retoma-su-torneo-de-golf-tras-una-decada\/\"]}]},{\"@type\":\"ImageObject\",\"inLanguage\":\"es\",\"@id\":\"https:\/\/potenciaradiofonicadominicana.com\/portal\/general-de-seguros-retoma-su-torneo-de-golf-tras-una-decada\/#primaryimage\",\"url\":\"https:\/\/potenciaradiofonicadominicana.com\/portal\/wp-content\/uploads\/2026\/09\/sin-titulo-2-39-0673c466-focus-0-0-896-504.jpg\",\"contentUrl\":\"https:\/\/potenciaradiofonicadominicana.com\/portal\/wp-content\/uploads\/2026\/09\/sin-titulo-2-39-0673c466-focus-0-0-896-504.jpg\",\"width\":896,\"height\":504},{\"@type\":\"BreadcrumbList\",\"@id\":\"https:\/\/potenciaradiofonicadominicana.com\/portal\/general-de-seguros-retoma-su-torneo-de-golf-tras-una-decada\/#breadcrumb\",\"itemListElement\":[{\"@type\":\"ListItem\",\"position\":1,\"name\":\"Portada\",\"item\":\"https:\/\/potenciaradiofonicadominicana.com\/portal\/\"},{\"@type\":\"ListItem\",\"position\":2,\"name\":\"General de Seguros retoma su torneo de golf tras una d\u00e9cada\"}]},{\"@type\":\"WebSite\",\"@id\":\"https:\/\/potenciaradiofonicadominicana.com\/portal\/#website\",\"url\":\"https:\/\/potenciaradiofonicadominicana.com\/portal\/\",\"name\":\"PotenciaRadiofonicaDominicana.com\",\"description\":\"Peri\u00f3dico Digital\",\"publisher\":{\"@id\":\"https:\/\/potenciaradiofonicadominicana.com\/portal\/#organization\"},\"potentialAction\":[{\"@type\":\"SearchAction\",\"target\":{\"@type\":\"EntryPoint\",\"urlTemplate\":\"https:\/\/potenciaradiofonicadominicana.com\/portal\/?s={search_term_string}\"},\"query-input\":{\"@type\":\"PropertyValueSpecification\",\"valueRequired\":true,\"valueName\":\"search_term_string\"}}],\"inLanguage\":\"es\"},{\"@type\":\"Organization\",\"@id\":\"https:\/\/potenciaradiofonicadominicana.com\/portal\/#organization\",\"name\":\"PotenciaRadiofonicaDominicana.com\",\"url\":\"https:\/\/potenciaradiofonicadominicana.com\/portal\/\",\"logo\":{\"@type\":\"ImageObject\",\"inLanguage\":\"es\",\"@id\":\"https:\/\/potenciaradiofonicadominicana.com\/portal\/#\/schema\/logo\/image\/\",\"url\":\"https:\/\/potenciaradiofonicadominicana.com\/portal\/wp-content\/uploads\/2022\/01\/descarga.png\",\"contentUrl\":\"https:\/\/potenciaradiofonicadominicana.com\/portal\/wp-content\/uploads\/2022\/01\/descarga.png\",\"width\":300,\"height\":100,\"caption\":\"PotenciaRadiofonicaDominicana.com\"},\"image\":{\"@id\":\"https:\/\/potenciaradiofonicadominicana.com\/portal\/#\/schema\/logo\/image\/\"},\"sameAs\":[\"https:\/\/web.facebook.com\/PotenciaRadiofonicaD\"]},{\"@type\":\"Person\",\"@id\":\"https:\/\/potenciaradiofonicadominicana.com\/portal\/#\/schema\/person\/a5cf1fea13877803ee0573ac18b03490\",\"name\":\"Potencia Radiof\u00f3nica Dominicana\",\"image\":{\"@type\":\"ImageObject\",\"inLanguage\":\"es\",\"@id\":\"https:\/\/potenciaradiofonicadominicana.com\/portal\/#\/schema\/person\/image\/\",\"url\":\"https:\/\/secure.gravatar.com\/avatar\/42a55ab9e8ccc656ba34cd791990602a?s=96&d=mm&r=g\",\"contentUrl\":\"https:\/\/secure.gravatar.com\/avatar\/42a55ab9e8ccc656ba34cd791990602a?s=96&d=mm&r=g\",\"caption\":\"Potencia Radiof\u00f3nica Dominicana\"},\"url\":\"https:\/\/potenciaradiofonicadominicana.com\/portal\/author\/johannyalmanzar\/\"}]}<\/script>\n<!-- \/ Yoast SEO plugin. -->","yoast_head_json":{"title":"General de Seguros retoma su torneo de golf tras una d\u00e9cada - PotenciaRadiofonicaDominicana.com","robots":{"index":"index","follow":"follow","max-snippet":"max-snippet:-1","max-image-preview":"max-image-preview:large","max-video-preview":"max-video-preview:-1"},"canonical":"https:\/\/potenciaradiofonicadominicana.com\/portal\/general-de-seguros-retoma-su-torneo-de-golf-tras-una-decada\/","og_locale":"es_ES","og_type":"article","og_title":"General de Seguros retoma su torneo de golf tras una d\u00e9cada - PotenciaRadiofonicaDominicana.com","og_description":"La\u00a0Copa General Atl\u00e1ntico\u00a0regres\u00f3 despu\u00e9s de una d\u00e9cada sin celebrarse, con su tercera edici\u00f3n, que reuni\u00f3 a\u00a0102 jugadores\u00a0en\u00a0Casa de Campo. El ...","og_url":"https:\/\/potenciaradiofonicadominicana.com\/portal\/general-de-seguros-retoma-su-torneo-de-golf-tras-una-decada\/","og_site_name":"PotenciaRadiofonicaDominicana.com","article_publisher":"https:\/\/web.facebook.com\/PotenciaRadiofonicaD","article_published_time":"2026-09-02T02:24:37+00:00","og_image":[{"width":896,"height":504,"url":"https:\/\/potenciaradiofonicadominicana.com\/portal\/wp-content\/uploads\/2026\/09\/sin-titulo-2-39-0673c466-focus-0-0-896-504.jpg","type":"image\/jpeg"}],"author":"Potencia Radiof\u00f3nica Dominicana","twitter_card":"summary_large_image","twitter_misc":{"Escrito por":"Potencia Radiof\u00f3nica Dominicana","Tiempo de lectura":"2 minutos"},"schema":{"@context":"https:\/\/schema.org","@graph":[{"@type":"Article","@id":"https:\/\/potenciaradiofonicadominicana.com\/portal\/general-de-seguros-retoma-su-torneo-de-golf-tras-una-decada\/#article","isPartOf":{"@id":"https:\/\/potenciaradiofonicadominicana.com\/portal\/general-de-seguros-retoma-su-torneo-de-golf-tras-una-decada\/"},"author":{"name":"Potencia Radiof\u00f3nica Dominicana","@id":"https:\/\/potenciaradiofonicadominicana.com\/portal\/#\/schema\/person\/a5cf1fea13877803ee0573ac18b03490"},"headline":"General de Seguros retoma su torneo de golf tras una d\u00e9cada","datePublished":"2026-09-02T02:24:37+00:00","mainEntityOfPage":{"@id":"https:\/\/potenciaradiofonicadominicana.com\/portal\/general-de-seguros-retoma-su-torneo-de-golf-tras-una-decada\/"},"wordCount":287,"publisher":{"@id":"https:\/\/potenciaradiofonicadominicana.com\/portal\/#organization"},"image":{"@id":"https:\/\/potenciaradiofonicadominicana.com\/portal\/general-de-seguros-retoma-su-torneo-de-golf-tras-una-decada\/#primaryimage"},"thumbnailUrl":"https:\/\/potenciaradiofonicadominicana.com\/portal\/wp-content\/uploads\/2026\/09\/sin-titulo-2-39-0673c466-focus-0-0-896-504.jpg","articleSection":["Deportes"],"inLanguage":"es"},{"@type":"WebPage","@id":"https:\/\/potenciaradiofonicadominicana.com\/portal\/general-de-seguros-retoma-su-torneo-de-golf-tras-una-decada\/","url":"https:\/\/potenciaradiofonicadominicana.com\/portal\/general-de-seguros-retoma-su-torneo-de-golf-tras-una-decada\/","name":"General de Seguros retoma su torneo de golf tras una d\u00e9cada - PotenciaRadiofonicaDominicana.com","isPartOf":{"@id":"https:\/\/potenciaradiofonicadominicana.com\/portal\/#website"},"primaryImageOfPage":{"@id":"https:\/\/potenciaradiofonicadominicana.com\/portal\/general-de-seguros-retoma-su-torneo-de-golf-tras-una-decada\/#primaryimage"},"image":{"@id":"https:\/\/potenciaradiofonicadominicana.com\/portal\/general-de-seguros-retoma-su-torneo-de-golf-tras-una-decada\/#primaryimage"},"thumbnailUrl":"https:\/\/potenciaradiofonicadominicana.com\/portal\/wp-content\/uploads\/2026\/09\/sin-titulo-2-39-0673c466-focus-0-0-896-504.jpg","datePublished":"2026-09-02T02:24:37+00:00","breadcrumb":{"@id":"https:\/\/potenciaradiofonicadominicana.com\/portal\/general-de-seguros-retoma-su-torneo-de-golf-tras-una-decada\/#breadcrumb"},"inLanguage":"es","potentialAction":[{"@type":"ReadAction","target":["https:\/\/potenciaradiofonicadominicana.com\/portal\/general-de-seguros-retoma-su-torneo-de-golf-tras-una-decada\/"]}]},{"@type":"ImageObject","inLanguage":"es","@id":"https:\/\/potenciaradiofonicadominicana.com\/portal\/general-de-seguros-retoma-su-torneo-de-golf-tras-una-decada\/#primaryimage","url":"https:\/\/potenciaradiofonicadominicana.com\/portal\/wp-content\/uploads\/2026\/09\/sin-titulo-2-39-0673c466-focus-0-0-896-504.jpg","contentUrl":"https:\/\/potenciaradiofonicadominicana.com\/portal\/wp-content\/uploads\/2026\/09\/sin-titulo-2-39-0673c466-focus-0-0-896-504.jpg","width":896,"height":504},{"@type":"BreadcrumbList","@id":"https:\/\/potenciaradiofonicadominicana.com\/portal\/general-de-seguros-retoma-su-torneo-de-golf-tras-una-decada\/#breadcrumb","itemListElement":[{"@type":"ListItem","position":1,"name":"Portada","item":"https:\/\/potenciaradiofonicadominicana.com\/portal\/"},{"@type":"ListItem","position":2,"name":"General de Seguros retoma su torneo de golf tras una d\u00e9cada"}]},{"@type":"WebSite","@id":"https:\/\/potenciaradiofonicadominicana.com\/portal\/#website","url":"https:\/\/potenciaradiofonicadominicana.com\/portal\/","name":"PotenciaRadiofonicaDominicana.com","description":"Peri\u00f3dico Digital","publisher":{"@id":"https:\/\/potenciaradiofonicadominicana.com\/portal\/#organization"},"potentialAction":[{"@type":"SearchAction","target":{"@type":"EntryPoint","urlTemplate":"https:\/\/potenciaradiofonicadominicana.com\/portal\/?s={search_term_string}"},"query-input":{"@type":"PropertyValueSpecification","valueRequired":true,"valueName":"search_term_string"}}],"inLanguage":"es"},{"@type":"Organization","@id":"https:\/\/potenciaradiofonicadominicana.com\/portal\/#organization","name":"PotenciaRadiofonicaDominicana.com","url":"https:\/\/potenciaradiofonicadominicana.com\/portal\/","logo":{"@type":"ImageObject","inLanguage":"es","@id":"https:\/\/potenciaradiofonicadominicana.com\/portal\/#\/schema\/logo\/image\/","url":"https:\/\/potenciaradiofonicadominicana.com\/portal\/wp-content\/uploads\/2022\/01\/descarga.png","contentUrl":"https:\/\/potenciaradiofonicadominicana.com\/portal\/wp-content\/uploads\/2022\/01\/descarga.png","width":300,"height":100,"caption":"PotenciaRadiofonicaDominicana.com"},"image":{"@id":"https:\/\/potenciaradiofonicadominicana.com\/portal\/#\/schema\/logo\/image\/"},"sameAs":["https:\/\/web.facebook.com\/PotenciaRadiofonicaD"]},{"@type":"Person","@id":"https:\/\/potenciaradiofonicadominicana.com\/portal\/#\/schema\/person\/a5cf1fea13877803ee0573ac18b03490","name":"Potencia Radiof\u00f3nica Dominicana","image":{"@type":"ImageObject","inLanguage":"es","@id":"https:\/\/potenciaradiofonicadominicana.com\/portal\/#\/schema\/person\/image\/","url":"https:\/\/secure.gravatar.com\/avatar\/42a55ab9e8ccc656ba34cd791990602a?s=96&d=mm&r=g","contentUrl":"https:\/\/secure.gravatar.com\/avatar\/42a55ab9e8ccc656ba34cd791990602a?s=96&d=mm&r=g","caption":"Potencia Radiof\u00f3nica Dominicana"},"url":"https:\/\/potenciaradiofonicadominicana.com\/portal\/author\/johannyalmanzar\/"}]}},"_links":{"self":[{"href":"https:\/\/potenciaradiofonicadominicana.com\/portal\/wp-json\/wp\/v2\/posts\/224980","targetHints":{"allow":["GET"]}}],"collection":[{"href":"https:\/\/potenciaradiofonicadominicana.com\/portal\/wp-json\/wp\/v2\/posts"}],"about":[{"href":"https:\/\/potenciaradiofonicadominicana.com\/portal\/wp-json\/wp\/v2\/types\/post"}],"author":[{"embeddable":true,"href":"https:\/\/potenciaradiofonicadominicana.com\/portal\/wp-json\/wp\/v2\/users\/2"}],"replies":[{"embeddable":true,"href":"https:\/\/potenciaradiofonicadominicana.com\/portal\/wp-json\/wp\/v2\/comments?post=224980"}],"version-history":[{"count":1,"href":"https:\/\/potenciaradiofonicadominicana.com\/portal\/wp-json\/wp\/v2\/posts\/224980\/revisions"}],"predecessor-version":[{"id":224982,"href":"https:\/\/potenciaradiofonicadominicana.com\/portal\/wp-json\/wp\/v2\/posts\/224980\/revisions\/224982"}],"wp:featuredmedia":[{"embeddable":true,"href":"https:\/\/potenciaradiofonicadominicana.com\/portal\/wp-json\/wp\/v2\/media\/224981"}],"wp:attachment":[{"href":"https:\/\/potenciaradiofonicadominicana.com\/portal\/wp-json\/wp\/v2\/media?parent=224980"}],"wp:term":[{"taxonomy":"category","embeddable":true,"href":"https:\/\/potenciaradiofonicadominicana.com\/portal\/wp-json\/wp\/v2\/categories?post=224980"},{"taxonomy":"post_tag","embeddable":true,"href":"https:\/\/potenciaradiofonicadominicana.com\/portal\/wp-json\/wp\/v2\/tags?post=224980"}],"curies":[{"name":"wp","href":"https:\/\/api.w.org\/{rel}","templated":true}]}}