{"id":224974,"date":"2026-09-01T22:19:36","date_gmt":"2026-09-02T02:19:36","guid":{"rendered":"https:\/\/potenciaradiofonicadominicana.com\/portal\/?p=224974"},"modified":"2026-09-01T22:19:36","modified_gmt":"2026-09-02T02:19:36","slug":"ketel-marte-pide-perdon-en-su-regreso-a-los-diamondbacks-le-falle-a-torey","status":"publish","type":"post","link":"https:\/\/potenciaradiofonicadominicana.com\/portal\/ketel-marte-pide-perdon-en-su-regreso-a-los-diamondbacks-le-falle-a-torey\/","title":{"rendered":"Ketel Marte pide perd\u00f3n en su regreso a los Diamondbacks: \u00abLe fall\u00e9 a Torey\u00bb"},"content":{"rendered":"<p><a href=\"https:\/\/potenciaradiofonicadominicana.com\/portal\/wp-content\/uploads\/2026\/09\/ketel-marte-llega-a-20-jonrones-por-cuarto-ano-seguido-3bc1b40f-focus-0.02-0.61-896-504.jpg\"><img loading=\"lazy\" decoding=\"async\" class=\"alignnone size-full wp-image-224975\" src=\"https:\/\/potenciaradiofonicadominicana.com\/portal\/wp-content\/uploads\/2026\/09\/ketel-marte-llega-a-20-jonrones-por-cuarto-ano-seguido-3bc1b40f-focus-0.02-0.61-896-504.jpg\" alt=\"\" width=\"896\" height=\"504\" srcset=\"https:\/\/potenciaradiofonicadominicana.com\/portal\/wp-content\/uploads\/2026\/09\/ketel-marte-llega-a-20-jonrones-por-cuarto-ano-seguido-3bc1b40f-focus-0.02-0.61-896-504.jpg 896w, https:\/\/potenciaradiofonicadominicana.com\/portal\/wp-content\/uploads\/2026\/09\/ketel-marte-llega-a-20-jonrones-por-cuarto-ano-seguido-3bc1b40f-focus-0.02-0.61-896-504-300x169.jpg 300w, https:\/\/potenciaradiofonicadominicana.com\/portal\/wp-content\/uploads\/2026\/09\/ketel-marte-llega-a-20-jonrones-por-cuarto-ano-seguido-3bc1b40f-focus-0.02-0.61-896-504-768x432.jpg 768w\" sizes=\"auto, (max-width: 896px) 100vw, 896px\" \/><\/a><\/p>\n<p>Ketel Marte\u00a0volvi\u00f3 este lunes a la alineaci\u00f3n de los\u00a0Diamondbacks de Arizona, pero su regreso estuvo acompa\u00f1ado por una explicaci\u00f3n y una\u00a0disculpa\u00a0despu\u00e9s de una\u00a0ausencia\u00a0que mantuvo en vilo a la organizaci\u00f3n durante las \u00faltimas\u00a0dos semanas.<\/p>\n<p>El\u00a0dominicano\u00a0fue activado de la\u00a0lista de lesionados\u00a0antes del encuentro contra los Filis de Filadelfia y ocup\u00f3 el cuarto puesto de la alineaci\u00f3n como\u00a0bateador designado.<\/p>\n<p>MLB.com\u00a0confirm\u00f3 que\u00a0Marte\u00a0hab\u00eda sido colocado inicialmente en la\u00a0lista restringida\u00a0el 17 de agosto, luego de no presentarse al partido que Arizona disputar\u00eda ese d\u00eda ante los Medias Rojas en Boston. Posteriormente, fue trasladado a la\u00a0lista de lesionados\u00a0de 10 d\u00edas despu\u00e9s de que una\u00a0resonancia magn\u00e9tica\u00a0revelara\u00a0inflamaci\u00f3n en su rodilla izquierda.<\/p>\n<p>Por primera vez desde que comenz\u00f3 la controversia,\u00a0Marte\u00a0habl\u00f3 p\u00fablicamente\u00a0sobre lo sucedido y\u00a0asumi\u00f3 la responsabilidad\u00a0por no haberse presentado al partido.<\/p>\n<p>A trav\u00e9s de un\u00a0traductor, explic\u00f3 que pretende reunirse con sus compa\u00f1eros y ofrecerles una\u00a0disculpa. \u00abQuiero pararme frente a mis compa\u00f1eros como un hombre\u00bb, afirm\u00f3 el\u00a0intermedista, consciente de que su\u00a0ausencia\u00a0gener\u00f3\u00a0incertidumbre\u00a0y molestia dentro del club.<\/p>\n<p>Marte\u00a0describi\u00f3 aquel episodio como \u00abun\u00a0momento de frustraci\u00f3n\u00bb y explic\u00f3 que suele mantener en privado las\u00a0situaciones personales\u00a0que atraviesa. \u00abSoy el tipo de persona que cuando algo est\u00e1 pasando en mi vida,\u00a0no me gusta hablar\u00a0de ello. As\u00ed que eso fue m\u00e1s o menos lo que estaba sucediendo\u00bb, se\u00f1al\u00f3.<\/p>\n<p>El jugador tambi\u00e9n reconoci\u00f3 que su decisi\u00f3n afect\u00f3 directamente al\u00a0manager Torey Lovullo, quien anteriormente hab\u00eda dicho que\u00a0se sinti\u00f3 \u00abtraicionado\u00bb\u00a0por el\u00a0dominicano.\u00a0Marte\u00a0asumi\u00f3 esa responsabilidad sin atribuir la decisi\u00f3n a otra persona. \u00abMe llevo muy bien con Torey y, en ese momento, le fall\u00e9 al\u00a0no presentarme\u00bb, dijo. Y a\u00f1adi\u00f3: \u00abEsa ma\u00f1ana me despert\u00e9, mi cuerpo estaba adolorido y simplemente no pude reaccionar. Nadie tom\u00f3 la decisi\u00f3n por m\u00ed. Yo fui quien tom\u00f3 la decisi\u00f3n de\u00a0no presentarme\u00bb.<\/p>\n<p>Marte\u00a0tambi\u00e9n neg\u00f3 una versi\u00f3n seg\u00fan la cual hab\u00eda\u00a0abandonado Boston\u00a0antes que el resto de la organizaci\u00f3n para regresar a Phoenix y someterse a una\u00a0resonancia magn\u00e9tica. \u00abNunca sal\u00ed temprano (de Boston). El d\u00eda que el equipo regres\u00f3 (a Phoenix), ese fue el d\u00eda que yo regres\u00e9\u00bb, aclar\u00f3.<\/p>\n<p>Ahora, el\u00a0objetivo\u00a0del jugador es dejar atr\u00e1s la controversia y concentrarse en ayudar a unos Diamondbacks que necesitan su\u00a0producci\u00f3n ofensiva\u00a0en la\u00a0recta final de la temporada. Antes de su\u00a0ausencia,\u00a0Marte\u00a0bateaba para .249, con 21 jonrones y 67 carreras impulsadas, n\u00fameros que explican la importancia de su regreso para un equipo que pelea por un puesto en los playoffs.<\/p>\n<p>La situaci\u00f3n, sin embargo, dej\u00f3 una huella dentro de la organizaci\u00f3n. El\u00a0presidente ejecutivo Derrick Hall\u00a0lleg\u00f3 a describir lo sucedido como \u00abun\u00a0completo misterio\u00bb, mientras\u00a0Lovullo\u00a0manifest\u00f3 p\u00fablicamente su decepci\u00f3n.\u00a0Marte, por su parte, asegur\u00f3 que actualmente se encuentra \u00abmuy bien\u00bb, tanto mental como f\u00edsicamente, y ahora tendr\u00e1 la oportunidad de transformar sus palabras en actuaciones sobre el terreno.<\/p>\n<p>El\u00a0dominicano,\u00a0tres veces seleccionado\u00a0al Juego de Estrellas, dos veces ganador del\u00a0Bate de Plata\u00a0y\u00a0finalista al Jugador M\u00e1s Valioso\u00a0de la Liga Nacional en 2024, regresa as\u00ed a una alineaci\u00f3n de Arizona que necesita urgentemente su bate.<\/p>\n<p>Despu\u00e9s de\u00a0dos semanas\u00a0marcadas por la\u00a0incertidumbre,\u00a0Marte\u00a0tiene ahora la oportunidad de cerrar la controversia con lo que mejor sabe hacer:\u00a0producir en el terreno\u00a0de juego.<\/p>\n<div id=\"dl_300x250_inread\" data-lazy-ad=\"\" data-google-query-id=\"CI_9m6HqzpYDFb8TigMd3DwVHg\">\n<div id=\"google_ads_iframe_\/1659553\/dl_300x250_inread_0__container__\"><\/div>\n<\/div>\n","protected":false},"excerpt":{"rendered":"<p>Ketel Marte\u00a0volvi\u00f3 este lunes a la alineaci\u00f3n de los\u00a0Diamondbacks de Arizona, pero su regreso estuvo acompa\u00f1ado por una explicaci\u00f3n y &#8230;<\/p>\n","protected":false},"author":2,"featured_media":224975,"comment_status":"closed","ping_status":"closed","sticky":false,"template":"","format":"standard","meta":{"footnotes":""},"categories":[28],"tags":[],"class_list":["post-224974","post","type-post","status-publish","format-standard","has-post-thumbnail","hentry","category-deportes"],"yoast_head":"<!-- This site is optimized with the Yoast SEO plugin v24.8.1 - https:\/\/yoast.com\/wordpress\/plugins\/seo\/ -->\n<title>Ketel Marte pide perd\u00f3n en su regreso a los Diamondbacks: &quot;Le fall\u00e9 a Torey&quot; - PotenciaRadiofonicaDominicana.com<\/title>\n<meta name=\"robots\" content=\"index, follow, max-snippet:-1, max-image-preview:large, max-video-preview:-1\" \/>\n<link rel=\"canonical\" href=\"https:\/\/potenciaradiofonicadominicana.com\/portal\/ketel-marte-pide-perdon-en-su-regreso-a-los-diamondbacks-le-falle-a-torey\/\" \/>\n<meta property=\"og:locale\" content=\"es_ES\" \/>\n<meta property=\"og:type\" content=\"article\" \/>\n<meta property=\"og:title\" content=\"Ketel Marte pide perd\u00f3n en su regreso a los Diamondbacks: &quot;Le fall\u00e9 a Torey&quot; - PotenciaRadiofonicaDominicana.com\" \/>\n<meta property=\"og:description\" content=\"Ketel Marte\u00a0volvi\u00f3 este lunes a la alineaci\u00f3n de los\u00a0Diamondbacks de Arizona, pero su regreso estuvo acompa\u00f1ado por una explicaci\u00f3n y ...\" \/>\n<meta property=\"og:url\" content=\"https:\/\/potenciaradiofonicadominicana.com\/portal\/ketel-marte-pide-perdon-en-su-regreso-a-los-diamondbacks-le-falle-a-torey\/\" \/>\n<meta property=\"og:site_name\" content=\"PotenciaRadiofonicaDominicana.com\" \/>\n<meta property=\"article:publisher\" content=\"https:\/\/web.facebook.com\/PotenciaRadiofonicaD\" \/>\n<meta property=\"article:published_time\" content=\"2026-09-02T02:19:36+00:00\" \/>\n<meta property=\"og:image\" content=\"https:\/\/potenciaradiofonicadominicana.com\/portal\/wp-content\/uploads\/2026\/09\/ketel-marte-llega-a-20-jonrones-por-cuarto-ano-seguido-3bc1b40f-focus-0.02-0.61-896-504.jpg\" \/>\n\t<meta property=\"og:image:width\" content=\"896\" \/>\n\t<meta property=\"og:image:height\" content=\"504\" \/>\n\t<meta property=\"og:image:type\" content=\"image\/jpeg\" \/>\n<meta name=\"author\" content=\"Potencia Radiof\u00f3nica Dominicana\" \/>\n<meta name=\"twitter:card\" content=\"summary_large_image\" \/>\n<meta name=\"twitter:label1\" content=\"Escrito por\" \/>\n\t<meta name=\"twitter:data1\" content=\"Potencia Radiof\u00f3nica Dominicana\" \/>\n\t<meta name=\"twitter:label2\" content=\"Tiempo de lectura\" \/>\n\t<meta name=\"twitter:data2\" content=\"3 minutos\" \/>\n<script type=\"application\/ld+json\" class=\"yoast-schema-graph\">{\"@context\":\"https:\/\/schema.org\",\"@graph\":[{\"@type\":\"Article\",\"@id\":\"https:\/\/potenciaradiofonicadominicana.com\/portal\/ketel-marte-pide-perdon-en-su-regreso-a-los-diamondbacks-le-falle-a-torey\/#article\",\"isPartOf\":{\"@id\":\"https:\/\/potenciaradiofonicadominicana.com\/portal\/ketel-marte-pide-perdon-en-su-regreso-a-los-diamondbacks-le-falle-a-torey\/\"},\"author\":{\"name\":\"Potencia Radiof\u00f3nica Dominicana\",\"@id\":\"https:\/\/potenciaradiofonicadominicana.com\/portal\/#\/schema\/person\/a5cf1fea13877803ee0573ac18b03490\"},\"headline\":\"Ketel Marte pide perd\u00f3n en su regreso a los Diamondbacks: \u00abLe fall\u00e9 a Torey\u00bb\",\"datePublished\":\"2026-09-02T02:19:36+00:00\",\"mainEntityOfPage\":{\"@id\":\"https:\/\/potenciaradiofonicadominicana.com\/portal\/ketel-marte-pide-perdon-en-su-regreso-a-los-diamondbacks-le-falle-a-torey\/\"},\"wordCount\":619,\"publisher\":{\"@id\":\"https:\/\/potenciaradiofonicadominicana.com\/portal\/#organization\"},\"image\":{\"@id\":\"https:\/\/potenciaradiofonicadominicana.com\/portal\/ketel-marte-pide-perdon-en-su-regreso-a-los-diamondbacks-le-falle-a-torey\/#primaryimage\"},\"thumbnailUrl\":\"https:\/\/potenciaradiofonicadominicana.com\/portal\/wp-content\/uploads\/2026\/09\/ketel-marte-llega-a-20-jonrones-por-cuarto-ano-seguido-3bc1b40f-focus-0.02-0.61-896-504.jpg\",\"articleSection\":[\"Deportes\"],\"inLanguage\":\"es\"},{\"@type\":\"WebPage\",\"@id\":\"https:\/\/potenciaradiofonicadominicana.com\/portal\/ketel-marte-pide-perdon-en-su-regreso-a-los-diamondbacks-le-falle-a-torey\/\",\"url\":\"https:\/\/potenciaradiofonicadominicana.com\/portal\/ketel-marte-pide-perdon-en-su-regreso-a-los-diamondbacks-le-falle-a-torey\/\",\"name\":\"Ketel Marte pide perd\u00f3n en su regreso a los Diamondbacks: \\\"Le fall\u00e9 a Torey\\\" - PotenciaRadiofonicaDominicana.com\",\"isPartOf\":{\"@id\":\"https:\/\/potenciaradiofonicadominicana.com\/portal\/#website\"},\"primaryImageOfPage\":{\"@id\":\"https:\/\/potenciaradiofonicadominicana.com\/portal\/ketel-marte-pide-perdon-en-su-regreso-a-los-diamondbacks-le-falle-a-torey\/#primaryimage\"},\"image\":{\"@id\":\"https:\/\/potenciaradiofonicadominicana.com\/portal\/ketel-marte-pide-perdon-en-su-regreso-a-los-diamondbacks-le-falle-a-torey\/#primaryimage\"},\"thumbnailUrl\":\"https:\/\/potenciaradiofonicadominicana.com\/portal\/wp-content\/uploads\/2026\/09\/ketel-marte-llega-a-20-jonrones-por-cuarto-ano-seguido-3bc1b40f-focus-0.02-0.61-896-504.jpg\",\"datePublished\":\"2026-09-02T02:19:36+00:00\",\"breadcrumb\":{\"@id\":\"https:\/\/potenciaradiofonicadominicana.com\/portal\/ketel-marte-pide-perdon-en-su-regreso-a-los-diamondbacks-le-falle-a-torey\/#breadcrumb\"},\"inLanguage\":\"es\",\"potentialAction\":[{\"@type\":\"ReadAction\",\"target\":[\"https:\/\/potenciaradiofonicadominicana.com\/portal\/ketel-marte-pide-perdon-en-su-regreso-a-los-diamondbacks-le-falle-a-torey\/\"]}]},{\"@type\":\"ImageObject\",\"inLanguage\":\"es\",\"@id\":\"https:\/\/potenciaradiofonicadominicana.com\/portal\/ketel-marte-pide-perdon-en-su-regreso-a-los-diamondbacks-le-falle-a-torey\/#primaryimage\",\"url\":\"https:\/\/potenciaradiofonicadominicana.com\/portal\/wp-content\/uploads\/2026\/09\/ketel-marte-llega-a-20-jonrones-por-cuarto-ano-seguido-3bc1b40f-focus-0.02-0.61-896-504.jpg\",\"contentUrl\":\"https:\/\/potenciaradiofonicadominicana.com\/portal\/wp-content\/uploads\/2026\/09\/ketel-marte-llega-a-20-jonrones-por-cuarto-ano-seguido-3bc1b40f-focus-0.02-0.61-896-504.jpg\",\"width\":896,\"height\":504},{\"@type\":\"BreadcrumbList\",\"@id\":\"https:\/\/potenciaradiofonicadominicana.com\/portal\/ketel-marte-pide-perdon-en-su-regreso-a-los-diamondbacks-le-falle-a-torey\/#breadcrumb\",\"itemListElement\":[{\"@type\":\"ListItem\",\"position\":1,\"name\":\"Portada\",\"item\":\"https:\/\/potenciaradiofonicadominicana.com\/portal\/\"},{\"@type\":\"ListItem\",\"position\":2,\"name\":\"Ketel Marte pide perd\u00f3n en su regreso a los Diamondbacks: \u00abLe fall\u00e9 a Torey\u00bb\"}]},{\"@type\":\"WebSite\",\"@id\":\"https:\/\/potenciaradiofonicadominicana.com\/portal\/#website\",\"url\":\"https:\/\/potenciaradiofonicadominicana.com\/portal\/\",\"name\":\"PotenciaRadiofonicaDominicana.com\",\"description\":\"Peri\u00f3dico Digital\",\"publisher\":{\"@id\":\"https:\/\/potenciaradiofonicadominicana.com\/portal\/#organization\"},\"potentialAction\":[{\"@type\":\"SearchAction\",\"target\":{\"@type\":\"EntryPoint\",\"urlTemplate\":\"https:\/\/potenciaradiofonicadominicana.com\/portal\/?s={search_term_string}\"},\"query-input\":{\"@type\":\"PropertyValueSpecification\",\"valueRequired\":true,\"valueName\":\"search_term_string\"}}],\"inLanguage\":\"es\"},{\"@type\":\"Organization\",\"@id\":\"https:\/\/potenciaradiofonicadominicana.com\/portal\/#organization\",\"name\":\"PotenciaRadiofonicaDominicana.com\",\"url\":\"https:\/\/potenciaradiofonicadominicana.com\/portal\/\",\"logo\":{\"@type\":\"ImageObject\",\"inLanguage\":\"es\",\"@id\":\"https:\/\/potenciaradiofonicadominicana.com\/portal\/#\/schema\/logo\/image\/\",\"url\":\"https:\/\/potenciaradiofonicadominicana.com\/portal\/wp-content\/uploads\/2022\/01\/descarga.png\",\"contentUrl\":\"https:\/\/potenciaradiofonicadominicana.com\/portal\/wp-content\/uploads\/2022\/01\/descarga.png\",\"width\":300,\"height\":100,\"caption\":\"PotenciaRadiofonicaDominicana.com\"},\"image\":{\"@id\":\"https:\/\/potenciaradiofonicadominicana.com\/portal\/#\/schema\/logo\/image\/\"},\"sameAs\":[\"https:\/\/web.facebook.com\/PotenciaRadiofonicaD\"]},{\"@type\":\"Person\",\"@id\":\"https:\/\/potenciaradiofonicadominicana.com\/portal\/#\/schema\/person\/a5cf1fea13877803ee0573ac18b03490\",\"name\":\"Potencia Radiof\u00f3nica Dominicana\",\"image\":{\"@type\":\"ImageObject\",\"inLanguage\":\"es\",\"@id\":\"https:\/\/potenciaradiofonicadominicana.com\/portal\/#\/schema\/person\/image\/\",\"url\":\"https:\/\/secure.gravatar.com\/avatar\/42a55ab9e8ccc656ba34cd791990602a?s=96&d=mm&r=g\",\"contentUrl\":\"https:\/\/secure.gravatar.com\/avatar\/42a55ab9e8ccc656ba34cd791990602a?s=96&d=mm&r=g\",\"caption\":\"Potencia Radiof\u00f3nica Dominicana\"},\"url\":\"https:\/\/potenciaradiofonicadominicana.com\/portal\/author\/johannyalmanzar\/\"}]}<\/script>\n<!-- \/ Yoast SEO plugin. -->","yoast_head_json":{"title":"Ketel Marte pide perd\u00f3n en su regreso a los Diamondbacks: \"Le fall\u00e9 a Torey\" - PotenciaRadiofonicaDominicana.com","robots":{"index":"index","follow":"follow","max-snippet":"max-snippet:-1","max-image-preview":"max-image-preview:large","max-video-preview":"max-video-preview:-1"},"canonical":"https:\/\/potenciaradiofonicadominicana.com\/portal\/ketel-marte-pide-perdon-en-su-regreso-a-los-diamondbacks-le-falle-a-torey\/","og_locale":"es_ES","og_type":"article","og_title":"Ketel Marte pide perd\u00f3n en su regreso a los Diamondbacks: \"Le fall\u00e9 a Torey\" - PotenciaRadiofonicaDominicana.com","og_description":"Ketel Marte\u00a0volvi\u00f3 este lunes a la alineaci\u00f3n de los\u00a0Diamondbacks de Arizona, pero su regreso estuvo acompa\u00f1ado por una explicaci\u00f3n y ...","og_url":"https:\/\/potenciaradiofonicadominicana.com\/portal\/ketel-marte-pide-perdon-en-su-regreso-a-los-diamondbacks-le-falle-a-torey\/","og_site_name":"PotenciaRadiofonicaDominicana.com","article_publisher":"https:\/\/web.facebook.com\/PotenciaRadiofonicaD","article_published_time":"2026-09-02T02:19:36+00:00","og_image":[{"width":896,"height":504,"url":"https:\/\/potenciaradiofonicadominicana.com\/portal\/wp-content\/uploads\/2026\/09\/ketel-marte-llega-a-20-jonrones-por-cuarto-ano-seguido-3bc1b40f-focus-0.02-0.61-896-504.jpg","type":"image\/jpeg"}],"author":"Potencia Radiof\u00f3nica Dominicana","twitter_card":"summary_large_image","twitter_misc":{"Escrito por":"Potencia Radiof\u00f3nica Dominicana","Tiempo de lectura":"3 minutos"},"schema":{"@context":"https:\/\/schema.org","@graph":[{"@type":"Article","@id":"https:\/\/potenciaradiofonicadominicana.com\/portal\/ketel-marte-pide-perdon-en-su-regreso-a-los-diamondbacks-le-falle-a-torey\/#article","isPartOf":{"@id":"https:\/\/potenciaradiofonicadominicana.com\/portal\/ketel-marte-pide-perdon-en-su-regreso-a-los-diamondbacks-le-falle-a-torey\/"},"author":{"name":"Potencia Radiof\u00f3nica Dominicana","@id":"https:\/\/potenciaradiofonicadominicana.com\/portal\/#\/schema\/person\/a5cf1fea13877803ee0573ac18b03490"},"headline":"Ketel Marte pide perd\u00f3n en su regreso a los Diamondbacks: \u00abLe fall\u00e9 a Torey\u00bb","datePublished":"2026-09-02T02:19:36+00:00","mainEntityOfPage":{"@id":"https:\/\/potenciaradiofonicadominicana.com\/portal\/ketel-marte-pide-perdon-en-su-regreso-a-los-diamondbacks-le-falle-a-torey\/"},"wordCount":619,"publisher":{"@id":"https:\/\/potenciaradiofonicadominicana.com\/portal\/#organization"},"image":{"@id":"https:\/\/potenciaradiofonicadominicana.com\/portal\/ketel-marte-pide-perdon-en-su-regreso-a-los-diamondbacks-le-falle-a-torey\/#primaryimage"},"thumbnailUrl":"https:\/\/potenciaradiofonicadominicana.com\/portal\/wp-content\/uploads\/2026\/09\/ketel-marte-llega-a-20-jonrones-por-cuarto-ano-seguido-3bc1b40f-focus-0.02-0.61-896-504.jpg","articleSection":["Deportes"],"inLanguage":"es"},{"@type":"WebPage","@id":"https:\/\/potenciaradiofonicadominicana.com\/portal\/ketel-marte-pide-perdon-en-su-regreso-a-los-diamondbacks-le-falle-a-torey\/","url":"https:\/\/potenciaradiofonicadominicana.com\/portal\/ketel-marte-pide-perdon-en-su-regreso-a-los-diamondbacks-le-falle-a-torey\/","name":"Ketel Marte pide perd\u00f3n en su regreso a los Diamondbacks: \"Le fall\u00e9 a Torey\" - PotenciaRadiofonicaDominicana.com","isPartOf":{"@id":"https:\/\/potenciaradiofonicadominicana.com\/portal\/#website"},"primaryImageOfPage":{"@id":"https:\/\/potenciaradiofonicadominicana.com\/portal\/ketel-marte-pide-perdon-en-su-regreso-a-los-diamondbacks-le-falle-a-torey\/#primaryimage"},"image":{"@id":"https:\/\/potenciaradiofonicadominicana.com\/portal\/ketel-marte-pide-perdon-en-su-regreso-a-los-diamondbacks-le-falle-a-torey\/#primaryimage"},"thumbnailUrl":"https:\/\/potenciaradiofonicadominicana.com\/portal\/wp-content\/uploads\/2026\/09\/ketel-marte-llega-a-20-jonrones-por-cuarto-ano-seguido-3bc1b40f-focus-0.02-0.61-896-504.jpg","datePublished":"2026-09-02T02:19:36+00:00","breadcrumb":{"@id":"https:\/\/potenciaradiofonicadominicana.com\/portal\/ketel-marte-pide-perdon-en-su-regreso-a-los-diamondbacks-le-falle-a-torey\/#breadcrumb"},"inLanguage":"es","potentialAction":[{"@type":"ReadAction","target":["https:\/\/potenciaradiofonicadominicana.com\/portal\/ketel-marte-pide-perdon-en-su-regreso-a-los-diamondbacks-le-falle-a-torey\/"]}]},{"@type":"ImageObject","inLanguage":"es","@id":"https:\/\/potenciaradiofonicadominicana.com\/portal\/ketel-marte-pide-perdon-en-su-regreso-a-los-diamondbacks-le-falle-a-torey\/#primaryimage","url":"https:\/\/potenciaradiofonicadominicana.com\/portal\/wp-content\/uploads\/2026\/09\/ketel-marte-llega-a-20-jonrones-por-cuarto-ano-seguido-3bc1b40f-focus-0.02-0.61-896-504.jpg","contentUrl":"https:\/\/potenciaradiofonicadominicana.com\/portal\/wp-content\/uploads\/2026\/09\/ketel-marte-llega-a-20-jonrones-por-cuarto-ano-seguido-3bc1b40f-focus-0.02-0.61-896-504.jpg","width":896,"height":504},{"@type":"BreadcrumbList","@id":"https:\/\/potenciaradiofonicadominicana.com\/portal\/ketel-marte-pide-perdon-en-su-regreso-a-los-diamondbacks-le-falle-a-torey\/#breadcrumb","itemListElement":[{"@type":"ListItem","position":1,"name":"Portada","item":"https:\/\/potenciaradiofonicadominicana.com\/portal\/"},{"@type":"ListItem","position":2,"name":"Ketel Marte pide perd\u00f3n en su regreso a los Diamondbacks: \u00abLe fall\u00e9 a Torey\u00bb"}]},{"@type":"WebSite","@id":"https:\/\/potenciaradiofonicadominicana.com\/portal\/#website","url":"https:\/\/potenciaradiofonicadominicana.com\/portal\/","name":"PotenciaRadiofonicaDominicana.com","description":"Peri\u00f3dico Digital","publisher":{"@id":"https:\/\/potenciaradiofonicadominicana.com\/portal\/#organization"},"potentialAction":[{"@type":"SearchAction","target":{"@type":"EntryPoint","urlTemplate":"https:\/\/potenciaradiofonicadominicana.com\/portal\/?s={search_term_string}"},"query-input":{"@type":"PropertyValueSpecification","valueRequired":true,"valueName":"search_term_string"}}],"inLanguage":"es"},{"@type":"Organization","@id":"https:\/\/potenciaradiofonicadominicana.com\/portal\/#organization","name":"PotenciaRadiofonicaDominicana.com","url":"https:\/\/potenciaradiofonicadominicana.com\/portal\/","logo":{"@type":"ImageObject","inLanguage":"es","@id":"https:\/\/potenciaradiofonicadominicana.com\/portal\/#\/schema\/logo\/image\/","url":"https:\/\/potenciaradiofonicadominicana.com\/portal\/wp-content\/uploads\/2022\/01\/descarga.png","contentUrl":"https:\/\/potenciaradiofonicadominicana.com\/portal\/wp-content\/uploads\/2022\/01\/descarga.png","width":300,"height":100,"caption":"PotenciaRadiofonicaDominicana.com"},"image":{"@id":"https:\/\/potenciaradiofonicadominicana.com\/portal\/#\/schema\/logo\/image\/"},"sameAs":["https:\/\/web.facebook.com\/PotenciaRadiofonicaD"]},{"@type":"Person","@id":"https:\/\/potenciaradiofonicadominicana.com\/portal\/#\/schema\/person\/a5cf1fea13877803ee0573ac18b03490","name":"Potencia Radiof\u00f3nica Dominicana","image":{"@type":"ImageObject","inLanguage":"es","@id":"https:\/\/potenciaradiofonicadominicana.com\/portal\/#\/schema\/person\/image\/","url":"https:\/\/secure.gravatar.com\/avatar\/42a55ab9e8ccc656ba34cd791990602a?s=96&d=mm&r=g","contentUrl":"https:\/\/secure.gravatar.com\/avatar\/42a55ab9e8ccc656ba34cd791990602a?s=96&d=mm&r=g","caption":"Potencia Radiof\u00f3nica Dominicana"},"url":"https:\/\/potenciaradiofonicadominicana.com\/portal\/author\/johannyalmanzar\/"}]}},"_links":{"self":[{"href":"https:\/\/potenciaradiofonicadominicana.com\/portal\/wp-json\/wp\/v2\/posts\/224974","targetHints":{"allow":["GET"]}}],"collection":[{"href":"https:\/\/potenciaradiofonicadominicana.com\/portal\/wp-json\/wp\/v2\/posts"}],"about":[{"href":"https:\/\/potenciaradiofonicadominicana.com\/portal\/wp-json\/wp\/v2\/types\/post"}],"author":[{"embeddable":true,"href":"https:\/\/potenciaradiofonicadominicana.com\/portal\/wp-json\/wp\/v2\/users\/2"}],"replies":[{"embeddable":true,"href":"https:\/\/potenciaradiofonicadominicana.com\/portal\/wp-json\/wp\/v2\/comments?post=224974"}],"version-history":[{"count":1,"href":"https:\/\/potenciaradiofonicadominicana.com\/portal\/wp-json\/wp\/v2\/posts\/224974\/revisions"}],"predecessor-version":[{"id":224976,"href":"https:\/\/potenciaradiofonicadominicana.com\/portal\/wp-json\/wp\/v2\/posts\/224974\/revisions\/224976"}],"wp:featuredmedia":[{"embeddable":true,"href":"https:\/\/potenciaradiofonicadominicana.com\/portal\/wp-json\/wp\/v2\/media\/224975"}],"wp:attachment":[{"href":"https:\/\/potenciaradiofonicadominicana.com\/portal\/wp-json\/wp\/v2\/media?parent=224974"}],"wp:term":[{"taxonomy":"category","embeddable":true,"href":"https:\/\/potenciaradiofonicadominicana.com\/portal\/wp-json\/wp\/v2\/categories?post=224974"},{"taxonomy":"post_tag","embeddable":true,"href":"https:\/\/potenciaradiofonicadominicana.com\/portal\/wp-json\/wp\/v2\/tags?post=224974"}],"curies":[{"name":"wp","href":"https:\/\/api.w.org\/{rel}","templated":true}]}}