{"id":224959,"date":"2026-08-30T18:47:53","date_gmt":"2026-08-30T22:47:53","guid":{"rendered":"https:\/\/potenciaradiofonicadominicana.com\/portal\/?p=224959"},"modified":"2026-08-30T18:47:53","modified_gmt":"2026-08-30T22:47:53","slug":"ministerio-de-justicia-trabaja-en-remodelacion-y-construccion-de-19-recintos-penitenciarios","status":"publish","type":"post","link":"https:\/\/potenciaradiofonicadominicana.com\/portal\/ministerio-de-justicia-trabaja-en-remodelacion-y-construccion-de-19-recintos-penitenciarios\/","title":{"rendered":"Ministerio de Justicia trabaja en remodelaci\u00f3n y construcci\u00f3n de 19 recintos penitenciarios"},"content":{"rendered":"<p><a href=\"https:\/\/potenciaradiofonicadominicana.com\/portal\/wp-content\/uploads\/2026\/08\/WhatsApp-Image-2025-07-04-at-12.jpg\"><img loading=\"lazy\" decoding=\"async\" class=\"alignnone size-full wp-image-224960\" src=\"https:\/\/potenciaradiofonicadominicana.com\/portal\/wp-content\/uploads\/2026\/08\/WhatsApp-Image-2025-07-04-at-12.jpg\" alt=\"\" width=\"1300\" height=\"731\" srcset=\"https:\/\/potenciaradiofonicadominicana.com\/portal\/wp-content\/uploads\/2026\/08\/WhatsApp-Image-2025-07-04-at-12.jpg 1300w, https:\/\/potenciaradiofonicadominicana.com\/portal\/wp-content\/uploads\/2026\/08\/WhatsApp-Image-2025-07-04-at-12-300x169.jpg 300w, https:\/\/potenciaradiofonicadominicana.com\/portal\/wp-content\/uploads\/2026\/08\/WhatsApp-Image-2025-07-04-at-12-1024x576.jpg 1024w, https:\/\/potenciaradiofonicadominicana.com\/portal\/wp-content\/uploads\/2026\/08\/WhatsApp-Image-2025-07-04-at-12-768x432.jpg 768w\" sizes=\"auto, (max-width: 1300px) 100vw, 1300px\" \/><\/a><\/p>\n<p class=\"wp-block-paragraph\">\u00a0El Ministerio de Justicia, a cargo del jurista\u00a0<strong>Antoliano Peralta<\/strong>, trabaja actualmente en la remodelaci\u00f3n y construcci\u00f3n de 19 recintos penitenciarios, con el objetivo de mejorar las condiciones de las personas privadas de libertad.<\/p>\n<p class=\"wp-block-paragraph\">Asimismo, contempla la instalaci\u00f3n de agentes de derechos humanos en los centros penitenciarios para garantizar esa prerrogativa que tienen los internos, visitantes y empleados.<\/p>\n<p class=\"wp-block-paragraph\">\u201c<strong>Otro aspecto importante es la creaci\u00f3n de la Oficina del Abogado General de la Administraci\u00f3n P\u00fablica, destinada a organizar y fortalecer la defensa del Estado ante los tribunales, evitando que la Administraci\u00f3n P\u00fablica quede desprotegida frente a demandas y sentencias millonarias<\/strong>\u201d, signific\u00f3 Peralta, exconsultor jur\u00eddico del Poder Ejecutivo.<\/p>\n<div class=\"puede-leer-module\">\n<div class=\"puede-leer-content\">\n<h3 class=\"puede-leer-title\">Olivo Rodr\u00edguez: \u201cNo se puede imponer a Abinader un juez de carrera para presidir la SCJ\u201d<\/h3>\n<\/div>\n<\/div>\n<p class=\"wp-block-paragraph\">Adelant\u00f3 que el Ministerio asumir\u00e1 y modernizar\u00e1 diversos servicios para los ciudadanos, como certificaciones, documentos oficiales, notariales y tr\u00e1mites relacionados con sociedades sin fines de lucro.<\/p>\n<p class=\"wp-block-paragraph\">La idea de ese proyecto es utilizar la tecnolog\u00eda para facilitar estos servicios y evitar largas filas y desplazamientos innecesarios de la poblaci\u00f3n a la hora de gestionar determinados tr\u00e1mites.<\/p>\n<p class=\"wp-block-paragraph\">Estas iniciativas buscan fortalecer la relaci\u00f3n del Poder Ejecutivo con el sistema de justicia, mejorar la defensa del Estado, promover el respeto de los derechos humanos, transformar el sistema penitenciario y ofrecer servicios de justicia m\u00e1s modernos y accesibles para la ciudadan\u00eda.<\/p>\n<h2 class=\"wp-block-heading\">Origen y rol de la entidad<\/h2>\n<p class=\"wp-block-paragraph\">Muchos, al inicio de la creaci\u00f3n de esta entidad, se preguntaron para qu\u00e9 establecer el Ministerio de Justicia ante la existencia de otras instituciones relacionadas con el tema.<\/p>\n<p class=\"wp-block-paragraph\">Sin embargo, su relevancia trasciende la justicia ordinaria, tomando en cuenta el rol especial que ha comenzado a desempe\u00f1ar este organismo, el cual existi\u00f3 desde la primera Constituci\u00f3n de la Rep\u00fablica, en 1844, hasta 1964. Fue abolido hasta que el presidente\u00a0<strong>Luis Abinader Corona<\/strong>, en enero de 2026, valor\u00f3 su importancia y lo restaur\u00f3.<\/p>\n<div class=\"puede-leer-module\">\n<div class=\"puede-leer-content\">\n<h3 class=\"puede-leer-title\">EE. UU. segu\u00eda la red a\u00f1os antes de la Operaci\u00f3n Falc\u00f3n, revelan documentos a los que El D\u00eda tuvo acceso<\/h3>\n<\/div>\n<\/div>\n<p class=\"wp-block-paragraph\">Abordado sobre el rol que impulsa esta cartera,<strong>\u00a0Antoliano Peralta<\/strong>, titular del Ministerio de Justicia, refiri\u00f3 que este tiene como funci\u00f3n principal asumir los asuntos relacionados con la justicia que corresponden al Poder Ejecutivo.<\/p>\n<p class=\"wp-block-paragraph\">\u201c<strong>Entre sus responsabilidades est\u00e1 dise\u00f1ar pol\u00edticas para mejorar el sistema de justicia, colaborar en la construcci\u00f3n y adecuaci\u00f3n de tribunales, impulsar estrategias de prevenci\u00f3n del delito, participar en la modificaci\u00f3n de c\u00f3digos y organizar la defensa jur\u00eddica del Estado<\/strong>\u201d, puntualiz\u00f3.<\/p>\n<h2 class=\"wp-block-heading\">Representaci\u00f3n externa<\/h2>\n<p class=\"wp-block-paragraph\">Igualmente, cit\u00f3 que una de sus tareas importantes es coordinar las responsabilidades nacionales e internacionales del Estado dominicano en materia de derechos humanos, mediante la creaci\u00f3n de un sistema que involucre a las diferentes instituciones p\u00fablicas y a la sociedad civil.<\/p>\n<p class=\"wp-block-paragraph\">En relaci\u00f3n con si esta cartera interviene en las decisiones de los tribunales o en el juzgamiento de las personas, el funcionario fue claro y categ\u00f3rico al delimitar el espacio o jurisdicci\u00f3n de la instituci\u00f3n.<\/p>\n<p class=\"wp-block-paragraph\">\u201c<strong>La funci\u00f3n del Ministerio de Justicia llega hasta la puerta de los tribunales, respetando la independencia del Poder Judicial<\/strong>\u201d, enfatiz\u00f3 el exconsultor jur\u00eddico del Poder Ejecutivo.<\/p>\n<p class=\"wp-block-paragraph\">Peralta ofreci\u00f3 detalles sobre el tema durante una visita realizada a\u00a0<strong>EL D\u00cdA<\/strong>, en la que present\u00f3 su libro Despu\u00e9s de Trujillo, un lustro convulso 1961-1966, el cual pondr\u00e1 a circular el jueves 3 de septiembre, a las 6:30 p. m., en la Biblioteca Nacional, fecha que coincide con el acto constitucional que puso fin a la Guerra de Abril.<\/p>\n","protected":false},"excerpt":{"rendered":"<p>\u00a0El Ministerio de Justicia, a cargo del jurista\u00a0Antoliano Peralta, trabaja actualmente en la remodelaci\u00f3n y construcci\u00f3n de 19 recintos penitenciarios, &#8230;<\/p>\n","protected":false},"author":2,"featured_media":224960,"comment_status":"closed","ping_status":"closed","sticky":false,"template":"","format":"standard","meta":{"footnotes":""},"categories":[25],"tags":[],"class_list":["post-224959","post","type-post","status-publish","format-standard","has-post-thumbnail","hentry","category-noticias"],"yoast_head":"<!-- This site is optimized with the Yoast SEO plugin v24.8.1 - https:\/\/yoast.com\/wordpress\/plugins\/seo\/ -->\n<title>Ministerio de Justicia trabaja en remodelaci\u00f3n y construcci\u00f3n de 19 recintos penitenciarios - PotenciaRadiofonicaDominicana.com<\/title>\n<meta name=\"robots\" content=\"index, follow, max-snippet:-1, max-image-preview:large, max-video-preview:-1\" \/>\n<link rel=\"canonical\" href=\"https:\/\/potenciaradiofonicadominicana.com\/portal\/ministerio-de-justicia-trabaja-en-remodelacion-y-construccion-de-19-recintos-penitenciarios\/\" \/>\n<meta property=\"og:locale\" content=\"es_ES\" \/>\n<meta property=\"og:type\" content=\"article\" \/>\n<meta property=\"og:title\" content=\"Ministerio de Justicia trabaja en remodelaci\u00f3n y construcci\u00f3n de 19 recintos penitenciarios - PotenciaRadiofonicaDominicana.com\" \/>\n<meta property=\"og:description\" content=\"\u00a0El Ministerio de Justicia, a cargo del jurista\u00a0Antoliano Peralta, trabaja actualmente en la remodelaci\u00f3n y construcci\u00f3n de 19 recintos penitenciarios, ...\" \/>\n<meta property=\"og:url\" content=\"https:\/\/potenciaradiofonicadominicana.com\/portal\/ministerio-de-justicia-trabaja-en-remodelacion-y-construccion-de-19-recintos-penitenciarios\/\" \/>\n<meta property=\"og:site_name\" content=\"PotenciaRadiofonicaDominicana.com\" \/>\n<meta property=\"article:publisher\" content=\"https:\/\/web.facebook.com\/PotenciaRadiofonicaD\" \/>\n<meta property=\"article:published_time\" content=\"2026-08-30T22:47:53+00:00\" \/>\n<meta property=\"og:image\" content=\"https:\/\/potenciaradiofonicadominicana.com\/portal\/wp-content\/uploads\/2026\/08\/WhatsApp-Image-2025-07-04-at-12.jpg\" \/>\n\t<meta property=\"og:image:width\" content=\"1300\" \/>\n\t<meta property=\"og:image:height\" content=\"731\" \/>\n\t<meta property=\"og:image:type\" content=\"image\/jpeg\" \/>\n<meta name=\"author\" content=\"Potencia Radiof\u00f3nica Dominicana\" \/>\n<meta name=\"twitter:card\" content=\"summary_large_image\" \/>\n<meta name=\"twitter:label1\" content=\"Escrito por\" \/>\n\t<meta name=\"twitter:data1\" content=\"Potencia Radiof\u00f3nica Dominicana\" \/>\n\t<meta name=\"twitter:label2\" content=\"Tiempo de lectura\" \/>\n\t<meta name=\"twitter:data2\" content=\"3 minutos\" \/>\n<script type=\"application\/ld+json\" class=\"yoast-schema-graph\">{\"@context\":\"https:\/\/schema.org\",\"@graph\":[{\"@type\":\"Article\",\"@id\":\"https:\/\/potenciaradiofonicadominicana.com\/portal\/ministerio-de-justicia-trabaja-en-remodelacion-y-construccion-de-19-recintos-penitenciarios\/#article\",\"isPartOf\":{\"@id\":\"https:\/\/potenciaradiofonicadominicana.com\/portal\/ministerio-de-justicia-trabaja-en-remodelacion-y-construccion-de-19-recintos-penitenciarios\/\"},\"author\":{\"name\":\"Potencia Radiof\u00f3nica Dominicana\",\"@id\":\"https:\/\/potenciaradiofonicadominicana.com\/portal\/#\/schema\/person\/a5cf1fea13877803ee0573ac18b03490\"},\"headline\":\"Ministerio de Justicia trabaja en remodelaci\u00f3n y construcci\u00f3n de 19 recintos penitenciarios\",\"datePublished\":\"2026-08-30T22:47:53+00:00\",\"mainEntityOfPage\":{\"@id\":\"https:\/\/potenciaradiofonicadominicana.com\/portal\/ministerio-de-justicia-trabaja-en-remodelacion-y-construccion-de-19-recintos-penitenciarios\/\"},\"wordCount\":619,\"publisher\":{\"@id\":\"https:\/\/potenciaradiofonicadominicana.com\/portal\/#organization\"},\"image\":{\"@id\":\"https:\/\/potenciaradiofonicadominicana.com\/portal\/ministerio-de-justicia-trabaja-en-remodelacion-y-construccion-de-19-recintos-penitenciarios\/#primaryimage\"},\"thumbnailUrl\":\"https:\/\/potenciaradiofonicadominicana.com\/portal\/wp-content\/uploads\/2026\/08\/WhatsApp-Image-2025-07-04-at-12.jpg\",\"articleSection\":[\"Noticias\"],\"inLanguage\":\"es\"},{\"@type\":\"WebPage\",\"@id\":\"https:\/\/potenciaradiofonicadominicana.com\/portal\/ministerio-de-justicia-trabaja-en-remodelacion-y-construccion-de-19-recintos-penitenciarios\/\",\"url\":\"https:\/\/potenciaradiofonicadominicana.com\/portal\/ministerio-de-justicia-trabaja-en-remodelacion-y-construccion-de-19-recintos-penitenciarios\/\",\"name\":\"Ministerio de Justicia trabaja en remodelaci\u00f3n y construcci\u00f3n de 19 recintos penitenciarios - PotenciaRadiofonicaDominicana.com\",\"isPartOf\":{\"@id\":\"https:\/\/potenciaradiofonicadominicana.com\/portal\/#website\"},\"primaryImageOfPage\":{\"@id\":\"https:\/\/potenciaradiofonicadominicana.com\/portal\/ministerio-de-justicia-trabaja-en-remodelacion-y-construccion-de-19-recintos-penitenciarios\/#primaryimage\"},\"image\":{\"@id\":\"https:\/\/potenciaradiofonicadominicana.com\/portal\/ministerio-de-justicia-trabaja-en-remodelacion-y-construccion-de-19-recintos-penitenciarios\/#primaryimage\"},\"thumbnailUrl\":\"https:\/\/potenciaradiofonicadominicana.com\/portal\/wp-content\/uploads\/2026\/08\/WhatsApp-Image-2025-07-04-at-12.jpg\",\"datePublished\":\"2026-08-30T22:47:53+00:00\",\"breadcrumb\":{\"@id\":\"https:\/\/potenciaradiofonicadominicana.com\/portal\/ministerio-de-justicia-trabaja-en-remodelacion-y-construccion-de-19-recintos-penitenciarios\/#breadcrumb\"},\"inLanguage\":\"es\",\"potentialAction\":[{\"@type\":\"ReadAction\",\"target\":[\"https:\/\/potenciaradiofonicadominicana.com\/portal\/ministerio-de-justicia-trabaja-en-remodelacion-y-construccion-de-19-recintos-penitenciarios\/\"]}]},{\"@type\":\"ImageObject\",\"inLanguage\":\"es\",\"@id\":\"https:\/\/potenciaradiofonicadominicana.com\/portal\/ministerio-de-justicia-trabaja-en-remodelacion-y-construccion-de-19-recintos-penitenciarios\/#primaryimage\",\"url\":\"https:\/\/potenciaradiofonicadominicana.com\/portal\/wp-content\/uploads\/2026\/08\/WhatsApp-Image-2025-07-04-at-12.jpg\",\"contentUrl\":\"https:\/\/potenciaradiofonicadominicana.com\/portal\/wp-content\/uploads\/2026\/08\/WhatsApp-Image-2025-07-04-at-12.jpg\",\"width\":1300,\"height\":731},{\"@type\":\"BreadcrumbList\",\"@id\":\"https:\/\/potenciaradiofonicadominicana.com\/portal\/ministerio-de-justicia-trabaja-en-remodelacion-y-construccion-de-19-recintos-penitenciarios\/#breadcrumb\",\"itemListElement\":[{\"@type\":\"ListItem\",\"position\":1,\"name\":\"Portada\",\"item\":\"https:\/\/potenciaradiofonicadominicana.com\/portal\/\"},{\"@type\":\"ListItem\",\"position\":2,\"name\":\"Ministerio de Justicia trabaja en remodelaci\u00f3n y construcci\u00f3n de 19 recintos penitenciarios\"}]},{\"@type\":\"WebSite\",\"@id\":\"https:\/\/potenciaradiofonicadominicana.com\/portal\/#website\",\"url\":\"https:\/\/potenciaradiofonicadominicana.com\/portal\/\",\"name\":\"PotenciaRadiofonicaDominicana.com\",\"description\":\"Peri\u00f3dico Digital\",\"publisher\":{\"@id\":\"https:\/\/potenciaradiofonicadominicana.com\/portal\/#organization\"},\"potentialAction\":[{\"@type\":\"SearchAction\",\"target\":{\"@type\":\"EntryPoint\",\"urlTemplate\":\"https:\/\/potenciaradiofonicadominicana.com\/portal\/?s={search_term_string}\"},\"query-input\":{\"@type\":\"PropertyValueSpecification\",\"valueRequired\":true,\"valueName\":\"search_term_string\"}}],\"inLanguage\":\"es\"},{\"@type\":\"Organization\",\"@id\":\"https:\/\/potenciaradiofonicadominicana.com\/portal\/#organization\",\"name\":\"PotenciaRadiofonicaDominicana.com\",\"url\":\"https:\/\/potenciaradiofonicadominicana.com\/portal\/\",\"logo\":{\"@type\":\"ImageObject\",\"inLanguage\":\"es\",\"@id\":\"https:\/\/potenciaradiofonicadominicana.com\/portal\/#\/schema\/logo\/image\/\",\"url\":\"https:\/\/potenciaradiofonicadominicana.com\/portal\/wp-content\/uploads\/2022\/01\/descarga.png\",\"contentUrl\":\"https:\/\/potenciaradiofonicadominicana.com\/portal\/wp-content\/uploads\/2022\/01\/descarga.png\",\"width\":300,\"height\":100,\"caption\":\"PotenciaRadiofonicaDominicana.com\"},\"image\":{\"@id\":\"https:\/\/potenciaradiofonicadominicana.com\/portal\/#\/schema\/logo\/image\/\"},\"sameAs\":[\"https:\/\/web.facebook.com\/PotenciaRadiofonicaD\"]},{\"@type\":\"Person\",\"@id\":\"https:\/\/potenciaradiofonicadominicana.com\/portal\/#\/schema\/person\/a5cf1fea13877803ee0573ac18b03490\",\"name\":\"Potencia Radiof\u00f3nica Dominicana\",\"image\":{\"@type\":\"ImageObject\",\"inLanguage\":\"es\",\"@id\":\"https:\/\/potenciaradiofonicadominicana.com\/portal\/#\/schema\/person\/image\/\",\"url\":\"https:\/\/secure.gravatar.com\/avatar\/42a55ab9e8ccc656ba34cd791990602a?s=96&d=mm&r=g\",\"contentUrl\":\"https:\/\/secure.gravatar.com\/avatar\/42a55ab9e8ccc656ba34cd791990602a?s=96&d=mm&r=g\",\"caption\":\"Potencia Radiof\u00f3nica Dominicana\"},\"url\":\"https:\/\/potenciaradiofonicadominicana.com\/portal\/author\/johannyalmanzar\/\"}]}<\/script>\n<!-- \/ Yoast SEO plugin. -->","yoast_head_json":{"title":"Ministerio de Justicia trabaja en remodelaci\u00f3n y construcci\u00f3n de 19 recintos penitenciarios - PotenciaRadiofonicaDominicana.com","robots":{"index":"index","follow":"follow","max-snippet":"max-snippet:-1","max-image-preview":"max-image-preview:large","max-video-preview":"max-video-preview:-1"},"canonical":"https:\/\/potenciaradiofonicadominicana.com\/portal\/ministerio-de-justicia-trabaja-en-remodelacion-y-construccion-de-19-recintos-penitenciarios\/","og_locale":"es_ES","og_type":"article","og_title":"Ministerio de Justicia trabaja en remodelaci\u00f3n y construcci\u00f3n de 19 recintos penitenciarios - PotenciaRadiofonicaDominicana.com","og_description":"\u00a0El Ministerio de Justicia, a cargo del jurista\u00a0Antoliano Peralta, trabaja actualmente en la remodelaci\u00f3n y construcci\u00f3n de 19 recintos penitenciarios, ...","og_url":"https:\/\/potenciaradiofonicadominicana.com\/portal\/ministerio-de-justicia-trabaja-en-remodelacion-y-construccion-de-19-recintos-penitenciarios\/","og_site_name":"PotenciaRadiofonicaDominicana.com","article_publisher":"https:\/\/web.facebook.com\/PotenciaRadiofonicaD","article_published_time":"2026-08-30T22:47:53+00:00","og_image":[{"width":1300,"height":731,"url":"https:\/\/potenciaradiofonicadominicana.com\/portal\/wp-content\/uploads\/2026\/08\/WhatsApp-Image-2025-07-04-at-12.jpg","type":"image\/jpeg"}],"author":"Potencia Radiof\u00f3nica Dominicana","twitter_card":"summary_large_image","twitter_misc":{"Escrito por":"Potencia Radiof\u00f3nica Dominicana","Tiempo de lectura":"3 minutos"},"schema":{"@context":"https:\/\/schema.org","@graph":[{"@type":"Article","@id":"https:\/\/potenciaradiofonicadominicana.com\/portal\/ministerio-de-justicia-trabaja-en-remodelacion-y-construccion-de-19-recintos-penitenciarios\/#article","isPartOf":{"@id":"https:\/\/potenciaradiofonicadominicana.com\/portal\/ministerio-de-justicia-trabaja-en-remodelacion-y-construccion-de-19-recintos-penitenciarios\/"},"author":{"name":"Potencia Radiof\u00f3nica Dominicana","@id":"https:\/\/potenciaradiofonicadominicana.com\/portal\/#\/schema\/person\/a5cf1fea13877803ee0573ac18b03490"},"headline":"Ministerio de Justicia trabaja en remodelaci\u00f3n y construcci\u00f3n de 19 recintos penitenciarios","datePublished":"2026-08-30T22:47:53+00:00","mainEntityOfPage":{"@id":"https:\/\/potenciaradiofonicadominicana.com\/portal\/ministerio-de-justicia-trabaja-en-remodelacion-y-construccion-de-19-recintos-penitenciarios\/"},"wordCount":619,"publisher":{"@id":"https:\/\/potenciaradiofonicadominicana.com\/portal\/#organization"},"image":{"@id":"https:\/\/potenciaradiofonicadominicana.com\/portal\/ministerio-de-justicia-trabaja-en-remodelacion-y-construccion-de-19-recintos-penitenciarios\/#primaryimage"},"thumbnailUrl":"https:\/\/potenciaradiofonicadominicana.com\/portal\/wp-content\/uploads\/2026\/08\/WhatsApp-Image-2025-07-04-at-12.jpg","articleSection":["Noticias"],"inLanguage":"es"},{"@type":"WebPage","@id":"https:\/\/potenciaradiofonicadominicana.com\/portal\/ministerio-de-justicia-trabaja-en-remodelacion-y-construccion-de-19-recintos-penitenciarios\/","url":"https:\/\/potenciaradiofonicadominicana.com\/portal\/ministerio-de-justicia-trabaja-en-remodelacion-y-construccion-de-19-recintos-penitenciarios\/","name":"Ministerio de Justicia trabaja en remodelaci\u00f3n y construcci\u00f3n de 19 recintos penitenciarios - PotenciaRadiofonicaDominicana.com","isPartOf":{"@id":"https:\/\/potenciaradiofonicadominicana.com\/portal\/#website"},"primaryImageOfPage":{"@id":"https:\/\/potenciaradiofonicadominicana.com\/portal\/ministerio-de-justicia-trabaja-en-remodelacion-y-construccion-de-19-recintos-penitenciarios\/#primaryimage"},"image":{"@id":"https:\/\/potenciaradiofonicadominicana.com\/portal\/ministerio-de-justicia-trabaja-en-remodelacion-y-construccion-de-19-recintos-penitenciarios\/#primaryimage"},"thumbnailUrl":"https:\/\/potenciaradiofonicadominicana.com\/portal\/wp-content\/uploads\/2026\/08\/WhatsApp-Image-2025-07-04-at-12.jpg","datePublished":"2026-08-30T22:47:53+00:00","breadcrumb":{"@id":"https:\/\/potenciaradiofonicadominicana.com\/portal\/ministerio-de-justicia-trabaja-en-remodelacion-y-construccion-de-19-recintos-penitenciarios\/#breadcrumb"},"inLanguage":"es","potentialAction":[{"@type":"ReadAction","target":["https:\/\/potenciaradiofonicadominicana.com\/portal\/ministerio-de-justicia-trabaja-en-remodelacion-y-construccion-de-19-recintos-penitenciarios\/"]}]},{"@type":"ImageObject","inLanguage":"es","@id":"https:\/\/potenciaradiofonicadominicana.com\/portal\/ministerio-de-justicia-trabaja-en-remodelacion-y-construccion-de-19-recintos-penitenciarios\/#primaryimage","url":"https:\/\/potenciaradiofonicadominicana.com\/portal\/wp-content\/uploads\/2026\/08\/WhatsApp-Image-2025-07-04-at-12.jpg","contentUrl":"https:\/\/potenciaradiofonicadominicana.com\/portal\/wp-content\/uploads\/2026\/08\/WhatsApp-Image-2025-07-04-at-12.jpg","width":1300,"height":731},{"@type":"BreadcrumbList","@id":"https:\/\/potenciaradiofonicadominicana.com\/portal\/ministerio-de-justicia-trabaja-en-remodelacion-y-construccion-de-19-recintos-penitenciarios\/#breadcrumb","itemListElement":[{"@type":"ListItem","position":1,"name":"Portada","item":"https:\/\/potenciaradiofonicadominicana.com\/portal\/"},{"@type":"ListItem","position":2,"name":"Ministerio de Justicia trabaja en remodelaci\u00f3n y construcci\u00f3n de 19 recintos penitenciarios"}]},{"@type":"WebSite","@id":"https:\/\/potenciaradiofonicadominicana.com\/portal\/#website","url":"https:\/\/potenciaradiofonicadominicana.com\/portal\/","name":"PotenciaRadiofonicaDominicana.com","description":"Peri\u00f3dico Digital","publisher":{"@id":"https:\/\/potenciaradiofonicadominicana.com\/portal\/#organization"},"potentialAction":[{"@type":"SearchAction","target":{"@type":"EntryPoint","urlTemplate":"https:\/\/potenciaradiofonicadominicana.com\/portal\/?s={search_term_string}"},"query-input":{"@type":"PropertyValueSpecification","valueRequired":true,"valueName":"search_term_string"}}],"inLanguage":"es"},{"@type":"Organization","@id":"https:\/\/potenciaradiofonicadominicana.com\/portal\/#organization","name":"PotenciaRadiofonicaDominicana.com","url":"https:\/\/potenciaradiofonicadominicana.com\/portal\/","logo":{"@type":"ImageObject","inLanguage":"es","@id":"https:\/\/potenciaradiofonicadominicana.com\/portal\/#\/schema\/logo\/image\/","url":"https:\/\/potenciaradiofonicadominicana.com\/portal\/wp-content\/uploads\/2022\/01\/descarga.png","contentUrl":"https:\/\/potenciaradiofonicadominicana.com\/portal\/wp-content\/uploads\/2022\/01\/descarga.png","width":300,"height":100,"caption":"PotenciaRadiofonicaDominicana.com"},"image":{"@id":"https:\/\/potenciaradiofonicadominicana.com\/portal\/#\/schema\/logo\/image\/"},"sameAs":["https:\/\/web.facebook.com\/PotenciaRadiofonicaD"]},{"@type":"Person","@id":"https:\/\/potenciaradiofonicadominicana.com\/portal\/#\/schema\/person\/a5cf1fea13877803ee0573ac18b03490","name":"Potencia Radiof\u00f3nica Dominicana","image":{"@type":"ImageObject","inLanguage":"es","@id":"https:\/\/potenciaradiofonicadominicana.com\/portal\/#\/schema\/person\/image\/","url":"https:\/\/secure.gravatar.com\/avatar\/42a55ab9e8ccc656ba34cd791990602a?s=96&d=mm&r=g","contentUrl":"https:\/\/secure.gravatar.com\/avatar\/42a55ab9e8ccc656ba34cd791990602a?s=96&d=mm&r=g","caption":"Potencia Radiof\u00f3nica Dominicana"},"url":"https:\/\/potenciaradiofonicadominicana.com\/portal\/author\/johannyalmanzar\/"}]}},"_links":{"self":[{"href":"https:\/\/potenciaradiofonicadominicana.com\/portal\/wp-json\/wp\/v2\/posts\/224959","targetHints":{"allow":["GET"]}}],"collection":[{"href":"https:\/\/potenciaradiofonicadominicana.com\/portal\/wp-json\/wp\/v2\/posts"}],"about":[{"href":"https:\/\/potenciaradiofonicadominicana.com\/portal\/wp-json\/wp\/v2\/types\/post"}],"author":[{"embeddable":true,"href":"https:\/\/potenciaradiofonicadominicana.com\/portal\/wp-json\/wp\/v2\/users\/2"}],"replies":[{"embeddable":true,"href":"https:\/\/potenciaradiofonicadominicana.com\/portal\/wp-json\/wp\/v2\/comments?post=224959"}],"version-history":[{"count":1,"href":"https:\/\/potenciaradiofonicadominicana.com\/portal\/wp-json\/wp\/v2\/posts\/224959\/revisions"}],"predecessor-version":[{"id":224961,"href":"https:\/\/potenciaradiofonicadominicana.com\/portal\/wp-json\/wp\/v2\/posts\/224959\/revisions\/224961"}],"wp:featuredmedia":[{"embeddable":true,"href":"https:\/\/potenciaradiofonicadominicana.com\/portal\/wp-json\/wp\/v2\/media\/224960"}],"wp:attachment":[{"href":"https:\/\/potenciaradiofonicadominicana.com\/portal\/wp-json\/wp\/v2\/media?parent=224959"}],"wp:term":[{"taxonomy":"category","embeddable":true,"href":"https:\/\/potenciaradiofonicadominicana.com\/portal\/wp-json\/wp\/v2\/categories?post=224959"},{"taxonomy":"post_tag","embeddable":true,"href":"https:\/\/potenciaradiofonicadominicana.com\/portal\/wp-json\/wp\/v2\/tags?post=224959"}],"curies":[{"name":"wp","href":"https:\/\/api.w.org\/{rel}","templated":true}]}}