{"id":224955,"date":"2026-08-30T18:46:20","date_gmt":"2026-08-30T22:46:20","guid":{"rendered":"https:\/\/potenciaradiofonicadominicana.com\/portal\/?p=224955"},"modified":"2026-08-30T18:46:20","modified_gmt":"2026-08-30T22:46:20","slug":"bautista-llama-a-mantener-la-educacion-alejada-de-intereses-politicos","status":"publish","type":"post","link":"https:\/\/potenciaradiofonicadominicana.com\/portal\/bautista-llama-a-mantener-la-educacion-alejada-de-intereses-politicos\/","title":{"rendered":"Bautista llama a mantener la educaci\u00f3n alejada de intereses pol\u00edticos"},"content":{"rendered":"<p><a href=\"https:\/\/potenciaradiofonicadominicana.com\/portal\/wp-content\/uploads\/2026\/08\/Captura-de-pantalla-2026-08-30-175339.webp\"><img loading=\"lazy\" decoding=\"async\" class=\"alignnone size-full wp-image-224957\" src=\"https:\/\/potenciaradiofonicadominicana.com\/portal\/wp-content\/uploads\/2026\/08\/Captura-de-pantalla-2026-08-30-175339.webp\" alt=\"\" width=\"678\" height=\"452\" srcset=\"https:\/\/potenciaradiofonicadominicana.com\/portal\/wp-content\/uploads\/2026\/08\/Captura-de-pantalla-2026-08-30-175339.webp 678w, https:\/\/potenciaradiofonicadominicana.com\/portal\/wp-content\/uploads\/2026\/08\/Captura-de-pantalla-2026-08-30-175339-300x200.webp 300w\" sizes=\"auto, (max-width: 678px) 100vw, 678px\" \/><\/a><\/p>\n<p class=\"wp-block-paragraph\">El ministro administrativo de la Presidencia,\u00a0<strong>Andr\u00e9s Bautista<\/strong>, llam\u00f3 a los partidos pol\u00edticos a evitar la politizaci\u00f3n de los temas relacionados con la educaci\u00f3n, al considerar que esta pr\u00e1ctica representa un obst\u00e1culo para el desarrollo de la\u00a0<strong>Rep\u00fablica Dominicana<\/strong>.<\/p>\n<p class=\"wp-block-paragraph\">Bautista sostuvo que el sistema educativo debe ser tratado como uno de los pilares fundamentales del pa\u00eds y mantenerse alejado de los intereses partidarios.<\/p>\n<p class=\"wp-block-paragraph\">En ese sentido, exhort\u00f3 a la clase pol\u00edtica a realizar observaciones y cr\u00edticas sobre el sector educativo basadas en la verdad y con car\u00e1cter constructivo.<\/p>\n<p class=\"wp-block-paragraph\">El funcionario reconoci\u00f3 que, ante la existencia de miles de escuelas en el territorio nacional, siempre habr\u00e1 planteles que requieran alg\u00fan tipo de intervenci\u00f3n.<\/p>\n<p class=\"wp-block-paragraph\">Indic\u00f3 que el Gobierno ha ordenado la demolici\u00f3n de edificaciones escolares que ya cumplieron su vida \u00fatil, mientras que otros centros han sido incluidos en procesos de reparaci\u00f3n.<\/p>\n<div class=\"puede-leer-module\">\n<div class=\"puede-leer-content\">\n<h3 class=\"puede-leer-title\">M\u00e1s all\u00e1 de las mochilas transparentes: \u00bfc\u00f3mo se combate la violencia escolar?<\/h3>\n<\/div>\n<\/div>\n<p class=\"wp-block-paragraph\">Bautista se\u00f1al\u00f3 que lograr avances en materia educativa requiere el compromiso conjunto de los diferentes sectores de la sociedad, incluidos los padres, profesores y el Estado.<\/p>\n<p class=\"wp-block-paragraph\">\u201c<strong>Cuando la educaci\u00f3n se politiza se genera un atraso que toda la sociedad debe superar<\/strong>\u201d, manifest\u00f3.<\/p>\n<p class=\"wp-block-paragraph\">Las declaraciones del ministro administrativo de la Presidencia se produjeron durante su participaci\u00f3n en el Primer Congreso\u00a0<strong>Jos\u00e9 Francisco Pe\u00f1a G\u00f3mez\u00a0<\/strong>del Partido Primero la Gente (PPG), organizaci\u00f3n encabezada por el senador\u00a0<strong>Antonio Marte.<\/strong><\/p>\n","protected":false},"excerpt":{"rendered":"<p>El ministro administrativo de la Presidencia,\u00a0Andr\u00e9s Bautista, llam\u00f3 a los partidos pol\u00edticos a evitar la politizaci\u00f3n de los temas relacionados &#8230;<\/p>\n","protected":false},"author":2,"featured_media":224957,"comment_status":"closed","ping_status":"closed","sticky":false,"template":"","format":"standard","meta":{"footnotes":""},"categories":[25],"tags":[],"class_list":["post-224955","post","type-post","status-publish","format-standard","has-post-thumbnail","hentry","category-noticias"],"yoast_head":"<!-- This site is optimized with the Yoast SEO plugin v24.8.1 - https:\/\/yoast.com\/wordpress\/plugins\/seo\/ -->\n<title>Bautista llama a mantener la educaci\u00f3n alejada de intereses pol\u00edticos - PotenciaRadiofonicaDominicana.com<\/title>\n<meta name=\"robots\" content=\"index, follow, max-snippet:-1, max-image-preview:large, max-video-preview:-1\" \/>\n<link rel=\"canonical\" href=\"https:\/\/potenciaradiofonicadominicana.com\/portal\/bautista-llama-a-mantener-la-educacion-alejada-de-intereses-politicos\/\" \/>\n<meta property=\"og:locale\" content=\"es_ES\" \/>\n<meta property=\"og:type\" content=\"article\" \/>\n<meta property=\"og:title\" content=\"Bautista llama a mantener la educaci\u00f3n alejada de intereses pol\u00edticos - PotenciaRadiofonicaDominicana.com\" \/>\n<meta property=\"og:description\" content=\"El ministro administrativo de la Presidencia,\u00a0Andr\u00e9s Bautista, llam\u00f3 a los partidos pol\u00edticos a evitar la politizaci\u00f3n de los temas relacionados ...\" \/>\n<meta property=\"og:url\" content=\"https:\/\/potenciaradiofonicadominicana.com\/portal\/bautista-llama-a-mantener-la-educacion-alejada-de-intereses-politicos\/\" \/>\n<meta property=\"og:site_name\" content=\"PotenciaRadiofonicaDominicana.com\" \/>\n<meta property=\"article:publisher\" content=\"https:\/\/web.facebook.com\/PotenciaRadiofonicaD\" \/>\n<meta property=\"article:published_time\" content=\"2026-08-30T22:46:20+00:00\" \/>\n<meta property=\"og:image\" content=\"https:\/\/potenciaradiofonicadominicana.com\/portal\/wp-content\/uploads\/2026\/08\/Captura-de-pantalla-2026-08-30-175339.webp\" \/>\n\t<meta property=\"og:image:width\" content=\"678\" \/>\n\t<meta property=\"og:image:height\" content=\"452\" \/>\n\t<meta property=\"og:image:type\" content=\"image\/webp\" \/>\n<meta name=\"author\" content=\"Potencia Radiof\u00f3nica Dominicana\" \/>\n<meta name=\"twitter:card\" content=\"summary_large_image\" \/>\n<meta name=\"twitter:label1\" content=\"Escrito por\" \/>\n\t<meta name=\"twitter:data1\" content=\"Potencia Radiof\u00f3nica Dominicana\" \/>\n\t<meta name=\"twitter:label2\" content=\"Tiempo de lectura\" \/>\n\t<meta name=\"twitter:data2\" content=\"2 minutos\" \/>\n<script type=\"application\/ld+json\" class=\"yoast-schema-graph\">{\"@context\":\"https:\/\/schema.org\",\"@graph\":[{\"@type\":\"Article\",\"@id\":\"https:\/\/potenciaradiofonicadominicana.com\/portal\/bautista-llama-a-mantener-la-educacion-alejada-de-intereses-politicos\/#article\",\"isPartOf\":{\"@id\":\"https:\/\/potenciaradiofonicadominicana.com\/portal\/bautista-llama-a-mantener-la-educacion-alejada-de-intereses-politicos\/\"},\"author\":{\"name\":\"Potencia Radiof\u00f3nica Dominicana\",\"@id\":\"https:\/\/potenciaradiofonicadominicana.com\/portal\/#\/schema\/person\/a5cf1fea13877803ee0573ac18b03490\"},\"headline\":\"Bautista llama a mantener la educaci\u00f3n alejada de intereses pol\u00edticos\",\"datePublished\":\"2026-08-30T22:46:20+00:00\",\"mainEntityOfPage\":{\"@id\":\"https:\/\/potenciaradiofonicadominicana.com\/portal\/bautista-llama-a-mantener-la-educacion-alejada-de-intereses-politicos\/\"},\"wordCount\":263,\"publisher\":{\"@id\":\"https:\/\/potenciaradiofonicadominicana.com\/portal\/#organization\"},\"image\":{\"@id\":\"https:\/\/potenciaradiofonicadominicana.com\/portal\/bautista-llama-a-mantener-la-educacion-alejada-de-intereses-politicos\/#primaryimage\"},\"thumbnailUrl\":\"https:\/\/potenciaradiofonicadominicana.com\/portal\/wp-content\/uploads\/2026\/08\/Captura-de-pantalla-2026-08-30-175339.webp\",\"articleSection\":[\"Noticias\"],\"inLanguage\":\"es\"},{\"@type\":\"WebPage\",\"@id\":\"https:\/\/potenciaradiofonicadominicana.com\/portal\/bautista-llama-a-mantener-la-educacion-alejada-de-intereses-politicos\/\",\"url\":\"https:\/\/potenciaradiofonicadominicana.com\/portal\/bautista-llama-a-mantener-la-educacion-alejada-de-intereses-politicos\/\",\"name\":\"Bautista llama a mantener la educaci\u00f3n alejada de intereses pol\u00edticos - PotenciaRadiofonicaDominicana.com\",\"isPartOf\":{\"@id\":\"https:\/\/potenciaradiofonicadominicana.com\/portal\/#website\"},\"primaryImageOfPage\":{\"@id\":\"https:\/\/potenciaradiofonicadominicana.com\/portal\/bautista-llama-a-mantener-la-educacion-alejada-de-intereses-politicos\/#primaryimage\"},\"image\":{\"@id\":\"https:\/\/potenciaradiofonicadominicana.com\/portal\/bautista-llama-a-mantener-la-educacion-alejada-de-intereses-politicos\/#primaryimage\"},\"thumbnailUrl\":\"https:\/\/potenciaradiofonicadominicana.com\/portal\/wp-content\/uploads\/2026\/08\/Captura-de-pantalla-2026-08-30-175339.webp\",\"datePublished\":\"2026-08-30T22:46:20+00:00\",\"breadcrumb\":{\"@id\":\"https:\/\/potenciaradiofonicadominicana.com\/portal\/bautista-llama-a-mantener-la-educacion-alejada-de-intereses-politicos\/#breadcrumb\"},\"inLanguage\":\"es\",\"potentialAction\":[{\"@type\":\"ReadAction\",\"target\":[\"https:\/\/potenciaradiofonicadominicana.com\/portal\/bautista-llama-a-mantener-la-educacion-alejada-de-intereses-politicos\/\"]}]},{\"@type\":\"ImageObject\",\"inLanguage\":\"es\",\"@id\":\"https:\/\/potenciaradiofonicadominicana.com\/portal\/bautista-llama-a-mantener-la-educacion-alejada-de-intereses-politicos\/#primaryimage\",\"url\":\"https:\/\/potenciaradiofonicadominicana.com\/portal\/wp-content\/uploads\/2026\/08\/Captura-de-pantalla-2026-08-30-175339.webp\",\"contentUrl\":\"https:\/\/potenciaradiofonicadominicana.com\/portal\/wp-content\/uploads\/2026\/08\/Captura-de-pantalla-2026-08-30-175339.webp\",\"width\":678,\"height\":452},{\"@type\":\"BreadcrumbList\",\"@id\":\"https:\/\/potenciaradiofonicadominicana.com\/portal\/bautista-llama-a-mantener-la-educacion-alejada-de-intereses-politicos\/#breadcrumb\",\"itemListElement\":[{\"@type\":\"ListItem\",\"position\":1,\"name\":\"Portada\",\"item\":\"https:\/\/potenciaradiofonicadominicana.com\/portal\/\"},{\"@type\":\"ListItem\",\"position\":2,\"name\":\"Bautista llama a mantener la educaci\u00f3n alejada de intereses pol\u00edticos\"}]},{\"@type\":\"WebSite\",\"@id\":\"https:\/\/potenciaradiofonicadominicana.com\/portal\/#website\",\"url\":\"https:\/\/potenciaradiofonicadominicana.com\/portal\/\",\"name\":\"PotenciaRadiofonicaDominicana.com\",\"description\":\"Peri\u00f3dico Digital\",\"publisher\":{\"@id\":\"https:\/\/potenciaradiofonicadominicana.com\/portal\/#organization\"},\"potentialAction\":[{\"@type\":\"SearchAction\",\"target\":{\"@type\":\"EntryPoint\",\"urlTemplate\":\"https:\/\/potenciaradiofonicadominicana.com\/portal\/?s={search_term_string}\"},\"query-input\":{\"@type\":\"PropertyValueSpecification\",\"valueRequired\":true,\"valueName\":\"search_term_string\"}}],\"inLanguage\":\"es\"},{\"@type\":\"Organization\",\"@id\":\"https:\/\/potenciaradiofonicadominicana.com\/portal\/#organization\",\"name\":\"PotenciaRadiofonicaDominicana.com\",\"url\":\"https:\/\/potenciaradiofonicadominicana.com\/portal\/\",\"logo\":{\"@type\":\"ImageObject\",\"inLanguage\":\"es\",\"@id\":\"https:\/\/potenciaradiofonicadominicana.com\/portal\/#\/schema\/logo\/image\/\",\"url\":\"https:\/\/potenciaradiofonicadominicana.com\/portal\/wp-content\/uploads\/2022\/01\/descarga.png\",\"contentUrl\":\"https:\/\/potenciaradiofonicadominicana.com\/portal\/wp-content\/uploads\/2022\/01\/descarga.png\",\"width\":300,\"height\":100,\"caption\":\"PotenciaRadiofonicaDominicana.com\"},\"image\":{\"@id\":\"https:\/\/potenciaradiofonicadominicana.com\/portal\/#\/schema\/logo\/image\/\"},\"sameAs\":[\"https:\/\/web.facebook.com\/PotenciaRadiofonicaD\"]},{\"@type\":\"Person\",\"@id\":\"https:\/\/potenciaradiofonicadominicana.com\/portal\/#\/schema\/person\/a5cf1fea13877803ee0573ac18b03490\",\"name\":\"Potencia Radiof\u00f3nica Dominicana\",\"image\":{\"@type\":\"ImageObject\",\"inLanguage\":\"es\",\"@id\":\"https:\/\/potenciaradiofonicadominicana.com\/portal\/#\/schema\/person\/image\/\",\"url\":\"https:\/\/secure.gravatar.com\/avatar\/42a55ab9e8ccc656ba34cd791990602a?s=96&d=mm&r=g\",\"contentUrl\":\"https:\/\/secure.gravatar.com\/avatar\/42a55ab9e8ccc656ba34cd791990602a?s=96&d=mm&r=g\",\"caption\":\"Potencia Radiof\u00f3nica Dominicana\"},\"url\":\"https:\/\/potenciaradiofonicadominicana.com\/portal\/author\/johannyalmanzar\/\"}]}<\/script>\n<!-- \/ Yoast SEO plugin. -->","yoast_head_json":{"title":"Bautista llama a mantener la educaci\u00f3n alejada de intereses pol\u00edticos - PotenciaRadiofonicaDominicana.com","robots":{"index":"index","follow":"follow","max-snippet":"max-snippet:-1","max-image-preview":"max-image-preview:large","max-video-preview":"max-video-preview:-1"},"canonical":"https:\/\/potenciaradiofonicadominicana.com\/portal\/bautista-llama-a-mantener-la-educacion-alejada-de-intereses-politicos\/","og_locale":"es_ES","og_type":"article","og_title":"Bautista llama a mantener la educaci\u00f3n alejada de intereses pol\u00edticos - PotenciaRadiofonicaDominicana.com","og_description":"El ministro administrativo de la Presidencia,\u00a0Andr\u00e9s Bautista, llam\u00f3 a los partidos pol\u00edticos a evitar la politizaci\u00f3n de los temas relacionados ...","og_url":"https:\/\/potenciaradiofonicadominicana.com\/portal\/bautista-llama-a-mantener-la-educacion-alejada-de-intereses-politicos\/","og_site_name":"PotenciaRadiofonicaDominicana.com","article_publisher":"https:\/\/web.facebook.com\/PotenciaRadiofonicaD","article_published_time":"2026-08-30T22:46:20+00:00","og_image":[{"width":678,"height":452,"url":"https:\/\/potenciaradiofonicadominicana.com\/portal\/wp-content\/uploads\/2026\/08\/Captura-de-pantalla-2026-08-30-175339.webp","type":"image\/webp"}],"author":"Potencia Radiof\u00f3nica Dominicana","twitter_card":"summary_large_image","twitter_misc":{"Escrito por":"Potencia Radiof\u00f3nica Dominicana","Tiempo de lectura":"2 minutos"},"schema":{"@context":"https:\/\/schema.org","@graph":[{"@type":"Article","@id":"https:\/\/potenciaradiofonicadominicana.com\/portal\/bautista-llama-a-mantener-la-educacion-alejada-de-intereses-politicos\/#article","isPartOf":{"@id":"https:\/\/potenciaradiofonicadominicana.com\/portal\/bautista-llama-a-mantener-la-educacion-alejada-de-intereses-politicos\/"},"author":{"name":"Potencia Radiof\u00f3nica Dominicana","@id":"https:\/\/potenciaradiofonicadominicana.com\/portal\/#\/schema\/person\/a5cf1fea13877803ee0573ac18b03490"},"headline":"Bautista llama a mantener la educaci\u00f3n alejada de intereses pol\u00edticos","datePublished":"2026-08-30T22:46:20+00:00","mainEntityOfPage":{"@id":"https:\/\/potenciaradiofonicadominicana.com\/portal\/bautista-llama-a-mantener-la-educacion-alejada-de-intereses-politicos\/"},"wordCount":263,"publisher":{"@id":"https:\/\/potenciaradiofonicadominicana.com\/portal\/#organization"},"image":{"@id":"https:\/\/potenciaradiofonicadominicana.com\/portal\/bautista-llama-a-mantener-la-educacion-alejada-de-intereses-politicos\/#primaryimage"},"thumbnailUrl":"https:\/\/potenciaradiofonicadominicana.com\/portal\/wp-content\/uploads\/2026\/08\/Captura-de-pantalla-2026-08-30-175339.webp","articleSection":["Noticias"],"inLanguage":"es"},{"@type":"WebPage","@id":"https:\/\/potenciaradiofonicadominicana.com\/portal\/bautista-llama-a-mantener-la-educacion-alejada-de-intereses-politicos\/","url":"https:\/\/potenciaradiofonicadominicana.com\/portal\/bautista-llama-a-mantener-la-educacion-alejada-de-intereses-politicos\/","name":"Bautista llama a mantener la educaci\u00f3n alejada de intereses pol\u00edticos - PotenciaRadiofonicaDominicana.com","isPartOf":{"@id":"https:\/\/potenciaradiofonicadominicana.com\/portal\/#website"},"primaryImageOfPage":{"@id":"https:\/\/potenciaradiofonicadominicana.com\/portal\/bautista-llama-a-mantener-la-educacion-alejada-de-intereses-politicos\/#primaryimage"},"image":{"@id":"https:\/\/potenciaradiofonicadominicana.com\/portal\/bautista-llama-a-mantener-la-educacion-alejada-de-intereses-politicos\/#primaryimage"},"thumbnailUrl":"https:\/\/potenciaradiofonicadominicana.com\/portal\/wp-content\/uploads\/2026\/08\/Captura-de-pantalla-2026-08-30-175339.webp","datePublished":"2026-08-30T22:46:20+00:00","breadcrumb":{"@id":"https:\/\/potenciaradiofonicadominicana.com\/portal\/bautista-llama-a-mantener-la-educacion-alejada-de-intereses-politicos\/#breadcrumb"},"inLanguage":"es","potentialAction":[{"@type":"ReadAction","target":["https:\/\/potenciaradiofonicadominicana.com\/portal\/bautista-llama-a-mantener-la-educacion-alejada-de-intereses-politicos\/"]}]},{"@type":"ImageObject","inLanguage":"es","@id":"https:\/\/potenciaradiofonicadominicana.com\/portal\/bautista-llama-a-mantener-la-educacion-alejada-de-intereses-politicos\/#primaryimage","url":"https:\/\/potenciaradiofonicadominicana.com\/portal\/wp-content\/uploads\/2026\/08\/Captura-de-pantalla-2026-08-30-175339.webp","contentUrl":"https:\/\/potenciaradiofonicadominicana.com\/portal\/wp-content\/uploads\/2026\/08\/Captura-de-pantalla-2026-08-30-175339.webp","width":678,"height":452},{"@type":"BreadcrumbList","@id":"https:\/\/potenciaradiofonicadominicana.com\/portal\/bautista-llama-a-mantener-la-educacion-alejada-de-intereses-politicos\/#breadcrumb","itemListElement":[{"@type":"ListItem","position":1,"name":"Portada","item":"https:\/\/potenciaradiofonicadominicana.com\/portal\/"},{"@type":"ListItem","position":2,"name":"Bautista llama a mantener la educaci\u00f3n alejada de intereses pol\u00edticos"}]},{"@type":"WebSite","@id":"https:\/\/potenciaradiofonicadominicana.com\/portal\/#website","url":"https:\/\/potenciaradiofonicadominicana.com\/portal\/","name":"PotenciaRadiofonicaDominicana.com","description":"Peri\u00f3dico Digital","publisher":{"@id":"https:\/\/potenciaradiofonicadominicana.com\/portal\/#organization"},"potentialAction":[{"@type":"SearchAction","target":{"@type":"EntryPoint","urlTemplate":"https:\/\/potenciaradiofonicadominicana.com\/portal\/?s={search_term_string}"},"query-input":{"@type":"PropertyValueSpecification","valueRequired":true,"valueName":"search_term_string"}}],"inLanguage":"es"},{"@type":"Organization","@id":"https:\/\/potenciaradiofonicadominicana.com\/portal\/#organization","name":"PotenciaRadiofonicaDominicana.com","url":"https:\/\/potenciaradiofonicadominicana.com\/portal\/","logo":{"@type":"ImageObject","inLanguage":"es","@id":"https:\/\/potenciaradiofonicadominicana.com\/portal\/#\/schema\/logo\/image\/","url":"https:\/\/potenciaradiofonicadominicana.com\/portal\/wp-content\/uploads\/2022\/01\/descarga.png","contentUrl":"https:\/\/potenciaradiofonicadominicana.com\/portal\/wp-content\/uploads\/2022\/01\/descarga.png","width":300,"height":100,"caption":"PotenciaRadiofonicaDominicana.com"},"image":{"@id":"https:\/\/potenciaradiofonicadominicana.com\/portal\/#\/schema\/logo\/image\/"},"sameAs":["https:\/\/web.facebook.com\/PotenciaRadiofonicaD"]},{"@type":"Person","@id":"https:\/\/potenciaradiofonicadominicana.com\/portal\/#\/schema\/person\/a5cf1fea13877803ee0573ac18b03490","name":"Potencia Radiof\u00f3nica Dominicana","image":{"@type":"ImageObject","inLanguage":"es","@id":"https:\/\/potenciaradiofonicadominicana.com\/portal\/#\/schema\/person\/image\/","url":"https:\/\/secure.gravatar.com\/avatar\/42a55ab9e8ccc656ba34cd791990602a?s=96&d=mm&r=g","contentUrl":"https:\/\/secure.gravatar.com\/avatar\/42a55ab9e8ccc656ba34cd791990602a?s=96&d=mm&r=g","caption":"Potencia Radiof\u00f3nica Dominicana"},"url":"https:\/\/potenciaradiofonicadominicana.com\/portal\/author\/johannyalmanzar\/"}]}},"_links":{"self":[{"href":"https:\/\/potenciaradiofonicadominicana.com\/portal\/wp-json\/wp\/v2\/posts\/224955","targetHints":{"allow":["GET"]}}],"collection":[{"href":"https:\/\/potenciaradiofonicadominicana.com\/portal\/wp-json\/wp\/v2\/posts"}],"about":[{"href":"https:\/\/potenciaradiofonicadominicana.com\/portal\/wp-json\/wp\/v2\/types\/post"}],"author":[{"embeddable":true,"href":"https:\/\/potenciaradiofonicadominicana.com\/portal\/wp-json\/wp\/v2\/users\/2"}],"replies":[{"embeddable":true,"href":"https:\/\/potenciaradiofonicadominicana.com\/portal\/wp-json\/wp\/v2\/comments?post=224955"}],"version-history":[{"count":1,"href":"https:\/\/potenciaradiofonicadominicana.com\/portal\/wp-json\/wp\/v2\/posts\/224955\/revisions"}],"predecessor-version":[{"id":224958,"href":"https:\/\/potenciaradiofonicadominicana.com\/portal\/wp-json\/wp\/v2\/posts\/224955\/revisions\/224958"}],"wp:featuredmedia":[{"embeddable":true,"href":"https:\/\/potenciaradiofonicadominicana.com\/portal\/wp-json\/wp\/v2\/media\/224957"}],"wp:attachment":[{"href":"https:\/\/potenciaradiofonicadominicana.com\/portal\/wp-json\/wp\/v2\/media?parent=224955"}],"wp:term":[{"taxonomy":"category","embeddable":true,"href":"https:\/\/potenciaradiofonicadominicana.com\/portal\/wp-json\/wp\/v2\/categories?post=224955"},{"taxonomy":"post_tag","embeddable":true,"href":"https:\/\/potenciaradiofonicadominicana.com\/portal\/wp-json\/wp\/v2\/tags?post=224955"}],"curies":[{"name":"wp","href":"https:\/\/api.w.org\/{rel}","templated":true}]}}