{"id":224952,"date":"2026-08-30T18:41:51","date_gmt":"2026-08-30T22:41:51","guid":{"rendered":"https:\/\/potenciaradiofonicadominicana.com\/portal\/?p=224952"},"modified":"2026-08-30T18:41:51","modified_gmt":"2026-08-30T22:41:51","slug":"vicepresidenta-raquel-pena-y-ministro-jean-luis-rodriguez-entregan-128-nuevos-apartamentos-en-neyba","status":"publish","type":"post","link":"https:\/\/potenciaradiofonicadominicana.com\/portal\/vicepresidenta-raquel-pena-y-ministro-jean-luis-rodriguez-entregan-128-nuevos-apartamentos-en-neyba\/","title":{"rendered":"Vicepresidenta Raquel Pe\u00f1a y ministro Jean Luis Rodr\u00edguez entregan 128 nuevos apartamentos en Neyba"},"content":{"rendered":"<p><a href=\"https:\/\/potenciaradiofonicadominicana.com\/portal\/wp-content\/uploads\/2026\/08\/Vista-del-Lago-_9773-1024x635-1.jpg\"><img loading=\"lazy\" decoding=\"async\" class=\"alignnone size-full wp-image-224953\" src=\"https:\/\/potenciaradiofonicadominicana.com\/portal\/wp-content\/uploads\/2026\/08\/Vista-del-Lago-_9773-1024x635-1.jpg\" alt=\"\" width=\"1300\" height=\"731\" srcset=\"https:\/\/potenciaradiofonicadominicana.com\/portal\/wp-content\/uploads\/2026\/08\/Vista-del-Lago-_9773-1024x635-1.jpg 1300w, https:\/\/potenciaradiofonicadominicana.com\/portal\/wp-content\/uploads\/2026\/08\/Vista-del-Lago-_9773-1024x635-1-300x169.jpg 300w, https:\/\/potenciaradiofonicadominicana.com\/portal\/wp-content\/uploads\/2026\/08\/Vista-del-Lago-_9773-1024x635-1-1024x576.jpg 1024w, https:\/\/potenciaradiofonicadominicana.com\/portal\/wp-content\/uploads\/2026\/08\/Vista-del-Lago-_9773-1024x635-1-768x432.jpg 768w\" sizes=\"auto, (max-width: 1300px) 100vw, 1300px\" \/><\/a><\/p>\n<p dir=\"ltr\">Bahoruco.\u2013 La vicepresidenta de la Rep\u00fablica,\u00a0<strong>Raquel Pe\u00f1a<\/strong>, y el ministro de Vivienda, H\u00e1bitat y Edificaciones,\u00a0<strong>Jean Luis Rodr\u00edguez<\/strong>, encabezaron la\u00a0<strong>entrega formal<\/strong>\u00a0de la\u00a0<strong>primera etapa<\/strong>\u00a0del proyecto habitacional\u00a0<strong>Residencial Vista del Lago I &amp; II\u00a0<\/strong>en el municipio de\u00a0<strong>Neyba<\/strong>, provincia Bahoruco, cumpliendo con el firme compromiso de\u00a0<strong>continuidad de las obras y el bienestar colectivo.<\/strong><\/p>\n<p dir=\"ltr\">Esta inauguraci\u00f3n constituye la\u00a0<strong>segunda entrega realizada por Rodr\u00edguez<\/strong>\u00a0en su primera semana al frente del Mivhed, consolidando una gesti\u00f3n orientada a la\u00a0<strong>eficiencia<\/strong>, el\u00a0<strong>seguimiento continuo<\/strong>\u00a0de los proyectos en desarrollo y la\u00a0<strong>reducci\u00f3n del d\u00e9ficit habitacional<\/strong>\u00a0en todo el territorio nacional.<\/p>\n<p dir=\"ltr\">En el acto de entrega, la vicepresidenta Raquel Pe\u00f1a,\u00a0<strong>llam\u00f3 a los beneficiarios a preservar el proyecto<\/strong>\u00a0con la conformaci\u00f3n de estatutos claros para que, bajo la ley, sea un lugar para que las familias inicien\u00a0<strong>una etapa de vida nueva.<\/strong><\/p>\n<p dir=\"ltr\"><em>\u201cCon esto, el presidente Luis Abinader est\u00e1 reafirmando nuestro compromiso de seguir construyendo soluciones habitacionales para que mejoren y eleven la calidad de vida de todos los dominicanos\u201d,<\/em>\u00a0expres\u00f3 Pe\u00f1a.<\/p>\n<p dir=\"ltr\">Mientras, el ministro Jean Luis Rodr\u00edguez agradeci\u00f3 a las familias que recibieron sus llaves.<\/p>\n<p dir=\"ltr\"><em>\u201cGracias por su confianza y por creer en este proyecto. Sepan que el Mivhed seguir\u00e1 acompa\u00f1\u00e1ndolos, porque nuestro compromiso no termina con la entrega: contin\u00faa aqu\u00ed, en la comunidad que hoy comienza a crecer. Seguiremos construyendo un mejor futuro para que cada vez m\u00e1s dominicanos puedan decir con orgullo: \u2018Esta es mi casa propia, este es mi hogar\u2019\u201d,<\/em>\u00a0afirm\u00f3 el ministro.<\/p>\n<p dir=\"ltr\">En tanto, la gobernadora de la provincia,\u00a0<strong>Mar\u00eda Esther D\u00edaz<\/strong>, augur\u00f3 a las familias un devenir promisorio y las\u00a0<strong>invit\u00f3 a aprovechar sus hogares para construir recuerdos.<\/strong><\/p>\n<p dir=\"ltr\">El proyecto habitacional Residencial Vista del Lago representa una\u00a0<strong>inversi\u00f3n total de RD 352 millones\u00a0<\/strong>gestionada a trav\u00e9s de Fonvivienda, en la que\u00a0<strong>el subsidio estatal aporta RD 76 millones<\/strong>. Levantado sobre un terreno de cerca de 7,400 metros cuadrados, con un \u00e1rea de construcci\u00f3n de m\u00e1s de 7,000 m\u00b2, el complejo contar\u00e1 con\u00a0<strong>un total de 240 apartamentos<\/strong>. En esta<strong>\u00a0primera etapa\u00a0<\/strong>se est\u00e1n entregando<strong>\u00a0128 unidades.<\/strong><\/p>\n<p dir=\"ltr\">Las viviendas disponen de sala, comedor, cocina, balc\u00f3n, \u00e1rea de lavado, gazebos, \u00e1reas de recreaci\u00f3n y verdes, v\u00edas de acceso asfaltadas, as\u00ed como instalaciones el\u00e9ctricas y sanitarias de \u00faltima generaci\u00f3n.<\/p>\n<p dir=\"ltr\"><strong>Perfil social de las familias beneficiadas en Vista del Lago<\/strong><\/p>\n<p dir=\"ltr\">La entrega de Vista del Lago constituye una\u00a0<strong>intervenci\u00f3n habitacional de alto impacto social,<\/strong>\u00a0orientada a priorizar el acceso justo y equitativo de 70 familias vulnerables. El Mivhed realiz\u00f3 un\u00a0<strong>levantamiento exhaustivo<\/strong>\u00a0de\u00a0<strong>informaci\u00f3n socioecon\u00f3mica<\/strong>\u00a0para construir un\u00a0<strong>perfil integral de los beneficiarios,<\/strong>\u00a0respaldando t\u00e9cnicamente la toma de decisiones orientadas a la\u00a0<strong>reducci\u00f3n de brechas sociales.\u00a0<\/strong>Los datos que se<strong>\u00a0<\/strong>tomaron en cuenta<strong>\u00a0<\/strong>fueron los siguientes:<\/p>\n<p dir=\"ltr\"><strong>Distribuci\u00f3n demogr\u00e1fica y enfoque de g\u00e9nero<\/strong><\/p>\n<p dir=\"ltr\"><strong>Distribuci\u00f3n por edad<\/strong>: El 55.7 % de los titulares se ubica entre 18 y 35 a\u00f1os (39 personas), reflejando una\u00a0<strong>alta presencia de j\u00f3venes en consolidaci\u00f3n laboral y familiar<\/strong>. El 28.6 % (20 personas) pertenece al rango de 36 a 45 a\u00f1os; el 11.4 % (8 personas) entre 46 y 55 a\u00f1os, y un 4.3 % (3 personas) supera los 55 a\u00f1os, requiriendo condiciones especiales de accesibilidad e inclusi\u00f3n.<\/p>\n<p dir=\"ltr\"><strong>Marcada presencia femenina<\/strong><\/p>\n<p dir=\"ltr\">El 70.0 % de los titulares son mujeres, evidenciando el\u00a0<strong>protagonismo femenino<\/strong>\u00a0en el acceso a soluciones habitacionales y la prioridad otorgada a hogares encabezados por mujeres. El 30.0 % corresponde a hombres.<\/p>\n<p dir=\"ltr\"><strong>Vulnerabilidad superior y puntaje social<\/strong><\/p>\n<p dir=\"ltr\">El 5.7 % de los hogares reporta\u00a0<strong>personas dependientes con discapacidad\u00a0<\/strong>que<strong>\u00a0<\/strong>demandan un acompa\u00f1amiento social continuo. El puntaje social promedio es de 34.2 puntos, confirmando un nivel de vulnerabilidad moderado con alt\u00edsimas posibilidades de superaci\u00f3n a partir de la estabilidad habitacional del proyecto.<\/p>\n<p dir=\"ltr\">En materia laboral, el 87.1 % de los titulares forma parte de la\u00a0<strong>poblaci\u00f3n econ\u00f3micamente activa<\/strong>\u00a0(5.7% desempleados). No obstante, el ingreso promedio mensual de los hogares, que es de RD 40,769.76, resulta\u00a0<strong>insuficiente para la adquisici\u00f3n aut\u00f3noma de vivienda formal<\/strong>. Asimismo, el 19.0 % de los hogares evaluados se clasifica en pobreza moderada seg\u00fan el \u00cdndice de Calidad de Vida (ICV) del SIUBEN (el 81.0 % en estratos medio\/alto seg\u00fan la escala disponible).<\/p>\n<p dir=\"ltr\"><strong>Impacto social y desarrollo sostenible en Bahoruco<\/strong><\/p>\n<p dir=\"ltr\">El proyecto Vista del Lago en Neyba se consolida como un mecanismo efectivo de\u00a0<strong>protecci\u00f3n social que reduce la vulnerabilidad econ\u00f3mico-estructural<\/strong>, fortalece la cohesi\u00f3n comunitaria y brinda un entorno seguro y resiliente para el desarrollo pleno de las familias beneficiadas en el municipio.<\/p>\n<p dir=\"ltr\">En la entrega acompa\u00f1aron a la vicepresidenta\u00a0<strong>Raquel Pe\u00f1a<\/strong>\u00a0y al ministro\u00a0<strong>Jean Luis Rodr\u00edguez<\/strong>, la gobernadora de la provincia,\u00a0<strong>Mar\u00eda Esther D\u00edaz<\/strong>; el senador,\u00a0<strong>Andr\u00e9s Guillermo Lama<\/strong>; el alcalde del municipio de Neiba,\u00a0<strong>Yadel Antonio Suberv\u00ed<\/strong>, entre otras personalidades.<\/p>\n<p dir=\"ltr\">Datos Clave \/ Indicadores<\/p>\n<p dir=\"ltr\">RD 352M: Inversi\u00f3n Total<\/p>\n<p dir=\"ltr\">RD 76 MM: Subsidio \u2013 Inversi\u00f3n P\u00fablica<\/p>\n<p dir=\"ltr\">128 \/ 240: Aptos. Entregados (1.\u00aa Etapa)<\/p>\n<p dir=\"ltr\">70: Familias Beneficiadas<\/p>\n<p dir=\"ltr\">70.0%: Titulares Mujeres<\/p>\n","protected":false},"excerpt":{"rendered":"<p>Bahoruco.\u2013 La vicepresidenta de la Rep\u00fablica,\u00a0Raquel Pe\u00f1a, y el ministro de Vivienda, H\u00e1bitat y Edificaciones,\u00a0Jean Luis Rodr\u00edguez, encabezaron la\u00a0entrega formal\u00a0de &#8230;<\/p>\n","protected":false},"author":2,"featured_media":224953,"comment_status":"closed","ping_status":"closed","sticky":false,"template":"","format":"standard","meta":{"footnotes":""},"categories":[25],"tags":[],"class_list":["post-224952","post","type-post","status-publish","format-standard","has-post-thumbnail","hentry","category-noticias"],"yoast_head":"<!-- This site is optimized with the Yoast SEO plugin v24.8.1 - https:\/\/yoast.com\/wordpress\/plugins\/seo\/ -->\n<title>Vicepresidenta Raquel Pe\u00f1a y ministro Jean Luis Rodr\u00edguez entregan 128 nuevos apartamentos en Neyba - PotenciaRadiofonicaDominicana.com<\/title>\n<meta name=\"robots\" content=\"index, follow, max-snippet:-1, max-image-preview:large, max-video-preview:-1\" \/>\n<link rel=\"canonical\" href=\"https:\/\/potenciaradiofonicadominicana.com\/portal\/vicepresidenta-raquel-pena-y-ministro-jean-luis-rodriguez-entregan-128-nuevos-apartamentos-en-neyba\/\" \/>\n<meta property=\"og:locale\" content=\"es_ES\" \/>\n<meta property=\"og:type\" content=\"article\" \/>\n<meta property=\"og:title\" content=\"Vicepresidenta Raquel Pe\u00f1a y ministro Jean Luis Rodr\u00edguez entregan 128 nuevos apartamentos en Neyba - PotenciaRadiofonicaDominicana.com\" \/>\n<meta property=\"og:description\" content=\"Bahoruco.\u2013 La vicepresidenta de la Rep\u00fablica,\u00a0Raquel Pe\u00f1a, y el ministro de Vivienda, H\u00e1bitat y Edificaciones,\u00a0Jean Luis Rodr\u00edguez, encabezaron la\u00a0entrega formal\u00a0de ...\" \/>\n<meta property=\"og:url\" content=\"https:\/\/potenciaradiofonicadominicana.com\/portal\/vicepresidenta-raquel-pena-y-ministro-jean-luis-rodriguez-entregan-128-nuevos-apartamentos-en-neyba\/\" \/>\n<meta property=\"og:site_name\" content=\"PotenciaRadiofonicaDominicana.com\" \/>\n<meta property=\"article:publisher\" content=\"https:\/\/web.facebook.com\/PotenciaRadiofonicaD\" \/>\n<meta property=\"article:published_time\" content=\"2026-08-30T22:41:51+00:00\" \/>\n<meta property=\"og:image\" content=\"https:\/\/potenciaradiofonicadominicana.com\/portal\/wp-content\/uploads\/2026\/08\/Vista-del-Lago-_9773-1024x635-1.jpg\" \/>\n\t<meta property=\"og:image:width\" content=\"1300\" \/>\n\t<meta property=\"og:image:height\" content=\"731\" \/>\n\t<meta property=\"og:image:type\" content=\"image\/jpeg\" \/>\n<meta name=\"author\" content=\"Potencia Radiof\u00f3nica Dominicana\" \/>\n<meta name=\"twitter:card\" content=\"summary_large_image\" \/>\n<meta name=\"twitter:label1\" content=\"Escrito por\" \/>\n\t<meta name=\"twitter:data1\" content=\"Potencia Radiof\u00f3nica Dominicana\" \/>\n\t<meta name=\"twitter:label2\" content=\"Tiempo de lectura\" \/>\n\t<meta name=\"twitter:data2\" content=\"5 minutos\" \/>\n<script type=\"application\/ld+json\" class=\"yoast-schema-graph\">{\"@context\":\"https:\/\/schema.org\",\"@graph\":[{\"@type\":\"Article\",\"@id\":\"https:\/\/potenciaradiofonicadominicana.com\/portal\/vicepresidenta-raquel-pena-y-ministro-jean-luis-rodriguez-entregan-128-nuevos-apartamentos-en-neyba\/#article\",\"isPartOf\":{\"@id\":\"https:\/\/potenciaradiofonicadominicana.com\/portal\/vicepresidenta-raquel-pena-y-ministro-jean-luis-rodriguez-entregan-128-nuevos-apartamentos-en-neyba\/\"},\"author\":{\"name\":\"Potencia Radiof\u00f3nica Dominicana\",\"@id\":\"https:\/\/potenciaradiofonicadominicana.com\/portal\/#\/schema\/person\/a5cf1fea13877803ee0573ac18b03490\"},\"headline\":\"Vicepresidenta Raquel Pe\u00f1a y ministro Jean Luis Rodr\u00edguez entregan 128 nuevos apartamentos en Neyba\",\"datePublished\":\"2026-08-30T22:41:51+00:00\",\"mainEntityOfPage\":{\"@id\":\"https:\/\/potenciaradiofonicadominicana.com\/portal\/vicepresidenta-raquel-pena-y-ministro-jean-luis-rodriguez-entregan-128-nuevos-apartamentos-en-neyba\/\"},\"wordCount\":831,\"publisher\":{\"@id\":\"https:\/\/potenciaradiofonicadominicana.com\/portal\/#organization\"},\"image\":{\"@id\":\"https:\/\/potenciaradiofonicadominicana.com\/portal\/vicepresidenta-raquel-pena-y-ministro-jean-luis-rodriguez-entregan-128-nuevos-apartamentos-en-neyba\/#primaryimage\"},\"thumbnailUrl\":\"https:\/\/potenciaradiofonicadominicana.com\/portal\/wp-content\/uploads\/2026\/08\/Vista-del-Lago-_9773-1024x635-1.jpg\",\"articleSection\":[\"Noticias\"],\"inLanguage\":\"es\"},{\"@type\":\"WebPage\",\"@id\":\"https:\/\/potenciaradiofonicadominicana.com\/portal\/vicepresidenta-raquel-pena-y-ministro-jean-luis-rodriguez-entregan-128-nuevos-apartamentos-en-neyba\/\",\"url\":\"https:\/\/potenciaradiofonicadominicana.com\/portal\/vicepresidenta-raquel-pena-y-ministro-jean-luis-rodriguez-entregan-128-nuevos-apartamentos-en-neyba\/\",\"name\":\"Vicepresidenta Raquel Pe\u00f1a y ministro Jean Luis Rodr\u00edguez entregan 128 nuevos apartamentos en Neyba - PotenciaRadiofonicaDominicana.com\",\"isPartOf\":{\"@id\":\"https:\/\/potenciaradiofonicadominicana.com\/portal\/#website\"},\"primaryImageOfPage\":{\"@id\":\"https:\/\/potenciaradiofonicadominicana.com\/portal\/vicepresidenta-raquel-pena-y-ministro-jean-luis-rodriguez-entregan-128-nuevos-apartamentos-en-neyba\/#primaryimage\"},\"image\":{\"@id\":\"https:\/\/potenciaradiofonicadominicana.com\/portal\/vicepresidenta-raquel-pena-y-ministro-jean-luis-rodriguez-entregan-128-nuevos-apartamentos-en-neyba\/#primaryimage\"},\"thumbnailUrl\":\"https:\/\/potenciaradiofonicadominicana.com\/portal\/wp-content\/uploads\/2026\/08\/Vista-del-Lago-_9773-1024x635-1.jpg\",\"datePublished\":\"2026-08-30T22:41:51+00:00\",\"breadcrumb\":{\"@id\":\"https:\/\/potenciaradiofonicadominicana.com\/portal\/vicepresidenta-raquel-pena-y-ministro-jean-luis-rodriguez-entregan-128-nuevos-apartamentos-en-neyba\/#breadcrumb\"},\"inLanguage\":\"es\",\"potentialAction\":[{\"@type\":\"ReadAction\",\"target\":[\"https:\/\/potenciaradiofonicadominicana.com\/portal\/vicepresidenta-raquel-pena-y-ministro-jean-luis-rodriguez-entregan-128-nuevos-apartamentos-en-neyba\/\"]}]},{\"@type\":\"ImageObject\",\"inLanguage\":\"es\",\"@id\":\"https:\/\/potenciaradiofonicadominicana.com\/portal\/vicepresidenta-raquel-pena-y-ministro-jean-luis-rodriguez-entregan-128-nuevos-apartamentos-en-neyba\/#primaryimage\",\"url\":\"https:\/\/potenciaradiofonicadominicana.com\/portal\/wp-content\/uploads\/2026\/08\/Vista-del-Lago-_9773-1024x635-1.jpg\",\"contentUrl\":\"https:\/\/potenciaradiofonicadominicana.com\/portal\/wp-content\/uploads\/2026\/08\/Vista-del-Lago-_9773-1024x635-1.jpg\",\"width\":1300,\"height\":731},{\"@type\":\"BreadcrumbList\",\"@id\":\"https:\/\/potenciaradiofonicadominicana.com\/portal\/vicepresidenta-raquel-pena-y-ministro-jean-luis-rodriguez-entregan-128-nuevos-apartamentos-en-neyba\/#breadcrumb\",\"itemListElement\":[{\"@type\":\"ListItem\",\"position\":1,\"name\":\"Portada\",\"item\":\"https:\/\/potenciaradiofonicadominicana.com\/portal\/\"},{\"@type\":\"ListItem\",\"position\":2,\"name\":\"Vicepresidenta Raquel Pe\u00f1a y ministro Jean Luis Rodr\u00edguez entregan 128 nuevos apartamentos en Neyba\"}]},{\"@type\":\"WebSite\",\"@id\":\"https:\/\/potenciaradiofonicadominicana.com\/portal\/#website\",\"url\":\"https:\/\/potenciaradiofonicadominicana.com\/portal\/\",\"name\":\"PotenciaRadiofonicaDominicana.com\",\"description\":\"Peri\u00f3dico Digital\",\"publisher\":{\"@id\":\"https:\/\/potenciaradiofonicadominicana.com\/portal\/#organization\"},\"potentialAction\":[{\"@type\":\"SearchAction\",\"target\":{\"@type\":\"EntryPoint\",\"urlTemplate\":\"https:\/\/potenciaradiofonicadominicana.com\/portal\/?s={search_term_string}\"},\"query-input\":{\"@type\":\"PropertyValueSpecification\",\"valueRequired\":true,\"valueName\":\"search_term_string\"}}],\"inLanguage\":\"es\"},{\"@type\":\"Organization\",\"@id\":\"https:\/\/potenciaradiofonicadominicana.com\/portal\/#organization\",\"name\":\"PotenciaRadiofonicaDominicana.com\",\"url\":\"https:\/\/potenciaradiofonicadominicana.com\/portal\/\",\"logo\":{\"@type\":\"ImageObject\",\"inLanguage\":\"es\",\"@id\":\"https:\/\/potenciaradiofonicadominicana.com\/portal\/#\/schema\/logo\/image\/\",\"url\":\"https:\/\/potenciaradiofonicadominicana.com\/portal\/wp-content\/uploads\/2022\/01\/descarga.png\",\"contentUrl\":\"https:\/\/potenciaradiofonicadominicana.com\/portal\/wp-content\/uploads\/2022\/01\/descarga.png\",\"width\":300,\"height\":100,\"caption\":\"PotenciaRadiofonicaDominicana.com\"},\"image\":{\"@id\":\"https:\/\/potenciaradiofonicadominicana.com\/portal\/#\/schema\/logo\/image\/\"},\"sameAs\":[\"https:\/\/web.facebook.com\/PotenciaRadiofonicaD\"]},{\"@type\":\"Person\",\"@id\":\"https:\/\/potenciaradiofonicadominicana.com\/portal\/#\/schema\/person\/a5cf1fea13877803ee0573ac18b03490\",\"name\":\"Potencia Radiof\u00f3nica Dominicana\",\"image\":{\"@type\":\"ImageObject\",\"inLanguage\":\"es\",\"@id\":\"https:\/\/potenciaradiofonicadominicana.com\/portal\/#\/schema\/person\/image\/\",\"url\":\"https:\/\/secure.gravatar.com\/avatar\/42a55ab9e8ccc656ba34cd791990602a?s=96&d=mm&r=g\",\"contentUrl\":\"https:\/\/secure.gravatar.com\/avatar\/42a55ab9e8ccc656ba34cd791990602a?s=96&d=mm&r=g\",\"caption\":\"Potencia Radiof\u00f3nica Dominicana\"},\"url\":\"https:\/\/potenciaradiofonicadominicana.com\/portal\/author\/johannyalmanzar\/\"}]}<\/script>\n<!-- \/ Yoast SEO plugin. -->","yoast_head_json":{"title":"Vicepresidenta Raquel Pe\u00f1a y ministro Jean Luis Rodr\u00edguez entregan 128 nuevos apartamentos en Neyba - PotenciaRadiofonicaDominicana.com","robots":{"index":"index","follow":"follow","max-snippet":"max-snippet:-1","max-image-preview":"max-image-preview:large","max-video-preview":"max-video-preview:-1"},"canonical":"https:\/\/potenciaradiofonicadominicana.com\/portal\/vicepresidenta-raquel-pena-y-ministro-jean-luis-rodriguez-entregan-128-nuevos-apartamentos-en-neyba\/","og_locale":"es_ES","og_type":"article","og_title":"Vicepresidenta Raquel Pe\u00f1a y ministro Jean Luis Rodr\u00edguez entregan 128 nuevos apartamentos en Neyba - PotenciaRadiofonicaDominicana.com","og_description":"Bahoruco.\u2013 La vicepresidenta de la Rep\u00fablica,\u00a0Raquel Pe\u00f1a, y el ministro de Vivienda, H\u00e1bitat y Edificaciones,\u00a0Jean Luis Rodr\u00edguez, encabezaron la\u00a0entrega formal\u00a0de ...","og_url":"https:\/\/potenciaradiofonicadominicana.com\/portal\/vicepresidenta-raquel-pena-y-ministro-jean-luis-rodriguez-entregan-128-nuevos-apartamentos-en-neyba\/","og_site_name":"PotenciaRadiofonicaDominicana.com","article_publisher":"https:\/\/web.facebook.com\/PotenciaRadiofonicaD","article_published_time":"2026-08-30T22:41:51+00:00","og_image":[{"width":1300,"height":731,"url":"https:\/\/potenciaradiofonicadominicana.com\/portal\/wp-content\/uploads\/2026\/08\/Vista-del-Lago-_9773-1024x635-1.jpg","type":"image\/jpeg"}],"author":"Potencia Radiof\u00f3nica Dominicana","twitter_card":"summary_large_image","twitter_misc":{"Escrito por":"Potencia Radiof\u00f3nica Dominicana","Tiempo de lectura":"5 minutos"},"schema":{"@context":"https:\/\/schema.org","@graph":[{"@type":"Article","@id":"https:\/\/potenciaradiofonicadominicana.com\/portal\/vicepresidenta-raquel-pena-y-ministro-jean-luis-rodriguez-entregan-128-nuevos-apartamentos-en-neyba\/#article","isPartOf":{"@id":"https:\/\/potenciaradiofonicadominicana.com\/portal\/vicepresidenta-raquel-pena-y-ministro-jean-luis-rodriguez-entregan-128-nuevos-apartamentos-en-neyba\/"},"author":{"name":"Potencia Radiof\u00f3nica Dominicana","@id":"https:\/\/potenciaradiofonicadominicana.com\/portal\/#\/schema\/person\/a5cf1fea13877803ee0573ac18b03490"},"headline":"Vicepresidenta Raquel Pe\u00f1a y ministro Jean Luis Rodr\u00edguez entregan 128 nuevos apartamentos en Neyba","datePublished":"2026-08-30T22:41:51+00:00","mainEntityOfPage":{"@id":"https:\/\/potenciaradiofonicadominicana.com\/portal\/vicepresidenta-raquel-pena-y-ministro-jean-luis-rodriguez-entregan-128-nuevos-apartamentos-en-neyba\/"},"wordCount":831,"publisher":{"@id":"https:\/\/potenciaradiofonicadominicana.com\/portal\/#organization"},"image":{"@id":"https:\/\/potenciaradiofonicadominicana.com\/portal\/vicepresidenta-raquel-pena-y-ministro-jean-luis-rodriguez-entregan-128-nuevos-apartamentos-en-neyba\/#primaryimage"},"thumbnailUrl":"https:\/\/potenciaradiofonicadominicana.com\/portal\/wp-content\/uploads\/2026\/08\/Vista-del-Lago-_9773-1024x635-1.jpg","articleSection":["Noticias"],"inLanguage":"es"},{"@type":"WebPage","@id":"https:\/\/potenciaradiofonicadominicana.com\/portal\/vicepresidenta-raquel-pena-y-ministro-jean-luis-rodriguez-entregan-128-nuevos-apartamentos-en-neyba\/","url":"https:\/\/potenciaradiofonicadominicana.com\/portal\/vicepresidenta-raquel-pena-y-ministro-jean-luis-rodriguez-entregan-128-nuevos-apartamentos-en-neyba\/","name":"Vicepresidenta Raquel Pe\u00f1a y ministro Jean Luis Rodr\u00edguez entregan 128 nuevos apartamentos en Neyba - PotenciaRadiofonicaDominicana.com","isPartOf":{"@id":"https:\/\/potenciaradiofonicadominicana.com\/portal\/#website"},"primaryImageOfPage":{"@id":"https:\/\/potenciaradiofonicadominicana.com\/portal\/vicepresidenta-raquel-pena-y-ministro-jean-luis-rodriguez-entregan-128-nuevos-apartamentos-en-neyba\/#primaryimage"},"image":{"@id":"https:\/\/potenciaradiofonicadominicana.com\/portal\/vicepresidenta-raquel-pena-y-ministro-jean-luis-rodriguez-entregan-128-nuevos-apartamentos-en-neyba\/#primaryimage"},"thumbnailUrl":"https:\/\/potenciaradiofonicadominicana.com\/portal\/wp-content\/uploads\/2026\/08\/Vista-del-Lago-_9773-1024x635-1.jpg","datePublished":"2026-08-30T22:41:51+00:00","breadcrumb":{"@id":"https:\/\/potenciaradiofonicadominicana.com\/portal\/vicepresidenta-raquel-pena-y-ministro-jean-luis-rodriguez-entregan-128-nuevos-apartamentos-en-neyba\/#breadcrumb"},"inLanguage":"es","potentialAction":[{"@type":"ReadAction","target":["https:\/\/potenciaradiofonicadominicana.com\/portal\/vicepresidenta-raquel-pena-y-ministro-jean-luis-rodriguez-entregan-128-nuevos-apartamentos-en-neyba\/"]}]},{"@type":"ImageObject","inLanguage":"es","@id":"https:\/\/potenciaradiofonicadominicana.com\/portal\/vicepresidenta-raquel-pena-y-ministro-jean-luis-rodriguez-entregan-128-nuevos-apartamentos-en-neyba\/#primaryimage","url":"https:\/\/potenciaradiofonicadominicana.com\/portal\/wp-content\/uploads\/2026\/08\/Vista-del-Lago-_9773-1024x635-1.jpg","contentUrl":"https:\/\/potenciaradiofonicadominicana.com\/portal\/wp-content\/uploads\/2026\/08\/Vista-del-Lago-_9773-1024x635-1.jpg","width":1300,"height":731},{"@type":"BreadcrumbList","@id":"https:\/\/potenciaradiofonicadominicana.com\/portal\/vicepresidenta-raquel-pena-y-ministro-jean-luis-rodriguez-entregan-128-nuevos-apartamentos-en-neyba\/#breadcrumb","itemListElement":[{"@type":"ListItem","position":1,"name":"Portada","item":"https:\/\/potenciaradiofonicadominicana.com\/portal\/"},{"@type":"ListItem","position":2,"name":"Vicepresidenta Raquel Pe\u00f1a y ministro Jean Luis Rodr\u00edguez entregan 128 nuevos apartamentos en Neyba"}]},{"@type":"WebSite","@id":"https:\/\/potenciaradiofonicadominicana.com\/portal\/#website","url":"https:\/\/potenciaradiofonicadominicana.com\/portal\/","name":"PotenciaRadiofonicaDominicana.com","description":"Peri\u00f3dico Digital","publisher":{"@id":"https:\/\/potenciaradiofonicadominicana.com\/portal\/#organization"},"potentialAction":[{"@type":"SearchAction","target":{"@type":"EntryPoint","urlTemplate":"https:\/\/potenciaradiofonicadominicana.com\/portal\/?s={search_term_string}"},"query-input":{"@type":"PropertyValueSpecification","valueRequired":true,"valueName":"search_term_string"}}],"inLanguage":"es"},{"@type":"Organization","@id":"https:\/\/potenciaradiofonicadominicana.com\/portal\/#organization","name":"PotenciaRadiofonicaDominicana.com","url":"https:\/\/potenciaradiofonicadominicana.com\/portal\/","logo":{"@type":"ImageObject","inLanguage":"es","@id":"https:\/\/potenciaradiofonicadominicana.com\/portal\/#\/schema\/logo\/image\/","url":"https:\/\/potenciaradiofonicadominicana.com\/portal\/wp-content\/uploads\/2022\/01\/descarga.png","contentUrl":"https:\/\/potenciaradiofonicadominicana.com\/portal\/wp-content\/uploads\/2022\/01\/descarga.png","width":300,"height":100,"caption":"PotenciaRadiofonicaDominicana.com"},"image":{"@id":"https:\/\/potenciaradiofonicadominicana.com\/portal\/#\/schema\/logo\/image\/"},"sameAs":["https:\/\/web.facebook.com\/PotenciaRadiofonicaD"]},{"@type":"Person","@id":"https:\/\/potenciaradiofonicadominicana.com\/portal\/#\/schema\/person\/a5cf1fea13877803ee0573ac18b03490","name":"Potencia Radiof\u00f3nica Dominicana","image":{"@type":"ImageObject","inLanguage":"es","@id":"https:\/\/potenciaradiofonicadominicana.com\/portal\/#\/schema\/person\/image\/","url":"https:\/\/secure.gravatar.com\/avatar\/42a55ab9e8ccc656ba34cd791990602a?s=96&d=mm&r=g","contentUrl":"https:\/\/secure.gravatar.com\/avatar\/42a55ab9e8ccc656ba34cd791990602a?s=96&d=mm&r=g","caption":"Potencia Radiof\u00f3nica Dominicana"},"url":"https:\/\/potenciaradiofonicadominicana.com\/portal\/author\/johannyalmanzar\/"}]}},"_links":{"self":[{"href":"https:\/\/potenciaradiofonicadominicana.com\/portal\/wp-json\/wp\/v2\/posts\/224952","targetHints":{"allow":["GET"]}}],"collection":[{"href":"https:\/\/potenciaradiofonicadominicana.com\/portal\/wp-json\/wp\/v2\/posts"}],"about":[{"href":"https:\/\/potenciaradiofonicadominicana.com\/portal\/wp-json\/wp\/v2\/types\/post"}],"author":[{"embeddable":true,"href":"https:\/\/potenciaradiofonicadominicana.com\/portal\/wp-json\/wp\/v2\/users\/2"}],"replies":[{"embeddable":true,"href":"https:\/\/potenciaradiofonicadominicana.com\/portal\/wp-json\/wp\/v2\/comments?post=224952"}],"version-history":[{"count":1,"href":"https:\/\/potenciaradiofonicadominicana.com\/portal\/wp-json\/wp\/v2\/posts\/224952\/revisions"}],"predecessor-version":[{"id":224954,"href":"https:\/\/potenciaradiofonicadominicana.com\/portal\/wp-json\/wp\/v2\/posts\/224952\/revisions\/224954"}],"wp:featuredmedia":[{"embeddable":true,"href":"https:\/\/potenciaradiofonicadominicana.com\/portal\/wp-json\/wp\/v2\/media\/224953"}],"wp:attachment":[{"href":"https:\/\/potenciaradiofonicadominicana.com\/portal\/wp-json\/wp\/v2\/media?parent=224952"}],"wp:term":[{"taxonomy":"category","embeddable":true,"href":"https:\/\/potenciaradiofonicadominicana.com\/portal\/wp-json\/wp\/v2\/categories?post=224952"},{"taxonomy":"post_tag","embeddable":true,"href":"https:\/\/potenciaradiofonicadominicana.com\/portal\/wp-json\/wp\/v2\/tags?post=224952"}],"curies":[{"name":"wp","href":"https:\/\/api.w.org\/{rel}","templated":true}]}}