{"id":224949,"date":"2026-08-30T18:40:44","date_gmt":"2026-08-30T22:40:44","guid":{"rendered":"https:\/\/potenciaradiofonicadominicana.com\/portal\/?p=224949"},"modified":"2026-08-30T18:40:44","modified_gmt":"2026-08-30T22:40:44","slug":"infotep-inaugura-centro-de-formacion-tecnico-los-palmeros-y-amplia-acceso-a-capacitacion-en-santo-domingo-este","status":"publish","type":"post","link":"https:\/\/potenciaradiofonicadominicana.com\/portal\/infotep-inaugura-centro-de-formacion-tecnico-los-palmeros-y-amplia-acceso-a-capacitacion-en-santo-domingo-este\/","title":{"rendered":"Infotep inaugura Centro de Formaci\u00f3n T\u00e9cnico Los Palmeros y ampl\u00eda acceso a capacitaci\u00f3n en Santo Domingo Este"},"content":{"rendered":"<p><a href=\"https:\/\/potenciaradiofonicadominicana.com\/portal\/wp-content\/uploads\/2026\/08\/Centro-de-Formacion-Tecnico-Los-Palmeros-INFOTEP.jpeg\"><img loading=\"lazy\" decoding=\"async\" class=\"alignnone size-full wp-image-224950\" src=\"https:\/\/potenciaradiofonicadominicana.com\/portal\/wp-content\/uploads\/2026\/08\/Centro-de-Formacion-Tecnico-Los-Palmeros-INFOTEP.jpeg\" alt=\"\" width=\"1300\" height=\"731\" srcset=\"https:\/\/potenciaradiofonicadominicana.com\/portal\/wp-content\/uploads\/2026\/08\/Centro-de-Formacion-Tecnico-Los-Palmeros-INFOTEP.jpeg 1300w, https:\/\/potenciaradiofonicadominicana.com\/portal\/wp-content\/uploads\/2026\/08\/Centro-de-Formacion-Tecnico-Los-Palmeros-INFOTEP-300x169.jpeg 300w, https:\/\/potenciaradiofonicadominicana.com\/portal\/wp-content\/uploads\/2026\/08\/Centro-de-Formacion-Tecnico-Los-Palmeros-INFOTEP-1024x576.jpeg 1024w, https:\/\/potenciaradiofonicadominicana.com\/portal\/wp-content\/uploads\/2026\/08\/Centro-de-Formacion-Tecnico-Los-Palmeros-INFOTEP-768x432.jpeg 768w\" sizes=\"auto, (max-width: 1300px) 100vw, 1300px\" \/><\/a><\/p>\n<p dir=\"ltr\">El Instituto Nacional de Formaci\u00f3n T\u00e9cnico Profesional\u00a0<strong>(Infotep)<\/strong>\u00a0inaugur\u00f3 el\u00a0<strong>Centro de Formaci\u00f3n T\u00e9cnico Los Palmeros<\/strong>, ubicado en el sector Luz Mar\u00eda,\u00a0<strong>Santo Domingo Este<\/strong>, en un espacio donado por la\u00a0<strong>Fundaci\u00f3n Amaury Germ\u00e1n Aristy<\/strong>, como parte de los esfuerzos para ampliar el acceso y acercar\u00a0<strong>oportunidades<\/strong>\u00a0<strong>de capacitaci\u00f3n<\/strong>\u00a0a j\u00f3venes y adultos de esta comunidad y zonas aleda\u00f1as.<\/p>\n<p dir=\"ltr\">El acto estuvo encabezado por la directora general del Infotep,\u00a0<strong>Maira Morla Pineda<\/strong>, quien reafirm\u00f3 el compromiso de la instituci\u00f3n de llevar oportunidades de formaci\u00f3n a los territorios donde son necesarias, al destacar que\u00a0<strong>cada espacio habilitado representa una inversi\u00f3n en las capacidades de la poblaci\u00f3n.<\/strong><\/p>\n<p dir=\"ltr\"><em>\u201cCada aula, cada taller y cada equipo que hoy entregamos representa una inversi\u00f3n en el talento de nuestra gente, en su capacidad de superaci\u00f3n y en sus ganas de salir adelante\u201d,<\/em>\u00a0expres\u00f3.<\/p>\n<p dir=\"ltr\">Explic\u00f3 que, para hacer realidad este centro, el Infotep destin\u00f3 una inversi\u00f3n de\u00a0<strong>RD 16 millones<\/strong>, destinados tanto a\u00a0<strong>infraestructura\u00a0<\/strong>como a<strong>\u00a0equipamiento tecnol\u00f3gico y de apoyo.<\/strong><\/p>\n<p dir=\"ltr\">Resalt\u00f3 que el centro inicia esta\u00a0<strong>nueva etapa con sus procesos formativos en marcha.<\/strong>\u00a0Actualmente, desarrolla 8 acciones formativas con 109 participantes activos, mientras que 85 ya han completado satisfactoriamente sus procesos de capacitaci\u00f3n.<\/p>\n<p dir=\"ltr\">Morla Pineda inform\u00f3 que, para finales de este a\u00f1o, el Infotep proyecta alcanzar entre 20 y 25 acciones formativas desde este centro, con los cuales impactar\u00e1 una\u00a0<strong>matr\u00edcula aproximada de 500 participantes.<\/strong><\/p>\n<p dir=\"ltr\"><em>\u201cHoy no solo inauguramos una infraestructura f\u00edsica. Hoy abrimos un espacio de oportunidades, inclusi\u00f3n y sue\u00f1os para las comunidades de Los Frailes, Luz Mar\u00eda, Aguas Locas y para todo Santo Domingo Este\u201d,\u00a0<\/em>afirm\u00f3 la funcionaria.<\/p>\n<p dir=\"ltr\">La presidenta de la Fundaci\u00f3n Amaury Germ\u00e1n Aristy (FAGA),\u00a0<strong>Sagrada Bujosa,<\/strong>\u00a0explic\u00f3 el profundo significado hist\u00f3rico, social y educativo de la inauguraci\u00f3n del Centro de Formaci\u00f3n T\u00e9cnico Profesional Los Palmeros, al recordar que el espacio fue\u00a0<strong>morada de los integrantes de Los Palmeros y escenario de uno de los episodios m\u00e1s trascendentales de la resistencia dominicana.<\/strong><\/p>\n<p dir=\"ltr\"><em>\u201cLa transformaci\u00f3n de esta casa hist\u00f3rica en un centro destinado a la capacitaci\u00f3n de j\u00f3venes y adultos representa la uni\u00f3n entre la memoria hist\u00f3rica y el porvenir, al convertir un lugar marcado por la lucha por la libertad en un espacio donde nuevas generaciones podr\u00e1n prepararse para el trabajo digno y la construcci\u00f3n de un mejor futuro\u201d,\u00a0<\/em>se\u00f1al\u00f3 la viuda Amaury Germ\u00e1n Aristy.<\/p>\n<p dir=\"ltr\">El evento tambi\u00e9n cont\u00f3 con la presencia de\u00a0<strong>Rafael Santos Bad\u00eda<\/strong>, ministro de Educaci\u00f3n Superior, Ciencias y Tecnolog\u00eda (Mescyt);\u00a0<strong>Dio Astacio<\/strong>, alcalde de Santo Domingo Este, y\u00a0<strong>Antonio F\u00e9liz<\/strong>, el presidente del consejo de regidores de ese municipio, as\u00ed como l\u00edderes comunitarios de sectores aleda\u00f1os, directores del Infotep, participantes, facilitadores, entre otros.<\/p>\n<p dir=\"ltr\">Dio Astacio destac\u00f3 que el Centro Tecnol\u00f3gico Comunitario Los Palmeros representa una\u00a0<strong>nueva etapa de lucha<\/strong>, en la que\u00a0<strong>la educaci\u00f3n y la formaci\u00f3n t\u00e9cnica<\/strong>\u00a0se convierten en\u00a0<strong>herramientas para combatir la ignorancia\u00a0<\/strong>y ampliar las oportunidades de los j\u00f3venes.<\/p>\n<p dir=\"ltr\">Asimismo, resalt\u00f3 que la llegada del Infotep a esta comunidad permitir\u00e1 transformar las perspectivas de\u00a0<strong>desarrollo de una poblaci\u00f3n<\/strong>\u00a0que, por su distancia de otros puntos de la ciudad, hist\u00f3ricamente ha tenido\u00a0<strong>menos acceso a oportunidades de formaci\u00f3n.<\/strong><\/p>\n<p dir=\"ltr\"><em>\u201cEl futuro que tienen los j\u00f3venes que est\u00e1n aqu\u00ed cambia radicalmente con la presencia de Infotep aqu\u00ed. Hacemos un llamado a la juventud a asumir con determinaci\u00f3n esta nueva batalla por el conocimiento y el desarrollo\u201d,<\/em>\u00a0manifest\u00f3.<\/p>\n<p dir=\"ltr\">Santos Bad\u00eda destac\u00f3 que el nuevo centro representa una\u00a0<strong>forma de dar continuidad al legado de Los Palmeros<\/strong>, convirtiendo un espacio marcado por la lucha por la libertad y la democracia en un lugar dedicado a la formaci\u00f3n y al desarrollo de las nuevas generaciones.<\/p>\n<p dir=\"ltr\"><em>\u201cEste es un terreno que se conquist\u00f3 en la guerra de la cultura, en la guerra de la democracia, en la guerra del amor\u201d,<\/em>\u00a0afirm\u00f3 Santos Bad\u00eda, al resaltar que ahora este espacio servir\u00e1 para formar t\u00e9cnicos y ampliar las oportunidades de los j\u00f3venes de la comunidad.<\/p>\n<p dir=\"ltr\"><strong>Fundaci\u00f3n Los Palmeros facilit\u00f3 el espacio para el nuevo centro del Infotep<\/strong><\/p>\n<p dir=\"ltr\">El Centro de Formaci\u00f3n T\u00e9cnico Profesional Los Palmeros fue levantado en un espacio facilitado por la Fundaci\u00f3n Amaury Germ\u00e1n Aristy (FAGA), cuyos representantes,\u00a0<strong>Jos\u00e9 Bujosa Mieses (Chino Bujosa), Emma Bujosa y Sagrada Bujosa, viuda de Amaury Germ\u00e1n<\/strong>\u00a0<strong>Aristy<\/strong>, junto con comunitarios y juntas de vecinos de sectores aleda\u00f1os, hicieron posible que el Infotep adecuara el lugar y lo destinar\u00e1 a la formaci\u00f3n t\u00e9cnico-profesional de la poblaci\u00f3n de Santo Domingo Este.<\/p>\n<p dir=\"ltr\"><strong>Una oferta orientada al empleo<\/strong><\/p>\n<p dir=\"ltr\">La oferta formativa del centro incluye carreras t\u00e9cnicas como Peluquer\u00eda, Maquillaje, Actividades de Contabilidad, Ventas de Productos y Servicios, Asistencia en Farmacia, Programaci\u00f3n de Base de Datos, Visitador a M\u00e9dicos y Mantenimiento y Reparaci\u00f3n de Veh\u00edculos, esta \u00faltima bajo la modalidad de formaci\u00f3n dual.<\/p>\n<p dir=\"ltr\">De manera complementaria, el centro desarrolla acciones formativas en \u00e1reas como operaciones de almac\u00e9n, contabilidad, programas de oficina, caja bancaria y comercial, belleza, ventas y promoci\u00f3n de productos farmac\u00e9uticos, entre otras, que ser\u00e1n ampliadas progresivamente de acuerdo con las\u00a0<strong>necesidades de capacitaci\u00f3n<\/strong>\u00a0de la comunidad y la\u00a0<strong>demanda del mercado laboral<\/strong>.<\/p>\n<p dir=\"ltr\">La directora del \u00f3rgano rector de la formaci\u00f3n t\u00e9cnico-profesional manifest\u00f3 tambi\u00e9n que la ampliaci\u00f3n de la oferta responde al prop\u00f3sito de acercar la formaci\u00f3n a las comunidades y generar mayores oportunidades para que las personas desarrollen competencias que les permitan incorporarse al mercado laboral o mejorar sus posibilidades de emprendimiento.<\/p>\n<p dir=\"ltr\"><strong>Una oportunidad para la comunidad<\/strong><\/p>\n<p dir=\"ltr\">Para\u00a0<strong>Camilo Fortuna<\/strong>, presidente de la Asociaci\u00f3n de Junta de Vecinos Los Palmeros, la presencia del Infotep en la comunidad representa una\u00a0<strong>oportunidad especialmente significativa<\/strong>\u00a0para los j\u00f3venes y adultos que anteriormente\u00a0<strong>ten\u00edan que desplazarse hacia otros sectores para acceder a capacitaci\u00f3n.<\/strong><\/p>\n<p dir=\"ltr\"><em>\u201cPara nuestra comunidad, tener este centro aqu\u00ed significa tener m\u00e1s cerca una oportunidad para que nuestros j\u00f3venes puedan prepararse, aprender un oficio y aspirar a un empleo digno sin tener que trasladarse lejos. Como comunidad, valoramos que Infotep haya escuchado esta necesidad y haya tra\u00eddo la formaci\u00f3n t\u00e9cnico profesional hasta el sector, porque cuando se capacita a nuestra gente tambi\u00e9n se contribuye al desarrollo de toda la comunidad\u201d,\u00a0<\/em>expres\u00f3 Fortuna.<\/p>\n<p dir=\"ltr\">El Centro de Formaci\u00f3n T\u00e9cnico Los Palmeros se integra a la red de\u00a0<strong>7 instalaciones propias y 79 Centros Operativos del Sistema (COS)<\/strong>\u00a0que gestiona la\u00a0<strong>Direcci\u00f3n Regional Oriental del Infotep<\/strong>, fortaleciendo la cobertura de formaci\u00f3n t\u00e9cnico profesional en Santo Domingo Este y otras comunidades de la regi\u00f3n.<\/p>\n","protected":false},"excerpt":{"rendered":"<p>El Instituto Nacional de Formaci\u00f3n T\u00e9cnico Profesional\u00a0(Infotep)\u00a0inaugur\u00f3 el\u00a0Centro de Formaci\u00f3n T\u00e9cnico Los Palmeros, ubicado en el sector Luz Mar\u00eda,\u00a0Santo Domingo &#8230;<\/p>\n","protected":false},"author":2,"featured_media":224950,"comment_status":"closed","ping_status":"closed","sticky":false,"template":"","format":"standard","meta":{"footnotes":""},"categories":[25],"tags":[],"class_list":["post-224949","post","type-post","status-publish","format-standard","has-post-thumbnail","hentry","category-noticias"],"yoast_head":"<!-- This site is optimized with the Yoast SEO plugin v24.8.1 - https:\/\/yoast.com\/wordpress\/plugins\/seo\/ -->\n<title>Infotep inaugura Centro de Formaci\u00f3n T\u00e9cnico Los Palmeros y ampl\u00eda acceso a capacitaci\u00f3n en Santo Domingo Este - PotenciaRadiofonicaDominicana.com<\/title>\n<meta name=\"robots\" content=\"index, follow, max-snippet:-1, max-image-preview:large, max-video-preview:-1\" \/>\n<link rel=\"canonical\" href=\"https:\/\/potenciaradiofonicadominicana.com\/portal\/infotep-inaugura-centro-de-formacion-tecnico-los-palmeros-y-amplia-acceso-a-capacitacion-en-santo-domingo-este\/\" \/>\n<meta property=\"og:locale\" content=\"es_ES\" \/>\n<meta property=\"og:type\" content=\"article\" \/>\n<meta property=\"og:title\" content=\"Infotep inaugura Centro de Formaci\u00f3n T\u00e9cnico Los Palmeros y ampl\u00eda acceso a capacitaci\u00f3n en Santo Domingo Este - PotenciaRadiofonicaDominicana.com\" \/>\n<meta property=\"og:description\" content=\"El Instituto Nacional de Formaci\u00f3n T\u00e9cnico Profesional\u00a0(Infotep)\u00a0inaugur\u00f3 el\u00a0Centro de Formaci\u00f3n T\u00e9cnico Los Palmeros, ubicado en el sector Luz Mar\u00eda,\u00a0Santo Domingo ...\" \/>\n<meta property=\"og:url\" content=\"https:\/\/potenciaradiofonicadominicana.com\/portal\/infotep-inaugura-centro-de-formacion-tecnico-los-palmeros-y-amplia-acceso-a-capacitacion-en-santo-domingo-este\/\" \/>\n<meta property=\"og:site_name\" content=\"PotenciaRadiofonicaDominicana.com\" \/>\n<meta property=\"article:publisher\" content=\"https:\/\/web.facebook.com\/PotenciaRadiofonicaD\" \/>\n<meta property=\"article:published_time\" content=\"2026-08-30T22:40:44+00:00\" \/>\n<meta property=\"og:image\" content=\"https:\/\/potenciaradiofonicadominicana.com\/portal\/wp-content\/uploads\/2026\/08\/Centro-de-Formacion-Tecnico-Los-Palmeros-INFOTEP.jpeg\" \/>\n\t<meta property=\"og:image:width\" content=\"1300\" \/>\n\t<meta property=\"og:image:height\" content=\"731\" \/>\n\t<meta property=\"og:image:type\" content=\"image\/jpeg\" \/>\n<meta name=\"author\" content=\"Potencia Radiof\u00f3nica Dominicana\" \/>\n<meta name=\"twitter:card\" content=\"summary_large_image\" \/>\n<meta name=\"twitter:label1\" content=\"Escrito por\" \/>\n\t<meta name=\"twitter:data1\" content=\"Potencia Radiof\u00f3nica Dominicana\" \/>\n\t<meta name=\"twitter:label2\" content=\"Tiempo de lectura\" \/>\n\t<meta name=\"twitter:data2\" content=\"6 minutos\" \/>\n<script type=\"application\/ld+json\" class=\"yoast-schema-graph\">{\"@context\":\"https:\/\/schema.org\",\"@graph\":[{\"@type\":\"Article\",\"@id\":\"https:\/\/potenciaradiofonicadominicana.com\/portal\/infotep-inaugura-centro-de-formacion-tecnico-los-palmeros-y-amplia-acceso-a-capacitacion-en-santo-domingo-este\/#article\",\"isPartOf\":{\"@id\":\"https:\/\/potenciaradiofonicadominicana.com\/portal\/infotep-inaugura-centro-de-formacion-tecnico-los-palmeros-y-amplia-acceso-a-capacitacion-en-santo-domingo-este\/\"},\"author\":{\"name\":\"Potencia Radiof\u00f3nica Dominicana\",\"@id\":\"https:\/\/potenciaradiofonicadominicana.com\/portal\/#\/schema\/person\/a5cf1fea13877803ee0573ac18b03490\"},\"headline\":\"Infotep inaugura Centro de Formaci\u00f3n T\u00e9cnico Los Palmeros y ampl\u00eda acceso a capacitaci\u00f3n en Santo Domingo Este\",\"datePublished\":\"2026-08-30T22:40:44+00:00\",\"mainEntityOfPage\":{\"@id\":\"https:\/\/potenciaradiofonicadominicana.com\/portal\/infotep-inaugura-centro-de-formacion-tecnico-los-palmeros-y-amplia-acceso-a-capacitacion-en-santo-domingo-este\/\"},\"wordCount\":1161,\"publisher\":{\"@id\":\"https:\/\/potenciaradiofonicadominicana.com\/portal\/#organization\"},\"image\":{\"@id\":\"https:\/\/potenciaradiofonicadominicana.com\/portal\/infotep-inaugura-centro-de-formacion-tecnico-los-palmeros-y-amplia-acceso-a-capacitacion-en-santo-domingo-este\/#primaryimage\"},\"thumbnailUrl\":\"https:\/\/potenciaradiofonicadominicana.com\/portal\/wp-content\/uploads\/2026\/08\/Centro-de-Formacion-Tecnico-Los-Palmeros-INFOTEP.jpeg\",\"articleSection\":[\"Noticias\"],\"inLanguage\":\"es\"},{\"@type\":\"WebPage\",\"@id\":\"https:\/\/potenciaradiofonicadominicana.com\/portal\/infotep-inaugura-centro-de-formacion-tecnico-los-palmeros-y-amplia-acceso-a-capacitacion-en-santo-domingo-este\/\",\"url\":\"https:\/\/potenciaradiofonicadominicana.com\/portal\/infotep-inaugura-centro-de-formacion-tecnico-los-palmeros-y-amplia-acceso-a-capacitacion-en-santo-domingo-este\/\",\"name\":\"Infotep inaugura Centro de Formaci\u00f3n T\u00e9cnico Los Palmeros y ampl\u00eda acceso a capacitaci\u00f3n en Santo Domingo Este - PotenciaRadiofonicaDominicana.com\",\"isPartOf\":{\"@id\":\"https:\/\/potenciaradiofonicadominicana.com\/portal\/#website\"},\"primaryImageOfPage\":{\"@id\":\"https:\/\/potenciaradiofonicadominicana.com\/portal\/infotep-inaugura-centro-de-formacion-tecnico-los-palmeros-y-amplia-acceso-a-capacitacion-en-santo-domingo-este\/#primaryimage\"},\"image\":{\"@id\":\"https:\/\/potenciaradiofonicadominicana.com\/portal\/infotep-inaugura-centro-de-formacion-tecnico-los-palmeros-y-amplia-acceso-a-capacitacion-en-santo-domingo-este\/#primaryimage\"},\"thumbnailUrl\":\"https:\/\/potenciaradiofonicadominicana.com\/portal\/wp-content\/uploads\/2026\/08\/Centro-de-Formacion-Tecnico-Los-Palmeros-INFOTEP.jpeg\",\"datePublished\":\"2026-08-30T22:40:44+00:00\",\"breadcrumb\":{\"@id\":\"https:\/\/potenciaradiofonicadominicana.com\/portal\/infotep-inaugura-centro-de-formacion-tecnico-los-palmeros-y-amplia-acceso-a-capacitacion-en-santo-domingo-este\/#breadcrumb\"},\"inLanguage\":\"es\",\"potentialAction\":[{\"@type\":\"ReadAction\",\"target\":[\"https:\/\/potenciaradiofonicadominicana.com\/portal\/infotep-inaugura-centro-de-formacion-tecnico-los-palmeros-y-amplia-acceso-a-capacitacion-en-santo-domingo-este\/\"]}]},{\"@type\":\"ImageObject\",\"inLanguage\":\"es\",\"@id\":\"https:\/\/potenciaradiofonicadominicana.com\/portal\/infotep-inaugura-centro-de-formacion-tecnico-los-palmeros-y-amplia-acceso-a-capacitacion-en-santo-domingo-este\/#primaryimage\",\"url\":\"https:\/\/potenciaradiofonicadominicana.com\/portal\/wp-content\/uploads\/2026\/08\/Centro-de-Formacion-Tecnico-Los-Palmeros-INFOTEP.jpeg\",\"contentUrl\":\"https:\/\/potenciaradiofonicadominicana.com\/portal\/wp-content\/uploads\/2026\/08\/Centro-de-Formacion-Tecnico-Los-Palmeros-INFOTEP.jpeg\",\"width\":1300,\"height\":731},{\"@type\":\"BreadcrumbList\",\"@id\":\"https:\/\/potenciaradiofonicadominicana.com\/portal\/infotep-inaugura-centro-de-formacion-tecnico-los-palmeros-y-amplia-acceso-a-capacitacion-en-santo-domingo-este\/#breadcrumb\",\"itemListElement\":[{\"@type\":\"ListItem\",\"position\":1,\"name\":\"Portada\",\"item\":\"https:\/\/potenciaradiofonicadominicana.com\/portal\/\"},{\"@type\":\"ListItem\",\"position\":2,\"name\":\"Infotep inaugura Centro de Formaci\u00f3n T\u00e9cnico Los Palmeros y ampl\u00eda acceso a capacitaci\u00f3n en Santo Domingo Este\"}]},{\"@type\":\"WebSite\",\"@id\":\"https:\/\/potenciaradiofonicadominicana.com\/portal\/#website\",\"url\":\"https:\/\/potenciaradiofonicadominicana.com\/portal\/\",\"name\":\"PotenciaRadiofonicaDominicana.com\",\"description\":\"Peri\u00f3dico Digital\",\"publisher\":{\"@id\":\"https:\/\/potenciaradiofonicadominicana.com\/portal\/#organization\"},\"potentialAction\":[{\"@type\":\"SearchAction\",\"target\":{\"@type\":\"EntryPoint\",\"urlTemplate\":\"https:\/\/potenciaradiofonicadominicana.com\/portal\/?s={search_term_string}\"},\"query-input\":{\"@type\":\"PropertyValueSpecification\",\"valueRequired\":true,\"valueName\":\"search_term_string\"}}],\"inLanguage\":\"es\"},{\"@type\":\"Organization\",\"@id\":\"https:\/\/potenciaradiofonicadominicana.com\/portal\/#organization\",\"name\":\"PotenciaRadiofonicaDominicana.com\",\"url\":\"https:\/\/potenciaradiofonicadominicana.com\/portal\/\",\"logo\":{\"@type\":\"ImageObject\",\"inLanguage\":\"es\",\"@id\":\"https:\/\/potenciaradiofonicadominicana.com\/portal\/#\/schema\/logo\/image\/\",\"url\":\"https:\/\/potenciaradiofonicadominicana.com\/portal\/wp-content\/uploads\/2022\/01\/descarga.png\",\"contentUrl\":\"https:\/\/potenciaradiofonicadominicana.com\/portal\/wp-content\/uploads\/2022\/01\/descarga.png\",\"width\":300,\"height\":100,\"caption\":\"PotenciaRadiofonicaDominicana.com\"},\"image\":{\"@id\":\"https:\/\/potenciaradiofonicadominicana.com\/portal\/#\/schema\/logo\/image\/\"},\"sameAs\":[\"https:\/\/web.facebook.com\/PotenciaRadiofonicaD\"]},{\"@type\":\"Person\",\"@id\":\"https:\/\/potenciaradiofonicadominicana.com\/portal\/#\/schema\/person\/a5cf1fea13877803ee0573ac18b03490\",\"name\":\"Potencia Radiof\u00f3nica Dominicana\",\"image\":{\"@type\":\"ImageObject\",\"inLanguage\":\"es\",\"@id\":\"https:\/\/potenciaradiofonicadominicana.com\/portal\/#\/schema\/person\/image\/\",\"url\":\"https:\/\/secure.gravatar.com\/avatar\/42a55ab9e8ccc656ba34cd791990602a?s=96&d=mm&r=g\",\"contentUrl\":\"https:\/\/secure.gravatar.com\/avatar\/42a55ab9e8ccc656ba34cd791990602a?s=96&d=mm&r=g\",\"caption\":\"Potencia Radiof\u00f3nica Dominicana\"},\"url\":\"https:\/\/potenciaradiofonicadominicana.com\/portal\/author\/johannyalmanzar\/\"}]}<\/script>\n<!-- \/ Yoast SEO plugin. -->","yoast_head_json":{"title":"Infotep inaugura Centro de Formaci\u00f3n T\u00e9cnico Los Palmeros y ampl\u00eda acceso a capacitaci\u00f3n en Santo Domingo Este - PotenciaRadiofonicaDominicana.com","robots":{"index":"index","follow":"follow","max-snippet":"max-snippet:-1","max-image-preview":"max-image-preview:large","max-video-preview":"max-video-preview:-1"},"canonical":"https:\/\/potenciaradiofonicadominicana.com\/portal\/infotep-inaugura-centro-de-formacion-tecnico-los-palmeros-y-amplia-acceso-a-capacitacion-en-santo-domingo-este\/","og_locale":"es_ES","og_type":"article","og_title":"Infotep inaugura Centro de Formaci\u00f3n T\u00e9cnico Los Palmeros y ampl\u00eda acceso a capacitaci\u00f3n en Santo Domingo Este - PotenciaRadiofonicaDominicana.com","og_description":"El Instituto Nacional de Formaci\u00f3n T\u00e9cnico Profesional\u00a0(Infotep)\u00a0inaugur\u00f3 el\u00a0Centro de Formaci\u00f3n T\u00e9cnico Los Palmeros, ubicado en el sector Luz Mar\u00eda,\u00a0Santo Domingo ...","og_url":"https:\/\/potenciaradiofonicadominicana.com\/portal\/infotep-inaugura-centro-de-formacion-tecnico-los-palmeros-y-amplia-acceso-a-capacitacion-en-santo-domingo-este\/","og_site_name":"PotenciaRadiofonicaDominicana.com","article_publisher":"https:\/\/web.facebook.com\/PotenciaRadiofonicaD","article_published_time":"2026-08-30T22:40:44+00:00","og_image":[{"width":1300,"height":731,"url":"https:\/\/potenciaradiofonicadominicana.com\/portal\/wp-content\/uploads\/2026\/08\/Centro-de-Formacion-Tecnico-Los-Palmeros-INFOTEP.jpeg","type":"image\/jpeg"}],"author":"Potencia Radiof\u00f3nica Dominicana","twitter_card":"summary_large_image","twitter_misc":{"Escrito por":"Potencia Radiof\u00f3nica Dominicana","Tiempo de lectura":"6 minutos"},"schema":{"@context":"https:\/\/schema.org","@graph":[{"@type":"Article","@id":"https:\/\/potenciaradiofonicadominicana.com\/portal\/infotep-inaugura-centro-de-formacion-tecnico-los-palmeros-y-amplia-acceso-a-capacitacion-en-santo-domingo-este\/#article","isPartOf":{"@id":"https:\/\/potenciaradiofonicadominicana.com\/portal\/infotep-inaugura-centro-de-formacion-tecnico-los-palmeros-y-amplia-acceso-a-capacitacion-en-santo-domingo-este\/"},"author":{"name":"Potencia Radiof\u00f3nica Dominicana","@id":"https:\/\/potenciaradiofonicadominicana.com\/portal\/#\/schema\/person\/a5cf1fea13877803ee0573ac18b03490"},"headline":"Infotep inaugura Centro de Formaci\u00f3n T\u00e9cnico Los Palmeros y ampl\u00eda acceso a capacitaci\u00f3n en Santo Domingo Este","datePublished":"2026-08-30T22:40:44+00:00","mainEntityOfPage":{"@id":"https:\/\/potenciaradiofonicadominicana.com\/portal\/infotep-inaugura-centro-de-formacion-tecnico-los-palmeros-y-amplia-acceso-a-capacitacion-en-santo-domingo-este\/"},"wordCount":1161,"publisher":{"@id":"https:\/\/potenciaradiofonicadominicana.com\/portal\/#organization"},"image":{"@id":"https:\/\/potenciaradiofonicadominicana.com\/portal\/infotep-inaugura-centro-de-formacion-tecnico-los-palmeros-y-amplia-acceso-a-capacitacion-en-santo-domingo-este\/#primaryimage"},"thumbnailUrl":"https:\/\/potenciaradiofonicadominicana.com\/portal\/wp-content\/uploads\/2026\/08\/Centro-de-Formacion-Tecnico-Los-Palmeros-INFOTEP.jpeg","articleSection":["Noticias"],"inLanguage":"es"},{"@type":"WebPage","@id":"https:\/\/potenciaradiofonicadominicana.com\/portal\/infotep-inaugura-centro-de-formacion-tecnico-los-palmeros-y-amplia-acceso-a-capacitacion-en-santo-domingo-este\/","url":"https:\/\/potenciaradiofonicadominicana.com\/portal\/infotep-inaugura-centro-de-formacion-tecnico-los-palmeros-y-amplia-acceso-a-capacitacion-en-santo-domingo-este\/","name":"Infotep inaugura Centro de Formaci\u00f3n T\u00e9cnico Los Palmeros y ampl\u00eda acceso a capacitaci\u00f3n en Santo Domingo Este - PotenciaRadiofonicaDominicana.com","isPartOf":{"@id":"https:\/\/potenciaradiofonicadominicana.com\/portal\/#website"},"primaryImageOfPage":{"@id":"https:\/\/potenciaradiofonicadominicana.com\/portal\/infotep-inaugura-centro-de-formacion-tecnico-los-palmeros-y-amplia-acceso-a-capacitacion-en-santo-domingo-este\/#primaryimage"},"image":{"@id":"https:\/\/potenciaradiofonicadominicana.com\/portal\/infotep-inaugura-centro-de-formacion-tecnico-los-palmeros-y-amplia-acceso-a-capacitacion-en-santo-domingo-este\/#primaryimage"},"thumbnailUrl":"https:\/\/potenciaradiofonicadominicana.com\/portal\/wp-content\/uploads\/2026\/08\/Centro-de-Formacion-Tecnico-Los-Palmeros-INFOTEP.jpeg","datePublished":"2026-08-30T22:40:44+00:00","breadcrumb":{"@id":"https:\/\/potenciaradiofonicadominicana.com\/portal\/infotep-inaugura-centro-de-formacion-tecnico-los-palmeros-y-amplia-acceso-a-capacitacion-en-santo-domingo-este\/#breadcrumb"},"inLanguage":"es","potentialAction":[{"@type":"ReadAction","target":["https:\/\/potenciaradiofonicadominicana.com\/portal\/infotep-inaugura-centro-de-formacion-tecnico-los-palmeros-y-amplia-acceso-a-capacitacion-en-santo-domingo-este\/"]}]},{"@type":"ImageObject","inLanguage":"es","@id":"https:\/\/potenciaradiofonicadominicana.com\/portal\/infotep-inaugura-centro-de-formacion-tecnico-los-palmeros-y-amplia-acceso-a-capacitacion-en-santo-domingo-este\/#primaryimage","url":"https:\/\/potenciaradiofonicadominicana.com\/portal\/wp-content\/uploads\/2026\/08\/Centro-de-Formacion-Tecnico-Los-Palmeros-INFOTEP.jpeg","contentUrl":"https:\/\/potenciaradiofonicadominicana.com\/portal\/wp-content\/uploads\/2026\/08\/Centro-de-Formacion-Tecnico-Los-Palmeros-INFOTEP.jpeg","width":1300,"height":731},{"@type":"BreadcrumbList","@id":"https:\/\/potenciaradiofonicadominicana.com\/portal\/infotep-inaugura-centro-de-formacion-tecnico-los-palmeros-y-amplia-acceso-a-capacitacion-en-santo-domingo-este\/#breadcrumb","itemListElement":[{"@type":"ListItem","position":1,"name":"Portada","item":"https:\/\/potenciaradiofonicadominicana.com\/portal\/"},{"@type":"ListItem","position":2,"name":"Infotep inaugura Centro de Formaci\u00f3n T\u00e9cnico Los Palmeros y ampl\u00eda acceso a capacitaci\u00f3n en Santo Domingo Este"}]},{"@type":"WebSite","@id":"https:\/\/potenciaradiofonicadominicana.com\/portal\/#website","url":"https:\/\/potenciaradiofonicadominicana.com\/portal\/","name":"PotenciaRadiofonicaDominicana.com","description":"Peri\u00f3dico Digital","publisher":{"@id":"https:\/\/potenciaradiofonicadominicana.com\/portal\/#organization"},"potentialAction":[{"@type":"SearchAction","target":{"@type":"EntryPoint","urlTemplate":"https:\/\/potenciaradiofonicadominicana.com\/portal\/?s={search_term_string}"},"query-input":{"@type":"PropertyValueSpecification","valueRequired":true,"valueName":"search_term_string"}}],"inLanguage":"es"},{"@type":"Organization","@id":"https:\/\/potenciaradiofonicadominicana.com\/portal\/#organization","name":"PotenciaRadiofonicaDominicana.com","url":"https:\/\/potenciaradiofonicadominicana.com\/portal\/","logo":{"@type":"ImageObject","inLanguage":"es","@id":"https:\/\/potenciaradiofonicadominicana.com\/portal\/#\/schema\/logo\/image\/","url":"https:\/\/potenciaradiofonicadominicana.com\/portal\/wp-content\/uploads\/2022\/01\/descarga.png","contentUrl":"https:\/\/potenciaradiofonicadominicana.com\/portal\/wp-content\/uploads\/2022\/01\/descarga.png","width":300,"height":100,"caption":"PotenciaRadiofonicaDominicana.com"},"image":{"@id":"https:\/\/potenciaradiofonicadominicana.com\/portal\/#\/schema\/logo\/image\/"},"sameAs":["https:\/\/web.facebook.com\/PotenciaRadiofonicaD"]},{"@type":"Person","@id":"https:\/\/potenciaradiofonicadominicana.com\/portal\/#\/schema\/person\/a5cf1fea13877803ee0573ac18b03490","name":"Potencia Radiof\u00f3nica Dominicana","image":{"@type":"ImageObject","inLanguage":"es","@id":"https:\/\/potenciaradiofonicadominicana.com\/portal\/#\/schema\/person\/image\/","url":"https:\/\/secure.gravatar.com\/avatar\/42a55ab9e8ccc656ba34cd791990602a?s=96&d=mm&r=g","contentUrl":"https:\/\/secure.gravatar.com\/avatar\/42a55ab9e8ccc656ba34cd791990602a?s=96&d=mm&r=g","caption":"Potencia Radiof\u00f3nica Dominicana"},"url":"https:\/\/potenciaradiofonicadominicana.com\/portal\/author\/johannyalmanzar\/"}]}},"_links":{"self":[{"href":"https:\/\/potenciaradiofonicadominicana.com\/portal\/wp-json\/wp\/v2\/posts\/224949","targetHints":{"allow":["GET"]}}],"collection":[{"href":"https:\/\/potenciaradiofonicadominicana.com\/portal\/wp-json\/wp\/v2\/posts"}],"about":[{"href":"https:\/\/potenciaradiofonicadominicana.com\/portal\/wp-json\/wp\/v2\/types\/post"}],"author":[{"embeddable":true,"href":"https:\/\/potenciaradiofonicadominicana.com\/portal\/wp-json\/wp\/v2\/users\/2"}],"replies":[{"embeddable":true,"href":"https:\/\/potenciaradiofonicadominicana.com\/portal\/wp-json\/wp\/v2\/comments?post=224949"}],"version-history":[{"count":1,"href":"https:\/\/potenciaradiofonicadominicana.com\/portal\/wp-json\/wp\/v2\/posts\/224949\/revisions"}],"predecessor-version":[{"id":224951,"href":"https:\/\/potenciaradiofonicadominicana.com\/portal\/wp-json\/wp\/v2\/posts\/224949\/revisions\/224951"}],"wp:featuredmedia":[{"embeddable":true,"href":"https:\/\/potenciaradiofonicadominicana.com\/portal\/wp-json\/wp\/v2\/media\/224950"}],"wp:attachment":[{"href":"https:\/\/potenciaradiofonicadominicana.com\/portal\/wp-json\/wp\/v2\/media?parent=224949"}],"wp:term":[{"taxonomy":"category","embeddable":true,"href":"https:\/\/potenciaradiofonicadominicana.com\/portal\/wp-json\/wp\/v2\/categories?post=224949"},{"taxonomy":"post_tag","embeddable":true,"href":"https:\/\/potenciaradiofonicadominicana.com\/portal\/wp-json\/wp\/v2\/tags?post=224949"}],"curies":[{"name":"wp","href":"https:\/\/api.w.org\/{rel}","templated":true}]}}