{"id":224945,"date":"2026-08-30T18:39:27","date_gmt":"2026-08-30T22:39:27","guid":{"rendered":"https:\/\/potenciaradiofonicadominicana.com\/portal\/?p=224945"},"modified":"2026-08-30T18:39:27","modified_gmt":"2026-08-30T22:39:27","slug":"director-de-la-policia-advierte-cero-tolerancia-a-miembros-de-la-institucion-que-violen-la-ley","status":"publish","type":"post","link":"https:\/\/potenciaradiofonicadominicana.com\/portal\/director-de-la-policia-advierte-cero-tolerancia-a-miembros-de-la-institucion-que-violen-la-ley\/","title":{"rendered":"Director de la Polic\u00eda advierte cero tolerancia a miembros de la instituci\u00f3n que violen la ley"},"content":{"rendered":"<p><a href=\"https:\/\/potenciaradiofonicadominicana.com\/portal\/wp-content\/uploads\/2026\/08\/ernesto-rodriguez-advierte-cero-tolerancias-a-policias-que-violen-ley-915e3b91-focus-0-0-896-504.jpg\"><img loading=\"lazy\" decoding=\"async\" class=\"alignnone size-full wp-image-224947\" src=\"https:\/\/potenciaradiofonicadominicana.com\/portal\/wp-content\/uploads\/2026\/08\/ernesto-rodriguez-advierte-cero-tolerancias-a-policias-que-violen-ley-915e3b91-focus-0-0-896-504.jpg\" alt=\"\" width=\"895\" height=\"504\" srcset=\"https:\/\/potenciaradiofonicadominicana.com\/portal\/wp-content\/uploads\/2026\/08\/ernesto-rodriguez-advierte-cero-tolerancias-a-policias-que-violen-ley-915e3b91-focus-0-0-896-504.jpg 895w, https:\/\/potenciaradiofonicadominicana.com\/portal\/wp-content\/uploads\/2026\/08\/ernesto-rodriguez-advierte-cero-tolerancias-a-policias-que-violen-ley-915e3b91-focus-0-0-896-504-300x169.jpg 300w, https:\/\/potenciaradiofonicadominicana.com\/portal\/wp-content\/uploads\/2026\/08\/ernesto-rodriguez-advierte-cero-tolerancias-a-policias-que-violen-ley-915e3b91-focus-0-0-896-504-768x432.jpg 768w\" sizes=\"auto, (max-width: 895px) 100vw, 895px\" \/><\/a><\/p>\n<p>El director general de la Polic\u00eda Nacional, Ernesto Rodr\u00edguez Garc\u00eda, realiz\u00f3 la tarde del s\u00e1bado una visita de supervisi\u00f3n a la dotaci\u00f3n policial del ensanche Naco, en donde afirm\u00f3 que todos los miembros de la instituci\u00f3n que act\u00faen correctamente y en cumplimiento de su deber contar\u00e1n con su respaldo, a diferencia de quienes se aparten de las leyes.<\/p>\n<p>Rodr\u00edguez tambi\u00e9n areng\u00f3 al personal que participaba en el relevo de turno para que trabajen con entusiasmo en el cumplimiento de sus funciones y con estricto apego a las normativas y los protocolos institucionales que rigen el servicio policial.<\/p>\n<p>Estuvo acompa\u00f1ado por el general Gabriel de los Santos Garc\u00eda, director regional central del Distrito (Z-45), y el teniente coronel Johnny Gonz\u00e1lez Gonz\u00e1lez, comandante del Departamento Naco (C-1).<\/p>\n<p>La visita forma parte de las acciones de supervisi\u00f3n y acompa\u00f1amiento a la fuerza policial, orientadas a fortalecer la disciplina, la prevenci\u00f3n y la calidad del servicio en beneficio de la ciudadan\u00eda.<\/p>\n<p>Menos de un mes en el puesto<br \/>\nRodr\u00edguez Garc\u00eda asumi\u00f3 la direcci\u00f3n de la Polic\u00eda Nacional el pasado 17 de este mes de agosto, en sustituci\u00f3n del mayor general Andr\u00e9s Modesto Cruz Cruz, quien fue destituido del cargo seis meses despu\u00e9s de haber sido designado.<\/p>\n<p>Al entregar la posici\u00f3n, vestido de civil y con todo el traje negro, a excepci\u00f3n de la camisa, el saliente director de la Polic\u00eda dio un breve discurso contundente, al llamar a los polic\u00edas a mantenerse firmes en sus principios y a no permitir que actuar correctamente sea visto como una debilidad.<\/p>\n","protected":false},"excerpt":{"rendered":"<p>El director general de la Polic\u00eda Nacional, Ernesto Rodr\u00edguez Garc\u00eda, realiz\u00f3 la tarde del s\u00e1bado una visita de supervisi\u00f3n a &#8230;<\/p>\n","protected":false},"author":2,"featured_media":224947,"comment_status":"closed","ping_status":"closed","sticky":false,"template":"","format":"standard","meta":{"footnotes":""},"categories":[25],"tags":[],"class_list":["post-224945","post","type-post","status-publish","format-standard","has-post-thumbnail","hentry","category-noticias"],"yoast_head":"<!-- This site is optimized with the Yoast SEO plugin v24.8.1 - https:\/\/yoast.com\/wordpress\/plugins\/seo\/ -->\n<title>Director de la Polic\u00eda advierte cero tolerancia a miembros de la instituci\u00f3n que violen la ley - PotenciaRadiofonicaDominicana.com<\/title>\n<meta name=\"robots\" content=\"index, follow, max-snippet:-1, max-image-preview:large, max-video-preview:-1\" \/>\n<link rel=\"canonical\" href=\"https:\/\/potenciaradiofonicadominicana.com\/portal\/director-de-la-policia-advierte-cero-tolerancia-a-miembros-de-la-institucion-que-violen-la-ley\/\" \/>\n<meta property=\"og:locale\" content=\"es_ES\" \/>\n<meta property=\"og:type\" content=\"article\" \/>\n<meta property=\"og:title\" content=\"Director de la Polic\u00eda advierte cero tolerancia a miembros de la instituci\u00f3n que violen la ley - PotenciaRadiofonicaDominicana.com\" \/>\n<meta property=\"og:description\" content=\"El director general de la Polic\u00eda Nacional, Ernesto Rodr\u00edguez Garc\u00eda, realiz\u00f3 la tarde del s\u00e1bado una visita de supervisi\u00f3n a ...\" \/>\n<meta property=\"og:url\" content=\"https:\/\/potenciaradiofonicadominicana.com\/portal\/director-de-la-policia-advierte-cero-tolerancia-a-miembros-de-la-institucion-que-violen-la-ley\/\" \/>\n<meta property=\"og:site_name\" content=\"PotenciaRadiofonicaDominicana.com\" \/>\n<meta property=\"article:publisher\" content=\"https:\/\/web.facebook.com\/PotenciaRadiofonicaD\" \/>\n<meta property=\"article:published_time\" content=\"2026-08-30T22:39:27+00:00\" \/>\n<meta property=\"og:image\" content=\"https:\/\/potenciaradiofonicadominicana.com\/portal\/wp-content\/uploads\/2026\/08\/ernesto-rodriguez-advierte-cero-tolerancias-a-policias-que-violen-ley-915e3b91-focus-0-0-896-504.jpg\" \/>\n\t<meta property=\"og:image:width\" content=\"895\" \/>\n\t<meta property=\"og:image:height\" content=\"504\" \/>\n\t<meta property=\"og:image:type\" content=\"image\/jpeg\" \/>\n<meta name=\"author\" content=\"Potencia Radiof\u00f3nica Dominicana\" \/>\n<meta name=\"twitter:card\" content=\"summary_large_image\" \/>\n<meta name=\"twitter:label1\" content=\"Escrito por\" \/>\n\t<meta name=\"twitter:data1\" content=\"Potencia Radiof\u00f3nica Dominicana\" \/>\n\t<meta name=\"twitter:label2\" content=\"Tiempo de lectura\" \/>\n\t<meta name=\"twitter:data2\" content=\"2 minutos\" \/>\n<script type=\"application\/ld+json\" class=\"yoast-schema-graph\">{\"@context\":\"https:\/\/schema.org\",\"@graph\":[{\"@type\":\"Article\",\"@id\":\"https:\/\/potenciaradiofonicadominicana.com\/portal\/director-de-la-policia-advierte-cero-tolerancia-a-miembros-de-la-institucion-que-violen-la-ley\/#article\",\"isPartOf\":{\"@id\":\"https:\/\/potenciaradiofonicadominicana.com\/portal\/director-de-la-policia-advierte-cero-tolerancia-a-miembros-de-la-institucion-que-violen-la-ley\/\"},\"author\":{\"name\":\"Potencia Radiof\u00f3nica Dominicana\",\"@id\":\"https:\/\/potenciaradiofonicadominicana.com\/portal\/#\/schema\/person\/a5cf1fea13877803ee0573ac18b03490\"},\"headline\":\"Director de la Polic\u00eda advierte cero tolerancia a miembros de la instituci\u00f3n que violen la ley\",\"datePublished\":\"2026-08-30T22:39:27+00:00\",\"mainEntityOfPage\":{\"@id\":\"https:\/\/potenciaradiofonicadominicana.com\/portal\/director-de-la-policia-advierte-cero-tolerancia-a-miembros-de-la-institucion-que-violen-la-ley\/\"},\"wordCount\":301,\"publisher\":{\"@id\":\"https:\/\/potenciaradiofonicadominicana.com\/portal\/#organization\"},\"image\":{\"@id\":\"https:\/\/potenciaradiofonicadominicana.com\/portal\/director-de-la-policia-advierte-cero-tolerancia-a-miembros-de-la-institucion-que-violen-la-ley\/#primaryimage\"},\"thumbnailUrl\":\"https:\/\/potenciaradiofonicadominicana.com\/portal\/wp-content\/uploads\/2026\/08\/ernesto-rodriguez-advierte-cero-tolerancias-a-policias-que-violen-ley-915e3b91-focus-0-0-896-504.jpg\",\"articleSection\":[\"Noticias\"],\"inLanguage\":\"es\"},{\"@type\":\"WebPage\",\"@id\":\"https:\/\/potenciaradiofonicadominicana.com\/portal\/director-de-la-policia-advierte-cero-tolerancia-a-miembros-de-la-institucion-que-violen-la-ley\/\",\"url\":\"https:\/\/potenciaradiofonicadominicana.com\/portal\/director-de-la-policia-advierte-cero-tolerancia-a-miembros-de-la-institucion-que-violen-la-ley\/\",\"name\":\"Director de la Polic\u00eda advierte cero tolerancia a miembros de la instituci\u00f3n que violen la ley - PotenciaRadiofonicaDominicana.com\",\"isPartOf\":{\"@id\":\"https:\/\/potenciaradiofonicadominicana.com\/portal\/#website\"},\"primaryImageOfPage\":{\"@id\":\"https:\/\/potenciaradiofonicadominicana.com\/portal\/director-de-la-policia-advierte-cero-tolerancia-a-miembros-de-la-institucion-que-violen-la-ley\/#primaryimage\"},\"image\":{\"@id\":\"https:\/\/potenciaradiofonicadominicana.com\/portal\/director-de-la-policia-advierte-cero-tolerancia-a-miembros-de-la-institucion-que-violen-la-ley\/#primaryimage\"},\"thumbnailUrl\":\"https:\/\/potenciaradiofonicadominicana.com\/portal\/wp-content\/uploads\/2026\/08\/ernesto-rodriguez-advierte-cero-tolerancias-a-policias-que-violen-ley-915e3b91-focus-0-0-896-504.jpg\",\"datePublished\":\"2026-08-30T22:39:27+00:00\",\"breadcrumb\":{\"@id\":\"https:\/\/potenciaradiofonicadominicana.com\/portal\/director-de-la-policia-advierte-cero-tolerancia-a-miembros-de-la-institucion-que-violen-la-ley\/#breadcrumb\"},\"inLanguage\":\"es\",\"potentialAction\":[{\"@type\":\"ReadAction\",\"target\":[\"https:\/\/potenciaradiofonicadominicana.com\/portal\/director-de-la-policia-advierte-cero-tolerancia-a-miembros-de-la-institucion-que-violen-la-ley\/\"]}]},{\"@type\":\"ImageObject\",\"inLanguage\":\"es\",\"@id\":\"https:\/\/potenciaradiofonicadominicana.com\/portal\/director-de-la-policia-advierte-cero-tolerancia-a-miembros-de-la-institucion-que-violen-la-ley\/#primaryimage\",\"url\":\"https:\/\/potenciaradiofonicadominicana.com\/portal\/wp-content\/uploads\/2026\/08\/ernesto-rodriguez-advierte-cero-tolerancias-a-policias-que-violen-ley-915e3b91-focus-0-0-896-504.jpg\",\"contentUrl\":\"https:\/\/potenciaradiofonicadominicana.com\/portal\/wp-content\/uploads\/2026\/08\/ernesto-rodriguez-advierte-cero-tolerancias-a-policias-que-violen-ley-915e3b91-focus-0-0-896-504.jpg\",\"width\":895,\"height\":504},{\"@type\":\"BreadcrumbList\",\"@id\":\"https:\/\/potenciaradiofonicadominicana.com\/portal\/director-de-la-policia-advierte-cero-tolerancia-a-miembros-de-la-institucion-que-violen-la-ley\/#breadcrumb\",\"itemListElement\":[{\"@type\":\"ListItem\",\"position\":1,\"name\":\"Portada\",\"item\":\"https:\/\/potenciaradiofonicadominicana.com\/portal\/\"},{\"@type\":\"ListItem\",\"position\":2,\"name\":\"Director de la Polic\u00eda advierte cero tolerancia a miembros de la instituci\u00f3n que violen la ley\"}]},{\"@type\":\"WebSite\",\"@id\":\"https:\/\/potenciaradiofonicadominicana.com\/portal\/#website\",\"url\":\"https:\/\/potenciaradiofonicadominicana.com\/portal\/\",\"name\":\"PotenciaRadiofonicaDominicana.com\",\"description\":\"Peri\u00f3dico Digital\",\"publisher\":{\"@id\":\"https:\/\/potenciaradiofonicadominicana.com\/portal\/#organization\"},\"potentialAction\":[{\"@type\":\"SearchAction\",\"target\":{\"@type\":\"EntryPoint\",\"urlTemplate\":\"https:\/\/potenciaradiofonicadominicana.com\/portal\/?s={search_term_string}\"},\"query-input\":{\"@type\":\"PropertyValueSpecification\",\"valueRequired\":true,\"valueName\":\"search_term_string\"}}],\"inLanguage\":\"es\"},{\"@type\":\"Organization\",\"@id\":\"https:\/\/potenciaradiofonicadominicana.com\/portal\/#organization\",\"name\":\"PotenciaRadiofonicaDominicana.com\",\"url\":\"https:\/\/potenciaradiofonicadominicana.com\/portal\/\",\"logo\":{\"@type\":\"ImageObject\",\"inLanguage\":\"es\",\"@id\":\"https:\/\/potenciaradiofonicadominicana.com\/portal\/#\/schema\/logo\/image\/\",\"url\":\"https:\/\/potenciaradiofonicadominicana.com\/portal\/wp-content\/uploads\/2022\/01\/descarga.png\",\"contentUrl\":\"https:\/\/potenciaradiofonicadominicana.com\/portal\/wp-content\/uploads\/2022\/01\/descarga.png\",\"width\":300,\"height\":100,\"caption\":\"PotenciaRadiofonicaDominicana.com\"},\"image\":{\"@id\":\"https:\/\/potenciaradiofonicadominicana.com\/portal\/#\/schema\/logo\/image\/\"},\"sameAs\":[\"https:\/\/web.facebook.com\/PotenciaRadiofonicaD\"]},{\"@type\":\"Person\",\"@id\":\"https:\/\/potenciaradiofonicadominicana.com\/portal\/#\/schema\/person\/a5cf1fea13877803ee0573ac18b03490\",\"name\":\"Potencia Radiof\u00f3nica Dominicana\",\"image\":{\"@type\":\"ImageObject\",\"inLanguage\":\"es\",\"@id\":\"https:\/\/potenciaradiofonicadominicana.com\/portal\/#\/schema\/person\/image\/\",\"url\":\"https:\/\/secure.gravatar.com\/avatar\/42a55ab9e8ccc656ba34cd791990602a?s=96&d=mm&r=g\",\"contentUrl\":\"https:\/\/secure.gravatar.com\/avatar\/42a55ab9e8ccc656ba34cd791990602a?s=96&d=mm&r=g\",\"caption\":\"Potencia Radiof\u00f3nica Dominicana\"},\"url\":\"https:\/\/potenciaradiofonicadominicana.com\/portal\/author\/johannyalmanzar\/\"}]}<\/script>\n<!-- \/ Yoast SEO plugin. -->","yoast_head_json":{"title":"Director de la Polic\u00eda advierte cero tolerancia a miembros de la instituci\u00f3n que violen la ley - PotenciaRadiofonicaDominicana.com","robots":{"index":"index","follow":"follow","max-snippet":"max-snippet:-1","max-image-preview":"max-image-preview:large","max-video-preview":"max-video-preview:-1"},"canonical":"https:\/\/potenciaradiofonicadominicana.com\/portal\/director-de-la-policia-advierte-cero-tolerancia-a-miembros-de-la-institucion-que-violen-la-ley\/","og_locale":"es_ES","og_type":"article","og_title":"Director de la Polic\u00eda advierte cero tolerancia a miembros de la instituci\u00f3n que violen la ley - PotenciaRadiofonicaDominicana.com","og_description":"El director general de la Polic\u00eda Nacional, Ernesto Rodr\u00edguez Garc\u00eda, realiz\u00f3 la tarde del s\u00e1bado una visita de supervisi\u00f3n a ...","og_url":"https:\/\/potenciaradiofonicadominicana.com\/portal\/director-de-la-policia-advierte-cero-tolerancia-a-miembros-de-la-institucion-que-violen-la-ley\/","og_site_name":"PotenciaRadiofonicaDominicana.com","article_publisher":"https:\/\/web.facebook.com\/PotenciaRadiofonicaD","article_published_time":"2026-08-30T22:39:27+00:00","og_image":[{"width":895,"height":504,"url":"https:\/\/potenciaradiofonicadominicana.com\/portal\/wp-content\/uploads\/2026\/08\/ernesto-rodriguez-advierte-cero-tolerancias-a-policias-que-violen-ley-915e3b91-focus-0-0-896-504.jpg","type":"image\/jpeg"}],"author":"Potencia Radiof\u00f3nica Dominicana","twitter_card":"summary_large_image","twitter_misc":{"Escrito por":"Potencia Radiof\u00f3nica Dominicana","Tiempo de lectura":"2 minutos"},"schema":{"@context":"https:\/\/schema.org","@graph":[{"@type":"Article","@id":"https:\/\/potenciaradiofonicadominicana.com\/portal\/director-de-la-policia-advierte-cero-tolerancia-a-miembros-de-la-institucion-que-violen-la-ley\/#article","isPartOf":{"@id":"https:\/\/potenciaradiofonicadominicana.com\/portal\/director-de-la-policia-advierte-cero-tolerancia-a-miembros-de-la-institucion-que-violen-la-ley\/"},"author":{"name":"Potencia Radiof\u00f3nica Dominicana","@id":"https:\/\/potenciaradiofonicadominicana.com\/portal\/#\/schema\/person\/a5cf1fea13877803ee0573ac18b03490"},"headline":"Director de la Polic\u00eda advierte cero tolerancia a miembros de la instituci\u00f3n que violen la ley","datePublished":"2026-08-30T22:39:27+00:00","mainEntityOfPage":{"@id":"https:\/\/potenciaradiofonicadominicana.com\/portal\/director-de-la-policia-advierte-cero-tolerancia-a-miembros-de-la-institucion-que-violen-la-ley\/"},"wordCount":301,"publisher":{"@id":"https:\/\/potenciaradiofonicadominicana.com\/portal\/#organization"},"image":{"@id":"https:\/\/potenciaradiofonicadominicana.com\/portal\/director-de-la-policia-advierte-cero-tolerancia-a-miembros-de-la-institucion-que-violen-la-ley\/#primaryimage"},"thumbnailUrl":"https:\/\/potenciaradiofonicadominicana.com\/portal\/wp-content\/uploads\/2026\/08\/ernesto-rodriguez-advierte-cero-tolerancias-a-policias-que-violen-ley-915e3b91-focus-0-0-896-504.jpg","articleSection":["Noticias"],"inLanguage":"es"},{"@type":"WebPage","@id":"https:\/\/potenciaradiofonicadominicana.com\/portal\/director-de-la-policia-advierte-cero-tolerancia-a-miembros-de-la-institucion-que-violen-la-ley\/","url":"https:\/\/potenciaradiofonicadominicana.com\/portal\/director-de-la-policia-advierte-cero-tolerancia-a-miembros-de-la-institucion-que-violen-la-ley\/","name":"Director de la Polic\u00eda advierte cero tolerancia a miembros de la instituci\u00f3n que violen la ley - PotenciaRadiofonicaDominicana.com","isPartOf":{"@id":"https:\/\/potenciaradiofonicadominicana.com\/portal\/#website"},"primaryImageOfPage":{"@id":"https:\/\/potenciaradiofonicadominicana.com\/portal\/director-de-la-policia-advierte-cero-tolerancia-a-miembros-de-la-institucion-que-violen-la-ley\/#primaryimage"},"image":{"@id":"https:\/\/potenciaradiofonicadominicana.com\/portal\/director-de-la-policia-advierte-cero-tolerancia-a-miembros-de-la-institucion-que-violen-la-ley\/#primaryimage"},"thumbnailUrl":"https:\/\/potenciaradiofonicadominicana.com\/portal\/wp-content\/uploads\/2026\/08\/ernesto-rodriguez-advierte-cero-tolerancias-a-policias-que-violen-ley-915e3b91-focus-0-0-896-504.jpg","datePublished":"2026-08-30T22:39:27+00:00","breadcrumb":{"@id":"https:\/\/potenciaradiofonicadominicana.com\/portal\/director-de-la-policia-advierte-cero-tolerancia-a-miembros-de-la-institucion-que-violen-la-ley\/#breadcrumb"},"inLanguage":"es","potentialAction":[{"@type":"ReadAction","target":["https:\/\/potenciaradiofonicadominicana.com\/portal\/director-de-la-policia-advierte-cero-tolerancia-a-miembros-de-la-institucion-que-violen-la-ley\/"]}]},{"@type":"ImageObject","inLanguage":"es","@id":"https:\/\/potenciaradiofonicadominicana.com\/portal\/director-de-la-policia-advierte-cero-tolerancia-a-miembros-de-la-institucion-que-violen-la-ley\/#primaryimage","url":"https:\/\/potenciaradiofonicadominicana.com\/portal\/wp-content\/uploads\/2026\/08\/ernesto-rodriguez-advierte-cero-tolerancias-a-policias-que-violen-ley-915e3b91-focus-0-0-896-504.jpg","contentUrl":"https:\/\/potenciaradiofonicadominicana.com\/portal\/wp-content\/uploads\/2026\/08\/ernesto-rodriguez-advierte-cero-tolerancias-a-policias-que-violen-ley-915e3b91-focus-0-0-896-504.jpg","width":895,"height":504},{"@type":"BreadcrumbList","@id":"https:\/\/potenciaradiofonicadominicana.com\/portal\/director-de-la-policia-advierte-cero-tolerancia-a-miembros-de-la-institucion-que-violen-la-ley\/#breadcrumb","itemListElement":[{"@type":"ListItem","position":1,"name":"Portada","item":"https:\/\/potenciaradiofonicadominicana.com\/portal\/"},{"@type":"ListItem","position":2,"name":"Director de la Polic\u00eda advierte cero tolerancia a miembros de la instituci\u00f3n que violen la ley"}]},{"@type":"WebSite","@id":"https:\/\/potenciaradiofonicadominicana.com\/portal\/#website","url":"https:\/\/potenciaradiofonicadominicana.com\/portal\/","name":"PotenciaRadiofonicaDominicana.com","description":"Peri\u00f3dico Digital","publisher":{"@id":"https:\/\/potenciaradiofonicadominicana.com\/portal\/#organization"},"potentialAction":[{"@type":"SearchAction","target":{"@type":"EntryPoint","urlTemplate":"https:\/\/potenciaradiofonicadominicana.com\/portal\/?s={search_term_string}"},"query-input":{"@type":"PropertyValueSpecification","valueRequired":true,"valueName":"search_term_string"}}],"inLanguage":"es"},{"@type":"Organization","@id":"https:\/\/potenciaradiofonicadominicana.com\/portal\/#organization","name":"PotenciaRadiofonicaDominicana.com","url":"https:\/\/potenciaradiofonicadominicana.com\/portal\/","logo":{"@type":"ImageObject","inLanguage":"es","@id":"https:\/\/potenciaradiofonicadominicana.com\/portal\/#\/schema\/logo\/image\/","url":"https:\/\/potenciaradiofonicadominicana.com\/portal\/wp-content\/uploads\/2022\/01\/descarga.png","contentUrl":"https:\/\/potenciaradiofonicadominicana.com\/portal\/wp-content\/uploads\/2022\/01\/descarga.png","width":300,"height":100,"caption":"PotenciaRadiofonicaDominicana.com"},"image":{"@id":"https:\/\/potenciaradiofonicadominicana.com\/portal\/#\/schema\/logo\/image\/"},"sameAs":["https:\/\/web.facebook.com\/PotenciaRadiofonicaD"]},{"@type":"Person","@id":"https:\/\/potenciaradiofonicadominicana.com\/portal\/#\/schema\/person\/a5cf1fea13877803ee0573ac18b03490","name":"Potencia Radiof\u00f3nica Dominicana","image":{"@type":"ImageObject","inLanguage":"es","@id":"https:\/\/potenciaradiofonicadominicana.com\/portal\/#\/schema\/person\/image\/","url":"https:\/\/secure.gravatar.com\/avatar\/42a55ab9e8ccc656ba34cd791990602a?s=96&d=mm&r=g","contentUrl":"https:\/\/secure.gravatar.com\/avatar\/42a55ab9e8ccc656ba34cd791990602a?s=96&d=mm&r=g","caption":"Potencia Radiof\u00f3nica Dominicana"},"url":"https:\/\/potenciaradiofonicadominicana.com\/portal\/author\/johannyalmanzar\/"}]}},"_links":{"self":[{"href":"https:\/\/potenciaradiofonicadominicana.com\/portal\/wp-json\/wp\/v2\/posts\/224945","targetHints":{"allow":["GET"]}}],"collection":[{"href":"https:\/\/potenciaradiofonicadominicana.com\/portal\/wp-json\/wp\/v2\/posts"}],"about":[{"href":"https:\/\/potenciaradiofonicadominicana.com\/portal\/wp-json\/wp\/v2\/types\/post"}],"author":[{"embeddable":true,"href":"https:\/\/potenciaradiofonicadominicana.com\/portal\/wp-json\/wp\/v2\/users\/2"}],"replies":[{"embeddable":true,"href":"https:\/\/potenciaradiofonicadominicana.com\/portal\/wp-json\/wp\/v2\/comments?post=224945"}],"version-history":[{"count":1,"href":"https:\/\/potenciaradiofonicadominicana.com\/portal\/wp-json\/wp\/v2\/posts\/224945\/revisions"}],"predecessor-version":[{"id":224948,"href":"https:\/\/potenciaradiofonicadominicana.com\/portal\/wp-json\/wp\/v2\/posts\/224945\/revisions\/224948"}],"wp:featuredmedia":[{"embeddable":true,"href":"https:\/\/potenciaradiofonicadominicana.com\/portal\/wp-json\/wp\/v2\/media\/224947"}],"wp:attachment":[{"href":"https:\/\/potenciaradiofonicadominicana.com\/portal\/wp-json\/wp\/v2\/media?parent=224945"}],"wp:term":[{"taxonomy":"category","embeddable":true,"href":"https:\/\/potenciaradiofonicadominicana.com\/portal\/wp-json\/wp\/v2\/categories?post=224945"},{"taxonomy":"post_tag","embeddable":true,"href":"https:\/\/potenciaradiofonicadominicana.com\/portal\/wp-json\/wp\/v2\/tags?post=224945"}],"curies":[{"name":"wp","href":"https:\/\/api.w.org\/{rel}","templated":true}]}}