{"id":224929,"date":"2026-08-30T18:29:23","date_gmt":"2026-08-30T22:29:23","guid":{"rendered":"https:\/\/potenciaradiofonicadominicana.com\/portal\/?p=224929"},"modified":"2026-08-30T18:29:23","modified_gmt":"2026-08-30T22:29:23","slug":"google-maps-cambia-el-nombre-del-lago-ontario-a-lago-america-para-usuarios-estadounidenses","status":"publish","type":"post","link":"https:\/\/potenciaradiofonicadominicana.com\/portal\/google-maps-cambia-el-nombre-del-lago-ontario-a-lago-america-para-usuarios-estadounidenses\/","title":{"rendered":"Google Maps cambia el nombre del Lago Ontario a Lago Am\u00e9rica para usuarios estadounidenses"},"content":{"rendered":"<p><a href=\"https:\/\/potenciaradiofonicadominicana.com\/portal\/wp-content\/uploads\/2026\/08\/6a90e38b7d88b.jpeg\"><img loading=\"lazy\" decoding=\"async\" class=\"alignnone size-full wp-image-224930\" src=\"https:\/\/potenciaradiofonicadominicana.com\/portal\/wp-content\/uploads\/2026\/08\/6a90e38b7d88b.jpeg\" alt=\"\" width=\"800\" height=\"541\" srcset=\"https:\/\/potenciaradiofonicadominicana.com\/portal\/wp-content\/uploads\/2026\/08\/6a90e38b7d88b.jpeg 800w, https:\/\/potenciaradiofonicadominicana.com\/portal\/wp-content\/uploads\/2026\/08\/6a90e38b7d88b-300x203.jpeg 300w, https:\/\/potenciaradiofonicadominicana.com\/portal\/wp-content\/uploads\/2026\/08\/6a90e38b7d88b-768x519.jpeg 768w\" sizes=\"auto, (max-width: 800px) 100vw, 800px\" \/><\/a><\/p>\n<p class=\"wp-block-paragraph\">Washington.- El servicio de mapas y posicionamiento global v\u00eda sat\u00e9lite de\u00a0<strong>Google<\/strong>\u00a0ha cambiado el nombre del\u00a0<strong>Lago Ontario<\/strong>\u00a0a\u00a0<strong>Lago Am\u00e9rica\u00a0<\/strong>para los usuarios de\u00a0<strong>Estados Unidos<\/strong>\u00a0despu\u00e9s de que el presidente estadounidense,\u00a0<strong>Donald Trump<\/strong>, firmara una orden ejecutiva para cambiar el nombre de este cuerpo de agua que su pa\u00eds comparte con\u00a0<strong>Canad\u00e1\u00a0<\/strong>en medio del recrudecimiento del conflicto comercial entre\u00a0<strong>Washington<\/strong>\u00a0y\u00a0<strong>Ottawa.<\/strong><\/p>\n<p class=\"wp-block-paragraph\">El gigante tecnol\u00f3gico californiano anunci\u00f3 en su blog el s\u00e1bado que el cambio ha comenzado a implementarse para los usuarios que se conecten en<strong>\u00a0Estados Unidos<\/strong>\u00a0con base en el nuevo nombre del lago asignado por el\u00a0<strong>Sistema de Informaci\u00f3n de Nombres Geogr\u00e1ficos de Estados Unidos (USGS).<\/strong><\/p>\n<p class=\"wp-block-paragraph\">En una orden ejecutiva firmada el pasado jueves, Trump instruy\u00f3 al<strong>\u00a0USGS\u00a0<\/strong>cambiar el nombre a\u00a0<strong>Lago Am\u00e9rica.<\/strong><\/p>\n<div class=\"puede-leer-module\">\n<div class=\"puede-leer-content\">\n<h3 class=\"puede-leer-title\">Trump anuncia \u00abel mayor acuerdo petrolero de la historia mundial\u00bb con Venezuela<\/h3>\n<\/div>\n<\/div>\n<p class=\"wp-block-paragraph\">Aquellos que se conecten desde\u00a0<strong>Canad\u00e1\u00a0<\/strong>seguir\u00e1n viendo el nombre\u00a0<strong>Lago Ontario<\/strong>, mientras que los que lo hagan desde terceros pa\u00edses ver\u00e1n los dos nombres.<\/p>\n<h2 class=\"wp-block-heading\">No es el primer cambio promovido por Trump<\/h2>\n<p class=\"wp-block-paragraph\"><strong>Google<\/strong>\u00a0hizo lo mismo cuando Trump firm\u00f3 una orden ejecutiva para renombrar el\u00a0<strong>Golfo de M\u00e9xico<\/strong>\u00a0como Golfo de Am\u00e9rica en enero de 2025 en represalia por lo que \u00e9l consideraba una respuesta insuficiente del pa\u00eds vecino en la lucha contra el tr\u00e1fico de fentanilo.<\/p>\n<p class=\"wp-block-paragraph\">Los choques dial\u00e9cticos entre\u00a0<strong>Estados Unidos<\/strong>\u00a0y\u00a0<strong>Canad\u00e1\u00a0<\/strong>han ido subiendo de tono en los \u00faltimos d\u00edas tras el fracaso de las negociaciones comerciales este mismo mes.<\/p>\n<div class=\"puede-leer-module\">\n<div class=\"puede-leer-content\">\n<h3 class=\"puede-leer-title\">Emiten \u201calerta roja\u201d por pastillas de \u00e9xtasis con forma de Trump que podr\u00edan ser letales<\/h3>\n<\/div>\n<\/div>\n<p class=\"wp-block-paragraph\">La ruptura del di\u00e1logo provoc\u00f3 la imposici\u00f3n, a partir del 22 de agosto, de nuevos aranceles estadounidenses del 50 % a diversos bienes canadienses que hab\u00eda anunciado\u00a0<strong>Donald Trump<\/strong>, una medida a la que\u00a0<strong>Ottawa<\/strong>\u00a0va a replicar con la implementaci\u00f3n de impuestos aduaneros correspondientes que entrar\u00e1n en vigor el 8 de septiembre.<\/p>\n","protected":false},"excerpt":{"rendered":"<p>Washington.- El servicio de mapas y posicionamiento global v\u00eda sat\u00e9lite de\u00a0Google\u00a0ha cambiado el nombre del\u00a0Lago Ontario\u00a0a\u00a0Lago Am\u00e9rica\u00a0para los usuarios de\u00a0Estados &#8230;<\/p>\n","protected":false},"author":2,"featured_media":224930,"comment_status":"closed","ping_status":"closed","sticky":false,"template":"","format":"standard","meta":{"footnotes":""},"categories":[30],"tags":[],"class_list":["post-224929","post","type-post","status-publish","format-standard","has-post-thumbnail","hentry","category-internacional"],"yoast_head":"<!-- This site is optimized with the Yoast SEO plugin v24.8.1 - https:\/\/yoast.com\/wordpress\/plugins\/seo\/ -->\n<title>Google Maps cambia el nombre del Lago Ontario a Lago Am\u00e9rica para usuarios estadounidenses - PotenciaRadiofonicaDominicana.com<\/title>\n<meta name=\"robots\" content=\"index, follow, max-snippet:-1, max-image-preview:large, max-video-preview:-1\" \/>\n<link rel=\"canonical\" href=\"https:\/\/potenciaradiofonicadominicana.com\/portal\/google-maps-cambia-el-nombre-del-lago-ontario-a-lago-america-para-usuarios-estadounidenses\/\" \/>\n<meta property=\"og:locale\" content=\"es_ES\" \/>\n<meta property=\"og:type\" content=\"article\" \/>\n<meta property=\"og:title\" content=\"Google Maps cambia el nombre del Lago Ontario a Lago Am\u00e9rica para usuarios estadounidenses - PotenciaRadiofonicaDominicana.com\" \/>\n<meta property=\"og:description\" content=\"Washington.- El servicio de mapas y posicionamiento global v\u00eda sat\u00e9lite de\u00a0Google\u00a0ha cambiado el nombre del\u00a0Lago Ontario\u00a0a\u00a0Lago Am\u00e9rica\u00a0para los usuarios de\u00a0Estados ...\" \/>\n<meta property=\"og:url\" content=\"https:\/\/potenciaradiofonicadominicana.com\/portal\/google-maps-cambia-el-nombre-del-lago-ontario-a-lago-america-para-usuarios-estadounidenses\/\" \/>\n<meta property=\"og:site_name\" content=\"PotenciaRadiofonicaDominicana.com\" \/>\n<meta property=\"article:publisher\" content=\"https:\/\/web.facebook.com\/PotenciaRadiofonicaD\" \/>\n<meta property=\"article:published_time\" content=\"2026-08-30T22:29:23+00:00\" \/>\n<meta property=\"og:image\" content=\"https:\/\/potenciaradiofonicadominicana.com\/portal\/wp-content\/uploads\/2026\/08\/6a90e38b7d88b.jpeg\" \/>\n\t<meta property=\"og:image:width\" content=\"800\" \/>\n\t<meta property=\"og:image:height\" content=\"541\" \/>\n\t<meta property=\"og:image:type\" content=\"image\/jpeg\" \/>\n<meta name=\"author\" content=\"Potencia Radiof\u00f3nica Dominicana\" \/>\n<meta name=\"twitter:card\" content=\"summary_large_image\" \/>\n<meta name=\"twitter:label1\" content=\"Escrito por\" \/>\n\t<meta name=\"twitter:data1\" content=\"Potencia Radiof\u00f3nica Dominicana\" \/>\n\t<meta name=\"twitter:label2\" content=\"Tiempo de lectura\" \/>\n\t<meta name=\"twitter:data2\" content=\"2 minutos\" \/>\n<script type=\"application\/ld+json\" class=\"yoast-schema-graph\">{\"@context\":\"https:\/\/schema.org\",\"@graph\":[{\"@type\":\"Article\",\"@id\":\"https:\/\/potenciaradiofonicadominicana.com\/portal\/google-maps-cambia-el-nombre-del-lago-ontario-a-lago-america-para-usuarios-estadounidenses\/#article\",\"isPartOf\":{\"@id\":\"https:\/\/potenciaradiofonicadominicana.com\/portal\/google-maps-cambia-el-nombre-del-lago-ontario-a-lago-america-para-usuarios-estadounidenses\/\"},\"author\":{\"name\":\"Potencia Radiof\u00f3nica Dominicana\",\"@id\":\"https:\/\/potenciaradiofonicadominicana.com\/portal\/#\/schema\/person\/a5cf1fea13877803ee0573ac18b03490\"},\"headline\":\"Google Maps cambia el nombre del Lago Ontario a Lago Am\u00e9rica para usuarios estadounidenses\",\"datePublished\":\"2026-08-30T22:29:23+00:00\",\"mainEntityOfPage\":{\"@id\":\"https:\/\/potenciaradiofonicadominicana.com\/portal\/google-maps-cambia-el-nombre-del-lago-ontario-a-lago-america-para-usuarios-estadounidenses\/\"},\"wordCount\":352,\"publisher\":{\"@id\":\"https:\/\/potenciaradiofonicadominicana.com\/portal\/#organization\"},\"image\":{\"@id\":\"https:\/\/potenciaradiofonicadominicana.com\/portal\/google-maps-cambia-el-nombre-del-lago-ontario-a-lago-america-para-usuarios-estadounidenses\/#primaryimage\"},\"thumbnailUrl\":\"https:\/\/potenciaradiofonicadominicana.com\/portal\/wp-content\/uploads\/2026\/08\/6a90e38b7d88b.jpeg\",\"articleSection\":[\"Internacional\"],\"inLanguage\":\"es\"},{\"@type\":\"WebPage\",\"@id\":\"https:\/\/potenciaradiofonicadominicana.com\/portal\/google-maps-cambia-el-nombre-del-lago-ontario-a-lago-america-para-usuarios-estadounidenses\/\",\"url\":\"https:\/\/potenciaradiofonicadominicana.com\/portal\/google-maps-cambia-el-nombre-del-lago-ontario-a-lago-america-para-usuarios-estadounidenses\/\",\"name\":\"Google Maps cambia el nombre del Lago Ontario a Lago Am\u00e9rica para usuarios estadounidenses - PotenciaRadiofonicaDominicana.com\",\"isPartOf\":{\"@id\":\"https:\/\/potenciaradiofonicadominicana.com\/portal\/#website\"},\"primaryImageOfPage\":{\"@id\":\"https:\/\/potenciaradiofonicadominicana.com\/portal\/google-maps-cambia-el-nombre-del-lago-ontario-a-lago-america-para-usuarios-estadounidenses\/#primaryimage\"},\"image\":{\"@id\":\"https:\/\/potenciaradiofonicadominicana.com\/portal\/google-maps-cambia-el-nombre-del-lago-ontario-a-lago-america-para-usuarios-estadounidenses\/#primaryimage\"},\"thumbnailUrl\":\"https:\/\/potenciaradiofonicadominicana.com\/portal\/wp-content\/uploads\/2026\/08\/6a90e38b7d88b.jpeg\",\"datePublished\":\"2026-08-30T22:29:23+00:00\",\"breadcrumb\":{\"@id\":\"https:\/\/potenciaradiofonicadominicana.com\/portal\/google-maps-cambia-el-nombre-del-lago-ontario-a-lago-america-para-usuarios-estadounidenses\/#breadcrumb\"},\"inLanguage\":\"es\",\"potentialAction\":[{\"@type\":\"ReadAction\",\"target\":[\"https:\/\/potenciaradiofonicadominicana.com\/portal\/google-maps-cambia-el-nombre-del-lago-ontario-a-lago-america-para-usuarios-estadounidenses\/\"]}]},{\"@type\":\"ImageObject\",\"inLanguage\":\"es\",\"@id\":\"https:\/\/potenciaradiofonicadominicana.com\/portal\/google-maps-cambia-el-nombre-del-lago-ontario-a-lago-america-para-usuarios-estadounidenses\/#primaryimage\",\"url\":\"https:\/\/potenciaradiofonicadominicana.com\/portal\/wp-content\/uploads\/2026\/08\/6a90e38b7d88b.jpeg\",\"contentUrl\":\"https:\/\/potenciaradiofonicadominicana.com\/portal\/wp-content\/uploads\/2026\/08\/6a90e38b7d88b.jpeg\",\"width\":800,\"height\":541},{\"@type\":\"BreadcrumbList\",\"@id\":\"https:\/\/potenciaradiofonicadominicana.com\/portal\/google-maps-cambia-el-nombre-del-lago-ontario-a-lago-america-para-usuarios-estadounidenses\/#breadcrumb\",\"itemListElement\":[{\"@type\":\"ListItem\",\"position\":1,\"name\":\"Portada\",\"item\":\"https:\/\/potenciaradiofonicadominicana.com\/portal\/\"},{\"@type\":\"ListItem\",\"position\":2,\"name\":\"Google Maps cambia el nombre del Lago Ontario a Lago Am\u00e9rica para usuarios estadounidenses\"}]},{\"@type\":\"WebSite\",\"@id\":\"https:\/\/potenciaradiofonicadominicana.com\/portal\/#website\",\"url\":\"https:\/\/potenciaradiofonicadominicana.com\/portal\/\",\"name\":\"PotenciaRadiofonicaDominicana.com\",\"description\":\"Peri\u00f3dico Digital\",\"publisher\":{\"@id\":\"https:\/\/potenciaradiofonicadominicana.com\/portal\/#organization\"},\"potentialAction\":[{\"@type\":\"SearchAction\",\"target\":{\"@type\":\"EntryPoint\",\"urlTemplate\":\"https:\/\/potenciaradiofonicadominicana.com\/portal\/?s={search_term_string}\"},\"query-input\":{\"@type\":\"PropertyValueSpecification\",\"valueRequired\":true,\"valueName\":\"search_term_string\"}}],\"inLanguage\":\"es\"},{\"@type\":\"Organization\",\"@id\":\"https:\/\/potenciaradiofonicadominicana.com\/portal\/#organization\",\"name\":\"PotenciaRadiofonicaDominicana.com\",\"url\":\"https:\/\/potenciaradiofonicadominicana.com\/portal\/\",\"logo\":{\"@type\":\"ImageObject\",\"inLanguage\":\"es\",\"@id\":\"https:\/\/potenciaradiofonicadominicana.com\/portal\/#\/schema\/logo\/image\/\",\"url\":\"https:\/\/potenciaradiofonicadominicana.com\/portal\/wp-content\/uploads\/2022\/01\/descarga.png\",\"contentUrl\":\"https:\/\/potenciaradiofonicadominicana.com\/portal\/wp-content\/uploads\/2022\/01\/descarga.png\",\"width\":300,\"height\":100,\"caption\":\"PotenciaRadiofonicaDominicana.com\"},\"image\":{\"@id\":\"https:\/\/potenciaradiofonicadominicana.com\/portal\/#\/schema\/logo\/image\/\"},\"sameAs\":[\"https:\/\/web.facebook.com\/PotenciaRadiofonicaD\"]},{\"@type\":\"Person\",\"@id\":\"https:\/\/potenciaradiofonicadominicana.com\/portal\/#\/schema\/person\/a5cf1fea13877803ee0573ac18b03490\",\"name\":\"Potencia Radiof\u00f3nica Dominicana\",\"image\":{\"@type\":\"ImageObject\",\"inLanguage\":\"es\",\"@id\":\"https:\/\/potenciaradiofonicadominicana.com\/portal\/#\/schema\/person\/image\/\",\"url\":\"https:\/\/secure.gravatar.com\/avatar\/42a55ab9e8ccc656ba34cd791990602a?s=96&d=mm&r=g\",\"contentUrl\":\"https:\/\/secure.gravatar.com\/avatar\/42a55ab9e8ccc656ba34cd791990602a?s=96&d=mm&r=g\",\"caption\":\"Potencia Radiof\u00f3nica Dominicana\"},\"url\":\"https:\/\/potenciaradiofonicadominicana.com\/portal\/author\/johannyalmanzar\/\"}]}<\/script>\n<!-- \/ Yoast SEO plugin. -->","yoast_head_json":{"title":"Google Maps cambia el nombre del Lago Ontario a Lago Am\u00e9rica para usuarios estadounidenses - PotenciaRadiofonicaDominicana.com","robots":{"index":"index","follow":"follow","max-snippet":"max-snippet:-1","max-image-preview":"max-image-preview:large","max-video-preview":"max-video-preview:-1"},"canonical":"https:\/\/potenciaradiofonicadominicana.com\/portal\/google-maps-cambia-el-nombre-del-lago-ontario-a-lago-america-para-usuarios-estadounidenses\/","og_locale":"es_ES","og_type":"article","og_title":"Google Maps cambia el nombre del Lago Ontario a Lago Am\u00e9rica para usuarios estadounidenses - PotenciaRadiofonicaDominicana.com","og_description":"Washington.- El servicio de mapas y posicionamiento global v\u00eda sat\u00e9lite de\u00a0Google\u00a0ha cambiado el nombre del\u00a0Lago Ontario\u00a0a\u00a0Lago Am\u00e9rica\u00a0para los usuarios de\u00a0Estados ...","og_url":"https:\/\/potenciaradiofonicadominicana.com\/portal\/google-maps-cambia-el-nombre-del-lago-ontario-a-lago-america-para-usuarios-estadounidenses\/","og_site_name":"PotenciaRadiofonicaDominicana.com","article_publisher":"https:\/\/web.facebook.com\/PotenciaRadiofonicaD","article_published_time":"2026-08-30T22:29:23+00:00","og_image":[{"width":800,"height":541,"url":"https:\/\/potenciaradiofonicadominicana.com\/portal\/wp-content\/uploads\/2026\/08\/6a90e38b7d88b.jpeg","type":"image\/jpeg"}],"author":"Potencia Radiof\u00f3nica Dominicana","twitter_card":"summary_large_image","twitter_misc":{"Escrito por":"Potencia Radiof\u00f3nica Dominicana","Tiempo de lectura":"2 minutos"},"schema":{"@context":"https:\/\/schema.org","@graph":[{"@type":"Article","@id":"https:\/\/potenciaradiofonicadominicana.com\/portal\/google-maps-cambia-el-nombre-del-lago-ontario-a-lago-america-para-usuarios-estadounidenses\/#article","isPartOf":{"@id":"https:\/\/potenciaradiofonicadominicana.com\/portal\/google-maps-cambia-el-nombre-del-lago-ontario-a-lago-america-para-usuarios-estadounidenses\/"},"author":{"name":"Potencia Radiof\u00f3nica Dominicana","@id":"https:\/\/potenciaradiofonicadominicana.com\/portal\/#\/schema\/person\/a5cf1fea13877803ee0573ac18b03490"},"headline":"Google Maps cambia el nombre del Lago Ontario a Lago Am\u00e9rica para usuarios estadounidenses","datePublished":"2026-08-30T22:29:23+00:00","mainEntityOfPage":{"@id":"https:\/\/potenciaradiofonicadominicana.com\/portal\/google-maps-cambia-el-nombre-del-lago-ontario-a-lago-america-para-usuarios-estadounidenses\/"},"wordCount":352,"publisher":{"@id":"https:\/\/potenciaradiofonicadominicana.com\/portal\/#organization"},"image":{"@id":"https:\/\/potenciaradiofonicadominicana.com\/portal\/google-maps-cambia-el-nombre-del-lago-ontario-a-lago-america-para-usuarios-estadounidenses\/#primaryimage"},"thumbnailUrl":"https:\/\/potenciaradiofonicadominicana.com\/portal\/wp-content\/uploads\/2026\/08\/6a90e38b7d88b.jpeg","articleSection":["Internacional"],"inLanguage":"es"},{"@type":"WebPage","@id":"https:\/\/potenciaradiofonicadominicana.com\/portal\/google-maps-cambia-el-nombre-del-lago-ontario-a-lago-america-para-usuarios-estadounidenses\/","url":"https:\/\/potenciaradiofonicadominicana.com\/portal\/google-maps-cambia-el-nombre-del-lago-ontario-a-lago-america-para-usuarios-estadounidenses\/","name":"Google Maps cambia el nombre del Lago Ontario a Lago Am\u00e9rica para usuarios estadounidenses - PotenciaRadiofonicaDominicana.com","isPartOf":{"@id":"https:\/\/potenciaradiofonicadominicana.com\/portal\/#website"},"primaryImageOfPage":{"@id":"https:\/\/potenciaradiofonicadominicana.com\/portal\/google-maps-cambia-el-nombre-del-lago-ontario-a-lago-america-para-usuarios-estadounidenses\/#primaryimage"},"image":{"@id":"https:\/\/potenciaradiofonicadominicana.com\/portal\/google-maps-cambia-el-nombre-del-lago-ontario-a-lago-america-para-usuarios-estadounidenses\/#primaryimage"},"thumbnailUrl":"https:\/\/potenciaradiofonicadominicana.com\/portal\/wp-content\/uploads\/2026\/08\/6a90e38b7d88b.jpeg","datePublished":"2026-08-30T22:29:23+00:00","breadcrumb":{"@id":"https:\/\/potenciaradiofonicadominicana.com\/portal\/google-maps-cambia-el-nombre-del-lago-ontario-a-lago-america-para-usuarios-estadounidenses\/#breadcrumb"},"inLanguage":"es","potentialAction":[{"@type":"ReadAction","target":["https:\/\/potenciaradiofonicadominicana.com\/portal\/google-maps-cambia-el-nombre-del-lago-ontario-a-lago-america-para-usuarios-estadounidenses\/"]}]},{"@type":"ImageObject","inLanguage":"es","@id":"https:\/\/potenciaradiofonicadominicana.com\/portal\/google-maps-cambia-el-nombre-del-lago-ontario-a-lago-america-para-usuarios-estadounidenses\/#primaryimage","url":"https:\/\/potenciaradiofonicadominicana.com\/portal\/wp-content\/uploads\/2026\/08\/6a90e38b7d88b.jpeg","contentUrl":"https:\/\/potenciaradiofonicadominicana.com\/portal\/wp-content\/uploads\/2026\/08\/6a90e38b7d88b.jpeg","width":800,"height":541},{"@type":"BreadcrumbList","@id":"https:\/\/potenciaradiofonicadominicana.com\/portal\/google-maps-cambia-el-nombre-del-lago-ontario-a-lago-america-para-usuarios-estadounidenses\/#breadcrumb","itemListElement":[{"@type":"ListItem","position":1,"name":"Portada","item":"https:\/\/potenciaradiofonicadominicana.com\/portal\/"},{"@type":"ListItem","position":2,"name":"Google Maps cambia el nombre del Lago Ontario a Lago Am\u00e9rica para usuarios estadounidenses"}]},{"@type":"WebSite","@id":"https:\/\/potenciaradiofonicadominicana.com\/portal\/#website","url":"https:\/\/potenciaradiofonicadominicana.com\/portal\/","name":"PotenciaRadiofonicaDominicana.com","description":"Peri\u00f3dico Digital","publisher":{"@id":"https:\/\/potenciaradiofonicadominicana.com\/portal\/#organization"},"potentialAction":[{"@type":"SearchAction","target":{"@type":"EntryPoint","urlTemplate":"https:\/\/potenciaradiofonicadominicana.com\/portal\/?s={search_term_string}"},"query-input":{"@type":"PropertyValueSpecification","valueRequired":true,"valueName":"search_term_string"}}],"inLanguage":"es"},{"@type":"Organization","@id":"https:\/\/potenciaradiofonicadominicana.com\/portal\/#organization","name":"PotenciaRadiofonicaDominicana.com","url":"https:\/\/potenciaradiofonicadominicana.com\/portal\/","logo":{"@type":"ImageObject","inLanguage":"es","@id":"https:\/\/potenciaradiofonicadominicana.com\/portal\/#\/schema\/logo\/image\/","url":"https:\/\/potenciaradiofonicadominicana.com\/portal\/wp-content\/uploads\/2022\/01\/descarga.png","contentUrl":"https:\/\/potenciaradiofonicadominicana.com\/portal\/wp-content\/uploads\/2022\/01\/descarga.png","width":300,"height":100,"caption":"PotenciaRadiofonicaDominicana.com"},"image":{"@id":"https:\/\/potenciaradiofonicadominicana.com\/portal\/#\/schema\/logo\/image\/"},"sameAs":["https:\/\/web.facebook.com\/PotenciaRadiofonicaD"]},{"@type":"Person","@id":"https:\/\/potenciaradiofonicadominicana.com\/portal\/#\/schema\/person\/a5cf1fea13877803ee0573ac18b03490","name":"Potencia Radiof\u00f3nica Dominicana","image":{"@type":"ImageObject","inLanguage":"es","@id":"https:\/\/potenciaradiofonicadominicana.com\/portal\/#\/schema\/person\/image\/","url":"https:\/\/secure.gravatar.com\/avatar\/42a55ab9e8ccc656ba34cd791990602a?s=96&d=mm&r=g","contentUrl":"https:\/\/secure.gravatar.com\/avatar\/42a55ab9e8ccc656ba34cd791990602a?s=96&d=mm&r=g","caption":"Potencia Radiof\u00f3nica Dominicana"},"url":"https:\/\/potenciaradiofonicadominicana.com\/portal\/author\/johannyalmanzar\/"}]}},"_links":{"self":[{"href":"https:\/\/potenciaradiofonicadominicana.com\/portal\/wp-json\/wp\/v2\/posts\/224929","targetHints":{"allow":["GET"]}}],"collection":[{"href":"https:\/\/potenciaradiofonicadominicana.com\/portal\/wp-json\/wp\/v2\/posts"}],"about":[{"href":"https:\/\/potenciaradiofonicadominicana.com\/portal\/wp-json\/wp\/v2\/types\/post"}],"author":[{"embeddable":true,"href":"https:\/\/potenciaradiofonicadominicana.com\/portal\/wp-json\/wp\/v2\/users\/2"}],"replies":[{"embeddable":true,"href":"https:\/\/potenciaradiofonicadominicana.com\/portal\/wp-json\/wp\/v2\/comments?post=224929"}],"version-history":[{"count":1,"href":"https:\/\/potenciaradiofonicadominicana.com\/portal\/wp-json\/wp\/v2\/posts\/224929\/revisions"}],"predecessor-version":[{"id":224931,"href":"https:\/\/potenciaradiofonicadominicana.com\/portal\/wp-json\/wp\/v2\/posts\/224929\/revisions\/224931"}],"wp:featuredmedia":[{"embeddable":true,"href":"https:\/\/potenciaradiofonicadominicana.com\/portal\/wp-json\/wp\/v2\/media\/224930"}],"wp:attachment":[{"href":"https:\/\/potenciaradiofonicadominicana.com\/portal\/wp-json\/wp\/v2\/media?parent=224929"}],"wp:term":[{"taxonomy":"category","embeddable":true,"href":"https:\/\/potenciaradiofonicadominicana.com\/portal\/wp-json\/wp\/v2\/categories?post=224929"},{"taxonomy":"post_tag","embeddable":true,"href":"https:\/\/potenciaradiofonicadominicana.com\/portal\/wp-json\/wp\/v2\/tags?post=224929"}],"curies":[{"name":"wp","href":"https:\/\/api.w.org\/{rel}","templated":true}]}}