{"id":224926,"date":"2026-08-30T18:25:35","date_gmt":"2026-08-30T22:25:35","guid":{"rendered":"https:\/\/potenciaradiofonicadominicana.com\/portal\/?p=224926"},"modified":"2026-08-30T18:25:35","modified_gmt":"2026-08-30T22:25:35","slug":"nicaragua-aprobara-el-21-de-septiembre-reforma-electoral-que-excluira-a-traidores","status":"publish","type":"post","link":"https:\/\/potenciaradiofonicadominicana.com\/portal\/nicaragua-aprobara-el-21-de-septiembre-reforma-electoral-que-excluira-a-traidores\/","title":{"rendered":"Nicaragua aprobar\u00e1 el 21 de septiembre reforma electoral que excluir\u00e1 a \u00abtraidores\u00bb"},"content":{"rendered":"<p><a href=\"https:\/\/potenciaradiofonicadominicana.com\/portal\/wp-content\/uploads\/2026\/08\/nicaragua-aprobara-reforma-electoral.webp\"><img loading=\"lazy\" decoding=\"async\" class=\"alignnone size-full wp-image-224927\" src=\"https:\/\/potenciaradiofonicadominicana.com\/portal\/wp-content\/uploads\/2026\/08\/nicaragua-aprobara-reforma-electoral.webp\" alt=\"\" width=\"900\" height=\"551\" srcset=\"https:\/\/potenciaradiofonicadominicana.com\/portal\/wp-content\/uploads\/2026\/08\/nicaragua-aprobara-reforma-electoral.webp 900w, https:\/\/potenciaradiofonicadominicana.com\/portal\/wp-content\/uploads\/2026\/08\/nicaragua-aprobara-reforma-electoral-300x184.webp 300w, https:\/\/potenciaradiofonicadominicana.com\/portal\/wp-content\/uploads\/2026\/08\/nicaragua-aprobara-reforma-electoral-768x470.webp 768w, https:\/\/potenciaradiofonicadominicana.com\/portal\/wp-content\/uploads\/2026\/08\/nicaragua-aprobara-reforma-electoral-165x100.webp 165w\" sizes=\"auto, (max-width: 900px) 100vw, 900px\" \/><\/a><\/p>\n<p><strong>Nicaragua<\/strong>\u00a0aprobar\u00e1 el pr\u00f3ximo\u00a0<strong>21 de septiembre<\/strong>\u00a0en primera legislatura una\u00a0<strong>reforma constitucional<\/strong>\u00a0para excluir de las elecciones a los\u00a0<strong>opositores desnacionalizados<\/strong>, considerados\u00a0<strong>\u00abtraidores a la patria\u00bb<\/strong>, inform\u00f3 este s\u00e1bado el titular de la Asamblea Nacional (Parlamento), el oficialista\u00a0<strong>Gustavo Porras<\/strong>.<\/p>\n<p>\u00abEl 21 de septiembre vamos a aprobar la reforma a la Constituci\u00f3n que hemos venido trabajando\u00bb, anunci\u00f3 el titular del Legislativo durante una\u00a0<strong>sesi\u00f3n especial<\/strong>\u00a0celebrada este s\u00e1bado en el\u00a0<strong>norte de Nicaragua<\/strong>\u00a0tras explicar que esperan\u00a0<strong>\u00abculminar el pr\u00f3ximo primero de septiembre\u00bb<\/strong>\u00a0las consultas sobre las enmiendas.<\/p>\n<p>Esta nueva reforma constitucional impulsada por\u00a0<strong>Daniel Ortega<\/strong>, un exguerrillero sandinista de 80 a\u00f1os que gobierna el pa\u00eds desde 2007, debe ser aprobada en\u00a0<strong>dos legislaturas<\/strong>\u00a0distintas, la actual y la pr\u00f3xima (9 de enero &#8211; 15 de diciembre de 2027), para\u00a0<strong>entrar en vigor<\/strong>.<\/p>\n<p>El\u00a0<strong>Parlamento de Nicaragua<\/strong>, controlado por el oficialismo, inici\u00f3 las\u00a0<strong>consultas<\/strong>\u00a0sobre la nueva reforma constitucional luego de que el copresidente\u00a0<strong>Daniel Ortega<\/strong>\u00a0afirmara, el pasado 19 de julio, que en su pa\u00eds\u00a0<strong>\u00abno volver\u00e1 a haber elecciones\u00bb<\/strong>.<\/p>\n<p>El anuncio de Porras se da una semana despu\u00e9s de que la\u00a0Organizaci\u00f3n de los Estados Americanos<strong>\u00a0(OEA)<\/strong>\u00a0convocara de forma urgente una\u00a0<strong>reuni\u00f3n de cancilleres<\/strong>\u00a0para abordar la\u00a0<strong>situaci\u00f3n de Nicaragua<\/strong> tras la amenaza de Ortega de cancelar las elecciones.<\/p>\n<p><strong>Costa Rica<\/strong>, EE.UU.,\u00a0<strong>Panam\u00e1<\/strong>\u00a0\u2014que retir\u00f3 su embajador de Nicaragua\u2014,\u00a0<strong>Guatemala<\/strong>,\u00a0<strong>Rep\u00fablica Dominicana<\/strong>,\u00a0<strong>Chile<\/strong>,\u00a0<strong>Bolivia<\/strong>,\u00a0<strong>Brasil<\/strong>,\u00a0<strong>Per\u00fa<\/strong>, la\u00a0<strong>Uni\u00f3n Europea<\/strong>,\u00a0<strong>Uruguay<\/strong>, el secretario general de la OEA,\u00a0<strong>Alberto Ramdin<\/strong>; el alto comisionado de la ONU para los derechos humanos,\u00a0<strong>Volker T\u00fcrk<\/strong>, entre otros, han expresado su preocupaci\u00f3n o rechazo a esas declaraciones de Ortega.<\/p>\n<p>Desde 2017, Ortega dirige el pa\u00eds junto a su esposa\u00a0<strong>Rosario Murillo<\/strong>\u00a0como\u00a0<strong>copresidenta<\/strong>\u00a0gracias a una\u00a0<strong>reforma constitucional de 2025<\/strong>.<\/p>\n<ul class=\"list-text\">\n<li><strong>Estados Unidos<\/strong>\u00a0acus\u00f3 entonces a Murillo de haberse inventado el cargo de\u00a0<strong>copresidenta<\/strong>\u00a0sin elecciones, sin mandato y\u00a0<strong>sin legitimidad<\/strong>.<\/li>\n<\/ul>\n<p>Nicaragua deb\u00eda celebrar\u00a0<strong>elecciones generales<\/strong>\u00a0en\u00a0<strong>noviembre de 2026<\/strong>, pero las enmiendas constitucionales ampliaron el periodo presidencial, por lo que estar\u00edan previstas para\u00a0<strong>noviembre de 2027<\/strong>.<\/p>\n<p>Sin embargo, el pasado\u00a0<strong>19 de julio<\/strong>\u00a0Ortega sentenci\u00f3 durante un acto p\u00fablico en Managua para conmemorar el 47 aniversario de la revoluci\u00f3n sandinista:\u00a0<strong>\u00abAqu\u00ed\u00a0<\/strong>no volver\u00e1n a haber elecciones<strong>\u00a0para que por all\u00ed intenten ellos (oposici\u00f3n) atrapar el Gobierno, atrapar el poder\u00bb<\/strong>.<\/p>\n","protected":false},"excerpt":{"rendered":"<p>Nicaragua\u00a0aprobar\u00e1 el pr\u00f3ximo\u00a021 de septiembre\u00a0en primera legislatura una\u00a0reforma constitucional\u00a0para excluir de las elecciones a los\u00a0opositores desnacionalizados, considerados\u00a0\u00abtraidores a la patria\u00bb, &#8230;<\/p>\n","protected":false},"author":2,"featured_media":224927,"comment_status":"closed","ping_status":"closed","sticky":false,"template":"","format":"standard","meta":{"footnotes":""},"categories":[30],"tags":[],"class_list":["post-224926","post","type-post","status-publish","format-standard","has-post-thumbnail","hentry","category-internacional"],"yoast_head":"<!-- This site is optimized with the Yoast SEO plugin v24.8.1 - https:\/\/yoast.com\/wordpress\/plugins\/seo\/ -->\n<title>Nicaragua aprobar\u00e1 el 21 de septiembre reforma electoral que excluir\u00e1 a &quot;traidores&quot; - PotenciaRadiofonicaDominicana.com<\/title>\n<meta name=\"robots\" content=\"index, follow, max-snippet:-1, max-image-preview:large, max-video-preview:-1\" \/>\n<link rel=\"canonical\" href=\"https:\/\/potenciaradiofonicadominicana.com\/portal\/nicaragua-aprobara-el-21-de-septiembre-reforma-electoral-que-excluira-a-traidores\/\" \/>\n<meta property=\"og:locale\" content=\"es_ES\" \/>\n<meta property=\"og:type\" content=\"article\" \/>\n<meta property=\"og:title\" content=\"Nicaragua aprobar\u00e1 el 21 de septiembre reforma electoral que excluir\u00e1 a &quot;traidores&quot; - PotenciaRadiofonicaDominicana.com\" \/>\n<meta property=\"og:description\" content=\"Nicaragua\u00a0aprobar\u00e1 el pr\u00f3ximo\u00a021 de septiembre\u00a0en primera legislatura una\u00a0reforma constitucional\u00a0para excluir de las elecciones a los\u00a0opositores desnacionalizados, considerados\u00a0\u00abtraidores a la patria\u00bb, ...\" \/>\n<meta property=\"og:url\" content=\"https:\/\/potenciaradiofonicadominicana.com\/portal\/nicaragua-aprobara-el-21-de-septiembre-reforma-electoral-que-excluira-a-traidores\/\" \/>\n<meta property=\"og:site_name\" content=\"PotenciaRadiofonicaDominicana.com\" \/>\n<meta property=\"article:publisher\" content=\"https:\/\/web.facebook.com\/PotenciaRadiofonicaD\" \/>\n<meta property=\"article:published_time\" content=\"2026-08-30T22:25:35+00:00\" \/>\n<meta property=\"og:image\" content=\"https:\/\/potenciaradiofonicadominicana.com\/portal\/wp-content\/uploads\/2026\/08\/nicaragua-aprobara-reforma-electoral.webp\" \/>\n\t<meta property=\"og:image:width\" content=\"900\" \/>\n\t<meta property=\"og:image:height\" content=\"551\" \/>\n\t<meta property=\"og:image:type\" content=\"image\/webp\" \/>\n<meta name=\"author\" content=\"Potencia Radiof\u00f3nica Dominicana\" \/>\n<meta name=\"twitter:card\" content=\"summary_large_image\" \/>\n<meta name=\"twitter:label1\" content=\"Escrito por\" \/>\n\t<meta name=\"twitter:data1\" content=\"Potencia Radiof\u00f3nica Dominicana\" \/>\n\t<meta name=\"twitter:label2\" content=\"Tiempo de lectura\" \/>\n\t<meta name=\"twitter:data2\" content=\"3 minutos\" \/>\n<script type=\"application\/ld+json\" class=\"yoast-schema-graph\">{\"@context\":\"https:\/\/schema.org\",\"@graph\":[{\"@type\":\"Article\",\"@id\":\"https:\/\/potenciaradiofonicadominicana.com\/portal\/nicaragua-aprobara-el-21-de-septiembre-reforma-electoral-que-excluira-a-traidores\/#article\",\"isPartOf\":{\"@id\":\"https:\/\/potenciaradiofonicadominicana.com\/portal\/nicaragua-aprobara-el-21-de-septiembre-reforma-electoral-que-excluira-a-traidores\/\"},\"author\":{\"name\":\"Potencia Radiof\u00f3nica Dominicana\",\"@id\":\"https:\/\/potenciaradiofonicadominicana.com\/portal\/#\/schema\/person\/a5cf1fea13877803ee0573ac18b03490\"},\"headline\":\"Nicaragua aprobar\u00e1 el 21 de septiembre reforma electoral que excluir\u00e1 a \u00abtraidores\u00bb\",\"datePublished\":\"2026-08-30T22:25:35+00:00\",\"mainEntityOfPage\":{\"@id\":\"https:\/\/potenciaradiofonicadominicana.com\/portal\/nicaragua-aprobara-el-21-de-septiembre-reforma-electoral-que-excluira-a-traidores\/\"},\"wordCount\":400,\"publisher\":{\"@id\":\"https:\/\/potenciaradiofonicadominicana.com\/portal\/#organization\"},\"image\":{\"@id\":\"https:\/\/potenciaradiofonicadominicana.com\/portal\/nicaragua-aprobara-el-21-de-septiembre-reforma-electoral-que-excluira-a-traidores\/#primaryimage\"},\"thumbnailUrl\":\"https:\/\/potenciaradiofonicadominicana.com\/portal\/wp-content\/uploads\/2026\/08\/nicaragua-aprobara-reforma-electoral.webp\",\"articleSection\":[\"Internacional\"],\"inLanguage\":\"es\"},{\"@type\":\"WebPage\",\"@id\":\"https:\/\/potenciaradiofonicadominicana.com\/portal\/nicaragua-aprobara-el-21-de-septiembre-reforma-electoral-que-excluira-a-traidores\/\",\"url\":\"https:\/\/potenciaradiofonicadominicana.com\/portal\/nicaragua-aprobara-el-21-de-septiembre-reforma-electoral-que-excluira-a-traidores\/\",\"name\":\"Nicaragua aprobar\u00e1 el 21 de septiembre reforma electoral que excluir\u00e1 a \\\"traidores\\\" - PotenciaRadiofonicaDominicana.com\",\"isPartOf\":{\"@id\":\"https:\/\/potenciaradiofonicadominicana.com\/portal\/#website\"},\"primaryImageOfPage\":{\"@id\":\"https:\/\/potenciaradiofonicadominicana.com\/portal\/nicaragua-aprobara-el-21-de-septiembre-reforma-electoral-que-excluira-a-traidores\/#primaryimage\"},\"image\":{\"@id\":\"https:\/\/potenciaradiofonicadominicana.com\/portal\/nicaragua-aprobara-el-21-de-septiembre-reforma-electoral-que-excluira-a-traidores\/#primaryimage\"},\"thumbnailUrl\":\"https:\/\/potenciaradiofonicadominicana.com\/portal\/wp-content\/uploads\/2026\/08\/nicaragua-aprobara-reforma-electoral.webp\",\"datePublished\":\"2026-08-30T22:25:35+00:00\",\"breadcrumb\":{\"@id\":\"https:\/\/potenciaradiofonicadominicana.com\/portal\/nicaragua-aprobara-el-21-de-septiembre-reforma-electoral-que-excluira-a-traidores\/#breadcrumb\"},\"inLanguage\":\"es\",\"potentialAction\":[{\"@type\":\"ReadAction\",\"target\":[\"https:\/\/potenciaradiofonicadominicana.com\/portal\/nicaragua-aprobara-el-21-de-septiembre-reforma-electoral-que-excluira-a-traidores\/\"]}]},{\"@type\":\"ImageObject\",\"inLanguage\":\"es\",\"@id\":\"https:\/\/potenciaradiofonicadominicana.com\/portal\/nicaragua-aprobara-el-21-de-septiembre-reforma-electoral-que-excluira-a-traidores\/#primaryimage\",\"url\":\"https:\/\/potenciaradiofonicadominicana.com\/portal\/wp-content\/uploads\/2026\/08\/nicaragua-aprobara-reforma-electoral.webp\",\"contentUrl\":\"https:\/\/potenciaradiofonicadominicana.com\/portal\/wp-content\/uploads\/2026\/08\/nicaragua-aprobara-reforma-electoral.webp\",\"width\":900,\"height\":551},{\"@type\":\"BreadcrumbList\",\"@id\":\"https:\/\/potenciaradiofonicadominicana.com\/portal\/nicaragua-aprobara-el-21-de-septiembre-reforma-electoral-que-excluira-a-traidores\/#breadcrumb\",\"itemListElement\":[{\"@type\":\"ListItem\",\"position\":1,\"name\":\"Portada\",\"item\":\"https:\/\/potenciaradiofonicadominicana.com\/portal\/\"},{\"@type\":\"ListItem\",\"position\":2,\"name\":\"Nicaragua aprobar\u00e1 el 21 de septiembre reforma electoral que excluir\u00e1 a \u00abtraidores\u00bb\"}]},{\"@type\":\"WebSite\",\"@id\":\"https:\/\/potenciaradiofonicadominicana.com\/portal\/#website\",\"url\":\"https:\/\/potenciaradiofonicadominicana.com\/portal\/\",\"name\":\"PotenciaRadiofonicaDominicana.com\",\"description\":\"Peri\u00f3dico Digital\",\"publisher\":{\"@id\":\"https:\/\/potenciaradiofonicadominicana.com\/portal\/#organization\"},\"potentialAction\":[{\"@type\":\"SearchAction\",\"target\":{\"@type\":\"EntryPoint\",\"urlTemplate\":\"https:\/\/potenciaradiofonicadominicana.com\/portal\/?s={search_term_string}\"},\"query-input\":{\"@type\":\"PropertyValueSpecification\",\"valueRequired\":true,\"valueName\":\"search_term_string\"}}],\"inLanguage\":\"es\"},{\"@type\":\"Organization\",\"@id\":\"https:\/\/potenciaradiofonicadominicana.com\/portal\/#organization\",\"name\":\"PotenciaRadiofonicaDominicana.com\",\"url\":\"https:\/\/potenciaradiofonicadominicana.com\/portal\/\",\"logo\":{\"@type\":\"ImageObject\",\"inLanguage\":\"es\",\"@id\":\"https:\/\/potenciaradiofonicadominicana.com\/portal\/#\/schema\/logo\/image\/\",\"url\":\"https:\/\/potenciaradiofonicadominicana.com\/portal\/wp-content\/uploads\/2022\/01\/descarga.png\",\"contentUrl\":\"https:\/\/potenciaradiofonicadominicana.com\/portal\/wp-content\/uploads\/2022\/01\/descarga.png\",\"width\":300,\"height\":100,\"caption\":\"PotenciaRadiofonicaDominicana.com\"},\"image\":{\"@id\":\"https:\/\/potenciaradiofonicadominicana.com\/portal\/#\/schema\/logo\/image\/\"},\"sameAs\":[\"https:\/\/web.facebook.com\/PotenciaRadiofonicaD\"]},{\"@type\":\"Person\",\"@id\":\"https:\/\/potenciaradiofonicadominicana.com\/portal\/#\/schema\/person\/a5cf1fea13877803ee0573ac18b03490\",\"name\":\"Potencia Radiof\u00f3nica Dominicana\",\"image\":{\"@type\":\"ImageObject\",\"inLanguage\":\"es\",\"@id\":\"https:\/\/potenciaradiofonicadominicana.com\/portal\/#\/schema\/person\/image\/\",\"url\":\"https:\/\/secure.gravatar.com\/avatar\/42a55ab9e8ccc656ba34cd791990602a?s=96&d=mm&r=g\",\"contentUrl\":\"https:\/\/secure.gravatar.com\/avatar\/42a55ab9e8ccc656ba34cd791990602a?s=96&d=mm&r=g\",\"caption\":\"Potencia Radiof\u00f3nica Dominicana\"},\"url\":\"https:\/\/potenciaradiofonicadominicana.com\/portal\/author\/johannyalmanzar\/\"}]}<\/script>\n<!-- \/ Yoast SEO plugin. -->","yoast_head_json":{"title":"Nicaragua aprobar\u00e1 el 21 de septiembre reforma electoral que excluir\u00e1 a \"traidores\" - PotenciaRadiofonicaDominicana.com","robots":{"index":"index","follow":"follow","max-snippet":"max-snippet:-1","max-image-preview":"max-image-preview:large","max-video-preview":"max-video-preview:-1"},"canonical":"https:\/\/potenciaradiofonicadominicana.com\/portal\/nicaragua-aprobara-el-21-de-septiembre-reforma-electoral-que-excluira-a-traidores\/","og_locale":"es_ES","og_type":"article","og_title":"Nicaragua aprobar\u00e1 el 21 de septiembre reforma electoral que excluir\u00e1 a \"traidores\" - PotenciaRadiofonicaDominicana.com","og_description":"Nicaragua\u00a0aprobar\u00e1 el pr\u00f3ximo\u00a021 de septiembre\u00a0en primera legislatura una\u00a0reforma constitucional\u00a0para excluir de las elecciones a los\u00a0opositores desnacionalizados, considerados\u00a0\u00abtraidores a la patria\u00bb, ...","og_url":"https:\/\/potenciaradiofonicadominicana.com\/portal\/nicaragua-aprobara-el-21-de-septiembre-reforma-electoral-que-excluira-a-traidores\/","og_site_name":"PotenciaRadiofonicaDominicana.com","article_publisher":"https:\/\/web.facebook.com\/PotenciaRadiofonicaD","article_published_time":"2026-08-30T22:25:35+00:00","og_image":[{"width":900,"height":551,"url":"https:\/\/potenciaradiofonicadominicana.com\/portal\/wp-content\/uploads\/2026\/08\/nicaragua-aprobara-reforma-electoral.webp","type":"image\/webp"}],"author":"Potencia Radiof\u00f3nica Dominicana","twitter_card":"summary_large_image","twitter_misc":{"Escrito por":"Potencia Radiof\u00f3nica Dominicana","Tiempo de lectura":"3 minutos"},"schema":{"@context":"https:\/\/schema.org","@graph":[{"@type":"Article","@id":"https:\/\/potenciaradiofonicadominicana.com\/portal\/nicaragua-aprobara-el-21-de-septiembre-reforma-electoral-que-excluira-a-traidores\/#article","isPartOf":{"@id":"https:\/\/potenciaradiofonicadominicana.com\/portal\/nicaragua-aprobara-el-21-de-septiembre-reforma-electoral-que-excluira-a-traidores\/"},"author":{"name":"Potencia Radiof\u00f3nica Dominicana","@id":"https:\/\/potenciaradiofonicadominicana.com\/portal\/#\/schema\/person\/a5cf1fea13877803ee0573ac18b03490"},"headline":"Nicaragua aprobar\u00e1 el 21 de septiembre reforma electoral que excluir\u00e1 a \u00abtraidores\u00bb","datePublished":"2026-08-30T22:25:35+00:00","mainEntityOfPage":{"@id":"https:\/\/potenciaradiofonicadominicana.com\/portal\/nicaragua-aprobara-el-21-de-septiembre-reforma-electoral-que-excluira-a-traidores\/"},"wordCount":400,"publisher":{"@id":"https:\/\/potenciaradiofonicadominicana.com\/portal\/#organization"},"image":{"@id":"https:\/\/potenciaradiofonicadominicana.com\/portal\/nicaragua-aprobara-el-21-de-septiembre-reforma-electoral-que-excluira-a-traidores\/#primaryimage"},"thumbnailUrl":"https:\/\/potenciaradiofonicadominicana.com\/portal\/wp-content\/uploads\/2026\/08\/nicaragua-aprobara-reforma-electoral.webp","articleSection":["Internacional"],"inLanguage":"es"},{"@type":"WebPage","@id":"https:\/\/potenciaradiofonicadominicana.com\/portal\/nicaragua-aprobara-el-21-de-septiembre-reforma-electoral-que-excluira-a-traidores\/","url":"https:\/\/potenciaradiofonicadominicana.com\/portal\/nicaragua-aprobara-el-21-de-septiembre-reforma-electoral-que-excluira-a-traidores\/","name":"Nicaragua aprobar\u00e1 el 21 de septiembre reforma electoral que excluir\u00e1 a \"traidores\" - PotenciaRadiofonicaDominicana.com","isPartOf":{"@id":"https:\/\/potenciaradiofonicadominicana.com\/portal\/#website"},"primaryImageOfPage":{"@id":"https:\/\/potenciaradiofonicadominicana.com\/portal\/nicaragua-aprobara-el-21-de-septiembre-reforma-electoral-que-excluira-a-traidores\/#primaryimage"},"image":{"@id":"https:\/\/potenciaradiofonicadominicana.com\/portal\/nicaragua-aprobara-el-21-de-septiembre-reforma-electoral-que-excluira-a-traidores\/#primaryimage"},"thumbnailUrl":"https:\/\/potenciaradiofonicadominicana.com\/portal\/wp-content\/uploads\/2026\/08\/nicaragua-aprobara-reforma-electoral.webp","datePublished":"2026-08-30T22:25:35+00:00","breadcrumb":{"@id":"https:\/\/potenciaradiofonicadominicana.com\/portal\/nicaragua-aprobara-el-21-de-septiembre-reforma-electoral-que-excluira-a-traidores\/#breadcrumb"},"inLanguage":"es","potentialAction":[{"@type":"ReadAction","target":["https:\/\/potenciaradiofonicadominicana.com\/portal\/nicaragua-aprobara-el-21-de-septiembre-reforma-electoral-que-excluira-a-traidores\/"]}]},{"@type":"ImageObject","inLanguage":"es","@id":"https:\/\/potenciaradiofonicadominicana.com\/portal\/nicaragua-aprobara-el-21-de-septiembre-reforma-electoral-que-excluira-a-traidores\/#primaryimage","url":"https:\/\/potenciaradiofonicadominicana.com\/portal\/wp-content\/uploads\/2026\/08\/nicaragua-aprobara-reforma-electoral.webp","contentUrl":"https:\/\/potenciaradiofonicadominicana.com\/portal\/wp-content\/uploads\/2026\/08\/nicaragua-aprobara-reforma-electoral.webp","width":900,"height":551},{"@type":"BreadcrumbList","@id":"https:\/\/potenciaradiofonicadominicana.com\/portal\/nicaragua-aprobara-el-21-de-septiembre-reforma-electoral-que-excluira-a-traidores\/#breadcrumb","itemListElement":[{"@type":"ListItem","position":1,"name":"Portada","item":"https:\/\/potenciaradiofonicadominicana.com\/portal\/"},{"@type":"ListItem","position":2,"name":"Nicaragua aprobar\u00e1 el 21 de septiembre reforma electoral que excluir\u00e1 a \u00abtraidores\u00bb"}]},{"@type":"WebSite","@id":"https:\/\/potenciaradiofonicadominicana.com\/portal\/#website","url":"https:\/\/potenciaradiofonicadominicana.com\/portal\/","name":"PotenciaRadiofonicaDominicana.com","description":"Peri\u00f3dico Digital","publisher":{"@id":"https:\/\/potenciaradiofonicadominicana.com\/portal\/#organization"},"potentialAction":[{"@type":"SearchAction","target":{"@type":"EntryPoint","urlTemplate":"https:\/\/potenciaradiofonicadominicana.com\/portal\/?s={search_term_string}"},"query-input":{"@type":"PropertyValueSpecification","valueRequired":true,"valueName":"search_term_string"}}],"inLanguage":"es"},{"@type":"Organization","@id":"https:\/\/potenciaradiofonicadominicana.com\/portal\/#organization","name":"PotenciaRadiofonicaDominicana.com","url":"https:\/\/potenciaradiofonicadominicana.com\/portal\/","logo":{"@type":"ImageObject","inLanguage":"es","@id":"https:\/\/potenciaradiofonicadominicana.com\/portal\/#\/schema\/logo\/image\/","url":"https:\/\/potenciaradiofonicadominicana.com\/portal\/wp-content\/uploads\/2022\/01\/descarga.png","contentUrl":"https:\/\/potenciaradiofonicadominicana.com\/portal\/wp-content\/uploads\/2022\/01\/descarga.png","width":300,"height":100,"caption":"PotenciaRadiofonicaDominicana.com"},"image":{"@id":"https:\/\/potenciaradiofonicadominicana.com\/portal\/#\/schema\/logo\/image\/"},"sameAs":["https:\/\/web.facebook.com\/PotenciaRadiofonicaD"]},{"@type":"Person","@id":"https:\/\/potenciaradiofonicadominicana.com\/portal\/#\/schema\/person\/a5cf1fea13877803ee0573ac18b03490","name":"Potencia Radiof\u00f3nica Dominicana","image":{"@type":"ImageObject","inLanguage":"es","@id":"https:\/\/potenciaradiofonicadominicana.com\/portal\/#\/schema\/person\/image\/","url":"https:\/\/secure.gravatar.com\/avatar\/42a55ab9e8ccc656ba34cd791990602a?s=96&d=mm&r=g","contentUrl":"https:\/\/secure.gravatar.com\/avatar\/42a55ab9e8ccc656ba34cd791990602a?s=96&d=mm&r=g","caption":"Potencia Radiof\u00f3nica Dominicana"},"url":"https:\/\/potenciaradiofonicadominicana.com\/portal\/author\/johannyalmanzar\/"}]}},"_links":{"self":[{"href":"https:\/\/potenciaradiofonicadominicana.com\/portal\/wp-json\/wp\/v2\/posts\/224926","targetHints":{"allow":["GET"]}}],"collection":[{"href":"https:\/\/potenciaradiofonicadominicana.com\/portal\/wp-json\/wp\/v2\/posts"}],"about":[{"href":"https:\/\/potenciaradiofonicadominicana.com\/portal\/wp-json\/wp\/v2\/types\/post"}],"author":[{"embeddable":true,"href":"https:\/\/potenciaradiofonicadominicana.com\/portal\/wp-json\/wp\/v2\/users\/2"}],"replies":[{"embeddable":true,"href":"https:\/\/potenciaradiofonicadominicana.com\/portal\/wp-json\/wp\/v2\/comments?post=224926"}],"version-history":[{"count":1,"href":"https:\/\/potenciaradiofonicadominicana.com\/portal\/wp-json\/wp\/v2\/posts\/224926\/revisions"}],"predecessor-version":[{"id":224928,"href":"https:\/\/potenciaradiofonicadominicana.com\/portal\/wp-json\/wp\/v2\/posts\/224926\/revisions\/224928"}],"wp:featuredmedia":[{"embeddable":true,"href":"https:\/\/potenciaradiofonicadominicana.com\/portal\/wp-json\/wp\/v2\/media\/224927"}],"wp:attachment":[{"href":"https:\/\/potenciaradiofonicadominicana.com\/portal\/wp-json\/wp\/v2\/media?parent=224926"}],"wp:term":[{"taxonomy":"category","embeddable":true,"href":"https:\/\/potenciaradiofonicadominicana.com\/portal\/wp-json\/wp\/v2\/categories?post=224926"},{"taxonomy":"post_tag","embeddable":true,"href":"https:\/\/potenciaradiofonicadominicana.com\/portal\/wp-json\/wp\/v2\/tags?post=224926"}],"curies":[{"name":"wp","href":"https:\/\/api.w.org\/{rel}","templated":true}]}}