{"id":224920,"date":"2026-08-30T18:22:03","date_gmt":"2026-08-30T22:22:03","guid":{"rendered":"https:\/\/potenciaradiofonicadominicana.com\/portal\/?p=224920"},"modified":"2026-08-30T18:22:03","modified_gmt":"2026-08-30T22:22:03","slug":"reyes-y-reinas-en-pleno-siglo-xxi-los-paises-que-todavia-mantienen-una-monarquia","status":"publish","type":"post","link":"https:\/\/potenciaradiofonicadominicana.com\/portal\/reyes-y-reinas-en-pleno-siglo-xxi-los-paises-que-todavia-mantienen-una-monarquia\/","title":{"rendered":"Reyes y reinas en pleno siglo XXI: los pa\u00edses que todav\u00eda mantienen una monarqu\u00eda"},"content":{"rendered":"<p><a href=\"https:\/\/potenciaradiofonicadominicana.com\/portal\/wp-content\/uploads\/2026\/08\/5941642Felipe-VI-de-Espanha.jpg\"><img loading=\"lazy\" decoding=\"async\" class=\"alignnone size-full wp-image-224921\" src=\"https:\/\/potenciaradiofonicadominicana.com\/portal\/wp-content\/uploads\/2026\/08\/5941642Felipe-VI-de-Espanha.jpg\" alt=\"\" width=\"870\" height=\"555\" srcset=\"https:\/\/potenciaradiofonicadominicana.com\/portal\/wp-content\/uploads\/2026\/08\/5941642Felipe-VI-de-Espanha.jpg 870w, https:\/\/potenciaradiofonicadominicana.com\/portal\/wp-content\/uploads\/2026\/08\/5941642Felipe-VI-de-Espanha-300x191.jpg 300w, https:\/\/potenciaradiofonicadominicana.com\/portal\/wp-content\/uploads\/2026\/08\/5941642Felipe-VI-de-Espanha-768x490.jpg 768w\" sizes=\"auto, (max-width: 870px) 100vw, 870px\" \/><\/a><\/p>\n<p>Aunque el siglo XXI se caracteriza por la consolidaci\u00f3n de sistemas democr\u00e1ticos y republicanos, la figura de la monarqu\u00eda permanece viva en m\u00e1s de una cuarta parte del planeta. Actualmente, 43 pa\u00edses independientes mantienen sistemas de gobierno donde un rey, reina, emperador, sult\u00e1n o emir ejerce como jefe de Estado.<\/p>\n<p>Desde las monarqu\u00edas constitucionales europeas, donde la corona cumple un rol ceremonial, hasta los reg\u00edmenes absolutos de Oriente Medio, las casas reales han logrado adaptarse a la modernidad para garantizar su supervivencia pol\u00edtica y cultural.<\/p>\n<p>La ciencia pol\u00edtica clasifica los reinos contempor\u00e1neos en cuatro modalidades principales:<\/p>\n<p>Constitucionales o parlamentarias: El monarca reina pero no gobierna, como en Reino Unido, Espa\u00f1a, Jap\u00f3n, Noruega o Suecia.<\/p>\n<p>&nbsp;<\/p>\n<p>Reinos de la Commonwealth: 15 pa\u00edses independientes reconocen al monarca brit\u00e1nico como jefe de Estado simb\u00f3lico, entre ellos Canad\u00e1, Australia y Nueva Zelanda.<\/p>\n<p>Absolutas: El monarca concentra todo el poder pol\u00edtico, como en Arabia Saudita, Om\u00e1n, Brun\u00e9i, Eswatini y el Vaticano.<\/p>\n<p>&nbsp;<\/p>\n<p>Semi-constitucionales: El monarca comparte poder con un parlamento, pero conserva prerrogativas ejecutivas, como en Marruecos, Jordania, Kuwait y M\u00f3naco.<\/p>\n<p>Distribuci\u00f3n por continentes<\/p>\n<p>En Europa predominan las monarqu\u00edas parlamentarias con fuerte arraigo cultural, mientras que en Asia y Oriente Medio se concentran los reg\u00edmenes m\u00e1s absolutistas. En \u00c1frica, Marruecos y Eswatini representan modelos h\u00edbridos y tradicionales, mientras que en Ocean\u00eda y Am\u00e9rica varios pa\u00edses del Caribe y el Pac\u00edfico mantienen v\u00ednculos con la Corona Brit\u00e1nica.<\/p>\n<p>Retos en la era digital<\/p>\n<p>La continuidad de las casas reales responde a su capacidad de encarnar neutralidad pol\u00edtica y simbolizar identidad nacional. Sin embargo, enfrentan desaf\u00edos como la exigencia de mayor transparencia en el gasto p\u00fablico, el debate republicano en pa\u00edses de la Commonwealth y la modernizaci\u00f3n de las leyes de sucesi\u00f3n.<\/p>\n","protected":false},"excerpt":{"rendered":"<p>Aunque el siglo XXI se caracteriza por la consolidaci\u00f3n de sistemas democr\u00e1ticos y republicanos, la figura de la monarqu\u00eda permanece &#8230;<\/p>\n","protected":false},"author":2,"featured_media":224921,"comment_status":"closed","ping_status":"closed","sticky":false,"template":"","format":"standard","meta":{"footnotes":""},"categories":[30],"tags":[],"class_list":["post-224920","post","type-post","status-publish","format-standard","has-post-thumbnail","hentry","category-internacional"],"yoast_head":"<!-- This site is optimized with the Yoast SEO plugin v24.8.1 - https:\/\/yoast.com\/wordpress\/plugins\/seo\/ -->\n<title>Reyes y reinas en pleno siglo XXI: los pa\u00edses que todav\u00eda mantienen una monarqu\u00eda - PotenciaRadiofonicaDominicana.com<\/title>\n<meta name=\"robots\" content=\"index, follow, max-snippet:-1, max-image-preview:large, max-video-preview:-1\" \/>\n<link rel=\"canonical\" href=\"https:\/\/potenciaradiofonicadominicana.com\/portal\/reyes-y-reinas-en-pleno-siglo-xxi-los-paises-que-todavia-mantienen-una-monarquia\/\" \/>\n<meta property=\"og:locale\" content=\"es_ES\" \/>\n<meta property=\"og:type\" content=\"article\" \/>\n<meta property=\"og:title\" content=\"Reyes y reinas en pleno siglo XXI: los pa\u00edses que todav\u00eda mantienen una monarqu\u00eda - PotenciaRadiofonicaDominicana.com\" \/>\n<meta property=\"og:description\" content=\"Aunque el siglo XXI se caracteriza por la consolidaci\u00f3n de sistemas democr\u00e1ticos y republicanos, la figura de la monarqu\u00eda permanece ...\" \/>\n<meta property=\"og:url\" content=\"https:\/\/potenciaradiofonicadominicana.com\/portal\/reyes-y-reinas-en-pleno-siglo-xxi-los-paises-que-todavia-mantienen-una-monarquia\/\" \/>\n<meta property=\"og:site_name\" content=\"PotenciaRadiofonicaDominicana.com\" \/>\n<meta property=\"article:publisher\" content=\"https:\/\/web.facebook.com\/PotenciaRadiofonicaD\" \/>\n<meta property=\"article:published_time\" content=\"2026-08-30T22:22:03+00:00\" \/>\n<meta property=\"og:image\" content=\"https:\/\/potenciaradiofonicadominicana.com\/portal\/wp-content\/uploads\/2026\/08\/5941642Felipe-VI-de-Espanha.jpg\" \/>\n\t<meta property=\"og:image:width\" content=\"870\" \/>\n\t<meta property=\"og:image:height\" content=\"555\" \/>\n\t<meta property=\"og:image:type\" content=\"image\/jpeg\" \/>\n<meta name=\"author\" content=\"Potencia Radiof\u00f3nica Dominicana\" \/>\n<meta name=\"twitter:card\" content=\"summary_large_image\" \/>\n<meta name=\"twitter:label1\" content=\"Escrito por\" \/>\n\t<meta name=\"twitter:data1\" content=\"Potencia Radiof\u00f3nica Dominicana\" \/>\n\t<meta name=\"twitter:label2\" content=\"Tiempo de lectura\" \/>\n\t<meta name=\"twitter:data2\" content=\"2 minutos\" \/>\n<script type=\"application\/ld+json\" class=\"yoast-schema-graph\">{\"@context\":\"https:\/\/schema.org\",\"@graph\":[{\"@type\":\"Article\",\"@id\":\"https:\/\/potenciaradiofonicadominicana.com\/portal\/reyes-y-reinas-en-pleno-siglo-xxi-los-paises-que-todavia-mantienen-una-monarquia\/#article\",\"isPartOf\":{\"@id\":\"https:\/\/potenciaradiofonicadominicana.com\/portal\/reyes-y-reinas-en-pleno-siglo-xxi-los-paises-que-todavia-mantienen-una-monarquia\/\"},\"author\":{\"name\":\"Potencia Radiof\u00f3nica Dominicana\",\"@id\":\"https:\/\/potenciaradiofonicadominicana.com\/portal\/#\/schema\/person\/a5cf1fea13877803ee0573ac18b03490\"},\"headline\":\"Reyes y reinas en pleno siglo XXI: los pa\u00edses que todav\u00eda mantienen una monarqu\u00eda\",\"datePublished\":\"2026-08-30T22:22:03+00:00\",\"mainEntityOfPage\":{\"@id\":\"https:\/\/potenciaradiofonicadominicana.com\/portal\/reyes-y-reinas-en-pleno-siglo-xxi-los-paises-que-todavia-mantienen-una-monarquia\/\"},\"wordCount\":336,\"publisher\":{\"@id\":\"https:\/\/potenciaradiofonicadominicana.com\/portal\/#organization\"},\"image\":{\"@id\":\"https:\/\/potenciaradiofonicadominicana.com\/portal\/reyes-y-reinas-en-pleno-siglo-xxi-los-paises-que-todavia-mantienen-una-monarquia\/#primaryimage\"},\"thumbnailUrl\":\"https:\/\/potenciaradiofonicadominicana.com\/portal\/wp-content\/uploads\/2026\/08\/5941642Felipe-VI-de-Espanha.jpg\",\"articleSection\":[\"Internacional\"],\"inLanguage\":\"es\"},{\"@type\":\"WebPage\",\"@id\":\"https:\/\/potenciaradiofonicadominicana.com\/portal\/reyes-y-reinas-en-pleno-siglo-xxi-los-paises-que-todavia-mantienen-una-monarquia\/\",\"url\":\"https:\/\/potenciaradiofonicadominicana.com\/portal\/reyes-y-reinas-en-pleno-siglo-xxi-los-paises-que-todavia-mantienen-una-monarquia\/\",\"name\":\"Reyes y reinas en pleno siglo XXI: los pa\u00edses que todav\u00eda mantienen una monarqu\u00eda - PotenciaRadiofonicaDominicana.com\",\"isPartOf\":{\"@id\":\"https:\/\/potenciaradiofonicadominicana.com\/portal\/#website\"},\"primaryImageOfPage\":{\"@id\":\"https:\/\/potenciaradiofonicadominicana.com\/portal\/reyes-y-reinas-en-pleno-siglo-xxi-los-paises-que-todavia-mantienen-una-monarquia\/#primaryimage\"},\"image\":{\"@id\":\"https:\/\/potenciaradiofonicadominicana.com\/portal\/reyes-y-reinas-en-pleno-siglo-xxi-los-paises-que-todavia-mantienen-una-monarquia\/#primaryimage\"},\"thumbnailUrl\":\"https:\/\/potenciaradiofonicadominicana.com\/portal\/wp-content\/uploads\/2026\/08\/5941642Felipe-VI-de-Espanha.jpg\",\"datePublished\":\"2026-08-30T22:22:03+00:00\",\"breadcrumb\":{\"@id\":\"https:\/\/potenciaradiofonicadominicana.com\/portal\/reyes-y-reinas-en-pleno-siglo-xxi-los-paises-que-todavia-mantienen-una-monarquia\/#breadcrumb\"},\"inLanguage\":\"es\",\"potentialAction\":[{\"@type\":\"ReadAction\",\"target\":[\"https:\/\/potenciaradiofonicadominicana.com\/portal\/reyes-y-reinas-en-pleno-siglo-xxi-los-paises-que-todavia-mantienen-una-monarquia\/\"]}]},{\"@type\":\"ImageObject\",\"inLanguage\":\"es\",\"@id\":\"https:\/\/potenciaradiofonicadominicana.com\/portal\/reyes-y-reinas-en-pleno-siglo-xxi-los-paises-que-todavia-mantienen-una-monarquia\/#primaryimage\",\"url\":\"https:\/\/potenciaradiofonicadominicana.com\/portal\/wp-content\/uploads\/2026\/08\/5941642Felipe-VI-de-Espanha.jpg\",\"contentUrl\":\"https:\/\/potenciaradiofonicadominicana.com\/portal\/wp-content\/uploads\/2026\/08\/5941642Felipe-VI-de-Espanha.jpg\",\"width\":870,\"height\":555},{\"@type\":\"BreadcrumbList\",\"@id\":\"https:\/\/potenciaradiofonicadominicana.com\/portal\/reyes-y-reinas-en-pleno-siglo-xxi-los-paises-que-todavia-mantienen-una-monarquia\/#breadcrumb\",\"itemListElement\":[{\"@type\":\"ListItem\",\"position\":1,\"name\":\"Portada\",\"item\":\"https:\/\/potenciaradiofonicadominicana.com\/portal\/\"},{\"@type\":\"ListItem\",\"position\":2,\"name\":\"Reyes y reinas en pleno siglo XXI: los pa\u00edses que todav\u00eda mantienen una monarqu\u00eda\"}]},{\"@type\":\"WebSite\",\"@id\":\"https:\/\/potenciaradiofonicadominicana.com\/portal\/#website\",\"url\":\"https:\/\/potenciaradiofonicadominicana.com\/portal\/\",\"name\":\"PotenciaRadiofonicaDominicana.com\",\"description\":\"Peri\u00f3dico Digital\",\"publisher\":{\"@id\":\"https:\/\/potenciaradiofonicadominicana.com\/portal\/#organization\"},\"potentialAction\":[{\"@type\":\"SearchAction\",\"target\":{\"@type\":\"EntryPoint\",\"urlTemplate\":\"https:\/\/potenciaradiofonicadominicana.com\/portal\/?s={search_term_string}\"},\"query-input\":{\"@type\":\"PropertyValueSpecification\",\"valueRequired\":true,\"valueName\":\"search_term_string\"}}],\"inLanguage\":\"es\"},{\"@type\":\"Organization\",\"@id\":\"https:\/\/potenciaradiofonicadominicana.com\/portal\/#organization\",\"name\":\"PotenciaRadiofonicaDominicana.com\",\"url\":\"https:\/\/potenciaradiofonicadominicana.com\/portal\/\",\"logo\":{\"@type\":\"ImageObject\",\"inLanguage\":\"es\",\"@id\":\"https:\/\/potenciaradiofonicadominicana.com\/portal\/#\/schema\/logo\/image\/\",\"url\":\"https:\/\/potenciaradiofonicadominicana.com\/portal\/wp-content\/uploads\/2022\/01\/descarga.png\",\"contentUrl\":\"https:\/\/potenciaradiofonicadominicana.com\/portal\/wp-content\/uploads\/2022\/01\/descarga.png\",\"width\":300,\"height\":100,\"caption\":\"PotenciaRadiofonicaDominicana.com\"},\"image\":{\"@id\":\"https:\/\/potenciaradiofonicadominicana.com\/portal\/#\/schema\/logo\/image\/\"},\"sameAs\":[\"https:\/\/web.facebook.com\/PotenciaRadiofonicaD\"]},{\"@type\":\"Person\",\"@id\":\"https:\/\/potenciaradiofonicadominicana.com\/portal\/#\/schema\/person\/a5cf1fea13877803ee0573ac18b03490\",\"name\":\"Potencia Radiof\u00f3nica Dominicana\",\"image\":{\"@type\":\"ImageObject\",\"inLanguage\":\"es\",\"@id\":\"https:\/\/potenciaradiofonicadominicana.com\/portal\/#\/schema\/person\/image\/\",\"url\":\"https:\/\/secure.gravatar.com\/avatar\/42a55ab9e8ccc656ba34cd791990602a?s=96&d=mm&r=g\",\"contentUrl\":\"https:\/\/secure.gravatar.com\/avatar\/42a55ab9e8ccc656ba34cd791990602a?s=96&d=mm&r=g\",\"caption\":\"Potencia Radiof\u00f3nica Dominicana\"},\"url\":\"https:\/\/potenciaradiofonicadominicana.com\/portal\/author\/johannyalmanzar\/\"}]}<\/script>\n<!-- \/ Yoast SEO plugin. -->","yoast_head_json":{"title":"Reyes y reinas en pleno siglo XXI: los pa\u00edses que todav\u00eda mantienen una monarqu\u00eda - PotenciaRadiofonicaDominicana.com","robots":{"index":"index","follow":"follow","max-snippet":"max-snippet:-1","max-image-preview":"max-image-preview:large","max-video-preview":"max-video-preview:-1"},"canonical":"https:\/\/potenciaradiofonicadominicana.com\/portal\/reyes-y-reinas-en-pleno-siglo-xxi-los-paises-que-todavia-mantienen-una-monarquia\/","og_locale":"es_ES","og_type":"article","og_title":"Reyes y reinas en pleno siglo XXI: los pa\u00edses que todav\u00eda mantienen una monarqu\u00eda - PotenciaRadiofonicaDominicana.com","og_description":"Aunque el siglo XXI se caracteriza por la consolidaci\u00f3n de sistemas democr\u00e1ticos y republicanos, la figura de la monarqu\u00eda permanece ...","og_url":"https:\/\/potenciaradiofonicadominicana.com\/portal\/reyes-y-reinas-en-pleno-siglo-xxi-los-paises-que-todavia-mantienen-una-monarquia\/","og_site_name":"PotenciaRadiofonicaDominicana.com","article_publisher":"https:\/\/web.facebook.com\/PotenciaRadiofonicaD","article_published_time":"2026-08-30T22:22:03+00:00","og_image":[{"width":870,"height":555,"url":"https:\/\/potenciaradiofonicadominicana.com\/portal\/wp-content\/uploads\/2026\/08\/5941642Felipe-VI-de-Espanha.jpg","type":"image\/jpeg"}],"author":"Potencia Radiof\u00f3nica Dominicana","twitter_card":"summary_large_image","twitter_misc":{"Escrito por":"Potencia Radiof\u00f3nica Dominicana","Tiempo de lectura":"2 minutos"},"schema":{"@context":"https:\/\/schema.org","@graph":[{"@type":"Article","@id":"https:\/\/potenciaradiofonicadominicana.com\/portal\/reyes-y-reinas-en-pleno-siglo-xxi-los-paises-que-todavia-mantienen-una-monarquia\/#article","isPartOf":{"@id":"https:\/\/potenciaradiofonicadominicana.com\/portal\/reyes-y-reinas-en-pleno-siglo-xxi-los-paises-que-todavia-mantienen-una-monarquia\/"},"author":{"name":"Potencia Radiof\u00f3nica Dominicana","@id":"https:\/\/potenciaradiofonicadominicana.com\/portal\/#\/schema\/person\/a5cf1fea13877803ee0573ac18b03490"},"headline":"Reyes y reinas en pleno siglo XXI: los pa\u00edses que todav\u00eda mantienen una monarqu\u00eda","datePublished":"2026-08-30T22:22:03+00:00","mainEntityOfPage":{"@id":"https:\/\/potenciaradiofonicadominicana.com\/portal\/reyes-y-reinas-en-pleno-siglo-xxi-los-paises-que-todavia-mantienen-una-monarquia\/"},"wordCount":336,"publisher":{"@id":"https:\/\/potenciaradiofonicadominicana.com\/portal\/#organization"},"image":{"@id":"https:\/\/potenciaradiofonicadominicana.com\/portal\/reyes-y-reinas-en-pleno-siglo-xxi-los-paises-que-todavia-mantienen-una-monarquia\/#primaryimage"},"thumbnailUrl":"https:\/\/potenciaradiofonicadominicana.com\/portal\/wp-content\/uploads\/2026\/08\/5941642Felipe-VI-de-Espanha.jpg","articleSection":["Internacional"],"inLanguage":"es"},{"@type":"WebPage","@id":"https:\/\/potenciaradiofonicadominicana.com\/portal\/reyes-y-reinas-en-pleno-siglo-xxi-los-paises-que-todavia-mantienen-una-monarquia\/","url":"https:\/\/potenciaradiofonicadominicana.com\/portal\/reyes-y-reinas-en-pleno-siglo-xxi-los-paises-que-todavia-mantienen-una-monarquia\/","name":"Reyes y reinas en pleno siglo XXI: los pa\u00edses que todav\u00eda mantienen una monarqu\u00eda - PotenciaRadiofonicaDominicana.com","isPartOf":{"@id":"https:\/\/potenciaradiofonicadominicana.com\/portal\/#website"},"primaryImageOfPage":{"@id":"https:\/\/potenciaradiofonicadominicana.com\/portal\/reyes-y-reinas-en-pleno-siglo-xxi-los-paises-que-todavia-mantienen-una-monarquia\/#primaryimage"},"image":{"@id":"https:\/\/potenciaradiofonicadominicana.com\/portal\/reyes-y-reinas-en-pleno-siglo-xxi-los-paises-que-todavia-mantienen-una-monarquia\/#primaryimage"},"thumbnailUrl":"https:\/\/potenciaradiofonicadominicana.com\/portal\/wp-content\/uploads\/2026\/08\/5941642Felipe-VI-de-Espanha.jpg","datePublished":"2026-08-30T22:22:03+00:00","breadcrumb":{"@id":"https:\/\/potenciaradiofonicadominicana.com\/portal\/reyes-y-reinas-en-pleno-siglo-xxi-los-paises-que-todavia-mantienen-una-monarquia\/#breadcrumb"},"inLanguage":"es","potentialAction":[{"@type":"ReadAction","target":["https:\/\/potenciaradiofonicadominicana.com\/portal\/reyes-y-reinas-en-pleno-siglo-xxi-los-paises-que-todavia-mantienen-una-monarquia\/"]}]},{"@type":"ImageObject","inLanguage":"es","@id":"https:\/\/potenciaradiofonicadominicana.com\/portal\/reyes-y-reinas-en-pleno-siglo-xxi-los-paises-que-todavia-mantienen-una-monarquia\/#primaryimage","url":"https:\/\/potenciaradiofonicadominicana.com\/portal\/wp-content\/uploads\/2026\/08\/5941642Felipe-VI-de-Espanha.jpg","contentUrl":"https:\/\/potenciaradiofonicadominicana.com\/portal\/wp-content\/uploads\/2026\/08\/5941642Felipe-VI-de-Espanha.jpg","width":870,"height":555},{"@type":"BreadcrumbList","@id":"https:\/\/potenciaradiofonicadominicana.com\/portal\/reyes-y-reinas-en-pleno-siglo-xxi-los-paises-que-todavia-mantienen-una-monarquia\/#breadcrumb","itemListElement":[{"@type":"ListItem","position":1,"name":"Portada","item":"https:\/\/potenciaradiofonicadominicana.com\/portal\/"},{"@type":"ListItem","position":2,"name":"Reyes y reinas en pleno siglo XXI: los pa\u00edses que todav\u00eda mantienen una monarqu\u00eda"}]},{"@type":"WebSite","@id":"https:\/\/potenciaradiofonicadominicana.com\/portal\/#website","url":"https:\/\/potenciaradiofonicadominicana.com\/portal\/","name":"PotenciaRadiofonicaDominicana.com","description":"Peri\u00f3dico Digital","publisher":{"@id":"https:\/\/potenciaradiofonicadominicana.com\/portal\/#organization"},"potentialAction":[{"@type":"SearchAction","target":{"@type":"EntryPoint","urlTemplate":"https:\/\/potenciaradiofonicadominicana.com\/portal\/?s={search_term_string}"},"query-input":{"@type":"PropertyValueSpecification","valueRequired":true,"valueName":"search_term_string"}}],"inLanguage":"es"},{"@type":"Organization","@id":"https:\/\/potenciaradiofonicadominicana.com\/portal\/#organization","name":"PotenciaRadiofonicaDominicana.com","url":"https:\/\/potenciaradiofonicadominicana.com\/portal\/","logo":{"@type":"ImageObject","inLanguage":"es","@id":"https:\/\/potenciaradiofonicadominicana.com\/portal\/#\/schema\/logo\/image\/","url":"https:\/\/potenciaradiofonicadominicana.com\/portal\/wp-content\/uploads\/2022\/01\/descarga.png","contentUrl":"https:\/\/potenciaradiofonicadominicana.com\/portal\/wp-content\/uploads\/2022\/01\/descarga.png","width":300,"height":100,"caption":"PotenciaRadiofonicaDominicana.com"},"image":{"@id":"https:\/\/potenciaradiofonicadominicana.com\/portal\/#\/schema\/logo\/image\/"},"sameAs":["https:\/\/web.facebook.com\/PotenciaRadiofonicaD"]},{"@type":"Person","@id":"https:\/\/potenciaradiofonicadominicana.com\/portal\/#\/schema\/person\/a5cf1fea13877803ee0573ac18b03490","name":"Potencia Radiof\u00f3nica Dominicana","image":{"@type":"ImageObject","inLanguage":"es","@id":"https:\/\/potenciaradiofonicadominicana.com\/portal\/#\/schema\/person\/image\/","url":"https:\/\/secure.gravatar.com\/avatar\/42a55ab9e8ccc656ba34cd791990602a?s=96&d=mm&r=g","contentUrl":"https:\/\/secure.gravatar.com\/avatar\/42a55ab9e8ccc656ba34cd791990602a?s=96&d=mm&r=g","caption":"Potencia Radiof\u00f3nica Dominicana"},"url":"https:\/\/potenciaradiofonicadominicana.com\/portal\/author\/johannyalmanzar\/"}]}},"_links":{"self":[{"href":"https:\/\/potenciaradiofonicadominicana.com\/portal\/wp-json\/wp\/v2\/posts\/224920","targetHints":{"allow":["GET"]}}],"collection":[{"href":"https:\/\/potenciaradiofonicadominicana.com\/portal\/wp-json\/wp\/v2\/posts"}],"about":[{"href":"https:\/\/potenciaradiofonicadominicana.com\/portal\/wp-json\/wp\/v2\/types\/post"}],"author":[{"embeddable":true,"href":"https:\/\/potenciaradiofonicadominicana.com\/portal\/wp-json\/wp\/v2\/users\/2"}],"replies":[{"embeddable":true,"href":"https:\/\/potenciaradiofonicadominicana.com\/portal\/wp-json\/wp\/v2\/comments?post=224920"}],"version-history":[{"count":1,"href":"https:\/\/potenciaradiofonicadominicana.com\/portal\/wp-json\/wp\/v2\/posts\/224920\/revisions"}],"predecessor-version":[{"id":224922,"href":"https:\/\/potenciaradiofonicadominicana.com\/portal\/wp-json\/wp\/v2\/posts\/224920\/revisions\/224922"}],"wp:featuredmedia":[{"embeddable":true,"href":"https:\/\/potenciaradiofonicadominicana.com\/portal\/wp-json\/wp\/v2\/media\/224921"}],"wp:attachment":[{"href":"https:\/\/potenciaradiofonicadominicana.com\/portal\/wp-json\/wp\/v2\/media?parent=224920"}],"wp:term":[{"taxonomy":"category","embeddable":true,"href":"https:\/\/potenciaradiofonicadominicana.com\/portal\/wp-json\/wp\/v2\/categories?post=224920"},{"taxonomy":"post_tag","embeddable":true,"href":"https:\/\/potenciaradiofonicadominicana.com\/portal\/wp-json\/wp\/v2\/tags?post=224920"}],"curies":[{"name":"wp","href":"https:\/\/api.w.org\/{rel}","templated":true}]}}