{"id":224917,"date":"2026-08-30T18:15:58","date_gmt":"2026-08-30T22:15:58","guid":{"rendered":"https:\/\/potenciaradiofonicadominicana.com\/portal\/?p=224917"},"modified":"2026-08-30T18:15:58","modified_gmt":"2026-08-30T22:15:58","slug":"publican-fotos-de-nicolas-maduro-en-redes-sociales-tras-el-acuerdo-petrolero-de-venezuela-con-ee-uu","status":"publish","type":"post","link":"https:\/\/potenciaradiofonicadominicana.com\/portal\/publican-fotos-de-nicolas-maduro-en-redes-sociales-tras-el-acuerdo-petrolero-de-venezuela-con-ee-uu\/","title":{"rendered":"Publican fotos de Nicol\u00e1s Maduro en redes sociales tras el acuerdo petrolero de Venezuela con EE.UU."},"content":{"rendered":"<p><a href=\"https:\/\/potenciaradiofonicadominicana.com\/portal\/wp-content\/uploads\/2026\/08\/images-4-1.jpg\"><img loading=\"lazy\" decoding=\"async\" class=\"alignnone size-full wp-image-224918\" src=\"https:\/\/potenciaradiofonicadominicana.com\/portal\/wp-content\/uploads\/2026\/08\/images-4-1.jpg\" alt=\"\" width=\"552\" height=\"362\" srcset=\"https:\/\/potenciaradiofonicadominicana.com\/portal\/wp-content\/uploads\/2026\/08\/images-4-1.jpg 552w, https:\/\/potenciaradiofonicadominicana.com\/portal\/wp-content\/uploads\/2026\/08\/images-4-1-300x197.jpg 300w, https:\/\/potenciaradiofonicadominicana.com\/portal\/wp-content\/uploads\/2026\/08\/images-4-1-269x177.jpg 269w\" sizes=\"auto, (max-width: 552px) 100vw, 552px\" \/><\/a><\/p>\n<p class=\"wp-block-paragraph\">Caracas.- Supuestas fotograf\u00edas de Nicol\u00e1s Maduro fueron publicadas este domingo en las redes sociales del presidente venezolano como un peque\u00f1o \u00abregalo de amor y esperanza\u00bb, d\u00edas despu\u00e9s de que los Gobiernos de Venezuela y EE.UU. anunciaran un acuerdo que da a Washington el control de m\u00e1s del 20 % de las reservas de petr\u00f3leo del pa\u00eds caribe\u00f1o.<\/p>\n<p class=\"wp-block-paragraph\">\u00abEnv\u00edo estas fotos como un peque\u00f1o regalo a todos mis nietos y nietas, a los ni\u00f1os y ni\u00f1as, y a toda la gente noble que nos ama\u00bb, reza el mensaje que acompa\u00f1a las im\u00e1genes, que tienen fecha del 25 de junio pasado, en las que se ve a Maduro con un pantal\u00f3n y sudadera gris.<\/p>\n<p class=\"wp-block-paragraph\">Las fotograf\u00edas, publicadas en las cuentas de Maduro en distintas redes sociales, fueron compartidas por otros integrantes del chavismo, as\u00ed como por el gobernante Partido Socialista Unido de Venezuela (PSUV).<\/p>\n<div class=\"puede-leer-module\">\n<div class=\"puede-leer-content\">\n<h3 class=\"puede-leer-title\">Delcy Rodr\u00edguez detalla acuerdo petrolero de 25 a\u00f1os con EE. UU. y proyecta ingresos por m\u00e1s de 209 mil millones de d\u00f3lares<\/h3>\n<\/div>\n<\/div>\n<p class=\"wp-block-paragraph\">Igualmente su hijo, el diputado Nicol\u00e1s Maduro Guerra, difundi\u00f3 las im\u00e1genes en su cuenta de Instagram.<\/p>\n<p class=\"wp-block-paragraph\">En el mensaje, presuntamente enviado por el depuesto presidente, se invita a los militantes a disfrutar de este \u00abpeque\u00f1o regalo con alegr\u00eda y esperanza\u00bb.<\/p>\n<p class=\"wp-block-paragraph\">\u00abCilia y yo los abrazamos por siempre, con el alma puesta en ustedes y con la fe intacta en Dios\u00bb, a\u00f1ade la publicaci\u00f3n, en alusi\u00f3n a Cilia Flores, la esposa de Maduro y quien fue capturada por EE.UU. junto al ahora depuesto mandatario durante una operaci\u00f3n militar en Caracas, el pasado 3 de enero.<\/p>\n<h2 class=\"wp-block-heading\">Venezuela acuerda con EE.UU., sin menci\u00f3n a Nicol\u00e1s Maduro<\/h2>\n<p class=\"wp-block-paragraph\">Estados Unidos y Venezuela retomaron sus relaciones diplom\u00e1ticas, rotas durante siete a\u00f1os, luego de la captura de Maduro, quien enfrenta un juicio en Nueva York por conspiraci\u00f3n para cometer narcoterrorismo e importaci\u00f3n de coca\u00edna, mientras que Flores est\u00e1 acusada de delitos relacionados con la importaci\u00f3n de drogas y posesi\u00f3n de armas.<\/p>\n<div class=\"puede-leer-module\">\n<div class=\"puede-leer-content\">\n<h3 class=\"puede-leer-title\">Chavistas rechazan la presencia de Estados Unidos en Venezuela y exigen la liberaci\u00f3n de Maduro<\/h3>\n<\/div>\n<\/div>\n<p class=\"wp-block-paragraph\">El s\u00e1bado, la mandataria encargada de Venezuela, Delcy Rodr\u00edguez, quien asumi\u00f3 el cargo tras la captura de Maduro, inform\u00f3 que el acuerdo petrolero alcanzado con Estados Unidos tendr\u00e1 una vigencia de 25 a\u00f1os con un objetivo de producci\u00f3n superior a 1,5 millones de barriles diarios.<\/p>\n<p class=\"wp-block-paragraph\">Ese mismo s\u00e1bado, un grupo de chavistas protest\u00f3 en el centro de Caracas para rechazar la presencia de Estados Unidos en Venezuela y exigir la liberaci\u00f3n de Maduro y Flores.<\/p>\n","protected":false},"excerpt":{"rendered":"<p>Caracas.- Supuestas fotograf\u00edas de Nicol\u00e1s Maduro fueron publicadas este domingo en las redes sociales del presidente venezolano como un peque\u00f1o &#8230;<\/p>\n","protected":false},"author":2,"featured_media":224918,"comment_status":"closed","ping_status":"closed","sticky":false,"template":"","format":"standard","meta":{"footnotes":""},"categories":[30],"tags":[],"class_list":["post-224917","post","type-post","status-publish","format-standard","has-post-thumbnail","hentry","category-internacional"],"yoast_head":"<!-- This site is optimized with the Yoast SEO plugin v24.8.1 - https:\/\/yoast.com\/wordpress\/plugins\/seo\/ -->\n<title>Publican fotos de Nicol\u00e1s Maduro en redes sociales tras el acuerdo petrolero de Venezuela con EE.UU. - PotenciaRadiofonicaDominicana.com<\/title>\n<meta name=\"robots\" content=\"index, follow, max-snippet:-1, max-image-preview:large, max-video-preview:-1\" \/>\n<link rel=\"canonical\" href=\"https:\/\/potenciaradiofonicadominicana.com\/portal\/publican-fotos-de-nicolas-maduro-en-redes-sociales-tras-el-acuerdo-petrolero-de-venezuela-con-ee-uu\/\" \/>\n<meta property=\"og:locale\" content=\"es_ES\" \/>\n<meta property=\"og:type\" content=\"article\" \/>\n<meta property=\"og:title\" content=\"Publican fotos de Nicol\u00e1s Maduro en redes sociales tras el acuerdo petrolero de Venezuela con EE.UU. - PotenciaRadiofonicaDominicana.com\" \/>\n<meta property=\"og:description\" content=\"Caracas.- Supuestas fotograf\u00edas de Nicol\u00e1s Maduro fueron publicadas este domingo en las redes sociales del presidente venezolano como un peque\u00f1o ...\" \/>\n<meta property=\"og:url\" content=\"https:\/\/potenciaradiofonicadominicana.com\/portal\/publican-fotos-de-nicolas-maduro-en-redes-sociales-tras-el-acuerdo-petrolero-de-venezuela-con-ee-uu\/\" \/>\n<meta property=\"og:site_name\" content=\"PotenciaRadiofonicaDominicana.com\" \/>\n<meta property=\"article:publisher\" content=\"https:\/\/web.facebook.com\/PotenciaRadiofonicaD\" \/>\n<meta property=\"article:published_time\" content=\"2026-08-30T22:15:58+00:00\" \/>\n<meta property=\"og:image\" content=\"https:\/\/potenciaradiofonicadominicana.com\/portal\/wp-content\/uploads\/2026\/08\/images-4-1.jpg\" \/>\n\t<meta property=\"og:image:width\" content=\"552\" \/>\n\t<meta property=\"og:image:height\" content=\"362\" \/>\n\t<meta property=\"og:image:type\" content=\"image\/jpeg\" \/>\n<meta name=\"author\" content=\"Potencia Radiof\u00f3nica Dominicana\" \/>\n<meta name=\"twitter:card\" content=\"summary_large_image\" \/>\n<meta name=\"twitter:label1\" content=\"Escrito por\" \/>\n\t<meta name=\"twitter:data1\" content=\"Potencia Radiof\u00f3nica Dominicana\" \/>\n\t<meta name=\"twitter:label2\" content=\"Tiempo de lectura\" \/>\n\t<meta name=\"twitter:data2\" content=\"3 minutos\" \/>\n<script type=\"application\/ld+json\" class=\"yoast-schema-graph\">{\"@context\":\"https:\/\/schema.org\",\"@graph\":[{\"@type\":\"Article\",\"@id\":\"https:\/\/potenciaradiofonicadominicana.com\/portal\/publican-fotos-de-nicolas-maduro-en-redes-sociales-tras-el-acuerdo-petrolero-de-venezuela-con-ee-uu\/#article\",\"isPartOf\":{\"@id\":\"https:\/\/potenciaradiofonicadominicana.com\/portal\/publican-fotos-de-nicolas-maduro-en-redes-sociales-tras-el-acuerdo-petrolero-de-venezuela-con-ee-uu\/\"},\"author\":{\"name\":\"Potencia Radiof\u00f3nica Dominicana\",\"@id\":\"https:\/\/potenciaradiofonicadominicana.com\/portal\/#\/schema\/person\/a5cf1fea13877803ee0573ac18b03490\"},\"headline\":\"Publican fotos de Nicol\u00e1s Maduro en redes sociales tras el acuerdo petrolero de Venezuela con EE.UU.\",\"datePublished\":\"2026-08-30T22:15:58+00:00\",\"mainEntityOfPage\":{\"@id\":\"https:\/\/potenciaradiofonicadominicana.com\/portal\/publican-fotos-de-nicolas-maduro-en-redes-sociales-tras-el-acuerdo-petrolero-de-venezuela-con-ee-uu\/\"},\"wordCount\":467,\"publisher\":{\"@id\":\"https:\/\/potenciaradiofonicadominicana.com\/portal\/#organization\"},\"image\":{\"@id\":\"https:\/\/potenciaradiofonicadominicana.com\/portal\/publican-fotos-de-nicolas-maduro-en-redes-sociales-tras-el-acuerdo-petrolero-de-venezuela-con-ee-uu\/#primaryimage\"},\"thumbnailUrl\":\"https:\/\/potenciaradiofonicadominicana.com\/portal\/wp-content\/uploads\/2026\/08\/images-4-1.jpg\",\"articleSection\":[\"Internacional\"],\"inLanguage\":\"es\"},{\"@type\":\"WebPage\",\"@id\":\"https:\/\/potenciaradiofonicadominicana.com\/portal\/publican-fotos-de-nicolas-maduro-en-redes-sociales-tras-el-acuerdo-petrolero-de-venezuela-con-ee-uu\/\",\"url\":\"https:\/\/potenciaradiofonicadominicana.com\/portal\/publican-fotos-de-nicolas-maduro-en-redes-sociales-tras-el-acuerdo-petrolero-de-venezuela-con-ee-uu\/\",\"name\":\"Publican fotos de Nicol\u00e1s Maduro en redes sociales tras el acuerdo petrolero de Venezuela con EE.UU. - PotenciaRadiofonicaDominicana.com\",\"isPartOf\":{\"@id\":\"https:\/\/potenciaradiofonicadominicana.com\/portal\/#website\"},\"primaryImageOfPage\":{\"@id\":\"https:\/\/potenciaradiofonicadominicana.com\/portal\/publican-fotos-de-nicolas-maduro-en-redes-sociales-tras-el-acuerdo-petrolero-de-venezuela-con-ee-uu\/#primaryimage\"},\"image\":{\"@id\":\"https:\/\/potenciaradiofonicadominicana.com\/portal\/publican-fotos-de-nicolas-maduro-en-redes-sociales-tras-el-acuerdo-petrolero-de-venezuela-con-ee-uu\/#primaryimage\"},\"thumbnailUrl\":\"https:\/\/potenciaradiofonicadominicana.com\/portal\/wp-content\/uploads\/2026\/08\/images-4-1.jpg\",\"datePublished\":\"2026-08-30T22:15:58+00:00\",\"breadcrumb\":{\"@id\":\"https:\/\/potenciaradiofonicadominicana.com\/portal\/publican-fotos-de-nicolas-maduro-en-redes-sociales-tras-el-acuerdo-petrolero-de-venezuela-con-ee-uu\/#breadcrumb\"},\"inLanguage\":\"es\",\"potentialAction\":[{\"@type\":\"ReadAction\",\"target\":[\"https:\/\/potenciaradiofonicadominicana.com\/portal\/publican-fotos-de-nicolas-maduro-en-redes-sociales-tras-el-acuerdo-petrolero-de-venezuela-con-ee-uu\/\"]}]},{\"@type\":\"ImageObject\",\"inLanguage\":\"es\",\"@id\":\"https:\/\/potenciaradiofonicadominicana.com\/portal\/publican-fotos-de-nicolas-maduro-en-redes-sociales-tras-el-acuerdo-petrolero-de-venezuela-con-ee-uu\/#primaryimage\",\"url\":\"https:\/\/potenciaradiofonicadominicana.com\/portal\/wp-content\/uploads\/2026\/08\/images-4-1.jpg\",\"contentUrl\":\"https:\/\/potenciaradiofonicadominicana.com\/portal\/wp-content\/uploads\/2026\/08\/images-4-1.jpg\",\"width\":552,\"height\":362},{\"@type\":\"BreadcrumbList\",\"@id\":\"https:\/\/potenciaradiofonicadominicana.com\/portal\/publican-fotos-de-nicolas-maduro-en-redes-sociales-tras-el-acuerdo-petrolero-de-venezuela-con-ee-uu\/#breadcrumb\",\"itemListElement\":[{\"@type\":\"ListItem\",\"position\":1,\"name\":\"Portada\",\"item\":\"https:\/\/potenciaradiofonicadominicana.com\/portal\/\"},{\"@type\":\"ListItem\",\"position\":2,\"name\":\"Publican fotos de Nicol\u00e1s Maduro en redes sociales tras el acuerdo petrolero de Venezuela con EE.UU.\"}]},{\"@type\":\"WebSite\",\"@id\":\"https:\/\/potenciaradiofonicadominicana.com\/portal\/#website\",\"url\":\"https:\/\/potenciaradiofonicadominicana.com\/portal\/\",\"name\":\"PotenciaRadiofonicaDominicana.com\",\"description\":\"Peri\u00f3dico Digital\",\"publisher\":{\"@id\":\"https:\/\/potenciaradiofonicadominicana.com\/portal\/#organization\"},\"potentialAction\":[{\"@type\":\"SearchAction\",\"target\":{\"@type\":\"EntryPoint\",\"urlTemplate\":\"https:\/\/potenciaradiofonicadominicana.com\/portal\/?s={search_term_string}\"},\"query-input\":{\"@type\":\"PropertyValueSpecification\",\"valueRequired\":true,\"valueName\":\"search_term_string\"}}],\"inLanguage\":\"es\"},{\"@type\":\"Organization\",\"@id\":\"https:\/\/potenciaradiofonicadominicana.com\/portal\/#organization\",\"name\":\"PotenciaRadiofonicaDominicana.com\",\"url\":\"https:\/\/potenciaradiofonicadominicana.com\/portal\/\",\"logo\":{\"@type\":\"ImageObject\",\"inLanguage\":\"es\",\"@id\":\"https:\/\/potenciaradiofonicadominicana.com\/portal\/#\/schema\/logo\/image\/\",\"url\":\"https:\/\/potenciaradiofonicadominicana.com\/portal\/wp-content\/uploads\/2022\/01\/descarga.png\",\"contentUrl\":\"https:\/\/potenciaradiofonicadominicana.com\/portal\/wp-content\/uploads\/2022\/01\/descarga.png\",\"width\":300,\"height\":100,\"caption\":\"PotenciaRadiofonicaDominicana.com\"},\"image\":{\"@id\":\"https:\/\/potenciaradiofonicadominicana.com\/portal\/#\/schema\/logo\/image\/\"},\"sameAs\":[\"https:\/\/web.facebook.com\/PotenciaRadiofonicaD\"]},{\"@type\":\"Person\",\"@id\":\"https:\/\/potenciaradiofonicadominicana.com\/portal\/#\/schema\/person\/a5cf1fea13877803ee0573ac18b03490\",\"name\":\"Potencia Radiof\u00f3nica Dominicana\",\"image\":{\"@type\":\"ImageObject\",\"inLanguage\":\"es\",\"@id\":\"https:\/\/potenciaradiofonicadominicana.com\/portal\/#\/schema\/person\/image\/\",\"url\":\"https:\/\/secure.gravatar.com\/avatar\/42a55ab9e8ccc656ba34cd791990602a?s=96&d=mm&r=g\",\"contentUrl\":\"https:\/\/secure.gravatar.com\/avatar\/42a55ab9e8ccc656ba34cd791990602a?s=96&d=mm&r=g\",\"caption\":\"Potencia Radiof\u00f3nica Dominicana\"},\"url\":\"https:\/\/potenciaradiofonicadominicana.com\/portal\/author\/johannyalmanzar\/\"}]}<\/script>\n<!-- \/ Yoast SEO plugin. -->","yoast_head_json":{"title":"Publican fotos de Nicol\u00e1s Maduro en redes sociales tras el acuerdo petrolero de Venezuela con EE.UU. - PotenciaRadiofonicaDominicana.com","robots":{"index":"index","follow":"follow","max-snippet":"max-snippet:-1","max-image-preview":"max-image-preview:large","max-video-preview":"max-video-preview:-1"},"canonical":"https:\/\/potenciaradiofonicadominicana.com\/portal\/publican-fotos-de-nicolas-maduro-en-redes-sociales-tras-el-acuerdo-petrolero-de-venezuela-con-ee-uu\/","og_locale":"es_ES","og_type":"article","og_title":"Publican fotos de Nicol\u00e1s Maduro en redes sociales tras el acuerdo petrolero de Venezuela con EE.UU. - PotenciaRadiofonicaDominicana.com","og_description":"Caracas.- Supuestas fotograf\u00edas de Nicol\u00e1s Maduro fueron publicadas este domingo en las redes sociales del presidente venezolano como un peque\u00f1o ...","og_url":"https:\/\/potenciaradiofonicadominicana.com\/portal\/publican-fotos-de-nicolas-maduro-en-redes-sociales-tras-el-acuerdo-petrolero-de-venezuela-con-ee-uu\/","og_site_name":"PotenciaRadiofonicaDominicana.com","article_publisher":"https:\/\/web.facebook.com\/PotenciaRadiofonicaD","article_published_time":"2026-08-30T22:15:58+00:00","og_image":[{"width":552,"height":362,"url":"https:\/\/potenciaradiofonicadominicana.com\/portal\/wp-content\/uploads\/2026\/08\/images-4-1.jpg","type":"image\/jpeg"}],"author":"Potencia Radiof\u00f3nica Dominicana","twitter_card":"summary_large_image","twitter_misc":{"Escrito por":"Potencia Radiof\u00f3nica Dominicana","Tiempo de lectura":"3 minutos"},"schema":{"@context":"https:\/\/schema.org","@graph":[{"@type":"Article","@id":"https:\/\/potenciaradiofonicadominicana.com\/portal\/publican-fotos-de-nicolas-maduro-en-redes-sociales-tras-el-acuerdo-petrolero-de-venezuela-con-ee-uu\/#article","isPartOf":{"@id":"https:\/\/potenciaradiofonicadominicana.com\/portal\/publican-fotos-de-nicolas-maduro-en-redes-sociales-tras-el-acuerdo-petrolero-de-venezuela-con-ee-uu\/"},"author":{"name":"Potencia Radiof\u00f3nica Dominicana","@id":"https:\/\/potenciaradiofonicadominicana.com\/portal\/#\/schema\/person\/a5cf1fea13877803ee0573ac18b03490"},"headline":"Publican fotos de Nicol\u00e1s Maduro en redes sociales tras el acuerdo petrolero de Venezuela con EE.UU.","datePublished":"2026-08-30T22:15:58+00:00","mainEntityOfPage":{"@id":"https:\/\/potenciaradiofonicadominicana.com\/portal\/publican-fotos-de-nicolas-maduro-en-redes-sociales-tras-el-acuerdo-petrolero-de-venezuela-con-ee-uu\/"},"wordCount":467,"publisher":{"@id":"https:\/\/potenciaradiofonicadominicana.com\/portal\/#organization"},"image":{"@id":"https:\/\/potenciaradiofonicadominicana.com\/portal\/publican-fotos-de-nicolas-maduro-en-redes-sociales-tras-el-acuerdo-petrolero-de-venezuela-con-ee-uu\/#primaryimage"},"thumbnailUrl":"https:\/\/potenciaradiofonicadominicana.com\/portal\/wp-content\/uploads\/2026\/08\/images-4-1.jpg","articleSection":["Internacional"],"inLanguage":"es"},{"@type":"WebPage","@id":"https:\/\/potenciaradiofonicadominicana.com\/portal\/publican-fotos-de-nicolas-maduro-en-redes-sociales-tras-el-acuerdo-petrolero-de-venezuela-con-ee-uu\/","url":"https:\/\/potenciaradiofonicadominicana.com\/portal\/publican-fotos-de-nicolas-maduro-en-redes-sociales-tras-el-acuerdo-petrolero-de-venezuela-con-ee-uu\/","name":"Publican fotos de Nicol\u00e1s Maduro en redes sociales tras el acuerdo petrolero de Venezuela con EE.UU. - PotenciaRadiofonicaDominicana.com","isPartOf":{"@id":"https:\/\/potenciaradiofonicadominicana.com\/portal\/#website"},"primaryImageOfPage":{"@id":"https:\/\/potenciaradiofonicadominicana.com\/portal\/publican-fotos-de-nicolas-maduro-en-redes-sociales-tras-el-acuerdo-petrolero-de-venezuela-con-ee-uu\/#primaryimage"},"image":{"@id":"https:\/\/potenciaradiofonicadominicana.com\/portal\/publican-fotos-de-nicolas-maduro-en-redes-sociales-tras-el-acuerdo-petrolero-de-venezuela-con-ee-uu\/#primaryimage"},"thumbnailUrl":"https:\/\/potenciaradiofonicadominicana.com\/portal\/wp-content\/uploads\/2026\/08\/images-4-1.jpg","datePublished":"2026-08-30T22:15:58+00:00","breadcrumb":{"@id":"https:\/\/potenciaradiofonicadominicana.com\/portal\/publican-fotos-de-nicolas-maduro-en-redes-sociales-tras-el-acuerdo-petrolero-de-venezuela-con-ee-uu\/#breadcrumb"},"inLanguage":"es","potentialAction":[{"@type":"ReadAction","target":["https:\/\/potenciaradiofonicadominicana.com\/portal\/publican-fotos-de-nicolas-maduro-en-redes-sociales-tras-el-acuerdo-petrolero-de-venezuela-con-ee-uu\/"]}]},{"@type":"ImageObject","inLanguage":"es","@id":"https:\/\/potenciaradiofonicadominicana.com\/portal\/publican-fotos-de-nicolas-maduro-en-redes-sociales-tras-el-acuerdo-petrolero-de-venezuela-con-ee-uu\/#primaryimage","url":"https:\/\/potenciaradiofonicadominicana.com\/portal\/wp-content\/uploads\/2026\/08\/images-4-1.jpg","contentUrl":"https:\/\/potenciaradiofonicadominicana.com\/portal\/wp-content\/uploads\/2026\/08\/images-4-1.jpg","width":552,"height":362},{"@type":"BreadcrumbList","@id":"https:\/\/potenciaradiofonicadominicana.com\/portal\/publican-fotos-de-nicolas-maduro-en-redes-sociales-tras-el-acuerdo-petrolero-de-venezuela-con-ee-uu\/#breadcrumb","itemListElement":[{"@type":"ListItem","position":1,"name":"Portada","item":"https:\/\/potenciaradiofonicadominicana.com\/portal\/"},{"@type":"ListItem","position":2,"name":"Publican fotos de Nicol\u00e1s Maduro en redes sociales tras el acuerdo petrolero de Venezuela con EE.UU."}]},{"@type":"WebSite","@id":"https:\/\/potenciaradiofonicadominicana.com\/portal\/#website","url":"https:\/\/potenciaradiofonicadominicana.com\/portal\/","name":"PotenciaRadiofonicaDominicana.com","description":"Peri\u00f3dico Digital","publisher":{"@id":"https:\/\/potenciaradiofonicadominicana.com\/portal\/#organization"},"potentialAction":[{"@type":"SearchAction","target":{"@type":"EntryPoint","urlTemplate":"https:\/\/potenciaradiofonicadominicana.com\/portal\/?s={search_term_string}"},"query-input":{"@type":"PropertyValueSpecification","valueRequired":true,"valueName":"search_term_string"}}],"inLanguage":"es"},{"@type":"Organization","@id":"https:\/\/potenciaradiofonicadominicana.com\/portal\/#organization","name":"PotenciaRadiofonicaDominicana.com","url":"https:\/\/potenciaradiofonicadominicana.com\/portal\/","logo":{"@type":"ImageObject","inLanguage":"es","@id":"https:\/\/potenciaradiofonicadominicana.com\/portal\/#\/schema\/logo\/image\/","url":"https:\/\/potenciaradiofonicadominicana.com\/portal\/wp-content\/uploads\/2022\/01\/descarga.png","contentUrl":"https:\/\/potenciaradiofonicadominicana.com\/portal\/wp-content\/uploads\/2022\/01\/descarga.png","width":300,"height":100,"caption":"PotenciaRadiofonicaDominicana.com"},"image":{"@id":"https:\/\/potenciaradiofonicadominicana.com\/portal\/#\/schema\/logo\/image\/"},"sameAs":["https:\/\/web.facebook.com\/PotenciaRadiofonicaD"]},{"@type":"Person","@id":"https:\/\/potenciaradiofonicadominicana.com\/portal\/#\/schema\/person\/a5cf1fea13877803ee0573ac18b03490","name":"Potencia Radiof\u00f3nica Dominicana","image":{"@type":"ImageObject","inLanguage":"es","@id":"https:\/\/potenciaradiofonicadominicana.com\/portal\/#\/schema\/person\/image\/","url":"https:\/\/secure.gravatar.com\/avatar\/42a55ab9e8ccc656ba34cd791990602a?s=96&d=mm&r=g","contentUrl":"https:\/\/secure.gravatar.com\/avatar\/42a55ab9e8ccc656ba34cd791990602a?s=96&d=mm&r=g","caption":"Potencia Radiof\u00f3nica Dominicana"},"url":"https:\/\/potenciaradiofonicadominicana.com\/portal\/author\/johannyalmanzar\/"}]}},"_links":{"self":[{"href":"https:\/\/potenciaradiofonicadominicana.com\/portal\/wp-json\/wp\/v2\/posts\/224917","targetHints":{"allow":["GET"]}}],"collection":[{"href":"https:\/\/potenciaradiofonicadominicana.com\/portal\/wp-json\/wp\/v2\/posts"}],"about":[{"href":"https:\/\/potenciaradiofonicadominicana.com\/portal\/wp-json\/wp\/v2\/types\/post"}],"author":[{"embeddable":true,"href":"https:\/\/potenciaradiofonicadominicana.com\/portal\/wp-json\/wp\/v2\/users\/2"}],"replies":[{"embeddable":true,"href":"https:\/\/potenciaradiofonicadominicana.com\/portal\/wp-json\/wp\/v2\/comments?post=224917"}],"version-history":[{"count":1,"href":"https:\/\/potenciaradiofonicadominicana.com\/portal\/wp-json\/wp\/v2\/posts\/224917\/revisions"}],"predecessor-version":[{"id":224919,"href":"https:\/\/potenciaradiofonicadominicana.com\/portal\/wp-json\/wp\/v2\/posts\/224917\/revisions\/224919"}],"wp:featuredmedia":[{"embeddable":true,"href":"https:\/\/potenciaradiofonicadominicana.com\/portal\/wp-json\/wp\/v2\/media\/224918"}],"wp:attachment":[{"href":"https:\/\/potenciaradiofonicadominicana.com\/portal\/wp-json\/wp\/v2\/media?parent=224917"}],"wp:term":[{"taxonomy":"category","embeddable":true,"href":"https:\/\/potenciaradiofonicadominicana.com\/portal\/wp-json\/wp\/v2\/categories?post=224917"},{"taxonomy":"post_tag","embeddable":true,"href":"https:\/\/potenciaradiofonicadominicana.com\/portal\/wp-json\/wp\/v2\/tags?post=224917"}],"curies":[{"name":"wp","href":"https:\/\/api.w.org\/{rel}","templated":true}]}}