{"id":224911,"date":"2026-08-30T18:10:15","date_gmt":"2026-08-30T22:10:15","guid":{"rendered":"https:\/\/potenciaradiofonicadominicana.com\/portal\/?p=224911"},"modified":"2026-08-30T18:10:15","modified_gmt":"2026-08-30T22:10:15","slug":"nepal-vuelve-a-estar-en-maxima-alerta-por-posibles-nuevas-inundaciones-mientras-crece-el-numero-de-muertos-por-la-riada","status":"publish","type":"post","link":"https:\/\/potenciaradiofonicadominicana.com\/portal\/nepal-vuelve-a-estar-en-maxima-alerta-por-posibles-nuevas-inundaciones-mientras-crece-el-numero-de-muertos-por-la-riada\/","title":{"rendered":"Nepal vuelve a estar en m\u00e1xima alerta por posibles nuevas inundaciones mientras crece el n\u00famero de muertos por la riada"},"content":{"rendered":"<p><a href=\"https:\/\/potenciaradiofonicadominicana.com\/portal\/wp-content\/uploads\/2026\/08\/0eb73d2fa7a173038420ff00c387adad.jpg\"><img loading=\"lazy\" decoding=\"async\" class=\"alignnone size-full wp-image-224912\" src=\"https:\/\/potenciaradiofonicadominicana.com\/portal\/wp-content\/uploads\/2026\/08\/0eb73d2fa7a173038420ff00c387adad.jpg\" alt=\"\" width=\"1024\" height=\"576\" srcset=\"https:\/\/potenciaradiofonicadominicana.com\/portal\/wp-content\/uploads\/2026\/08\/0eb73d2fa7a173038420ff00c387adad.jpg 1024w, https:\/\/potenciaradiofonicadominicana.com\/portal\/wp-content\/uploads\/2026\/08\/0eb73d2fa7a173038420ff00c387adad-300x169.jpg 300w, https:\/\/potenciaradiofonicadominicana.com\/portal\/wp-content\/uploads\/2026\/08\/0eb73d2fa7a173038420ff00c387adad-768x432.jpg 768w\" sizes=\"auto, (max-width: 1024px) 100vw, 1024px\" \/><\/a><\/p>\n<p>Las autoridades de Nepal est\u00e1n advirtiendo\u00a0sobre posibles nuevas inundaciones el domingo\u00a0y pidieron a los residentes en distritos afectados por las crecidas que\u00a0se mantengan en m\u00e1xima alerta\u00a0despu\u00e9s de que aumentara el agua en el r\u00edo Bhotekoshi. Asimismo, elevaron a 788 el n\u00famero de muertos contabilizados, cifra que, junto a los 16 decesos reportados por China, colocan en\u00a0804 el saldo de fallecidos a ambos lados de la frontera\u00a0tras la violenta riada del pasado mi\u00e9rcoles.<\/p>\n<p>Se enviaron alertas a los tel\u00e9fonos de la poblaci\u00f3n temprano el domingo, mientras los equipos de rescate trabajaban para despejar una importante carretera que conecta Katmand\u00fa con una de las zonas m\u00e1s golpeadas por las\u00a0catastr\u00f3ficas inundaciones del mi\u00e9rcoles, que tambi\u00e9n dejaron\u00a0<b>m\u00e1s de 3.000 desaparecidos en Nepal y el T\u00edbet.<\/b><\/p>\n<p>En\u00a0<b>Dhading<\/b>, una de las regiones m\u00e1s golpeadas de Nepal, algunos residentes comenzaron a regresar a\u00a0viviendas arruinadas\u00a0para ver qu\u00e9 pod\u00edan salvar.<\/p>\n<p>Los residentes se sentaron en casas con paredes arrasadas por las inundaciones, paleando lodo espeso y escombros de balcones o marcos de ventanas. Otros escudri\u00f1aban el suelo en busca de objetos que pudieran sacar del barro y enjuagar. Un hombre hab\u00eda regresado por sus gallinas, que encontr\u00f3 vivas. Las at\u00f3 y las puso en la cabina de su cami\u00f3n.<\/p>\n<p><b>\u201cTodo est\u00e1 arruinado, no queda nada, ni siquiera nuestra casa\u201d<\/b>, dijo a\u00a0<i>The Associated Press<\/i>\u00a0Sharmila Tamang, una residente de Dhading que intentaba rescatar objetos de su vivienda.<\/p>\n<p>En una central el\u00e9ctrica que result\u00f3 gravemente da\u00f1ada por las inundaciones, los trabajadores comenzaron a inspeccionar las instalaciones el domingo para evaluar la destrucci\u00f3n.\u00a0<b>La planta abastece a m\u00e1s de 20.000 personas en cuatro distritos.<\/b><\/p>\n<p class=\"paragraph\" data-paragraph-number=\"7\" data-mrf-recirculation=\"Links inline\">En la localidad de Galchhi, un grupo de residentes subi\u00f3 a un puente cercano y observ\u00f3 c\u00f3mo el r\u00edo rug\u00eda al pasar. Algunas personas se\u00f1alaron enormes rocas que hab\u00edan sido arrastradas r\u00edo abajo durante las inundaciones, mientras a otras, que estaban de pie en un puente colgante sobre el agua, se les indic\u00f3 que se retiraran con silbatos.<\/p>\n<p class=\"paragraph\" data-paragraph-number=\"8\" data-mrf-recirculation=\"Links inline\">A lo largo del r\u00edo se pod\u00edan ver casas, veh\u00edculos y tractores agr\u00edcolas\u00a0sobresaliendo del espeso sedimento gris parduzco que ha sepultado pueblos enteros. Partes de las terrazas de arroz junto a la ribera hab\u00edan ca\u00eddo al r\u00edo despu\u00e9s de que deslizamientos las golpearan .<\/p>\n<p class=\"paragraph\" data-paragraph-number=\"9\" data-mrf-recirculation=\"Links inline\">Entre los desaparecidos\u00a0<b>hay cientos de personas de m\u00e1s de una docena de pa\u00edses que estaban en la regi\u00f3n para trabajar, visitar las monta\u00f1as o hacer una peregrinaci\u00f3n a un pico sagrado<\/b>. El domingo, los medios estatales chinos dijeron que 261 extranjeros estaban desaparecidos en el T\u00edbet, incluidos m\u00e1s de un centenar de nepaleses y otros de todo el mundo.<\/p>\n<p class=\"paragraph\" data-paragraph-number=\"10\" data-mrf-recirculation=\"Links inline\">Las viviendas y negocios que quedaron intactos tras las inundaciones segu\u00edan sin electricidad el domingo, mientras postes de tendido el\u00e9ctrico retorcidos y cables yac\u00edan enredados en el lodo.<\/p>\n<p class=\"paragraph\" data-paragraph-number=\"11\" data-mrf-recirculation=\"Links inline\">La autopista Prithivi es una ruta de suministro crucial para alimentos, combustible y otros bienes que ingresan a Katmand\u00fa desde otras partes del pa\u00eds. Aunque la mayor parte de la carretera est\u00e1 operativa, otras partes a\u00fan siguen da\u00f1adas.<\/p>\n<p class=\"paragraph\" data-paragraph-number=\"12\" data-mrf-recirculation=\"Links inline\">Las advertencias m\u00e1s recientes llegaron despu\u00e9s de que las autoridades chinas informaran a sus hom\u00f3logos nepaleses sobre<b>\u00a0un aumento del caudal aguas arriba<\/b>, declar\u00f3 a The Associated Press Dharam Raj Uprety, director ejecutivo de la Autoridad Nacional de Reducci\u00f3n y Gesti\u00f3n del Riesgo de Desastres de Nepal.<\/p>\n<p class=\"paragraph\" data-paragraph-number=\"13\" data-mrf-recirculation=\"Links inline\">Pero residentes se quejaron de que les costaba entender las alarmas casi constantes que han recibido desde las crecidas iniciales.<\/p>\n<p class=\"paragraph\" data-paragraph-number=\"14\" data-mrf-recirculation=\"Links inline\">\u201cA veces dicen que viene una inundaci\u00f3n y entonces tenemos que volver a correr hacia terreno m\u00e1s alto, incluso de noche. Tambi\u00e9n est\u00e1 lloviendo\u201d, coment\u00f3 Govind Shreshta, residente local. \u201dEs realmente dif\u00edcil para m\u00ed. Tengo un padre de 72 a\u00f1os y una madre de 70. Debo cargarlos y estoy agotado. Esto sigue as\u00ed para quienes todav\u00eda est\u00e1n vivos\u201d.<\/p>\n<p data-paragraph-number=\"14\" data-mrf-recirculation=\"Links inline\">Grandes puentes de concreto y otros m\u00e1s peque\u00f1os, colgantes, fueron destruidos, dejando a las comunidades del otro lado del r\u00edo con un acceso menos f\u00e1cil.<\/p>\n<p class=\"paragraph\" data-paragraph-number=\"16\" data-mrf-recirculation=\"Links inline\"><b>\u201cLos que est\u00e1n all\u00e1 ahora est\u00e1n atrapados all\u00e1.<\/b>\u00a0Los que estamos aqu\u00ed estamos atrapados aqu\u00ed. Va a ser muy dif\u00edcil\u201d, declar\u00f3 Sattan Singh Tamang, de 47 a\u00f1os, quien trabajaba cerca de un puente cuando llegaron las inundaciones del mi\u00e9rcoles.<\/p>\n<h2 id=\"ministro-dice-que-los-nepaleses-se-han-convertido-en-victimas-del-cambio-climatico\" class=\"text-align-left vertical-align-top line-height-100 header headline-class-h2 headline\">Ministro dice que los nepaleses se han convertido en v\u00edctimas del cambio clim\u00e1tico<\/h2>\n<p class=\"paragraph\" data-paragraph-number=\"17\" data-mrf-recirculation=\"Links inline\">Las inundaciones comenzaron despu\u00e9s de un colapso glaciar en lo alto de la regi\u00f3n del Himalaya. Cient\u00edficos que estudiaron im\u00e1genes satelitales dijeron que el lecho rocoso debajo de un glaciar se hab\u00eda derrumbado, llev\u00e1ndose consigo parte del coloso.\u00a0<b>El desprendimiento de rocas fue tan extremo que se registr\u00f3 como magnitud 5,2.<\/b><\/p>\n<p class=\"paragraph\" data-paragraph-number=\"18\" data-mrf-recirculation=\"Links inline\">Las rocas y el agua derretida luego hicieron crecer los r\u00edos en los valles de abajo,\u00a0<b>provocando un torrente de agua que arrastr\u00f3 edificios, puentes y tierra r\u00edo abajo en el T\u00edbet y Nepal.<\/b><\/p>\n<p class=\"paragraph\" data-paragraph-number=\"19\" data-mrf-recirculation=\"Links inline\">El ministro de Relaciones Exteriores de Nepal pidi\u00f3 una respuesta global al cambio clim\u00e1tico, diciendo que Nepal estaba soportando una parte desproporcionada de su impacto.<\/p>\n<p class=\"paragraph\" data-paragraph-number=\"20\" data-mrf-recirculation=\"Links inline\">\u201cA pesar de contribuir solo el 0,1% de las emisiones globales, Nepal se ha convertido en una de las principales v\u00edctimas del cambio clim\u00e1tico\u201d, dijo\u00a0<b>Shisir Khanal<\/b>\u00a0el s\u00e1bado.<\/p>\n<p data-paragraph-number=\"8\" data-mrf-recirculation=\"Links inline\">\n<p>&nbsp;<\/p>\n","protected":false},"excerpt":{"rendered":"<p>Las autoridades de Nepal est\u00e1n advirtiendo\u00a0sobre posibles nuevas inundaciones el domingo\u00a0y pidieron a los residentes en distritos afectados por las &#8230;<\/p>\n","protected":false},"author":2,"featured_media":224912,"comment_status":"closed","ping_status":"closed","sticky":false,"template":"","format":"standard","meta":{"footnotes":""},"categories":[30],"tags":[],"class_list":["post-224911","post","type-post","status-publish","format-standard","has-post-thumbnail","hentry","category-internacional"],"yoast_head":"<!-- This site is optimized with the Yoast SEO plugin v24.8.1 - https:\/\/yoast.com\/wordpress\/plugins\/seo\/ -->\n<title>Nepal vuelve a estar en m\u00e1xima alerta por posibles nuevas inundaciones mientras crece el n\u00famero de muertos por la riada - PotenciaRadiofonicaDominicana.com<\/title>\n<meta name=\"robots\" content=\"index, follow, max-snippet:-1, max-image-preview:large, max-video-preview:-1\" \/>\n<link rel=\"canonical\" href=\"https:\/\/potenciaradiofonicadominicana.com\/portal\/nepal-vuelve-a-estar-en-maxima-alerta-por-posibles-nuevas-inundaciones-mientras-crece-el-numero-de-muertos-por-la-riada\/\" \/>\n<meta property=\"og:locale\" content=\"es_ES\" \/>\n<meta property=\"og:type\" content=\"article\" \/>\n<meta property=\"og:title\" content=\"Nepal vuelve a estar en m\u00e1xima alerta por posibles nuevas inundaciones mientras crece el n\u00famero de muertos por la riada - PotenciaRadiofonicaDominicana.com\" \/>\n<meta property=\"og:description\" content=\"Las autoridades de Nepal est\u00e1n advirtiendo\u00a0sobre posibles nuevas inundaciones el domingo\u00a0y pidieron a los residentes en distritos afectados por las ...\" \/>\n<meta property=\"og:url\" content=\"https:\/\/potenciaradiofonicadominicana.com\/portal\/nepal-vuelve-a-estar-en-maxima-alerta-por-posibles-nuevas-inundaciones-mientras-crece-el-numero-de-muertos-por-la-riada\/\" \/>\n<meta property=\"og:site_name\" content=\"PotenciaRadiofonicaDominicana.com\" \/>\n<meta property=\"article:publisher\" content=\"https:\/\/web.facebook.com\/PotenciaRadiofonicaD\" \/>\n<meta property=\"article:published_time\" content=\"2026-08-30T22:10:15+00:00\" \/>\n<meta property=\"og:image\" content=\"https:\/\/potenciaradiofonicadominicana.com\/portal\/wp-content\/uploads\/2026\/08\/0eb73d2fa7a173038420ff00c387adad.jpg\" \/>\n\t<meta property=\"og:image:width\" content=\"1024\" \/>\n\t<meta property=\"og:image:height\" content=\"576\" \/>\n\t<meta property=\"og:image:type\" content=\"image\/jpeg\" \/>\n<meta name=\"author\" content=\"Potencia Radiof\u00f3nica Dominicana\" \/>\n<meta name=\"twitter:card\" content=\"summary_large_image\" \/>\n<meta name=\"twitter:label1\" content=\"Escrito por\" \/>\n\t<meta name=\"twitter:data1\" content=\"Potencia Radiof\u00f3nica Dominicana\" \/>\n\t<meta name=\"twitter:label2\" content=\"Tiempo de lectura\" \/>\n\t<meta name=\"twitter:data2\" content=\"5 minutos\" \/>\n<script type=\"application\/ld+json\" class=\"yoast-schema-graph\">{\"@context\":\"https:\/\/schema.org\",\"@graph\":[{\"@type\":\"Article\",\"@id\":\"https:\/\/potenciaradiofonicadominicana.com\/portal\/nepal-vuelve-a-estar-en-maxima-alerta-por-posibles-nuevas-inundaciones-mientras-crece-el-numero-de-muertos-por-la-riada\/#article\",\"isPartOf\":{\"@id\":\"https:\/\/potenciaradiofonicadominicana.com\/portal\/nepal-vuelve-a-estar-en-maxima-alerta-por-posibles-nuevas-inundaciones-mientras-crece-el-numero-de-muertos-por-la-riada\/\"},\"author\":{\"name\":\"Potencia Radiof\u00f3nica Dominicana\",\"@id\":\"https:\/\/potenciaradiofonicadominicana.com\/portal\/#\/schema\/person\/a5cf1fea13877803ee0573ac18b03490\"},\"headline\":\"Nepal vuelve a estar en m\u00e1xima alerta por posibles nuevas inundaciones mientras crece el n\u00famero de muertos por la riada\",\"datePublished\":\"2026-08-30T22:10:15+00:00\",\"mainEntityOfPage\":{\"@id\":\"https:\/\/potenciaradiofonicadominicana.com\/portal\/nepal-vuelve-a-estar-en-maxima-alerta-por-posibles-nuevas-inundaciones-mientras-crece-el-numero-de-muertos-por-la-riada\/\"},\"wordCount\":941,\"publisher\":{\"@id\":\"https:\/\/potenciaradiofonicadominicana.com\/portal\/#organization\"},\"image\":{\"@id\":\"https:\/\/potenciaradiofonicadominicana.com\/portal\/nepal-vuelve-a-estar-en-maxima-alerta-por-posibles-nuevas-inundaciones-mientras-crece-el-numero-de-muertos-por-la-riada\/#primaryimage\"},\"thumbnailUrl\":\"https:\/\/potenciaradiofonicadominicana.com\/portal\/wp-content\/uploads\/2026\/08\/0eb73d2fa7a173038420ff00c387adad.jpg\",\"articleSection\":[\"Internacional\"],\"inLanguage\":\"es\"},{\"@type\":\"WebPage\",\"@id\":\"https:\/\/potenciaradiofonicadominicana.com\/portal\/nepal-vuelve-a-estar-en-maxima-alerta-por-posibles-nuevas-inundaciones-mientras-crece-el-numero-de-muertos-por-la-riada\/\",\"url\":\"https:\/\/potenciaradiofonicadominicana.com\/portal\/nepal-vuelve-a-estar-en-maxima-alerta-por-posibles-nuevas-inundaciones-mientras-crece-el-numero-de-muertos-por-la-riada\/\",\"name\":\"Nepal vuelve a estar en m\u00e1xima alerta por posibles nuevas inundaciones mientras crece el n\u00famero de muertos por la riada - PotenciaRadiofonicaDominicana.com\",\"isPartOf\":{\"@id\":\"https:\/\/potenciaradiofonicadominicana.com\/portal\/#website\"},\"primaryImageOfPage\":{\"@id\":\"https:\/\/potenciaradiofonicadominicana.com\/portal\/nepal-vuelve-a-estar-en-maxima-alerta-por-posibles-nuevas-inundaciones-mientras-crece-el-numero-de-muertos-por-la-riada\/#primaryimage\"},\"image\":{\"@id\":\"https:\/\/potenciaradiofonicadominicana.com\/portal\/nepal-vuelve-a-estar-en-maxima-alerta-por-posibles-nuevas-inundaciones-mientras-crece-el-numero-de-muertos-por-la-riada\/#primaryimage\"},\"thumbnailUrl\":\"https:\/\/potenciaradiofonicadominicana.com\/portal\/wp-content\/uploads\/2026\/08\/0eb73d2fa7a173038420ff00c387adad.jpg\",\"datePublished\":\"2026-08-30T22:10:15+00:00\",\"breadcrumb\":{\"@id\":\"https:\/\/potenciaradiofonicadominicana.com\/portal\/nepal-vuelve-a-estar-en-maxima-alerta-por-posibles-nuevas-inundaciones-mientras-crece-el-numero-de-muertos-por-la-riada\/#breadcrumb\"},\"inLanguage\":\"es\",\"potentialAction\":[{\"@type\":\"ReadAction\",\"target\":[\"https:\/\/potenciaradiofonicadominicana.com\/portal\/nepal-vuelve-a-estar-en-maxima-alerta-por-posibles-nuevas-inundaciones-mientras-crece-el-numero-de-muertos-por-la-riada\/\"]}]},{\"@type\":\"ImageObject\",\"inLanguage\":\"es\",\"@id\":\"https:\/\/potenciaradiofonicadominicana.com\/portal\/nepal-vuelve-a-estar-en-maxima-alerta-por-posibles-nuevas-inundaciones-mientras-crece-el-numero-de-muertos-por-la-riada\/#primaryimage\",\"url\":\"https:\/\/potenciaradiofonicadominicana.com\/portal\/wp-content\/uploads\/2026\/08\/0eb73d2fa7a173038420ff00c387adad.jpg\",\"contentUrl\":\"https:\/\/potenciaradiofonicadominicana.com\/portal\/wp-content\/uploads\/2026\/08\/0eb73d2fa7a173038420ff00c387adad.jpg\",\"width\":1024,\"height\":576},{\"@type\":\"BreadcrumbList\",\"@id\":\"https:\/\/potenciaradiofonicadominicana.com\/portal\/nepal-vuelve-a-estar-en-maxima-alerta-por-posibles-nuevas-inundaciones-mientras-crece-el-numero-de-muertos-por-la-riada\/#breadcrumb\",\"itemListElement\":[{\"@type\":\"ListItem\",\"position\":1,\"name\":\"Portada\",\"item\":\"https:\/\/potenciaradiofonicadominicana.com\/portal\/\"},{\"@type\":\"ListItem\",\"position\":2,\"name\":\"Nepal vuelve a estar en m\u00e1xima alerta por posibles nuevas inundaciones mientras crece el n\u00famero de muertos por la riada\"}]},{\"@type\":\"WebSite\",\"@id\":\"https:\/\/potenciaradiofonicadominicana.com\/portal\/#website\",\"url\":\"https:\/\/potenciaradiofonicadominicana.com\/portal\/\",\"name\":\"PotenciaRadiofonicaDominicana.com\",\"description\":\"Peri\u00f3dico Digital\",\"publisher\":{\"@id\":\"https:\/\/potenciaradiofonicadominicana.com\/portal\/#organization\"},\"potentialAction\":[{\"@type\":\"SearchAction\",\"target\":{\"@type\":\"EntryPoint\",\"urlTemplate\":\"https:\/\/potenciaradiofonicadominicana.com\/portal\/?s={search_term_string}\"},\"query-input\":{\"@type\":\"PropertyValueSpecification\",\"valueRequired\":true,\"valueName\":\"search_term_string\"}}],\"inLanguage\":\"es\"},{\"@type\":\"Organization\",\"@id\":\"https:\/\/potenciaradiofonicadominicana.com\/portal\/#organization\",\"name\":\"PotenciaRadiofonicaDominicana.com\",\"url\":\"https:\/\/potenciaradiofonicadominicana.com\/portal\/\",\"logo\":{\"@type\":\"ImageObject\",\"inLanguage\":\"es\",\"@id\":\"https:\/\/potenciaradiofonicadominicana.com\/portal\/#\/schema\/logo\/image\/\",\"url\":\"https:\/\/potenciaradiofonicadominicana.com\/portal\/wp-content\/uploads\/2022\/01\/descarga.png\",\"contentUrl\":\"https:\/\/potenciaradiofonicadominicana.com\/portal\/wp-content\/uploads\/2022\/01\/descarga.png\",\"width\":300,\"height\":100,\"caption\":\"PotenciaRadiofonicaDominicana.com\"},\"image\":{\"@id\":\"https:\/\/potenciaradiofonicadominicana.com\/portal\/#\/schema\/logo\/image\/\"},\"sameAs\":[\"https:\/\/web.facebook.com\/PotenciaRadiofonicaD\"]},{\"@type\":\"Person\",\"@id\":\"https:\/\/potenciaradiofonicadominicana.com\/portal\/#\/schema\/person\/a5cf1fea13877803ee0573ac18b03490\",\"name\":\"Potencia Radiof\u00f3nica Dominicana\",\"image\":{\"@type\":\"ImageObject\",\"inLanguage\":\"es\",\"@id\":\"https:\/\/potenciaradiofonicadominicana.com\/portal\/#\/schema\/person\/image\/\",\"url\":\"https:\/\/secure.gravatar.com\/avatar\/42a55ab9e8ccc656ba34cd791990602a?s=96&d=mm&r=g\",\"contentUrl\":\"https:\/\/secure.gravatar.com\/avatar\/42a55ab9e8ccc656ba34cd791990602a?s=96&d=mm&r=g\",\"caption\":\"Potencia Radiof\u00f3nica Dominicana\"},\"url\":\"https:\/\/potenciaradiofonicadominicana.com\/portal\/author\/johannyalmanzar\/\"}]}<\/script>\n<!-- \/ Yoast SEO plugin. -->","yoast_head_json":{"title":"Nepal vuelve a estar en m\u00e1xima alerta por posibles nuevas inundaciones mientras crece el n\u00famero de muertos por la riada - PotenciaRadiofonicaDominicana.com","robots":{"index":"index","follow":"follow","max-snippet":"max-snippet:-1","max-image-preview":"max-image-preview:large","max-video-preview":"max-video-preview:-1"},"canonical":"https:\/\/potenciaradiofonicadominicana.com\/portal\/nepal-vuelve-a-estar-en-maxima-alerta-por-posibles-nuevas-inundaciones-mientras-crece-el-numero-de-muertos-por-la-riada\/","og_locale":"es_ES","og_type":"article","og_title":"Nepal vuelve a estar en m\u00e1xima alerta por posibles nuevas inundaciones mientras crece el n\u00famero de muertos por la riada - PotenciaRadiofonicaDominicana.com","og_description":"Las autoridades de Nepal est\u00e1n advirtiendo\u00a0sobre posibles nuevas inundaciones el domingo\u00a0y pidieron a los residentes en distritos afectados por las ...","og_url":"https:\/\/potenciaradiofonicadominicana.com\/portal\/nepal-vuelve-a-estar-en-maxima-alerta-por-posibles-nuevas-inundaciones-mientras-crece-el-numero-de-muertos-por-la-riada\/","og_site_name":"PotenciaRadiofonicaDominicana.com","article_publisher":"https:\/\/web.facebook.com\/PotenciaRadiofonicaD","article_published_time":"2026-08-30T22:10:15+00:00","og_image":[{"width":1024,"height":576,"url":"https:\/\/potenciaradiofonicadominicana.com\/portal\/wp-content\/uploads\/2026\/08\/0eb73d2fa7a173038420ff00c387adad.jpg","type":"image\/jpeg"}],"author":"Potencia Radiof\u00f3nica Dominicana","twitter_card":"summary_large_image","twitter_misc":{"Escrito por":"Potencia Radiof\u00f3nica Dominicana","Tiempo de lectura":"5 minutos"},"schema":{"@context":"https:\/\/schema.org","@graph":[{"@type":"Article","@id":"https:\/\/potenciaradiofonicadominicana.com\/portal\/nepal-vuelve-a-estar-en-maxima-alerta-por-posibles-nuevas-inundaciones-mientras-crece-el-numero-de-muertos-por-la-riada\/#article","isPartOf":{"@id":"https:\/\/potenciaradiofonicadominicana.com\/portal\/nepal-vuelve-a-estar-en-maxima-alerta-por-posibles-nuevas-inundaciones-mientras-crece-el-numero-de-muertos-por-la-riada\/"},"author":{"name":"Potencia Radiof\u00f3nica Dominicana","@id":"https:\/\/potenciaradiofonicadominicana.com\/portal\/#\/schema\/person\/a5cf1fea13877803ee0573ac18b03490"},"headline":"Nepal vuelve a estar en m\u00e1xima alerta por posibles nuevas inundaciones mientras crece el n\u00famero de muertos por la riada","datePublished":"2026-08-30T22:10:15+00:00","mainEntityOfPage":{"@id":"https:\/\/potenciaradiofonicadominicana.com\/portal\/nepal-vuelve-a-estar-en-maxima-alerta-por-posibles-nuevas-inundaciones-mientras-crece-el-numero-de-muertos-por-la-riada\/"},"wordCount":941,"publisher":{"@id":"https:\/\/potenciaradiofonicadominicana.com\/portal\/#organization"},"image":{"@id":"https:\/\/potenciaradiofonicadominicana.com\/portal\/nepal-vuelve-a-estar-en-maxima-alerta-por-posibles-nuevas-inundaciones-mientras-crece-el-numero-de-muertos-por-la-riada\/#primaryimage"},"thumbnailUrl":"https:\/\/potenciaradiofonicadominicana.com\/portal\/wp-content\/uploads\/2026\/08\/0eb73d2fa7a173038420ff00c387adad.jpg","articleSection":["Internacional"],"inLanguage":"es"},{"@type":"WebPage","@id":"https:\/\/potenciaradiofonicadominicana.com\/portal\/nepal-vuelve-a-estar-en-maxima-alerta-por-posibles-nuevas-inundaciones-mientras-crece-el-numero-de-muertos-por-la-riada\/","url":"https:\/\/potenciaradiofonicadominicana.com\/portal\/nepal-vuelve-a-estar-en-maxima-alerta-por-posibles-nuevas-inundaciones-mientras-crece-el-numero-de-muertos-por-la-riada\/","name":"Nepal vuelve a estar en m\u00e1xima alerta por posibles nuevas inundaciones mientras crece el n\u00famero de muertos por la riada - PotenciaRadiofonicaDominicana.com","isPartOf":{"@id":"https:\/\/potenciaradiofonicadominicana.com\/portal\/#website"},"primaryImageOfPage":{"@id":"https:\/\/potenciaradiofonicadominicana.com\/portal\/nepal-vuelve-a-estar-en-maxima-alerta-por-posibles-nuevas-inundaciones-mientras-crece-el-numero-de-muertos-por-la-riada\/#primaryimage"},"image":{"@id":"https:\/\/potenciaradiofonicadominicana.com\/portal\/nepal-vuelve-a-estar-en-maxima-alerta-por-posibles-nuevas-inundaciones-mientras-crece-el-numero-de-muertos-por-la-riada\/#primaryimage"},"thumbnailUrl":"https:\/\/potenciaradiofonicadominicana.com\/portal\/wp-content\/uploads\/2026\/08\/0eb73d2fa7a173038420ff00c387adad.jpg","datePublished":"2026-08-30T22:10:15+00:00","breadcrumb":{"@id":"https:\/\/potenciaradiofonicadominicana.com\/portal\/nepal-vuelve-a-estar-en-maxima-alerta-por-posibles-nuevas-inundaciones-mientras-crece-el-numero-de-muertos-por-la-riada\/#breadcrumb"},"inLanguage":"es","potentialAction":[{"@type":"ReadAction","target":["https:\/\/potenciaradiofonicadominicana.com\/portal\/nepal-vuelve-a-estar-en-maxima-alerta-por-posibles-nuevas-inundaciones-mientras-crece-el-numero-de-muertos-por-la-riada\/"]}]},{"@type":"ImageObject","inLanguage":"es","@id":"https:\/\/potenciaradiofonicadominicana.com\/portal\/nepal-vuelve-a-estar-en-maxima-alerta-por-posibles-nuevas-inundaciones-mientras-crece-el-numero-de-muertos-por-la-riada\/#primaryimage","url":"https:\/\/potenciaradiofonicadominicana.com\/portal\/wp-content\/uploads\/2026\/08\/0eb73d2fa7a173038420ff00c387adad.jpg","contentUrl":"https:\/\/potenciaradiofonicadominicana.com\/portal\/wp-content\/uploads\/2026\/08\/0eb73d2fa7a173038420ff00c387adad.jpg","width":1024,"height":576},{"@type":"BreadcrumbList","@id":"https:\/\/potenciaradiofonicadominicana.com\/portal\/nepal-vuelve-a-estar-en-maxima-alerta-por-posibles-nuevas-inundaciones-mientras-crece-el-numero-de-muertos-por-la-riada\/#breadcrumb","itemListElement":[{"@type":"ListItem","position":1,"name":"Portada","item":"https:\/\/potenciaradiofonicadominicana.com\/portal\/"},{"@type":"ListItem","position":2,"name":"Nepal vuelve a estar en m\u00e1xima alerta por posibles nuevas inundaciones mientras crece el n\u00famero de muertos por la riada"}]},{"@type":"WebSite","@id":"https:\/\/potenciaradiofonicadominicana.com\/portal\/#website","url":"https:\/\/potenciaradiofonicadominicana.com\/portal\/","name":"PotenciaRadiofonicaDominicana.com","description":"Peri\u00f3dico Digital","publisher":{"@id":"https:\/\/potenciaradiofonicadominicana.com\/portal\/#organization"},"potentialAction":[{"@type":"SearchAction","target":{"@type":"EntryPoint","urlTemplate":"https:\/\/potenciaradiofonicadominicana.com\/portal\/?s={search_term_string}"},"query-input":{"@type":"PropertyValueSpecification","valueRequired":true,"valueName":"search_term_string"}}],"inLanguage":"es"},{"@type":"Organization","@id":"https:\/\/potenciaradiofonicadominicana.com\/portal\/#organization","name":"PotenciaRadiofonicaDominicana.com","url":"https:\/\/potenciaradiofonicadominicana.com\/portal\/","logo":{"@type":"ImageObject","inLanguage":"es","@id":"https:\/\/potenciaradiofonicadominicana.com\/portal\/#\/schema\/logo\/image\/","url":"https:\/\/potenciaradiofonicadominicana.com\/portal\/wp-content\/uploads\/2022\/01\/descarga.png","contentUrl":"https:\/\/potenciaradiofonicadominicana.com\/portal\/wp-content\/uploads\/2022\/01\/descarga.png","width":300,"height":100,"caption":"PotenciaRadiofonicaDominicana.com"},"image":{"@id":"https:\/\/potenciaradiofonicadominicana.com\/portal\/#\/schema\/logo\/image\/"},"sameAs":["https:\/\/web.facebook.com\/PotenciaRadiofonicaD"]},{"@type":"Person","@id":"https:\/\/potenciaradiofonicadominicana.com\/portal\/#\/schema\/person\/a5cf1fea13877803ee0573ac18b03490","name":"Potencia Radiof\u00f3nica Dominicana","image":{"@type":"ImageObject","inLanguage":"es","@id":"https:\/\/potenciaradiofonicadominicana.com\/portal\/#\/schema\/person\/image\/","url":"https:\/\/secure.gravatar.com\/avatar\/42a55ab9e8ccc656ba34cd791990602a?s=96&d=mm&r=g","contentUrl":"https:\/\/secure.gravatar.com\/avatar\/42a55ab9e8ccc656ba34cd791990602a?s=96&d=mm&r=g","caption":"Potencia Radiof\u00f3nica Dominicana"},"url":"https:\/\/potenciaradiofonicadominicana.com\/portal\/author\/johannyalmanzar\/"}]}},"_links":{"self":[{"href":"https:\/\/potenciaradiofonicadominicana.com\/portal\/wp-json\/wp\/v2\/posts\/224911","targetHints":{"allow":["GET"]}}],"collection":[{"href":"https:\/\/potenciaradiofonicadominicana.com\/portal\/wp-json\/wp\/v2\/posts"}],"about":[{"href":"https:\/\/potenciaradiofonicadominicana.com\/portal\/wp-json\/wp\/v2\/types\/post"}],"author":[{"embeddable":true,"href":"https:\/\/potenciaradiofonicadominicana.com\/portal\/wp-json\/wp\/v2\/users\/2"}],"replies":[{"embeddable":true,"href":"https:\/\/potenciaradiofonicadominicana.com\/portal\/wp-json\/wp\/v2\/comments?post=224911"}],"version-history":[{"count":1,"href":"https:\/\/potenciaradiofonicadominicana.com\/portal\/wp-json\/wp\/v2\/posts\/224911\/revisions"}],"predecessor-version":[{"id":224913,"href":"https:\/\/potenciaradiofonicadominicana.com\/portal\/wp-json\/wp\/v2\/posts\/224911\/revisions\/224913"}],"wp:featuredmedia":[{"embeddable":true,"href":"https:\/\/potenciaradiofonicadominicana.com\/portal\/wp-json\/wp\/v2\/media\/224912"}],"wp:attachment":[{"href":"https:\/\/potenciaradiofonicadominicana.com\/portal\/wp-json\/wp\/v2\/media?parent=224911"}],"wp:term":[{"taxonomy":"category","embeddable":true,"href":"https:\/\/potenciaradiofonicadominicana.com\/portal\/wp-json\/wp\/v2\/categories?post=224911"},{"taxonomy":"post_tag","embeddable":true,"href":"https:\/\/potenciaradiofonicadominicana.com\/portal\/wp-json\/wp\/v2\/tags?post=224911"}],"curies":[{"name":"wp","href":"https:\/\/api.w.org\/{rel}","templated":true}]}}