{"id":224867,"date":"2026-08-30T17:37:20","date_gmt":"2026-08-30T21:37:20","guid":{"rendered":"https:\/\/potenciaradiofonicadominicana.com\/portal\/?p=224867"},"modified":"2026-08-30T17:37:20","modified_gmt":"2026-08-30T21:37:20","slug":"autoridades-desmantelan-negocio-dedicado-a-la-fabricacion-ilicita-de-bebidas-alcoholicas-premium","status":"publish","type":"post","link":"https:\/\/potenciaradiofonicadominicana.com\/portal\/autoridades-desmantelan-negocio-dedicado-a-la-fabricacion-ilicita-de-bebidas-alcoholicas-premium\/","title":{"rendered":"Autoridades desmantelan negocio dedicado a la fabricaci\u00f3n il\u00edcita de bebidas alcoh\u00f3licas premium"},"content":{"rendered":"<p><a href=\"https:\/\/potenciaradiofonicadominicana.com\/portal\/wp-content\/uploads\/2026\/08\/Post-de-Instagram-Feliz-Cumpleanos-Sencillo-Minimalista-Azul-1000-x-500-px-2025-05-28T111625.038.jpg\"><img loading=\"lazy\" decoding=\"async\" class=\"alignnone size-full wp-image-224868\" src=\"https:\/\/potenciaradiofonicadominicana.com\/portal\/wp-content\/uploads\/2026\/08\/Post-de-Instagram-Feliz-Cumpleanos-Sencillo-Minimalista-Azul-1000-x-500-px-2025-05-28T111625.038.jpg\" alt=\"\" width=\"1000\" height=\"500\" srcset=\"https:\/\/potenciaradiofonicadominicana.com\/portal\/wp-content\/uploads\/2026\/08\/Post-de-Instagram-Feliz-Cumpleanos-Sencillo-Minimalista-Azul-1000-x-500-px-2025-05-28T111625.038.jpg 1000w, https:\/\/potenciaradiofonicadominicana.com\/portal\/wp-content\/uploads\/2026\/08\/Post-de-Instagram-Feliz-Cumpleanos-Sencillo-Minimalista-Azul-1000-x-500-px-2025-05-28T111625.038-300x150.jpg 300w, https:\/\/potenciaradiofonicadominicana.com\/portal\/wp-content\/uploads\/2026\/08\/Post-de-Instagram-Feliz-Cumpleanos-Sencillo-Minimalista-Azul-1000-x-500-px-2025-05-28T111625.038-768x384.jpg 768w\" sizes=\"auto, (max-width: 1000px) 100vw, 1000px\" \/><\/a><\/p>\n<p>El\u00a0<strong>Ministerio de Industria<\/strong>, Comercio y Mipymes (MICM), a trav\u00e9s del Cuerpo Especializado de Control de Combustibles y Comercio de Mercanc\u00edas (<strong>Ceccom<\/strong>) y con la coordinaci\u00f3n de la Mesa de Il\u00edcitos, desmantel\u00f3 una estructura dedicada a la fabricaci\u00f3n, etiquetado, envase y distribuci\u00f3n de bebidas alcoh\u00f3licas premium y de otro tipo, ubicada en\u00a0<strong>San Crist\u00f3bal<\/strong>.<\/p>\n<div class=\"my-12 component web-insert-bullet relative border bg-component\">\n<p>&nbsp;<\/p>\n<ul class=\"list-text\">\n<li>Durante el operativo se decomisaron un total 25,496 mercanc\u00edas il\u00edcitas, con un valor estimado en 5.9 millones de pesos. Fueron incautadas 4,780 botellas de licor premium, listas para distribuirse, 75 galones de alcohol puro, 27 garrafones de cinco galones, 1,363 botellas de 700 mililitros y tres galones de melaza.<\/li>\n<\/ul>\n<\/div>\n<p>Tambi\u00e9n\u00a0<strong>19,536 art\u00edculos il\u00edcitos<\/strong>\u00a0diversos y\u00a0<strong>1,542 botellas vac\u00edas<\/strong>, tapas, etiquetas falsas, precintos fiscales y herramientas de impresi\u00f3n (marcos serigr\u00e1ficos y troqueles), as\u00ed como\u00a0<strong>maquinaria industrial<\/strong>\u00a0empleada para el mezclado y envasado de los productos.<\/p>\n<p>La estructura operaba en una edificaci\u00f3n de\u00a0<strong>tres niveles<\/strong>, ubicada en la\u00a0<strong>calle Primera<\/strong>\u00a0del distrito municipal Do\u00f1a Ana, en el municipio de Yaguate, donde se ejecut\u00f3 una orden de allanamiento tras labores de inteligencia iniciadas en abril, con la interceptaci\u00f3n de un veh\u00edculo que transportaba\u00a0<strong>180 botellas de ron premium adulterado<\/strong>.<\/p>\n<p>El titular del MICM,\u00a0<strong>Eduardo -Yayo- Sanz Lovat\u00f3n<\/strong>, indic\u00f3 que se continuar\u00e1n realizando las acciones necesarias para que la\u00a0<strong>Rep\u00fablica Dominicana<\/strong>\u00a0contin\u00fae sin registrar ni una sola muerte por el consumo de vidas adulterada, como se ha logrado ya por m\u00e1s de\u00a0<strong>cuatro a\u00f1os<\/strong>.<\/p>\n<p>\u00abGracias a acciones como estas tambi\u00e9n logramos ser excluidos como pa\u00eds y mantenernos fuera de la lista de vigilancia del\u00a0<strong>informe especial 301<\/strong>\u00a0publicado por la\u00a0<strong>Oficina del Representante Comercial<\/strong>\u00a0de los Estados Unidos (USTR) en el\u00a0<strong>2024<\/strong>\u00bb a\u00f1adi\u00f3 Sanz Lovat\u00f3n al dar a conocer la informaci\u00f3n.<\/p>\n<p>La ejecuci\u00f3n cont\u00f3 con el acompa\u00f1amiento de los\u00a0<strong>fiscales Engers Reyna Manzueta<\/strong>, Wendy Mart\u00ednez Garabito, Patricia Turb\u00ed y Aurelia Cuevas Rom\u00e1n, pertenecientes a la\u00a0<strong>Procuradur\u00eda Especializada<\/strong>\u00a0para los Cr\u00edmenes y Delitos Contra la Salud (Pedecsa), junto a\u00a0<strong>inspectores de Proconsumidor<\/strong>.<\/p>\n<p>Las autoridades advirtieron que estas estructuras violan la\u00a0<strong>Ley General de Salud<\/strong>\u00a0(42-01) y la\u00a0<strong>Ley 17-19<\/strong>\u00a0sobre\u00a0<strong>Comercio Il\u00edcito<\/strong>, Contrabando y Falsificaci\u00f3n.<\/p>\n<p>Asimismo, reafirmaron su compromiso de seguir\u00a0<strong>neutralizando estos focos clandestinos<\/strong>\u00a0para\u00a0<strong>proteger la salud<\/strong>\u00a0de la ciudadan\u00eda y frenar la\u00a0<strong>evasi\u00f3n fiscal<\/strong>\u00a0que impacta a la econom\u00eda nacional.<\/p>\n","protected":false},"excerpt":{"rendered":"<p>El\u00a0Ministerio de Industria, Comercio y Mipymes (MICM), a trav\u00e9s del Cuerpo Especializado de Control de Combustibles y Comercio de Mercanc\u00edas &#8230;<\/p>\n","protected":false},"author":2,"featured_media":224868,"comment_status":"closed","ping_status":"closed","sticky":false,"template":"","format":"standard","meta":{"footnotes":""},"categories":[26],"tags":[],"class_list":["post-224867","post","type-post","status-publish","format-standard","has-post-thumbnail","hentry","category-economia"],"yoast_head":"<!-- This site is optimized with the Yoast SEO plugin v24.8.1 - https:\/\/yoast.com\/wordpress\/plugins\/seo\/ -->\n<title>Autoridades desmantelan negocio dedicado a la fabricaci\u00f3n il\u00edcita de bebidas alcoh\u00f3licas premium - PotenciaRadiofonicaDominicana.com<\/title>\n<meta name=\"robots\" content=\"index, follow, max-snippet:-1, max-image-preview:large, max-video-preview:-1\" \/>\n<link rel=\"canonical\" href=\"https:\/\/potenciaradiofonicadominicana.com\/portal\/autoridades-desmantelan-negocio-dedicado-a-la-fabricacion-ilicita-de-bebidas-alcoholicas-premium\/\" \/>\n<meta property=\"og:locale\" content=\"es_ES\" \/>\n<meta property=\"og:type\" content=\"article\" \/>\n<meta property=\"og:title\" content=\"Autoridades desmantelan negocio dedicado a la fabricaci\u00f3n il\u00edcita de bebidas alcoh\u00f3licas premium - PotenciaRadiofonicaDominicana.com\" \/>\n<meta property=\"og:description\" content=\"El\u00a0Ministerio de Industria, Comercio y Mipymes (MICM), a trav\u00e9s del Cuerpo Especializado de Control de Combustibles y Comercio de Mercanc\u00edas ...\" \/>\n<meta property=\"og:url\" content=\"https:\/\/potenciaradiofonicadominicana.com\/portal\/autoridades-desmantelan-negocio-dedicado-a-la-fabricacion-ilicita-de-bebidas-alcoholicas-premium\/\" \/>\n<meta property=\"og:site_name\" content=\"PotenciaRadiofonicaDominicana.com\" \/>\n<meta property=\"article:publisher\" content=\"https:\/\/web.facebook.com\/PotenciaRadiofonicaD\" \/>\n<meta property=\"article:published_time\" content=\"2026-08-30T21:37:20+00:00\" \/>\n<meta property=\"og:image\" content=\"https:\/\/potenciaradiofonicadominicana.com\/portal\/wp-content\/uploads\/2026\/08\/Post-de-Instagram-Feliz-Cumpleanos-Sencillo-Minimalista-Azul-1000-x-500-px-2025-05-28T111625.038.jpg\" \/>\n\t<meta property=\"og:image:width\" content=\"1000\" \/>\n\t<meta property=\"og:image:height\" content=\"500\" \/>\n\t<meta property=\"og:image:type\" content=\"image\/jpeg\" \/>\n<meta name=\"author\" content=\"Potencia Radiof\u00f3nica Dominicana\" \/>\n<meta name=\"twitter:card\" content=\"summary_large_image\" \/>\n<meta name=\"twitter:label1\" content=\"Escrito por\" \/>\n\t<meta name=\"twitter:data1\" content=\"Potencia Radiof\u00f3nica Dominicana\" \/>\n\t<meta name=\"twitter:label2\" content=\"Tiempo de lectura\" \/>\n\t<meta name=\"twitter:data2\" content=\"3 minutos\" \/>\n<script type=\"application\/ld+json\" class=\"yoast-schema-graph\">{\"@context\":\"https:\/\/schema.org\",\"@graph\":[{\"@type\":\"Article\",\"@id\":\"https:\/\/potenciaradiofonicadominicana.com\/portal\/autoridades-desmantelan-negocio-dedicado-a-la-fabricacion-ilicita-de-bebidas-alcoholicas-premium\/#article\",\"isPartOf\":{\"@id\":\"https:\/\/potenciaradiofonicadominicana.com\/portal\/autoridades-desmantelan-negocio-dedicado-a-la-fabricacion-ilicita-de-bebidas-alcoholicas-premium\/\"},\"author\":{\"name\":\"Potencia Radiof\u00f3nica Dominicana\",\"@id\":\"https:\/\/potenciaradiofonicadominicana.com\/portal\/#\/schema\/person\/a5cf1fea13877803ee0573ac18b03490\"},\"headline\":\"Autoridades desmantelan negocio dedicado a la fabricaci\u00f3n il\u00edcita de bebidas alcoh\u00f3licas premium\",\"datePublished\":\"2026-08-30T21:37:20+00:00\",\"mainEntityOfPage\":{\"@id\":\"https:\/\/potenciaradiofonicadominicana.com\/portal\/autoridades-desmantelan-negocio-dedicado-a-la-fabricacion-ilicita-de-bebidas-alcoholicas-premium\/\"},\"wordCount\":418,\"publisher\":{\"@id\":\"https:\/\/potenciaradiofonicadominicana.com\/portal\/#organization\"},\"image\":{\"@id\":\"https:\/\/potenciaradiofonicadominicana.com\/portal\/autoridades-desmantelan-negocio-dedicado-a-la-fabricacion-ilicita-de-bebidas-alcoholicas-premium\/#primaryimage\"},\"thumbnailUrl\":\"https:\/\/potenciaradiofonicadominicana.com\/portal\/wp-content\/uploads\/2026\/08\/Post-de-Instagram-Feliz-Cumpleanos-Sencillo-Minimalista-Azul-1000-x-500-px-2025-05-28T111625.038.jpg\",\"articleSection\":[\"Econom\u00eda\"],\"inLanguage\":\"es\"},{\"@type\":\"WebPage\",\"@id\":\"https:\/\/potenciaradiofonicadominicana.com\/portal\/autoridades-desmantelan-negocio-dedicado-a-la-fabricacion-ilicita-de-bebidas-alcoholicas-premium\/\",\"url\":\"https:\/\/potenciaradiofonicadominicana.com\/portal\/autoridades-desmantelan-negocio-dedicado-a-la-fabricacion-ilicita-de-bebidas-alcoholicas-premium\/\",\"name\":\"Autoridades desmantelan negocio dedicado a la fabricaci\u00f3n il\u00edcita de bebidas alcoh\u00f3licas premium - PotenciaRadiofonicaDominicana.com\",\"isPartOf\":{\"@id\":\"https:\/\/potenciaradiofonicadominicana.com\/portal\/#website\"},\"primaryImageOfPage\":{\"@id\":\"https:\/\/potenciaradiofonicadominicana.com\/portal\/autoridades-desmantelan-negocio-dedicado-a-la-fabricacion-ilicita-de-bebidas-alcoholicas-premium\/#primaryimage\"},\"image\":{\"@id\":\"https:\/\/potenciaradiofonicadominicana.com\/portal\/autoridades-desmantelan-negocio-dedicado-a-la-fabricacion-ilicita-de-bebidas-alcoholicas-premium\/#primaryimage\"},\"thumbnailUrl\":\"https:\/\/potenciaradiofonicadominicana.com\/portal\/wp-content\/uploads\/2026\/08\/Post-de-Instagram-Feliz-Cumpleanos-Sencillo-Minimalista-Azul-1000-x-500-px-2025-05-28T111625.038.jpg\",\"datePublished\":\"2026-08-30T21:37:20+00:00\",\"breadcrumb\":{\"@id\":\"https:\/\/potenciaradiofonicadominicana.com\/portal\/autoridades-desmantelan-negocio-dedicado-a-la-fabricacion-ilicita-de-bebidas-alcoholicas-premium\/#breadcrumb\"},\"inLanguage\":\"es\",\"potentialAction\":[{\"@type\":\"ReadAction\",\"target\":[\"https:\/\/potenciaradiofonicadominicana.com\/portal\/autoridades-desmantelan-negocio-dedicado-a-la-fabricacion-ilicita-de-bebidas-alcoholicas-premium\/\"]}]},{\"@type\":\"ImageObject\",\"inLanguage\":\"es\",\"@id\":\"https:\/\/potenciaradiofonicadominicana.com\/portal\/autoridades-desmantelan-negocio-dedicado-a-la-fabricacion-ilicita-de-bebidas-alcoholicas-premium\/#primaryimage\",\"url\":\"https:\/\/potenciaradiofonicadominicana.com\/portal\/wp-content\/uploads\/2026\/08\/Post-de-Instagram-Feliz-Cumpleanos-Sencillo-Minimalista-Azul-1000-x-500-px-2025-05-28T111625.038.jpg\",\"contentUrl\":\"https:\/\/potenciaradiofonicadominicana.com\/portal\/wp-content\/uploads\/2026\/08\/Post-de-Instagram-Feliz-Cumpleanos-Sencillo-Minimalista-Azul-1000-x-500-px-2025-05-28T111625.038.jpg\",\"width\":1000,\"height\":500},{\"@type\":\"BreadcrumbList\",\"@id\":\"https:\/\/potenciaradiofonicadominicana.com\/portal\/autoridades-desmantelan-negocio-dedicado-a-la-fabricacion-ilicita-de-bebidas-alcoholicas-premium\/#breadcrumb\",\"itemListElement\":[{\"@type\":\"ListItem\",\"position\":1,\"name\":\"Portada\",\"item\":\"https:\/\/potenciaradiofonicadominicana.com\/portal\/\"},{\"@type\":\"ListItem\",\"position\":2,\"name\":\"Autoridades desmantelan negocio dedicado a la fabricaci\u00f3n il\u00edcita de bebidas alcoh\u00f3licas premium\"}]},{\"@type\":\"WebSite\",\"@id\":\"https:\/\/potenciaradiofonicadominicana.com\/portal\/#website\",\"url\":\"https:\/\/potenciaradiofonicadominicana.com\/portal\/\",\"name\":\"PotenciaRadiofonicaDominicana.com\",\"description\":\"Peri\u00f3dico Digital\",\"publisher\":{\"@id\":\"https:\/\/potenciaradiofonicadominicana.com\/portal\/#organization\"},\"potentialAction\":[{\"@type\":\"SearchAction\",\"target\":{\"@type\":\"EntryPoint\",\"urlTemplate\":\"https:\/\/potenciaradiofonicadominicana.com\/portal\/?s={search_term_string}\"},\"query-input\":{\"@type\":\"PropertyValueSpecification\",\"valueRequired\":true,\"valueName\":\"search_term_string\"}}],\"inLanguage\":\"es\"},{\"@type\":\"Organization\",\"@id\":\"https:\/\/potenciaradiofonicadominicana.com\/portal\/#organization\",\"name\":\"PotenciaRadiofonicaDominicana.com\",\"url\":\"https:\/\/potenciaradiofonicadominicana.com\/portal\/\",\"logo\":{\"@type\":\"ImageObject\",\"inLanguage\":\"es\",\"@id\":\"https:\/\/potenciaradiofonicadominicana.com\/portal\/#\/schema\/logo\/image\/\",\"url\":\"https:\/\/potenciaradiofonicadominicana.com\/portal\/wp-content\/uploads\/2022\/01\/descarga.png\",\"contentUrl\":\"https:\/\/potenciaradiofonicadominicana.com\/portal\/wp-content\/uploads\/2022\/01\/descarga.png\",\"width\":300,\"height\":100,\"caption\":\"PotenciaRadiofonicaDominicana.com\"},\"image\":{\"@id\":\"https:\/\/potenciaradiofonicadominicana.com\/portal\/#\/schema\/logo\/image\/\"},\"sameAs\":[\"https:\/\/web.facebook.com\/PotenciaRadiofonicaD\"]},{\"@type\":\"Person\",\"@id\":\"https:\/\/potenciaradiofonicadominicana.com\/portal\/#\/schema\/person\/a5cf1fea13877803ee0573ac18b03490\",\"name\":\"Potencia Radiof\u00f3nica Dominicana\",\"image\":{\"@type\":\"ImageObject\",\"inLanguage\":\"es\",\"@id\":\"https:\/\/potenciaradiofonicadominicana.com\/portal\/#\/schema\/person\/image\/\",\"url\":\"https:\/\/secure.gravatar.com\/avatar\/42a55ab9e8ccc656ba34cd791990602a?s=96&d=mm&r=g\",\"contentUrl\":\"https:\/\/secure.gravatar.com\/avatar\/42a55ab9e8ccc656ba34cd791990602a?s=96&d=mm&r=g\",\"caption\":\"Potencia Radiof\u00f3nica Dominicana\"},\"url\":\"https:\/\/potenciaradiofonicadominicana.com\/portal\/author\/johannyalmanzar\/\"}]}<\/script>\n<!-- \/ Yoast SEO plugin. -->","yoast_head_json":{"title":"Autoridades desmantelan negocio dedicado a la fabricaci\u00f3n il\u00edcita de bebidas alcoh\u00f3licas premium - PotenciaRadiofonicaDominicana.com","robots":{"index":"index","follow":"follow","max-snippet":"max-snippet:-1","max-image-preview":"max-image-preview:large","max-video-preview":"max-video-preview:-1"},"canonical":"https:\/\/potenciaradiofonicadominicana.com\/portal\/autoridades-desmantelan-negocio-dedicado-a-la-fabricacion-ilicita-de-bebidas-alcoholicas-premium\/","og_locale":"es_ES","og_type":"article","og_title":"Autoridades desmantelan negocio dedicado a la fabricaci\u00f3n il\u00edcita de bebidas alcoh\u00f3licas premium - PotenciaRadiofonicaDominicana.com","og_description":"El\u00a0Ministerio de Industria, Comercio y Mipymes (MICM), a trav\u00e9s del Cuerpo Especializado de Control de Combustibles y Comercio de Mercanc\u00edas ...","og_url":"https:\/\/potenciaradiofonicadominicana.com\/portal\/autoridades-desmantelan-negocio-dedicado-a-la-fabricacion-ilicita-de-bebidas-alcoholicas-premium\/","og_site_name":"PotenciaRadiofonicaDominicana.com","article_publisher":"https:\/\/web.facebook.com\/PotenciaRadiofonicaD","article_published_time":"2026-08-30T21:37:20+00:00","og_image":[{"width":1000,"height":500,"url":"https:\/\/potenciaradiofonicadominicana.com\/portal\/wp-content\/uploads\/2026\/08\/Post-de-Instagram-Feliz-Cumpleanos-Sencillo-Minimalista-Azul-1000-x-500-px-2025-05-28T111625.038.jpg","type":"image\/jpeg"}],"author":"Potencia Radiof\u00f3nica Dominicana","twitter_card":"summary_large_image","twitter_misc":{"Escrito por":"Potencia Radiof\u00f3nica Dominicana","Tiempo de lectura":"3 minutos"},"schema":{"@context":"https:\/\/schema.org","@graph":[{"@type":"Article","@id":"https:\/\/potenciaradiofonicadominicana.com\/portal\/autoridades-desmantelan-negocio-dedicado-a-la-fabricacion-ilicita-de-bebidas-alcoholicas-premium\/#article","isPartOf":{"@id":"https:\/\/potenciaradiofonicadominicana.com\/portal\/autoridades-desmantelan-negocio-dedicado-a-la-fabricacion-ilicita-de-bebidas-alcoholicas-premium\/"},"author":{"name":"Potencia Radiof\u00f3nica Dominicana","@id":"https:\/\/potenciaradiofonicadominicana.com\/portal\/#\/schema\/person\/a5cf1fea13877803ee0573ac18b03490"},"headline":"Autoridades desmantelan negocio dedicado a la fabricaci\u00f3n il\u00edcita de bebidas alcoh\u00f3licas premium","datePublished":"2026-08-30T21:37:20+00:00","mainEntityOfPage":{"@id":"https:\/\/potenciaradiofonicadominicana.com\/portal\/autoridades-desmantelan-negocio-dedicado-a-la-fabricacion-ilicita-de-bebidas-alcoholicas-premium\/"},"wordCount":418,"publisher":{"@id":"https:\/\/potenciaradiofonicadominicana.com\/portal\/#organization"},"image":{"@id":"https:\/\/potenciaradiofonicadominicana.com\/portal\/autoridades-desmantelan-negocio-dedicado-a-la-fabricacion-ilicita-de-bebidas-alcoholicas-premium\/#primaryimage"},"thumbnailUrl":"https:\/\/potenciaradiofonicadominicana.com\/portal\/wp-content\/uploads\/2026\/08\/Post-de-Instagram-Feliz-Cumpleanos-Sencillo-Minimalista-Azul-1000-x-500-px-2025-05-28T111625.038.jpg","articleSection":["Econom\u00eda"],"inLanguage":"es"},{"@type":"WebPage","@id":"https:\/\/potenciaradiofonicadominicana.com\/portal\/autoridades-desmantelan-negocio-dedicado-a-la-fabricacion-ilicita-de-bebidas-alcoholicas-premium\/","url":"https:\/\/potenciaradiofonicadominicana.com\/portal\/autoridades-desmantelan-negocio-dedicado-a-la-fabricacion-ilicita-de-bebidas-alcoholicas-premium\/","name":"Autoridades desmantelan negocio dedicado a la fabricaci\u00f3n il\u00edcita de bebidas alcoh\u00f3licas premium - PotenciaRadiofonicaDominicana.com","isPartOf":{"@id":"https:\/\/potenciaradiofonicadominicana.com\/portal\/#website"},"primaryImageOfPage":{"@id":"https:\/\/potenciaradiofonicadominicana.com\/portal\/autoridades-desmantelan-negocio-dedicado-a-la-fabricacion-ilicita-de-bebidas-alcoholicas-premium\/#primaryimage"},"image":{"@id":"https:\/\/potenciaradiofonicadominicana.com\/portal\/autoridades-desmantelan-negocio-dedicado-a-la-fabricacion-ilicita-de-bebidas-alcoholicas-premium\/#primaryimage"},"thumbnailUrl":"https:\/\/potenciaradiofonicadominicana.com\/portal\/wp-content\/uploads\/2026\/08\/Post-de-Instagram-Feliz-Cumpleanos-Sencillo-Minimalista-Azul-1000-x-500-px-2025-05-28T111625.038.jpg","datePublished":"2026-08-30T21:37:20+00:00","breadcrumb":{"@id":"https:\/\/potenciaradiofonicadominicana.com\/portal\/autoridades-desmantelan-negocio-dedicado-a-la-fabricacion-ilicita-de-bebidas-alcoholicas-premium\/#breadcrumb"},"inLanguage":"es","potentialAction":[{"@type":"ReadAction","target":["https:\/\/potenciaradiofonicadominicana.com\/portal\/autoridades-desmantelan-negocio-dedicado-a-la-fabricacion-ilicita-de-bebidas-alcoholicas-premium\/"]}]},{"@type":"ImageObject","inLanguage":"es","@id":"https:\/\/potenciaradiofonicadominicana.com\/portal\/autoridades-desmantelan-negocio-dedicado-a-la-fabricacion-ilicita-de-bebidas-alcoholicas-premium\/#primaryimage","url":"https:\/\/potenciaradiofonicadominicana.com\/portal\/wp-content\/uploads\/2026\/08\/Post-de-Instagram-Feliz-Cumpleanos-Sencillo-Minimalista-Azul-1000-x-500-px-2025-05-28T111625.038.jpg","contentUrl":"https:\/\/potenciaradiofonicadominicana.com\/portal\/wp-content\/uploads\/2026\/08\/Post-de-Instagram-Feliz-Cumpleanos-Sencillo-Minimalista-Azul-1000-x-500-px-2025-05-28T111625.038.jpg","width":1000,"height":500},{"@type":"BreadcrumbList","@id":"https:\/\/potenciaradiofonicadominicana.com\/portal\/autoridades-desmantelan-negocio-dedicado-a-la-fabricacion-ilicita-de-bebidas-alcoholicas-premium\/#breadcrumb","itemListElement":[{"@type":"ListItem","position":1,"name":"Portada","item":"https:\/\/potenciaradiofonicadominicana.com\/portal\/"},{"@type":"ListItem","position":2,"name":"Autoridades desmantelan negocio dedicado a la fabricaci\u00f3n il\u00edcita de bebidas alcoh\u00f3licas premium"}]},{"@type":"WebSite","@id":"https:\/\/potenciaradiofonicadominicana.com\/portal\/#website","url":"https:\/\/potenciaradiofonicadominicana.com\/portal\/","name":"PotenciaRadiofonicaDominicana.com","description":"Peri\u00f3dico Digital","publisher":{"@id":"https:\/\/potenciaradiofonicadominicana.com\/portal\/#organization"},"potentialAction":[{"@type":"SearchAction","target":{"@type":"EntryPoint","urlTemplate":"https:\/\/potenciaradiofonicadominicana.com\/portal\/?s={search_term_string}"},"query-input":{"@type":"PropertyValueSpecification","valueRequired":true,"valueName":"search_term_string"}}],"inLanguage":"es"},{"@type":"Organization","@id":"https:\/\/potenciaradiofonicadominicana.com\/portal\/#organization","name":"PotenciaRadiofonicaDominicana.com","url":"https:\/\/potenciaradiofonicadominicana.com\/portal\/","logo":{"@type":"ImageObject","inLanguage":"es","@id":"https:\/\/potenciaradiofonicadominicana.com\/portal\/#\/schema\/logo\/image\/","url":"https:\/\/potenciaradiofonicadominicana.com\/portal\/wp-content\/uploads\/2022\/01\/descarga.png","contentUrl":"https:\/\/potenciaradiofonicadominicana.com\/portal\/wp-content\/uploads\/2022\/01\/descarga.png","width":300,"height":100,"caption":"PotenciaRadiofonicaDominicana.com"},"image":{"@id":"https:\/\/potenciaradiofonicadominicana.com\/portal\/#\/schema\/logo\/image\/"},"sameAs":["https:\/\/web.facebook.com\/PotenciaRadiofonicaD"]},{"@type":"Person","@id":"https:\/\/potenciaradiofonicadominicana.com\/portal\/#\/schema\/person\/a5cf1fea13877803ee0573ac18b03490","name":"Potencia Radiof\u00f3nica Dominicana","image":{"@type":"ImageObject","inLanguage":"es","@id":"https:\/\/potenciaradiofonicadominicana.com\/portal\/#\/schema\/person\/image\/","url":"https:\/\/secure.gravatar.com\/avatar\/42a55ab9e8ccc656ba34cd791990602a?s=96&d=mm&r=g","contentUrl":"https:\/\/secure.gravatar.com\/avatar\/42a55ab9e8ccc656ba34cd791990602a?s=96&d=mm&r=g","caption":"Potencia Radiof\u00f3nica Dominicana"},"url":"https:\/\/potenciaradiofonicadominicana.com\/portal\/author\/johannyalmanzar\/"}]}},"_links":{"self":[{"href":"https:\/\/potenciaradiofonicadominicana.com\/portal\/wp-json\/wp\/v2\/posts\/224867","targetHints":{"allow":["GET"]}}],"collection":[{"href":"https:\/\/potenciaradiofonicadominicana.com\/portal\/wp-json\/wp\/v2\/posts"}],"about":[{"href":"https:\/\/potenciaradiofonicadominicana.com\/portal\/wp-json\/wp\/v2\/types\/post"}],"author":[{"embeddable":true,"href":"https:\/\/potenciaradiofonicadominicana.com\/portal\/wp-json\/wp\/v2\/users\/2"}],"replies":[{"embeddable":true,"href":"https:\/\/potenciaradiofonicadominicana.com\/portal\/wp-json\/wp\/v2\/comments?post=224867"}],"version-history":[{"count":1,"href":"https:\/\/potenciaradiofonicadominicana.com\/portal\/wp-json\/wp\/v2\/posts\/224867\/revisions"}],"predecessor-version":[{"id":224869,"href":"https:\/\/potenciaradiofonicadominicana.com\/portal\/wp-json\/wp\/v2\/posts\/224867\/revisions\/224869"}],"wp:featuredmedia":[{"embeddable":true,"href":"https:\/\/potenciaradiofonicadominicana.com\/portal\/wp-json\/wp\/v2\/media\/224868"}],"wp:attachment":[{"href":"https:\/\/potenciaradiofonicadominicana.com\/portal\/wp-json\/wp\/v2\/media?parent=224867"}],"wp:term":[{"taxonomy":"category","embeddable":true,"href":"https:\/\/potenciaradiofonicadominicana.com\/portal\/wp-json\/wp\/v2\/categories?post=224867"},{"taxonomy":"post_tag","embeddable":true,"href":"https:\/\/potenciaradiofonicadominicana.com\/portal\/wp-json\/wp\/v2\/tags?post=224867"}],"curies":[{"name":"wp","href":"https:\/\/api.w.org\/{rel}","templated":true}]}}