{"id":224858,"date":"2026-08-30T17:29:06","date_gmt":"2026-08-30T21:29:06","guid":{"rendered":"https:\/\/potenciaradiofonicadominicana.com\/portal\/?p=224858"},"modified":"2026-08-30T17:29:06","modified_gmt":"2026-08-30T21:29:06","slug":"afp-no-son-duenas-de-los-fondos-de-pensiones-aclara-comision-reguladora","status":"publish","type":"post","link":"https:\/\/potenciaradiofonicadominicana.com\/portal\/afp-no-son-duenas-de-los-fondos-de-pensiones-aclara-comision-reguladora\/","title":{"rendered":"AFP no son due\u00f1as de los fondos de pensiones, aclara comisi\u00f3n reguladora"},"content":{"rendered":"<p><a href=\"https:\/\/potenciaradiofonicadominicana.com\/portal\/wp-content\/uploads\/2026\/08\/6a91829f93d06.r_d.879-715-9230.jpeg.webp\"><img loading=\"lazy\" decoding=\"async\" class=\"alignnone size-full wp-image-224859\" src=\"https:\/\/potenciaradiofonicadominicana.com\/portal\/wp-content\/uploads\/2026\/08\/6a91829f93d06.r_d.879-715-9230.jpeg.webp\" alt=\"\" width=\"1200\" height=\"675\" srcset=\"https:\/\/potenciaradiofonicadominicana.com\/portal\/wp-content\/uploads\/2026\/08\/6a91829f93d06.r_d.879-715-9230.jpeg.webp 1200w, https:\/\/potenciaradiofonicadominicana.com\/portal\/wp-content\/uploads\/2026\/08\/6a91829f93d06.r_d.879-715-9230.jpeg-300x169.webp 300w, https:\/\/potenciaradiofonicadominicana.com\/portal\/wp-content\/uploads\/2026\/08\/6a91829f93d06.r_d.879-715-9230.jpeg-1024x576.webp 1024w, https:\/\/potenciaradiofonicadominicana.com\/portal\/wp-content\/uploads\/2026\/08\/6a91829f93d06.r_d.879-715-9230.jpeg-768x432.webp 768w\" sizes=\"auto, (max-width: 1200px) 100vw, 1200px\" \/><\/a><\/p>\n<p>La Comisi\u00f3n Clasificadora de Riesgos y L\u00edmites de Inversi\u00f3n aclar\u00f3 informaciones y comentarios difundidos recientemente sobre la utilizaci\u00f3n, inversi\u00f3n y rentabilidad de los recursos de los fondos de pensiones en Rep\u00fablica Dominicana.<\/p>\n<p>En un comunicado, la entidad explic\u00f3 que la decisi\u00f3n de invertir los fondos no descansa en un solo actor y que el sistema opera bajo un esquema de evaluaci\u00f3n, l\u00edmites, supervisi\u00f3n y toma de decisiones diferenciada.<\/p>\n<p>La CCRyLI fue creada por la Ley 87-01 como un \u00f3rgano colegiado responsable de determinar las alternativas de inversi\u00f3n elegibles para los fondos de pensiones, propiciar la diversificaci\u00f3n de las inversiones y establecer los l\u00edmites m\u00e1ximos aplicables.<\/p>\n<p>Claves<\/p>\n<p>La CCRyLI aclar\u00f3 informaciones sobre la utilizaci\u00f3n, inversi\u00f3n y rentabilidad de los fondos de pensiones.<br \/>\nLa aprobaci\u00f3n de un instrumento financiero no obliga a las AFP a invertir en \u00e9l.<br \/>\nLos fondos pertenecen exclusivamente a los afiliados, no a las AFP.<br \/>\nQui\u00e9nes integran la Comisi\u00f3n<br \/>\nLa Comisi\u00f3n est\u00e1 compuesta por representantes de las principales autoridades de regulaci\u00f3n y supervisi\u00f3n financiera del pa\u00eds, as\u00ed como por un representante t\u00e9cnico de los afiliados.<\/p>\n<p>Las instituciones representadas son el Banco Central de la Rep\u00fablica Dominicana, la Superintendencia de Bancos, la Superintendencia del Mercado de Valores, la Superintendencia de Seguros y la Superintendencia de Pensiones, que preside el organismo.<\/p>\n<p>Esa composici\u00f3n busca que las decisiones sobre instrumentos elegibles no dependan de una sola instituci\u00f3n, sino de un \u00f3rgano t\u00e9cnico con participaci\u00f3n de los reguladores financieros m\u00e1s importantes del pa\u00eds.<\/p>\n<p>Dos niveles de decisi\u00f3n<br \/>\nLa CCRyLI explic\u00f3 que el proceso funciona en dos niveles claramente diferenciados.<\/p>\n<p>Primero, la Comisi\u00f3n eval\u00faa y determina cu\u00e1les instrumentos financieros cumplen con los requisitos para ser considerados alternativas de inversi\u00f3n para los fondos de pensiones.<\/p>\n<p>Luego, dentro de ese universo de instrumentos elegibles, cada AFP eval\u00faa y decide en cu\u00e1les invertir, de acuerdo con su estrategia de inversi\u00f3n y siempre dentro de los l\u00edmites y condiciones establecidos por la normativa.<\/p>\n<p>Por eso, la aprobaci\u00f3n de un instrumento por parte de la Comisi\u00f3n no constituye una orden ni una obligaci\u00f3n para que las AFP inviertan en \u00e9l.<\/p>\n<p>Los fondos pertenecen a los afiliados<br \/>\nUno de los puntos centrales del comunicado es la propiedad de los recursos.<\/p>\n<p>La CCRyLI precis\u00f3 que los fondos de pensiones pertenecen exclusivamente a los afiliados. Las AFP no son propietarias de esos recursos ni pueden disponer de ellos libremente.<\/p>\n<p>La inversi\u00f3n de los fondos constituye un componente esencial del sistema de capitalizaci\u00f3n individual, porque permite que los aportes acumulados generen rendimientos durante la vida laboral del afiliado.<\/p>\n<p>Esto significa que el objetivo de invertir no es sacar el dinero del patrimonio del trabajador, sino buscar que sus aportes crezcan mediante instrumentos autorizados y supervisados.<\/p>\n<p>Qu\u00e9 ocurre cuando se invierte<br \/>\nLa Comisi\u00f3n explic\u00f3 que cuando un fondo de pensiones adquiere bonos del Estado, bonos corporativos, acciones de oferta p\u00fablica, valores de fideicomisos de oferta p\u00fablica, cuotas de fondos de inversi\u00f3n u otros instrumentos autorizados, los recursos no desaparecen del patrimonio de los afiliados ni pasan a ser propiedad de la empresa emisora.<\/p>\n<p>Lo que ocurre es que el fondo adquiere un activo financiero que pasa a formar parte de su patrimonio y que puede generar intereses, dividendos, ganancias de capital u otros rendimientos, seg\u00fan la naturaleza del instrumento.<\/p>\n<p>Para el fondo de pensiones, ese t\u00edtulo queda sujeto a requisitos de elegibilidad, evaluaci\u00f3n de riesgo del emisor y del instrumento, l\u00edmites de inversi\u00f3n, valoraci\u00f3n y supervisi\u00f3n durante toda la vigencia del instrumento financiero.<\/p>\n<p>Requisitos antes de recibir recursos<br \/>\nLa CCRyLI aclar\u00f3 que la elegibilidad de un instrumento financiero no se produce de manera autom\u00e1tica.<\/p>\n<p>El proceso contempla requisitos m\u00ednimos relacionados con calidad crediticia, transparencia de los mercados donde se transan los instrumentos y aprobaci\u00f3n correspondiente de la Comisi\u00f3n Clasificadora.<\/p>\n<p>Dependiendo de la naturaleza del instrumento, tambi\u00e9n se consideran elementos como situaci\u00f3n financiera del emisor, solvencia, liquidez, estados financieros auditados, caracter\u00edsticas de la emisi\u00f3n, garant\u00edas, capacidad de generaci\u00f3n de flujos, cumplimiento regulatorio y disponibilidad de informaci\u00f3n suficiente para su evaluaci\u00f3n.<\/p>\n<p>La clasificaci\u00f3n de riesgo es uno de los principales elementos del proceso y debe ser emitida por sociedades calificadoras debidamente autorizadas.<\/p>\n<p>Supervisi\u00f3n permanente<br \/>\nLa supervisi\u00f3n no termina cuando un instrumento es aprobado.<\/p>\n<p>Los emisores y administradores correspondientes deben mantener actualizada la informaci\u00f3n requerida, incluyendo clasificaciones de riesgo, estados financieros y cualquier hecho o modificaci\u00f3n relevante que pueda afectar las condiciones bajo las cuales el instrumento fue aprobado.<\/p>\n<p>Esto permite realizar un seguimiento continuo y no solo una evaluaci\u00f3n puntual al momento de la aprobaci\u00f3n.<\/p>\n<p>Diversificaci\u00f3n y rentabilidad<br \/>\nLa Comisi\u00f3n tambi\u00e9n defendi\u00f3 la diversificaci\u00f3n como mecanismo para reducir riesgos y ampliar oportunidades de rentabilidad.<\/p>\n<p>A medida que el Sistema Dominicano de Pensiones y el mercado de valores han evolucionado, tambi\u00e9n se ha ampliado el universo de instrumentos disponibles para la inversi\u00f3n de los fondos.<\/p>\n<p>A los instrumentos tradicionales emitidos por el Estado y por entidades del sector financiero se han sumado valores corporativos, acciones de oferta p\u00fablica, fondos de inversi\u00f3n, fideicomisos de oferta p\u00fablica y otros instrumentos vinculados al sector real de la econom\u00eda.<\/p>\n<p>Derecho de los afiliados<br \/>\nLa CCRyLI reconoci\u00f3 el derecho de los afiliados a conocer, consultar y dar seguimiento a sus cuentas, como parte de una mayor comprensi\u00f3n y transparencia del Sistema Dominicano de Pensiones.<\/p>\n<p>La Comisi\u00f3n afirm\u00f3 que continuar\u00e1 ejerciendo las atribuciones que le confiere la Ley 87-01 y sus normas complementarias con rigor t\u00e9cnico, transparencia y apego a la protecci\u00f3n de los recursos previsionales de los trabajadores dominicanos.<\/p>\n<p>El mensaje central del comunicado es que las inversiones de los fondos de pensiones operan dentro de un marco regulado: la Comisi\u00f3n define instrumentos elegibles, las AFP deciden dentro de esos l\u00edmites y los recursos siguen perteneciendo a los afiliados.<\/p>\n","protected":false},"excerpt":{"rendered":"<p>La Comisi\u00f3n Clasificadora de Riesgos y L\u00edmites de Inversi\u00f3n aclar\u00f3 informaciones y comentarios difundidos recientemente sobre la utilizaci\u00f3n, inversi\u00f3n y &#8230;<\/p>\n","protected":false},"author":2,"featured_media":224859,"comment_status":"closed","ping_status":"closed","sticky":false,"template":"","format":"standard","meta":{"footnotes":""},"categories":[26],"tags":[],"class_list":["post-224858","post","type-post","status-publish","format-standard","has-post-thumbnail","hentry","category-economia"],"yoast_head":"<!-- This site is optimized with the Yoast SEO plugin v24.8.1 - https:\/\/yoast.com\/wordpress\/plugins\/seo\/ -->\n<title>AFP no son due\u00f1as de los fondos de pensiones, aclara comisi\u00f3n reguladora - PotenciaRadiofonicaDominicana.com<\/title>\n<meta name=\"robots\" content=\"index, follow, max-snippet:-1, max-image-preview:large, max-video-preview:-1\" \/>\n<link rel=\"canonical\" href=\"https:\/\/potenciaradiofonicadominicana.com\/portal\/afp-no-son-duenas-de-los-fondos-de-pensiones-aclara-comision-reguladora\/\" \/>\n<meta property=\"og:locale\" content=\"es_ES\" \/>\n<meta property=\"og:type\" content=\"article\" \/>\n<meta property=\"og:title\" content=\"AFP no son due\u00f1as de los fondos de pensiones, aclara comisi\u00f3n reguladora - PotenciaRadiofonicaDominicana.com\" \/>\n<meta property=\"og:description\" content=\"La Comisi\u00f3n Clasificadora de Riesgos y L\u00edmites de Inversi\u00f3n aclar\u00f3 informaciones y comentarios difundidos recientemente sobre la utilizaci\u00f3n, inversi\u00f3n y ...\" \/>\n<meta property=\"og:url\" content=\"https:\/\/potenciaradiofonicadominicana.com\/portal\/afp-no-son-duenas-de-los-fondos-de-pensiones-aclara-comision-reguladora\/\" \/>\n<meta property=\"og:site_name\" content=\"PotenciaRadiofonicaDominicana.com\" \/>\n<meta property=\"article:publisher\" content=\"https:\/\/web.facebook.com\/PotenciaRadiofonicaD\" \/>\n<meta property=\"article:published_time\" content=\"2026-08-30T21:29:06+00:00\" \/>\n<meta property=\"og:image\" content=\"https:\/\/potenciaradiofonicadominicana.com\/portal\/wp-content\/uploads\/2026\/08\/6a91829f93d06.r_d.879-715-9230.jpeg.webp\" \/>\n\t<meta property=\"og:image:width\" content=\"1200\" \/>\n\t<meta property=\"og:image:height\" content=\"675\" \/>\n\t<meta property=\"og:image:type\" content=\"image\/webp\" \/>\n<meta name=\"author\" content=\"Potencia Radiof\u00f3nica Dominicana\" \/>\n<meta name=\"twitter:card\" content=\"summary_large_image\" \/>\n<meta name=\"twitter:label1\" content=\"Escrito por\" \/>\n\t<meta name=\"twitter:data1\" content=\"Potencia Radiof\u00f3nica Dominicana\" \/>\n\t<meta name=\"twitter:label2\" content=\"Tiempo de lectura\" \/>\n\t<meta name=\"twitter:data2\" content=\"5 minutos\" \/>\n<script type=\"application\/ld+json\" class=\"yoast-schema-graph\">{\"@context\":\"https:\/\/schema.org\",\"@graph\":[{\"@type\":\"Article\",\"@id\":\"https:\/\/potenciaradiofonicadominicana.com\/portal\/afp-no-son-duenas-de-los-fondos-de-pensiones-aclara-comision-reguladora\/#article\",\"isPartOf\":{\"@id\":\"https:\/\/potenciaradiofonicadominicana.com\/portal\/afp-no-son-duenas-de-los-fondos-de-pensiones-aclara-comision-reguladora\/\"},\"author\":{\"name\":\"Potencia Radiof\u00f3nica Dominicana\",\"@id\":\"https:\/\/potenciaradiofonicadominicana.com\/portal\/#\/schema\/person\/a5cf1fea13877803ee0573ac18b03490\"},\"headline\":\"AFP no son due\u00f1as de los fondos de pensiones, aclara comisi\u00f3n reguladora\",\"datePublished\":\"2026-08-30T21:29:06+00:00\",\"mainEntityOfPage\":{\"@id\":\"https:\/\/potenciaradiofonicadominicana.com\/portal\/afp-no-son-duenas-de-los-fondos-de-pensiones-aclara-comision-reguladora\/\"},\"wordCount\":1043,\"publisher\":{\"@id\":\"https:\/\/potenciaradiofonicadominicana.com\/portal\/#organization\"},\"image\":{\"@id\":\"https:\/\/potenciaradiofonicadominicana.com\/portal\/afp-no-son-duenas-de-los-fondos-de-pensiones-aclara-comision-reguladora\/#primaryimage\"},\"thumbnailUrl\":\"https:\/\/potenciaradiofonicadominicana.com\/portal\/wp-content\/uploads\/2026\/08\/6a91829f93d06.r_d.879-715-9230.jpeg.webp\",\"articleSection\":[\"Econom\u00eda\"],\"inLanguage\":\"es\"},{\"@type\":\"WebPage\",\"@id\":\"https:\/\/potenciaradiofonicadominicana.com\/portal\/afp-no-son-duenas-de-los-fondos-de-pensiones-aclara-comision-reguladora\/\",\"url\":\"https:\/\/potenciaradiofonicadominicana.com\/portal\/afp-no-son-duenas-de-los-fondos-de-pensiones-aclara-comision-reguladora\/\",\"name\":\"AFP no son due\u00f1as de los fondos de pensiones, aclara comisi\u00f3n reguladora - PotenciaRadiofonicaDominicana.com\",\"isPartOf\":{\"@id\":\"https:\/\/potenciaradiofonicadominicana.com\/portal\/#website\"},\"primaryImageOfPage\":{\"@id\":\"https:\/\/potenciaradiofonicadominicana.com\/portal\/afp-no-son-duenas-de-los-fondos-de-pensiones-aclara-comision-reguladora\/#primaryimage\"},\"image\":{\"@id\":\"https:\/\/potenciaradiofonicadominicana.com\/portal\/afp-no-son-duenas-de-los-fondos-de-pensiones-aclara-comision-reguladora\/#primaryimage\"},\"thumbnailUrl\":\"https:\/\/potenciaradiofonicadominicana.com\/portal\/wp-content\/uploads\/2026\/08\/6a91829f93d06.r_d.879-715-9230.jpeg.webp\",\"datePublished\":\"2026-08-30T21:29:06+00:00\",\"breadcrumb\":{\"@id\":\"https:\/\/potenciaradiofonicadominicana.com\/portal\/afp-no-son-duenas-de-los-fondos-de-pensiones-aclara-comision-reguladora\/#breadcrumb\"},\"inLanguage\":\"es\",\"potentialAction\":[{\"@type\":\"ReadAction\",\"target\":[\"https:\/\/potenciaradiofonicadominicana.com\/portal\/afp-no-son-duenas-de-los-fondos-de-pensiones-aclara-comision-reguladora\/\"]}]},{\"@type\":\"ImageObject\",\"inLanguage\":\"es\",\"@id\":\"https:\/\/potenciaradiofonicadominicana.com\/portal\/afp-no-son-duenas-de-los-fondos-de-pensiones-aclara-comision-reguladora\/#primaryimage\",\"url\":\"https:\/\/potenciaradiofonicadominicana.com\/portal\/wp-content\/uploads\/2026\/08\/6a91829f93d06.r_d.879-715-9230.jpeg.webp\",\"contentUrl\":\"https:\/\/potenciaradiofonicadominicana.com\/portal\/wp-content\/uploads\/2026\/08\/6a91829f93d06.r_d.879-715-9230.jpeg.webp\",\"width\":1200,\"height\":675},{\"@type\":\"BreadcrumbList\",\"@id\":\"https:\/\/potenciaradiofonicadominicana.com\/portal\/afp-no-son-duenas-de-los-fondos-de-pensiones-aclara-comision-reguladora\/#breadcrumb\",\"itemListElement\":[{\"@type\":\"ListItem\",\"position\":1,\"name\":\"Portada\",\"item\":\"https:\/\/potenciaradiofonicadominicana.com\/portal\/\"},{\"@type\":\"ListItem\",\"position\":2,\"name\":\"AFP no son due\u00f1as de los fondos de pensiones, aclara comisi\u00f3n reguladora\"}]},{\"@type\":\"WebSite\",\"@id\":\"https:\/\/potenciaradiofonicadominicana.com\/portal\/#website\",\"url\":\"https:\/\/potenciaradiofonicadominicana.com\/portal\/\",\"name\":\"PotenciaRadiofonicaDominicana.com\",\"description\":\"Peri\u00f3dico Digital\",\"publisher\":{\"@id\":\"https:\/\/potenciaradiofonicadominicana.com\/portal\/#organization\"},\"potentialAction\":[{\"@type\":\"SearchAction\",\"target\":{\"@type\":\"EntryPoint\",\"urlTemplate\":\"https:\/\/potenciaradiofonicadominicana.com\/portal\/?s={search_term_string}\"},\"query-input\":{\"@type\":\"PropertyValueSpecification\",\"valueRequired\":true,\"valueName\":\"search_term_string\"}}],\"inLanguage\":\"es\"},{\"@type\":\"Organization\",\"@id\":\"https:\/\/potenciaradiofonicadominicana.com\/portal\/#organization\",\"name\":\"PotenciaRadiofonicaDominicana.com\",\"url\":\"https:\/\/potenciaradiofonicadominicana.com\/portal\/\",\"logo\":{\"@type\":\"ImageObject\",\"inLanguage\":\"es\",\"@id\":\"https:\/\/potenciaradiofonicadominicana.com\/portal\/#\/schema\/logo\/image\/\",\"url\":\"https:\/\/potenciaradiofonicadominicana.com\/portal\/wp-content\/uploads\/2022\/01\/descarga.png\",\"contentUrl\":\"https:\/\/potenciaradiofonicadominicana.com\/portal\/wp-content\/uploads\/2022\/01\/descarga.png\",\"width\":300,\"height\":100,\"caption\":\"PotenciaRadiofonicaDominicana.com\"},\"image\":{\"@id\":\"https:\/\/potenciaradiofonicadominicana.com\/portal\/#\/schema\/logo\/image\/\"},\"sameAs\":[\"https:\/\/web.facebook.com\/PotenciaRadiofonicaD\"]},{\"@type\":\"Person\",\"@id\":\"https:\/\/potenciaradiofonicadominicana.com\/portal\/#\/schema\/person\/a5cf1fea13877803ee0573ac18b03490\",\"name\":\"Potencia Radiof\u00f3nica Dominicana\",\"image\":{\"@type\":\"ImageObject\",\"inLanguage\":\"es\",\"@id\":\"https:\/\/potenciaradiofonicadominicana.com\/portal\/#\/schema\/person\/image\/\",\"url\":\"https:\/\/secure.gravatar.com\/avatar\/42a55ab9e8ccc656ba34cd791990602a?s=96&d=mm&r=g\",\"contentUrl\":\"https:\/\/secure.gravatar.com\/avatar\/42a55ab9e8ccc656ba34cd791990602a?s=96&d=mm&r=g\",\"caption\":\"Potencia Radiof\u00f3nica Dominicana\"},\"url\":\"https:\/\/potenciaradiofonicadominicana.com\/portal\/author\/johannyalmanzar\/\"}]}<\/script>\n<!-- \/ Yoast SEO plugin. -->","yoast_head_json":{"title":"AFP no son due\u00f1as de los fondos de pensiones, aclara comisi\u00f3n reguladora - PotenciaRadiofonicaDominicana.com","robots":{"index":"index","follow":"follow","max-snippet":"max-snippet:-1","max-image-preview":"max-image-preview:large","max-video-preview":"max-video-preview:-1"},"canonical":"https:\/\/potenciaradiofonicadominicana.com\/portal\/afp-no-son-duenas-de-los-fondos-de-pensiones-aclara-comision-reguladora\/","og_locale":"es_ES","og_type":"article","og_title":"AFP no son due\u00f1as de los fondos de pensiones, aclara comisi\u00f3n reguladora - PotenciaRadiofonicaDominicana.com","og_description":"La Comisi\u00f3n Clasificadora de Riesgos y L\u00edmites de Inversi\u00f3n aclar\u00f3 informaciones y comentarios difundidos recientemente sobre la utilizaci\u00f3n, inversi\u00f3n y ...","og_url":"https:\/\/potenciaradiofonicadominicana.com\/portal\/afp-no-son-duenas-de-los-fondos-de-pensiones-aclara-comision-reguladora\/","og_site_name":"PotenciaRadiofonicaDominicana.com","article_publisher":"https:\/\/web.facebook.com\/PotenciaRadiofonicaD","article_published_time":"2026-08-30T21:29:06+00:00","og_image":[{"width":1200,"height":675,"url":"https:\/\/potenciaradiofonicadominicana.com\/portal\/wp-content\/uploads\/2026\/08\/6a91829f93d06.r_d.879-715-9230.jpeg.webp","type":"image\/webp"}],"author":"Potencia Radiof\u00f3nica Dominicana","twitter_card":"summary_large_image","twitter_misc":{"Escrito por":"Potencia Radiof\u00f3nica Dominicana","Tiempo de lectura":"5 minutos"},"schema":{"@context":"https:\/\/schema.org","@graph":[{"@type":"Article","@id":"https:\/\/potenciaradiofonicadominicana.com\/portal\/afp-no-son-duenas-de-los-fondos-de-pensiones-aclara-comision-reguladora\/#article","isPartOf":{"@id":"https:\/\/potenciaradiofonicadominicana.com\/portal\/afp-no-son-duenas-de-los-fondos-de-pensiones-aclara-comision-reguladora\/"},"author":{"name":"Potencia Radiof\u00f3nica Dominicana","@id":"https:\/\/potenciaradiofonicadominicana.com\/portal\/#\/schema\/person\/a5cf1fea13877803ee0573ac18b03490"},"headline":"AFP no son due\u00f1as de los fondos de pensiones, aclara comisi\u00f3n reguladora","datePublished":"2026-08-30T21:29:06+00:00","mainEntityOfPage":{"@id":"https:\/\/potenciaradiofonicadominicana.com\/portal\/afp-no-son-duenas-de-los-fondos-de-pensiones-aclara-comision-reguladora\/"},"wordCount":1043,"publisher":{"@id":"https:\/\/potenciaradiofonicadominicana.com\/portal\/#organization"},"image":{"@id":"https:\/\/potenciaradiofonicadominicana.com\/portal\/afp-no-son-duenas-de-los-fondos-de-pensiones-aclara-comision-reguladora\/#primaryimage"},"thumbnailUrl":"https:\/\/potenciaradiofonicadominicana.com\/portal\/wp-content\/uploads\/2026\/08\/6a91829f93d06.r_d.879-715-9230.jpeg.webp","articleSection":["Econom\u00eda"],"inLanguage":"es"},{"@type":"WebPage","@id":"https:\/\/potenciaradiofonicadominicana.com\/portal\/afp-no-son-duenas-de-los-fondos-de-pensiones-aclara-comision-reguladora\/","url":"https:\/\/potenciaradiofonicadominicana.com\/portal\/afp-no-son-duenas-de-los-fondos-de-pensiones-aclara-comision-reguladora\/","name":"AFP no son due\u00f1as de los fondos de pensiones, aclara comisi\u00f3n reguladora - PotenciaRadiofonicaDominicana.com","isPartOf":{"@id":"https:\/\/potenciaradiofonicadominicana.com\/portal\/#website"},"primaryImageOfPage":{"@id":"https:\/\/potenciaradiofonicadominicana.com\/portal\/afp-no-son-duenas-de-los-fondos-de-pensiones-aclara-comision-reguladora\/#primaryimage"},"image":{"@id":"https:\/\/potenciaradiofonicadominicana.com\/portal\/afp-no-son-duenas-de-los-fondos-de-pensiones-aclara-comision-reguladora\/#primaryimage"},"thumbnailUrl":"https:\/\/potenciaradiofonicadominicana.com\/portal\/wp-content\/uploads\/2026\/08\/6a91829f93d06.r_d.879-715-9230.jpeg.webp","datePublished":"2026-08-30T21:29:06+00:00","breadcrumb":{"@id":"https:\/\/potenciaradiofonicadominicana.com\/portal\/afp-no-son-duenas-de-los-fondos-de-pensiones-aclara-comision-reguladora\/#breadcrumb"},"inLanguage":"es","potentialAction":[{"@type":"ReadAction","target":["https:\/\/potenciaradiofonicadominicana.com\/portal\/afp-no-son-duenas-de-los-fondos-de-pensiones-aclara-comision-reguladora\/"]}]},{"@type":"ImageObject","inLanguage":"es","@id":"https:\/\/potenciaradiofonicadominicana.com\/portal\/afp-no-son-duenas-de-los-fondos-de-pensiones-aclara-comision-reguladora\/#primaryimage","url":"https:\/\/potenciaradiofonicadominicana.com\/portal\/wp-content\/uploads\/2026\/08\/6a91829f93d06.r_d.879-715-9230.jpeg.webp","contentUrl":"https:\/\/potenciaradiofonicadominicana.com\/portal\/wp-content\/uploads\/2026\/08\/6a91829f93d06.r_d.879-715-9230.jpeg.webp","width":1200,"height":675},{"@type":"BreadcrumbList","@id":"https:\/\/potenciaradiofonicadominicana.com\/portal\/afp-no-son-duenas-de-los-fondos-de-pensiones-aclara-comision-reguladora\/#breadcrumb","itemListElement":[{"@type":"ListItem","position":1,"name":"Portada","item":"https:\/\/potenciaradiofonicadominicana.com\/portal\/"},{"@type":"ListItem","position":2,"name":"AFP no son due\u00f1as de los fondos de pensiones, aclara comisi\u00f3n reguladora"}]},{"@type":"WebSite","@id":"https:\/\/potenciaradiofonicadominicana.com\/portal\/#website","url":"https:\/\/potenciaradiofonicadominicana.com\/portal\/","name":"PotenciaRadiofonicaDominicana.com","description":"Peri\u00f3dico Digital","publisher":{"@id":"https:\/\/potenciaradiofonicadominicana.com\/portal\/#organization"},"potentialAction":[{"@type":"SearchAction","target":{"@type":"EntryPoint","urlTemplate":"https:\/\/potenciaradiofonicadominicana.com\/portal\/?s={search_term_string}"},"query-input":{"@type":"PropertyValueSpecification","valueRequired":true,"valueName":"search_term_string"}}],"inLanguage":"es"},{"@type":"Organization","@id":"https:\/\/potenciaradiofonicadominicana.com\/portal\/#organization","name":"PotenciaRadiofonicaDominicana.com","url":"https:\/\/potenciaradiofonicadominicana.com\/portal\/","logo":{"@type":"ImageObject","inLanguage":"es","@id":"https:\/\/potenciaradiofonicadominicana.com\/portal\/#\/schema\/logo\/image\/","url":"https:\/\/potenciaradiofonicadominicana.com\/portal\/wp-content\/uploads\/2022\/01\/descarga.png","contentUrl":"https:\/\/potenciaradiofonicadominicana.com\/portal\/wp-content\/uploads\/2022\/01\/descarga.png","width":300,"height":100,"caption":"PotenciaRadiofonicaDominicana.com"},"image":{"@id":"https:\/\/potenciaradiofonicadominicana.com\/portal\/#\/schema\/logo\/image\/"},"sameAs":["https:\/\/web.facebook.com\/PotenciaRadiofonicaD"]},{"@type":"Person","@id":"https:\/\/potenciaradiofonicadominicana.com\/portal\/#\/schema\/person\/a5cf1fea13877803ee0573ac18b03490","name":"Potencia Radiof\u00f3nica Dominicana","image":{"@type":"ImageObject","inLanguage":"es","@id":"https:\/\/potenciaradiofonicadominicana.com\/portal\/#\/schema\/person\/image\/","url":"https:\/\/secure.gravatar.com\/avatar\/42a55ab9e8ccc656ba34cd791990602a?s=96&d=mm&r=g","contentUrl":"https:\/\/secure.gravatar.com\/avatar\/42a55ab9e8ccc656ba34cd791990602a?s=96&d=mm&r=g","caption":"Potencia Radiof\u00f3nica Dominicana"},"url":"https:\/\/potenciaradiofonicadominicana.com\/portal\/author\/johannyalmanzar\/"}]}},"_links":{"self":[{"href":"https:\/\/potenciaradiofonicadominicana.com\/portal\/wp-json\/wp\/v2\/posts\/224858","targetHints":{"allow":["GET"]}}],"collection":[{"href":"https:\/\/potenciaradiofonicadominicana.com\/portal\/wp-json\/wp\/v2\/posts"}],"about":[{"href":"https:\/\/potenciaradiofonicadominicana.com\/portal\/wp-json\/wp\/v2\/types\/post"}],"author":[{"embeddable":true,"href":"https:\/\/potenciaradiofonicadominicana.com\/portal\/wp-json\/wp\/v2\/users\/2"}],"replies":[{"embeddable":true,"href":"https:\/\/potenciaradiofonicadominicana.com\/portal\/wp-json\/wp\/v2\/comments?post=224858"}],"version-history":[{"count":1,"href":"https:\/\/potenciaradiofonicadominicana.com\/portal\/wp-json\/wp\/v2\/posts\/224858\/revisions"}],"predecessor-version":[{"id":224860,"href":"https:\/\/potenciaradiofonicadominicana.com\/portal\/wp-json\/wp\/v2\/posts\/224858\/revisions\/224860"}],"wp:featuredmedia":[{"embeddable":true,"href":"https:\/\/potenciaradiofonicadominicana.com\/portal\/wp-json\/wp\/v2\/media\/224859"}],"wp:attachment":[{"href":"https:\/\/potenciaradiofonicadominicana.com\/portal\/wp-json\/wp\/v2\/media?parent=224858"}],"wp:term":[{"taxonomy":"category","embeddable":true,"href":"https:\/\/potenciaradiofonicadominicana.com\/portal\/wp-json\/wp\/v2\/categories?post=224858"},{"taxonomy":"post_tag","embeddable":true,"href":"https:\/\/potenciaradiofonicadominicana.com\/portal\/wp-json\/wp\/v2\/tags?post=224858"}],"curies":[{"name":"wp","href":"https:\/\/api.w.org\/{rel}","templated":true}]}}